{"id":134944,"date":"2026-09-05T11:06:05","date_gmt":"2026-09-05T17:06:05","guid":{"rendered":"https:\/\/pueblaenlinea.com\/2025\/?p=134944"},"modified":"2026-09-05T11:06:06","modified_gmt":"2026-09-05T17:06:06","slug":"alcohol-y-fuego-ebrio-prende-fuego-a-su-propia-moto-y-dana-autos-en-cuautlancingo","status":"publish","type":"post","link":"https:\/\/pueblaenlinea.com\/2025\/municipios\/alcohol-y-fuego-ebrio-prende-fuego-a-su-propia-moto-y-dana-autos-en-cuautlancingo\/","title":{"rendered":"\u00bfAlcohol y fuego? Ebrio prende fuego a su propia moto y da\u00f1a autos en Cuautlancingo"},"content":{"rendered":"\n<p class=\"wp-block-paragraph\">Cuando la irresponsabilidad y el alcohol se mezclan sin freno en la intimidad de la madrugada, los estragos no tardan en golpear la puerta de los vecinos. Lo que comenz\u00f3 como un arranque absurdo al interior de un domicilio en Cuautlancingo termin\u00f3 convirti\u00e9ndose en una emergencia que puso en zozobra a todo un fraccionamiento.<\/p>\n\n\n\n<p class=\"wp-block-paragraph\">Eran las primeras horas de este s\u00e1bado cuando la tranquilidad de Hacienda La Escondida, en la zona de Sanctorum, se quebr\u00f3 entre columnas de humo y el olor a gasolina quemada. Un hombre, en evidente estado de ebriedad, decidi\u00f3 prenderle fuego a su propia motocicleta, provocando una reacci\u00f3n en cadena que desat\u00f3 el p\u00e1nico colectivo.<\/p>\n\n\n\n<p class=\"wp-block-paragraph\"><strong>Puntos clave del siniestro en Cuautlancingo<\/strong><\/p>\n\n\n\n<ul class=\"wp-block-list\">\n<li><strong>El escenario:<\/strong> Fraccionamiento Hacienda La Escondida, localidad de Sanctorum, en el municipio de Cuautlancingo.<\/li>\n\n\n\n<li><strong>El responsable:<\/strong> Un sujeto en presunto estado de ebriedad que roci\u00f3 y prendi\u00f3 fuego deliberadamente a su propia motocicleta.<\/li>\n\n\n\n<li><strong>El da\u00f1o colateral:<\/strong> Las llamas se extendieron r\u00e1pidamente, alcanzando la carrocer\u00eda de otros veh\u00edculos estacionados a su costado y obligando a los colonos a mover sus unidades de emergencia.<\/li>\n\n\n\n<li><strong>La respuesta de auxilio:<\/strong> Vecinos alertaron a los servicios de emergencia, movilizando de inmediato a elementos del Heroico Cuerpo de Bomberos del municipio.<\/li>\n\n\n\n<li><strong>El saldo:<\/strong> P\u00e9rdida total de la motocicleta iniciadora y da\u00f1os materiales parciales en autom\u00f3viles cercanos, sin reporte de personas lesionadas.<\/li>\n<\/ul>\n\n\n\n<p class=\"wp-block-paragraph\">En cuesti\u00f3n de minutos, el fuego que brotaba del veh\u00edculo ligero comenz\u00f3 a escalar en intensidad, amenazando con propagarse hacia las fachadas y los dem\u00e1s autom\u00f3viles de la zona residencial. Ante el inminente peligro, los propios habitantes tuvieron que actuar con rapidez para poner a salvo sus patrimonios mientras esperaban el arribo de las corporaciones de rescate.<\/p>\n\n\n\n<p class=\"wp-block-paragraph\">La oportuna intervenci\u00f3n de los bomberos municipales evit\u00f3 que la imprudencia escalara hasta convertirse en una tragedia de proporciones mayores, logrando sofocar las llamas tras intensas labores de enfriamiento y control del per\u00edmetro.<\/p>\n\n\n\n<p class=\"wp-block-paragraph\">Si quieres seguir esta y otras notas de inter\u00e9s en tiempo real, \u00fanete a nuestro canal de WhatsApp: <a target=\"_blank\" rel=\"noopener\" href=\"https:\/\/whatsapp.com\/channel\/0029Va5CSyuEQIalZaJWpX1h\">https:\/\/whatsapp.com\/channel\/0029Va5CSyuEQIalZaJWpX1h<\/a><\/p>\n\n\n\n<p class=\"wp-block-paragraph\">El vandalismo dom\u00e9stico y la locura et\u00edlica no pueden seguir cobr\u00e1ndose la tranquilidad de las comunidades. Un arrebato bajo los efectos del alcohol demuestra que la negligencia individual es, a menudo, la amenaza m\u00e1s impredecible que enfrentamos al convivir en espacios residenciales.<\/p>\n\n\n\n<p class=\"wp-block-paragraph\">Escrito por Redacci\u00f3n Puebla En L\u00ednea<\/p>\n\n\n\n<p class=\"wp-block-paragraph\"><strong> <\/strong><\/p>\n\n\n\n<ol start=\"1\" class=\"wp-block-list\">\n<li>\u00bfAlcohol y fuego? Ebrio prende fuego a su propia moto y da\u00f1a autos en Cuautlancingo<\/li>\n\n\n\n<li>P\u00e1nico en Sanctorum: Incendio provocado por motociclista ebrio moviliza a bomberos<\/li>\n\n\n\n<li>De la borrachera al desastre: Sujeto quema su moto y pone en jaque a vecinos de Cuautlancingo<\/li>\n\n\n\n<li>Emergencia nocturna en Hacienda La Escondida: Da\u00f1os materiales tras acto de irresponsabilidad<\/li>\n\n\n\n<li>Bomberos evitan tragedia: Motocicleta termina calcinada tras arder en llamas en Puebla<\/li>\n<\/ol>\n\n\n\n<p class=\"wp-block-paragraph\"><strong> <\/strong> incendio moto Cuautlancingo, Sanctorum Cuautlancingo, bomberos Puebla, Hacienda La Escondida, notas rojas Puebla, noticias Puebla hoy, irresponsabilidad Cuautlancingo, seguridad Cuautlancingo<\/p>\n","protected":false},"excerpt":{"rendered":"<p>Cuando la irresponsabilidad y el alcohol se mezclan sin freno en la intimidad de la madrugada, los estragos no tardan en golpear la puerta de los vecinos. Lo que comenz\u00f3 como un arranque absurdo al interior de un domicilio en Cuautlancingo termin\u00f3 convirti\u00e9ndose en una emergencia que puso en zozobra a todo un fraccionamiento. Eran&#8230;<\/p>\n","protected":false},"author":2,"featured_media":134945,"comment_status":"closed","ping_status":"closed","sticky":false,"template":"","format":"standard","meta":{"footnotes":""},"categories":[4],"tags":[1396],"class_list":["post-134944","post","type-post","status-publish","format-standard","has-post-thumbnail","hentry","category-municipios","tag-virales"],"yoast_head":"<!-- This site is optimized with the Yoast SEO plugin v28.4 - https:\/\/yoast.com\/product\/yoast-seo-wordpress\/ -->\n<title>\u00bfAlcohol y fuego? Ebrio prende fuego a su propia moto y da\u00f1a autos en Cuautlancingo - Puebla En Linea<\/title>\n<meta name=\"description\" content=\"\u00bfAlcohol y fuego? Ebrio prende fuego a su propia moto y da\u00f1a autos en Cuautlancingo Municipios\" \/>\n<meta name=\"robots\" content=\"index, follow, max-snippet:-1, max-image-preview:large, max-video-preview:-1\" \/>\n<link rel=\"canonical\" href=\"https:\/\/pueblaenlinea.com\/2025\/municipios\/alcohol-y-fuego-ebrio-prende-fuego-a-su-propia-moto-y-dana-autos-en-cuautlancingo\/\" \/>\n<meta property=\"og:locale\" content=\"es_MX\" \/>\n<meta property=\"og:type\" content=\"article\" \/>\n<meta property=\"og:title\" content=\"\u00bfAlcohol y fuego? Ebrio prende fuego a su propia moto y da\u00f1a autos en Cuautlancingo - Puebla En Linea\" \/>\n<meta property=\"og:description\" content=\"\u00bfAlcohol y fuego? Ebrio prende fuego a su propia moto y da\u00f1a autos en Cuautlancingo Municipios\" \/>\n<meta property=\"og:url\" content=\"https:\/\/pueblaenlinea.com\/2025\/municipios\/alcohol-y-fuego-ebrio-prende-fuego-a-su-propia-moto-y-dana-autos-en-cuautlancingo\/\" \/>\n<meta property=\"og:site_name\" content=\"Puebla En Linea\" \/>\n<meta property=\"article:publisher\" content=\"https:\/\/www.facebook.com\/pueblaenlineacom\" \/>\n<meta property=\"article:published_time\" content=\"2026-09-05T17:06:05+00:00\" \/>\n<meta property=\"article:modified_time\" content=\"2026-09-05T17:06:06+00:00\" \/>\n<meta property=\"og:image\" content=\"https:\/\/pueblaenlinea.com\/2025\/wp-content\/uploads\/2026\/09\/pel-13.jpg\" \/>\n\t<meta property=\"og:image:width\" content=\"1200\" \/>\n\t<meta property=\"og:image:height\" content=\"674\" \/>\n\t<meta property=\"og:image:type\" content=\"image\/jpeg\" \/>\n<meta name=\"author\" content=\"Puebla EnLinea\" \/>\n<meta name=\"twitter:card\" content=\"summary_large_image\" \/>\n<meta name=\"twitter:label1\" content=\"Escrito por\" \/>\n\t<meta name=\"twitter:data1\" content=\"Puebla EnLinea\" \/>\n\t<meta name=\"twitter:label2\" content=\"Tiempo de lectura\" \/>\n\t<meta name=\"twitter:data2\" content=\"3 minutos\" \/>\n<script type=\"application\/ld+json\" class=\"yoast-schema-graph\">{\"@context\":\"https:\\\/\\\/schema.org\",\"@graph\":[{\"@type\":\"Article\",\"@id\":\"https:\\\/\\\/pueblaenlinea.com\\\/2025\\\/municipios\\\/alcohol-y-fuego-ebrio-prende-fuego-a-su-propia-moto-y-dana-autos-en-cuautlancingo\\\/#article\",\"isPartOf\":{\"@id\":\"https:\\\/\\\/pueblaenlinea.com\\\/2025\\\/municipios\\\/alcohol-y-fuego-ebrio-prende-fuego-a-su-propia-moto-y-dana-autos-en-cuautlancingo\\\/\"},\"author\":{\"name\":\"Puebla EnLinea\",\"@id\":\"https:\\\/\\\/pueblaenlinea.com\\\/2025\\\/#\\\/schema\\\/person\\\/6e2e07bc4690564243accbe893d21877\"},\"headline\":\"\u00bfAlcohol y fuego? Ebrio prende fuego a su propia moto y da\u00f1a autos en Cuautlancingo\",\"datePublished\":\"2026-09-05T17:06:05+00:00\",\"dateModified\":\"2026-09-05T17:06:06+00:00\",\"mainEntityOfPage\":{\"@id\":\"https:\\\/\\\/pueblaenlinea.com\\\/2025\\\/municipios\\\/alcohol-y-fuego-ebrio-prende-fuego-a-su-propia-moto-y-dana-autos-en-cuautlancingo\\\/\"},\"wordCount\":513,\"image\":{\"@id\":\"https:\\\/\\\/pueblaenlinea.com\\\/2025\\\/municipios\\\/alcohol-y-fuego-ebrio-prende-fuego-a-su-propia-moto-y-dana-autos-en-cuautlancingo\\\/#primaryimage\"},\"thumbnailUrl\":\"https:\\\/\\\/pueblaenlinea.com\\\/2025\\\/wp-content\\\/uploads\\\/2026\\\/09\\\/pel-13.jpg\",\"keywords\":[\"virales\"],\"articleSection\":[\"Municipios\"],\"inLanguage\":\"es\"},{\"@type\":\"WebPage\",\"@id\":\"https:\\\/\\\/pueblaenlinea.com\\\/2025\\\/municipios\\\/alcohol-y-fuego-ebrio-prende-fuego-a-su-propia-moto-y-dana-autos-en-cuautlancingo\\\/\",\"url\":\"https:\\\/\\\/pueblaenlinea.com\\\/2025\\\/municipios\\\/alcohol-y-fuego-ebrio-prende-fuego-a-su-propia-moto-y-dana-autos-en-cuautlancingo\\\/\",\"name\":\"\u00bfAlcohol y fuego? Ebrio prende fuego a su propia moto y da\u00f1a autos en Cuautlancingo - Puebla En Linea\",\"isPartOf\":{\"@id\":\"https:\\\/\\\/pueblaenlinea.com\\\/2025\\\/#website\"},\"primaryImageOfPage\":{\"@id\":\"https:\\\/\\\/pueblaenlinea.com\\\/2025\\\/municipios\\\/alcohol-y-fuego-ebrio-prende-fuego-a-su-propia-moto-y-dana-autos-en-cuautlancingo\\\/#primaryimage\"},\"image\":{\"@id\":\"https:\\\/\\\/pueblaenlinea.com\\\/2025\\\/municipios\\\/alcohol-y-fuego-ebrio-prende-fuego-a-su-propia-moto-y-dana-autos-en-cuautlancingo\\\/#primaryimage\"},\"thumbnailUrl\":\"https:\\\/\\\/pueblaenlinea.com\\\/2025\\\/wp-content\\\/uploads\\\/2026\\\/09\\\/pel-13.jpg\",\"datePublished\":\"2026-09-05T17:06:05+00:00\",\"dateModified\":\"2026-09-05T17:06:06+00:00\",\"author\":{\"@id\":\"https:\\\/\\\/pueblaenlinea.com\\\/2025\\\/#\\\/schema\\\/person\\\/6e2e07bc4690564243accbe893d21877\"},\"description\":\"\u00bfAlcohol y fuego? Ebrio prende fuego a su propia moto y da\u00f1a autos en Cuautlancingo Municipios\",\"breadcrumb\":{\"@id\":\"https:\\\/\\\/pueblaenlinea.com\\\/2025\\\/municipios\\\/alcohol-y-fuego-ebrio-prende-fuego-a-su-propia-moto-y-dana-autos-en-cuautlancingo\\\/#breadcrumb\"},\"inLanguage\":\"es\",\"potentialAction\":[{\"@type\":\"ReadAction\",\"target\":[\"https:\\\/\\\/pueblaenlinea.com\\\/2025\\\/municipios\\\/alcohol-y-fuego-ebrio-prende-fuego-a-su-propia-moto-y-dana-autos-en-cuautlancingo\\\/\"]}]},{\"@type\":\"ImageObject\",\"inLanguage\":\"es\",\"@id\":\"https:\\\/\\\/pueblaenlinea.com\\\/2025\\\/municipios\\\/alcohol-y-fuego-ebrio-prende-fuego-a-su-propia-moto-y-dana-autos-en-cuautlancingo\\\/#primaryimage\",\"url\":\"https:\\\/\\\/pueblaenlinea.com\\\/2025\\\/wp-content\\\/uploads\\\/2026\\\/09\\\/pel-13.jpg\",\"contentUrl\":\"https:\\\/\\\/pueblaenlinea.com\\\/2025\\\/wp-content\\\/uploads\\\/2026\\\/09\\\/pel-13.jpg\",\"width\":1200,\"height\":674,\"caption\":\"incendiomoto\"},{\"@type\":\"BreadcrumbList\",\"@id\":\"https:\\\/\\\/pueblaenlinea.com\\\/2025\\\/municipios\\\/alcohol-y-fuego-ebrio-prende-fuego-a-su-propia-moto-y-dana-autos-en-cuautlancingo\\\/#breadcrumb\",\"itemListElement\":[{\"@type\":\"ListItem\",\"position\":1,\"name\":\"Inicio\",\"item\":\"https:\\\/\\\/pueblaenlinea.com\\\/2025\\\/\"},{\"@type\":\"ListItem\",\"position\":2,\"name\":\"\u00bfAlcohol y fuego? Ebrio prende fuego a su propia moto y da\u00f1a autos en Cuautlancingo\"}]},{\"@type\":\"WebSite\",\"@id\":\"https:\\\/\\\/pueblaenlinea.com\\\/2025\\\/#website\",\"url\":\"https:\\\/\\\/pueblaenlinea.com\\\/2025\\\/\",\"name\":\"Puebla En Linea\",\"description\":\"noticias de puebla, periodismo serio y comprometido.\",\"potentialAction\":[{\"@type\":\"SearchAction\",\"target\":{\"@type\":\"EntryPoint\",\"urlTemplate\":\"https:\\\/\\\/pueblaenlinea.com\\\/2025\\\/?s={search_term_string}\"},\"query-input\":{\"@type\":\"PropertyValueSpecification\",\"valueRequired\":true,\"valueName\":\"search_term_string\"}}],\"inLanguage\":\"es\"},{\"@type\":\"Person\",\"@id\":\"https:\\\/\\\/pueblaenlinea.com\\\/2025\\\/#\\\/schema\\\/person\\\/6e2e07bc4690564243accbe893d21877\",\"name\":\"Puebla EnLinea\",\"image\":{\"@type\":\"ImageObject\",\"inLanguage\":\"es\",\"@id\":\"https:\\\/\\\/pueblaenlinea.com\\\/2025\\\/wp-content\\\/litespeed\\\/avatar\\\/3b8bde7acb3c32a2512cab1d325df9d8.jpg?ver=1788290368\",\"url\":\"https:\\\/\\\/pueblaenlinea.com\\\/2025\\\/wp-content\\\/litespeed\\\/avatar\\\/3b8bde7acb3c32a2512cab1d325df9d8.jpg?ver=1788290368\",\"contentUrl\":\"https:\\\/\\\/pueblaenlinea.com\\\/2025\\\/wp-content\\\/litespeed\\\/avatar\\\/3b8bde7acb3c32a2512cab1d325df9d8.jpg?ver=1788290368\",\"caption\":\"Puebla EnLinea\"},\"url\":\"https:\\\/\\\/pueblaenlinea.com\\\/2025\\\/author\\\/pueblaenlinea\\\/\"}]}<\/script>\n<!-- \/ Yoast SEO plugin. -->","yoast_head_json":{"title":"\u00bfAlcohol y fuego? Ebrio prende fuego a su propia moto y da\u00f1a autos en Cuautlancingo - Puebla En Linea","description":"\u00bfAlcohol y fuego? Ebrio prende fuego a su propia moto y da\u00f1a autos en Cuautlancingo Municipios","robots":{"index":"index","follow":"follow","max-snippet":"max-snippet:-1","max-image-preview":"max-image-preview:large","max-video-preview":"max-video-preview:-1"},"canonical":"https:\/\/pueblaenlinea.com\/2025\/municipios\/alcohol-y-fuego-ebrio-prende-fuego-a-su-propia-moto-y-dana-autos-en-cuautlancingo\/","og_locale":"es_MX","og_type":"article","og_title":"\u00bfAlcohol y fuego? Ebrio prende fuego a su propia moto y da\u00f1a autos en Cuautlancingo - Puebla En Linea","og_description":"\u00bfAlcohol y fuego? Ebrio prende fuego a su propia moto y da\u00f1a autos en Cuautlancingo Municipios","og_url":"https:\/\/pueblaenlinea.com\/2025\/municipios\/alcohol-y-fuego-ebrio-prende-fuego-a-su-propia-moto-y-dana-autos-en-cuautlancingo\/","og_site_name":"Puebla En Linea","article_publisher":"https:\/\/www.facebook.com\/pueblaenlineacom","article_published_time":"2026-09-05T17:06:05+00:00","article_modified_time":"2026-09-05T17:06:06+00:00","og_image":[{"width":1200,"height":674,"url":"https:\/\/pueblaenlinea.com\/2025\/wp-content\/uploads\/2026\/09\/pel-13.jpg","type":"image\/jpeg"}],"author":"Puebla EnLinea","twitter_card":"summary_large_image","twitter_misc":{"Escrito por":"Puebla EnLinea","Tiempo de lectura":"3 minutos"},"schema":{"@context":"https:\/\/schema.org","@graph":[{"@type":"Article","@id":"https:\/\/pueblaenlinea.com\/2025\/municipios\/alcohol-y-fuego-ebrio-prende-fuego-a-su-propia-moto-y-dana-autos-en-cuautlancingo\/#article","isPartOf":{"@id":"https:\/\/pueblaenlinea.com\/2025\/municipios\/alcohol-y-fuego-ebrio-prende-fuego-a-su-propia-moto-y-dana-autos-en-cuautlancingo\/"},"author":{"name":"Puebla EnLinea","@id":"https:\/\/pueblaenlinea.com\/2025\/#\/schema\/person\/6e2e07bc4690564243accbe893d21877"},"headline":"\u00bfAlcohol y fuego? Ebrio prende fuego a su propia moto y da\u00f1a autos en Cuautlancingo","datePublished":"2026-09-05T17:06:05+00:00","dateModified":"2026-09-05T17:06:06+00:00","mainEntityOfPage":{"@id":"https:\/\/pueblaenlinea.com\/2025\/municipios\/alcohol-y-fuego-ebrio-prende-fuego-a-su-propia-moto-y-dana-autos-en-cuautlancingo\/"},"wordCount":513,"image":{"@id":"https:\/\/pueblaenlinea.com\/2025\/municipios\/alcohol-y-fuego-ebrio-prende-fuego-a-su-propia-moto-y-dana-autos-en-cuautlancingo\/#primaryimage"},"thumbnailUrl":"https:\/\/pueblaenlinea.com\/2025\/wp-content\/uploads\/2026\/09\/pel-13.jpg","keywords":["virales"],"articleSection":["Municipios"],"inLanguage":"es"},{"@type":"WebPage","@id":"https:\/\/pueblaenlinea.com\/2025\/municipios\/alcohol-y-fuego-ebrio-prende-fuego-a-su-propia-moto-y-dana-autos-en-cuautlancingo\/","url":"https:\/\/pueblaenlinea.com\/2025\/municipios\/alcohol-y-fuego-ebrio-prende-fuego-a-su-propia-moto-y-dana-autos-en-cuautlancingo\/","name":"\u00bfAlcohol y fuego? Ebrio prende fuego a su propia moto y da\u00f1a autos en Cuautlancingo - Puebla En Linea","isPartOf":{"@id":"https:\/\/pueblaenlinea.com\/2025\/#website"},"primaryImageOfPage":{"@id":"https:\/\/pueblaenlinea.com\/2025\/municipios\/alcohol-y-fuego-ebrio-prende-fuego-a-su-propia-moto-y-dana-autos-en-cuautlancingo\/#primaryimage"},"image":{"@id":"https:\/\/pueblaenlinea.com\/2025\/municipios\/alcohol-y-fuego-ebrio-prende-fuego-a-su-propia-moto-y-dana-autos-en-cuautlancingo\/#primaryimage"},"thumbnailUrl":"https:\/\/pueblaenlinea.com\/2025\/wp-content\/uploads\/2026\/09\/pel-13.jpg","datePublished":"2026-09-05T17:06:05+00:00","dateModified":"2026-09-05T17:06:06+00:00","author":{"@id":"https:\/\/pueblaenlinea.com\/2025\/#\/schema\/person\/6e2e07bc4690564243accbe893d21877"},"description":"\u00bfAlcohol y fuego? Ebrio prende fuego a su propia moto y da\u00f1a autos en Cuautlancingo Municipios","breadcrumb":{"@id":"https:\/\/pueblaenlinea.com\/2025\/municipios\/alcohol-y-fuego-ebrio-prende-fuego-a-su-propia-moto-y-dana-autos-en-cuautlancingo\/#breadcrumb"},"inLanguage":"es","potentialAction":[{"@type":"ReadAction","target":["https:\/\/pueblaenlinea.com\/2025\/municipios\/alcohol-y-fuego-ebrio-prende-fuego-a-su-propia-moto-y-dana-autos-en-cuautlancingo\/"]}]},{"@type":"ImageObject","inLanguage":"es","@id":"https:\/\/pueblaenlinea.com\/2025\/municipios\/alcohol-y-fuego-ebrio-prende-fuego-a-su-propia-moto-y-dana-autos-en-cuautlancingo\/#primaryimage","url":"https:\/\/pueblaenlinea.com\/2025\/wp-content\/uploads\/2026\/09\/pel-13.jpg","contentUrl":"https:\/\/pueblaenlinea.com\/2025\/wp-content\/uploads\/2026\/09\/pel-13.jpg","width":1200,"height":674,"caption":"incendiomoto"},{"@type":"BreadcrumbList","@id":"https:\/\/pueblaenlinea.com\/2025\/municipios\/alcohol-y-fuego-ebrio-prende-fuego-a-su-propia-moto-y-dana-autos-en-cuautlancingo\/#breadcrumb","itemListElement":[{"@type":"ListItem","position":1,"name":"Inicio","item":"https:\/\/pueblaenlinea.com\/2025\/"},{"@type":"ListItem","position":2,"name":"\u00bfAlcohol y fuego? Ebrio prende fuego a su propia moto y da\u00f1a autos en Cuautlancingo"}]},{"@type":"WebSite","@id":"https:\/\/pueblaenlinea.com\/2025\/#website","url":"https:\/\/pueblaenlinea.com\/2025\/","name":"Puebla En Linea","description":"noticias de puebla, periodismo serio y comprometido.","potentialAction":[{"@type":"SearchAction","target":{"@type":"EntryPoint","urlTemplate":"https:\/\/pueblaenlinea.com\/2025\/?s={search_term_string}"},"query-input":{"@type":"PropertyValueSpecification","valueRequired":true,"valueName":"search_term_string"}}],"inLanguage":"es"},{"@type":"Person","@id":"https:\/\/pueblaenlinea.com\/2025\/#\/schema\/person\/6e2e07bc4690564243accbe893d21877","name":"Puebla EnLinea","image":{"@type":"ImageObject","inLanguage":"es","@id":"https:\/\/pueblaenlinea.com\/2025\/wp-content\/litespeed\/avatar\/3b8bde7acb3c32a2512cab1d325df9d8.jpg?ver=1788290368","url":"https:\/\/pueblaenlinea.com\/2025\/wp-content\/litespeed\/avatar\/3b8bde7acb3c32a2512cab1d325df9d8.jpg?ver=1788290368","contentUrl":"https:\/\/pueblaenlinea.com\/2025\/wp-content\/litespeed\/avatar\/3b8bde7acb3c32a2512cab1d325df9d8.jpg?ver=1788290368","caption":"Puebla EnLinea"},"url":"https:\/\/pueblaenlinea.com\/2025\/author\/pueblaenlinea\/"}]}},"_links":{"self":[{"href":"https:\/\/pueblaenlinea.com\/2025\/wp-json\/wp\/v2\/posts\/134944","targetHints":{"allow":["GET"]}}],"collection":[{"href":"https:\/\/pueblaenlinea.com\/2025\/wp-json\/wp\/v2\/posts"}],"about":[{"href":"https:\/\/pueblaenlinea.com\/2025\/wp-json\/wp\/v2\/types\/post"}],"author":[{"embeddable":true,"href":"https:\/\/pueblaenlinea.com\/2025\/wp-json\/wp\/v2\/users\/2"}],"replies":[{"embeddable":true,"href":"https:\/\/pueblaenlinea.com\/2025\/wp-json\/wp\/v2\/comments?post=134944"}],"version-history":[{"count":0,"href":"https:\/\/pueblaenlinea.com\/2025\/wp-json\/wp\/v2\/posts\/134944\/revisions"}],"wp:featuredmedia":[{"embeddable":true,"href":"https:\/\/pueblaenlinea.com\/2025\/wp-json\/wp\/v2\/media\/134945"}],"wp:attachment":[{"href":"https:\/\/pueblaenlinea.com\/2025\/wp-json\/wp\/v2\/media?parent=134944"}],"wp:term":[{"taxonomy":"category","embeddable":true,"href":"https:\/\/pueblaenlinea.com\/2025\/wp-json\/wp\/v2\/categories?post=134944"},{"taxonomy":"post_tag","embeddable":true,"href":"https:\/\/pueblaenlinea.com\/2025\/wp-json\/wp\/v2\/tags?post=134944"}],"curies":[{"name":"wp","href":"https:\/\/api.w.org\/{rel}","templated":true}]}}