{"id":134942,"date":"2026-09-04T20:09:32","date_gmt":"2026-09-05T02:09:32","guid":{"rendered":"https:\/\/pueblaenlinea.com\/2025\/?p=134942"},"modified":"2026-09-04T20:10:01","modified_gmt":"2026-09-05T02:10:01","slug":"partido-del-trabajo-abre-la-puerta-a-nay-salvatori-morena-aun-no-define-su-futuro-politico","status":"publish","type":"post","link":"https:\/\/pueblaenlinea.com\/2025\/puebla\/partido-del-trabajo-abre-la-puerta-a-nay-salvatori-morena-aun-no-define-su-futuro-politico\/","title":{"rendered":"Partido del Trabajo abre la puerta a Nay Salvatori; Morena a\u00fan no define su futuro pol\u00edtico"},"content":{"rendered":"\n<p class=\"wp-block-paragraph\"><strong>Liz S\u00e1nchez asegura que la diputada ser\u00eda bienvenida en el Partido del Trabajo, pero advierte que primero deber\u00e1n conocerse las determinaciones de Morena sobre su caso. Salvatori, por su parte, dice que acatar\u00e1 la resoluci\u00f3n y que no continuar\u00e1 con una eventual impugnaci\u00f3n ante el Tribunal Electoral.<\/strong><\/p>\n\n\n\n<p class=\"wp-block-paragraph\">La pol\u00edtica poblana vuelve a demostrar que las puertas partidistas rara vez permanecen cerradas demasiado tiempo. Mientras Morena analiza el caso de la diputada local <strong>Nay Salvatori<\/strong>, el Partido del Trabajo ya dej\u00f3 claro que, si eventualmente abandona el movimiento, tendr\u00eda un lugar disponible en sus filas.<\/p>\n\n\n\n<p class=\"wp-block-paragraph\">La senadora y dirigente estatal del PT, <strong>Liz S\u00e1nchez<\/strong>, afirm\u00f3 que Salvatori ser\u00eda bienvenida en su partido si decide salir de Morena. Incluso reconoci\u00f3 en ella a una mujer trabajadora, pese al car\u00e1cter pol\u00e9mico que ha marcado algunas de sus intervenciones p\u00fablicas.<\/p>\n\n\n\n<blockquote class=\"wp-block-quote is-layout-flow wp-block-quote-is-layout-flow\">\n<p class=\"wp-block-paragraph\"><strong>\u201cLas puertas est\u00e1n abiertas\u201d para quienes quieran participar y puedan sumar al proyecto del PT<\/strong>, fue, en esencia, el mensaje de la dirigente estatal.<\/p>\n<\/blockquote>\n\n\n\n<h3 class=\"wp-block-heading\"><strong>El PT pone la puerta, pero Morena tiene la llave<\/strong><\/h3>\n\n\n\n<p class=\"wp-block-paragraph\">S\u00e1nchez matiz\u00f3 cualquier escenario de ruptura.<\/p>\n\n\n\n<p class=\"wp-block-paragraph\">Explic\u00f3 que antes de hablar de una incorporaci\u00f3n formal ser\u00e1 necesario conocer qu\u00e9 determina Morena respecto al caso de Salvatori y respetar los acuerdos que existen dentro de la coalici\u00f3n de la llamada Cuarta Transformaci\u00f3n.<\/p>\n\n\n\n<p class=\"wp-block-paragraph\">El mensaje pol\u00edtico resulta sencillo, pero tiene varias lecturas: el PT no descarta a Salvatori, aunque tampoco pretende adelantarse a una decisi\u00f3n que corresponde a Morena.<\/p>\n\n\n\n<p class=\"wp-block-paragraph\">Adem\u00e1s, Liz S\u00e1nchez record\u00f3 que la definici\u00f3n de candidaturas dentro de la coalici\u00f3n deber\u00e1 pasar por <strong>encuestas<\/strong>, mientras que el PT buscar\u00e1 impulsar perfiles competitivos que le permitan ampliar su presencia electoral.<\/p>\n\n\n\n<p class=\"wp-block-paragraph\"><strong>\ud83d\udd34 CLAVES DEL CASO<\/strong><\/p>\n\n\n\n<ul class=\"wp-block-list\">\n<li><strong>Nay Salvatori:<\/strong> diputada local de Morena.<\/li>\n\n\n\n<li><strong>Liz S\u00e1nchez:<\/strong> senadora y dirigente estatal del PT.<\/li>\n\n\n\n<li><strong>Escenario:<\/strong> el PT recibir\u00eda a Salvatori si deja Morena.<\/li>\n\n\n\n<li><strong>Definici\u00f3n electoral:<\/strong> las candidaturas de la coalici\u00f3n se perfilar\u00edan mediante encuestas.<\/li>\n\n\n\n<li><strong>Punto pendiente:<\/strong> Morena todav\u00eda debe determinar qu\u00e9 ocurrir\u00e1 con el caso de la legisladora.<\/li>\n<\/ul>\n\n\n\n<h2 class=\"wp-block-heading\"><strong>Salvatori opta por esperar la resoluci\u00f3n de Morena<\/strong><\/h2>\n\n\n\n<p class=\"wp-block-paragraph\">Mientras el PT deja abierta la puerta, Nay Salvatori mantiene una postura m\u00e1s cautelosa.<\/p>\n\n\n\n<p class=\"wp-block-paragraph\">La diputada explic\u00f3 que su equipo legal particip\u00f3 en la audiencia a la que ella y su compa\u00f1era <strong>Grace Palomares<\/strong> fueron citadas ante la <strong>Comisi\u00f3n Nacional de Honestidad y Justicia de Morena<\/strong>, derivado de las pol\u00e9micas declaraciones realizadas durante el podcast <em>Descasadas<\/em>.<\/p>\n\n\n\n<p class=\"wp-block-paragraph\">De acuerdo con Salvatori, la audiencia sirvi\u00f3 para desahogar pruebas dentro del procedimiento.<\/p>\n\n\n\n<p class=\"wp-block-paragraph\">La legisladora evit\u00f3 entrar en detalles sobre la estrategia de defensa y tampoco quiso pronunciarse sobre la posibilidad de exhibir otros casos pol\u00e9micos relacionados con integrantes de Morena como parte de su argumentaci\u00f3n.<\/p>\n\n\n\n<p class=\"wp-block-paragraph\">Su postura, dijo, ser\u00e1 dejar que sus especialistas en materia electoral analicen el expediente.<\/p>\n\n\n\n<h3 class=\"wp-block-heading\"><strong>Una posible impugnaci\u00f3n que ya no continuar\u00eda<\/strong><\/h3>\n\n\n\n<p class=\"wp-block-paragraph\">Uno de los puntos m\u00e1s relevantes de sus declaraciones fue el anuncio de que desistir\u00e1 de una eventual impugnaci\u00f3n ante la <strong>Sala Superior del Tribunal Electoral del Poder Judicial de la Federaci\u00f3n (TEPJF)<\/strong> que sus abogados pudieran plantear.<\/p>\n\n\n\n<p class=\"wp-block-paragraph\">Salvatori asegur\u00f3 que prefiere esperar el resultado del procedimiento interno y acatar la determinaci\u00f3n que adopte Morena.<\/p>\n\n\n\n<p class=\"wp-block-paragraph\">Es una decisi\u00f3n que, pol\u00edticamente, tambi\u00e9n evita adelantar una ruptura.<\/p>\n\n\n\n<p class=\"wp-block-paragraph\">Porque mientras afuera comienzan a aparecer posibles destinos partidistas, la diputada todav\u00eda mantiene abierta la v\u00eda institucional dentro del movimiento al que pertenece.<\/p>\n\n\n\n<p class=\"wp-block-paragraph\"><strong>\ud83d\udccc SALVATORI QUIERE ESPERAR<\/strong><br>La diputada se\u00f1al\u00f3 que dejar\u00e1 el an\u00e1lisis jur\u00eddico en manos de sus especialistas, pero adelant\u00f3 que no buscar\u00e1 continuar con una eventual impugnaci\u00f3n ante la Sala Superior del TEPJF.<\/p>\n\n\n\n<p class=\"wp-block-paragraph\">Si quieres seguir esta y otras notas de inter\u00e9s en tiempo real, \u00fanete a nuestro canal de WhatsApp: <a href=\"https:\/\/whatsapp.com\/channel\/0029Va5CSyuEQIalZaJWpX1h\">https:\/\/whatsapp.com\/channel\/0029Va5CSyuEQIalZaJWpX1h<\/a><\/p>\n\n\n\n<h2 class=\"wp-block-heading\"><strong>\u00bfQu\u00e9 sigue para Nay Salvatori?<\/strong><\/h2>\n\n\n\n<p class=\"wp-block-paragraph\">La respuesta todav\u00eda depende de Morena.<\/p>\n\n\n\n<p class=\"wp-block-paragraph\">Por ahora, el PT ya hizo p\u00fablico que existe disposici\u00f3n para recibirla si decide abandonar el partido guinda. Pero la propia Salvatori ha optado por no precipitar ese escenario y esperar la resoluci\u00f3n de la Comisi\u00f3n Nacional de Honestidad y Justicia.<\/p>\n\n\n\n<p class=\"wp-block-paragraph\">En pol\u00edtica, los silencios tambi\u00e9n cuentan. Y a veces una puerta que se abre p\u00fablicamente no significa que alguien est\u00e9 listo para cruzarla.<\/p>\n\n\n\n<p class=\"wp-block-paragraph\">El caso de Nay Salvatori tendr\u00e1 que resolverse primero en el terreno partidista. Despu\u00e9s vendr\u00e1n las consecuencias pol\u00edticas y, eventualmente, las electorales.<\/p>\n\n\n\n<p class=\"wp-block-paragraph\">La pol\u00edtica suele escribir sus cambios de rumbo antes de que aparezcan oficialmente en las boletas. Hoy, el PT ofrece una puerta y Morena analiza una decisi\u00f3n; ma\u00f1ana, cualquiera de esas dos circunstancias podr\u00eda modificar el mapa de alianzas en Puebla.<\/p>\n\n\n\n<p class=\"wp-block-paragraph\"><strong>Escrito por Redacci\u00f3n Puebla En L\u00ednea<\/strong><\/p>\n\n\n\n<hr class=\"wp-block-separator has-alpha-channel-opacity\"\/>\n\n\n\n<h2 class=\"wp-block-heading\"><\/h2>\n\n\n\n<ol start=\"1\" class=\"wp-block-list\">\n<li><strong>\u00bfNay Salvatori fuera de Morena? El PT ya le abre la puerta y Liz S\u00e1nchez confirma que ser\u00eda bienvenida<\/strong><\/li>\n\n\n\n<li><strong>El PT ya tiene lugar para Nay Salvatori si deja Morena, pero ella anuncia que esperar\u00e1 la resoluci\u00f3n<\/strong><\/li>\n\n\n\n<li><strong>Nay Salvatori enfrenta una definici\u00f3n en Morena: PT le ofrece espacio, \u00bfhabr\u00e1 cambio de partido?<\/strong><\/li>\n\n\n\n<li><strong>Liz S\u00e1nchez lanza mensaje a Nay Salvatori: \u201cser\u00e1 bienvenida\u201d si decide salir de Morena<\/strong><\/li>\n\n\n\n<li><strong>Morena a\u00fan no decide el futuro de Nay Salvatori y el PT ya prepara una posible recepci\u00f3n<\/strong><\/li>\n<\/ol>\n","protected":false},"excerpt":{"rendered":"<p>Liz S\u00e1nchez asegura que la diputada ser\u00eda bienvenida en el Partido del Trabajo, pero advierte que primero deber\u00e1n conocerse las determinaciones de Morena sobre su caso. Salvatori, por su parte, dice que acatar\u00e1 la resoluci\u00f3n y que no continuar\u00e1 con una eventual impugnaci\u00f3n ante el Tribunal Electoral. La pol\u00edtica poblana vuelve a demostrar que las&#8230;<\/p>\n","protected":false},"author":9,"featured_media":134943,"comment_status":"closed","ping_status":"closed","sticky":false,"template":"","format":"standard","meta":{"footnotes":""},"categories":[2],"tags":[1386],"class_list":["post-134942","post","type-post","status-publish","format-standard","has-post-thumbnail","hentry","category-puebla","tag-puebla"],"yoast_head":"<!-- This site is optimized with the Yoast SEO plugin v28.4 - https:\/\/yoast.com\/product\/yoast-seo-wordpress\/ -->\n<title>Partido del Trabajo abre la puerta a Nay Salvatori; Morena a\u00fan no define su futuro pol\u00edtico - Puebla En Linea<\/title>\n<meta name=\"description\" content=\"Partido del Trabajo abre la puerta a Nay Salvatori; Morena a\u00fan no define su futuro pol\u00edtico Puebla\" \/>\n<meta name=\"robots\" content=\"index, follow, max-snippet:-1, max-image-preview:large, max-video-preview:-1\" \/>\n<link rel=\"canonical\" href=\"https:\/\/pueblaenlinea.com\/2025\/puebla\/partido-del-trabajo-abre-la-puerta-a-nay-salvatori-morena-aun-no-define-su-futuro-politico\/\" \/>\n<meta property=\"og:locale\" content=\"es_MX\" \/>\n<meta property=\"og:type\" content=\"article\" \/>\n<meta property=\"og:title\" content=\"Partido del Trabajo abre la puerta a Nay Salvatori; Morena a\u00fan no define su futuro pol\u00edtico - Puebla En Linea\" \/>\n<meta property=\"og:description\" content=\"Partido del Trabajo abre la puerta a Nay Salvatori; Morena a\u00fan no define su futuro pol\u00edtico Puebla\" \/>\n<meta property=\"og:url\" content=\"https:\/\/pueblaenlinea.com\/2025\/puebla\/partido-del-trabajo-abre-la-puerta-a-nay-salvatori-morena-aun-no-define-su-futuro-politico\/\" \/>\n<meta property=\"og:site_name\" content=\"Puebla En Linea\" \/>\n<meta property=\"article:publisher\" content=\"https:\/\/www.facebook.com\/pueblaenlineacom\" \/>\n<meta property=\"article:published_time\" content=\"2026-09-05T02:09:32+00:00\" \/>\n<meta property=\"article:modified_time\" content=\"2026-09-05T02:10:01+00:00\" \/>\n<meta property=\"og:image\" content=\"https:\/\/pueblaenlinea.com\/2025\/wp-content\/uploads\/2026\/09\/naysalvatori.jpg\" \/>\n\t<meta property=\"og:image:width\" content=\"1200\" \/>\n\t<meta property=\"og:image:height\" content=\"674\" \/>\n\t<meta property=\"og:image:type\" content=\"image\/jpeg\" \/>\n<meta name=\"author\" content=\"lupita Puebla en linea\" \/>\n<meta name=\"twitter:card\" content=\"summary_large_image\" \/>\n<meta name=\"twitter:label1\" content=\"Escrito por\" \/>\n\t<meta name=\"twitter:data1\" content=\"lupita Puebla en linea\" \/>\n\t<meta name=\"twitter:label2\" content=\"Tiempo de lectura\" \/>\n\t<meta name=\"twitter:data2\" content=\"4 minutos\" \/>\n<script type=\"application\/ld+json\" class=\"yoast-schema-graph\">{\"@context\":\"https:\\\/\\\/schema.org\",\"@graph\":[{\"@type\":\"Article\",\"@id\":\"https:\\\/\\\/pueblaenlinea.com\\\/2025\\\/puebla\\\/partido-del-trabajo-abre-la-puerta-a-nay-salvatori-morena-aun-no-define-su-futuro-politico\\\/#article\",\"isPartOf\":{\"@id\":\"https:\\\/\\\/pueblaenlinea.com\\\/2025\\\/puebla\\\/partido-del-trabajo-abre-la-puerta-a-nay-salvatori-morena-aun-no-define-su-futuro-politico\\\/\"},\"author\":{\"name\":\"lupita Puebla en linea\",\"@id\":\"https:\\\/\\\/pueblaenlinea.com\\\/2025\\\/#\\\/schema\\\/person\\\/2baf91de3092c7d50fb754a48f084d7f\"},\"headline\":\"Partido del Trabajo abre la puerta a Nay Salvatori; Morena a\u00fan no define su futuro pol\u00edtico\",\"datePublished\":\"2026-09-05T02:09:32+00:00\",\"dateModified\":\"2026-09-05T02:10:01+00:00\",\"mainEntityOfPage\":{\"@id\":\"https:\\\/\\\/pueblaenlinea.com\\\/2025\\\/puebla\\\/partido-del-trabajo-abre-la-puerta-a-nay-salvatori-morena-aun-no-define-su-futuro-politico\\\/\"},\"wordCount\":917,\"image\":{\"@id\":\"https:\\\/\\\/pueblaenlinea.com\\\/2025\\\/puebla\\\/partido-del-trabajo-abre-la-puerta-a-nay-salvatori-morena-aun-no-define-su-futuro-politico\\\/#primaryimage\"},\"thumbnailUrl\":\"https:\\\/\\\/pueblaenlinea.com\\\/2025\\\/wp-content\\\/uploads\\\/2026\\\/09\\\/naysalvatori.jpg\",\"keywords\":[\"Puebla\"],\"articleSection\":[\"Puebla\"],\"inLanguage\":\"es\"},{\"@type\":\"WebPage\",\"@id\":\"https:\\\/\\\/pueblaenlinea.com\\\/2025\\\/puebla\\\/partido-del-trabajo-abre-la-puerta-a-nay-salvatori-morena-aun-no-define-su-futuro-politico\\\/\",\"url\":\"https:\\\/\\\/pueblaenlinea.com\\\/2025\\\/puebla\\\/partido-del-trabajo-abre-la-puerta-a-nay-salvatori-morena-aun-no-define-su-futuro-politico\\\/\",\"name\":\"Partido del Trabajo abre la puerta a Nay Salvatori; Morena a\u00fan no define su futuro pol\u00edtico - Puebla En Linea\",\"isPartOf\":{\"@id\":\"https:\\\/\\\/pueblaenlinea.com\\\/2025\\\/#website\"},\"primaryImageOfPage\":{\"@id\":\"https:\\\/\\\/pueblaenlinea.com\\\/2025\\\/puebla\\\/partido-del-trabajo-abre-la-puerta-a-nay-salvatori-morena-aun-no-define-su-futuro-politico\\\/#primaryimage\"},\"image\":{\"@id\":\"https:\\\/\\\/pueblaenlinea.com\\\/2025\\\/puebla\\\/partido-del-trabajo-abre-la-puerta-a-nay-salvatori-morena-aun-no-define-su-futuro-politico\\\/#primaryimage\"},\"thumbnailUrl\":\"https:\\\/\\\/pueblaenlinea.com\\\/2025\\\/wp-content\\\/uploads\\\/2026\\\/09\\\/naysalvatori.jpg\",\"datePublished\":\"2026-09-05T02:09:32+00:00\",\"dateModified\":\"2026-09-05T02:10:01+00:00\",\"author\":{\"@id\":\"https:\\\/\\\/pueblaenlinea.com\\\/2025\\\/#\\\/schema\\\/person\\\/2baf91de3092c7d50fb754a48f084d7f\"},\"description\":\"Partido del Trabajo abre la puerta a Nay Salvatori; Morena a\u00fan no define su futuro pol\u00edtico Puebla\",\"breadcrumb\":{\"@id\":\"https:\\\/\\\/pueblaenlinea.com\\\/2025\\\/puebla\\\/partido-del-trabajo-abre-la-puerta-a-nay-salvatori-morena-aun-no-define-su-futuro-politico\\\/#breadcrumb\"},\"inLanguage\":\"es\",\"potentialAction\":[{\"@type\":\"ReadAction\",\"target\":[\"https:\\\/\\\/pueblaenlinea.com\\\/2025\\\/puebla\\\/partido-del-trabajo-abre-la-puerta-a-nay-salvatori-morena-aun-no-define-su-futuro-politico\\\/\"]}]},{\"@type\":\"ImageObject\",\"inLanguage\":\"es\",\"@id\":\"https:\\\/\\\/pueblaenlinea.com\\\/2025\\\/puebla\\\/partido-del-trabajo-abre-la-puerta-a-nay-salvatori-morena-aun-no-define-su-futuro-politico\\\/#primaryimage\",\"url\":\"https:\\\/\\\/pueblaenlinea.com\\\/2025\\\/wp-content\\\/uploads\\\/2026\\\/09\\\/naysalvatori.jpg\",\"contentUrl\":\"https:\\\/\\\/pueblaenlinea.com\\\/2025\\\/wp-content\\\/uploads\\\/2026\\\/09\\\/naysalvatori.jpg\",\"width\":1200,\"height\":674},{\"@type\":\"BreadcrumbList\",\"@id\":\"https:\\\/\\\/pueblaenlinea.com\\\/2025\\\/puebla\\\/partido-del-trabajo-abre-la-puerta-a-nay-salvatori-morena-aun-no-define-su-futuro-politico\\\/#breadcrumb\",\"itemListElement\":[{\"@type\":\"ListItem\",\"position\":1,\"name\":\"Inicio\",\"item\":\"https:\\\/\\\/pueblaenlinea.com\\\/2025\\\/\"},{\"@type\":\"ListItem\",\"position\":2,\"name\":\"Partido del Trabajo abre la puerta a Nay Salvatori; Morena a\u00fan no define su futuro pol\u00edtico\"}]},{\"@type\":\"WebSite\",\"@id\":\"https:\\\/\\\/pueblaenlinea.com\\\/2025\\\/#website\",\"url\":\"https:\\\/\\\/pueblaenlinea.com\\\/2025\\\/\",\"name\":\"Puebla En Linea\",\"description\":\"noticias de puebla, periodismo serio y comprometido.\",\"potentialAction\":[{\"@type\":\"SearchAction\",\"target\":{\"@type\":\"EntryPoint\",\"urlTemplate\":\"https:\\\/\\\/pueblaenlinea.com\\\/2025\\\/?s={search_term_string}\"},\"query-input\":{\"@type\":\"PropertyValueSpecification\",\"valueRequired\":true,\"valueName\":\"search_term_string\"}}],\"inLanguage\":\"es\"},{\"@type\":\"Person\",\"@id\":\"https:\\\/\\\/pueblaenlinea.com\\\/2025\\\/#\\\/schema\\\/person\\\/2baf91de3092c7d50fb754a48f084d7f\",\"name\":\"lupita Puebla en linea\",\"image\":{\"@type\":\"ImageObject\",\"inLanguage\":\"es\",\"@id\":\"https:\\\/\\\/pueblaenlinea.com\\\/2025\\\/wp-content\\\/litespeed\\\/avatar\\\/c3bdb4b8e42693060df9dbf8c3f9c41d.jpg?ver=1788290860\",\"url\":\"https:\\\/\\\/pueblaenlinea.com\\\/2025\\\/wp-content\\\/litespeed\\\/avatar\\\/c3bdb4b8e42693060df9dbf8c3f9c41d.jpg?ver=1788290860\",\"contentUrl\":\"https:\\\/\\\/pueblaenlinea.com\\\/2025\\\/wp-content\\\/litespeed\\\/avatar\\\/c3bdb4b8e42693060df9dbf8c3f9c41d.jpg?ver=1788290860\",\"caption\":\"lupita Puebla en linea\"},\"url\":\"https:\\\/\\\/pueblaenlinea.com\\\/2025\\\/author\\\/lupita\\\/\"}]}<\/script>\n<!-- \/ Yoast SEO plugin. -->","yoast_head_json":{"title":"Partido del Trabajo abre la puerta a Nay Salvatori; Morena a\u00fan no define su futuro pol\u00edtico - Puebla En Linea","description":"Partido del Trabajo abre la puerta a Nay Salvatori; Morena a\u00fan no define su futuro pol\u00edtico Puebla","robots":{"index":"index","follow":"follow","max-snippet":"max-snippet:-1","max-image-preview":"max-image-preview:large","max-video-preview":"max-video-preview:-1"},"canonical":"https:\/\/pueblaenlinea.com\/2025\/puebla\/partido-del-trabajo-abre-la-puerta-a-nay-salvatori-morena-aun-no-define-su-futuro-politico\/","og_locale":"es_MX","og_type":"article","og_title":"Partido del Trabajo abre la puerta a Nay Salvatori; Morena a\u00fan no define su futuro pol\u00edtico - Puebla En Linea","og_description":"Partido del Trabajo abre la puerta a Nay Salvatori; Morena a\u00fan no define su futuro pol\u00edtico Puebla","og_url":"https:\/\/pueblaenlinea.com\/2025\/puebla\/partido-del-trabajo-abre-la-puerta-a-nay-salvatori-morena-aun-no-define-su-futuro-politico\/","og_site_name":"Puebla En Linea","article_publisher":"https:\/\/www.facebook.com\/pueblaenlineacom","article_published_time":"2026-09-05T02:09:32+00:00","article_modified_time":"2026-09-05T02:10:01+00:00","og_image":[{"width":1200,"height":674,"url":"https:\/\/pueblaenlinea.com\/2025\/wp-content\/uploads\/2026\/09\/naysalvatori.jpg","type":"image\/jpeg"}],"author":"lupita Puebla en linea","twitter_card":"summary_large_image","twitter_misc":{"Escrito por":"lupita Puebla en linea","Tiempo de lectura":"4 minutos"},"schema":{"@context":"https:\/\/schema.org","@graph":[{"@type":"Article","@id":"https:\/\/pueblaenlinea.com\/2025\/puebla\/partido-del-trabajo-abre-la-puerta-a-nay-salvatori-morena-aun-no-define-su-futuro-politico\/#article","isPartOf":{"@id":"https:\/\/pueblaenlinea.com\/2025\/puebla\/partido-del-trabajo-abre-la-puerta-a-nay-salvatori-morena-aun-no-define-su-futuro-politico\/"},"author":{"name":"lupita Puebla en linea","@id":"https:\/\/pueblaenlinea.com\/2025\/#\/schema\/person\/2baf91de3092c7d50fb754a48f084d7f"},"headline":"Partido del Trabajo abre la puerta a Nay Salvatori; Morena a\u00fan no define su futuro pol\u00edtico","datePublished":"2026-09-05T02:09:32+00:00","dateModified":"2026-09-05T02:10:01+00:00","mainEntityOfPage":{"@id":"https:\/\/pueblaenlinea.com\/2025\/puebla\/partido-del-trabajo-abre-la-puerta-a-nay-salvatori-morena-aun-no-define-su-futuro-politico\/"},"wordCount":917,"image":{"@id":"https:\/\/pueblaenlinea.com\/2025\/puebla\/partido-del-trabajo-abre-la-puerta-a-nay-salvatori-morena-aun-no-define-su-futuro-politico\/#primaryimage"},"thumbnailUrl":"https:\/\/pueblaenlinea.com\/2025\/wp-content\/uploads\/2026\/09\/naysalvatori.jpg","keywords":["Puebla"],"articleSection":["Puebla"],"inLanguage":"es"},{"@type":"WebPage","@id":"https:\/\/pueblaenlinea.com\/2025\/puebla\/partido-del-trabajo-abre-la-puerta-a-nay-salvatori-morena-aun-no-define-su-futuro-politico\/","url":"https:\/\/pueblaenlinea.com\/2025\/puebla\/partido-del-trabajo-abre-la-puerta-a-nay-salvatori-morena-aun-no-define-su-futuro-politico\/","name":"Partido del Trabajo abre la puerta a Nay Salvatori; Morena a\u00fan no define su futuro pol\u00edtico - Puebla En Linea","isPartOf":{"@id":"https:\/\/pueblaenlinea.com\/2025\/#website"},"primaryImageOfPage":{"@id":"https:\/\/pueblaenlinea.com\/2025\/puebla\/partido-del-trabajo-abre-la-puerta-a-nay-salvatori-morena-aun-no-define-su-futuro-politico\/#primaryimage"},"image":{"@id":"https:\/\/pueblaenlinea.com\/2025\/puebla\/partido-del-trabajo-abre-la-puerta-a-nay-salvatori-morena-aun-no-define-su-futuro-politico\/#primaryimage"},"thumbnailUrl":"https:\/\/pueblaenlinea.com\/2025\/wp-content\/uploads\/2026\/09\/naysalvatori.jpg","datePublished":"2026-09-05T02:09:32+00:00","dateModified":"2026-09-05T02:10:01+00:00","author":{"@id":"https:\/\/pueblaenlinea.com\/2025\/#\/schema\/person\/2baf91de3092c7d50fb754a48f084d7f"},"description":"Partido del Trabajo abre la puerta a Nay Salvatori; Morena a\u00fan no define su futuro pol\u00edtico Puebla","breadcrumb":{"@id":"https:\/\/pueblaenlinea.com\/2025\/puebla\/partido-del-trabajo-abre-la-puerta-a-nay-salvatori-morena-aun-no-define-su-futuro-politico\/#breadcrumb"},"inLanguage":"es","potentialAction":[{"@type":"ReadAction","target":["https:\/\/pueblaenlinea.com\/2025\/puebla\/partido-del-trabajo-abre-la-puerta-a-nay-salvatori-morena-aun-no-define-su-futuro-politico\/"]}]},{"@type":"ImageObject","inLanguage":"es","@id":"https:\/\/pueblaenlinea.com\/2025\/puebla\/partido-del-trabajo-abre-la-puerta-a-nay-salvatori-morena-aun-no-define-su-futuro-politico\/#primaryimage","url":"https:\/\/pueblaenlinea.com\/2025\/wp-content\/uploads\/2026\/09\/naysalvatori.jpg","contentUrl":"https:\/\/pueblaenlinea.com\/2025\/wp-content\/uploads\/2026\/09\/naysalvatori.jpg","width":1200,"height":674},{"@type":"BreadcrumbList","@id":"https:\/\/pueblaenlinea.com\/2025\/puebla\/partido-del-trabajo-abre-la-puerta-a-nay-salvatori-morena-aun-no-define-su-futuro-politico\/#breadcrumb","itemListElement":[{"@type":"ListItem","position":1,"name":"Inicio","item":"https:\/\/pueblaenlinea.com\/2025\/"},{"@type":"ListItem","position":2,"name":"Partido del Trabajo abre la puerta a Nay Salvatori; Morena a\u00fan no define su futuro pol\u00edtico"}]},{"@type":"WebSite","@id":"https:\/\/pueblaenlinea.com\/2025\/#website","url":"https:\/\/pueblaenlinea.com\/2025\/","name":"Puebla En Linea","description":"noticias de puebla, periodismo serio y comprometido.","potentialAction":[{"@type":"SearchAction","target":{"@type":"EntryPoint","urlTemplate":"https:\/\/pueblaenlinea.com\/2025\/?s={search_term_string}"},"query-input":{"@type":"PropertyValueSpecification","valueRequired":true,"valueName":"search_term_string"}}],"inLanguage":"es"},{"@type":"Person","@id":"https:\/\/pueblaenlinea.com\/2025\/#\/schema\/person\/2baf91de3092c7d50fb754a48f084d7f","name":"lupita Puebla en linea","image":{"@type":"ImageObject","inLanguage":"es","@id":"https:\/\/pueblaenlinea.com\/2025\/wp-content\/litespeed\/avatar\/c3bdb4b8e42693060df9dbf8c3f9c41d.jpg?ver=1788290860","url":"https:\/\/pueblaenlinea.com\/2025\/wp-content\/litespeed\/avatar\/c3bdb4b8e42693060df9dbf8c3f9c41d.jpg?ver=1788290860","contentUrl":"https:\/\/pueblaenlinea.com\/2025\/wp-content\/litespeed\/avatar\/c3bdb4b8e42693060df9dbf8c3f9c41d.jpg?ver=1788290860","caption":"lupita Puebla en linea"},"url":"https:\/\/pueblaenlinea.com\/2025\/author\/lupita\/"}]}},"_links":{"self":[{"href":"https:\/\/pueblaenlinea.com\/2025\/wp-json\/wp\/v2\/posts\/134942","targetHints":{"allow":["GET"]}}],"collection":[{"href":"https:\/\/pueblaenlinea.com\/2025\/wp-json\/wp\/v2\/posts"}],"about":[{"href":"https:\/\/pueblaenlinea.com\/2025\/wp-json\/wp\/v2\/types\/post"}],"author":[{"embeddable":true,"href":"https:\/\/pueblaenlinea.com\/2025\/wp-json\/wp\/v2\/users\/9"}],"replies":[{"embeddable":true,"href":"https:\/\/pueblaenlinea.com\/2025\/wp-json\/wp\/v2\/comments?post=134942"}],"version-history":[{"count":0,"href":"https:\/\/pueblaenlinea.com\/2025\/wp-json\/wp\/v2\/posts\/134942\/revisions"}],"wp:featuredmedia":[{"embeddable":true,"href":"https:\/\/pueblaenlinea.com\/2025\/wp-json\/wp\/v2\/media\/134943"}],"wp:attachment":[{"href":"https:\/\/pueblaenlinea.com\/2025\/wp-json\/wp\/v2\/media?parent=134942"}],"wp:term":[{"taxonomy":"category","embeddable":true,"href":"https:\/\/pueblaenlinea.com\/2025\/wp-json\/wp\/v2\/categories?post=134942"},{"taxonomy":"post_tag","embeddable":true,"href":"https:\/\/pueblaenlinea.com\/2025\/wp-json\/wp\/v2\/tags?post=134942"}],"curies":[{"name":"wp","href":"https:\/\/api.w.org\/{rel}","templated":true}]}}