{"id":134940,"date":"2026-09-04T20:05:27","date_gmt":"2026-09-05T02:05:27","guid":{"rendered":"https:\/\/pueblaenlinea.com\/2025\/?p=134940"},"modified":"2026-09-04T20:05:27","modified_gmt":"2026-09-05T02:05:27","slug":"tony-gali-no-busca-la-alcaldia-de-puebla-revela-traicion-del-pan-y-se-suma-a-movimiento-ciudadano","status":"publish","type":"post","link":"https:\/\/pueblaenlinea.com\/2025\/puebla\/tony-gali-no-busca-la-alcaldia-de-puebla-revela-traicion-del-pan-y-se-suma-a-movimiento-ciudadano\/","title":{"rendered":"Tony Gali no busca la alcald\u00eda de Puebla, revela traici\u00f3n del PAN y se suma a Movimiento Ciudadano"},"content":{"rendered":"\n<p class=\"wp-block-paragraph\"><strong>Tony Gali Fayad cerr\u00f3, al menos por ahora, la puerta a una candidatura para la alcald\u00eda de Puebla en 2027. El exgobernador asegura que su regreso a la pol\u00edtica tiene otro prop\u00f3sito: organizar a Movimiento Ciudadano y construir estructura en los 217 municipios.<\/strong><\/p>\n\n\n\n<p class=\"wp-block-paragraph\">El nombre de <strong>Tony Gali Fayad<\/strong> hab\u00eda comenzado a sonar entre los posibles perfiles para disputar nuevamente la presidencia municipal de Puebla. Pero el propio exmandatario puso freno a las especulaciones.<\/p>\n\n\n\n<p class=\"wp-block-paragraph\">No va por la alcald\u00eda.<\/p>\n\n\n\n<p class=\"wp-block-paragraph\">Gali explic\u00f3 que su incorporaci\u00f3n a <strong>Movimiento Ciudadano (MC)<\/strong> no responde, al menos en este momento, a la intenci\u00f3n de buscar un nuevo cargo de elecci\u00f3n popular, sino a una tarea mucho menos vistosa y bastante m\u00e1s complicada: <strong>construir partido desde abajo<\/strong>.<\/p>\n\n\n\n<h3 class=\"wp-block-heading\">Tony Gali cambia la candidatura por la operaci\u00f3n pol\u00edtica<\/h3>\n\n\n\n<p class=\"wp-block-paragraph\">El exgobernador se\u00f1al\u00f3 que actualmente su prioridad es participar en la organizaci\u00f3n de MC en Puebla y fortalecer su estructura territorial.<\/p>\n\n\n\n<p class=\"wp-block-paragraph\">La tarea, reconoci\u00f3, todav\u00eda tiene bastante camino por recorrer.<\/p>\n\n\n\n<p class=\"wp-block-paragraph\"><strong>\ud83d\uddf3\ufe0f 2027:<\/strong> Tony Gali descart\u00f3 contender por la alcald\u00eda de Puebla capital.<\/p>\n\n\n\n<p class=\"wp-block-paragraph\"><strong>\ud83d\udfe0 Nuevo papel:<\/strong> actualmente es delegado nacional de Movimiento Ciudadano en Puebla.<\/p>\n\n\n\n<p class=\"wp-block-paragraph\"><strong>\ud83c\udfd8\ufe0f Trabajo territorial:<\/strong> plantea formar comit\u00e9s municipales y fortalecer la estructura del partido en los 217 municipios.<\/p>\n\n\n\n<p class=\"wp-block-paragraph\"><strong>\ud83d\udd35 Ruptura con el PAN:<\/strong> afirm\u00f3 que, aunque fue candidato por Acci\u00f3n Nacional, nunca estuvo afiliado formalmente al partido.<\/p>\n\n\n\n<p class=\"wp-block-paragraph\">Gali resumi\u00f3 el reto con una frase que revela que la apuesta de MC no ser\u00e1 \u00fanicamente medi\u00e1tica: <strong>\u201cformar los comit\u00e9s municipales y trabajar con ellos en los 217 municipios porque obviamente no est\u00e1n completos\u201d.<\/strong><\/p>\n\n\n\n<p class=\"wp-block-paragraph\">En pol\u00edtica, construir estructura rara vez genera tantos reflectores como anunciar una candidatura. Pero suele ser ah\u00ed donde comienza la verdadera disputa electoral.<\/p>\n\n\n\n<h3 class=\"wp-block-heading\">Del PAN a Movimiento Ciudadano<\/h3>\n\n\n\n<p class=\"wp-block-paragraph\">La historia pol\u00edtica de Tony Gali con el PAN tambi\u00e9n qued\u00f3 sobre la mesa.<\/p>\n\n\n\n<p class=\"wp-block-paragraph\">Gali record\u00f3 que fue candidato del partido, aunque asegur\u00f3 que <strong>nunca estuvo afiliado al PAN ni a ninguna otra fuerza pol\u00edtica<\/strong>.<\/p>\n\n\n\n<p class=\"wp-block-paragraph\">Tambi\u00e9n relat\u00f3 que, en su momento, Acci\u00f3n Nacional le prometi\u00f3 una alcald\u00eda con una duraci\u00f3n de <strong>cuatro a\u00f1os y ocho meses<\/strong>, compromiso que, seg\u00fan su versi\u00f3n, finalmente no se cumpli\u00f3.<\/p>\n\n\n\n<p class=\"wp-block-paragraph\">Despu\u00e9s de concluir su gobierno, afirm\u00f3 que perdi\u00f3 todo contacto con el partido blanquiazul.<\/p>\n\n\n\n<p class=\"wp-block-paragraph\">Ahora el escenario es diferente.<\/p>\n\n\n\n<p class=\"wp-block-paragraph\">El exgobernador se encuentra incorporado a <strong>Movimiento Ciudadano<\/strong>, donde ocupa la responsabilidad de delegado nacional en Puebla.<\/p>\n\n\n\n<p class=\"wp-block-paragraph\">El cambio de camiseta pol\u00edtica, sin embargo, no viene acompa\u00f1ado por una candidatura inmediata. Al menos eso es lo que Gali sostiene p\u00fablicamente.<\/p>\n\n\n\n<p class=\"wp-block-paragraph\">Si quieres seguir esta y otras notas de inter\u00e9s en tiempo real, \u00fanete a nuestro canal de WhatsApp: <a href=\"https:\/\/whatsapp.com\/channel\/0029Va5CSyuEQIalZaJWpX1h?utm_source=chatgpt.com\">WhatsApp de Puebla En L\u00ednea<\/a><\/p>\n\n\n\n<h3 class=\"wp-block-heading\">\u00bfEntonces qu\u00e9 busca Tony Gali rumbo a 2027?<\/h3>\n\n\n\n<p class=\"wp-block-paragraph\">Por ahora, la respuesta est\u00e1 en la organizaci\u00f3n.<\/p>\n\n\n\n<p class=\"wp-block-paragraph\">La meta planteada es que Movimiento Ciudadano tenga presencia en los <strong>217 municipios de Puebla<\/strong>, con comit\u00e9s y estructura capaces de competir en el pr\u00f3ximo proceso electoral.<\/p>\n\n\n\n<p class=\"wp-block-paragraph\">Eso coloca a Gali en una posici\u00f3n distinta a la del aspirante tradicional. No aparece buscando el reflector de una candidatura, sino recorriendo el territorio para ayudar a construir una maquinaria electoral.<\/p>\n\n\n\n<p class=\"wp-block-paragraph\">Y hay una iron\u00eda pol\u00edtica en el movimiento: <strong>quien podr\u00eda ser mencionado como candidato decidi\u00f3 hablar primero de comit\u00e9s, municipios y estructura<\/strong>.<\/p>\n\n\n\n<p class=\"wp-block-paragraph\">El proceso electoral de 2027 todav\u00eda est\u00e1 por delante. Y si algo ense\u00f1a la pol\u00edtica mexicana es que entre un \u201cno voy\u201d y una boleta electoral pueden ocurrir muchas cosas.<\/p>\n\n\n\n<p class=\"wp-block-paragraph\">Por ahora, sin embargo, Tony Gali dice que su apuesta est\u00e1 en Movimiento Ciudadano y no en la alcald\u00eda de Puebla.<\/p>\n\n\n\n<p class=\"wp-block-paragraph\"><strong>Reflexi\u00f3n:<\/strong> En pol\u00edtica, decir que no se busca un cargo tambi\u00e9n puede ser una forma de anunciar que se est\u00e1 preparando el terreno. La verdadera se\u00f1al estar\u00e1 en los municipios, en los comit\u00e9s y en la capacidad de MC para convertir organizaci\u00f3n en votos cuando llegue el momento.<\/p>\n\n\n\n<p class=\"wp-block-paragraph\"><strong>Escrito por Redacci\u00f3n Puebla En L\u00ednea<\/strong><\/p>\n\n\n\n<h3 class=\"wp-block-heading\"><\/h3>\n\n\n\n<ol class=\"wp-block-list\">\n<li><strong>Tony Gali dice \u201cno\u201d a la alcald\u00eda de Puebla en 2027: \u00bfqu\u00e9 har\u00e1 ahora dentro de MC?<\/strong><\/li>\n\n\n\n<li><strong>\u00bfTony Gali regresa por un cargo? Esto dijo sobre la alcald\u00eda de Puebla rumbo a 2027<\/strong><\/li>\n\n\n\n<li><strong>Tony Gali se baja de la carrera por Puebla capital y revela su nueva apuesta pol\u00edtica<\/strong><\/li>\n\n\n\n<li><strong>De candidato a operador: Tony Gali enfocar\u00e1 sus esfuerzos en construir MC en los 217 municipios<\/strong><\/li>\n\n\n\n<li><strong>Tony Gali rompe las especulaciones sobre 2027: no busca la alcald\u00eda, quiere fortalecer a MC en Puebla<\/strong><\/li>\n<\/ol>\n","protected":false},"excerpt":{"rendered":"<p>Tony Gali Fayad cerr\u00f3, al menos por ahora, la puerta a una candidatura para la alcald\u00eda de Puebla en 2027. El exgobernador asegura que su regreso a la pol\u00edtica tiene otro prop\u00f3sito: organizar a Movimiento Ciudadano y construir estructura en los 217 municipios. El nombre de Tony Gali Fayad hab\u00eda comenzado a sonar entre los&#8230;<\/p>\n","protected":false},"author":9,"featured_media":134941,"comment_status":"closed","ping_status":"closed","sticky":false,"template":"","format":"standard","meta":{"footnotes":""},"categories":[2],"tags":[1386],"class_list":["post-134940","post","type-post","status-publish","format-standard","has-post-thumbnail","hentry","category-puebla","tag-puebla"],"yoast_head":"<!-- This site is optimized with the Yoast SEO plugin v28.4 - https:\/\/yoast.com\/product\/yoast-seo-wordpress\/ -->\n<title>Tony Gali no busca la alcald\u00eda de Puebla, revela traici\u00f3n del PAN y se suma a Movimiento Ciudadano - Puebla En Linea<\/title>\n<meta name=\"description\" content=\"Tony Gali no busca la alcald\u00eda de Puebla, revela traici\u00f3n del PAN y se suma a Movimiento Ciudadano Puebla\" \/>\n<meta name=\"robots\" content=\"index, follow, max-snippet:-1, max-image-preview:large, max-video-preview:-1\" \/>\n<link rel=\"canonical\" href=\"https:\/\/pueblaenlinea.com\/2025\/puebla\/tony-gali-no-busca-la-alcaldia-de-puebla-revela-traicion-del-pan-y-se-suma-a-movimiento-ciudadano\/\" \/>\n<meta property=\"og:locale\" content=\"es_MX\" \/>\n<meta property=\"og:type\" content=\"article\" \/>\n<meta property=\"og:title\" content=\"Tony Gali no busca la alcald\u00eda de Puebla, revela traici\u00f3n del PAN y se suma a Movimiento Ciudadano - Puebla En Linea\" \/>\n<meta property=\"og:description\" content=\"Tony Gali no busca la alcald\u00eda de Puebla, revela traici\u00f3n del PAN y se suma a Movimiento Ciudadano Puebla\" \/>\n<meta property=\"og:url\" content=\"https:\/\/pueblaenlinea.com\/2025\/puebla\/tony-gali-no-busca-la-alcaldia-de-puebla-revela-traicion-del-pan-y-se-suma-a-movimiento-ciudadano\/\" \/>\n<meta property=\"og:site_name\" content=\"Puebla En Linea\" \/>\n<meta property=\"article:publisher\" content=\"https:\/\/www.facebook.com\/pueblaenlineacom\" \/>\n<meta property=\"article:published_time\" content=\"2026-09-05T02:05:27+00:00\" \/>\n<meta property=\"og:image\" content=\"https:\/\/pueblaenlinea.com\/2025\/wp-content\/uploads\/2026\/09\/tonygalifosfofosfo.jpg\" \/>\n\t<meta property=\"og:image:width\" content=\"1200\" \/>\n\t<meta property=\"og:image:height\" content=\"674\" \/>\n\t<meta property=\"og:image:type\" content=\"image\/jpeg\" \/>\n<meta name=\"author\" content=\"lupita Puebla en linea\" \/>\n<meta name=\"twitter:card\" content=\"summary_large_image\" \/>\n<meta name=\"twitter:label1\" content=\"Escrito por\" \/>\n\t<meta name=\"twitter:data1\" content=\"lupita Puebla en linea\" \/>\n\t<meta name=\"twitter:label2\" content=\"Tiempo de lectura\" \/>\n\t<meta name=\"twitter:data2\" content=\"4 minutos\" \/>\n<script type=\"application\/ld+json\" class=\"yoast-schema-graph\">{\"@context\":\"https:\\\/\\\/schema.org\",\"@graph\":[{\"@type\":\"Article\",\"@id\":\"https:\\\/\\\/pueblaenlinea.com\\\/2025\\\/puebla\\\/tony-gali-no-busca-la-alcaldia-de-puebla-revela-traicion-del-pan-y-se-suma-a-movimiento-ciudadano\\\/#article\",\"isPartOf\":{\"@id\":\"https:\\\/\\\/pueblaenlinea.com\\\/2025\\\/puebla\\\/tony-gali-no-busca-la-alcaldia-de-puebla-revela-traicion-del-pan-y-se-suma-a-movimiento-ciudadano\\\/\"},\"author\":{\"name\":\"lupita Puebla en linea\",\"@id\":\"https:\\\/\\\/pueblaenlinea.com\\\/2025\\\/#\\\/schema\\\/person\\\/2baf91de3092c7d50fb754a48f084d7f\"},\"headline\":\"Tony Gali no busca la alcald\u00eda de Puebla, revela traici\u00f3n del PAN y se suma a Movimiento Ciudadano\",\"datePublished\":\"2026-09-05T02:05:27+00:00\",\"mainEntityOfPage\":{\"@id\":\"https:\\\/\\\/pueblaenlinea.com\\\/2025\\\/puebla\\\/tony-gali-no-busca-la-alcaldia-de-puebla-revela-traicion-del-pan-y-se-suma-a-movimiento-ciudadano\\\/\"},\"wordCount\":779,\"image\":{\"@id\":\"https:\\\/\\\/pueblaenlinea.com\\\/2025\\\/puebla\\\/tony-gali-no-busca-la-alcaldia-de-puebla-revela-traicion-del-pan-y-se-suma-a-movimiento-ciudadano\\\/#primaryimage\"},\"thumbnailUrl\":\"https:\\\/\\\/pueblaenlinea.com\\\/2025\\\/wp-content\\\/uploads\\\/2026\\\/09\\\/tonygalifosfofosfo.jpg\",\"keywords\":[\"Puebla\"],\"articleSection\":[\"Puebla\"],\"inLanguage\":\"es\"},{\"@type\":\"WebPage\",\"@id\":\"https:\\\/\\\/pueblaenlinea.com\\\/2025\\\/puebla\\\/tony-gali-no-busca-la-alcaldia-de-puebla-revela-traicion-del-pan-y-se-suma-a-movimiento-ciudadano\\\/\",\"url\":\"https:\\\/\\\/pueblaenlinea.com\\\/2025\\\/puebla\\\/tony-gali-no-busca-la-alcaldia-de-puebla-revela-traicion-del-pan-y-se-suma-a-movimiento-ciudadano\\\/\",\"name\":\"Tony Gali no busca la alcald\u00eda de Puebla, revela traici\u00f3n del PAN y se suma a Movimiento Ciudadano - Puebla En Linea\",\"isPartOf\":{\"@id\":\"https:\\\/\\\/pueblaenlinea.com\\\/2025\\\/#website\"},\"primaryImageOfPage\":{\"@id\":\"https:\\\/\\\/pueblaenlinea.com\\\/2025\\\/puebla\\\/tony-gali-no-busca-la-alcaldia-de-puebla-revela-traicion-del-pan-y-se-suma-a-movimiento-ciudadano\\\/#primaryimage\"},\"image\":{\"@id\":\"https:\\\/\\\/pueblaenlinea.com\\\/2025\\\/puebla\\\/tony-gali-no-busca-la-alcaldia-de-puebla-revela-traicion-del-pan-y-se-suma-a-movimiento-ciudadano\\\/#primaryimage\"},\"thumbnailUrl\":\"https:\\\/\\\/pueblaenlinea.com\\\/2025\\\/wp-content\\\/uploads\\\/2026\\\/09\\\/tonygalifosfofosfo.jpg\",\"datePublished\":\"2026-09-05T02:05:27+00:00\",\"author\":{\"@id\":\"https:\\\/\\\/pueblaenlinea.com\\\/2025\\\/#\\\/schema\\\/person\\\/2baf91de3092c7d50fb754a48f084d7f\"},\"description\":\"Tony Gali no busca la alcald\u00eda de Puebla, revela traici\u00f3n del PAN y se suma a Movimiento Ciudadano Puebla\",\"breadcrumb\":{\"@id\":\"https:\\\/\\\/pueblaenlinea.com\\\/2025\\\/puebla\\\/tony-gali-no-busca-la-alcaldia-de-puebla-revela-traicion-del-pan-y-se-suma-a-movimiento-ciudadano\\\/#breadcrumb\"},\"inLanguage\":\"es\",\"potentialAction\":[{\"@type\":\"ReadAction\",\"target\":[\"https:\\\/\\\/pueblaenlinea.com\\\/2025\\\/puebla\\\/tony-gali-no-busca-la-alcaldia-de-puebla-revela-traicion-del-pan-y-se-suma-a-movimiento-ciudadano\\\/\"]}]},{\"@type\":\"ImageObject\",\"inLanguage\":\"es\",\"@id\":\"https:\\\/\\\/pueblaenlinea.com\\\/2025\\\/puebla\\\/tony-gali-no-busca-la-alcaldia-de-puebla-revela-traicion-del-pan-y-se-suma-a-movimiento-ciudadano\\\/#primaryimage\",\"url\":\"https:\\\/\\\/pueblaenlinea.com\\\/2025\\\/wp-content\\\/uploads\\\/2026\\\/09\\\/tonygalifosfofosfo.jpg\",\"contentUrl\":\"https:\\\/\\\/pueblaenlinea.com\\\/2025\\\/wp-content\\\/uploads\\\/2026\\\/09\\\/tonygalifosfofosfo.jpg\",\"width\":1200,\"height\":674},{\"@type\":\"BreadcrumbList\",\"@id\":\"https:\\\/\\\/pueblaenlinea.com\\\/2025\\\/puebla\\\/tony-gali-no-busca-la-alcaldia-de-puebla-revela-traicion-del-pan-y-se-suma-a-movimiento-ciudadano\\\/#breadcrumb\",\"itemListElement\":[{\"@type\":\"ListItem\",\"position\":1,\"name\":\"Inicio\",\"item\":\"https:\\\/\\\/pueblaenlinea.com\\\/2025\\\/\"},{\"@type\":\"ListItem\",\"position\":2,\"name\":\"Tony Gali no busca la alcald\u00eda de Puebla, revela traici\u00f3n del PAN y se suma a Movimiento Ciudadano\"}]},{\"@type\":\"WebSite\",\"@id\":\"https:\\\/\\\/pueblaenlinea.com\\\/2025\\\/#website\",\"url\":\"https:\\\/\\\/pueblaenlinea.com\\\/2025\\\/\",\"name\":\"Puebla En Linea\",\"description\":\"noticias de puebla, periodismo serio y comprometido.\",\"potentialAction\":[{\"@type\":\"SearchAction\",\"target\":{\"@type\":\"EntryPoint\",\"urlTemplate\":\"https:\\\/\\\/pueblaenlinea.com\\\/2025\\\/?s={search_term_string}\"},\"query-input\":{\"@type\":\"PropertyValueSpecification\",\"valueRequired\":true,\"valueName\":\"search_term_string\"}}],\"inLanguage\":\"es\"},{\"@type\":\"Person\",\"@id\":\"https:\\\/\\\/pueblaenlinea.com\\\/2025\\\/#\\\/schema\\\/person\\\/2baf91de3092c7d50fb754a48f084d7f\",\"name\":\"lupita Puebla en linea\",\"image\":{\"@type\":\"ImageObject\",\"inLanguage\":\"es\",\"@id\":\"https:\\\/\\\/pueblaenlinea.com\\\/2025\\\/wp-content\\\/litespeed\\\/avatar\\\/c3bdb4b8e42693060df9dbf8c3f9c41d.jpg?ver=1788290860\",\"url\":\"https:\\\/\\\/pueblaenlinea.com\\\/2025\\\/wp-content\\\/litespeed\\\/avatar\\\/c3bdb4b8e42693060df9dbf8c3f9c41d.jpg?ver=1788290860\",\"contentUrl\":\"https:\\\/\\\/pueblaenlinea.com\\\/2025\\\/wp-content\\\/litespeed\\\/avatar\\\/c3bdb4b8e42693060df9dbf8c3f9c41d.jpg?ver=1788290860\",\"caption\":\"lupita Puebla en linea\"},\"url\":\"https:\\\/\\\/pueblaenlinea.com\\\/2025\\\/author\\\/lupita\\\/\"}]}<\/script>\n<!-- \/ Yoast SEO plugin. -->","yoast_head_json":{"title":"Tony Gali no busca la alcald\u00eda de Puebla, revela traici\u00f3n del PAN y se suma a Movimiento Ciudadano - Puebla En Linea","description":"Tony Gali no busca la alcald\u00eda de Puebla, revela traici\u00f3n del PAN y se suma a Movimiento Ciudadano Puebla","robots":{"index":"index","follow":"follow","max-snippet":"max-snippet:-1","max-image-preview":"max-image-preview:large","max-video-preview":"max-video-preview:-1"},"canonical":"https:\/\/pueblaenlinea.com\/2025\/puebla\/tony-gali-no-busca-la-alcaldia-de-puebla-revela-traicion-del-pan-y-se-suma-a-movimiento-ciudadano\/","og_locale":"es_MX","og_type":"article","og_title":"Tony Gali no busca la alcald\u00eda de Puebla, revela traici\u00f3n del PAN y se suma a Movimiento Ciudadano - Puebla En Linea","og_description":"Tony Gali no busca la alcald\u00eda de Puebla, revela traici\u00f3n del PAN y se suma a Movimiento Ciudadano Puebla","og_url":"https:\/\/pueblaenlinea.com\/2025\/puebla\/tony-gali-no-busca-la-alcaldia-de-puebla-revela-traicion-del-pan-y-se-suma-a-movimiento-ciudadano\/","og_site_name":"Puebla En Linea","article_publisher":"https:\/\/www.facebook.com\/pueblaenlineacom","article_published_time":"2026-09-05T02:05:27+00:00","og_image":[{"width":1200,"height":674,"url":"https:\/\/pueblaenlinea.com\/2025\/wp-content\/uploads\/2026\/09\/tonygalifosfofosfo.jpg","type":"image\/jpeg"}],"author":"lupita Puebla en linea","twitter_card":"summary_large_image","twitter_misc":{"Escrito por":"lupita Puebla en linea","Tiempo de lectura":"4 minutos"},"schema":{"@context":"https:\/\/schema.org","@graph":[{"@type":"Article","@id":"https:\/\/pueblaenlinea.com\/2025\/puebla\/tony-gali-no-busca-la-alcaldia-de-puebla-revela-traicion-del-pan-y-se-suma-a-movimiento-ciudadano\/#article","isPartOf":{"@id":"https:\/\/pueblaenlinea.com\/2025\/puebla\/tony-gali-no-busca-la-alcaldia-de-puebla-revela-traicion-del-pan-y-se-suma-a-movimiento-ciudadano\/"},"author":{"name":"lupita Puebla en linea","@id":"https:\/\/pueblaenlinea.com\/2025\/#\/schema\/person\/2baf91de3092c7d50fb754a48f084d7f"},"headline":"Tony Gali no busca la alcald\u00eda de Puebla, revela traici\u00f3n del PAN y se suma a Movimiento Ciudadano","datePublished":"2026-09-05T02:05:27+00:00","mainEntityOfPage":{"@id":"https:\/\/pueblaenlinea.com\/2025\/puebla\/tony-gali-no-busca-la-alcaldia-de-puebla-revela-traicion-del-pan-y-se-suma-a-movimiento-ciudadano\/"},"wordCount":779,"image":{"@id":"https:\/\/pueblaenlinea.com\/2025\/puebla\/tony-gali-no-busca-la-alcaldia-de-puebla-revela-traicion-del-pan-y-se-suma-a-movimiento-ciudadano\/#primaryimage"},"thumbnailUrl":"https:\/\/pueblaenlinea.com\/2025\/wp-content\/uploads\/2026\/09\/tonygalifosfofosfo.jpg","keywords":["Puebla"],"articleSection":["Puebla"],"inLanguage":"es"},{"@type":"WebPage","@id":"https:\/\/pueblaenlinea.com\/2025\/puebla\/tony-gali-no-busca-la-alcaldia-de-puebla-revela-traicion-del-pan-y-se-suma-a-movimiento-ciudadano\/","url":"https:\/\/pueblaenlinea.com\/2025\/puebla\/tony-gali-no-busca-la-alcaldia-de-puebla-revela-traicion-del-pan-y-se-suma-a-movimiento-ciudadano\/","name":"Tony Gali no busca la alcald\u00eda de Puebla, revela traici\u00f3n del PAN y se suma a Movimiento Ciudadano - Puebla En Linea","isPartOf":{"@id":"https:\/\/pueblaenlinea.com\/2025\/#website"},"primaryImageOfPage":{"@id":"https:\/\/pueblaenlinea.com\/2025\/puebla\/tony-gali-no-busca-la-alcaldia-de-puebla-revela-traicion-del-pan-y-se-suma-a-movimiento-ciudadano\/#primaryimage"},"image":{"@id":"https:\/\/pueblaenlinea.com\/2025\/puebla\/tony-gali-no-busca-la-alcaldia-de-puebla-revela-traicion-del-pan-y-se-suma-a-movimiento-ciudadano\/#primaryimage"},"thumbnailUrl":"https:\/\/pueblaenlinea.com\/2025\/wp-content\/uploads\/2026\/09\/tonygalifosfofosfo.jpg","datePublished":"2026-09-05T02:05:27+00:00","author":{"@id":"https:\/\/pueblaenlinea.com\/2025\/#\/schema\/person\/2baf91de3092c7d50fb754a48f084d7f"},"description":"Tony Gali no busca la alcald\u00eda de Puebla, revela traici\u00f3n del PAN y se suma a Movimiento Ciudadano Puebla","breadcrumb":{"@id":"https:\/\/pueblaenlinea.com\/2025\/puebla\/tony-gali-no-busca-la-alcaldia-de-puebla-revela-traicion-del-pan-y-se-suma-a-movimiento-ciudadano\/#breadcrumb"},"inLanguage":"es","potentialAction":[{"@type":"ReadAction","target":["https:\/\/pueblaenlinea.com\/2025\/puebla\/tony-gali-no-busca-la-alcaldia-de-puebla-revela-traicion-del-pan-y-se-suma-a-movimiento-ciudadano\/"]}]},{"@type":"ImageObject","inLanguage":"es","@id":"https:\/\/pueblaenlinea.com\/2025\/puebla\/tony-gali-no-busca-la-alcaldia-de-puebla-revela-traicion-del-pan-y-se-suma-a-movimiento-ciudadano\/#primaryimage","url":"https:\/\/pueblaenlinea.com\/2025\/wp-content\/uploads\/2026\/09\/tonygalifosfofosfo.jpg","contentUrl":"https:\/\/pueblaenlinea.com\/2025\/wp-content\/uploads\/2026\/09\/tonygalifosfofosfo.jpg","width":1200,"height":674},{"@type":"BreadcrumbList","@id":"https:\/\/pueblaenlinea.com\/2025\/puebla\/tony-gali-no-busca-la-alcaldia-de-puebla-revela-traicion-del-pan-y-se-suma-a-movimiento-ciudadano\/#breadcrumb","itemListElement":[{"@type":"ListItem","position":1,"name":"Inicio","item":"https:\/\/pueblaenlinea.com\/2025\/"},{"@type":"ListItem","position":2,"name":"Tony Gali no busca la alcald\u00eda de Puebla, revela traici\u00f3n del PAN y se suma a Movimiento Ciudadano"}]},{"@type":"WebSite","@id":"https:\/\/pueblaenlinea.com\/2025\/#website","url":"https:\/\/pueblaenlinea.com\/2025\/","name":"Puebla En Linea","description":"noticias de puebla, periodismo serio y comprometido.","potentialAction":[{"@type":"SearchAction","target":{"@type":"EntryPoint","urlTemplate":"https:\/\/pueblaenlinea.com\/2025\/?s={search_term_string}"},"query-input":{"@type":"PropertyValueSpecification","valueRequired":true,"valueName":"search_term_string"}}],"inLanguage":"es"},{"@type":"Person","@id":"https:\/\/pueblaenlinea.com\/2025\/#\/schema\/person\/2baf91de3092c7d50fb754a48f084d7f","name":"lupita Puebla en linea","image":{"@type":"ImageObject","inLanguage":"es","@id":"https:\/\/pueblaenlinea.com\/2025\/wp-content\/litespeed\/avatar\/c3bdb4b8e42693060df9dbf8c3f9c41d.jpg?ver=1788290860","url":"https:\/\/pueblaenlinea.com\/2025\/wp-content\/litespeed\/avatar\/c3bdb4b8e42693060df9dbf8c3f9c41d.jpg?ver=1788290860","contentUrl":"https:\/\/pueblaenlinea.com\/2025\/wp-content\/litespeed\/avatar\/c3bdb4b8e42693060df9dbf8c3f9c41d.jpg?ver=1788290860","caption":"lupita Puebla en linea"},"url":"https:\/\/pueblaenlinea.com\/2025\/author\/lupita\/"}]}},"_links":{"self":[{"href":"https:\/\/pueblaenlinea.com\/2025\/wp-json\/wp\/v2\/posts\/134940","targetHints":{"allow":["GET"]}}],"collection":[{"href":"https:\/\/pueblaenlinea.com\/2025\/wp-json\/wp\/v2\/posts"}],"about":[{"href":"https:\/\/pueblaenlinea.com\/2025\/wp-json\/wp\/v2\/types\/post"}],"author":[{"embeddable":true,"href":"https:\/\/pueblaenlinea.com\/2025\/wp-json\/wp\/v2\/users\/9"}],"replies":[{"embeddable":true,"href":"https:\/\/pueblaenlinea.com\/2025\/wp-json\/wp\/v2\/comments?post=134940"}],"version-history":[{"count":0,"href":"https:\/\/pueblaenlinea.com\/2025\/wp-json\/wp\/v2\/posts\/134940\/revisions"}],"wp:featuredmedia":[{"embeddable":true,"href":"https:\/\/pueblaenlinea.com\/2025\/wp-json\/wp\/v2\/media\/134941"}],"wp:attachment":[{"href":"https:\/\/pueblaenlinea.com\/2025\/wp-json\/wp\/v2\/media?parent=134940"}],"wp:term":[{"taxonomy":"category","embeddable":true,"href":"https:\/\/pueblaenlinea.com\/2025\/wp-json\/wp\/v2\/categories?post=134940"},{"taxonomy":"post_tag","embeddable":true,"href":"https:\/\/pueblaenlinea.com\/2025\/wp-json\/wp\/v2\/tags?post=134940"}],"curies":[{"name":"wp","href":"https:\/\/api.w.org\/{rel}","templated":true}]}}