{"id":134936,"date":"2026-09-04T19:49:58","date_gmt":"2026-09-05T01:49:58","guid":{"rendered":"https:\/\/pueblaenlinea.com\/2025\/?p=134936"},"modified":"2026-09-04T19:49:58","modified_gmt":"2026-09-05T01:49:58","slug":"rescatan-a-nina-de-4-anos-durante-operativo-contra-presunta-trata-de-personas-en-puebla","status":"publish","type":"post","link":"https:\/\/pueblaenlinea.com\/2025\/nota-roja\/rescatan-a-nina-de-4-anos-durante-operativo-contra-presunta-trata-de-personas-en-puebla\/","title":{"rendered":"Rescatan a ni\u00f1a de 4 a\u00f1os durante operativo contra presunta trata de personas en Puebla"},"content":{"rendered":"\n<p class=\"wp-block-paragraph\"><strong>Disparos, camionetas ministeriales y una movilizaci\u00f3n que desconcert\u00f3 a vecinos terminaron revelando un operativo de la Fiscal\u00eda de Puebla: una ni\u00f1a de apenas cuatro a\u00f1os fue rescatada como posible v\u00edctima de trata de personas.<\/strong><\/p>\n\n\n\n<p class=\"wp-block-paragraph\">La noche del <strong>jueves 3 de septiembre<\/strong>, la colonia <strong>Casablanca<\/strong>, en los l\u00edmites de Puebla y Amozoc, dej\u00f3 de ser una zona de tr\u00e1nsito cotidiano para convertirse en escenario de un operativo ministerial.<\/p>\n\n\n\n<p class=\"wp-block-paragraph\">Todo comenz\u00f3 con los reportes de <strong>disparos sobre la carretera federal a Tehuac\u00e1n<\/strong>, poco antes de llegar al puente del Perif\u00e9rico Ecol\u00f3gico. Durante varios minutos, la incertidumbre hizo lo suyo: vecinos preguntaban en redes sociales qu\u00e9 estaba ocurriendo mientras las unidades de la Fiscal\u00eda llegaban al sitio.<\/p>\n\n\n\n<p class=\"wp-block-paragraph\">Pero detr\u00e1s de aquella movilizaci\u00f3n hab\u00eda una investigaci\u00f3n mucho m\u00e1s delicada.<\/p>\n\n\n\n<h3 class=\"wp-block-heading\">Una menor, en el centro del operativo<\/h3>\n\n\n\n<p class=\"wp-block-paragraph\">La <strong>Fiscal\u00eda General del Estado de Puebla (FGE)<\/strong> confirm\u00f3 posteriormente que la intervenci\u00f3n estaba relacionada con una investigaci\u00f3n por un posible caso de <strong>trata de personas, en la modalidad de explotaci\u00f3n sexual<\/strong>.<\/p>\n\n\n\n<p class=\"wp-block-paragraph\">Durante el operativo fue localizada y rescatada <strong>una ni\u00f1a de apenas cuatro a\u00f1os de edad<\/strong>, quien ser\u00eda una posible v\u00edctima de este delito.<\/p>\n\n\n\n<p class=\"wp-block-paragraph\"><strong>\ud83d\udea8 Operativo:<\/strong> ocurri\u00f3 la noche del jueves 3 de septiembre en la colonia Casablanca.<\/p>\n\n\n\n<p class=\"wp-block-paragraph\"><strong>\ud83d\udc67 V\u00edctima rescatada:<\/strong> una ni\u00f1a de cuatro a\u00f1os, considerada presunta v\u00edctima de trata de personas.<\/p>\n\n\n\n<p class=\"wp-block-paragraph\"><strong>\ud83d\udd0e Investigaci\u00f3n:<\/strong> la FGE indaga un posible caso de trata bajo la modalidad de explotaci\u00f3n sexual.<\/p>\n\n\n\n<p class=\"wp-block-paragraph\"><strong>\ud83d\udccd Zona:<\/strong> carretera federal a Tehuac\u00e1n, cerca del puente del Perif\u00e9rico Ecol\u00f3gico y en los l\u00edmites de Puebla y Amozoc.<\/p>\n\n\n\n<p class=\"wp-block-paragraph\">La escena hab\u00eda comenzado con ruido. Los vecinos escucharon detonaciones y despu\u00e9s observaron a agentes ministeriales desplaz\u00e1ndose en camionetas sin placas.<\/p>\n\n\n\n<p class=\"wp-block-paragraph\">Los videos grabados por personas que se encontraban en los alrededores comenzaron a circular en redes sociales. Primero fueron im\u00e1genes sin explicaci\u00f3n. Despu\u00e9s lleg\u00f3 la informaci\u00f3n oficial.<\/p>\n\n\n\n<p class=\"wp-block-paragraph\">Y entonces la pregunta dej\u00f3 de ser <strong>\u201c\u00bfqu\u00e9 est\u00e1 pasando?\u201d<\/strong> para convertirse en otra mucho m\u00e1s inquietante: <strong>\u00bfc\u00f3mo termin\u00f3 una ni\u00f1a de cuatro a\u00f1os en el centro de una investigaci\u00f3n por trata?<\/strong><\/p>\n\n\n\n<h3 class=\"wp-block-heading\">La Fiscal\u00eda mantiene abierta la investigaci\u00f3n<\/h3>\n\n\n\n<p class=\"wp-block-paragraph\">Hasta el momento, la informaci\u00f3n disponible apunta a que el rescate de la menor forma parte de las diligencias realizadas por la Fiscal\u00eda de Puebla para esclarecer los hechos y determinar responsabilidades.<\/p>\n\n\n\n<p class=\"wp-block-paragraph\">La investigaci\u00f3n deber\u00e1 establecer qui\u00e9nes estaban involucrados, cu\u00e1l era exactamente la situaci\u00f3n de la ni\u00f1a y qu\u00e9 circunstancias llevaron a las autoridades hasta ese punto.<\/p>\n\n\n\n<p class=\"wp-block-paragraph\">En este tipo de casos, cada dato tiene un peso distinto. Por ello, ser\u00e1 necesario esperar el avance de las indagatorias y las determinaciones de la autoridad antes de establecer responsabilidades legales.<\/p>\n\n\n\n<p class=\"wp-block-paragraph\">Si quieres seguir esta y otras notas de inter\u00e9s en tiempo real, \u00fanete a nuestro canal de WhatsApp: <a href=\"https:\/\/whatsapp.com\/channel\/0029Va5CSyuEQIalZaJWpX1h?utm_source=chatgpt.com\">WhatsApp de Puebla En L\u00ednea<\/a><\/p>\n\n\n\n<h3 class=\"wp-block-heading\">Una noche que comenz\u00f3 con disparos<\/h3>\n\n\n\n<p class=\"wp-block-paragraph\">La colonia Casablanca se encuentra en una zona de conexi\u00f3n entre Puebla y Amozoc, donde el tr\u00e1nsito de veh\u00edculos forma parte del paisaje cotidiano.<\/p>\n\n\n\n<p class=\"wp-block-paragraph\">La noche del jueves, sin embargo, los disparos rompieron esa normalidad.<\/p>\n\n\n\n<p class=\"wp-block-paragraph\">La presencia de agentes ministeriales gener\u00f3 preguntas entre quienes estaban cerca. Las im\u00e1genes de las camionetas circularon antes de que se conociera la naturaleza del operativo.<\/p>\n\n\n\n<p class=\"wp-block-paragraph\">Horas despu\u00e9s, la informaci\u00f3n oficial permiti\u00f3 completar una parte del rompecabezas: <strong>no se trataba simplemente de una movilizaci\u00f3n derivada de un incidente vial o de seguridad com\u00fan, sino de una investigaci\u00f3n por un posible delito que tiene como v\u00edctima potencial a una menor de edad.<\/strong><\/p>\n\n\n\n<p class=\"wp-block-paragraph\">Ahora corresponde a la Fiscal\u00eda esclarecer los hechos y garantizar la protecci\u00f3n de la ni\u00f1a, mientras determina si existen otras v\u00edctimas y qui\u00e9nes podr\u00edan ser responsables.<\/p>\n\n\n\n<p class=\"wp-block-paragraph\"><strong>Reflexi\u00f3n:<\/strong> Cuando una ni\u00f1a de cuatro a\u00f1os aparece en una investigaci\u00f3n por trata, la noticia deja de ser solamente un expediente policial. Detr\u00e1s de cada carpeta hay una vida que necesita protecci\u00f3n, justicia y, sobre todo, que los adultos hayan llegado a tiempo.<\/p>\n\n\n\n<p class=\"wp-block-paragraph\"><strong>Escrito por Redacci\u00f3n Puebla En L\u00ednea<\/strong><\/p>\n\n\n\n<h3 class=\"wp-block-heading\"><\/h3>\n\n\n\n<ol class=\"wp-block-list\">\n<li><strong>Rescatan a ni\u00f1a de 4 a\u00f1os en Puebla; investigan posible caso de trata con explotaci\u00f3n sexual<\/strong><\/li>\n\n\n\n<li><strong>\u00bfQu\u00e9 ocurri\u00f3 en Casablanca? Disparos terminaron revelando el rescate de una ni\u00f1a de 4 a\u00f1os<\/strong><\/li>\n\n\n\n<li><strong>Operativo de la FGE en Puebla termina con una menor rescatada; investigan trata de personas<\/strong><\/li>\n\n\n\n<li><strong>La noche de los disparos en Puebla ten\u00eda otra historia: rescatan a ni\u00f1a durante operativo de la FGE<\/strong><\/li>\n\n\n\n<li><strong>Ni\u00f1a de 4 a\u00f1os, posible v\u00edctima de trata, es rescatada en operativo en los l\u00edmites de Puebla y Amozoc<\/strong><\/li>\n<\/ol>\n","protected":false},"excerpt":{"rendered":"<p>Disparos, camionetas ministeriales y una movilizaci\u00f3n que desconcert\u00f3 a vecinos terminaron revelando un operativo de la Fiscal\u00eda de Puebla: una ni\u00f1a de apenas cuatro a\u00f1os fue rescatada como posible v\u00edctima de trata de personas. La noche del jueves 3 de septiembre, la colonia Casablanca, en los l\u00edmites de Puebla y Amozoc, dej\u00f3 de ser una&#8230;<\/p>\n","protected":false},"author":9,"featured_media":134937,"comment_status":"closed","ping_status":"closed","sticky":false,"template":"","format":"standard","meta":{"footnotes":""},"categories":[24],"tags":[1396],"class_list":["post-134936","post","type-post","status-publish","format-standard","has-post-thumbnail","hentry","category-nota-roja","tag-virales"],"yoast_head":"<!-- This site is optimized with the Yoast SEO plugin v28.4 - https:\/\/yoast.com\/product\/yoast-seo-wordpress\/ -->\n<title>Rescatan a ni\u00f1a de 4 a\u00f1os durante operativo contra presunta trata de personas en Puebla - Puebla En Linea<\/title>\n<meta name=\"description\" content=\"Rescatan a ni\u00f1a de 4 a\u00f1os durante operativo contra presunta trata de personas en Puebla Nota Roja\" \/>\n<meta name=\"robots\" content=\"index, follow, max-snippet:-1, max-image-preview:large, max-video-preview:-1\" \/>\n<link rel=\"canonical\" href=\"https:\/\/pueblaenlinea.com\/2025\/nota-roja\/rescatan-a-nina-de-4-anos-durante-operativo-contra-presunta-trata-de-personas-en-puebla\/\" \/>\n<meta property=\"og:locale\" content=\"es_MX\" \/>\n<meta property=\"og:type\" content=\"article\" \/>\n<meta property=\"og:title\" content=\"Rescatan a ni\u00f1a de 4 a\u00f1os durante operativo contra presunta trata de personas en Puebla - Puebla En Linea\" \/>\n<meta property=\"og:description\" content=\"Rescatan a ni\u00f1a de 4 a\u00f1os durante operativo contra presunta trata de personas en Puebla Nota Roja\" \/>\n<meta property=\"og:url\" content=\"https:\/\/pueblaenlinea.com\/2025\/nota-roja\/rescatan-a-nina-de-4-anos-durante-operativo-contra-presunta-trata-de-personas-en-puebla\/\" \/>\n<meta property=\"og:site_name\" content=\"Puebla En Linea\" \/>\n<meta property=\"article:publisher\" content=\"https:\/\/www.facebook.com\/pueblaenlineacom\" \/>\n<meta property=\"article:published_time\" content=\"2026-09-05T01:49:58+00:00\" \/>\n<meta property=\"og:image\" content=\"https:\/\/pueblaenlinea.com\/2025\/wp-content\/uploads\/2026\/09\/trata.jpg\" \/>\n\t<meta property=\"og:image:width\" content=\"1200\" \/>\n\t<meta property=\"og:image:height\" content=\"674\" \/>\n\t<meta property=\"og:image:type\" content=\"image\/jpeg\" \/>\n<meta name=\"author\" content=\"lupita Puebla en linea\" \/>\n<meta name=\"twitter:card\" content=\"summary_large_image\" \/>\n<meta name=\"twitter:label1\" content=\"Escrito por\" \/>\n\t<meta name=\"twitter:data1\" content=\"lupita Puebla en linea\" \/>\n\t<meta name=\"twitter:label2\" content=\"Tiempo de lectura\" \/>\n\t<meta name=\"twitter:data2\" content=\"4 minutos\" \/>\n<script type=\"application\/ld+json\" class=\"yoast-schema-graph\">{\"@context\":\"https:\\\/\\\/schema.org\",\"@graph\":[{\"@type\":\"Article\",\"@id\":\"https:\\\/\\\/pueblaenlinea.com\\\/2025\\\/nota-roja\\\/rescatan-a-nina-de-4-anos-durante-operativo-contra-presunta-trata-de-personas-en-puebla\\\/#article\",\"isPartOf\":{\"@id\":\"https:\\\/\\\/pueblaenlinea.com\\\/2025\\\/nota-roja\\\/rescatan-a-nina-de-4-anos-durante-operativo-contra-presunta-trata-de-personas-en-puebla\\\/\"},\"author\":{\"name\":\"lupita Puebla en linea\",\"@id\":\"https:\\\/\\\/pueblaenlinea.com\\\/2025\\\/#\\\/schema\\\/person\\\/2baf91de3092c7d50fb754a48f084d7f\"},\"headline\":\"Rescatan a ni\u00f1a de 4 a\u00f1os durante operativo contra presunta trata de personas en Puebla\",\"datePublished\":\"2026-09-05T01:49:58+00:00\",\"mainEntityOfPage\":{\"@id\":\"https:\\\/\\\/pueblaenlinea.com\\\/2025\\\/nota-roja\\\/rescatan-a-nina-de-4-anos-durante-operativo-contra-presunta-trata-de-personas-en-puebla\\\/\"},\"wordCount\":819,\"image\":{\"@id\":\"https:\\\/\\\/pueblaenlinea.com\\\/2025\\\/nota-roja\\\/rescatan-a-nina-de-4-anos-durante-operativo-contra-presunta-trata-de-personas-en-puebla\\\/#primaryimage\"},\"thumbnailUrl\":\"https:\\\/\\\/pueblaenlinea.com\\\/2025\\\/wp-content\\\/uploads\\\/2026\\\/09\\\/trata.jpg\",\"keywords\":[\"virales\"],\"articleSection\":[\"Nota Roja\"],\"inLanguage\":\"es\"},{\"@type\":\"WebPage\",\"@id\":\"https:\\\/\\\/pueblaenlinea.com\\\/2025\\\/nota-roja\\\/rescatan-a-nina-de-4-anos-durante-operativo-contra-presunta-trata-de-personas-en-puebla\\\/\",\"url\":\"https:\\\/\\\/pueblaenlinea.com\\\/2025\\\/nota-roja\\\/rescatan-a-nina-de-4-anos-durante-operativo-contra-presunta-trata-de-personas-en-puebla\\\/\",\"name\":\"Rescatan a ni\u00f1a de 4 a\u00f1os durante operativo contra presunta trata de personas en Puebla - Puebla En Linea\",\"isPartOf\":{\"@id\":\"https:\\\/\\\/pueblaenlinea.com\\\/2025\\\/#website\"},\"primaryImageOfPage\":{\"@id\":\"https:\\\/\\\/pueblaenlinea.com\\\/2025\\\/nota-roja\\\/rescatan-a-nina-de-4-anos-durante-operativo-contra-presunta-trata-de-personas-en-puebla\\\/#primaryimage\"},\"image\":{\"@id\":\"https:\\\/\\\/pueblaenlinea.com\\\/2025\\\/nota-roja\\\/rescatan-a-nina-de-4-anos-durante-operativo-contra-presunta-trata-de-personas-en-puebla\\\/#primaryimage\"},\"thumbnailUrl\":\"https:\\\/\\\/pueblaenlinea.com\\\/2025\\\/wp-content\\\/uploads\\\/2026\\\/09\\\/trata.jpg\",\"datePublished\":\"2026-09-05T01:49:58+00:00\",\"author\":{\"@id\":\"https:\\\/\\\/pueblaenlinea.com\\\/2025\\\/#\\\/schema\\\/person\\\/2baf91de3092c7d50fb754a48f084d7f\"},\"description\":\"Rescatan a ni\u00f1a de 4 a\u00f1os durante operativo contra presunta trata de personas en Puebla Nota Roja\",\"breadcrumb\":{\"@id\":\"https:\\\/\\\/pueblaenlinea.com\\\/2025\\\/nota-roja\\\/rescatan-a-nina-de-4-anos-durante-operativo-contra-presunta-trata-de-personas-en-puebla\\\/#breadcrumb\"},\"inLanguage\":\"es\",\"potentialAction\":[{\"@type\":\"ReadAction\",\"target\":[\"https:\\\/\\\/pueblaenlinea.com\\\/2025\\\/nota-roja\\\/rescatan-a-nina-de-4-anos-durante-operativo-contra-presunta-trata-de-personas-en-puebla\\\/\"]}]},{\"@type\":\"ImageObject\",\"inLanguage\":\"es\",\"@id\":\"https:\\\/\\\/pueblaenlinea.com\\\/2025\\\/nota-roja\\\/rescatan-a-nina-de-4-anos-durante-operativo-contra-presunta-trata-de-personas-en-puebla\\\/#primaryimage\",\"url\":\"https:\\\/\\\/pueblaenlinea.com\\\/2025\\\/wp-content\\\/uploads\\\/2026\\\/09\\\/trata.jpg\",\"contentUrl\":\"https:\\\/\\\/pueblaenlinea.com\\\/2025\\\/wp-content\\\/uploads\\\/2026\\\/09\\\/trata.jpg\",\"width\":1200,\"height\":674},{\"@type\":\"BreadcrumbList\",\"@id\":\"https:\\\/\\\/pueblaenlinea.com\\\/2025\\\/nota-roja\\\/rescatan-a-nina-de-4-anos-durante-operativo-contra-presunta-trata-de-personas-en-puebla\\\/#breadcrumb\",\"itemListElement\":[{\"@type\":\"ListItem\",\"position\":1,\"name\":\"Inicio\",\"item\":\"https:\\\/\\\/pueblaenlinea.com\\\/2025\\\/\"},{\"@type\":\"ListItem\",\"position\":2,\"name\":\"Rescatan a ni\u00f1a de 4 a\u00f1os durante operativo contra presunta trata de personas en Puebla\"}]},{\"@type\":\"WebSite\",\"@id\":\"https:\\\/\\\/pueblaenlinea.com\\\/2025\\\/#website\",\"url\":\"https:\\\/\\\/pueblaenlinea.com\\\/2025\\\/\",\"name\":\"Puebla En Linea\",\"description\":\"noticias de puebla, periodismo serio y comprometido.\",\"potentialAction\":[{\"@type\":\"SearchAction\",\"target\":{\"@type\":\"EntryPoint\",\"urlTemplate\":\"https:\\\/\\\/pueblaenlinea.com\\\/2025\\\/?s={search_term_string}\"},\"query-input\":{\"@type\":\"PropertyValueSpecification\",\"valueRequired\":true,\"valueName\":\"search_term_string\"}}],\"inLanguage\":\"es\"},{\"@type\":\"Person\",\"@id\":\"https:\\\/\\\/pueblaenlinea.com\\\/2025\\\/#\\\/schema\\\/person\\\/2baf91de3092c7d50fb754a48f084d7f\",\"name\":\"lupita Puebla en linea\",\"image\":{\"@type\":\"ImageObject\",\"inLanguage\":\"es\",\"@id\":\"https:\\\/\\\/pueblaenlinea.com\\\/2025\\\/wp-content\\\/litespeed\\\/avatar\\\/c3bdb4b8e42693060df9dbf8c3f9c41d.jpg?ver=1788290860\",\"url\":\"https:\\\/\\\/pueblaenlinea.com\\\/2025\\\/wp-content\\\/litespeed\\\/avatar\\\/c3bdb4b8e42693060df9dbf8c3f9c41d.jpg?ver=1788290860\",\"contentUrl\":\"https:\\\/\\\/pueblaenlinea.com\\\/2025\\\/wp-content\\\/litespeed\\\/avatar\\\/c3bdb4b8e42693060df9dbf8c3f9c41d.jpg?ver=1788290860\",\"caption\":\"lupita Puebla en linea\"},\"url\":\"https:\\\/\\\/pueblaenlinea.com\\\/2025\\\/author\\\/lupita\\\/\"}]}<\/script>\n<!-- \/ Yoast SEO plugin. -->","yoast_head_json":{"title":"Rescatan a ni\u00f1a de 4 a\u00f1os durante operativo contra presunta trata de personas en Puebla - Puebla En Linea","description":"Rescatan a ni\u00f1a de 4 a\u00f1os durante operativo contra presunta trata de personas en Puebla Nota Roja","robots":{"index":"index","follow":"follow","max-snippet":"max-snippet:-1","max-image-preview":"max-image-preview:large","max-video-preview":"max-video-preview:-1"},"canonical":"https:\/\/pueblaenlinea.com\/2025\/nota-roja\/rescatan-a-nina-de-4-anos-durante-operativo-contra-presunta-trata-de-personas-en-puebla\/","og_locale":"es_MX","og_type":"article","og_title":"Rescatan a ni\u00f1a de 4 a\u00f1os durante operativo contra presunta trata de personas en Puebla - Puebla En Linea","og_description":"Rescatan a ni\u00f1a de 4 a\u00f1os durante operativo contra presunta trata de personas en Puebla Nota Roja","og_url":"https:\/\/pueblaenlinea.com\/2025\/nota-roja\/rescatan-a-nina-de-4-anos-durante-operativo-contra-presunta-trata-de-personas-en-puebla\/","og_site_name":"Puebla En Linea","article_publisher":"https:\/\/www.facebook.com\/pueblaenlineacom","article_published_time":"2026-09-05T01:49:58+00:00","og_image":[{"width":1200,"height":674,"url":"https:\/\/pueblaenlinea.com\/2025\/wp-content\/uploads\/2026\/09\/trata.jpg","type":"image\/jpeg"}],"author":"lupita Puebla en linea","twitter_card":"summary_large_image","twitter_misc":{"Escrito por":"lupita Puebla en linea","Tiempo de lectura":"4 minutos"},"schema":{"@context":"https:\/\/schema.org","@graph":[{"@type":"Article","@id":"https:\/\/pueblaenlinea.com\/2025\/nota-roja\/rescatan-a-nina-de-4-anos-durante-operativo-contra-presunta-trata-de-personas-en-puebla\/#article","isPartOf":{"@id":"https:\/\/pueblaenlinea.com\/2025\/nota-roja\/rescatan-a-nina-de-4-anos-durante-operativo-contra-presunta-trata-de-personas-en-puebla\/"},"author":{"name":"lupita Puebla en linea","@id":"https:\/\/pueblaenlinea.com\/2025\/#\/schema\/person\/2baf91de3092c7d50fb754a48f084d7f"},"headline":"Rescatan a ni\u00f1a de 4 a\u00f1os durante operativo contra presunta trata de personas en Puebla","datePublished":"2026-09-05T01:49:58+00:00","mainEntityOfPage":{"@id":"https:\/\/pueblaenlinea.com\/2025\/nota-roja\/rescatan-a-nina-de-4-anos-durante-operativo-contra-presunta-trata-de-personas-en-puebla\/"},"wordCount":819,"image":{"@id":"https:\/\/pueblaenlinea.com\/2025\/nota-roja\/rescatan-a-nina-de-4-anos-durante-operativo-contra-presunta-trata-de-personas-en-puebla\/#primaryimage"},"thumbnailUrl":"https:\/\/pueblaenlinea.com\/2025\/wp-content\/uploads\/2026\/09\/trata.jpg","keywords":["virales"],"articleSection":["Nota Roja"],"inLanguage":"es"},{"@type":"WebPage","@id":"https:\/\/pueblaenlinea.com\/2025\/nota-roja\/rescatan-a-nina-de-4-anos-durante-operativo-contra-presunta-trata-de-personas-en-puebla\/","url":"https:\/\/pueblaenlinea.com\/2025\/nota-roja\/rescatan-a-nina-de-4-anos-durante-operativo-contra-presunta-trata-de-personas-en-puebla\/","name":"Rescatan a ni\u00f1a de 4 a\u00f1os durante operativo contra presunta trata de personas en Puebla - Puebla En Linea","isPartOf":{"@id":"https:\/\/pueblaenlinea.com\/2025\/#website"},"primaryImageOfPage":{"@id":"https:\/\/pueblaenlinea.com\/2025\/nota-roja\/rescatan-a-nina-de-4-anos-durante-operativo-contra-presunta-trata-de-personas-en-puebla\/#primaryimage"},"image":{"@id":"https:\/\/pueblaenlinea.com\/2025\/nota-roja\/rescatan-a-nina-de-4-anos-durante-operativo-contra-presunta-trata-de-personas-en-puebla\/#primaryimage"},"thumbnailUrl":"https:\/\/pueblaenlinea.com\/2025\/wp-content\/uploads\/2026\/09\/trata.jpg","datePublished":"2026-09-05T01:49:58+00:00","author":{"@id":"https:\/\/pueblaenlinea.com\/2025\/#\/schema\/person\/2baf91de3092c7d50fb754a48f084d7f"},"description":"Rescatan a ni\u00f1a de 4 a\u00f1os durante operativo contra presunta trata de personas en Puebla Nota Roja","breadcrumb":{"@id":"https:\/\/pueblaenlinea.com\/2025\/nota-roja\/rescatan-a-nina-de-4-anos-durante-operativo-contra-presunta-trata-de-personas-en-puebla\/#breadcrumb"},"inLanguage":"es","potentialAction":[{"@type":"ReadAction","target":["https:\/\/pueblaenlinea.com\/2025\/nota-roja\/rescatan-a-nina-de-4-anos-durante-operativo-contra-presunta-trata-de-personas-en-puebla\/"]}]},{"@type":"ImageObject","inLanguage":"es","@id":"https:\/\/pueblaenlinea.com\/2025\/nota-roja\/rescatan-a-nina-de-4-anos-durante-operativo-contra-presunta-trata-de-personas-en-puebla\/#primaryimage","url":"https:\/\/pueblaenlinea.com\/2025\/wp-content\/uploads\/2026\/09\/trata.jpg","contentUrl":"https:\/\/pueblaenlinea.com\/2025\/wp-content\/uploads\/2026\/09\/trata.jpg","width":1200,"height":674},{"@type":"BreadcrumbList","@id":"https:\/\/pueblaenlinea.com\/2025\/nota-roja\/rescatan-a-nina-de-4-anos-durante-operativo-contra-presunta-trata-de-personas-en-puebla\/#breadcrumb","itemListElement":[{"@type":"ListItem","position":1,"name":"Inicio","item":"https:\/\/pueblaenlinea.com\/2025\/"},{"@type":"ListItem","position":2,"name":"Rescatan a ni\u00f1a de 4 a\u00f1os durante operativo contra presunta trata de personas en Puebla"}]},{"@type":"WebSite","@id":"https:\/\/pueblaenlinea.com\/2025\/#website","url":"https:\/\/pueblaenlinea.com\/2025\/","name":"Puebla En Linea","description":"noticias de puebla, periodismo serio y comprometido.","potentialAction":[{"@type":"SearchAction","target":{"@type":"EntryPoint","urlTemplate":"https:\/\/pueblaenlinea.com\/2025\/?s={search_term_string}"},"query-input":{"@type":"PropertyValueSpecification","valueRequired":true,"valueName":"search_term_string"}}],"inLanguage":"es"},{"@type":"Person","@id":"https:\/\/pueblaenlinea.com\/2025\/#\/schema\/person\/2baf91de3092c7d50fb754a48f084d7f","name":"lupita Puebla en linea","image":{"@type":"ImageObject","inLanguage":"es","@id":"https:\/\/pueblaenlinea.com\/2025\/wp-content\/litespeed\/avatar\/c3bdb4b8e42693060df9dbf8c3f9c41d.jpg?ver=1788290860","url":"https:\/\/pueblaenlinea.com\/2025\/wp-content\/litespeed\/avatar\/c3bdb4b8e42693060df9dbf8c3f9c41d.jpg?ver=1788290860","contentUrl":"https:\/\/pueblaenlinea.com\/2025\/wp-content\/litespeed\/avatar\/c3bdb4b8e42693060df9dbf8c3f9c41d.jpg?ver=1788290860","caption":"lupita Puebla en linea"},"url":"https:\/\/pueblaenlinea.com\/2025\/author\/lupita\/"}]}},"_links":{"self":[{"href":"https:\/\/pueblaenlinea.com\/2025\/wp-json\/wp\/v2\/posts\/134936","targetHints":{"allow":["GET"]}}],"collection":[{"href":"https:\/\/pueblaenlinea.com\/2025\/wp-json\/wp\/v2\/posts"}],"about":[{"href":"https:\/\/pueblaenlinea.com\/2025\/wp-json\/wp\/v2\/types\/post"}],"author":[{"embeddable":true,"href":"https:\/\/pueblaenlinea.com\/2025\/wp-json\/wp\/v2\/users\/9"}],"replies":[{"embeddable":true,"href":"https:\/\/pueblaenlinea.com\/2025\/wp-json\/wp\/v2\/comments?post=134936"}],"version-history":[{"count":0,"href":"https:\/\/pueblaenlinea.com\/2025\/wp-json\/wp\/v2\/posts\/134936\/revisions"}],"wp:featuredmedia":[{"embeddable":true,"href":"https:\/\/pueblaenlinea.com\/2025\/wp-json\/wp\/v2\/media\/134937"}],"wp:attachment":[{"href":"https:\/\/pueblaenlinea.com\/2025\/wp-json\/wp\/v2\/media?parent=134936"}],"wp:term":[{"taxonomy":"category","embeddable":true,"href":"https:\/\/pueblaenlinea.com\/2025\/wp-json\/wp\/v2\/categories?post=134936"},{"taxonomy":"post_tag","embeddable":true,"href":"https:\/\/pueblaenlinea.com\/2025\/wp-json\/wp\/v2\/tags?post=134936"}],"curies":[{"name":"wp","href":"https:\/\/api.w.org\/{rel}","templated":true}]}}