{"id":134932,"date":"2026-09-04T19:15:16","date_gmt":"2026-09-05T01:15:16","guid":{"rendered":"https:\/\/pueblaenlinea.com\/2025\/?p=134932"},"modified":"2026-09-04T19:15:16","modified_gmt":"2026-09-05T01:15:16","slug":"denuncian-formalmente-a-pedro-c-el-energumeno-de-la-atlixcayotl-tras-agresion-a-abuelitos","status":"publish","type":"post","link":"https:\/\/pueblaenlinea.com\/2025\/nota-roja\/denuncian-formalmente-a-pedro-c-el-energumeno-de-la-atlixcayotl-tras-agresion-a-abuelitos\/","title":{"rendered":"Denuncian formalmente a Pedro C, el &#8220;energ\u00fameno de la Atlixc\u00e1yotl&#8221;, tras agresi\u00f3n a abuelitos"},"content":{"rendered":"\n<p class=\"wp-block-paragraph\"> <\/p>\n\n\n\n<p class=\"wp-block-paragraph\">La soberbia y la violencia desmedida al volante pocas veces encuentran un freno institucional, pero el caso del autodenominado &#8220;energ\u00fameno de la Atlixc\u00e1yotl&#8221; ha dado un giro definitivo. Tras viralizarse el cobarde ataque contra una pareja de la tercera edad a quienes rompi\u00f3 el cristal de su veh\u00edculo con las manos limpias de cordura, Pedro Cervera \u2014dise\u00f1ador de la firma de vestidos &#8220;SPOOSA&#8221;\u2014 ya enfrenta una denuncia penal formal ante la Fiscal\u00eda General del Estado.<\/p>\n\n\n\n<p class=\"wp-block-paragraph\"><strong>Puntos clave del caso en la V\u00eda Atlixc\u00e1yotl<\/strong><\/p>\n\n\n\n<ul class=\"wp-block-list\">\n<li><strong>El agresor:<\/strong> Identificado como Pedro Cervera, empresario y dise\u00f1ador de vestidos de novia y quincea\u00f1era de la marca \u201cSPOOSA\u201d.<\/li>\n\n\n\n<li><strong>La carpeta de investigaci\u00f3n:<\/strong> El delito formalmente denunciado es Da\u00f1o en Propiedad Ajena, radicado bajo el expediente FGEP\/CDI\/FIR\/FIR-II\/008134\/2026.<\/li>\n\n\n\n<li><strong>La postura de las v\u00edctimas:<\/strong> Don Jorge y su esposa no buscan venganza ni rencor; est\u00e1n dispuestos a un acuerdo reparatorio \u00fanicamente para cubrir los gastos de reparaci\u00f3n de su unidad, condicionado a que el agresor mantenga la paz por la salud de don Jorge.<\/li>\n\n\n\n<li><strong>Diligencia clave:<\/strong> Este mismo viernes, despu\u00e9s de las 13:00 horas, los afectados se presentar\u00e1n en la FGE y acudir\u00e1n al punto exacto de la V\u00eda Atlixc\u00e1yotl para realizar la reconstrucci\u00f3n ministerial de los hechos.<\/li>\n<\/ul>\n\n\n\n<p class=\"wp-block-paragraph\">Lo que resulta verdaderamente ins\u00f3lito en esta historia no es la furia ciega con la que un ciudadano arremete contra un veh\u00edculo tripulado por adultos mayores, sino la magnanimidad con la que las propias v\u00edctimas han respondido. Lejos de exigir castigos ejemplares o alimentar espirales de odio, la esposa de don Jorge dej\u00f3 claro que el \u00fanico objetivo es recuperar lo invertido en el parabrisas y cerrar el cap\u00edtulo, poniendo como \u00fanica l\u00ednea roja que el dise\u00f1ador evite cualquier desplante agresivo que pueda comprometer la fr\u00e1gil salud de su esposo.<\/p>\n\n\n\n<p class=\"wp-block-paragraph\">Hasta el momento, el silencio ha sido la respuesta del lado del agresor, quien no ha mostrado intenciones de acercarse a reparar el da\u00f1o econ\u00f3mico provocado por su arranque de ira. Sin embargo, la justicia avanza sin prisa pero sin pausa. Las manecillas del reloj marcan el pulso de esta diligencia pericial en plena V\u00eda Atlixc\u00e1yotl, un ejercicio indispensable para documentar la mec\u00e1nica exacta de la agresi\u00f3n y fortalecer el expediente judicial.<\/p>\n\n\n\n<p class=\"wp-block-paragraph\">Si quieres seguir esta y otras notas de inter\u00e9s en tiempo real, \u00fanete a nuestro canal de WhatsApp: <a target=\"_blank\" rel=\"noopener\" href=\"https:\/\/whatsapp.com\/channel\/0029Va5CSyuEQIalZaJWpX1h\">https:\/\/whatsapp.com\/channel\/0029Va5CSyuEQIalZaJWpX1h<\/a><\/p>\n\n\n\n<p class=\"wp-block-paragraph\">La arrogancia urbana y la furia vial no pueden seguir dictando las reglas de convivencia en nuestras vialidades. Que la denuncia prospere y que la sensatez de las v\u00edctimas contraste con la cobard\u00eda del agresor sirva de recordatorio: ning\u00fan privilegio comercial ni arrebato de soberbia exime a nadie de responder ante la ley y ante la decencia humana.<\/p>\n\n\n\n<p class=\"wp-block-paragraph\">Escrito por Redacci\u00f3n Puebla En L\u00ednea<\/p>\n\n\n\n<p class=\"wp-block-paragraph\"><strong> <\/strong><\/p>\n\n\n\n<ol start=\"1\" class=\"wp-block-list\">\n<li>Denuncian formalmente a Pedro Cervera, el &#8220;energ\u00fameno de la Atlixc\u00e1yotl&#8221;, tras agresi\u00f3n a abuelitos<\/li>\n\n\n\n<li>&#8220;No buscamos venganza, solo justicia&#8221;: La postura de la pareja de abuelitos atacada en Puebla<\/li>\n\n\n\n<li>FGE realiza reconstrucci\u00f3n de hechos por ataque a veh\u00edculo en la V\u00eda Atlixc\u00e1yotl<\/li>\n\n\n\n<li>De la agresi\u00f3n al perd\u00f3n condicionado: Lo que se sabe del caso del dise\u00f1ador de SPOOSA<\/li>\n\n\n\n<li>Furia vial en Puebla: Avanza proceso legal contra empresario textil tras destrozar auto de adultos mayores<\/li>\n<\/ol>\n\n\n\n<p class=\"wp-block-paragraph\"> Pedro Cervera Puebla, energ\u00fameno de la Atlixc\u00e1yotl, SPOOSA Puebla, FGE Puebla, agresi\u00f3n adultos mayores Puebla, V\u00eda Atlixc\u00e1yotl noticias, notas rojas Puebla, noticias Puebla hoy<\/p>\n","protected":false},"excerpt":{"rendered":"<p>La soberbia y la violencia desmedida al volante pocas veces encuentran un freno institucional, pero el caso del autodenominado &#8220;energ\u00fameno de la Atlixc\u00e1yotl&#8221; ha dado un giro definitivo. Tras viralizarse el cobarde ataque contra una pareja de la tercera edad a quienes rompi\u00f3 el cristal de su veh\u00edculo con las manos limpias de cordura, Pedro&#8230;<\/p>\n","protected":false},"author":2,"featured_media":134933,"comment_status":"closed","ping_status":"closed","sticky":false,"template":"","format":"standard","meta":{"footnotes":""},"categories":[24],"tags":[1400],"class_list":["post-134932","post","type-post","status-publish","format-standard","has-post-thumbnail","hentry","category-nota-roja","tag-detenidos"],"yoast_head":"<!-- This site is optimized with the Yoast SEO plugin v28.4 - https:\/\/yoast.com\/product\/yoast-seo-wordpress\/ -->\n<title>Denuncian formalmente a Pedro C, el &quot;energ\u00fameno de la Atlixc\u00e1yotl&quot;, tras agresi\u00f3n a abuelitos - Puebla En Linea<\/title>\n<meta name=\"description\" content=\"Denuncian formalmente a Pedro C, el &quot;energ\u00fameno de la Atlixc\u00e1yotl&quot;, tras agresi\u00f3n a abuelitos Nota Roja\" \/>\n<meta name=\"robots\" content=\"index, follow, max-snippet:-1, max-image-preview:large, max-video-preview:-1\" \/>\n<link rel=\"canonical\" href=\"https:\/\/pueblaenlinea.com\/2025\/nota-roja\/denuncian-formalmente-a-pedro-c-el-energumeno-de-la-atlixcayotl-tras-agresion-a-abuelitos\/\" \/>\n<meta property=\"og:locale\" content=\"es_MX\" \/>\n<meta property=\"og:type\" content=\"article\" \/>\n<meta property=\"og:title\" content=\"Denuncian formalmente a Pedro C, el &quot;energ\u00fameno de la Atlixc\u00e1yotl&quot;, tras agresi\u00f3n a abuelitos - Puebla En Linea\" \/>\n<meta property=\"og:description\" content=\"Denuncian formalmente a Pedro C, el &quot;energ\u00fameno de la Atlixc\u00e1yotl&quot;, tras agresi\u00f3n a abuelitos Nota Roja\" \/>\n<meta property=\"og:url\" content=\"https:\/\/pueblaenlinea.com\/2025\/nota-roja\/denuncian-formalmente-a-pedro-c-el-energumeno-de-la-atlixcayotl-tras-agresion-a-abuelitos\/\" \/>\n<meta property=\"og:site_name\" content=\"Puebla En Linea\" \/>\n<meta property=\"article:publisher\" content=\"https:\/\/www.facebook.com\/pueblaenlineacom\" \/>\n<meta property=\"article:published_time\" content=\"2026-09-05T01:15:16+00:00\" \/>\n<meta property=\"og:image\" content=\"https:\/\/pueblaenlinea.com\/2025\/wp-content\/uploads\/2026\/09\/pel-11.jpg\" \/>\n\t<meta property=\"og:image:width\" content=\"1200\" \/>\n\t<meta property=\"og:image:height\" content=\"674\" \/>\n\t<meta property=\"og:image:type\" content=\"image\/jpeg\" \/>\n<meta name=\"author\" content=\"Puebla EnLinea\" \/>\n<meta name=\"twitter:card\" content=\"summary_large_image\" \/>\n<meta name=\"twitter:label1\" content=\"Escrito por\" \/>\n\t<meta name=\"twitter:data1\" content=\"Puebla EnLinea\" \/>\n\t<meta name=\"twitter:label2\" content=\"Tiempo de lectura\" \/>\n\t<meta name=\"twitter:data2\" content=\"3 minutos\" \/>\n<script type=\"application\/ld+json\" class=\"yoast-schema-graph\">{\"@context\":\"https:\\\/\\\/schema.org\",\"@graph\":[{\"@type\":\"Article\",\"@id\":\"https:\\\/\\\/pueblaenlinea.com\\\/2025\\\/nota-roja\\\/denuncian-formalmente-a-pedro-c-el-energumeno-de-la-atlixcayotl-tras-agresion-a-abuelitos\\\/#article\",\"isPartOf\":{\"@id\":\"https:\\\/\\\/pueblaenlinea.com\\\/2025\\\/nota-roja\\\/denuncian-formalmente-a-pedro-c-el-energumeno-de-la-atlixcayotl-tras-agresion-a-abuelitos\\\/\"},\"author\":{\"name\":\"Puebla EnLinea\",\"@id\":\"https:\\\/\\\/pueblaenlinea.com\\\/2025\\\/#\\\/schema\\\/person\\\/6e2e07bc4690564243accbe893d21877\"},\"headline\":\"Denuncian formalmente a Pedro C, el &#8220;energ\u00fameno de la Atlixc\u00e1yotl&#8221;, tras agresi\u00f3n a abuelitos\",\"datePublished\":\"2026-09-05T01:15:16+00:00\",\"mainEntityOfPage\":{\"@id\":\"https:\\\/\\\/pueblaenlinea.com\\\/2025\\\/nota-roja\\\/denuncian-formalmente-a-pedro-c-el-energumeno-de-la-atlixcayotl-tras-agresion-a-abuelitos\\\/\"},\"wordCount\":621,\"image\":{\"@id\":\"https:\\\/\\\/pueblaenlinea.com\\\/2025\\\/nota-roja\\\/denuncian-formalmente-a-pedro-c-el-energumeno-de-la-atlixcayotl-tras-agresion-a-abuelitos\\\/#primaryimage\"},\"thumbnailUrl\":\"https:\\\/\\\/pueblaenlinea.com\\\/2025\\\/wp-content\\\/uploads\\\/2026\\\/09\\\/pel-11.jpg\",\"keywords\":[\"detenidos\"],\"articleSection\":[\"Nota Roja\"],\"inLanguage\":\"es\"},{\"@type\":\"WebPage\",\"@id\":\"https:\\\/\\\/pueblaenlinea.com\\\/2025\\\/nota-roja\\\/denuncian-formalmente-a-pedro-c-el-energumeno-de-la-atlixcayotl-tras-agresion-a-abuelitos\\\/\",\"url\":\"https:\\\/\\\/pueblaenlinea.com\\\/2025\\\/nota-roja\\\/denuncian-formalmente-a-pedro-c-el-energumeno-de-la-atlixcayotl-tras-agresion-a-abuelitos\\\/\",\"name\":\"Denuncian formalmente a Pedro C, el \\\"energ\u00fameno de la Atlixc\u00e1yotl\\\", tras agresi\u00f3n a abuelitos - Puebla En Linea\",\"isPartOf\":{\"@id\":\"https:\\\/\\\/pueblaenlinea.com\\\/2025\\\/#website\"},\"primaryImageOfPage\":{\"@id\":\"https:\\\/\\\/pueblaenlinea.com\\\/2025\\\/nota-roja\\\/denuncian-formalmente-a-pedro-c-el-energumeno-de-la-atlixcayotl-tras-agresion-a-abuelitos\\\/#primaryimage\"},\"image\":{\"@id\":\"https:\\\/\\\/pueblaenlinea.com\\\/2025\\\/nota-roja\\\/denuncian-formalmente-a-pedro-c-el-energumeno-de-la-atlixcayotl-tras-agresion-a-abuelitos\\\/#primaryimage\"},\"thumbnailUrl\":\"https:\\\/\\\/pueblaenlinea.com\\\/2025\\\/wp-content\\\/uploads\\\/2026\\\/09\\\/pel-11.jpg\",\"datePublished\":\"2026-09-05T01:15:16+00:00\",\"author\":{\"@id\":\"https:\\\/\\\/pueblaenlinea.com\\\/2025\\\/#\\\/schema\\\/person\\\/6e2e07bc4690564243accbe893d21877\"},\"description\":\"Denuncian formalmente a Pedro C, el \\\"energ\u00fameno de la Atlixc\u00e1yotl\\\", tras agresi\u00f3n a abuelitos Nota Roja\",\"breadcrumb\":{\"@id\":\"https:\\\/\\\/pueblaenlinea.com\\\/2025\\\/nota-roja\\\/denuncian-formalmente-a-pedro-c-el-energumeno-de-la-atlixcayotl-tras-agresion-a-abuelitos\\\/#breadcrumb\"},\"inLanguage\":\"es\",\"potentialAction\":[{\"@type\":\"ReadAction\",\"target\":[\"https:\\\/\\\/pueblaenlinea.com\\\/2025\\\/nota-roja\\\/denuncian-formalmente-a-pedro-c-el-energumeno-de-la-atlixcayotl-tras-agresion-a-abuelitos\\\/\"]}]},{\"@type\":\"ImageObject\",\"inLanguage\":\"es\",\"@id\":\"https:\\\/\\\/pueblaenlinea.com\\\/2025\\\/nota-roja\\\/denuncian-formalmente-a-pedro-c-el-energumeno-de-la-atlixcayotl-tras-agresion-a-abuelitos\\\/#primaryimage\",\"url\":\"https:\\\/\\\/pueblaenlinea.com\\\/2025\\\/wp-content\\\/uploads\\\/2026\\\/09\\\/pel-11.jpg\",\"contentUrl\":\"https:\\\/\\\/pueblaenlinea.com\\\/2025\\\/wp-content\\\/uploads\\\/2026\\\/09\\\/pel-11.jpg\",\"width\":1200,\"height\":674,\"caption\":\"Pedro Cervera\"},{\"@type\":\"BreadcrumbList\",\"@id\":\"https:\\\/\\\/pueblaenlinea.com\\\/2025\\\/nota-roja\\\/denuncian-formalmente-a-pedro-c-el-energumeno-de-la-atlixcayotl-tras-agresion-a-abuelitos\\\/#breadcrumb\",\"itemListElement\":[{\"@type\":\"ListItem\",\"position\":1,\"name\":\"Inicio\",\"item\":\"https:\\\/\\\/pueblaenlinea.com\\\/2025\\\/\"},{\"@type\":\"ListItem\",\"position\":2,\"name\":\"Denuncian formalmente a Pedro C, el &#8220;energ\u00fameno de la Atlixc\u00e1yotl&#8221;, tras agresi\u00f3n a abuelitos\"}]},{\"@type\":\"WebSite\",\"@id\":\"https:\\\/\\\/pueblaenlinea.com\\\/2025\\\/#website\",\"url\":\"https:\\\/\\\/pueblaenlinea.com\\\/2025\\\/\",\"name\":\"Puebla En Linea\",\"description\":\"noticias de puebla, periodismo serio y comprometido.\",\"potentialAction\":[{\"@type\":\"SearchAction\",\"target\":{\"@type\":\"EntryPoint\",\"urlTemplate\":\"https:\\\/\\\/pueblaenlinea.com\\\/2025\\\/?s={search_term_string}\"},\"query-input\":{\"@type\":\"PropertyValueSpecification\",\"valueRequired\":true,\"valueName\":\"search_term_string\"}}],\"inLanguage\":\"es\"},{\"@type\":\"Person\",\"@id\":\"https:\\\/\\\/pueblaenlinea.com\\\/2025\\\/#\\\/schema\\\/person\\\/6e2e07bc4690564243accbe893d21877\",\"name\":\"Puebla EnLinea\",\"image\":{\"@type\":\"ImageObject\",\"inLanguage\":\"es\",\"@id\":\"https:\\\/\\\/pueblaenlinea.com\\\/2025\\\/wp-content\\\/litespeed\\\/avatar\\\/3b8bde7acb3c32a2512cab1d325df9d8.jpg?ver=1788290368\",\"url\":\"https:\\\/\\\/pueblaenlinea.com\\\/2025\\\/wp-content\\\/litespeed\\\/avatar\\\/3b8bde7acb3c32a2512cab1d325df9d8.jpg?ver=1788290368\",\"contentUrl\":\"https:\\\/\\\/pueblaenlinea.com\\\/2025\\\/wp-content\\\/litespeed\\\/avatar\\\/3b8bde7acb3c32a2512cab1d325df9d8.jpg?ver=1788290368\",\"caption\":\"Puebla EnLinea\"},\"url\":\"https:\\\/\\\/pueblaenlinea.com\\\/2025\\\/author\\\/pueblaenlinea\\\/\"}]}<\/script>\n<!-- \/ Yoast SEO plugin. -->","yoast_head_json":{"title":"Denuncian formalmente a Pedro C, el \"energ\u00fameno de la Atlixc\u00e1yotl\", tras agresi\u00f3n a abuelitos - Puebla En Linea","description":"Denuncian formalmente a Pedro C, el \"energ\u00fameno de la Atlixc\u00e1yotl\", tras agresi\u00f3n a abuelitos Nota Roja","robots":{"index":"index","follow":"follow","max-snippet":"max-snippet:-1","max-image-preview":"max-image-preview:large","max-video-preview":"max-video-preview:-1"},"canonical":"https:\/\/pueblaenlinea.com\/2025\/nota-roja\/denuncian-formalmente-a-pedro-c-el-energumeno-de-la-atlixcayotl-tras-agresion-a-abuelitos\/","og_locale":"es_MX","og_type":"article","og_title":"Denuncian formalmente a Pedro C, el \"energ\u00fameno de la Atlixc\u00e1yotl\", tras agresi\u00f3n a abuelitos - Puebla En Linea","og_description":"Denuncian formalmente a Pedro C, el \"energ\u00fameno de la Atlixc\u00e1yotl\", tras agresi\u00f3n a abuelitos Nota Roja","og_url":"https:\/\/pueblaenlinea.com\/2025\/nota-roja\/denuncian-formalmente-a-pedro-c-el-energumeno-de-la-atlixcayotl-tras-agresion-a-abuelitos\/","og_site_name":"Puebla En Linea","article_publisher":"https:\/\/www.facebook.com\/pueblaenlineacom","article_published_time":"2026-09-05T01:15:16+00:00","og_image":[{"width":1200,"height":674,"url":"https:\/\/pueblaenlinea.com\/2025\/wp-content\/uploads\/2026\/09\/pel-11.jpg","type":"image\/jpeg"}],"author":"Puebla EnLinea","twitter_card":"summary_large_image","twitter_misc":{"Escrito por":"Puebla EnLinea","Tiempo de lectura":"3 minutos"},"schema":{"@context":"https:\/\/schema.org","@graph":[{"@type":"Article","@id":"https:\/\/pueblaenlinea.com\/2025\/nota-roja\/denuncian-formalmente-a-pedro-c-el-energumeno-de-la-atlixcayotl-tras-agresion-a-abuelitos\/#article","isPartOf":{"@id":"https:\/\/pueblaenlinea.com\/2025\/nota-roja\/denuncian-formalmente-a-pedro-c-el-energumeno-de-la-atlixcayotl-tras-agresion-a-abuelitos\/"},"author":{"name":"Puebla EnLinea","@id":"https:\/\/pueblaenlinea.com\/2025\/#\/schema\/person\/6e2e07bc4690564243accbe893d21877"},"headline":"Denuncian formalmente a Pedro C, el &#8220;energ\u00fameno de la Atlixc\u00e1yotl&#8221;, tras agresi\u00f3n a abuelitos","datePublished":"2026-09-05T01:15:16+00:00","mainEntityOfPage":{"@id":"https:\/\/pueblaenlinea.com\/2025\/nota-roja\/denuncian-formalmente-a-pedro-c-el-energumeno-de-la-atlixcayotl-tras-agresion-a-abuelitos\/"},"wordCount":621,"image":{"@id":"https:\/\/pueblaenlinea.com\/2025\/nota-roja\/denuncian-formalmente-a-pedro-c-el-energumeno-de-la-atlixcayotl-tras-agresion-a-abuelitos\/#primaryimage"},"thumbnailUrl":"https:\/\/pueblaenlinea.com\/2025\/wp-content\/uploads\/2026\/09\/pel-11.jpg","keywords":["detenidos"],"articleSection":["Nota Roja"],"inLanguage":"es"},{"@type":"WebPage","@id":"https:\/\/pueblaenlinea.com\/2025\/nota-roja\/denuncian-formalmente-a-pedro-c-el-energumeno-de-la-atlixcayotl-tras-agresion-a-abuelitos\/","url":"https:\/\/pueblaenlinea.com\/2025\/nota-roja\/denuncian-formalmente-a-pedro-c-el-energumeno-de-la-atlixcayotl-tras-agresion-a-abuelitos\/","name":"Denuncian formalmente a Pedro C, el \"energ\u00fameno de la Atlixc\u00e1yotl\", tras agresi\u00f3n a abuelitos - Puebla En Linea","isPartOf":{"@id":"https:\/\/pueblaenlinea.com\/2025\/#website"},"primaryImageOfPage":{"@id":"https:\/\/pueblaenlinea.com\/2025\/nota-roja\/denuncian-formalmente-a-pedro-c-el-energumeno-de-la-atlixcayotl-tras-agresion-a-abuelitos\/#primaryimage"},"image":{"@id":"https:\/\/pueblaenlinea.com\/2025\/nota-roja\/denuncian-formalmente-a-pedro-c-el-energumeno-de-la-atlixcayotl-tras-agresion-a-abuelitos\/#primaryimage"},"thumbnailUrl":"https:\/\/pueblaenlinea.com\/2025\/wp-content\/uploads\/2026\/09\/pel-11.jpg","datePublished":"2026-09-05T01:15:16+00:00","author":{"@id":"https:\/\/pueblaenlinea.com\/2025\/#\/schema\/person\/6e2e07bc4690564243accbe893d21877"},"description":"Denuncian formalmente a Pedro C, el \"energ\u00fameno de la Atlixc\u00e1yotl\", tras agresi\u00f3n a abuelitos Nota Roja","breadcrumb":{"@id":"https:\/\/pueblaenlinea.com\/2025\/nota-roja\/denuncian-formalmente-a-pedro-c-el-energumeno-de-la-atlixcayotl-tras-agresion-a-abuelitos\/#breadcrumb"},"inLanguage":"es","potentialAction":[{"@type":"ReadAction","target":["https:\/\/pueblaenlinea.com\/2025\/nota-roja\/denuncian-formalmente-a-pedro-c-el-energumeno-de-la-atlixcayotl-tras-agresion-a-abuelitos\/"]}]},{"@type":"ImageObject","inLanguage":"es","@id":"https:\/\/pueblaenlinea.com\/2025\/nota-roja\/denuncian-formalmente-a-pedro-c-el-energumeno-de-la-atlixcayotl-tras-agresion-a-abuelitos\/#primaryimage","url":"https:\/\/pueblaenlinea.com\/2025\/wp-content\/uploads\/2026\/09\/pel-11.jpg","contentUrl":"https:\/\/pueblaenlinea.com\/2025\/wp-content\/uploads\/2026\/09\/pel-11.jpg","width":1200,"height":674,"caption":"Pedro Cervera"},{"@type":"BreadcrumbList","@id":"https:\/\/pueblaenlinea.com\/2025\/nota-roja\/denuncian-formalmente-a-pedro-c-el-energumeno-de-la-atlixcayotl-tras-agresion-a-abuelitos\/#breadcrumb","itemListElement":[{"@type":"ListItem","position":1,"name":"Inicio","item":"https:\/\/pueblaenlinea.com\/2025\/"},{"@type":"ListItem","position":2,"name":"Denuncian formalmente a Pedro C, el &#8220;energ\u00fameno de la Atlixc\u00e1yotl&#8221;, tras agresi\u00f3n a abuelitos"}]},{"@type":"WebSite","@id":"https:\/\/pueblaenlinea.com\/2025\/#website","url":"https:\/\/pueblaenlinea.com\/2025\/","name":"Puebla En Linea","description":"noticias de puebla, periodismo serio y comprometido.","potentialAction":[{"@type":"SearchAction","target":{"@type":"EntryPoint","urlTemplate":"https:\/\/pueblaenlinea.com\/2025\/?s={search_term_string}"},"query-input":{"@type":"PropertyValueSpecification","valueRequired":true,"valueName":"search_term_string"}}],"inLanguage":"es"},{"@type":"Person","@id":"https:\/\/pueblaenlinea.com\/2025\/#\/schema\/person\/6e2e07bc4690564243accbe893d21877","name":"Puebla EnLinea","image":{"@type":"ImageObject","inLanguage":"es","@id":"https:\/\/pueblaenlinea.com\/2025\/wp-content\/litespeed\/avatar\/3b8bde7acb3c32a2512cab1d325df9d8.jpg?ver=1788290368","url":"https:\/\/pueblaenlinea.com\/2025\/wp-content\/litespeed\/avatar\/3b8bde7acb3c32a2512cab1d325df9d8.jpg?ver=1788290368","contentUrl":"https:\/\/pueblaenlinea.com\/2025\/wp-content\/litespeed\/avatar\/3b8bde7acb3c32a2512cab1d325df9d8.jpg?ver=1788290368","caption":"Puebla EnLinea"},"url":"https:\/\/pueblaenlinea.com\/2025\/author\/pueblaenlinea\/"}]}},"_links":{"self":[{"href":"https:\/\/pueblaenlinea.com\/2025\/wp-json\/wp\/v2\/posts\/134932","targetHints":{"allow":["GET"]}}],"collection":[{"href":"https:\/\/pueblaenlinea.com\/2025\/wp-json\/wp\/v2\/posts"}],"about":[{"href":"https:\/\/pueblaenlinea.com\/2025\/wp-json\/wp\/v2\/types\/post"}],"author":[{"embeddable":true,"href":"https:\/\/pueblaenlinea.com\/2025\/wp-json\/wp\/v2\/users\/2"}],"replies":[{"embeddable":true,"href":"https:\/\/pueblaenlinea.com\/2025\/wp-json\/wp\/v2\/comments?post=134932"}],"version-history":[{"count":0,"href":"https:\/\/pueblaenlinea.com\/2025\/wp-json\/wp\/v2\/posts\/134932\/revisions"}],"wp:featuredmedia":[{"embeddable":true,"href":"https:\/\/pueblaenlinea.com\/2025\/wp-json\/wp\/v2\/media\/134933"}],"wp:attachment":[{"href":"https:\/\/pueblaenlinea.com\/2025\/wp-json\/wp\/v2\/media?parent=134932"}],"wp:term":[{"taxonomy":"category","embeddable":true,"href":"https:\/\/pueblaenlinea.com\/2025\/wp-json\/wp\/v2\/categories?post=134932"},{"taxonomy":"post_tag","embeddable":true,"href":"https:\/\/pueblaenlinea.com\/2025\/wp-json\/wp\/v2\/tags?post=134932"}],"curies":[{"name":"wp","href":"https:\/\/api.w.org\/{rel}","templated":true}]}}