{"id":134930,"date":"2026-09-04T19:09:53","date_gmt":"2026-09-05T01:09:53","guid":{"rendered":"https:\/\/pueblaenlinea.com\/2025\/?p=134930"},"modified":"2026-09-04T19:09:53","modified_gmt":"2026-09-05T01:09:53","slug":"el-cartel-de-sinaloa-en-puebla-la-caida-de-el-amarillo-en-lomas-de-angelopolis-confirma-la-expansion-criminal-en-el-estado","status":"publish","type":"post","link":"https:\/\/pueblaenlinea.com\/2025\/puebla\/el-cartel-de-sinaloa-en-puebla-la-caida-de-el-amarillo-en-lomas-de-angelopolis-confirma-la-expansion-criminal-en-el-estado\/","title":{"rendered":"El C\u00e1rtel de Sinaloa en Puebla: La ca\u00edda de &#8220;El Amarillo&#8221; en Lomas de Angel\u00f3polis confirma la expansi\u00f3n criminal en el estado"},"content":{"rendered":"\n<p class=\"wp-block-paragraph\"><strong> <\/strong><\/p>\n\n\n\n<p class=\"wp-block-paragraph\">Los muros de cristal y los estrictos filtros de seguridad de los fraccionamientos m\u00e1s exclusivos de Puebla dejaron de ser una muralla infranqueable frente a las fauces del narcotr\u00e1fico nacional. La reciente ca\u00edda de Gov\u00e9n Ulises N., alias \u201cEl Amarillo\u201d, no es solo la captura de un objetivo prioritario; es la confirmaci\u00f3n oficial de que el C\u00e1rtel de Sinaloa ha plantado sus reales en territorio poblano.<\/p>\n\n\n\n<p class=\"wp-block-paragraph\">Lo que hasta hace unas semanas las autoridades estatales minimizaban como un territorio disputado \u00fanicamente por La Familia Michoacana y el C\u00e1rtel Jalisco Nueva Generaci\u00f3n (CJNG), hoy se revela como un mapa mucho m\u00e1s complejo y peligroso. La conexi\u00f3n guerrerense de &#8220;El Amarillo&#8221; \u2014vinculado a la facci\u00f3n de &#8220;Los Rusos&#8221; y, por extensi\u00f3n, a los tent\u00e1culos del C\u00e1rtel de Sinaloa\u2014 destapa una red de refugios y operaciones que utiliza a la Angel\u00f3polis como base estrat\u00e9gica para evadir a la justicia federal.<\/p>\n\n\n\n<p class=\"wp-block-paragraph\"><strong>Puntos clave del asentamiento criminal<\/strong><\/p>\n\n\n\n<ul class=\"wp-block-list\">\n<li><strong>El objetivo prioritario:<\/strong> Captura de Gov\u00e9n Ulises N., alias \u201cEl Amarillo\u201d, junto con sus escoltas en el cl\u00faster de Lomas de Angel\u00f3polis.<\/li>\n\n\n\n<li><strong>La c\u00e9lula criminal:<\/strong> Operador directamente vinculado a &#8220;Los Rusos&#8221;, brazo armado de la organizaci\u00f3n de Sinaloa por cuyo liderazgo el gobierno de EE. UU. ofrece millonaria recompensa.<\/li>\n\n\n\n<li><strong>El saldo reciente:<\/strong> Cinco detenidos y un abatido en apenas una semana, incluyendo el violento enfrentamiento con la SSPC y la FGR en San Andr\u00e9s Cholula.<\/li>\n\n\n\n<li><strong>El giro institucional:<\/strong> La revelaci\u00f3n del secretario federal Omar Garc\u00eda Harfuch sobre el asentamiento de estas c\u00e9lulas, contrastando con la sorpresa inicial de las autoridades estatales.<\/li>\n\n\n\n<li><strong>La sombra del &#8220;estado santuario&#8221;:<\/strong> La utilizaci\u00f3n sistem\u00e1tica de zonas residenciales poblanas como refugio seguro por parte de capos de alta peligrosidad pr\u00f3fugos de Guerrero.<\/li>\n<\/ul>\n\n\n\n<p class=\"wp-block-paragraph\">El operativo federal encabezado por la Secretar\u00eda de Seguridad y Protecci\u00f3n Ciudadana puso al descubierto una realidad que las corporaciones locales apenas comienzan a dimensionar. Con cinco detenciones clave y un saldo letal en San Andr\u00e9s Cholula tras un enfrentamiento con fuerzas federales, la estructura de &#8220;Los Chapitos&#8221; y sus brazos operativos en el sur del pa\u00eds han encontrado en suelo poblano un corredor propicio para el repliegue. Mientras las autoridades estatales sopesan el alcance de estas revelaciones, la ciudadan\u00eda atestigua c\u00f3mo los c\u00e1rteles de la droga m\u00e1s buscados del planeta ya caminan libremente por nuestras calles residenciales.<\/p>\n\n\n\n<p class=\"wp-block-paragraph\">Si quieres seguir esta y otras notas de inter\u00e9s en tiempo real, \u00fanete a nuestro canal de WhatsApp: <a target=\"_blank\" rel=\"noopener\" href=\"https:\/\/whatsapp.com\/channel\/0029Va5CSyuEQIalZaJWpX1h\">https:\/\/whatsapp.com\/channel\/0029Va5CSyuEQIalZaJWpX1h<\/a><\/p>\n\n\n\n<p class=\"wp-block-paragraph\">La expansi\u00f3n de c\u00e1rteles nacionales hacia Puebla no es una an\u00e9cdota de tr\u00e1nsito, sino una met\u00e1stasis silenciosa que compromete la estabilidad social de la entidad. Ning\u00fan fraccionamiento exclusivo ni ninguna caseta de vigilancia privada podr\u00e1n blindar a la sociedad si las instituciones no reconocen la profundidad del problema y act\u00faan con una estrategia coordinada que frene la colonizaci\u00f3n criminal de nuestro territorio.<\/p>\n\n\n\n<p class=\"wp-block-paragraph\">Escrito por Redacci\u00f3n Puebla En L\u00ednea<\/p>\n\n\n\n<p class=\"wp-block-paragraph\"><strong> <\/strong><\/p>\n\n\n\n<ol start=\"1\" class=\"wp-block-list\">\n<li>\u00bfC\u00e1rtel de Sinaloa en Puebla? La ca\u00edda de &#8220;El Amarillo&#8221; en Lomas de Angel\u00f3polis confirma la expansi\u00f3n criminal<\/li>\n\n\n\n<li>De Guerrero a Puebla: As\u00ed operaba la red de &#8220;Los Rusos&#8221; desarticulada en zona residencial<\/li>\n\n\n\n<li>Omar Garc\u00eda Harfuch confirma golpe al C\u00e1rtel de Sinaloa tras operativo en territorio poblano<\/li>\n\n\n\n<li>Cinco detenidos y un abatido: El saldo que revela la llegada de nuevas c\u00e9lulas delictivas a la entidad<\/li>\n\n\n\n<li>El mito del estado seguro: Cae objetivo prioritario ligado al narcotr\u00e1fico en zona exclusiva<\/li>\n<\/ol>\n\n\n\n<p class=\"wp-block-paragraph\"><strong> <\/strong> C\u00e1rtel de Sinaloa Puebla, El Amarillo Lomas de Angelopolis, Omar Garcia Harfuch Puebla, Los Rusos Puebla, CJNG y Sinaloa Puebla, San Andres Cholula balacera, notas rojas Puebla, noticias Puebla hoy<\/p>\n","protected":false},"excerpt":{"rendered":"<p>Los muros de cristal y los estrictos filtros de seguridad de los fraccionamientos m\u00e1s exclusivos de Puebla dejaron de ser una muralla infranqueable frente a las fauces del narcotr\u00e1fico nacional. La reciente ca\u00edda de Gov\u00e9n Ulises N., alias \u201cEl Amarillo\u201d, no es solo la captura de un objetivo prioritario; es la confirmaci\u00f3n oficial de que&#8230;<\/p>\n","protected":false},"author":2,"featured_media":134931,"comment_status":"closed","ping_status":"closed","sticky":false,"template":"","format":"standard","meta":{"footnotes":""},"categories":[2],"tags":[1400],"class_list":["post-134930","post","type-post","status-publish","format-standard","has-post-thumbnail","hentry","category-puebla","tag-detenidos"],"yoast_head":"<!-- This site is optimized with the Yoast SEO plugin v28.4 - https:\/\/yoast.com\/product\/yoast-seo-wordpress\/ -->\n<title>El C\u00e1rtel de Sinaloa en Puebla: La ca\u00edda de &quot;El Amarillo&quot; en Lomas de Angel\u00f3polis confirma la expansi\u00f3n criminal en el estado - Puebla En Linea<\/title>\n<meta name=\"description\" content=\"El C\u00e1rtel de Sinaloa en Puebla: La ca\u00edda de &quot;El Amarillo&quot; en Lomas de Angel\u00f3polis confirma la expansi\u00f3n criminal en el estado Puebla\" \/>\n<meta name=\"robots\" content=\"index, follow, max-snippet:-1, max-image-preview:large, max-video-preview:-1\" \/>\n<link rel=\"canonical\" href=\"https:\/\/pueblaenlinea.com\/2025\/puebla\/el-cartel-de-sinaloa-en-puebla-la-caida-de-el-amarillo-en-lomas-de-angelopolis-confirma-la-expansion-criminal-en-el-estado\/\" \/>\n<meta property=\"og:locale\" content=\"es_MX\" \/>\n<meta property=\"og:type\" content=\"article\" \/>\n<meta property=\"og:title\" content=\"El C\u00e1rtel de Sinaloa en Puebla: La ca\u00edda de &quot;El Amarillo&quot; en Lomas de Angel\u00f3polis confirma la expansi\u00f3n criminal en el estado - Puebla En Linea\" \/>\n<meta property=\"og:description\" content=\"El C\u00e1rtel de Sinaloa en Puebla: La ca\u00edda de &quot;El Amarillo&quot; en Lomas de Angel\u00f3polis confirma la expansi\u00f3n criminal en el estado Puebla\" \/>\n<meta property=\"og:url\" content=\"https:\/\/pueblaenlinea.com\/2025\/puebla\/el-cartel-de-sinaloa-en-puebla-la-caida-de-el-amarillo-en-lomas-de-angelopolis-confirma-la-expansion-criminal-en-el-estado\/\" \/>\n<meta property=\"og:site_name\" content=\"Puebla En Linea\" \/>\n<meta property=\"article:publisher\" content=\"https:\/\/www.facebook.com\/pueblaenlineacom\" \/>\n<meta property=\"article:published_time\" content=\"2026-09-05T01:09:53+00:00\" \/>\n<meta property=\"og:image\" content=\"https:\/\/pueblaenlinea.com\/2025\/wp-content\/uploads\/2026\/09\/pel-10.jpg\" \/>\n\t<meta property=\"og:image:width\" content=\"1200\" \/>\n\t<meta property=\"og:image:height\" content=\"674\" \/>\n\t<meta property=\"og:image:type\" content=\"image\/jpeg\" \/>\n<meta name=\"author\" content=\"Puebla EnLinea\" \/>\n<meta name=\"twitter:card\" content=\"summary_large_image\" \/>\n<meta name=\"twitter:label1\" content=\"Escrito por\" \/>\n\t<meta name=\"twitter:data1\" content=\"Puebla EnLinea\" \/>\n\t<meta name=\"twitter:label2\" content=\"Tiempo de lectura\" \/>\n\t<meta name=\"twitter:data2\" content=\"3 minutos\" \/>\n<script type=\"application\/ld+json\" class=\"yoast-schema-graph\">{\"@context\":\"https:\\\/\\\/schema.org\",\"@graph\":[{\"@type\":\"Article\",\"@id\":\"https:\\\/\\\/pueblaenlinea.com\\\/2025\\\/puebla\\\/el-cartel-de-sinaloa-en-puebla-la-caida-de-el-amarillo-en-lomas-de-angelopolis-confirma-la-expansion-criminal-en-el-estado\\\/#article\",\"isPartOf\":{\"@id\":\"https:\\\/\\\/pueblaenlinea.com\\\/2025\\\/puebla\\\/el-cartel-de-sinaloa-en-puebla-la-caida-de-el-amarillo-en-lomas-de-angelopolis-confirma-la-expansion-criminal-en-el-estado\\\/\"},\"author\":{\"name\":\"Puebla EnLinea\",\"@id\":\"https:\\\/\\\/pueblaenlinea.com\\\/2025\\\/#\\\/schema\\\/person\\\/6e2e07bc4690564243accbe893d21877\"},\"headline\":\"El C\u00e1rtel de Sinaloa en Puebla: La ca\u00edda de &#8220;El Amarillo&#8221; en Lomas de Angel\u00f3polis confirma la expansi\u00f3n criminal en el estado\",\"datePublished\":\"2026-09-05T01:09:53+00:00\",\"mainEntityOfPage\":{\"@id\":\"https:\\\/\\\/pueblaenlinea.com\\\/2025\\\/puebla\\\/el-cartel-de-sinaloa-en-puebla-la-caida-de-el-amarillo-en-lomas-de-angelopolis-confirma-la-expansion-criminal-en-el-estado\\\/\"},\"wordCount\":661,\"image\":{\"@id\":\"https:\\\/\\\/pueblaenlinea.com\\\/2025\\\/puebla\\\/el-cartel-de-sinaloa-en-puebla-la-caida-de-el-amarillo-en-lomas-de-angelopolis-confirma-la-expansion-criminal-en-el-estado\\\/#primaryimage\"},\"thumbnailUrl\":\"https:\\\/\\\/pueblaenlinea.com\\\/2025\\\/wp-content\\\/uploads\\\/2026\\\/09\\\/pel-10.jpg\",\"keywords\":[\"detenidos\"],\"articleSection\":[\"Puebla\"],\"inLanguage\":\"es\"},{\"@type\":\"WebPage\",\"@id\":\"https:\\\/\\\/pueblaenlinea.com\\\/2025\\\/puebla\\\/el-cartel-de-sinaloa-en-puebla-la-caida-de-el-amarillo-en-lomas-de-angelopolis-confirma-la-expansion-criminal-en-el-estado\\\/\",\"url\":\"https:\\\/\\\/pueblaenlinea.com\\\/2025\\\/puebla\\\/el-cartel-de-sinaloa-en-puebla-la-caida-de-el-amarillo-en-lomas-de-angelopolis-confirma-la-expansion-criminal-en-el-estado\\\/\",\"name\":\"El C\u00e1rtel de Sinaloa en Puebla: La ca\u00edda de \\\"El Amarillo\\\" en Lomas de Angel\u00f3polis confirma la expansi\u00f3n criminal en el estado - Puebla En Linea\",\"isPartOf\":{\"@id\":\"https:\\\/\\\/pueblaenlinea.com\\\/2025\\\/#website\"},\"primaryImageOfPage\":{\"@id\":\"https:\\\/\\\/pueblaenlinea.com\\\/2025\\\/puebla\\\/el-cartel-de-sinaloa-en-puebla-la-caida-de-el-amarillo-en-lomas-de-angelopolis-confirma-la-expansion-criminal-en-el-estado\\\/#primaryimage\"},\"image\":{\"@id\":\"https:\\\/\\\/pueblaenlinea.com\\\/2025\\\/puebla\\\/el-cartel-de-sinaloa-en-puebla-la-caida-de-el-amarillo-en-lomas-de-angelopolis-confirma-la-expansion-criminal-en-el-estado\\\/#primaryimage\"},\"thumbnailUrl\":\"https:\\\/\\\/pueblaenlinea.com\\\/2025\\\/wp-content\\\/uploads\\\/2026\\\/09\\\/pel-10.jpg\",\"datePublished\":\"2026-09-05T01:09:53+00:00\",\"author\":{\"@id\":\"https:\\\/\\\/pueblaenlinea.com\\\/2025\\\/#\\\/schema\\\/person\\\/6e2e07bc4690564243accbe893d21877\"},\"description\":\"El C\u00e1rtel de Sinaloa en Puebla: La ca\u00edda de \\\"El Amarillo\\\" en Lomas de Angel\u00f3polis confirma la expansi\u00f3n criminal en el estado Puebla\",\"breadcrumb\":{\"@id\":\"https:\\\/\\\/pueblaenlinea.com\\\/2025\\\/puebla\\\/el-cartel-de-sinaloa-en-puebla-la-caida-de-el-amarillo-en-lomas-de-angelopolis-confirma-la-expansion-criminal-en-el-estado\\\/#breadcrumb\"},\"inLanguage\":\"es\",\"potentialAction\":[{\"@type\":\"ReadAction\",\"target\":[\"https:\\\/\\\/pueblaenlinea.com\\\/2025\\\/puebla\\\/el-cartel-de-sinaloa-en-puebla-la-caida-de-el-amarillo-en-lomas-de-angelopolis-confirma-la-expansion-criminal-en-el-estado\\\/\"]}]},{\"@type\":\"ImageObject\",\"inLanguage\":\"es\",\"@id\":\"https:\\\/\\\/pueblaenlinea.com\\\/2025\\\/puebla\\\/el-cartel-de-sinaloa-en-puebla-la-caida-de-el-amarillo-en-lomas-de-angelopolis-confirma-la-expansion-criminal-en-el-estado\\\/#primaryimage\",\"url\":\"https:\\\/\\\/pueblaenlinea.com\\\/2025\\\/wp-content\\\/uploads\\\/2026\\\/09\\\/pel-10.jpg\",\"contentUrl\":\"https:\\\/\\\/pueblaenlinea.com\\\/2025\\\/wp-content\\\/uploads\\\/2026\\\/09\\\/pel-10.jpg\",\"width\":1200,\"height\":674,\"caption\":\"elamarillocartel\"},{\"@type\":\"BreadcrumbList\",\"@id\":\"https:\\\/\\\/pueblaenlinea.com\\\/2025\\\/puebla\\\/el-cartel-de-sinaloa-en-puebla-la-caida-de-el-amarillo-en-lomas-de-angelopolis-confirma-la-expansion-criminal-en-el-estado\\\/#breadcrumb\",\"itemListElement\":[{\"@type\":\"ListItem\",\"position\":1,\"name\":\"Inicio\",\"item\":\"https:\\\/\\\/pueblaenlinea.com\\\/2025\\\/\"},{\"@type\":\"ListItem\",\"position\":2,\"name\":\"El C\u00e1rtel de Sinaloa en Puebla: La ca\u00edda de &#8220;El Amarillo&#8221; en Lomas de Angel\u00f3polis confirma la expansi\u00f3n criminal en el estado\"}]},{\"@type\":\"WebSite\",\"@id\":\"https:\\\/\\\/pueblaenlinea.com\\\/2025\\\/#website\",\"url\":\"https:\\\/\\\/pueblaenlinea.com\\\/2025\\\/\",\"name\":\"Puebla En Linea\",\"description\":\"noticias de puebla, periodismo serio y comprometido.\",\"potentialAction\":[{\"@type\":\"SearchAction\",\"target\":{\"@type\":\"EntryPoint\",\"urlTemplate\":\"https:\\\/\\\/pueblaenlinea.com\\\/2025\\\/?s={search_term_string}\"},\"query-input\":{\"@type\":\"PropertyValueSpecification\",\"valueRequired\":true,\"valueName\":\"search_term_string\"}}],\"inLanguage\":\"es\"},{\"@type\":\"Person\",\"@id\":\"https:\\\/\\\/pueblaenlinea.com\\\/2025\\\/#\\\/schema\\\/person\\\/6e2e07bc4690564243accbe893d21877\",\"name\":\"Puebla EnLinea\",\"image\":{\"@type\":\"ImageObject\",\"inLanguage\":\"es\",\"@id\":\"https:\\\/\\\/pueblaenlinea.com\\\/2025\\\/wp-content\\\/litespeed\\\/avatar\\\/3b8bde7acb3c32a2512cab1d325df9d8.jpg?ver=1788290368\",\"url\":\"https:\\\/\\\/pueblaenlinea.com\\\/2025\\\/wp-content\\\/litespeed\\\/avatar\\\/3b8bde7acb3c32a2512cab1d325df9d8.jpg?ver=1788290368\",\"contentUrl\":\"https:\\\/\\\/pueblaenlinea.com\\\/2025\\\/wp-content\\\/litespeed\\\/avatar\\\/3b8bde7acb3c32a2512cab1d325df9d8.jpg?ver=1788290368\",\"caption\":\"Puebla EnLinea\"},\"url\":\"https:\\\/\\\/pueblaenlinea.com\\\/2025\\\/author\\\/pueblaenlinea\\\/\"}]}<\/script>\n<!-- \/ Yoast SEO plugin. -->","yoast_head_json":{"title":"El C\u00e1rtel de Sinaloa en Puebla: La ca\u00edda de \"El Amarillo\" en Lomas de Angel\u00f3polis confirma la expansi\u00f3n criminal en el estado - Puebla En Linea","description":"El C\u00e1rtel de Sinaloa en Puebla: La ca\u00edda de \"El Amarillo\" en Lomas de Angel\u00f3polis confirma la expansi\u00f3n criminal en el estado Puebla","robots":{"index":"index","follow":"follow","max-snippet":"max-snippet:-1","max-image-preview":"max-image-preview:large","max-video-preview":"max-video-preview:-1"},"canonical":"https:\/\/pueblaenlinea.com\/2025\/puebla\/el-cartel-de-sinaloa-en-puebla-la-caida-de-el-amarillo-en-lomas-de-angelopolis-confirma-la-expansion-criminal-en-el-estado\/","og_locale":"es_MX","og_type":"article","og_title":"El C\u00e1rtel de Sinaloa en Puebla: La ca\u00edda de \"El Amarillo\" en Lomas de Angel\u00f3polis confirma la expansi\u00f3n criminal en el estado - Puebla En Linea","og_description":"El C\u00e1rtel de Sinaloa en Puebla: La ca\u00edda de \"El Amarillo\" en Lomas de Angel\u00f3polis confirma la expansi\u00f3n criminal en el estado Puebla","og_url":"https:\/\/pueblaenlinea.com\/2025\/puebla\/el-cartel-de-sinaloa-en-puebla-la-caida-de-el-amarillo-en-lomas-de-angelopolis-confirma-la-expansion-criminal-en-el-estado\/","og_site_name":"Puebla En Linea","article_publisher":"https:\/\/www.facebook.com\/pueblaenlineacom","article_published_time":"2026-09-05T01:09:53+00:00","og_image":[{"width":1200,"height":674,"url":"https:\/\/pueblaenlinea.com\/2025\/wp-content\/uploads\/2026\/09\/pel-10.jpg","type":"image\/jpeg"}],"author":"Puebla EnLinea","twitter_card":"summary_large_image","twitter_misc":{"Escrito por":"Puebla EnLinea","Tiempo de lectura":"3 minutos"},"schema":{"@context":"https:\/\/schema.org","@graph":[{"@type":"Article","@id":"https:\/\/pueblaenlinea.com\/2025\/puebla\/el-cartel-de-sinaloa-en-puebla-la-caida-de-el-amarillo-en-lomas-de-angelopolis-confirma-la-expansion-criminal-en-el-estado\/#article","isPartOf":{"@id":"https:\/\/pueblaenlinea.com\/2025\/puebla\/el-cartel-de-sinaloa-en-puebla-la-caida-de-el-amarillo-en-lomas-de-angelopolis-confirma-la-expansion-criminal-en-el-estado\/"},"author":{"name":"Puebla EnLinea","@id":"https:\/\/pueblaenlinea.com\/2025\/#\/schema\/person\/6e2e07bc4690564243accbe893d21877"},"headline":"El C\u00e1rtel de Sinaloa en Puebla: La ca\u00edda de &#8220;El Amarillo&#8221; en Lomas de Angel\u00f3polis confirma la expansi\u00f3n criminal en el estado","datePublished":"2026-09-05T01:09:53+00:00","mainEntityOfPage":{"@id":"https:\/\/pueblaenlinea.com\/2025\/puebla\/el-cartel-de-sinaloa-en-puebla-la-caida-de-el-amarillo-en-lomas-de-angelopolis-confirma-la-expansion-criminal-en-el-estado\/"},"wordCount":661,"image":{"@id":"https:\/\/pueblaenlinea.com\/2025\/puebla\/el-cartel-de-sinaloa-en-puebla-la-caida-de-el-amarillo-en-lomas-de-angelopolis-confirma-la-expansion-criminal-en-el-estado\/#primaryimage"},"thumbnailUrl":"https:\/\/pueblaenlinea.com\/2025\/wp-content\/uploads\/2026\/09\/pel-10.jpg","keywords":["detenidos"],"articleSection":["Puebla"],"inLanguage":"es"},{"@type":"WebPage","@id":"https:\/\/pueblaenlinea.com\/2025\/puebla\/el-cartel-de-sinaloa-en-puebla-la-caida-de-el-amarillo-en-lomas-de-angelopolis-confirma-la-expansion-criminal-en-el-estado\/","url":"https:\/\/pueblaenlinea.com\/2025\/puebla\/el-cartel-de-sinaloa-en-puebla-la-caida-de-el-amarillo-en-lomas-de-angelopolis-confirma-la-expansion-criminal-en-el-estado\/","name":"El C\u00e1rtel de Sinaloa en Puebla: La ca\u00edda de \"El Amarillo\" en Lomas de Angel\u00f3polis confirma la expansi\u00f3n criminal en el estado - Puebla En Linea","isPartOf":{"@id":"https:\/\/pueblaenlinea.com\/2025\/#website"},"primaryImageOfPage":{"@id":"https:\/\/pueblaenlinea.com\/2025\/puebla\/el-cartel-de-sinaloa-en-puebla-la-caida-de-el-amarillo-en-lomas-de-angelopolis-confirma-la-expansion-criminal-en-el-estado\/#primaryimage"},"image":{"@id":"https:\/\/pueblaenlinea.com\/2025\/puebla\/el-cartel-de-sinaloa-en-puebla-la-caida-de-el-amarillo-en-lomas-de-angelopolis-confirma-la-expansion-criminal-en-el-estado\/#primaryimage"},"thumbnailUrl":"https:\/\/pueblaenlinea.com\/2025\/wp-content\/uploads\/2026\/09\/pel-10.jpg","datePublished":"2026-09-05T01:09:53+00:00","author":{"@id":"https:\/\/pueblaenlinea.com\/2025\/#\/schema\/person\/6e2e07bc4690564243accbe893d21877"},"description":"El C\u00e1rtel de Sinaloa en Puebla: La ca\u00edda de \"El Amarillo\" en Lomas de Angel\u00f3polis confirma la expansi\u00f3n criminal en el estado Puebla","breadcrumb":{"@id":"https:\/\/pueblaenlinea.com\/2025\/puebla\/el-cartel-de-sinaloa-en-puebla-la-caida-de-el-amarillo-en-lomas-de-angelopolis-confirma-la-expansion-criminal-en-el-estado\/#breadcrumb"},"inLanguage":"es","potentialAction":[{"@type":"ReadAction","target":["https:\/\/pueblaenlinea.com\/2025\/puebla\/el-cartel-de-sinaloa-en-puebla-la-caida-de-el-amarillo-en-lomas-de-angelopolis-confirma-la-expansion-criminal-en-el-estado\/"]}]},{"@type":"ImageObject","inLanguage":"es","@id":"https:\/\/pueblaenlinea.com\/2025\/puebla\/el-cartel-de-sinaloa-en-puebla-la-caida-de-el-amarillo-en-lomas-de-angelopolis-confirma-la-expansion-criminal-en-el-estado\/#primaryimage","url":"https:\/\/pueblaenlinea.com\/2025\/wp-content\/uploads\/2026\/09\/pel-10.jpg","contentUrl":"https:\/\/pueblaenlinea.com\/2025\/wp-content\/uploads\/2026\/09\/pel-10.jpg","width":1200,"height":674,"caption":"elamarillocartel"},{"@type":"BreadcrumbList","@id":"https:\/\/pueblaenlinea.com\/2025\/puebla\/el-cartel-de-sinaloa-en-puebla-la-caida-de-el-amarillo-en-lomas-de-angelopolis-confirma-la-expansion-criminal-en-el-estado\/#breadcrumb","itemListElement":[{"@type":"ListItem","position":1,"name":"Inicio","item":"https:\/\/pueblaenlinea.com\/2025\/"},{"@type":"ListItem","position":2,"name":"El C\u00e1rtel de Sinaloa en Puebla: La ca\u00edda de &#8220;El Amarillo&#8221; en Lomas de Angel\u00f3polis confirma la expansi\u00f3n criminal en el estado"}]},{"@type":"WebSite","@id":"https:\/\/pueblaenlinea.com\/2025\/#website","url":"https:\/\/pueblaenlinea.com\/2025\/","name":"Puebla En Linea","description":"noticias de puebla, periodismo serio y comprometido.","potentialAction":[{"@type":"SearchAction","target":{"@type":"EntryPoint","urlTemplate":"https:\/\/pueblaenlinea.com\/2025\/?s={search_term_string}"},"query-input":{"@type":"PropertyValueSpecification","valueRequired":true,"valueName":"search_term_string"}}],"inLanguage":"es"},{"@type":"Person","@id":"https:\/\/pueblaenlinea.com\/2025\/#\/schema\/person\/6e2e07bc4690564243accbe893d21877","name":"Puebla EnLinea","image":{"@type":"ImageObject","inLanguage":"es","@id":"https:\/\/pueblaenlinea.com\/2025\/wp-content\/litespeed\/avatar\/3b8bde7acb3c32a2512cab1d325df9d8.jpg?ver=1788290368","url":"https:\/\/pueblaenlinea.com\/2025\/wp-content\/litespeed\/avatar\/3b8bde7acb3c32a2512cab1d325df9d8.jpg?ver=1788290368","contentUrl":"https:\/\/pueblaenlinea.com\/2025\/wp-content\/litespeed\/avatar\/3b8bde7acb3c32a2512cab1d325df9d8.jpg?ver=1788290368","caption":"Puebla EnLinea"},"url":"https:\/\/pueblaenlinea.com\/2025\/author\/pueblaenlinea\/"}]}},"_links":{"self":[{"href":"https:\/\/pueblaenlinea.com\/2025\/wp-json\/wp\/v2\/posts\/134930","targetHints":{"allow":["GET"]}}],"collection":[{"href":"https:\/\/pueblaenlinea.com\/2025\/wp-json\/wp\/v2\/posts"}],"about":[{"href":"https:\/\/pueblaenlinea.com\/2025\/wp-json\/wp\/v2\/types\/post"}],"author":[{"embeddable":true,"href":"https:\/\/pueblaenlinea.com\/2025\/wp-json\/wp\/v2\/users\/2"}],"replies":[{"embeddable":true,"href":"https:\/\/pueblaenlinea.com\/2025\/wp-json\/wp\/v2\/comments?post=134930"}],"version-history":[{"count":0,"href":"https:\/\/pueblaenlinea.com\/2025\/wp-json\/wp\/v2\/posts\/134930\/revisions"}],"wp:featuredmedia":[{"embeddable":true,"href":"https:\/\/pueblaenlinea.com\/2025\/wp-json\/wp\/v2\/media\/134931"}],"wp:attachment":[{"href":"https:\/\/pueblaenlinea.com\/2025\/wp-json\/wp\/v2\/media?parent=134930"}],"wp:term":[{"taxonomy":"category","embeddable":true,"href":"https:\/\/pueblaenlinea.com\/2025\/wp-json\/wp\/v2\/categories?post=134930"},{"taxonomy":"post_tag","embeddable":true,"href":"https:\/\/pueblaenlinea.com\/2025\/wp-json\/wp\/v2\/tags?post=134930"}],"curies":[{"name":"wp","href":"https:\/\/api.w.org\/{rel}","templated":true}]}}