{"id":134926,"date":"2026-09-04T19:01:49","date_gmt":"2026-09-05T01:01:49","guid":{"rendered":"https:\/\/pueblaenlinea.com\/2025\/?p=134926"},"modified":"2026-09-04T19:01:50","modified_gmt":"2026-09-05T01:01:50","slug":"panico-en-la-colonia-universidades-policias-ministeriales-siembran-terror-tirando-balazos-en-zona-escolar-de-puebla","status":"publish","type":"post","link":"https:\/\/pueblaenlinea.com\/2025\/nota-roja\/panico-en-la-colonia-universidades-policias-ministeriales-siembran-terror-tirando-balazos-en-zona-escolar-de-puebla\/","title":{"rendered":"P\u00e1nico en la colonia Universidades: Polic\u00edas ministeriales siembran terror tirando balazos en zona escolar de Puebla"},"content":{"rendered":"\n<p class=\"wp-block-paragraph\">Cuando quienes portan la placa y la ley deciden que la v\u00eda p\u00fablica es un campo de tiro personal bajo los efectos del alcohol, el pacto de seguridad ciudadana se desvanece por completo. La ma\u00f1ana habitual de la colonia Universidades \u2014una de las zonas m\u00e1s vivas, transitadas y bulliciosas por estudiantes y comerciantes en la capital poblana\u2014 se convirti\u00f3 de pronto en el escenario del descontrol y el p\u00e1nico.<\/p>\n\n\n\n<p class=\"wp-block-paragraph\"><strong>Puntos clave del incidente en la colonia Universidades<\/strong><\/p>\n\n\n\n<ul class=\"wp-block-list\">\n<li><strong>El escenario:<\/strong> Calle Universidad Aut\u00f3noma de Sonora, en la concurrida colonia Universidades, al sur de Puebla capital.<\/li>\n\n\n\n<li><strong>Los involucrados:<\/strong> Dos presuntos agentes de la Fiscal\u00eda General del Estado (FGE).<\/li>\n\n\n\n<li><strong>El detonante:<\/strong> Los sujetos circulaban a bordo de un veh\u00edculo Nissan Sentra de color guinda en aparente estado de ebriedad, realizando detonaciones con arma de fuego al aire.<\/li>\n\n\n\n<li><strong>La respuesta vecinal:<\/strong> Llamadas de emergencia inmediatas que alertaron a las corporaciones policiales ante el riesgo latente para la comunidad estudiantil.<\/li>\n\n\n\n<li><strong>El desenlace:<\/strong> Tras la movilizaci\u00f3n de polic\u00edas municipales y estatales, los sujetos fueron asegurados, exigiendo la intervenci\u00f3n exclusiva de mandos de su propia corporaci\u00f3n.<\/li>\n<\/ul>\n\n\n\n<p class=\"wp-block-paragraph\">El estruendo de los disparos al aire no solo rompi\u00f3 la rutina matutina, sino que encendi\u00f3 las alarmas de vecinos y transe\u00fantes que diariamente abarrotan las arterias de este sector universitario. La llamada de auxilio activ\u00f3 de inmediato a elementos municipales y estatales, quienes lograron interceptar a los ocupantes del Nissan Sentra guinda. Lejos de asumir con templanza su condici\u00f3n de servidores p\u00fablicos, los detenidos adoptaron una postura prepotente, pretendiendo que su pertenencia institucional los eximiera de rendir cuentas ante los uniformados municipales y exigiendo que solo sus mandos directos de la Fiscal\u00eda tomaran cartas en el asunto.<\/p>\n\n\n\n<p class=\"wp-block-paragraph\">Si quieres seguir esta y otras notas de inter\u00e9s en tiempo real, \u00fanete a nuestro canal de WhatsApp: <a target=\"_blank\" rel=\"noopener\" href=\"https:\/\/whatsapp.com\/channel\/0029Va5CSyuEQIalZaJWpX1h\">https:\/\/whatsapp.com\/channel\/0029Va5CSyuEQIalZaJWpX1h<\/a><\/p>\n\n\n\n<p class=\"wp-block-paragraph\">La portaci\u00f3n de armas y la autoridad conferida por el Estado no son un cheque en blanco para el abuso ni una coartada para la irresponsabilidad et\u00edlica. Cuando la fuerza p\u00fablica se desborda en las calles que deber\u00edan resguardar, la exigencia ciudadana no puede limitarse a un silencio institucional o a una investigaci\u00f3n interna de tr\u00e1mite; demanda un deslinde tajante que devuelva la credibilidad a instituciones socavadas desde adentro por quienes olvidan el peso de su uniforme.<\/p>\n\n\n\n<p class=\"wp-block-paragraph\">Escrito por Redacci\u00f3n Puebla En L\u00ednea<\/p>\n\n\n\n<p class=\"wp-block-paragraph\"><strong> <\/strong><\/p>\n\n\n\n<ol start=\"1\" class=\"wp-block-list\">\n<li>\u00bfAgentes o pistoleros? Detienen a ministeriales ebrios tras realizar disparos al aire en Puebla<\/li>\n\n\n\n<li>P\u00e1nico en la colonia Universidades: Polic\u00edas ministeriales siembran terror en zona escolar<\/li>\n\n\n\n<li>Prepotencia y alcohol: Arrestan a presuntos agentes de la FGE tras balacera al sur de la capital<\/li>\n\n\n\n<li>Disparos, alcohol y exigencias: Lo que se sabe de la detenci\u00f3n de ministeriales en Puebla<\/li>\n\n\n\n<li>De servidores p\u00fablicos a infractores: Movilizaci\u00f3n policial por disparos en zona universitaria<\/li>\n<\/ol>\n\n\n\n<p class=\"wp-block-paragraph\"><strong> <\/strong> agentes ministeriales ebrios Puebla, balacera colonia Universidades, FGE Puebla, disparos al aire Puebla, seguridad publica Puebla, notas rojas Puebla, noticias Puebla hoy, detencion ministeriales Puebla<\/p>\n","protected":false},"excerpt":{"rendered":"<p>Cuando quienes portan la placa y la ley deciden que la v\u00eda p\u00fablica es un campo de tiro personal bajo los efectos del alcohol, el pacto de seguridad ciudadana se desvanece por completo. La ma\u00f1ana habitual de la colonia Universidades \u2014una de las zonas m\u00e1s vivas, transitadas y bulliciosas por estudiantes y comerciantes en la&#8230;<\/p>\n","protected":false},"author":2,"featured_media":134927,"comment_status":"closed","ping_status":"closed","sticky":false,"template":"","format":"standard","meta":{"footnotes":""},"categories":[24],"tags":[1400],"class_list":["post-134926","post","type-post","status-publish","format-standard","has-post-thumbnail","hentry","category-nota-roja","tag-detenidos"],"yoast_head":"<!-- This site is optimized with the Yoast SEO plugin v28.4 - https:\/\/yoast.com\/product\/yoast-seo-wordpress\/ -->\n<title>P\u00e1nico en la colonia Universidades: Polic\u00edas ministeriales siembran terror tirando balazos en zona escolar de Puebla - Puebla En Linea<\/title>\n<meta name=\"description\" content=\"P\u00e1nico en la colonia Universidades: Polic\u00edas ministeriales siembran terror tirando balazos en zona escolar de Puebla Nota Roja\" \/>\n<meta name=\"robots\" content=\"index, follow, max-snippet:-1, max-image-preview:large, max-video-preview:-1\" \/>\n<link rel=\"canonical\" href=\"https:\/\/pueblaenlinea.com\/2025\/nota-roja\/panico-en-la-colonia-universidades-policias-ministeriales-siembran-terror-tirando-balazos-en-zona-escolar-de-puebla\/\" \/>\n<meta property=\"og:locale\" content=\"es_MX\" \/>\n<meta property=\"og:type\" content=\"article\" \/>\n<meta property=\"og:title\" content=\"P\u00e1nico en la colonia Universidades: Polic\u00edas ministeriales siembran terror tirando balazos en zona escolar de Puebla - Puebla En Linea\" \/>\n<meta property=\"og:description\" content=\"P\u00e1nico en la colonia Universidades: Polic\u00edas ministeriales siembran terror tirando balazos en zona escolar de Puebla Nota Roja\" \/>\n<meta property=\"og:url\" content=\"https:\/\/pueblaenlinea.com\/2025\/nota-roja\/panico-en-la-colonia-universidades-policias-ministeriales-siembran-terror-tirando-balazos-en-zona-escolar-de-puebla\/\" \/>\n<meta property=\"og:site_name\" content=\"Puebla En Linea\" \/>\n<meta property=\"article:publisher\" content=\"https:\/\/www.facebook.com\/pueblaenlineacom\" \/>\n<meta property=\"article:published_time\" content=\"2026-09-05T01:01:49+00:00\" \/>\n<meta property=\"article:modified_time\" content=\"2026-09-05T01:01:50+00:00\" \/>\n<meta property=\"og:image\" content=\"https:\/\/pueblaenlinea.com\/2025\/wp-content\/uploads\/2026\/09\/pel-8.jpg\" \/>\n\t<meta property=\"og:image:width\" content=\"1200\" \/>\n\t<meta property=\"og:image:height\" content=\"674\" \/>\n\t<meta property=\"og:image:type\" content=\"image\/jpeg\" \/>\n<meta name=\"author\" content=\"Puebla EnLinea\" \/>\n<meta name=\"twitter:card\" content=\"summary_large_image\" \/>\n<meta name=\"twitter:label1\" content=\"Escrito por\" \/>\n\t<meta name=\"twitter:data1\" content=\"Puebla EnLinea\" \/>\n\t<meta name=\"twitter:label2\" content=\"Tiempo de lectura\" \/>\n\t<meta name=\"twitter:data2\" content=\"3 minutos\" \/>\n<script type=\"application\/ld+json\" class=\"yoast-schema-graph\">{\"@context\":\"https:\\\/\\\/schema.org\",\"@graph\":[{\"@type\":\"Article\",\"@id\":\"https:\\\/\\\/pueblaenlinea.com\\\/2025\\\/nota-roja\\\/panico-en-la-colonia-universidades-policias-ministeriales-siembran-terror-tirando-balazos-en-zona-escolar-de-puebla\\\/#article\",\"isPartOf\":{\"@id\":\"https:\\\/\\\/pueblaenlinea.com\\\/2025\\\/nota-roja\\\/panico-en-la-colonia-universidades-policias-ministeriales-siembran-terror-tirando-balazos-en-zona-escolar-de-puebla\\\/\"},\"author\":{\"name\":\"Puebla EnLinea\",\"@id\":\"https:\\\/\\\/pueblaenlinea.com\\\/2025\\\/#\\\/schema\\\/person\\\/6e2e07bc4690564243accbe893d21877\"},\"headline\":\"P\u00e1nico en la colonia Universidades: Polic\u00edas ministeriales siembran terror tirando balazos en zona escolar de Puebla\",\"datePublished\":\"2026-09-05T01:01:49+00:00\",\"dateModified\":\"2026-09-05T01:01:50+00:00\",\"mainEntityOfPage\":{\"@id\":\"https:\\\/\\\/pueblaenlinea.com\\\/2025\\\/nota-roja\\\/panico-en-la-colonia-universidades-policias-ministeriales-siembran-terror-tirando-balazos-en-zona-escolar-de-puebla\\\/\"},\"wordCount\":528,\"image\":{\"@id\":\"https:\\\/\\\/pueblaenlinea.com\\\/2025\\\/nota-roja\\\/panico-en-la-colonia-universidades-policias-ministeriales-siembran-terror-tirando-balazos-en-zona-escolar-de-puebla\\\/#primaryimage\"},\"thumbnailUrl\":\"https:\\\/\\\/pueblaenlinea.com\\\/2025\\\/wp-content\\\/uploads\\\/2026\\\/09\\\/pel-8.jpg\",\"keywords\":[\"detenidos\"],\"articleSection\":[\"Nota Roja\"],\"inLanguage\":\"es\"},{\"@type\":\"WebPage\",\"@id\":\"https:\\\/\\\/pueblaenlinea.com\\\/2025\\\/nota-roja\\\/panico-en-la-colonia-universidades-policias-ministeriales-siembran-terror-tirando-balazos-en-zona-escolar-de-puebla\\\/\",\"url\":\"https:\\\/\\\/pueblaenlinea.com\\\/2025\\\/nota-roja\\\/panico-en-la-colonia-universidades-policias-ministeriales-siembran-terror-tirando-balazos-en-zona-escolar-de-puebla\\\/\",\"name\":\"P\u00e1nico en la colonia Universidades: Polic\u00edas ministeriales siembran terror tirando balazos en zona escolar de Puebla - Puebla En Linea\",\"isPartOf\":{\"@id\":\"https:\\\/\\\/pueblaenlinea.com\\\/2025\\\/#website\"},\"primaryImageOfPage\":{\"@id\":\"https:\\\/\\\/pueblaenlinea.com\\\/2025\\\/nota-roja\\\/panico-en-la-colonia-universidades-policias-ministeriales-siembran-terror-tirando-balazos-en-zona-escolar-de-puebla\\\/#primaryimage\"},\"image\":{\"@id\":\"https:\\\/\\\/pueblaenlinea.com\\\/2025\\\/nota-roja\\\/panico-en-la-colonia-universidades-policias-ministeriales-siembran-terror-tirando-balazos-en-zona-escolar-de-puebla\\\/#primaryimage\"},\"thumbnailUrl\":\"https:\\\/\\\/pueblaenlinea.com\\\/2025\\\/wp-content\\\/uploads\\\/2026\\\/09\\\/pel-8.jpg\",\"datePublished\":\"2026-09-05T01:01:49+00:00\",\"dateModified\":\"2026-09-05T01:01:50+00:00\",\"author\":{\"@id\":\"https:\\\/\\\/pueblaenlinea.com\\\/2025\\\/#\\\/schema\\\/person\\\/6e2e07bc4690564243accbe893d21877\"},\"description\":\"P\u00e1nico en la colonia Universidades: Polic\u00edas ministeriales siembran terror tirando balazos en zona escolar de Puebla Nota Roja\",\"breadcrumb\":{\"@id\":\"https:\\\/\\\/pueblaenlinea.com\\\/2025\\\/nota-roja\\\/panico-en-la-colonia-universidades-policias-ministeriales-siembran-terror-tirando-balazos-en-zona-escolar-de-puebla\\\/#breadcrumb\"},\"inLanguage\":\"es\",\"potentialAction\":[{\"@type\":\"ReadAction\",\"target\":[\"https:\\\/\\\/pueblaenlinea.com\\\/2025\\\/nota-roja\\\/panico-en-la-colonia-universidades-policias-ministeriales-siembran-terror-tirando-balazos-en-zona-escolar-de-puebla\\\/\"]}]},{\"@type\":\"ImageObject\",\"inLanguage\":\"es\",\"@id\":\"https:\\\/\\\/pueblaenlinea.com\\\/2025\\\/nota-roja\\\/panico-en-la-colonia-universidades-policias-ministeriales-siembran-terror-tirando-balazos-en-zona-escolar-de-puebla\\\/#primaryimage\",\"url\":\"https:\\\/\\\/pueblaenlinea.com\\\/2025\\\/wp-content\\\/uploads\\\/2026\\\/09\\\/pel-8.jpg\",\"contentUrl\":\"https:\\\/\\\/pueblaenlinea.com\\\/2025\\\/wp-content\\\/uploads\\\/2026\\\/09\\\/pel-8.jpg\",\"width\":1200,\"height\":674,\"caption\":\"coloniauniversidades\"},{\"@type\":\"BreadcrumbList\",\"@id\":\"https:\\\/\\\/pueblaenlinea.com\\\/2025\\\/nota-roja\\\/panico-en-la-colonia-universidades-policias-ministeriales-siembran-terror-tirando-balazos-en-zona-escolar-de-puebla\\\/#breadcrumb\",\"itemListElement\":[{\"@type\":\"ListItem\",\"position\":1,\"name\":\"Inicio\",\"item\":\"https:\\\/\\\/pueblaenlinea.com\\\/2025\\\/\"},{\"@type\":\"ListItem\",\"position\":2,\"name\":\"P\u00e1nico en la colonia Universidades: Polic\u00edas ministeriales siembran terror tirando balazos en zona escolar de Puebla\"}]},{\"@type\":\"WebSite\",\"@id\":\"https:\\\/\\\/pueblaenlinea.com\\\/2025\\\/#website\",\"url\":\"https:\\\/\\\/pueblaenlinea.com\\\/2025\\\/\",\"name\":\"Puebla En Linea\",\"description\":\"noticias de puebla, periodismo serio y comprometido.\",\"potentialAction\":[{\"@type\":\"SearchAction\",\"target\":{\"@type\":\"EntryPoint\",\"urlTemplate\":\"https:\\\/\\\/pueblaenlinea.com\\\/2025\\\/?s={search_term_string}\"},\"query-input\":{\"@type\":\"PropertyValueSpecification\",\"valueRequired\":true,\"valueName\":\"search_term_string\"}}],\"inLanguage\":\"es\"},{\"@type\":\"Person\",\"@id\":\"https:\\\/\\\/pueblaenlinea.com\\\/2025\\\/#\\\/schema\\\/person\\\/6e2e07bc4690564243accbe893d21877\",\"name\":\"Puebla EnLinea\",\"image\":{\"@type\":\"ImageObject\",\"inLanguage\":\"es\",\"@id\":\"https:\\\/\\\/pueblaenlinea.com\\\/2025\\\/wp-content\\\/litespeed\\\/avatar\\\/3b8bde7acb3c32a2512cab1d325df9d8.jpg?ver=1788290368\",\"url\":\"https:\\\/\\\/pueblaenlinea.com\\\/2025\\\/wp-content\\\/litespeed\\\/avatar\\\/3b8bde7acb3c32a2512cab1d325df9d8.jpg?ver=1788290368\",\"contentUrl\":\"https:\\\/\\\/pueblaenlinea.com\\\/2025\\\/wp-content\\\/litespeed\\\/avatar\\\/3b8bde7acb3c32a2512cab1d325df9d8.jpg?ver=1788290368\",\"caption\":\"Puebla EnLinea\"},\"url\":\"https:\\\/\\\/pueblaenlinea.com\\\/2025\\\/author\\\/pueblaenlinea\\\/\"}]}<\/script>\n<!-- \/ Yoast SEO plugin. -->","yoast_head_json":{"title":"P\u00e1nico en la colonia Universidades: Polic\u00edas ministeriales siembran terror tirando balazos en zona escolar de Puebla - Puebla En Linea","description":"P\u00e1nico en la colonia Universidades: Polic\u00edas ministeriales siembran terror tirando balazos en zona escolar de Puebla Nota Roja","robots":{"index":"index","follow":"follow","max-snippet":"max-snippet:-1","max-image-preview":"max-image-preview:large","max-video-preview":"max-video-preview:-1"},"canonical":"https:\/\/pueblaenlinea.com\/2025\/nota-roja\/panico-en-la-colonia-universidades-policias-ministeriales-siembran-terror-tirando-balazos-en-zona-escolar-de-puebla\/","og_locale":"es_MX","og_type":"article","og_title":"P\u00e1nico en la colonia Universidades: Polic\u00edas ministeriales siembran terror tirando balazos en zona escolar de Puebla - Puebla En Linea","og_description":"P\u00e1nico en la colonia Universidades: Polic\u00edas ministeriales siembran terror tirando balazos en zona escolar de Puebla Nota Roja","og_url":"https:\/\/pueblaenlinea.com\/2025\/nota-roja\/panico-en-la-colonia-universidades-policias-ministeriales-siembran-terror-tirando-balazos-en-zona-escolar-de-puebla\/","og_site_name":"Puebla En Linea","article_publisher":"https:\/\/www.facebook.com\/pueblaenlineacom","article_published_time":"2026-09-05T01:01:49+00:00","article_modified_time":"2026-09-05T01:01:50+00:00","og_image":[{"width":1200,"height":674,"url":"https:\/\/pueblaenlinea.com\/2025\/wp-content\/uploads\/2026\/09\/pel-8.jpg","type":"image\/jpeg"}],"author":"Puebla EnLinea","twitter_card":"summary_large_image","twitter_misc":{"Escrito por":"Puebla EnLinea","Tiempo de lectura":"3 minutos"},"schema":{"@context":"https:\/\/schema.org","@graph":[{"@type":"Article","@id":"https:\/\/pueblaenlinea.com\/2025\/nota-roja\/panico-en-la-colonia-universidades-policias-ministeriales-siembran-terror-tirando-balazos-en-zona-escolar-de-puebla\/#article","isPartOf":{"@id":"https:\/\/pueblaenlinea.com\/2025\/nota-roja\/panico-en-la-colonia-universidades-policias-ministeriales-siembran-terror-tirando-balazos-en-zona-escolar-de-puebla\/"},"author":{"name":"Puebla EnLinea","@id":"https:\/\/pueblaenlinea.com\/2025\/#\/schema\/person\/6e2e07bc4690564243accbe893d21877"},"headline":"P\u00e1nico en la colonia Universidades: Polic\u00edas ministeriales siembran terror tirando balazos en zona escolar de Puebla","datePublished":"2026-09-05T01:01:49+00:00","dateModified":"2026-09-05T01:01:50+00:00","mainEntityOfPage":{"@id":"https:\/\/pueblaenlinea.com\/2025\/nota-roja\/panico-en-la-colonia-universidades-policias-ministeriales-siembran-terror-tirando-balazos-en-zona-escolar-de-puebla\/"},"wordCount":528,"image":{"@id":"https:\/\/pueblaenlinea.com\/2025\/nota-roja\/panico-en-la-colonia-universidades-policias-ministeriales-siembran-terror-tirando-balazos-en-zona-escolar-de-puebla\/#primaryimage"},"thumbnailUrl":"https:\/\/pueblaenlinea.com\/2025\/wp-content\/uploads\/2026\/09\/pel-8.jpg","keywords":["detenidos"],"articleSection":["Nota Roja"],"inLanguage":"es"},{"@type":"WebPage","@id":"https:\/\/pueblaenlinea.com\/2025\/nota-roja\/panico-en-la-colonia-universidades-policias-ministeriales-siembran-terror-tirando-balazos-en-zona-escolar-de-puebla\/","url":"https:\/\/pueblaenlinea.com\/2025\/nota-roja\/panico-en-la-colonia-universidades-policias-ministeriales-siembran-terror-tirando-balazos-en-zona-escolar-de-puebla\/","name":"P\u00e1nico en la colonia Universidades: Polic\u00edas ministeriales siembran terror tirando balazos en zona escolar de Puebla - Puebla En Linea","isPartOf":{"@id":"https:\/\/pueblaenlinea.com\/2025\/#website"},"primaryImageOfPage":{"@id":"https:\/\/pueblaenlinea.com\/2025\/nota-roja\/panico-en-la-colonia-universidades-policias-ministeriales-siembran-terror-tirando-balazos-en-zona-escolar-de-puebla\/#primaryimage"},"image":{"@id":"https:\/\/pueblaenlinea.com\/2025\/nota-roja\/panico-en-la-colonia-universidades-policias-ministeriales-siembran-terror-tirando-balazos-en-zona-escolar-de-puebla\/#primaryimage"},"thumbnailUrl":"https:\/\/pueblaenlinea.com\/2025\/wp-content\/uploads\/2026\/09\/pel-8.jpg","datePublished":"2026-09-05T01:01:49+00:00","dateModified":"2026-09-05T01:01:50+00:00","author":{"@id":"https:\/\/pueblaenlinea.com\/2025\/#\/schema\/person\/6e2e07bc4690564243accbe893d21877"},"description":"P\u00e1nico en la colonia Universidades: Polic\u00edas ministeriales siembran terror tirando balazos en zona escolar de Puebla Nota Roja","breadcrumb":{"@id":"https:\/\/pueblaenlinea.com\/2025\/nota-roja\/panico-en-la-colonia-universidades-policias-ministeriales-siembran-terror-tirando-balazos-en-zona-escolar-de-puebla\/#breadcrumb"},"inLanguage":"es","potentialAction":[{"@type":"ReadAction","target":["https:\/\/pueblaenlinea.com\/2025\/nota-roja\/panico-en-la-colonia-universidades-policias-ministeriales-siembran-terror-tirando-balazos-en-zona-escolar-de-puebla\/"]}]},{"@type":"ImageObject","inLanguage":"es","@id":"https:\/\/pueblaenlinea.com\/2025\/nota-roja\/panico-en-la-colonia-universidades-policias-ministeriales-siembran-terror-tirando-balazos-en-zona-escolar-de-puebla\/#primaryimage","url":"https:\/\/pueblaenlinea.com\/2025\/wp-content\/uploads\/2026\/09\/pel-8.jpg","contentUrl":"https:\/\/pueblaenlinea.com\/2025\/wp-content\/uploads\/2026\/09\/pel-8.jpg","width":1200,"height":674,"caption":"coloniauniversidades"},{"@type":"BreadcrumbList","@id":"https:\/\/pueblaenlinea.com\/2025\/nota-roja\/panico-en-la-colonia-universidades-policias-ministeriales-siembran-terror-tirando-balazos-en-zona-escolar-de-puebla\/#breadcrumb","itemListElement":[{"@type":"ListItem","position":1,"name":"Inicio","item":"https:\/\/pueblaenlinea.com\/2025\/"},{"@type":"ListItem","position":2,"name":"P\u00e1nico en la colonia Universidades: Polic\u00edas ministeriales siembran terror tirando balazos en zona escolar de Puebla"}]},{"@type":"WebSite","@id":"https:\/\/pueblaenlinea.com\/2025\/#website","url":"https:\/\/pueblaenlinea.com\/2025\/","name":"Puebla En Linea","description":"noticias de puebla, periodismo serio y comprometido.","potentialAction":[{"@type":"SearchAction","target":{"@type":"EntryPoint","urlTemplate":"https:\/\/pueblaenlinea.com\/2025\/?s={search_term_string}"},"query-input":{"@type":"PropertyValueSpecification","valueRequired":true,"valueName":"search_term_string"}}],"inLanguage":"es"},{"@type":"Person","@id":"https:\/\/pueblaenlinea.com\/2025\/#\/schema\/person\/6e2e07bc4690564243accbe893d21877","name":"Puebla EnLinea","image":{"@type":"ImageObject","inLanguage":"es","@id":"https:\/\/pueblaenlinea.com\/2025\/wp-content\/litespeed\/avatar\/3b8bde7acb3c32a2512cab1d325df9d8.jpg?ver=1788290368","url":"https:\/\/pueblaenlinea.com\/2025\/wp-content\/litespeed\/avatar\/3b8bde7acb3c32a2512cab1d325df9d8.jpg?ver=1788290368","contentUrl":"https:\/\/pueblaenlinea.com\/2025\/wp-content\/litespeed\/avatar\/3b8bde7acb3c32a2512cab1d325df9d8.jpg?ver=1788290368","caption":"Puebla EnLinea"},"url":"https:\/\/pueblaenlinea.com\/2025\/author\/pueblaenlinea\/"}]}},"_links":{"self":[{"href":"https:\/\/pueblaenlinea.com\/2025\/wp-json\/wp\/v2\/posts\/134926","targetHints":{"allow":["GET"]}}],"collection":[{"href":"https:\/\/pueblaenlinea.com\/2025\/wp-json\/wp\/v2\/posts"}],"about":[{"href":"https:\/\/pueblaenlinea.com\/2025\/wp-json\/wp\/v2\/types\/post"}],"author":[{"embeddable":true,"href":"https:\/\/pueblaenlinea.com\/2025\/wp-json\/wp\/v2\/users\/2"}],"replies":[{"embeddable":true,"href":"https:\/\/pueblaenlinea.com\/2025\/wp-json\/wp\/v2\/comments?post=134926"}],"version-history":[{"count":0,"href":"https:\/\/pueblaenlinea.com\/2025\/wp-json\/wp\/v2\/posts\/134926\/revisions"}],"wp:featuredmedia":[{"embeddable":true,"href":"https:\/\/pueblaenlinea.com\/2025\/wp-json\/wp\/v2\/media\/134927"}],"wp:attachment":[{"href":"https:\/\/pueblaenlinea.com\/2025\/wp-json\/wp\/v2\/media?parent=134926"}],"wp:term":[{"taxonomy":"category","embeddable":true,"href":"https:\/\/pueblaenlinea.com\/2025\/wp-json\/wp\/v2\/categories?post=134926"},{"taxonomy":"post_tag","embeddable":true,"href":"https:\/\/pueblaenlinea.com\/2025\/wp-json\/wp\/v2\/tags?post=134926"}],"curies":[{"name":"wp","href":"https:\/\/api.w.org\/{rel}","templated":true}]}}