{"id":134921,"date":"2026-09-04T17:40:57","date_gmt":"2026-09-04T23:40:57","guid":{"rendered":"https:\/\/pueblaenlinea.com\/2025\/?p=134921"},"modified":"2026-09-04T17:40:58","modified_gmt":"2026-09-04T23:40:58","slug":"asesinan-al-vidente-farath-coronel-en-su-domicilio-de-cuautitlan-izcalli-investigan-a-su-escolta","status":"publish","type":"post","link":"https:\/\/pueblaenlinea.com\/2025\/nota-roja\/asesinan-al-vidente-farath-coronel-en-su-domicilio-de-cuautitlan-izcalli-investigan-a-su-escolta\/","title":{"rendered":"Asesinan al vidente Farath Coronel en su domicilio de Cuautitl\u00e1n Izcalli; investigan a su escolta"},"content":{"rendered":"\n<p class=\"wp-block-paragraph\"><strong>Farath Coronel, conocido por sus apariciones en televisi\u00f3n como vidente, numer\u00f3logo y comunicador, fue localizado sin vida dentro de su casa. Un escolta permanece bajo custodia mientras las autoridades investigan si el m\u00f3vil fue un robo.<\/strong><\/p>\n\n\n\n<p class=\"wp-block-paragraph\">La ma\u00f1ana de este viernes termin\u00f3 abruptamente para <strong>Farath Coronel<\/strong>. El comunicador y numer\u00f3logo fue encontrado muerto dentro de su domicilio, ubicado en la colonia <strong>Bosques del Lago, en Cuautitl\u00e1n Izcalli, Estado de M\u00e9xico<\/strong>.<\/p>\n\n\n\n<p class=\"wp-block-paragraph\">De acuerdo con los primeros reportes, el tambi\u00e9n colaborador recurrente de programas de televisi\u00f3n presentaba <strong>impactos de arma de fuego en la cabeza<\/strong>.<\/p>\n\n\n\n<p class=\"wp-block-paragraph\">El inmueble fue acordonado por autoridades mexiquenses, mientras personal especializado realiz\u00f3 las primeras diligencias para reconstruir las \u00faltimas horas de la v\u00edctima y determinar qui\u00e9n estuvo con \u00e9l antes del crimen.<\/p>\n\n\n\n<h3 class=\"wp-block-heading\">La investigaci\u00f3n apunta tambi\u00e9n hacia su c\u00edrculo cercano<\/h3>\n\n\n\n<p class=\"wp-block-paragraph\">Uno de los elementos que m\u00e1s ha llamado la atenci\u00f3n en las primeras indagatorias es la situaci\u00f3n de su escolta, identificado como <strong>El\u00edas<\/strong>, quien permanece bajo custodia de las autoridades mientras se determina su posible relaci\u00f3n con los hechos.<\/p>\n\n\n\n<p class=\"wp-block-paragraph\">Esto no significa, hasta el momento, que exista una responsabilidad penal acreditada en su contra. La investigaci\u00f3n deber\u00e1 establecer qu\u00e9 ocurri\u00f3 y cu\u00e1l fue su participaci\u00f3n, en caso de existir.<\/p>\n\n\n\n<p class=\"wp-block-paragraph\"><strong>\ud83d\udd34 V\u00edctima:<\/strong> Farath Coronel, vidente, numer\u00f3logo y comunicador.<\/p>\n\n\n\n<p class=\"wp-block-paragraph\"><strong>\ud83d\udccd Lugar:<\/strong> colonia Bosques del Lago, Cuautitl\u00e1n Izcalli, Estado de M\u00e9xico.<\/p>\n\n\n\n<p class=\"wp-block-paragraph\"><strong>\ud83d\udd0e Investigaci\u00f3n:<\/strong> la Fiscal\u00eda mexiquense abri\u00f3 una carpeta y mantiene bajo custodia al escolta identificado como El\u00edas.<\/p>\n\n\n\n<p class=\"wp-block-paragraph\"><strong>\ud83d\ude99 Posible m\u00f3vil:<\/strong> se investiga un robo luego de reportarse la desaparici\u00f3n de pertenencias de valor y de la camioneta particular de Coronel.<\/p>\n\n\n\n<p class=\"wp-block-paragraph\">La hip\u00f3tesis del robo es una de las l\u00edneas que deber\u00e1n ser confirmadas o descartadas conforme avance la investigaci\u00f3n.<\/p>\n\n\n\n<p class=\"wp-block-paragraph\">La sustracci\u00f3n de objetos y del veh\u00edculo abre una pregunta inevitable: <strong>\u00bfse trat\u00f3 de un robo que termin\u00f3 en homicidio o hubo otro motivo detr\u00e1s del ataque?<\/strong><\/p>\n\n\n\n<p class=\"wp-block-paragraph\">Por ahora, esa respuesta pertenece a los investigadores.<\/p>\n\n\n\n<p class=\"wp-block-paragraph\">Si quieres seguir esta y otras notas de inter\u00e9s en tiempo real, \u00fanete a nuestro canal de WhatsApp: <a href=\"https:\/\/whatsapp.com\/channel\/0029Va5CSyuEQIalZaJWpX1h?utm_source=chatgpt.com\">WhatsApp de Puebla En L\u00ednea<\/a><\/p>\n\n\n\n<h3 class=\"wp-block-heading\">Del personaje televisivo a una escena bajo investigaci\u00f3n<\/h3>\n\n\n\n<p class=\"wp-block-paragraph\">Farath Coronel construy\u00f3 buena parte de su reconocimiento p\u00fablico a trav\u00e9s de sus participaciones en televisi\u00f3n, donde abordaba temas relacionados con la numerolog\u00eda y la videncia.<\/p>\n\n\n\n<p class=\"wp-block-paragraph\">Su muerte transforma ahora aquel personaje habitual de la pantalla en el centro de una investigaci\u00f3n criminal.<\/p>\n\n\n\n<p class=\"wp-block-paragraph\">La Fiscal\u00eda del Estado de M\u00e9xico deber\u00e1 determinar las circunstancias exactas del homicidio, establecer qui\u00e9nes estuvieron en el domicilio y esclarecer qu\u00e9 ocurri\u00f3 con los objetos y el veh\u00edculo que fueron reportados como robados.<\/p>\n\n\n\n<p class=\"wp-block-paragraph\">Tambi\u00e9n ser\u00e1 fundamental conocer los resultados de las diligencias periciales y de las declaraciones de las personas cercanas a la v\u00edctima.<\/p>\n\n\n\n<p class=\"wp-block-paragraph\">En casos como este, la primera versi\u00f3n suele ser apenas la puerta de entrada. <strong>El verdadero relato comienza cuando las autoridades logran separar las coincidencias de las evidencias.<\/strong><\/p>\n\n\n\n<h3 class=\"wp-block-heading\">\u00bfQu\u00e9 sigue en el caso Farath Coronel?<\/h3>\n\n\n\n<p class=\"wp-block-paragraph\">La investigaci\u00f3n permanece abierta y el m\u00f3vil del crimen todav\u00eda no est\u00e1 plenamente establecido.<\/p>\n\n\n\n<p class=\"wp-block-paragraph\">Las autoridades deber\u00e1n esclarecer si el robo fue el motivo principal del ataque, si existi\u00f3 una relaci\u00f3n previa entre v\u00edctima y agresor o si detr\u00e1s del homicidio existe otra l\u00ednea de investigaci\u00f3n.<\/p>\n\n\n\n<p class=\"wp-block-paragraph\">La fama puede convertir a una persona en un rostro conocido, pero no la vuelve inmune a la violencia que atraviesa a la sociedad. Ahora corresponde a la justicia reconstruir los hechos sin anticipar culpables y encontrar respuestas para una muerte que deja demasiadas preguntas abiertas.<\/p>\n\n\n\n<p class=\"wp-block-paragraph\"><strong>Escrito por Redacci\u00f3n Puebla En L\u00ednea<\/strong><\/p>\n\n\n\n<h3 class=\"wp-block-heading\"><\/h3>\n\n\n\n<ol class=\"wp-block-list\">\n<li><strong>Matan a Farath Coronel en su casa de Cuautitl\u00e1n Izcalli; su escolta est\u00e1 bajo investigaci\u00f3n<\/strong><\/li>\n\n\n\n<li><strong>Farath Coronel fue asesinado en su domicilio: investigan robo y la posible participaci\u00f3n de su escolta<\/strong><\/li>\n\n\n\n<li><strong>\u00bfQu\u00e9 pas\u00f3 con Farath Coronel? Lo encontraron muerto y su escolta permanece bajo custodia<\/strong><\/li>\n\n\n\n<li><strong>Farath Coronel, rostro conocido de la televisi\u00f3n, es asesinado en Cuautitl\u00e1n Izcalli<\/strong><\/li>\n\n\n\n<li><strong>Asesinan a Farath Coronel dentro de su casa; desaparecieron su camioneta y objetos de valor<\/strong><\/li>\n<\/ol>\n","protected":false},"excerpt":{"rendered":"<p>Farath Coronel, conocido por sus apariciones en televisi\u00f3n como vidente, numer\u00f3logo y comunicador, fue localizado sin vida dentro de su casa. Un escolta permanece bajo custodia mientras las autoridades investigan si el m\u00f3vil fue un robo. La ma\u00f1ana de este viernes termin\u00f3 abruptamente para Farath Coronel. El comunicador y numer\u00f3logo fue encontrado muerto dentro de&#8230;<\/p>\n","protected":false},"author":9,"featured_media":134922,"comment_status":"closed","ping_status":"closed","sticky":false,"template":"","format":"standard","meta":{"footnotes":""},"categories":[24],"tags":[1407],"class_list":["post-134921","post","type-post","status-publish","format-standard","has-post-thumbnail","hentry","category-nota-roja","tag-asesinato"],"yoast_head":"<!-- This site is optimized with the Yoast SEO plugin v28.4 - https:\/\/yoast.com\/product\/yoast-seo-wordpress\/ -->\n<title>Asesinan al vidente Farath Coronel en su domicilio de Cuautitl\u00e1n Izcalli; investigan a su escolta - Puebla En Linea<\/title>\n<meta name=\"description\" content=\"Asesinan al vidente Farath Coronel en su domicilio de Cuautitl\u00e1n Izcalli; investigan a su escolta Nota Roja\" \/>\n<meta name=\"robots\" content=\"index, follow, max-snippet:-1, max-image-preview:large, max-video-preview:-1\" \/>\n<link rel=\"canonical\" href=\"https:\/\/pueblaenlinea.com\/2025\/nota-roja\/asesinan-al-vidente-farath-coronel-en-su-domicilio-de-cuautitlan-izcalli-investigan-a-su-escolta\/\" \/>\n<meta property=\"og:locale\" content=\"es_MX\" \/>\n<meta property=\"og:type\" content=\"article\" \/>\n<meta property=\"og:title\" content=\"Asesinan al vidente Farath Coronel en su domicilio de Cuautitl\u00e1n Izcalli; investigan a su escolta - Puebla En Linea\" \/>\n<meta property=\"og:description\" content=\"Asesinan al vidente Farath Coronel en su domicilio de Cuautitl\u00e1n Izcalli; investigan a su escolta Nota Roja\" \/>\n<meta property=\"og:url\" content=\"https:\/\/pueblaenlinea.com\/2025\/nota-roja\/asesinan-al-vidente-farath-coronel-en-su-domicilio-de-cuautitlan-izcalli-investigan-a-su-escolta\/\" \/>\n<meta property=\"og:site_name\" content=\"Puebla En Linea\" \/>\n<meta property=\"article:publisher\" content=\"https:\/\/www.facebook.com\/pueblaenlineacom\" \/>\n<meta property=\"article:published_time\" content=\"2026-09-04T23:40:57+00:00\" \/>\n<meta property=\"article:modified_time\" content=\"2026-09-04T23:40:58+00:00\" \/>\n<meta property=\"og:image\" content=\"https:\/\/pueblaenlinea.com\/2025\/wp-content\/uploads\/2026\/09\/FarathCoronel.jpg\" \/>\n\t<meta property=\"og:image:width\" content=\"1200\" \/>\n\t<meta property=\"og:image:height\" content=\"674\" \/>\n\t<meta property=\"og:image:type\" content=\"image\/jpeg\" \/>\n<meta name=\"author\" content=\"lupita Puebla en linea\" \/>\n<meta name=\"twitter:card\" content=\"summary_large_image\" \/>\n<meta name=\"twitter:label1\" content=\"Escrito por\" \/>\n\t<meta name=\"twitter:data1\" content=\"lupita Puebla en linea\" \/>\n\t<meta name=\"twitter:label2\" content=\"Tiempo de lectura\" \/>\n\t<meta name=\"twitter:data2\" content=\"4 minutos\" \/>\n<script type=\"application\/ld+json\" class=\"yoast-schema-graph\">{\"@context\":\"https:\\\/\\\/schema.org\",\"@graph\":[{\"@type\":\"Article\",\"@id\":\"https:\\\/\\\/pueblaenlinea.com\\\/2025\\\/nota-roja\\\/asesinan-al-vidente-farath-coronel-en-su-domicilio-de-cuautitlan-izcalli-investigan-a-su-escolta\\\/#article\",\"isPartOf\":{\"@id\":\"https:\\\/\\\/pueblaenlinea.com\\\/2025\\\/nota-roja\\\/asesinan-al-vidente-farath-coronel-en-su-domicilio-de-cuautitlan-izcalli-investigan-a-su-escolta\\\/\"},\"author\":{\"name\":\"lupita Puebla en linea\",\"@id\":\"https:\\\/\\\/pueblaenlinea.com\\\/2025\\\/#\\\/schema\\\/person\\\/2baf91de3092c7d50fb754a48f084d7f\"},\"headline\":\"Asesinan al vidente Farath Coronel en su domicilio de Cuautitl\u00e1n Izcalli; investigan a su escolta\",\"datePublished\":\"2026-09-04T23:40:57+00:00\",\"dateModified\":\"2026-09-04T23:40:58+00:00\",\"mainEntityOfPage\":{\"@id\":\"https:\\\/\\\/pueblaenlinea.com\\\/2025\\\/nota-roja\\\/asesinan-al-vidente-farath-coronel-en-su-domicilio-de-cuautitlan-izcalli-investigan-a-su-escolta\\\/\"},\"wordCount\":729,\"image\":{\"@id\":\"https:\\\/\\\/pueblaenlinea.com\\\/2025\\\/nota-roja\\\/asesinan-al-vidente-farath-coronel-en-su-domicilio-de-cuautitlan-izcalli-investigan-a-su-escolta\\\/#primaryimage\"},\"thumbnailUrl\":\"https:\\\/\\\/pueblaenlinea.com\\\/2025\\\/wp-content\\\/uploads\\\/2026\\\/09\\\/FarathCoronel.jpg\",\"keywords\":[\"asesinato\"],\"articleSection\":[\"Nota Roja\"],\"inLanguage\":\"es\"},{\"@type\":\"WebPage\",\"@id\":\"https:\\\/\\\/pueblaenlinea.com\\\/2025\\\/nota-roja\\\/asesinan-al-vidente-farath-coronel-en-su-domicilio-de-cuautitlan-izcalli-investigan-a-su-escolta\\\/\",\"url\":\"https:\\\/\\\/pueblaenlinea.com\\\/2025\\\/nota-roja\\\/asesinan-al-vidente-farath-coronel-en-su-domicilio-de-cuautitlan-izcalli-investigan-a-su-escolta\\\/\",\"name\":\"Asesinan al vidente Farath Coronel en su domicilio de Cuautitl\u00e1n Izcalli; investigan a su escolta - Puebla En Linea\",\"isPartOf\":{\"@id\":\"https:\\\/\\\/pueblaenlinea.com\\\/2025\\\/#website\"},\"primaryImageOfPage\":{\"@id\":\"https:\\\/\\\/pueblaenlinea.com\\\/2025\\\/nota-roja\\\/asesinan-al-vidente-farath-coronel-en-su-domicilio-de-cuautitlan-izcalli-investigan-a-su-escolta\\\/#primaryimage\"},\"image\":{\"@id\":\"https:\\\/\\\/pueblaenlinea.com\\\/2025\\\/nota-roja\\\/asesinan-al-vidente-farath-coronel-en-su-domicilio-de-cuautitlan-izcalli-investigan-a-su-escolta\\\/#primaryimage\"},\"thumbnailUrl\":\"https:\\\/\\\/pueblaenlinea.com\\\/2025\\\/wp-content\\\/uploads\\\/2026\\\/09\\\/FarathCoronel.jpg\",\"datePublished\":\"2026-09-04T23:40:57+00:00\",\"dateModified\":\"2026-09-04T23:40:58+00:00\",\"author\":{\"@id\":\"https:\\\/\\\/pueblaenlinea.com\\\/2025\\\/#\\\/schema\\\/person\\\/2baf91de3092c7d50fb754a48f084d7f\"},\"description\":\"Asesinan al vidente Farath Coronel en su domicilio de Cuautitl\u00e1n Izcalli; investigan a su escolta Nota Roja\",\"breadcrumb\":{\"@id\":\"https:\\\/\\\/pueblaenlinea.com\\\/2025\\\/nota-roja\\\/asesinan-al-vidente-farath-coronel-en-su-domicilio-de-cuautitlan-izcalli-investigan-a-su-escolta\\\/#breadcrumb\"},\"inLanguage\":\"es\",\"potentialAction\":[{\"@type\":\"ReadAction\",\"target\":[\"https:\\\/\\\/pueblaenlinea.com\\\/2025\\\/nota-roja\\\/asesinan-al-vidente-farath-coronel-en-su-domicilio-de-cuautitlan-izcalli-investigan-a-su-escolta\\\/\"]}]},{\"@type\":\"ImageObject\",\"inLanguage\":\"es\",\"@id\":\"https:\\\/\\\/pueblaenlinea.com\\\/2025\\\/nota-roja\\\/asesinan-al-vidente-farath-coronel-en-su-domicilio-de-cuautitlan-izcalli-investigan-a-su-escolta\\\/#primaryimage\",\"url\":\"https:\\\/\\\/pueblaenlinea.com\\\/2025\\\/wp-content\\\/uploads\\\/2026\\\/09\\\/FarathCoronel.jpg\",\"contentUrl\":\"https:\\\/\\\/pueblaenlinea.com\\\/2025\\\/wp-content\\\/uploads\\\/2026\\\/09\\\/FarathCoronel.jpg\",\"width\":1200,\"height\":674},{\"@type\":\"BreadcrumbList\",\"@id\":\"https:\\\/\\\/pueblaenlinea.com\\\/2025\\\/nota-roja\\\/asesinan-al-vidente-farath-coronel-en-su-domicilio-de-cuautitlan-izcalli-investigan-a-su-escolta\\\/#breadcrumb\",\"itemListElement\":[{\"@type\":\"ListItem\",\"position\":1,\"name\":\"Inicio\",\"item\":\"https:\\\/\\\/pueblaenlinea.com\\\/2025\\\/\"},{\"@type\":\"ListItem\",\"position\":2,\"name\":\"Asesinan al vidente Farath Coronel en su domicilio de Cuautitl\u00e1n Izcalli; investigan a su escolta\"}]},{\"@type\":\"WebSite\",\"@id\":\"https:\\\/\\\/pueblaenlinea.com\\\/2025\\\/#website\",\"url\":\"https:\\\/\\\/pueblaenlinea.com\\\/2025\\\/\",\"name\":\"Puebla En Linea\",\"description\":\"noticias de puebla, periodismo serio y comprometido.\",\"potentialAction\":[{\"@type\":\"SearchAction\",\"target\":{\"@type\":\"EntryPoint\",\"urlTemplate\":\"https:\\\/\\\/pueblaenlinea.com\\\/2025\\\/?s={search_term_string}\"},\"query-input\":{\"@type\":\"PropertyValueSpecification\",\"valueRequired\":true,\"valueName\":\"search_term_string\"}}],\"inLanguage\":\"es\"},{\"@type\":\"Person\",\"@id\":\"https:\\\/\\\/pueblaenlinea.com\\\/2025\\\/#\\\/schema\\\/person\\\/2baf91de3092c7d50fb754a48f084d7f\",\"name\":\"lupita Puebla en linea\",\"image\":{\"@type\":\"ImageObject\",\"inLanguage\":\"es\",\"@id\":\"https:\\\/\\\/pueblaenlinea.com\\\/2025\\\/wp-content\\\/litespeed\\\/avatar\\\/c3bdb4b8e42693060df9dbf8c3f9c41d.jpg?ver=1788290860\",\"url\":\"https:\\\/\\\/pueblaenlinea.com\\\/2025\\\/wp-content\\\/litespeed\\\/avatar\\\/c3bdb4b8e42693060df9dbf8c3f9c41d.jpg?ver=1788290860\",\"contentUrl\":\"https:\\\/\\\/pueblaenlinea.com\\\/2025\\\/wp-content\\\/litespeed\\\/avatar\\\/c3bdb4b8e42693060df9dbf8c3f9c41d.jpg?ver=1788290860\",\"caption\":\"lupita Puebla en linea\"},\"url\":\"https:\\\/\\\/pueblaenlinea.com\\\/2025\\\/author\\\/lupita\\\/\"}]}<\/script>\n<!-- \/ Yoast SEO plugin. -->","yoast_head_json":{"title":"Asesinan al vidente Farath Coronel en su domicilio de Cuautitl\u00e1n Izcalli; investigan a su escolta - Puebla En Linea","description":"Asesinan al vidente Farath Coronel en su domicilio de Cuautitl\u00e1n Izcalli; investigan a su escolta Nota Roja","robots":{"index":"index","follow":"follow","max-snippet":"max-snippet:-1","max-image-preview":"max-image-preview:large","max-video-preview":"max-video-preview:-1"},"canonical":"https:\/\/pueblaenlinea.com\/2025\/nota-roja\/asesinan-al-vidente-farath-coronel-en-su-domicilio-de-cuautitlan-izcalli-investigan-a-su-escolta\/","og_locale":"es_MX","og_type":"article","og_title":"Asesinan al vidente Farath Coronel en su domicilio de Cuautitl\u00e1n Izcalli; investigan a su escolta - Puebla En Linea","og_description":"Asesinan al vidente Farath Coronel en su domicilio de Cuautitl\u00e1n Izcalli; investigan a su escolta Nota Roja","og_url":"https:\/\/pueblaenlinea.com\/2025\/nota-roja\/asesinan-al-vidente-farath-coronel-en-su-domicilio-de-cuautitlan-izcalli-investigan-a-su-escolta\/","og_site_name":"Puebla En Linea","article_publisher":"https:\/\/www.facebook.com\/pueblaenlineacom","article_published_time":"2026-09-04T23:40:57+00:00","article_modified_time":"2026-09-04T23:40:58+00:00","og_image":[{"width":1200,"height":674,"url":"https:\/\/pueblaenlinea.com\/2025\/wp-content\/uploads\/2026\/09\/FarathCoronel.jpg","type":"image\/jpeg"}],"author":"lupita Puebla en linea","twitter_card":"summary_large_image","twitter_misc":{"Escrito por":"lupita Puebla en linea","Tiempo de lectura":"4 minutos"},"schema":{"@context":"https:\/\/schema.org","@graph":[{"@type":"Article","@id":"https:\/\/pueblaenlinea.com\/2025\/nota-roja\/asesinan-al-vidente-farath-coronel-en-su-domicilio-de-cuautitlan-izcalli-investigan-a-su-escolta\/#article","isPartOf":{"@id":"https:\/\/pueblaenlinea.com\/2025\/nota-roja\/asesinan-al-vidente-farath-coronel-en-su-domicilio-de-cuautitlan-izcalli-investigan-a-su-escolta\/"},"author":{"name":"lupita Puebla en linea","@id":"https:\/\/pueblaenlinea.com\/2025\/#\/schema\/person\/2baf91de3092c7d50fb754a48f084d7f"},"headline":"Asesinan al vidente Farath Coronel en su domicilio de Cuautitl\u00e1n Izcalli; investigan a su escolta","datePublished":"2026-09-04T23:40:57+00:00","dateModified":"2026-09-04T23:40:58+00:00","mainEntityOfPage":{"@id":"https:\/\/pueblaenlinea.com\/2025\/nota-roja\/asesinan-al-vidente-farath-coronel-en-su-domicilio-de-cuautitlan-izcalli-investigan-a-su-escolta\/"},"wordCount":729,"image":{"@id":"https:\/\/pueblaenlinea.com\/2025\/nota-roja\/asesinan-al-vidente-farath-coronel-en-su-domicilio-de-cuautitlan-izcalli-investigan-a-su-escolta\/#primaryimage"},"thumbnailUrl":"https:\/\/pueblaenlinea.com\/2025\/wp-content\/uploads\/2026\/09\/FarathCoronel.jpg","keywords":["asesinato"],"articleSection":["Nota Roja"],"inLanguage":"es"},{"@type":"WebPage","@id":"https:\/\/pueblaenlinea.com\/2025\/nota-roja\/asesinan-al-vidente-farath-coronel-en-su-domicilio-de-cuautitlan-izcalli-investigan-a-su-escolta\/","url":"https:\/\/pueblaenlinea.com\/2025\/nota-roja\/asesinan-al-vidente-farath-coronel-en-su-domicilio-de-cuautitlan-izcalli-investigan-a-su-escolta\/","name":"Asesinan al vidente Farath Coronel en su domicilio de Cuautitl\u00e1n Izcalli; investigan a su escolta - Puebla En Linea","isPartOf":{"@id":"https:\/\/pueblaenlinea.com\/2025\/#website"},"primaryImageOfPage":{"@id":"https:\/\/pueblaenlinea.com\/2025\/nota-roja\/asesinan-al-vidente-farath-coronel-en-su-domicilio-de-cuautitlan-izcalli-investigan-a-su-escolta\/#primaryimage"},"image":{"@id":"https:\/\/pueblaenlinea.com\/2025\/nota-roja\/asesinan-al-vidente-farath-coronel-en-su-domicilio-de-cuautitlan-izcalli-investigan-a-su-escolta\/#primaryimage"},"thumbnailUrl":"https:\/\/pueblaenlinea.com\/2025\/wp-content\/uploads\/2026\/09\/FarathCoronel.jpg","datePublished":"2026-09-04T23:40:57+00:00","dateModified":"2026-09-04T23:40:58+00:00","author":{"@id":"https:\/\/pueblaenlinea.com\/2025\/#\/schema\/person\/2baf91de3092c7d50fb754a48f084d7f"},"description":"Asesinan al vidente Farath Coronel en su domicilio de Cuautitl\u00e1n Izcalli; investigan a su escolta Nota Roja","breadcrumb":{"@id":"https:\/\/pueblaenlinea.com\/2025\/nota-roja\/asesinan-al-vidente-farath-coronel-en-su-domicilio-de-cuautitlan-izcalli-investigan-a-su-escolta\/#breadcrumb"},"inLanguage":"es","potentialAction":[{"@type":"ReadAction","target":["https:\/\/pueblaenlinea.com\/2025\/nota-roja\/asesinan-al-vidente-farath-coronel-en-su-domicilio-de-cuautitlan-izcalli-investigan-a-su-escolta\/"]}]},{"@type":"ImageObject","inLanguage":"es","@id":"https:\/\/pueblaenlinea.com\/2025\/nota-roja\/asesinan-al-vidente-farath-coronel-en-su-domicilio-de-cuautitlan-izcalli-investigan-a-su-escolta\/#primaryimage","url":"https:\/\/pueblaenlinea.com\/2025\/wp-content\/uploads\/2026\/09\/FarathCoronel.jpg","contentUrl":"https:\/\/pueblaenlinea.com\/2025\/wp-content\/uploads\/2026\/09\/FarathCoronel.jpg","width":1200,"height":674},{"@type":"BreadcrumbList","@id":"https:\/\/pueblaenlinea.com\/2025\/nota-roja\/asesinan-al-vidente-farath-coronel-en-su-domicilio-de-cuautitlan-izcalli-investigan-a-su-escolta\/#breadcrumb","itemListElement":[{"@type":"ListItem","position":1,"name":"Inicio","item":"https:\/\/pueblaenlinea.com\/2025\/"},{"@type":"ListItem","position":2,"name":"Asesinan al vidente Farath Coronel en su domicilio de Cuautitl\u00e1n Izcalli; investigan a su escolta"}]},{"@type":"WebSite","@id":"https:\/\/pueblaenlinea.com\/2025\/#website","url":"https:\/\/pueblaenlinea.com\/2025\/","name":"Puebla En Linea","description":"noticias de puebla, periodismo serio y comprometido.","potentialAction":[{"@type":"SearchAction","target":{"@type":"EntryPoint","urlTemplate":"https:\/\/pueblaenlinea.com\/2025\/?s={search_term_string}"},"query-input":{"@type":"PropertyValueSpecification","valueRequired":true,"valueName":"search_term_string"}}],"inLanguage":"es"},{"@type":"Person","@id":"https:\/\/pueblaenlinea.com\/2025\/#\/schema\/person\/2baf91de3092c7d50fb754a48f084d7f","name":"lupita Puebla en linea","image":{"@type":"ImageObject","inLanguage":"es","@id":"https:\/\/pueblaenlinea.com\/2025\/wp-content\/litespeed\/avatar\/c3bdb4b8e42693060df9dbf8c3f9c41d.jpg?ver=1788290860","url":"https:\/\/pueblaenlinea.com\/2025\/wp-content\/litespeed\/avatar\/c3bdb4b8e42693060df9dbf8c3f9c41d.jpg?ver=1788290860","contentUrl":"https:\/\/pueblaenlinea.com\/2025\/wp-content\/litespeed\/avatar\/c3bdb4b8e42693060df9dbf8c3f9c41d.jpg?ver=1788290860","caption":"lupita Puebla en linea"},"url":"https:\/\/pueblaenlinea.com\/2025\/author\/lupita\/"}]}},"_links":{"self":[{"href":"https:\/\/pueblaenlinea.com\/2025\/wp-json\/wp\/v2\/posts\/134921","targetHints":{"allow":["GET"]}}],"collection":[{"href":"https:\/\/pueblaenlinea.com\/2025\/wp-json\/wp\/v2\/posts"}],"about":[{"href":"https:\/\/pueblaenlinea.com\/2025\/wp-json\/wp\/v2\/types\/post"}],"author":[{"embeddable":true,"href":"https:\/\/pueblaenlinea.com\/2025\/wp-json\/wp\/v2\/users\/9"}],"replies":[{"embeddable":true,"href":"https:\/\/pueblaenlinea.com\/2025\/wp-json\/wp\/v2\/comments?post=134921"}],"version-history":[{"count":0,"href":"https:\/\/pueblaenlinea.com\/2025\/wp-json\/wp\/v2\/posts\/134921\/revisions"}],"wp:featuredmedia":[{"embeddable":true,"href":"https:\/\/pueblaenlinea.com\/2025\/wp-json\/wp\/v2\/media\/134922"}],"wp:attachment":[{"href":"https:\/\/pueblaenlinea.com\/2025\/wp-json\/wp\/v2\/media?parent=134921"}],"wp:term":[{"taxonomy":"category","embeddable":true,"href":"https:\/\/pueblaenlinea.com\/2025\/wp-json\/wp\/v2\/categories?post=134921"},{"taxonomy":"post_tag","embeddable":true,"href":"https:\/\/pueblaenlinea.com\/2025\/wp-json\/wp\/v2\/tags?post=134921"}],"curies":[{"name":"wp","href":"https:\/\/api.w.org\/{rel}","templated":true}]}}