{"id":134917,"date":"2026-09-04T16:49:30","date_gmt":"2026-09-04T22:49:30","guid":{"rendered":"https:\/\/pueblaenlinea.com\/2025\/?p=134917"},"modified":"2026-09-04T16:49:31","modified_gmt":"2026-09-04T22:49:31","slug":"trump-afirma-que-mexico-no-tiene-nada-que-ofrecer-a-eu-mas-alla-de-tamales-y-tomates","status":"publish","type":"post","link":"https:\/\/pueblaenlinea.com\/2025\/enterate\/trump-afirma-que-mexico-no-tiene-nada-que-ofrecer-a-eu-mas-alla-de-tamales-y-tomates\/","title":{"rendered":"Trump afirma que M\u00e9xico no tiene \u201cnada que ofrecer\u201d a EU m\u00e1s all\u00e1 de \u201ctamales y tomates\u201d"},"content":{"rendered":"\n<p class=\"wp-block-paragraph\"><strong>Donald Trump vuelve a poner a M\u00e9xico en el centro de la conversaci\u00f3n comercial con una frase que incomoda, mientras asegura que por ahora no pretende romper el intercambio econ\u00f3mico y reconoce mantener una buena relaci\u00f3n con Claudia Sheinbaum.<\/strong><\/p>\n\n\n\n<p class=\"wp-block-paragraph\">Washington vuelve a mirar hacia el sur, pero esta vez no precisamente con diplomacia.<\/p>\n\n\n\n<p class=\"wp-block-paragraph\">El presidente de Estados Unidos, <strong>Donald Trump<\/strong>, lanz\u00f3 una despectiva valoraci\u00f3n sobre M\u00e9xico al afirmar que el pa\u00eds no tendr\u00eda \u201cnada que ofrecer\u201d a Estados Unidos m\u00e1s all\u00e1 de productos como <strong>\u201ctamales y tomates\u201d<\/strong>.<\/p>\n\n\n\n<p class=\"wp-block-paragraph\">La declaraci\u00f3n ocurre mientras ambos pa\u00edses mantienen una relaci\u00f3n marcada por el comercio, la migraci\u00f3n y las constantes tensiones pol\u00edticas. Sin embargo, Trump descart\u00f3 por ahora una interrupci\u00f3n del intercambio comercial entre M\u00e9xico y Estados Unidos.<\/p>\n\n\n\n<h3 class=\"wp-block-heading\">Lo que dijo Trump<\/h3>\n\n\n\n<p class=\"wp-block-paragraph\">La frase llam\u00f3 la atenci\u00f3n no solo por su tono, sino por el contraste con la importancia que tiene M\u00e9xico para la econom\u00eda estadounidense.<\/p>\n\n\n\n<p class=\"wp-block-paragraph\"><strong>\ud83c\uddf2\ud83c\uddfd M\u00e9xico, en el centro de la declaraci\u00f3n:<\/strong> Trump cuestion\u00f3 el valor de lo que M\u00e9xico ofrece comercialmente a Estados Unidos y utiliz\u00f3 los \u201ctamales y tomates\u201d como referencia.<\/p>\n\n\n\n<p class=\"wp-block-paragraph\"><strong>\ud83c\uddfa\ud83c\uddf8 No habr\u00e1 ruptura comercial por ahora:<\/strong> pese a sus cr\u00edticas, el mandatario estadounidense indic\u00f3 que no contempla interrumpir actualmente el comercio entre ambos pa\u00edses.<\/p>\n\n\n\n<p class=\"wp-block-paragraph\"><strong>\ud83e\udd1d Reconoce relaci\u00f3n con Sheinbaum:<\/strong> Trump asegur\u00f3 mantener una buena relaci\u00f3n con la presidenta de M\u00e9xico, <strong>Claudia Sheinbaum<\/strong>.<\/p>\n\n\n\n<p class=\"wp-block-paragraph\"><strong>\ud83d\udce6 Comercio bilateral bajo presi\u00f3n:<\/strong> la declaraci\u00f3n llega en un contexto donde cualquier comentario de Washington puede generar incertidumbre entre empresas, mercados y sectores que dependen de la relaci\u00f3n comercial.<\/p>\n\n\n\n<p class=\"wp-block-paragraph\">La paradoja resulta dif\u00edcil de ignorar: mientras Trump reduce verbalmente la aportaci\u00f3n mexicana a dos productos convertidos casi en caricatura, las econom\u00edas de ambos pa\u00edses contin\u00faan profundamente conectadas.<\/p>\n\n\n\n<p class=\"wp-block-paragraph\">M\u00e9xico no solo vende alimentos a Estados Unidos. La relaci\u00f3n comercial incluye manufacturas, autom\u00f3viles, autopartes, electr\u00f3nicos, maquinaria, dispositivos m\u00e9dicos y numerosos productos que forman parte de las cadenas de suministro de Norteam\u00e9rica.<\/p>\n\n\n\n<p class=\"wp-block-paragraph\">Y ah\u00ed aparece la pregunta que queda flotando despu\u00e9s de la frase presidencial: <strong>\u00bfqu\u00e9 tan sencillo ser\u00eda realmente separar a M\u00e9xico de la econom\u00eda estadounidense?<\/strong><\/p>\n\n\n\n<p class=\"wp-block-paragraph\">Si quieres seguir esta y otras notas de inter\u00e9s en tiempo real, \u00fanete a nuestro canal de WhatsApp: <a href=\"https:\/\/whatsapp.com\/channel\/0029Va5CSyuEQIalZaJWpX1h?utm_source=chatgpt.com\">WhatsApp de Puebla En L\u00ednea<\/a><\/p>\n\n\n\n<h3 class=\"wp-block-heading\">Una relaci\u00f3n que va m\u00e1s all\u00e1 de las declaraciones<\/h3>\n\n\n\n<p class=\"wp-block-paragraph\">Trump y Sheinbaum han mantenido una relaci\u00f3n pol\u00edtica que combina negociaci\u00f3n, presi\u00f3n y momentos de entendimiento.<\/p>\n\n\n\n<p class=\"wp-block-paragraph\">Por eso, la afirmaci\u00f3n sobre los \u201ctamales y tomates\u201d adquiere una dimensi\u00f3n mayor. No se trata \u00fanicamente de una frase llamativa: ocurre entre dos pa\u00edses cuya frontera comercial mueve millones de d\u00f3lares y sostiene empleos en ambos lados.<\/p>\n\n\n\n<p class=\"wp-block-paragraph\">La historia, como suele ocurrir en pol\u00edtica, tiene una iron\u00eda particular. <strong>Las palabras pueden levantar muros en cuesti\u00f3n de segundos; las cadenas econ\u00f3micas tardan a\u00f1os en construirse y no desaparecen con un discurso.<\/strong><\/p>\n\n\n\n<p class=\"wp-block-paragraph\">Por ahora, el comercio contin\u00faa. Pero las declaraciones de Trump vuelven a colocar sobre la mesa una pregunta inc\u00f3moda para M\u00e9xico: <strong>\u00bfqu\u00e9 tan preparado est\u00e1 el pa\u00eds para defender su peso econ\u00f3mico cuando la relaci\u00f3n con Estados Unidos entra en terreno pol\u00edtico?<\/strong><\/p>\n\n\n\n<p class=\"wp-block-paragraph\"><strong>Reflexi\u00f3n:<\/strong> En la diplomacia, una frase puede durar unos minutos; sus consecuencias, mucho m\u00e1s. La relaci\u00f3n M\u00e9xico-Estados Unidos exige algo m\u00e1s que buenos gestos o declaraciones contundentes: requiere entender cu\u00e1nto depende cada pa\u00eds del otro.<\/p>\n\n\n\n<p class=\"wp-block-paragraph\"><strong>Escrito por Redacci\u00f3n Puebla En L\u00ednea<\/strong><\/p>\n\n\n\n<h3 class=\"wp-block-heading\"><\/h3>\n\n\n\n<ol class=\"wp-block-list\">\n<li><strong>Trump lanza pol\u00e9mica frase sobre M\u00e9xico: \u201ctamales y tomates\u201d, pero no quiere cortar el comercio<\/strong><\/li>\n\n\n\n<li><strong>\u00bfM\u00e9xico solo tiene \u201ctamales y tomates\u201d para ofrecer? La pol\u00e9mica frase de Trump que vuelve a tensar la relaci\u00f3n<\/strong><\/li>\n\n\n\n<li><strong>Trump critica a M\u00e9xico, pero reconoce a Sheinbaum: \u00bfpor qu\u00e9 no quiere romper el comercio?<\/strong><\/li>\n\n\n\n<li><strong>\u201cTamales y tomates\u201d: Trump minimiza a M\u00e9xico y abre una nueva discusi\u00f3n sobre el comercio con EU<\/strong><\/li>\n\n\n\n<li><strong>Trump vuelve a poner a M\u00e9xico bajo presi\u00f3n: lanza pol\u00e9mica frase mientras mantiene el comercio<\/strong><\/li>\n<\/ol>\n","protected":false},"excerpt":{"rendered":"<p>Donald Trump vuelve a poner a M\u00e9xico en el centro de la conversaci\u00f3n comercial con una frase que incomoda, mientras asegura que por ahora no pretende romper el intercambio econ\u00f3mico y reconoce mantener una buena relaci\u00f3n con Claudia Sheinbaum. Washington vuelve a mirar hacia el sur, pero esta vez no precisamente con diplomacia. El presidente&#8230;<\/p>\n","protected":false},"author":9,"featured_media":134918,"comment_status":"closed","ping_status":"closed","sticky":false,"template":"","format":"standard","meta":{"footnotes":""},"categories":[25],"tags":[1396],"class_list":["post-134917","post","type-post","status-publish","format-standard","has-post-thumbnail","hentry","category-enterate","tag-virales"],"yoast_head":"<!-- This site is optimized with the Yoast SEO plugin v28.4 - https:\/\/yoast.com\/product\/yoast-seo-wordpress\/ -->\n<title>Trump afirma que M\u00e9xico no tiene \u201cnada que ofrecer\u201d a EU m\u00e1s all\u00e1 de \u201ctamales y tomates\u201d - Puebla En Linea<\/title>\n<meta name=\"description\" content=\"Trump afirma que M\u00e9xico no tiene \u201cnada que ofrecer\u201d a EU m\u00e1s all\u00e1 de \u201ctamales y tomates\u201d Ent\u00e9rate\" \/>\n<meta name=\"robots\" content=\"index, follow, max-snippet:-1, max-image-preview:large, max-video-preview:-1\" \/>\n<link rel=\"canonical\" href=\"https:\/\/pueblaenlinea.com\/2025\/enterate\/trump-afirma-que-mexico-no-tiene-nada-que-ofrecer-a-eu-mas-alla-de-tamales-y-tomates\/\" \/>\n<meta property=\"og:locale\" content=\"es_MX\" \/>\n<meta property=\"og:type\" content=\"article\" \/>\n<meta property=\"og:title\" content=\"Trump afirma que M\u00e9xico no tiene \u201cnada que ofrecer\u201d a EU m\u00e1s all\u00e1 de \u201ctamales y tomates\u201d - Puebla En Linea\" \/>\n<meta property=\"og:description\" content=\"Trump afirma que M\u00e9xico no tiene \u201cnada que ofrecer\u201d a EU m\u00e1s all\u00e1 de \u201ctamales y tomates\u201d Ent\u00e9rate\" \/>\n<meta property=\"og:url\" content=\"https:\/\/pueblaenlinea.com\/2025\/enterate\/trump-afirma-que-mexico-no-tiene-nada-que-ofrecer-a-eu-mas-alla-de-tamales-y-tomates\/\" \/>\n<meta property=\"og:site_name\" content=\"Puebla En Linea\" \/>\n<meta property=\"article:publisher\" content=\"https:\/\/www.facebook.com\/pueblaenlineacom\" \/>\n<meta property=\"article:published_time\" content=\"2026-09-04T22:49:30+00:00\" \/>\n<meta property=\"article:modified_time\" content=\"2026-09-04T22:49:31+00:00\" \/>\n<meta property=\"og:image\" content=\"https:\/\/pueblaenlinea.com\/2025\/wp-content\/uploads\/2026\/09\/donaldtrump.jpg\" \/>\n\t<meta property=\"og:image:width\" content=\"1200\" \/>\n\t<meta property=\"og:image:height\" content=\"674\" \/>\n\t<meta property=\"og:image:type\" content=\"image\/jpeg\" \/>\n<meta name=\"author\" content=\"lupita Puebla en linea\" \/>\n<meta name=\"twitter:card\" content=\"summary_large_image\" \/>\n<meta name=\"twitter:label1\" content=\"Escrito por\" \/>\n\t<meta name=\"twitter:data1\" content=\"lupita Puebla en linea\" \/>\n\t<meta name=\"twitter:label2\" content=\"Tiempo de lectura\" \/>\n\t<meta name=\"twitter:data2\" content=\"4 minutos\" \/>\n<script type=\"application\/ld+json\" class=\"yoast-schema-graph\">{\"@context\":\"https:\\\/\\\/schema.org\",\"@graph\":[{\"@type\":\"Article\",\"@id\":\"https:\\\/\\\/pueblaenlinea.com\\\/2025\\\/enterate\\\/trump-afirma-que-mexico-no-tiene-nada-que-ofrecer-a-eu-mas-alla-de-tamales-y-tomates\\\/#article\",\"isPartOf\":{\"@id\":\"https:\\\/\\\/pueblaenlinea.com\\\/2025\\\/enterate\\\/trump-afirma-que-mexico-no-tiene-nada-que-ofrecer-a-eu-mas-alla-de-tamales-y-tomates\\\/\"},\"author\":{\"name\":\"lupita Puebla en linea\",\"@id\":\"https:\\\/\\\/pueblaenlinea.com\\\/2025\\\/#\\\/schema\\\/person\\\/2baf91de3092c7d50fb754a48f084d7f\"},\"headline\":\"Trump afirma que M\u00e9xico no tiene \u201cnada que ofrecer\u201d a EU m\u00e1s all\u00e1 de \u201ctamales y tomates\u201d\",\"datePublished\":\"2026-09-04T22:49:30+00:00\",\"dateModified\":\"2026-09-04T22:49:31+00:00\",\"mainEntityOfPage\":{\"@id\":\"https:\\\/\\\/pueblaenlinea.com\\\/2025\\\/enterate\\\/trump-afirma-que-mexico-no-tiene-nada-que-ofrecer-a-eu-mas-alla-de-tamales-y-tomates\\\/\"},\"wordCount\":725,\"image\":{\"@id\":\"https:\\\/\\\/pueblaenlinea.com\\\/2025\\\/enterate\\\/trump-afirma-que-mexico-no-tiene-nada-que-ofrecer-a-eu-mas-alla-de-tamales-y-tomates\\\/#primaryimage\"},\"thumbnailUrl\":\"https:\\\/\\\/pueblaenlinea.com\\\/2025\\\/wp-content\\\/uploads\\\/2026\\\/09\\\/donaldtrump.jpg\",\"keywords\":[\"virales\"],\"articleSection\":[\"Ent\u00e9rate\"],\"inLanguage\":\"es\"},{\"@type\":\"WebPage\",\"@id\":\"https:\\\/\\\/pueblaenlinea.com\\\/2025\\\/enterate\\\/trump-afirma-que-mexico-no-tiene-nada-que-ofrecer-a-eu-mas-alla-de-tamales-y-tomates\\\/\",\"url\":\"https:\\\/\\\/pueblaenlinea.com\\\/2025\\\/enterate\\\/trump-afirma-que-mexico-no-tiene-nada-que-ofrecer-a-eu-mas-alla-de-tamales-y-tomates\\\/\",\"name\":\"Trump afirma que M\u00e9xico no tiene \u201cnada que ofrecer\u201d a EU m\u00e1s all\u00e1 de \u201ctamales y tomates\u201d - Puebla En Linea\",\"isPartOf\":{\"@id\":\"https:\\\/\\\/pueblaenlinea.com\\\/2025\\\/#website\"},\"primaryImageOfPage\":{\"@id\":\"https:\\\/\\\/pueblaenlinea.com\\\/2025\\\/enterate\\\/trump-afirma-que-mexico-no-tiene-nada-que-ofrecer-a-eu-mas-alla-de-tamales-y-tomates\\\/#primaryimage\"},\"image\":{\"@id\":\"https:\\\/\\\/pueblaenlinea.com\\\/2025\\\/enterate\\\/trump-afirma-que-mexico-no-tiene-nada-que-ofrecer-a-eu-mas-alla-de-tamales-y-tomates\\\/#primaryimage\"},\"thumbnailUrl\":\"https:\\\/\\\/pueblaenlinea.com\\\/2025\\\/wp-content\\\/uploads\\\/2026\\\/09\\\/donaldtrump.jpg\",\"datePublished\":\"2026-09-04T22:49:30+00:00\",\"dateModified\":\"2026-09-04T22:49:31+00:00\",\"author\":{\"@id\":\"https:\\\/\\\/pueblaenlinea.com\\\/2025\\\/#\\\/schema\\\/person\\\/2baf91de3092c7d50fb754a48f084d7f\"},\"description\":\"Trump afirma que M\u00e9xico no tiene \u201cnada que ofrecer\u201d a EU m\u00e1s all\u00e1 de \u201ctamales y tomates\u201d Ent\u00e9rate\",\"breadcrumb\":{\"@id\":\"https:\\\/\\\/pueblaenlinea.com\\\/2025\\\/enterate\\\/trump-afirma-que-mexico-no-tiene-nada-que-ofrecer-a-eu-mas-alla-de-tamales-y-tomates\\\/#breadcrumb\"},\"inLanguage\":\"es\",\"potentialAction\":[{\"@type\":\"ReadAction\",\"target\":[\"https:\\\/\\\/pueblaenlinea.com\\\/2025\\\/enterate\\\/trump-afirma-que-mexico-no-tiene-nada-que-ofrecer-a-eu-mas-alla-de-tamales-y-tomates\\\/\"]}]},{\"@type\":\"ImageObject\",\"inLanguage\":\"es\",\"@id\":\"https:\\\/\\\/pueblaenlinea.com\\\/2025\\\/enterate\\\/trump-afirma-que-mexico-no-tiene-nada-que-ofrecer-a-eu-mas-alla-de-tamales-y-tomates\\\/#primaryimage\",\"url\":\"https:\\\/\\\/pueblaenlinea.com\\\/2025\\\/wp-content\\\/uploads\\\/2026\\\/09\\\/donaldtrump.jpg\",\"contentUrl\":\"https:\\\/\\\/pueblaenlinea.com\\\/2025\\\/wp-content\\\/uploads\\\/2026\\\/09\\\/donaldtrump.jpg\",\"width\":1200,\"height\":674},{\"@type\":\"BreadcrumbList\",\"@id\":\"https:\\\/\\\/pueblaenlinea.com\\\/2025\\\/enterate\\\/trump-afirma-que-mexico-no-tiene-nada-que-ofrecer-a-eu-mas-alla-de-tamales-y-tomates\\\/#breadcrumb\",\"itemListElement\":[{\"@type\":\"ListItem\",\"position\":1,\"name\":\"Inicio\",\"item\":\"https:\\\/\\\/pueblaenlinea.com\\\/2025\\\/\"},{\"@type\":\"ListItem\",\"position\":2,\"name\":\"Trump afirma que M\u00e9xico no tiene \u201cnada que ofrecer\u201d a EU m\u00e1s all\u00e1 de \u201ctamales y tomates\u201d\"}]},{\"@type\":\"WebSite\",\"@id\":\"https:\\\/\\\/pueblaenlinea.com\\\/2025\\\/#website\",\"url\":\"https:\\\/\\\/pueblaenlinea.com\\\/2025\\\/\",\"name\":\"Puebla En Linea\",\"description\":\"noticias de puebla, periodismo serio y comprometido.\",\"potentialAction\":[{\"@type\":\"SearchAction\",\"target\":{\"@type\":\"EntryPoint\",\"urlTemplate\":\"https:\\\/\\\/pueblaenlinea.com\\\/2025\\\/?s={search_term_string}\"},\"query-input\":{\"@type\":\"PropertyValueSpecification\",\"valueRequired\":true,\"valueName\":\"search_term_string\"}}],\"inLanguage\":\"es\"},{\"@type\":\"Person\",\"@id\":\"https:\\\/\\\/pueblaenlinea.com\\\/2025\\\/#\\\/schema\\\/person\\\/2baf91de3092c7d50fb754a48f084d7f\",\"name\":\"lupita Puebla en linea\",\"image\":{\"@type\":\"ImageObject\",\"inLanguage\":\"es\",\"@id\":\"https:\\\/\\\/pueblaenlinea.com\\\/2025\\\/wp-content\\\/litespeed\\\/avatar\\\/c3bdb4b8e42693060df9dbf8c3f9c41d.jpg?ver=1788290860\",\"url\":\"https:\\\/\\\/pueblaenlinea.com\\\/2025\\\/wp-content\\\/litespeed\\\/avatar\\\/c3bdb4b8e42693060df9dbf8c3f9c41d.jpg?ver=1788290860\",\"contentUrl\":\"https:\\\/\\\/pueblaenlinea.com\\\/2025\\\/wp-content\\\/litespeed\\\/avatar\\\/c3bdb4b8e42693060df9dbf8c3f9c41d.jpg?ver=1788290860\",\"caption\":\"lupita Puebla en linea\"},\"url\":\"https:\\\/\\\/pueblaenlinea.com\\\/2025\\\/author\\\/lupita\\\/\"}]}<\/script>\n<!-- \/ Yoast SEO plugin. -->","yoast_head_json":{"title":"Trump afirma que M\u00e9xico no tiene \u201cnada que ofrecer\u201d a EU m\u00e1s all\u00e1 de \u201ctamales y tomates\u201d - Puebla En Linea","description":"Trump afirma que M\u00e9xico no tiene \u201cnada que ofrecer\u201d a EU m\u00e1s all\u00e1 de \u201ctamales y tomates\u201d Ent\u00e9rate","robots":{"index":"index","follow":"follow","max-snippet":"max-snippet:-1","max-image-preview":"max-image-preview:large","max-video-preview":"max-video-preview:-1"},"canonical":"https:\/\/pueblaenlinea.com\/2025\/enterate\/trump-afirma-que-mexico-no-tiene-nada-que-ofrecer-a-eu-mas-alla-de-tamales-y-tomates\/","og_locale":"es_MX","og_type":"article","og_title":"Trump afirma que M\u00e9xico no tiene \u201cnada que ofrecer\u201d a EU m\u00e1s all\u00e1 de \u201ctamales y tomates\u201d - Puebla En Linea","og_description":"Trump afirma que M\u00e9xico no tiene \u201cnada que ofrecer\u201d a EU m\u00e1s all\u00e1 de \u201ctamales y tomates\u201d Ent\u00e9rate","og_url":"https:\/\/pueblaenlinea.com\/2025\/enterate\/trump-afirma-que-mexico-no-tiene-nada-que-ofrecer-a-eu-mas-alla-de-tamales-y-tomates\/","og_site_name":"Puebla En Linea","article_publisher":"https:\/\/www.facebook.com\/pueblaenlineacom","article_published_time":"2026-09-04T22:49:30+00:00","article_modified_time":"2026-09-04T22:49:31+00:00","og_image":[{"width":1200,"height":674,"url":"https:\/\/pueblaenlinea.com\/2025\/wp-content\/uploads\/2026\/09\/donaldtrump.jpg","type":"image\/jpeg"}],"author":"lupita Puebla en linea","twitter_card":"summary_large_image","twitter_misc":{"Escrito por":"lupita Puebla en linea","Tiempo de lectura":"4 minutos"},"schema":{"@context":"https:\/\/schema.org","@graph":[{"@type":"Article","@id":"https:\/\/pueblaenlinea.com\/2025\/enterate\/trump-afirma-que-mexico-no-tiene-nada-que-ofrecer-a-eu-mas-alla-de-tamales-y-tomates\/#article","isPartOf":{"@id":"https:\/\/pueblaenlinea.com\/2025\/enterate\/trump-afirma-que-mexico-no-tiene-nada-que-ofrecer-a-eu-mas-alla-de-tamales-y-tomates\/"},"author":{"name":"lupita Puebla en linea","@id":"https:\/\/pueblaenlinea.com\/2025\/#\/schema\/person\/2baf91de3092c7d50fb754a48f084d7f"},"headline":"Trump afirma que M\u00e9xico no tiene \u201cnada que ofrecer\u201d a EU m\u00e1s all\u00e1 de \u201ctamales y tomates\u201d","datePublished":"2026-09-04T22:49:30+00:00","dateModified":"2026-09-04T22:49:31+00:00","mainEntityOfPage":{"@id":"https:\/\/pueblaenlinea.com\/2025\/enterate\/trump-afirma-que-mexico-no-tiene-nada-que-ofrecer-a-eu-mas-alla-de-tamales-y-tomates\/"},"wordCount":725,"image":{"@id":"https:\/\/pueblaenlinea.com\/2025\/enterate\/trump-afirma-que-mexico-no-tiene-nada-que-ofrecer-a-eu-mas-alla-de-tamales-y-tomates\/#primaryimage"},"thumbnailUrl":"https:\/\/pueblaenlinea.com\/2025\/wp-content\/uploads\/2026\/09\/donaldtrump.jpg","keywords":["virales"],"articleSection":["Ent\u00e9rate"],"inLanguage":"es"},{"@type":"WebPage","@id":"https:\/\/pueblaenlinea.com\/2025\/enterate\/trump-afirma-que-mexico-no-tiene-nada-que-ofrecer-a-eu-mas-alla-de-tamales-y-tomates\/","url":"https:\/\/pueblaenlinea.com\/2025\/enterate\/trump-afirma-que-mexico-no-tiene-nada-que-ofrecer-a-eu-mas-alla-de-tamales-y-tomates\/","name":"Trump afirma que M\u00e9xico no tiene \u201cnada que ofrecer\u201d a EU m\u00e1s all\u00e1 de \u201ctamales y tomates\u201d - Puebla En Linea","isPartOf":{"@id":"https:\/\/pueblaenlinea.com\/2025\/#website"},"primaryImageOfPage":{"@id":"https:\/\/pueblaenlinea.com\/2025\/enterate\/trump-afirma-que-mexico-no-tiene-nada-que-ofrecer-a-eu-mas-alla-de-tamales-y-tomates\/#primaryimage"},"image":{"@id":"https:\/\/pueblaenlinea.com\/2025\/enterate\/trump-afirma-que-mexico-no-tiene-nada-que-ofrecer-a-eu-mas-alla-de-tamales-y-tomates\/#primaryimage"},"thumbnailUrl":"https:\/\/pueblaenlinea.com\/2025\/wp-content\/uploads\/2026\/09\/donaldtrump.jpg","datePublished":"2026-09-04T22:49:30+00:00","dateModified":"2026-09-04T22:49:31+00:00","author":{"@id":"https:\/\/pueblaenlinea.com\/2025\/#\/schema\/person\/2baf91de3092c7d50fb754a48f084d7f"},"description":"Trump afirma que M\u00e9xico no tiene \u201cnada que ofrecer\u201d a EU m\u00e1s all\u00e1 de \u201ctamales y tomates\u201d Ent\u00e9rate","breadcrumb":{"@id":"https:\/\/pueblaenlinea.com\/2025\/enterate\/trump-afirma-que-mexico-no-tiene-nada-que-ofrecer-a-eu-mas-alla-de-tamales-y-tomates\/#breadcrumb"},"inLanguage":"es","potentialAction":[{"@type":"ReadAction","target":["https:\/\/pueblaenlinea.com\/2025\/enterate\/trump-afirma-que-mexico-no-tiene-nada-que-ofrecer-a-eu-mas-alla-de-tamales-y-tomates\/"]}]},{"@type":"ImageObject","inLanguage":"es","@id":"https:\/\/pueblaenlinea.com\/2025\/enterate\/trump-afirma-que-mexico-no-tiene-nada-que-ofrecer-a-eu-mas-alla-de-tamales-y-tomates\/#primaryimage","url":"https:\/\/pueblaenlinea.com\/2025\/wp-content\/uploads\/2026\/09\/donaldtrump.jpg","contentUrl":"https:\/\/pueblaenlinea.com\/2025\/wp-content\/uploads\/2026\/09\/donaldtrump.jpg","width":1200,"height":674},{"@type":"BreadcrumbList","@id":"https:\/\/pueblaenlinea.com\/2025\/enterate\/trump-afirma-que-mexico-no-tiene-nada-que-ofrecer-a-eu-mas-alla-de-tamales-y-tomates\/#breadcrumb","itemListElement":[{"@type":"ListItem","position":1,"name":"Inicio","item":"https:\/\/pueblaenlinea.com\/2025\/"},{"@type":"ListItem","position":2,"name":"Trump afirma que M\u00e9xico no tiene \u201cnada que ofrecer\u201d a EU m\u00e1s all\u00e1 de \u201ctamales y tomates\u201d"}]},{"@type":"WebSite","@id":"https:\/\/pueblaenlinea.com\/2025\/#website","url":"https:\/\/pueblaenlinea.com\/2025\/","name":"Puebla En Linea","description":"noticias de puebla, periodismo serio y comprometido.","potentialAction":[{"@type":"SearchAction","target":{"@type":"EntryPoint","urlTemplate":"https:\/\/pueblaenlinea.com\/2025\/?s={search_term_string}"},"query-input":{"@type":"PropertyValueSpecification","valueRequired":true,"valueName":"search_term_string"}}],"inLanguage":"es"},{"@type":"Person","@id":"https:\/\/pueblaenlinea.com\/2025\/#\/schema\/person\/2baf91de3092c7d50fb754a48f084d7f","name":"lupita Puebla en linea","image":{"@type":"ImageObject","inLanguage":"es","@id":"https:\/\/pueblaenlinea.com\/2025\/wp-content\/litespeed\/avatar\/c3bdb4b8e42693060df9dbf8c3f9c41d.jpg?ver=1788290860","url":"https:\/\/pueblaenlinea.com\/2025\/wp-content\/litespeed\/avatar\/c3bdb4b8e42693060df9dbf8c3f9c41d.jpg?ver=1788290860","contentUrl":"https:\/\/pueblaenlinea.com\/2025\/wp-content\/litespeed\/avatar\/c3bdb4b8e42693060df9dbf8c3f9c41d.jpg?ver=1788290860","caption":"lupita Puebla en linea"},"url":"https:\/\/pueblaenlinea.com\/2025\/author\/lupita\/"}]}},"_links":{"self":[{"href":"https:\/\/pueblaenlinea.com\/2025\/wp-json\/wp\/v2\/posts\/134917","targetHints":{"allow":["GET"]}}],"collection":[{"href":"https:\/\/pueblaenlinea.com\/2025\/wp-json\/wp\/v2\/posts"}],"about":[{"href":"https:\/\/pueblaenlinea.com\/2025\/wp-json\/wp\/v2\/types\/post"}],"author":[{"embeddable":true,"href":"https:\/\/pueblaenlinea.com\/2025\/wp-json\/wp\/v2\/users\/9"}],"replies":[{"embeddable":true,"href":"https:\/\/pueblaenlinea.com\/2025\/wp-json\/wp\/v2\/comments?post=134917"}],"version-history":[{"count":0,"href":"https:\/\/pueblaenlinea.com\/2025\/wp-json\/wp\/v2\/posts\/134917\/revisions"}],"wp:featuredmedia":[{"embeddable":true,"href":"https:\/\/pueblaenlinea.com\/2025\/wp-json\/wp\/v2\/media\/134918"}],"wp:attachment":[{"href":"https:\/\/pueblaenlinea.com\/2025\/wp-json\/wp\/v2\/media?parent=134917"}],"wp:term":[{"taxonomy":"category","embeddable":true,"href":"https:\/\/pueblaenlinea.com\/2025\/wp-json\/wp\/v2\/categories?post=134917"},{"taxonomy":"post_tag","embeddable":true,"href":"https:\/\/pueblaenlinea.com\/2025\/wp-json\/wp\/v2\/tags?post=134917"}],"curies":[{"name":"wp","href":"https:\/\/api.w.org\/{rel}","templated":true}]}}