{"id":134915,"date":"2026-09-04T15:55:26","date_gmt":"2026-09-04T21:55:26","guid":{"rendered":"https:\/\/pueblaenlinea.com\/2025\/?p=134915"},"modified":"2026-09-04T15:55:26","modified_gmt":"2026-09-04T21:55:26","slug":"pepe-chedraui-y-marielise-budib-entregan-donativo-a-cruz-roja-puebla-tras-colecta-anual-2026","status":"publish","type":"post","link":"https:\/\/pueblaenlinea.com\/2025\/capital\/pepe-chedraui-y-marielise-budib-entregan-donativo-a-cruz-roja-puebla-tras-colecta-anual-2026\/","title":{"rendered":"Pepe Chedraui y MariElise Budib entregan donativo a Cruz Roja Puebla tras colecta anual 2026"},"content":{"rendered":"\n<p class=\"wp-block-paragraph\"><strong>Puebla, Pue., 4 de septiembre de 2026.<\/strong>\u2013 En una ciudad donde las emergencias suelen llegar sin aviso, hay instituciones que dependen tambi\u00e9n de algo menos visible que las ambulancias: la solidaridad.<\/p>\n\n\n\n<p class=\"wp-block-paragraph\">Este viernes, el Gobierno de la Ciudad entreg\u00f3 a la <strong>Cruz Roja Puebla<\/strong> el donativo recaudado durante su colecta anual 2026, una aportaci\u00f3n realizada con la participaci\u00f3n del personal de la administraci\u00f3n municipal.<\/p>\n\n\n\n<p class=\"wp-block-paragraph\">El alcalde <strong>Pepe Chedraui<\/strong> y <strong>MariElise Budib<\/strong>, presidenta del Patronato del DIF Puebla Capital, realizaron la entrega simb\u00f3lica del donativo a <strong>Paula Saukko, delegada Estatal de la Cruz Roja en Puebla<\/strong>.<\/p>\n\n\n\n<p class=\"wp-block-paragraph\"><strong>Los recursos forman parte de la colecta anual Cruz Roja 2026<\/strong>, cuyo prop\u00f3sito es respaldar la labor que realiza esta instituci\u00f3n en materia de atenci\u00f3n y auxilio a la poblaci\u00f3n.<\/p>\n\n\n\n<h3 class=\"wp-block-heading\"><strong>Un donativo que busca convertirse en ayuda<\/strong><\/h3>\n\n\n\n<p class=\"wp-block-paragraph\">Durante el encuentro, Paula Saukko reconoci\u00f3 la disposici\u00f3n mostrada por el Gobierno de la Ciudad y el DIF Puebla Capital para sumarse a esta causa.<\/p>\n\n\n\n<p class=\"wp-block-paragraph\">La representante de la Cruz Roja destac\u00f3 la visi\u00f3n solidaria y humana que, se\u00f1al\u00f3, ha caracterizado el trabajo de ambas instituciones.<\/p>\n\n\n\n<p class=\"wp-block-paragraph\"><strong>El acto reuni\u00f3 al Gobierno de la Ciudad, DIF Puebla Capital y Cruz Roja Puebla en torno a una misma causa: apoyar la atenci\u00f3n de las familias poblanas.<\/strong><\/p>\n\n\n\n<p class=\"wp-block-paragraph\">M\u00e1s all\u00e1 de la fotograf\u00eda protocolaria, las colectas de este tipo tienen una lectura concreta: detr\u00e1s de cada aportaci\u00f3n existe una instituci\u00f3n que necesita recursos para continuar respondiendo cuando una emergencia convierte un d\u00eda cualquiera en una carrera contra el tiempo.<\/p>\n\n\n\n<p class=\"wp-block-paragraph\"><strong>Pepe Chedraui y MariElise Budib encabezaron la entrega del donativo a nombre de la administraci\u00f3n municipal.<\/strong><\/p>\n\n\n\n<p class=\"wp-block-paragraph\">Si quieres seguir esta y otras notas de inter\u00e9s en tiempo real, \u00fanete a nuestro canal de WhatsApp: <a href=\"https:\/\/whatsapp.com\/channel\/0029Va5CSyuEQIalZaJWpX1h?utm_source=chatgpt.com\">Canal de WhatsApp de Puebla En L\u00ednea<\/a><\/p>\n\n\n\n<h3 class=\"wp-block-heading\"><strong>El compromiso con las organizaciones civiles<\/strong><\/h3>\n\n\n\n<p class=\"wp-block-paragraph\">El Gobierno de la Ciudad se\u00f1al\u00f3 que esta colaboraci\u00f3n forma parte de su intenci\u00f3n de mantener v\u00ednculos con organizaciones de la sociedad civil que trabajan directamente en beneficio de la poblaci\u00f3n.<\/p>\n\n\n\n<p class=\"wp-block-paragraph\">En ese sentido, la administraci\u00f3n municipal refrend\u00f3 su disposici\u00f3n para apoyar iniciativas que contribuyan al bienestar de las familias de Puebla.<\/p>\n\n\n\n<p class=\"wp-block-paragraph\"><strong>La Cruz Roja, por su parte, mantiene una presencia fundamental en la atenci\u00f3n de emergencias y servicios de auxilio, por lo que el respaldo ciudadano e institucional representa una pieza importante para su operaci\u00f3n.<\/strong><\/p>\n\n\n\n<p class=\"wp-block-paragraph\">El encuentro ocurri\u00f3 este <strong>4 de septiembre de 2026<\/strong>, en Puebla capital, y tuvo como eje la entrega simb\u00f3lica de la aportaci\u00f3n correspondiente a la colecta anual.<\/p>\n\n\n\n<h3 class=\"wp-block-heading\"><strong>Una aportaci\u00f3n que cobra sentido cuando llega la emergencia<\/strong><\/h3>\n\n\n\n<p class=\"wp-block-paragraph\">Las cifras de una colecta pueden caber en un documento. Su verdadero significado, sin embargo, aparece cuando alguien necesita una ambulancia, atenci\u00f3n m\u00e9dica o auxilio inmediato.<\/p>\n\n\n\n<p class=\"wp-block-paragraph\">En una sociedad acostumbrada a mirar las emergencias desde lejos, apoyar a quienes llegan primero al lugar de los hechos tambi\u00e9n es una manera de construir comunidad.<\/p>\n\n\n\n<p class=\"wp-block-paragraph\"><strong>La solidaridad no siempre hace ruido. A veces simplemente llega a tiempo.<\/strong><\/p>\n\n\n\n<p class=\"wp-block-paragraph\"><strong>Escrito por Redacci\u00f3n Puebla En L\u00ednea<\/strong><\/p>\n\n\n\n<h3 class=\"wp-block-heading\"><\/h3>\n\n\n\n<ol start=\"1\" class=\"wp-block-list\">\n<li><strong>Pepe Chedraui y MariElise Budib entregan donativo a Cruz Roja Puebla: \u00bfc\u00f3mo ayudar\u00e1 esta aportaci\u00f3n?<\/strong><\/li>\n\n\n\n<li><strong>Gobierno de Puebla capital se suma a Cruz Roja 2026 con donativo para apoyar a familias poblanas<\/strong><\/li>\n\n\n\n<li><strong>Cuando la emergencia no avisa: Gobierno de Puebla entrega donativo a Cruz Roja<\/strong><\/li>\n\n\n\n<li><strong>Pepe Chedraui y MariElise Budib respaldan a Cruz Roja Puebla con aportaci\u00f3n de la colecta 2026<\/strong><\/li>\n\n\n\n<li><strong>Solidaridad que puede hacer la diferencia: Gobierno de Puebla entrega donativo a Cruz Roja<\/strong><\/li>\n<\/ol>\n","protected":false},"excerpt":{"rendered":"<p>Puebla, Pue., 4 de septiembre de 2026.\u2013 En una ciudad donde las emergencias suelen llegar sin aviso, hay instituciones que dependen tambi\u00e9n de algo menos visible que las ambulancias: la solidaridad. Este viernes, el Gobierno de la Ciudad entreg\u00f3 a la Cruz Roja Puebla el donativo recaudado durante su colecta anual 2026, una aportaci\u00f3n realizada&#8230;<\/p>\n","protected":false},"author":9,"featured_media":134916,"comment_status":"closed","ping_status":"closed","sticky":false,"template":"","format":"standard","meta":{"footnotes":""},"categories":[3],"tags":[1386],"class_list":["post-134915","post","type-post","status-publish","format-standard","has-post-thumbnail","hentry","category-capital","tag-puebla"],"yoast_head":"<!-- This site is optimized with the Yoast SEO plugin v28.4 - https:\/\/yoast.com\/product\/yoast-seo-wordpress\/ -->\n<title>Pepe Chedraui y MariElise Budib entregan donativo a Cruz Roja Puebla tras colecta anual 2026 - Puebla En Linea<\/title>\n<meta name=\"description\" content=\"Pepe Chedraui y MariElise Budib entregan donativo a Cruz Roja Puebla tras colecta anual 2026 Capital\" \/>\n<meta name=\"robots\" content=\"index, follow, max-snippet:-1, max-image-preview:large, max-video-preview:-1\" \/>\n<link rel=\"canonical\" href=\"https:\/\/pueblaenlinea.com\/2025\/capital\/pepe-chedraui-y-marielise-budib-entregan-donativo-a-cruz-roja-puebla-tras-colecta-anual-2026\/\" \/>\n<meta property=\"og:locale\" content=\"es_MX\" \/>\n<meta property=\"og:type\" content=\"article\" \/>\n<meta property=\"og:title\" content=\"Pepe Chedraui y MariElise Budib entregan donativo a Cruz Roja Puebla tras colecta anual 2026 - Puebla En Linea\" \/>\n<meta property=\"og:description\" content=\"Pepe Chedraui y MariElise Budib entregan donativo a Cruz Roja Puebla tras colecta anual 2026 Capital\" \/>\n<meta property=\"og:url\" content=\"https:\/\/pueblaenlinea.com\/2025\/capital\/pepe-chedraui-y-marielise-budib-entregan-donativo-a-cruz-roja-puebla-tras-colecta-anual-2026\/\" \/>\n<meta property=\"og:site_name\" content=\"Puebla En Linea\" \/>\n<meta property=\"article:publisher\" content=\"https:\/\/www.facebook.com\/pueblaenlineacom\" \/>\n<meta property=\"article:published_time\" content=\"2026-09-04T21:55:26+00:00\" \/>\n<meta property=\"og:image\" content=\"https:\/\/pueblaenlinea.com\/2025\/wp-content\/uploads\/2026\/09\/cruzroja.jpg\" \/>\n\t<meta property=\"og:image:width\" content=\"1200\" \/>\n\t<meta property=\"og:image:height\" content=\"674\" \/>\n\t<meta property=\"og:image:type\" content=\"image\/jpeg\" \/>\n<meta name=\"author\" content=\"lupita Puebla en linea\" \/>\n<meta name=\"twitter:card\" content=\"summary_large_image\" \/>\n<meta name=\"twitter:label1\" content=\"Escrito por\" \/>\n\t<meta name=\"twitter:data1\" content=\"lupita Puebla en linea\" \/>\n\t<meta name=\"twitter:label2\" content=\"Tiempo de lectura\" \/>\n\t<meta name=\"twitter:data2\" content=\"3 minutos\" \/>\n<script type=\"application\/ld+json\" class=\"yoast-schema-graph\">{\"@context\":\"https:\\\/\\\/schema.org\",\"@graph\":[{\"@type\":\"Article\",\"@id\":\"https:\\\/\\\/pueblaenlinea.com\\\/2025\\\/capital\\\/pepe-chedraui-y-marielise-budib-entregan-donativo-a-cruz-roja-puebla-tras-colecta-anual-2026\\\/#article\",\"isPartOf\":{\"@id\":\"https:\\\/\\\/pueblaenlinea.com\\\/2025\\\/capital\\\/pepe-chedraui-y-marielise-budib-entregan-donativo-a-cruz-roja-puebla-tras-colecta-anual-2026\\\/\"},\"author\":{\"name\":\"lupita Puebla en linea\",\"@id\":\"https:\\\/\\\/pueblaenlinea.com\\\/2025\\\/#\\\/schema\\\/person\\\/2baf91de3092c7d50fb754a48f084d7f\"},\"headline\":\"Pepe Chedraui y MariElise Budib entregan donativo a Cruz Roja Puebla tras colecta anual 2026\",\"datePublished\":\"2026-09-04T21:55:26+00:00\",\"mainEntityOfPage\":{\"@id\":\"https:\\\/\\\/pueblaenlinea.com\\\/2025\\\/capital\\\/pepe-chedraui-y-marielise-budib-entregan-donativo-a-cruz-roja-puebla-tras-colecta-anual-2026\\\/\"},\"wordCount\":610,\"image\":{\"@id\":\"https:\\\/\\\/pueblaenlinea.com\\\/2025\\\/capital\\\/pepe-chedraui-y-marielise-budib-entregan-donativo-a-cruz-roja-puebla-tras-colecta-anual-2026\\\/#primaryimage\"},\"thumbnailUrl\":\"https:\\\/\\\/pueblaenlinea.com\\\/2025\\\/wp-content\\\/uploads\\\/2026\\\/09\\\/cruzroja.jpg\",\"keywords\":[\"Puebla\"],\"articleSection\":[\"Capital\"],\"inLanguage\":\"es\"},{\"@type\":\"WebPage\",\"@id\":\"https:\\\/\\\/pueblaenlinea.com\\\/2025\\\/capital\\\/pepe-chedraui-y-marielise-budib-entregan-donativo-a-cruz-roja-puebla-tras-colecta-anual-2026\\\/\",\"url\":\"https:\\\/\\\/pueblaenlinea.com\\\/2025\\\/capital\\\/pepe-chedraui-y-marielise-budib-entregan-donativo-a-cruz-roja-puebla-tras-colecta-anual-2026\\\/\",\"name\":\"Pepe Chedraui y MariElise Budib entregan donativo a Cruz Roja Puebla tras colecta anual 2026 - Puebla En Linea\",\"isPartOf\":{\"@id\":\"https:\\\/\\\/pueblaenlinea.com\\\/2025\\\/#website\"},\"primaryImageOfPage\":{\"@id\":\"https:\\\/\\\/pueblaenlinea.com\\\/2025\\\/capital\\\/pepe-chedraui-y-marielise-budib-entregan-donativo-a-cruz-roja-puebla-tras-colecta-anual-2026\\\/#primaryimage\"},\"image\":{\"@id\":\"https:\\\/\\\/pueblaenlinea.com\\\/2025\\\/capital\\\/pepe-chedraui-y-marielise-budib-entregan-donativo-a-cruz-roja-puebla-tras-colecta-anual-2026\\\/#primaryimage\"},\"thumbnailUrl\":\"https:\\\/\\\/pueblaenlinea.com\\\/2025\\\/wp-content\\\/uploads\\\/2026\\\/09\\\/cruzroja.jpg\",\"datePublished\":\"2026-09-04T21:55:26+00:00\",\"author\":{\"@id\":\"https:\\\/\\\/pueblaenlinea.com\\\/2025\\\/#\\\/schema\\\/person\\\/2baf91de3092c7d50fb754a48f084d7f\"},\"description\":\"Pepe Chedraui y MariElise Budib entregan donativo a Cruz Roja Puebla tras colecta anual 2026 Capital\",\"breadcrumb\":{\"@id\":\"https:\\\/\\\/pueblaenlinea.com\\\/2025\\\/capital\\\/pepe-chedraui-y-marielise-budib-entregan-donativo-a-cruz-roja-puebla-tras-colecta-anual-2026\\\/#breadcrumb\"},\"inLanguage\":\"es\",\"potentialAction\":[{\"@type\":\"ReadAction\",\"target\":[\"https:\\\/\\\/pueblaenlinea.com\\\/2025\\\/capital\\\/pepe-chedraui-y-marielise-budib-entregan-donativo-a-cruz-roja-puebla-tras-colecta-anual-2026\\\/\"]}]},{\"@type\":\"ImageObject\",\"inLanguage\":\"es\",\"@id\":\"https:\\\/\\\/pueblaenlinea.com\\\/2025\\\/capital\\\/pepe-chedraui-y-marielise-budib-entregan-donativo-a-cruz-roja-puebla-tras-colecta-anual-2026\\\/#primaryimage\",\"url\":\"https:\\\/\\\/pueblaenlinea.com\\\/2025\\\/wp-content\\\/uploads\\\/2026\\\/09\\\/cruzroja.jpg\",\"contentUrl\":\"https:\\\/\\\/pueblaenlinea.com\\\/2025\\\/wp-content\\\/uploads\\\/2026\\\/09\\\/cruzroja.jpg\",\"width\":1200,\"height\":674},{\"@type\":\"BreadcrumbList\",\"@id\":\"https:\\\/\\\/pueblaenlinea.com\\\/2025\\\/capital\\\/pepe-chedraui-y-marielise-budib-entregan-donativo-a-cruz-roja-puebla-tras-colecta-anual-2026\\\/#breadcrumb\",\"itemListElement\":[{\"@type\":\"ListItem\",\"position\":1,\"name\":\"Inicio\",\"item\":\"https:\\\/\\\/pueblaenlinea.com\\\/2025\\\/\"},{\"@type\":\"ListItem\",\"position\":2,\"name\":\"Pepe Chedraui y MariElise Budib entregan donativo a Cruz Roja Puebla tras colecta anual 2026\"}]},{\"@type\":\"WebSite\",\"@id\":\"https:\\\/\\\/pueblaenlinea.com\\\/2025\\\/#website\",\"url\":\"https:\\\/\\\/pueblaenlinea.com\\\/2025\\\/\",\"name\":\"Puebla En Linea\",\"description\":\"noticias de puebla, periodismo serio y comprometido.\",\"potentialAction\":[{\"@type\":\"SearchAction\",\"target\":{\"@type\":\"EntryPoint\",\"urlTemplate\":\"https:\\\/\\\/pueblaenlinea.com\\\/2025\\\/?s={search_term_string}\"},\"query-input\":{\"@type\":\"PropertyValueSpecification\",\"valueRequired\":true,\"valueName\":\"search_term_string\"}}],\"inLanguage\":\"es\"},{\"@type\":\"Person\",\"@id\":\"https:\\\/\\\/pueblaenlinea.com\\\/2025\\\/#\\\/schema\\\/person\\\/2baf91de3092c7d50fb754a48f084d7f\",\"name\":\"lupita Puebla en linea\",\"image\":{\"@type\":\"ImageObject\",\"inLanguage\":\"es\",\"@id\":\"https:\\\/\\\/pueblaenlinea.com\\\/2025\\\/wp-content\\\/litespeed\\\/avatar\\\/c3bdb4b8e42693060df9dbf8c3f9c41d.jpg?ver=1788290860\",\"url\":\"https:\\\/\\\/pueblaenlinea.com\\\/2025\\\/wp-content\\\/litespeed\\\/avatar\\\/c3bdb4b8e42693060df9dbf8c3f9c41d.jpg?ver=1788290860\",\"contentUrl\":\"https:\\\/\\\/pueblaenlinea.com\\\/2025\\\/wp-content\\\/litespeed\\\/avatar\\\/c3bdb4b8e42693060df9dbf8c3f9c41d.jpg?ver=1788290860\",\"caption\":\"lupita Puebla en linea\"},\"url\":\"https:\\\/\\\/pueblaenlinea.com\\\/2025\\\/author\\\/lupita\\\/\"}]}<\/script>\n<!-- \/ Yoast SEO plugin. -->","yoast_head_json":{"title":"Pepe Chedraui y MariElise Budib entregan donativo a Cruz Roja Puebla tras colecta anual 2026 - Puebla En Linea","description":"Pepe Chedraui y MariElise Budib entregan donativo a Cruz Roja Puebla tras colecta anual 2026 Capital","robots":{"index":"index","follow":"follow","max-snippet":"max-snippet:-1","max-image-preview":"max-image-preview:large","max-video-preview":"max-video-preview:-1"},"canonical":"https:\/\/pueblaenlinea.com\/2025\/capital\/pepe-chedraui-y-marielise-budib-entregan-donativo-a-cruz-roja-puebla-tras-colecta-anual-2026\/","og_locale":"es_MX","og_type":"article","og_title":"Pepe Chedraui y MariElise Budib entregan donativo a Cruz Roja Puebla tras colecta anual 2026 - Puebla En Linea","og_description":"Pepe Chedraui y MariElise Budib entregan donativo a Cruz Roja Puebla tras colecta anual 2026 Capital","og_url":"https:\/\/pueblaenlinea.com\/2025\/capital\/pepe-chedraui-y-marielise-budib-entregan-donativo-a-cruz-roja-puebla-tras-colecta-anual-2026\/","og_site_name":"Puebla En Linea","article_publisher":"https:\/\/www.facebook.com\/pueblaenlineacom","article_published_time":"2026-09-04T21:55:26+00:00","og_image":[{"width":1200,"height":674,"url":"https:\/\/pueblaenlinea.com\/2025\/wp-content\/uploads\/2026\/09\/cruzroja.jpg","type":"image\/jpeg"}],"author":"lupita Puebla en linea","twitter_card":"summary_large_image","twitter_misc":{"Escrito por":"lupita Puebla en linea","Tiempo de lectura":"3 minutos"},"schema":{"@context":"https:\/\/schema.org","@graph":[{"@type":"Article","@id":"https:\/\/pueblaenlinea.com\/2025\/capital\/pepe-chedraui-y-marielise-budib-entregan-donativo-a-cruz-roja-puebla-tras-colecta-anual-2026\/#article","isPartOf":{"@id":"https:\/\/pueblaenlinea.com\/2025\/capital\/pepe-chedraui-y-marielise-budib-entregan-donativo-a-cruz-roja-puebla-tras-colecta-anual-2026\/"},"author":{"name":"lupita Puebla en linea","@id":"https:\/\/pueblaenlinea.com\/2025\/#\/schema\/person\/2baf91de3092c7d50fb754a48f084d7f"},"headline":"Pepe Chedraui y MariElise Budib entregan donativo a Cruz Roja Puebla tras colecta anual 2026","datePublished":"2026-09-04T21:55:26+00:00","mainEntityOfPage":{"@id":"https:\/\/pueblaenlinea.com\/2025\/capital\/pepe-chedraui-y-marielise-budib-entregan-donativo-a-cruz-roja-puebla-tras-colecta-anual-2026\/"},"wordCount":610,"image":{"@id":"https:\/\/pueblaenlinea.com\/2025\/capital\/pepe-chedraui-y-marielise-budib-entregan-donativo-a-cruz-roja-puebla-tras-colecta-anual-2026\/#primaryimage"},"thumbnailUrl":"https:\/\/pueblaenlinea.com\/2025\/wp-content\/uploads\/2026\/09\/cruzroja.jpg","keywords":["Puebla"],"articleSection":["Capital"],"inLanguage":"es"},{"@type":"WebPage","@id":"https:\/\/pueblaenlinea.com\/2025\/capital\/pepe-chedraui-y-marielise-budib-entregan-donativo-a-cruz-roja-puebla-tras-colecta-anual-2026\/","url":"https:\/\/pueblaenlinea.com\/2025\/capital\/pepe-chedraui-y-marielise-budib-entregan-donativo-a-cruz-roja-puebla-tras-colecta-anual-2026\/","name":"Pepe Chedraui y MariElise Budib entregan donativo a Cruz Roja Puebla tras colecta anual 2026 - Puebla En Linea","isPartOf":{"@id":"https:\/\/pueblaenlinea.com\/2025\/#website"},"primaryImageOfPage":{"@id":"https:\/\/pueblaenlinea.com\/2025\/capital\/pepe-chedraui-y-marielise-budib-entregan-donativo-a-cruz-roja-puebla-tras-colecta-anual-2026\/#primaryimage"},"image":{"@id":"https:\/\/pueblaenlinea.com\/2025\/capital\/pepe-chedraui-y-marielise-budib-entregan-donativo-a-cruz-roja-puebla-tras-colecta-anual-2026\/#primaryimage"},"thumbnailUrl":"https:\/\/pueblaenlinea.com\/2025\/wp-content\/uploads\/2026\/09\/cruzroja.jpg","datePublished":"2026-09-04T21:55:26+00:00","author":{"@id":"https:\/\/pueblaenlinea.com\/2025\/#\/schema\/person\/2baf91de3092c7d50fb754a48f084d7f"},"description":"Pepe Chedraui y MariElise Budib entregan donativo a Cruz Roja Puebla tras colecta anual 2026 Capital","breadcrumb":{"@id":"https:\/\/pueblaenlinea.com\/2025\/capital\/pepe-chedraui-y-marielise-budib-entregan-donativo-a-cruz-roja-puebla-tras-colecta-anual-2026\/#breadcrumb"},"inLanguage":"es","potentialAction":[{"@type":"ReadAction","target":["https:\/\/pueblaenlinea.com\/2025\/capital\/pepe-chedraui-y-marielise-budib-entregan-donativo-a-cruz-roja-puebla-tras-colecta-anual-2026\/"]}]},{"@type":"ImageObject","inLanguage":"es","@id":"https:\/\/pueblaenlinea.com\/2025\/capital\/pepe-chedraui-y-marielise-budib-entregan-donativo-a-cruz-roja-puebla-tras-colecta-anual-2026\/#primaryimage","url":"https:\/\/pueblaenlinea.com\/2025\/wp-content\/uploads\/2026\/09\/cruzroja.jpg","contentUrl":"https:\/\/pueblaenlinea.com\/2025\/wp-content\/uploads\/2026\/09\/cruzroja.jpg","width":1200,"height":674},{"@type":"BreadcrumbList","@id":"https:\/\/pueblaenlinea.com\/2025\/capital\/pepe-chedraui-y-marielise-budib-entregan-donativo-a-cruz-roja-puebla-tras-colecta-anual-2026\/#breadcrumb","itemListElement":[{"@type":"ListItem","position":1,"name":"Inicio","item":"https:\/\/pueblaenlinea.com\/2025\/"},{"@type":"ListItem","position":2,"name":"Pepe Chedraui y MariElise Budib entregan donativo a Cruz Roja Puebla tras colecta anual 2026"}]},{"@type":"WebSite","@id":"https:\/\/pueblaenlinea.com\/2025\/#website","url":"https:\/\/pueblaenlinea.com\/2025\/","name":"Puebla En Linea","description":"noticias de puebla, periodismo serio y comprometido.","potentialAction":[{"@type":"SearchAction","target":{"@type":"EntryPoint","urlTemplate":"https:\/\/pueblaenlinea.com\/2025\/?s={search_term_string}"},"query-input":{"@type":"PropertyValueSpecification","valueRequired":true,"valueName":"search_term_string"}}],"inLanguage":"es"},{"@type":"Person","@id":"https:\/\/pueblaenlinea.com\/2025\/#\/schema\/person\/2baf91de3092c7d50fb754a48f084d7f","name":"lupita Puebla en linea","image":{"@type":"ImageObject","inLanguage":"es","@id":"https:\/\/pueblaenlinea.com\/2025\/wp-content\/litespeed\/avatar\/c3bdb4b8e42693060df9dbf8c3f9c41d.jpg?ver=1788290860","url":"https:\/\/pueblaenlinea.com\/2025\/wp-content\/litespeed\/avatar\/c3bdb4b8e42693060df9dbf8c3f9c41d.jpg?ver=1788290860","contentUrl":"https:\/\/pueblaenlinea.com\/2025\/wp-content\/litespeed\/avatar\/c3bdb4b8e42693060df9dbf8c3f9c41d.jpg?ver=1788290860","caption":"lupita Puebla en linea"},"url":"https:\/\/pueblaenlinea.com\/2025\/author\/lupita\/"}]}},"_links":{"self":[{"href":"https:\/\/pueblaenlinea.com\/2025\/wp-json\/wp\/v2\/posts\/134915","targetHints":{"allow":["GET"]}}],"collection":[{"href":"https:\/\/pueblaenlinea.com\/2025\/wp-json\/wp\/v2\/posts"}],"about":[{"href":"https:\/\/pueblaenlinea.com\/2025\/wp-json\/wp\/v2\/types\/post"}],"author":[{"embeddable":true,"href":"https:\/\/pueblaenlinea.com\/2025\/wp-json\/wp\/v2\/users\/9"}],"replies":[{"embeddable":true,"href":"https:\/\/pueblaenlinea.com\/2025\/wp-json\/wp\/v2\/comments?post=134915"}],"version-history":[{"count":0,"href":"https:\/\/pueblaenlinea.com\/2025\/wp-json\/wp\/v2\/posts\/134915\/revisions"}],"wp:featuredmedia":[{"embeddable":true,"href":"https:\/\/pueblaenlinea.com\/2025\/wp-json\/wp\/v2\/media\/134916"}],"wp:attachment":[{"href":"https:\/\/pueblaenlinea.com\/2025\/wp-json\/wp\/v2\/media?parent=134915"}],"wp:term":[{"taxonomy":"category","embeddable":true,"href":"https:\/\/pueblaenlinea.com\/2025\/wp-json\/wp\/v2\/categories?post=134915"},{"taxonomy":"post_tag","embeddable":true,"href":"https:\/\/pueblaenlinea.com\/2025\/wp-json\/wp\/v2\/tags?post=134915"}],"curies":[{"name":"wp","href":"https:\/\/api.w.org\/{rel}","templated":true}]}}