{"id":134913,"date":"2026-09-04T15:51:38","date_gmt":"2026-09-04T21:51:38","guid":{"rendered":"https:\/\/pueblaenlinea.com\/2025\/?p=134913"},"modified":"2026-09-04T15:51:38","modified_gmt":"2026-09-04T21:51:38","slug":"ataque-armado-en-zamora-deja-a-una-pareja-sin-vida-y-a-una-bebe-de-8-meses-herida","status":"publish","type":"post","link":"https:\/\/pueblaenlinea.com\/2025\/nota-roja\/ataque-armado-en-zamora-deja-a-una-pareja-sin-vida-y-a-una-bebe-de-8-meses-herida\/","title":{"rendered":"Ataque armado en Zamora deja a una pareja sin vida y a una beb\u00e9 de 8 meses herida"},"content":{"rendered":"\n<p class=\"wp-block-paragraph\"><strong>Zamora, Michoac\u00e1n, 4 de septiembre de 2026.<\/strong>\u2014 Una vivienda de la colonia <strong>El Vergel<\/strong>, en Zamora, se convirti\u00f3 este viernes en escenario de un ataque armado que dej\u00f3 a una pareja sin vida y a una beb\u00e9 de apenas <strong>ocho meses<\/strong> herida por disparos.<\/p>\n\n\n\n<p class=\"wp-block-paragraph\">La agresi\u00f3n ocurri\u00f3 durante la ma\u00f1ana, al interior de un domicilio ubicado sobre la <strong>calle Camelinas<\/strong>. De acuerdo con los primeros reportes, sujetos armados habr\u00edan irrumpido en la vivienda y disparado contra las personas que se encontraban dentro.<\/p>\n\n\n\n<blockquote class=\"wp-block-quote is-layout-flow wp-block-quote-is-layout-flow\">\n<p class=\"wp-block-paragraph\"><strong>Dos personas murieron:<\/strong> un hombre y una mujer, integrantes de una pareja.<\/p>\n<\/blockquote>\n\n\n\n<blockquote class=\"wp-block-quote is-layout-flow wp-block-quote-is-layout-flow\">\n<p class=\"wp-block-paragraph\"><strong>Una beb\u00e9 de 8 meses result\u00f3 herida<\/strong> durante la agresi\u00f3n.<\/p>\n<\/blockquote>\n\n\n\n<blockquote class=\"wp-block-quote is-layout-flow wp-block-quote-is-layout-flow\">\n<p class=\"wp-block-paragraph\"><strong>El ataque ocurri\u00f3 en la colonia El Vergel<\/strong>, sobre la calle Camelinas.<\/p>\n<\/blockquote>\n\n\n\n<blockquote class=\"wp-block-quote is-layout-flow wp-block-quote-is-layout-flow\">\n<p class=\"wp-block-paragraph\"><strong>La Fiscal\u00eda de Michoac\u00e1n investiga<\/strong> para esclarecer el m\u00f3vil y localizar a los responsables.<\/p>\n<\/blockquote>\n\n\n\n<p class=\"wp-block-paragraph\">Tras recibirse el reporte de emergencia, al sitio acudieron elementos de la <strong>Polic\u00eda Municipal, Guardia Nacional y param\u00e9dicos<\/strong>, quienes encontraron a la pareja sin signos vitales debido a las lesiones provocadas por arma de fuego.<\/p>\n\n\n\n<p class=\"wp-block-paragraph\">La menor sobrevivi\u00f3 al ataque, pero result\u00f3 lesionada. Familiares la trasladaron de emergencia a un hospital cercano, donde recibe atenci\u00f3n m\u00e9dica especializada y se busca preservar su vida.<\/p>\n\n\n\n<p class=\"wp-block-paragraph\">La zona fue acordonada por las corporaciones de seguridad para preservar posibles indicios y permitir que personal especializado realizara las diligencias correspondientes.<\/p>\n\n\n\n<h3 class=\"wp-block-heading\">La investigaci\u00f3n apenas comienza<\/h3>\n\n\n\n<p class=\"wp-block-paragraph\">Hasta el momento, las autoridades no han informado oficialmente la identidad de las v\u00edctimas mortales ni han establecido p\u00fablicamente el motivo de la agresi\u00f3n.<\/p>\n\n\n\n<p class=\"wp-block-paragraph\">La <strong>Fiscal\u00eda General del Estado de Michoac\u00e1n<\/strong> qued\u00f3 a cargo de las investigaciones para reconstruir lo ocurrido, establecer qui\u00e9nes participaron y determinar las circunstancias que llevaron al ataque.<\/p>\n\n\n\n<p class=\"wp-block-paragraph\">Si quieres seguir esta y otras notas de inter\u00e9s en tiempo real, \u00fanete a nuestro canal de WhatsApp: <a href=\"https:\/\/whatsapp.com\/channel\/0029Va5CSyuEQIalZaJWpX1h?utm_source=chatgpt.com\">Canal de WhatsApp de Puebla En L\u00ednea<\/a><\/p>\n\n\n\n<p class=\"wp-block-paragraph\">El caso ocurre en un contexto en el que los ataques armados dentro de domicilios vuelven a colocar a las familias en el centro de una violencia que, cuando alcanza a menores de edad, deja de ser solamente una estad\u00edstica y adquiere el rostro m\u00e1s dif\u00edcil de ignorar.<\/p>\n\n\n\n<p class=\"wp-block-paragraph\">Por ahora, una beb\u00e9 permanece hospitalizada mientras las autoridades intentan responder las preguntas fundamentales: <strong>qui\u00e9n atac\u00f3 a la familia, por qu\u00e9 lo hizo y si los responsables ser\u00e1n llevados ante la justicia<\/strong>.<\/p>\n\n\n\n<p class=\"wp-block-paragraph\"><strong>Escrito por Redacci\u00f3n Puebla En L\u00ednea<\/strong><\/p>\n\n\n\n<h3 class=\"wp-block-heading\"><\/h3>\n\n\n\n<ol start=\"1\" class=\"wp-block-list\">\n<li><strong>Ataque armado en Zamora deja a una pareja sin vida y a una beb\u00e9 de 8 meses herida<\/strong><\/li>\n\n\n\n<li><strong>Zamora: una beb\u00e9 de 8 meses sobrevive a ataque armado dentro de una vivienda<\/strong><\/li>\n\n\n\n<li><strong>Tragedia en El Vergel: pareja muere tras ataque y beb\u00e9 resulta herida en Zamora<\/strong><\/li>\n\n\n\n<li><strong>Una beb\u00e9 qued\u00f3 herida tras ataque armado que dej\u00f3 dos personas sin vida en Zamora<\/strong><\/li>\n\n\n\n<li><strong>\u00bfQu\u00e9 pas\u00f3 en la colonia El Vergel? Investigan ataque contra una familia en Zamora<\/strong><\/li>\n<\/ol>\n","protected":false},"excerpt":{"rendered":"<p>Zamora, Michoac\u00e1n, 4 de septiembre de 2026.\u2014 Una vivienda de la colonia El Vergel, en Zamora, se convirti\u00f3 este viernes en escenario de un ataque armado que dej\u00f3 a una pareja sin vida y a una beb\u00e9 de apenas ocho meses herida por disparos. La agresi\u00f3n ocurri\u00f3 durante la ma\u00f1ana, al interior de un domicilio&#8230;<\/p>\n","protected":false},"author":9,"featured_media":134914,"comment_status":"closed","ping_status":"closed","sticky":false,"template":"","format":"standard","meta":{"footnotes":""},"categories":[24],"tags":[1407],"class_list":["post-134913","post","type-post","status-publish","format-standard","has-post-thumbnail","hentry","category-nota-roja","tag-asesinato"],"yoast_head":"<!-- This site is optimized with the Yoast SEO plugin v28.4 - https:\/\/yoast.com\/product\/yoast-seo-wordpress\/ -->\n<title>Ataque armado en Zamora deja a una pareja sin vida y a una beb\u00e9 de 8 meses herida - Puebla En Linea<\/title>\n<meta name=\"description\" content=\"Ataque armado en Zamora deja a una pareja sin vida y a una beb\u00e9 de 8 meses herida Nota Roja\" \/>\n<meta name=\"robots\" content=\"index, follow, max-snippet:-1, max-image-preview:large, max-video-preview:-1\" \/>\n<link rel=\"canonical\" href=\"https:\/\/pueblaenlinea.com\/2025\/nota-roja\/ataque-armado-en-zamora-deja-a-una-pareja-sin-vida-y-a-una-bebe-de-8-meses-herida\/\" \/>\n<meta property=\"og:locale\" content=\"es_MX\" \/>\n<meta property=\"og:type\" content=\"article\" \/>\n<meta property=\"og:title\" content=\"Ataque armado en Zamora deja a una pareja sin vida y a una beb\u00e9 de 8 meses herida - Puebla En Linea\" \/>\n<meta property=\"og:description\" content=\"Ataque armado en Zamora deja a una pareja sin vida y a una beb\u00e9 de 8 meses herida Nota Roja\" \/>\n<meta property=\"og:url\" content=\"https:\/\/pueblaenlinea.com\/2025\/nota-roja\/ataque-armado-en-zamora-deja-a-una-pareja-sin-vida-y-a-una-bebe-de-8-meses-herida\/\" \/>\n<meta property=\"og:site_name\" content=\"Puebla En Linea\" \/>\n<meta property=\"article:publisher\" content=\"https:\/\/www.facebook.com\/pueblaenlineacom\" \/>\n<meta property=\"article:published_time\" content=\"2026-09-04T21:51:38+00:00\" \/>\n<meta property=\"og:image\" content=\"https:\/\/pueblaenlinea.com\/2025\/wp-content\/uploads\/2026\/09\/michoacan.jpg\" \/>\n\t<meta property=\"og:image:width\" content=\"1200\" \/>\n\t<meta property=\"og:image:height\" content=\"674\" \/>\n\t<meta property=\"og:image:type\" content=\"image\/jpeg\" \/>\n<meta name=\"author\" content=\"lupita Puebla en linea\" \/>\n<meta name=\"twitter:card\" content=\"summary_large_image\" \/>\n<meta name=\"twitter:label1\" content=\"Escrito por\" \/>\n\t<meta name=\"twitter:data1\" content=\"lupita Puebla en linea\" \/>\n\t<meta name=\"twitter:label2\" content=\"Tiempo de lectura\" \/>\n\t<meta name=\"twitter:data2\" content=\"3 minutos\" \/>\n<script type=\"application\/ld+json\" class=\"yoast-schema-graph\">{\"@context\":\"https:\\\/\\\/schema.org\",\"@graph\":[{\"@type\":\"Article\",\"@id\":\"https:\\\/\\\/pueblaenlinea.com\\\/2025\\\/nota-roja\\\/ataque-armado-en-zamora-deja-a-una-pareja-sin-vida-y-a-una-bebe-de-8-meses-herida\\\/#article\",\"isPartOf\":{\"@id\":\"https:\\\/\\\/pueblaenlinea.com\\\/2025\\\/nota-roja\\\/ataque-armado-en-zamora-deja-a-una-pareja-sin-vida-y-a-una-bebe-de-8-meses-herida\\\/\"},\"author\":{\"name\":\"lupita Puebla en linea\",\"@id\":\"https:\\\/\\\/pueblaenlinea.com\\\/2025\\\/#\\\/schema\\\/person\\\/2baf91de3092c7d50fb754a48f084d7f\"},\"headline\":\"Ataque armado en Zamora deja a una pareja sin vida y a una beb\u00e9 de 8 meses herida\",\"datePublished\":\"2026-09-04T21:51:38+00:00\",\"mainEntityOfPage\":{\"@id\":\"https:\\\/\\\/pueblaenlinea.com\\\/2025\\\/nota-roja\\\/ataque-armado-en-zamora-deja-a-una-pareja-sin-vida-y-a-una-bebe-de-8-meses-herida\\\/\"},\"wordCount\":497,\"image\":{\"@id\":\"https:\\\/\\\/pueblaenlinea.com\\\/2025\\\/nota-roja\\\/ataque-armado-en-zamora-deja-a-una-pareja-sin-vida-y-a-una-bebe-de-8-meses-herida\\\/#primaryimage\"},\"thumbnailUrl\":\"https:\\\/\\\/pueblaenlinea.com\\\/2025\\\/wp-content\\\/uploads\\\/2026\\\/09\\\/michoacan.jpg\",\"keywords\":[\"asesinato\"],\"articleSection\":[\"Nota Roja\"],\"inLanguage\":\"es\"},{\"@type\":\"WebPage\",\"@id\":\"https:\\\/\\\/pueblaenlinea.com\\\/2025\\\/nota-roja\\\/ataque-armado-en-zamora-deja-a-una-pareja-sin-vida-y-a-una-bebe-de-8-meses-herida\\\/\",\"url\":\"https:\\\/\\\/pueblaenlinea.com\\\/2025\\\/nota-roja\\\/ataque-armado-en-zamora-deja-a-una-pareja-sin-vida-y-a-una-bebe-de-8-meses-herida\\\/\",\"name\":\"Ataque armado en Zamora deja a una pareja sin vida y a una beb\u00e9 de 8 meses herida - Puebla En Linea\",\"isPartOf\":{\"@id\":\"https:\\\/\\\/pueblaenlinea.com\\\/2025\\\/#website\"},\"primaryImageOfPage\":{\"@id\":\"https:\\\/\\\/pueblaenlinea.com\\\/2025\\\/nota-roja\\\/ataque-armado-en-zamora-deja-a-una-pareja-sin-vida-y-a-una-bebe-de-8-meses-herida\\\/#primaryimage\"},\"image\":{\"@id\":\"https:\\\/\\\/pueblaenlinea.com\\\/2025\\\/nota-roja\\\/ataque-armado-en-zamora-deja-a-una-pareja-sin-vida-y-a-una-bebe-de-8-meses-herida\\\/#primaryimage\"},\"thumbnailUrl\":\"https:\\\/\\\/pueblaenlinea.com\\\/2025\\\/wp-content\\\/uploads\\\/2026\\\/09\\\/michoacan.jpg\",\"datePublished\":\"2026-09-04T21:51:38+00:00\",\"author\":{\"@id\":\"https:\\\/\\\/pueblaenlinea.com\\\/2025\\\/#\\\/schema\\\/person\\\/2baf91de3092c7d50fb754a48f084d7f\"},\"description\":\"Ataque armado en Zamora deja a una pareja sin vida y a una beb\u00e9 de 8 meses herida Nota Roja\",\"breadcrumb\":{\"@id\":\"https:\\\/\\\/pueblaenlinea.com\\\/2025\\\/nota-roja\\\/ataque-armado-en-zamora-deja-a-una-pareja-sin-vida-y-a-una-bebe-de-8-meses-herida\\\/#breadcrumb\"},\"inLanguage\":\"es\",\"potentialAction\":[{\"@type\":\"ReadAction\",\"target\":[\"https:\\\/\\\/pueblaenlinea.com\\\/2025\\\/nota-roja\\\/ataque-armado-en-zamora-deja-a-una-pareja-sin-vida-y-a-una-bebe-de-8-meses-herida\\\/\"]}]},{\"@type\":\"ImageObject\",\"inLanguage\":\"es\",\"@id\":\"https:\\\/\\\/pueblaenlinea.com\\\/2025\\\/nota-roja\\\/ataque-armado-en-zamora-deja-a-una-pareja-sin-vida-y-a-una-bebe-de-8-meses-herida\\\/#primaryimage\",\"url\":\"https:\\\/\\\/pueblaenlinea.com\\\/2025\\\/wp-content\\\/uploads\\\/2026\\\/09\\\/michoacan.jpg\",\"contentUrl\":\"https:\\\/\\\/pueblaenlinea.com\\\/2025\\\/wp-content\\\/uploads\\\/2026\\\/09\\\/michoacan.jpg\",\"width\":1200,\"height\":674},{\"@type\":\"BreadcrumbList\",\"@id\":\"https:\\\/\\\/pueblaenlinea.com\\\/2025\\\/nota-roja\\\/ataque-armado-en-zamora-deja-a-una-pareja-sin-vida-y-a-una-bebe-de-8-meses-herida\\\/#breadcrumb\",\"itemListElement\":[{\"@type\":\"ListItem\",\"position\":1,\"name\":\"Inicio\",\"item\":\"https:\\\/\\\/pueblaenlinea.com\\\/2025\\\/\"},{\"@type\":\"ListItem\",\"position\":2,\"name\":\"Ataque armado en Zamora deja a una pareja sin vida y a una beb\u00e9 de 8 meses herida\"}]},{\"@type\":\"WebSite\",\"@id\":\"https:\\\/\\\/pueblaenlinea.com\\\/2025\\\/#website\",\"url\":\"https:\\\/\\\/pueblaenlinea.com\\\/2025\\\/\",\"name\":\"Puebla En Linea\",\"description\":\"noticias de puebla, periodismo serio y comprometido.\",\"potentialAction\":[{\"@type\":\"SearchAction\",\"target\":{\"@type\":\"EntryPoint\",\"urlTemplate\":\"https:\\\/\\\/pueblaenlinea.com\\\/2025\\\/?s={search_term_string}\"},\"query-input\":{\"@type\":\"PropertyValueSpecification\",\"valueRequired\":true,\"valueName\":\"search_term_string\"}}],\"inLanguage\":\"es\"},{\"@type\":\"Person\",\"@id\":\"https:\\\/\\\/pueblaenlinea.com\\\/2025\\\/#\\\/schema\\\/person\\\/2baf91de3092c7d50fb754a48f084d7f\",\"name\":\"lupita Puebla en linea\",\"image\":{\"@type\":\"ImageObject\",\"inLanguage\":\"es\",\"@id\":\"https:\\\/\\\/pueblaenlinea.com\\\/2025\\\/wp-content\\\/litespeed\\\/avatar\\\/c3bdb4b8e42693060df9dbf8c3f9c41d.jpg?ver=1788290860\",\"url\":\"https:\\\/\\\/pueblaenlinea.com\\\/2025\\\/wp-content\\\/litespeed\\\/avatar\\\/c3bdb4b8e42693060df9dbf8c3f9c41d.jpg?ver=1788290860\",\"contentUrl\":\"https:\\\/\\\/pueblaenlinea.com\\\/2025\\\/wp-content\\\/litespeed\\\/avatar\\\/c3bdb4b8e42693060df9dbf8c3f9c41d.jpg?ver=1788290860\",\"caption\":\"lupita Puebla en linea\"},\"url\":\"https:\\\/\\\/pueblaenlinea.com\\\/2025\\\/author\\\/lupita\\\/\"}]}<\/script>\n<!-- \/ Yoast SEO plugin. -->","yoast_head_json":{"title":"Ataque armado en Zamora deja a una pareja sin vida y a una beb\u00e9 de 8 meses herida - Puebla En Linea","description":"Ataque armado en Zamora deja a una pareja sin vida y a una beb\u00e9 de 8 meses herida Nota Roja","robots":{"index":"index","follow":"follow","max-snippet":"max-snippet:-1","max-image-preview":"max-image-preview:large","max-video-preview":"max-video-preview:-1"},"canonical":"https:\/\/pueblaenlinea.com\/2025\/nota-roja\/ataque-armado-en-zamora-deja-a-una-pareja-sin-vida-y-a-una-bebe-de-8-meses-herida\/","og_locale":"es_MX","og_type":"article","og_title":"Ataque armado en Zamora deja a una pareja sin vida y a una beb\u00e9 de 8 meses herida - Puebla En Linea","og_description":"Ataque armado en Zamora deja a una pareja sin vida y a una beb\u00e9 de 8 meses herida Nota Roja","og_url":"https:\/\/pueblaenlinea.com\/2025\/nota-roja\/ataque-armado-en-zamora-deja-a-una-pareja-sin-vida-y-a-una-bebe-de-8-meses-herida\/","og_site_name":"Puebla En Linea","article_publisher":"https:\/\/www.facebook.com\/pueblaenlineacom","article_published_time":"2026-09-04T21:51:38+00:00","og_image":[{"width":1200,"height":674,"url":"https:\/\/pueblaenlinea.com\/2025\/wp-content\/uploads\/2026\/09\/michoacan.jpg","type":"image\/jpeg"}],"author":"lupita Puebla en linea","twitter_card":"summary_large_image","twitter_misc":{"Escrito por":"lupita Puebla en linea","Tiempo de lectura":"3 minutos"},"schema":{"@context":"https:\/\/schema.org","@graph":[{"@type":"Article","@id":"https:\/\/pueblaenlinea.com\/2025\/nota-roja\/ataque-armado-en-zamora-deja-a-una-pareja-sin-vida-y-a-una-bebe-de-8-meses-herida\/#article","isPartOf":{"@id":"https:\/\/pueblaenlinea.com\/2025\/nota-roja\/ataque-armado-en-zamora-deja-a-una-pareja-sin-vida-y-a-una-bebe-de-8-meses-herida\/"},"author":{"name":"lupita Puebla en linea","@id":"https:\/\/pueblaenlinea.com\/2025\/#\/schema\/person\/2baf91de3092c7d50fb754a48f084d7f"},"headline":"Ataque armado en Zamora deja a una pareja sin vida y a una beb\u00e9 de 8 meses herida","datePublished":"2026-09-04T21:51:38+00:00","mainEntityOfPage":{"@id":"https:\/\/pueblaenlinea.com\/2025\/nota-roja\/ataque-armado-en-zamora-deja-a-una-pareja-sin-vida-y-a-una-bebe-de-8-meses-herida\/"},"wordCount":497,"image":{"@id":"https:\/\/pueblaenlinea.com\/2025\/nota-roja\/ataque-armado-en-zamora-deja-a-una-pareja-sin-vida-y-a-una-bebe-de-8-meses-herida\/#primaryimage"},"thumbnailUrl":"https:\/\/pueblaenlinea.com\/2025\/wp-content\/uploads\/2026\/09\/michoacan.jpg","keywords":["asesinato"],"articleSection":["Nota Roja"],"inLanguage":"es"},{"@type":"WebPage","@id":"https:\/\/pueblaenlinea.com\/2025\/nota-roja\/ataque-armado-en-zamora-deja-a-una-pareja-sin-vida-y-a-una-bebe-de-8-meses-herida\/","url":"https:\/\/pueblaenlinea.com\/2025\/nota-roja\/ataque-armado-en-zamora-deja-a-una-pareja-sin-vida-y-a-una-bebe-de-8-meses-herida\/","name":"Ataque armado en Zamora deja a una pareja sin vida y a una beb\u00e9 de 8 meses herida - Puebla En Linea","isPartOf":{"@id":"https:\/\/pueblaenlinea.com\/2025\/#website"},"primaryImageOfPage":{"@id":"https:\/\/pueblaenlinea.com\/2025\/nota-roja\/ataque-armado-en-zamora-deja-a-una-pareja-sin-vida-y-a-una-bebe-de-8-meses-herida\/#primaryimage"},"image":{"@id":"https:\/\/pueblaenlinea.com\/2025\/nota-roja\/ataque-armado-en-zamora-deja-a-una-pareja-sin-vida-y-a-una-bebe-de-8-meses-herida\/#primaryimage"},"thumbnailUrl":"https:\/\/pueblaenlinea.com\/2025\/wp-content\/uploads\/2026\/09\/michoacan.jpg","datePublished":"2026-09-04T21:51:38+00:00","author":{"@id":"https:\/\/pueblaenlinea.com\/2025\/#\/schema\/person\/2baf91de3092c7d50fb754a48f084d7f"},"description":"Ataque armado en Zamora deja a una pareja sin vida y a una beb\u00e9 de 8 meses herida Nota Roja","breadcrumb":{"@id":"https:\/\/pueblaenlinea.com\/2025\/nota-roja\/ataque-armado-en-zamora-deja-a-una-pareja-sin-vida-y-a-una-bebe-de-8-meses-herida\/#breadcrumb"},"inLanguage":"es","potentialAction":[{"@type":"ReadAction","target":["https:\/\/pueblaenlinea.com\/2025\/nota-roja\/ataque-armado-en-zamora-deja-a-una-pareja-sin-vida-y-a-una-bebe-de-8-meses-herida\/"]}]},{"@type":"ImageObject","inLanguage":"es","@id":"https:\/\/pueblaenlinea.com\/2025\/nota-roja\/ataque-armado-en-zamora-deja-a-una-pareja-sin-vida-y-a-una-bebe-de-8-meses-herida\/#primaryimage","url":"https:\/\/pueblaenlinea.com\/2025\/wp-content\/uploads\/2026\/09\/michoacan.jpg","contentUrl":"https:\/\/pueblaenlinea.com\/2025\/wp-content\/uploads\/2026\/09\/michoacan.jpg","width":1200,"height":674},{"@type":"BreadcrumbList","@id":"https:\/\/pueblaenlinea.com\/2025\/nota-roja\/ataque-armado-en-zamora-deja-a-una-pareja-sin-vida-y-a-una-bebe-de-8-meses-herida\/#breadcrumb","itemListElement":[{"@type":"ListItem","position":1,"name":"Inicio","item":"https:\/\/pueblaenlinea.com\/2025\/"},{"@type":"ListItem","position":2,"name":"Ataque armado en Zamora deja a una pareja sin vida y a una beb\u00e9 de 8 meses herida"}]},{"@type":"WebSite","@id":"https:\/\/pueblaenlinea.com\/2025\/#website","url":"https:\/\/pueblaenlinea.com\/2025\/","name":"Puebla En Linea","description":"noticias de puebla, periodismo serio y comprometido.","potentialAction":[{"@type":"SearchAction","target":{"@type":"EntryPoint","urlTemplate":"https:\/\/pueblaenlinea.com\/2025\/?s={search_term_string}"},"query-input":{"@type":"PropertyValueSpecification","valueRequired":true,"valueName":"search_term_string"}}],"inLanguage":"es"},{"@type":"Person","@id":"https:\/\/pueblaenlinea.com\/2025\/#\/schema\/person\/2baf91de3092c7d50fb754a48f084d7f","name":"lupita Puebla en linea","image":{"@type":"ImageObject","inLanguage":"es","@id":"https:\/\/pueblaenlinea.com\/2025\/wp-content\/litespeed\/avatar\/c3bdb4b8e42693060df9dbf8c3f9c41d.jpg?ver=1788290860","url":"https:\/\/pueblaenlinea.com\/2025\/wp-content\/litespeed\/avatar\/c3bdb4b8e42693060df9dbf8c3f9c41d.jpg?ver=1788290860","contentUrl":"https:\/\/pueblaenlinea.com\/2025\/wp-content\/litespeed\/avatar\/c3bdb4b8e42693060df9dbf8c3f9c41d.jpg?ver=1788290860","caption":"lupita Puebla en linea"},"url":"https:\/\/pueblaenlinea.com\/2025\/author\/lupita\/"}]}},"_links":{"self":[{"href":"https:\/\/pueblaenlinea.com\/2025\/wp-json\/wp\/v2\/posts\/134913","targetHints":{"allow":["GET"]}}],"collection":[{"href":"https:\/\/pueblaenlinea.com\/2025\/wp-json\/wp\/v2\/posts"}],"about":[{"href":"https:\/\/pueblaenlinea.com\/2025\/wp-json\/wp\/v2\/types\/post"}],"author":[{"embeddable":true,"href":"https:\/\/pueblaenlinea.com\/2025\/wp-json\/wp\/v2\/users\/9"}],"replies":[{"embeddable":true,"href":"https:\/\/pueblaenlinea.com\/2025\/wp-json\/wp\/v2\/comments?post=134913"}],"version-history":[{"count":0,"href":"https:\/\/pueblaenlinea.com\/2025\/wp-json\/wp\/v2\/posts\/134913\/revisions"}],"wp:featuredmedia":[{"embeddable":true,"href":"https:\/\/pueblaenlinea.com\/2025\/wp-json\/wp\/v2\/media\/134914"}],"wp:attachment":[{"href":"https:\/\/pueblaenlinea.com\/2025\/wp-json\/wp\/v2\/media?parent=134913"}],"wp:term":[{"taxonomy":"category","embeddable":true,"href":"https:\/\/pueblaenlinea.com\/2025\/wp-json\/wp\/v2\/categories?post=134913"},{"taxonomy":"post_tag","embeddable":true,"href":"https:\/\/pueblaenlinea.com\/2025\/wp-json\/wp\/v2\/tags?post=134913"}],"curies":[{"name":"wp","href":"https:\/\/api.w.org\/{rel}","templated":true}]}}