{"id":134909,"date":"2026-09-04T15:09:21","date_gmt":"2026-09-04T21:09:21","guid":{"rendered":"https:\/\/pueblaenlinea.com\/2025\/?p=134909"},"modified":"2026-09-04T15:09:22","modified_gmt":"2026-09-04T21:09:22","slug":"69-aparatos-funcionales-llegan-a-personas-con-discapacidad-en-puebla-buscan-recuperar-movilidad-y-autonomia","status":"publish","type":"post","link":"https:\/\/pueblaenlinea.com\/2025\/capital\/69-aparatos-funcionales-llegan-a-personas-con-discapacidad-en-puebla-buscan-recuperar-movilidad-y-autonomia\/","title":{"rendered":"69 aparatos funcionales llegan a personas con discapacidad en Puebla; buscan recuperar movilidad y autonom\u00eda"},"content":{"rendered":"\n<p class=\"wp-block-paragraph\"><strong>Puebla, Pue., 4 de septiembre de 2026.<\/strong>\u2014 Una silla de ruedas, una andadera o un bast\u00f3n pueden parecer objetos cotidianos. Para quien enfrenta una discapacidad o un problema de movilidad, pueden representar algo mucho m\u00e1s importante: <strong>volver a desplazarse con mayor autonom\u00eda<\/strong>.<\/p>\n\n\n\n<p class=\"wp-block-paragraph\">Con ese objetivo, el <strong>DIF Puebla Capital<\/strong>, encabezado por MariElise Budib, realiz\u00f3 la entrega de <strong>69 aparatos funcionales<\/strong> en la Unidad M\u00e9dica Integral del Sistema Municipal DIF, como parte de las acciones de inclusi\u00f3n impulsadas por el Gobierno de la Ciudad que encabeza el presidente municipal, Pepe Chedraui.<\/p>\n\n\n\n<blockquote class=\"wp-block-quote is-layout-flow wp-block-quote-is-layout-flow\">\n<p class=\"wp-block-paragraph\"><strong>69 aparatos funcionales fueron entregados directamente a personas beneficiarias.<\/strong><\/p>\n<\/blockquote>\n\n\n\n<blockquote class=\"wp-block-quote is-layout-flow wp-block-quote-is-layout-flow\">\n<p class=\"wp-block-paragraph\"><strong>55 sillas de ruedas, 12 andaderas y 2 bastones<\/strong> integraron la entrega.<\/p>\n<\/blockquote>\n\n\n\n<blockquote class=\"wp-block-quote is-layout-flow wp-block-quote-is-layout-flow\">\n<p class=\"wp-block-paragraph\"><strong>La donaci\u00f3n fue realizada por el Sistema Nacional DIF (SNDIF).<\/strong><\/p>\n<\/blockquote>\n\n\n\n<blockquote class=\"wp-block-quote is-layout-flow wp-block-quote-is-layout-flow\">\n<p class=\"wp-block-paragraph\"><strong>El objetivo: favorecer movilidad, autonom\u00eda e inclusi\u00f3n.<\/strong><\/p>\n<\/blockquote>\n\n\n\n<h3 class=\"wp-block-heading\">M\u00e1s que un aparato, una herramienta para recuperar independencia<\/h3>\n\n\n\n<p class=\"wp-block-paragraph\">Durante el acto, MariElise Budib destac\u00f3 que detr\u00e1s de cada apoyo existe una historia familiar y un esfuerzo cotidiano que muchas veces permanece lejos de los reflectores.<\/p>\n\n\n\n<p class=\"wp-block-paragraph\">La presidenta del Patronato del DIF Puebla Capital se\u00f1al\u00f3 que estos aparatos pueden generar mayor autonom\u00eda, facilitar la movilidad y brindar tranquilidad tanto a las personas beneficiarias como a sus familias.<\/p>\n\n\n\n<p class=\"wp-block-paragraph\">El director general del DIF Puebla Capital, <strong>Jes\u00fas Alejandro Cort\u00e9s Carrasco<\/strong>, agradeci\u00f3 al Sistema Nacional DIF la donaci\u00f3n y subray\u00f3 que uno de los objetivos de la instituci\u00f3n es contribuir a que las personas con discapacidad puedan desarrollar una vida con mayor independencia.<\/p>\n\n\n\n<p class=\"wp-block-paragraph\">Si quieres seguir esta y otras notas de inter\u00e9s en tiempo real, \u00fanete a nuestro canal de WhatsApp: <a href=\"https:\/\/whatsapp.com\/channel\/0029Va5CSyuEQIalZaJWpX1h?utm_source=chatgpt.com\">Canal de WhatsApp de Puebla En L\u00ednea<\/a><\/p>\n\n\n\n<h3 class=\"wp-block-heading\">Inclusi\u00f3n que se mide en movilidad<\/h3>\n\n\n\n<p class=\"wp-block-paragraph\">La entrega forma parte de las acciones del Gobierno de la Ciudad y del DIF Puebla Capital dirigidas a personas con discapacidad o con dificultades de movilidad.<\/p>\n\n\n\n<p class=\"wp-block-paragraph\">El prop\u00f3sito, de acuerdo con la administraci\u00f3n municipal, es acercar herramientas que permitan reducir barreras y ampliar las oportunidades de desarrollo para las y los poblanos.<\/p>\n\n\n\n<p class=\"wp-block-paragraph\">Porque la inclusi\u00f3n no siempre comienza con grandes discursos. A veces empieza con algo tan concreto como una rueda que vuelve a moverse, una andadera que permite caminar con mayor seguridad o un bast\u00f3n que devuelve confianza para salir de casa.<\/p>\n\n\n\n<p class=\"wp-block-paragraph\">La verdadera medida de estos programas estar\u00e1 en lo que suceda despu\u00e9s de la entrega: <strong>en cu\u00e1nta autonom\u00eda recuperan las personas y en cu\u00e1ntas puertas pueden volver a abrirse gracias a ella<\/strong>.<\/p>\n\n\n\n<p class=\"wp-block-paragraph\"><strong>Escrito por Redacci\u00f3n Puebla En L\u00ednea<\/strong><\/p>\n\n\n\n<h3 class=\"wp-block-heading\"><\/h3>\n\n\n\n<ol class=\"wp-block-list\">\n<li><strong>69 apoyos que pueden cambiar el d\u00eda a d\u00eda: entregan sillas de ruedas y aparatos funcionales en Puebla<\/strong><\/li>\n\n\n\n<li><strong>Puebla entrega 69 aparatos funcionales a personas con discapacidad; conoce qu\u00e9 incluye el apoyo<\/strong><\/li>\n\n\n\n<li><strong>55 sillas de ruedas, 12 andaderas y 2 bastones: as\u00ed fue la entrega del DIF Puebla Capital<\/strong><\/li>\n\n\n\n<li><strong>Movilidad que abre puertas: DIF Puebla Capital entrega 69 aparatos funcionales<\/strong><\/li>\n\n\n\n<li><strong>\u00bfQu\u00e9 recibi\u00f3 Puebla para apoyar a personas con discapacidad? Son 69 aparatos funcionales<\/strong><\/li>\n<\/ol>\n","protected":false},"excerpt":{"rendered":"<p>Puebla, Pue., 4 de septiembre de 2026.\u2014 Una silla de ruedas, una andadera o un bast\u00f3n pueden parecer objetos cotidianos. Para quien enfrenta una discapacidad o un problema de movilidad, pueden representar algo mucho m\u00e1s importante: volver a desplazarse con mayor autonom\u00eda. Con ese objetivo, el DIF Puebla Capital, encabezado por MariElise Budib, realiz\u00f3 la&#8230;<\/p>\n","protected":false},"author":9,"featured_media":134910,"comment_status":"closed","ping_status":"closed","sticky":false,"template":"","format":"standard","meta":{"footnotes":""},"categories":[3],"tags":[1386],"class_list":["post-134909","post","type-post","status-publish","format-standard","has-post-thumbnail","hentry","category-capital","tag-puebla"],"yoast_head":"<!-- This site is optimized with the Yoast SEO plugin v28.4 - https:\/\/yoast.com\/product\/yoast-seo-wordpress\/ -->\n<title>69 aparatos funcionales llegan a personas con discapacidad en Puebla; buscan recuperar movilidad y autonom\u00eda - Puebla En Linea<\/title>\n<meta name=\"description\" content=\"69 aparatos funcionales llegan a personas con discapacidad en Puebla; buscan recuperar movilidad y autonom\u00eda Capital\" \/>\n<meta name=\"robots\" content=\"index, follow, max-snippet:-1, max-image-preview:large, max-video-preview:-1\" \/>\n<link rel=\"canonical\" href=\"https:\/\/pueblaenlinea.com\/2025\/capital\/69-aparatos-funcionales-llegan-a-personas-con-discapacidad-en-puebla-buscan-recuperar-movilidad-y-autonomia\/\" \/>\n<meta property=\"og:locale\" content=\"es_MX\" \/>\n<meta property=\"og:type\" content=\"article\" \/>\n<meta property=\"og:title\" content=\"69 aparatos funcionales llegan a personas con discapacidad en Puebla; buscan recuperar movilidad y autonom\u00eda - Puebla En Linea\" \/>\n<meta property=\"og:description\" content=\"69 aparatos funcionales llegan a personas con discapacidad en Puebla; buscan recuperar movilidad y autonom\u00eda Capital\" \/>\n<meta property=\"og:url\" content=\"https:\/\/pueblaenlinea.com\/2025\/capital\/69-aparatos-funcionales-llegan-a-personas-con-discapacidad-en-puebla-buscan-recuperar-movilidad-y-autonomia\/\" \/>\n<meta property=\"og:site_name\" content=\"Puebla En Linea\" \/>\n<meta property=\"article:publisher\" content=\"https:\/\/www.facebook.com\/pueblaenlineacom\" \/>\n<meta property=\"article:published_time\" content=\"2026-09-04T21:09:21+00:00\" \/>\n<meta property=\"article:modified_time\" content=\"2026-09-04T21:09:22+00:00\" \/>\n<meta property=\"og:image\" content=\"https:\/\/pueblaenlinea.com\/2025\/wp-content\/uploads\/2026\/09\/discapacidad.jpg\" \/>\n\t<meta property=\"og:image:width\" content=\"1200\" \/>\n\t<meta property=\"og:image:height\" content=\"674\" \/>\n\t<meta property=\"og:image:type\" content=\"image\/jpeg\" \/>\n<meta name=\"author\" content=\"lupita Puebla en linea\" \/>\n<meta name=\"twitter:card\" content=\"summary_large_image\" \/>\n<meta name=\"twitter:label1\" content=\"Escrito por\" \/>\n\t<meta name=\"twitter:data1\" content=\"lupita Puebla en linea\" \/>\n\t<meta name=\"twitter:label2\" content=\"Tiempo de lectura\" \/>\n\t<meta name=\"twitter:data2\" content=\"3 minutos\" \/>\n<script type=\"application\/ld+json\" class=\"yoast-schema-graph\">{\"@context\":\"https:\\\/\\\/schema.org\",\"@graph\":[{\"@type\":\"Article\",\"@id\":\"https:\\\/\\\/pueblaenlinea.com\\\/2025\\\/capital\\\/69-aparatos-funcionales-llegan-a-personas-con-discapacidad-en-puebla-buscan-recuperar-movilidad-y-autonomia\\\/#article\",\"isPartOf\":{\"@id\":\"https:\\\/\\\/pueblaenlinea.com\\\/2025\\\/capital\\\/69-aparatos-funcionales-llegan-a-personas-con-discapacidad-en-puebla-buscan-recuperar-movilidad-y-autonomia\\\/\"},\"author\":{\"name\":\"lupita Puebla en linea\",\"@id\":\"https:\\\/\\\/pueblaenlinea.com\\\/2025\\\/#\\\/schema\\\/person\\\/2baf91de3092c7d50fb754a48f084d7f\"},\"headline\":\"69 aparatos funcionales llegan a personas con discapacidad en Puebla; buscan recuperar movilidad y autonom\u00eda\",\"datePublished\":\"2026-09-04T21:09:21+00:00\",\"dateModified\":\"2026-09-04T21:09:22+00:00\",\"mainEntityOfPage\":{\"@id\":\"https:\\\/\\\/pueblaenlinea.com\\\/2025\\\/capital\\\/69-aparatos-funcionales-llegan-a-personas-con-discapacidad-en-puebla-buscan-recuperar-movilidad-y-autonomia\\\/\"},\"wordCount\":506,\"image\":{\"@id\":\"https:\\\/\\\/pueblaenlinea.com\\\/2025\\\/capital\\\/69-aparatos-funcionales-llegan-a-personas-con-discapacidad-en-puebla-buscan-recuperar-movilidad-y-autonomia\\\/#primaryimage\"},\"thumbnailUrl\":\"https:\\\/\\\/pueblaenlinea.com\\\/2025\\\/wp-content\\\/uploads\\\/2026\\\/09\\\/discapacidad.jpg\",\"keywords\":[\"Puebla\"],\"articleSection\":[\"Capital\"],\"inLanguage\":\"es\"},{\"@type\":\"WebPage\",\"@id\":\"https:\\\/\\\/pueblaenlinea.com\\\/2025\\\/capital\\\/69-aparatos-funcionales-llegan-a-personas-con-discapacidad-en-puebla-buscan-recuperar-movilidad-y-autonomia\\\/\",\"url\":\"https:\\\/\\\/pueblaenlinea.com\\\/2025\\\/capital\\\/69-aparatos-funcionales-llegan-a-personas-con-discapacidad-en-puebla-buscan-recuperar-movilidad-y-autonomia\\\/\",\"name\":\"69 aparatos funcionales llegan a personas con discapacidad en Puebla; buscan recuperar movilidad y autonom\u00eda - Puebla En Linea\",\"isPartOf\":{\"@id\":\"https:\\\/\\\/pueblaenlinea.com\\\/2025\\\/#website\"},\"primaryImageOfPage\":{\"@id\":\"https:\\\/\\\/pueblaenlinea.com\\\/2025\\\/capital\\\/69-aparatos-funcionales-llegan-a-personas-con-discapacidad-en-puebla-buscan-recuperar-movilidad-y-autonomia\\\/#primaryimage\"},\"image\":{\"@id\":\"https:\\\/\\\/pueblaenlinea.com\\\/2025\\\/capital\\\/69-aparatos-funcionales-llegan-a-personas-con-discapacidad-en-puebla-buscan-recuperar-movilidad-y-autonomia\\\/#primaryimage\"},\"thumbnailUrl\":\"https:\\\/\\\/pueblaenlinea.com\\\/2025\\\/wp-content\\\/uploads\\\/2026\\\/09\\\/discapacidad.jpg\",\"datePublished\":\"2026-09-04T21:09:21+00:00\",\"dateModified\":\"2026-09-04T21:09:22+00:00\",\"author\":{\"@id\":\"https:\\\/\\\/pueblaenlinea.com\\\/2025\\\/#\\\/schema\\\/person\\\/2baf91de3092c7d50fb754a48f084d7f\"},\"description\":\"69 aparatos funcionales llegan a personas con discapacidad en Puebla; buscan recuperar movilidad y autonom\u00eda Capital\",\"breadcrumb\":{\"@id\":\"https:\\\/\\\/pueblaenlinea.com\\\/2025\\\/capital\\\/69-aparatos-funcionales-llegan-a-personas-con-discapacidad-en-puebla-buscan-recuperar-movilidad-y-autonomia\\\/#breadcrumb\"},\"inLanguage\":\"es\",\"potentialAction\":[{\"@type\":\"ReadAction\",\"target\":[\"https:\\\/\\\/pueblaenlinea.com\\\/2025\\\/capital\\\/69-aparatos-funcionales-llegan-a-personas-con-discapacidad-en-puebla-buscan-recuperar-movilidad-y-autonomia\\\/\"]}]},{\"@type\":\"ImageObject\",\"inLanguage\":\"es\",\"@id\":\"https:\\\/\\\/pueblaenlinea.com\\\/2025\\\/capital\\\/69-aparatos-funcionales-llegan-a-personas-con-discapacidad-en-puebla-buscan-recuperar-movilidad-y-autonomia\\\/#primaryimage\",\"url\":\"https:\\\/\\\/pueblaenlinea.com\\\/2025\\\/wp-content\\\/uploads\\\/2026\\\/09\\\/discapacidad.jpg\",\"contentUrl\":\"https:\\\/\\\/pueblaenlinea.com\\\/2025\\\/wp-content\\\/uploads\\\/2026\\\/09\\\/discapacidad.jpg\",\"width\":1200,\"height\":674},{\"@type\":\"BreadcrumbList\",\"@id\":\"https:\\\/\\\/pueblaenlinea.com\\\/2025\\\/capital\\\/69-aparatos-funcionales-llegan-a-personas-con-discapacidad-en-puebla-buscan-recuperar-movilidad-y-autonomia\\\/#breadcrumb\",\"itemListElement\":[{\"@type\":\"ListItem\",\"position\":1,\"name\":\"Inicio\",\"item\":\"https:\\\/\\\/pueblaenlinea.com\\\/2025\\\/\"},{\"@type\":\"ListItem\",\"position\":2,\"name\":\"69 aparatos funcionales llegan a personas con discapacidad en Puebla; buscan recuperar movilidad y autonom\u00eda\"}]},{\"@type\":\"WebSite\",\"@id\":\"https:\\\/\\\/pueblaenlinea.com\\\/2025\\\/#website\",\"url\":\"https:\\\/\\\/pueblaenlinea.com\\\/2025\\\/\",\"name\":\"Puebla En Linea\",\"description\":\"noticias de puebla, periodismo serio y comprometido.\",\"potentialAction\":[{\"@type\":\"SearchAction\",\"target\":{\"@type\":\"EntryPoint\",\"urlTemplate\":\"https:\\\/\\\/pueblaenlinea.com\\\/2025\\\/?s={search_term_string}\"},\"query-input\":{\"@type\":\"PropertyValueSpecification\",\"valueRequired\":true,\"valueName\":\"search_term_string\"}}],\"inLanguage\":\"es\"},{\"@type\":\"Person\",\"@id\":\"https:\\\/\\\/pueblaenlinea.com\\\/2025\\\/#\\\/schema\\\/person\\\/2baf91de3092c7d50fb754a48f084d7f\",\"name\":\"lupita Puebla en linea\",\"image\":{\"@type\":\"ImageObject\",\"inLanguage\":\"es\",\"@id\":\"https:\\\/\\\/pueblaenlinea.com\\\/2025\\\/wp-content\\\/litespeed\\\/avatar\\\/c3bdb4b8e42693060df9dbf8c3f9c41d.jpg?ver=1788290860\",\"url\":\"https:\\\/\\\/pueblaenlinea.com\\\/2025\\\/wp-content\\\/litespeed\\\/avatar\\\/c3bdb4b8e42693060df9dbf8c3f9c41d.jpg?ver=1788290860\",\"contentUrl\":\"https:\\\/\\\/pueblaenlinea.com\\\/2025\\\/wp-content\\\/litespeed\\\/avatar\\\/c3bdb4b8e42693060df9dbf8c3f9c41d.jpg?ver=1788290860\",\"caption\":\"lupita Puebla en linea\"},\"url\":\"https:\\\/\\\/pueblaenlinea.com\\\/2025\\\/author\\\/lupita\\\/\"}]}<\/script>\n<!-- \/ Yoast SEO plugin. -->","yoast_head_json":{"title":"69 aparatos funcionales llegan a personas con discapacidad en Puebla; buscan recuperar movilidad y autonom\u00eda - Puebla En Linea","description":"69 aparatos funcionales llegan a personas con discapacidad en Puebla; buscan recuperar movilidad y autonom\u00eda Capital","robots":{"index":"index","follow":"follow","max-snippet":"max-snippet:-1","max-image-preview":"max-image-preview:large","max-video-preview":"max-video-preview:-1"},"canonical":"https:\/\/pueblaenlinea.com\/2025\/capital\/69-aparatos-funcionales-llegan-a-personas-con-discapacidad-en-puebla-buscan-recuperar-movilidad-y-autonomia\/","og_locale":"es_MX","og_type":"article","og_title":"69 aparatos funcionales llegan a personas con discapacidad en Puebla; buscan recuperar movilidad y autonom\u00eda - Puebla En Linea","og_description":"69 aparatos funcionales llegan a personas con discapacidad en Puebla; buscan recuperar movilidad y autonom\u00eda Capital","og_url":"https:\/\/pueblaenlinea.com\/2025\/capital\/69-aparatos-funcionales-llegan-a-personas-con-discapacidad-en-puebla-buscan-recuperar-movilidad-y-autonomia\/","og_site_name":"Puebla En Linea","article_publisher":"https:\/\/www.facebook.com\/pueblaenlineacom","article_published_time":"2026-09-04T21:09:21+00:00","article_modified_time":"2026-09-04T21:09:22+00:00","og_image":[{"width":1200,"height":674,"url":"https:\/\/pueblaenlinea.com\/2025\/wp-content\/uploads\/2026\/09\/discapacidad.jpg","type":"image\/jpeg"}],"author":"lupita Puebla en linea","twitter_card":"summary_large_image","twitter_misc":{"Escrito por":"lupita Puebla en linea","Tiempo de lectura":"3 minutos"},"schema":{"@context":"https:\/\/schema.org","@graph":[{"@type":"Article","@id":"https:\/\/pueblaenlinea.com\/2025\/capital\/69-aparatos-funcionales-llegan-a-personas-con-discapacidad-en-puebla-buscan-recuperar-movilidad-y-autonomia\/#article","isPartOf":{"@id":"https:\/\/pueblaenlinea.com\/2025\/capital\/69-aparatos-funcionales-llegan-a-personas-con-discapacidad-en-puebla-buscan-recuperar-movilidad-y-autonomia\/"},"author":{"name":"lupita Puebla en linea","@id":"https:\/\/pueblaenlinea.com\/2025\/#\/schema\/person\/2baf91de3092c7d50fb754a48f084d7f"},"headline":"69 aparatos funcionales llegan a personas con discapacidad en Puebla; buscan recuperar movilidad y autonom\u00eda","datePublished":"2026-09-04T21:09:21+00:00","dateModified":"2026-09-04T21:09:22+00:00","mainEntityOfPage":{"@id":"https:\/\/pueblaenlinea.com\/2025\/capital\/69-aparatos-funcionales-llegan-a-personas-con-discapacidad-en-puebla-buscan-recuperar-movilidad-y-autonomia\/"},"wordCount":506,"image":{"@id":"https:\/\/pueblaenlinea.com\/2025\/capital\/69-aparatos-funcionales-llegan-a-personas-con-discapacidad-en-puebla-buscan-recuperar-movilidad-y-autonomia\/#primaryimage"},"thumbnailUrl":"https:\/\/pueblaenlinea.com\/2025\/wp-content\/uploads\/2026\/09\/discapacidad.jpg","keywords":["Puebla"],"articleSection":["Capital"],"inLanguage":"es"},{"@type":"WebPage","@id":"https:\/\/pueblaenlinea.com\/2025\/capital\/69-aparatos-funcionales-llegan-a-personas-con-discapacidad-en-puebla-buscan-recuperar-movilidad-y-autonomia\/","url":"https:\/\/pueblaenlinea.com\/2025\/capital\/69-aparatos-funcionales-llegan-a-personas-con-discapacidad-en-puebla-buscan-recuperar-movilidad-y-autonomia\/","name":"69 aparatos funcionales llegan a personas con discapacidad en Puebla; buscan recuperar movilidad y autonom\u00eda - Puebla En Linea","isPartOf":{"@id":"https:\/\/pueblaenlinea.com\/2025\/#website"},"primaryImageOfPage":{"@id":"https:\/\/pueblaenlinea.com\/2025\/capital\/69-aparatos-funcionales-llegan-a-personas-con-discapacidad-en-puebla-buscan-recuperar-movilidad-y-autonomia\/#primaryimage"},"image":{"@id":"https:\/\/pueblaenlinea.com\/2025\/capital\/69-aparatos-funcionales-llegan-a-personas-con-discapacidad-en-puebla-buscan-recuperar-movilidad-y-autonomia\/#primaryimage"},"thumbnailUrl":"https:\/\/pueblaenlinea.com\/2025\/wp-content\/uploads\/2026\/09\/discapacidad.jpg","datePublished":"2026-09-04T21:09:21+00:00","dateModified":"2026-09-04T21:09:22+00:00","author":{"@id":"https:\/\/pueblaenlinea.com\/2025\/#\/schema\/person\/2baf91de3092c7d50fb754a48f084d7f"},"description":"69 aparatos funcionales llegan a personas con discapacidad en Puebla; buscan recuperar movilidad y autonom\u00eda Capital","breadcrumb":{"@id":"https:\/\/pueblaenlinea.com\/2025\/capital\/69-aparatos-funcionales-llegan-a-personas-con-discapacidad-en-puebla-buscan-recuperar-movilidad-y-autonomia\/#breadcrumb"},"inLanguage":"es","potentialAction":[{"@type":"ReadAction","target":["https:\/\/pueblaenlinea.com\/2025\/capital\/69-aparatos-funcionales-llegan-a-personas-con-discapacidad-en-puebla-buscan-recuperar-movilidad-y-autonomia\/"]}]},{"@type":"ImageObject","inLanguage":"es","@id":"https:\/\/pueblaenlinea.com\/2025\/capital\/69-aparatos-funcionales-llegan-a-personas-con-discapacidad-en-puebla-buscan-recuperar-movilidad-y-autonomia\/#primaryimage","url":"https:\/\/pueblaenlinea.com\/2025\/wp-content\/uploads\/2026\/09\/discapacidad.jpg","contentUrl":"https:\/\/pueblaenlinea.com\/2025\/wp-content\/uploads\/2026\/09\/discapacidad.jpg","width":1200,"height":674},{"@type":"BreadcrumbList","@id":"https:\/\/pueblaenlinea.com\/2025\/capital\/69-aparatos-funcionales-llegan-a-personas-con-discapacidad-en-puebla-buscan-recuperar-movilidad-y-autonomia\/#breadcrumb","itemListElement":[{"@type":"ListItem","position":1,"name":"Inicio","item":"https:\/\/pueblaenlinea.com\/2025\/"},{"@type":"ListItem","position":2,"name":"69 aparatos funcionales llegan a personas con discapacidad en Puebla; buscan recuperar movilidad y autonom\u00eda"}]},{"@type":"WebSite","@id":"https:\/\/pueblaenlinea.com\/2025\/#website","url":"https:\/\/pueblaenlinea.com\/2025\/","name":"Puebla En Linea","description":"noticias de puebla, periodismo serio y comprometido.","potentialAction":[{"@type":"SearchAction","target":{"@type":"EntryPoint","urlTemplate":"https:\/\/pueblaenlinea.com\/2025\/?s={search_term_string}"},"query-input":{"@type":"PropertyValueSpecification","valueRequired":true,"valueName":"search_term_string"}}],"inLanguage":"es"},{"@type":"Person","@id":"https:\/\/pueblaenlinea.com\/2025\/#\/schema\/person\/2baf91de3092c7d50fb754a48f084d7f","name":"lupita Puebla en linea","image":{"@type":"ImageObject","inLanguage":"es","@id":"https:\/\/pueblaenlinea.com\/2025\/wp-content\/litespeed\/avatar\/c3bdb4b8e42693060df9dbf8c3f9c41d.jpg?ver=1788290860","url":"https:\/\/pueblaenlinea.com\/2025\/wp-content\/litespeed\/avatar\/c3bdb4b8e42693060df9dbf8c3f9c41d.jpg?ver=1788290860","contentUrl":"https:\/\/pueblaenlinea.com\/2025\/wp-content\/litespeed\/avatar\/c3bdb4b8e42693060df9dbf8c3f9c41d.jpg?ver=1788290860","caption":"lupita Puebla en linea"},"url":"https:\/\/pueblaenlinea.com\/2025\/author\/lupita\/"}]}},"_links":{"self":[{"href":"https:\/\/pueblaenlinea.com\/2025\/wp-json\/wp\/v2\/posts\/134909","targetHints":{"allow":["GET"]}}],"collection":[{"href":"https:\/\/pueblaenlinea.com\/2025\/wp-json\/wp\/v2\/posts"}],"about":[{"href":"https:\/\/pueblaenlinea.com\/2025\/wp-json\/wp\/v2\/types\/post"}],"author":[{"embeddable":true,"href":"https:\/\/pueblaenlinea.com\/2025\/wp-json\/wp\/v2\/users\/9"}],"replies":[{"embeddable":true,"href":"https:\/\/pueblaenlinea.com\/2025\/wp-json\/wp\/v2\/comments?post=134909"}],"version-history":[{"count":0,"href":"https:\/\/pueblaenlinea.com\/2025\/wp-json\/wp\/v2\/posts\/134909\/revisions"}],"wp:featuredmedia":[{"embeddable":true,"href":"https:\/\/pueblaenlinea.com\/2025\/wp-json\/wp\/v2\/media\/134910"}],"wp:attachment":[{"href":"https:\/\/pueblaenlinea.com\/2025\/wp-json\/wp\/v2\/media?parent=134909"}],"wp:term":[{"taxonomy":"category","embeddable":true,"href":"https:\/\/pueblaenlinea.com\/2025\/wp-json\/wp\/v2\/categories?post=134909"},{"taxonomy":"post_tag","embeddable":true,"href":"https:\/\/pueblaenlinea.com\/2025\/wp-json\/wp\/v2\/tags?post=134909"}],"curies":[{"name":"wp","href":"https:\/\/api.w.org\/{rel}","templated":true}]}}