{"id":134907,"date":"2026-09-04T14:38:58","date_gmt":"2026-09-04T20:38:58","guid":{"rendered":"https:\/\/pueblaenlinea.com\/2025\/?p=134907"},"modified":"2026-09-04T14:38:59","modified_gmt":"2026-09-04T20:38:59","slug":"puebla-registra-aumento-de-mas-de-2-mil-por-ciento-en-cadaveres-almacenados-en-el-semefo","status":"publish","type":"post","link":"https:\/\/pueblaenlinea.com\/2025\/nota-roja\/puebla-registra-aumento-de-mas-de-2-mil-por-ciento-en-cadaveres-almacenados-en-el-semefo\/","title":{"rendered":"Puebla registra aumento de m\u00e1s de 2 mil por ciento en cad\u00e1veres almacenados en el Semefo"},"content":{"rendered":"\n<p class=\"wp-block-paragraph\"><strong>Puebla, Pue.<\/strong>\u2014 En apenas un a\u00f1o, el n\u00famero de cad\u00e1veres almacenados en los anfiteatros del Servicio M\u00e9dico Forense (Semefo) de Puebla pas\u00f3 de siete a <strong>190 cuerpos<\/strong>, un incremento de <strong>2 mil 614 por ciento<\/strong> que coloca bajo la lupa la capacidad y operaci\u00f3n de los servicios forenses del estado.<\/p>\n\n\n\n<p class=\"wp-block-paragraph\">El dato aparece en los resultados sobre <strong>servicios periciales del Instituto Nacional de Estad\u00edstica y Geograf\u00eda (Inegi)<\/strong> correspondientes a 2025.<\/p>\n\n\n\n<blockquote class=\"wp-block-quote is-layout-flow wp-block-quote-is-layout-flow\">\n<p class=\"wp-block-paragraph\"><strong>190 cad\u00e1veres fueron reportados como almacenados en 2025.<\/strong><\/p>\n<\/blockquote>\n\n\n\n<blockquote class=\"wp-block-quote is-layout-flow wp-block-quote-is-layout-flow\">\n<p class=\"wp-block-paragraph\"><strong>El incremento fue de 2 mil 614% respecto a los siete cuerpos registrados en 2024.<\/strong><\/p>\n<\/blockquote>\n\n\n\n<blockquote class=\"wp-block-quote is-layout-flow wp-block-quote-is-layout-flow\">\n<p class=\"wp-block-paragraph\"><strong>El Semefo recibi\u00f3 3 mil 697 cad\u00e1veres durante 2025.<\/strong><\/p>\n<\/blockquote>\n\n\n\n<blockquote class=\"wp-block-quote is-layout-flow wp-block-quote-is-layout-flow\">\n<p class=\"wp-block-paragraph\"><strong>3 mil 464 cuerpos egresaron y, seg\u00fan Inegi, todos fueron entregados a sus familiares.<\/strong><\/p>\n<\/blockquote>\n\n\n\n<h3 class=\"wp-block-heading\">Casi 3 mil 700 cuerpos recibidos en un a\u00f1o<\/h3>\n\n\n\n<p class=\"wp-block-paragraph\">El salto en los cad\u00e1veres almacenados contrasta con un comportamiento pr\u00e1cticamente estable en el n\u00famero de cuerpos recibidos.<\/p>\n\n\n\n<p class=\"wp-block-paragraph\">Durante 2025, el Semefo de la <strong>Fiscal\u00eda General del Estado de Puebla (FGE)<\/strong> recibi\u00f3 <strong>3 mil 697 cad\u00e1veres<\/strong>, apenas <strong>0.3 por ciento menos<\/strong> que el a\u00f1o anterior.<\/p>\n\n\n\n<p class=\"wp-block-paragraph\">De ese universo, <strong>3 mil 406 cuerpos estaban completos con tejidos blandos<\/strong>, mientras que 204 se encontraban completos pero en estado de descomposici\u00f3n.<\/p>\n\n\n\n<p class=\"wp-block-paragraph\">Adem\u00e1s, el registro contempla <strong>46 cuerpos no identificados<\/strong>, 35 completos con exposici\u00f3n al fuego y seis completos esqueletizados.<\/p>\n\n\n\n<p class=\"wp-block-paragraph\">La mayor\u00eda de los cuerpos recibidos correspondi\u00f3 a hombres: <strong>2 mil 993<\/strong>, frente a <strong>635 mujeres<\/strong> y 69 casos cuyo sexo fue reportado como no determinado.<\/p>\n\n\n\n<p class=\"wp-block-paragraph\">Si quieres seguir esta y otras notas de inter\u00e9s en tiempo real, \u00fanete a nuestro canal de WhatsApp: <a href=\"https:\/\/whatsapp.com\/channel\/0029Va5CSyuEQIalZaJWpX1h?utm_source=chatgpt.com\">Canal de WhatsApp de Puebla En L\u00ednea<\/a><\/p>\n\n\n\n<h3 class=\"wp-block-heading\">M\u00e1s egresos, pero tambi\u00e9n m\u00e1s cuerpos almacenados<\/h3>\n\n\n\n<p class=\"wp-block-paragraph\">Los datos del Inegi muestran otro movimiento relevante: en 2025 egresaron <strong>3 mil 464 cad\u00e1veres<\/strong>, un aumento de <strong>12.8 por ciento<\/strong> respecto de 2024.<\/p>\n\n\n\n<p class=\"wp-block-paragraph\">El organismo estad\u00edstico se\u00f1ala que todos esos cuerpos fueron entregados a sus familiares.<\/p>\n\n\n\n<p class=\"wp-block-paragraph\">Sin embargo, al cierre del periodo permanec\u00edan almacenados 190 cad\u00e1veres en los <strong>20 anfiteatros<\/strong> reportados, frente a los apenas siete registrados un a\u00f1o antes.<\/p>\n\n\n\n<p class=\"wp-block-paragraph\">La estad\u00edstica no explica por s\u00ed sola las razones detr\u00e1s de este incremento extraordinario. Ese es precisamente el punto que abre una discusi\u00f3n necesaria sobre identificaci\u00f3n, capacidad forense, tiempos de permanencia y atenci\u00f3n a las familias que esperan respuestas.<\/p>\n\n\n\n<h3 class=\"wp-block-heading\">Una cifra que obliga a mirar m\u00e1s all\u00e1 del porcentaje<\/h3>\n\n\n\n<p class=\"wp-block-paragraph\">Los porcentajes impresionan, pero detr\u00e1s de cada n\u00famero hay una historia que alguien espera poder cerrar: una familia que busca identificar a una persona, recuperar sus restos o conocer finalmente qu\u00e9 ocurri\u00f3.<\/p>\n\n\n\n<p class=\"wp-block-paragraph\">El aumento de cad\u00e1veres almacenados en el Semefo de Puebla no es solamente una variaci\u00f3n estad\u00edstica. Es un indicador que merece ser revisado con detenimiento por las autoridades y explicado con transparencia a la sociedad.<\/p>\n\n\n\n<p class=\"wp-block-paragraph\"><strong>Escrito por Redacci\u00f3n Puebla En L\u00ednea<\/strong><\/p>\n\n\n\n<h3 class=\"wp-block-heading\"><\/h3>\n\n\n\n<ol start=\"1\" class=\"wp-block-list\">\n<li><strong>Puebla pasa de 7 a 190 cad\u00e1veres almacenados en el Semefo en solo un a\u00f1o<\/strong><\/li>\n\n\n\n<li><strong>El dato que preocupa: cad\u00e1veres almacenados en el Semefo de Puebla aumentan 2,614%<\/strong><\/li>\n\n\n\n<li><strong>Semefo de Puebla registra salto hist\u00f3rico en cuerpos almacenados; Inegi revela las cifras<\/strong><\/li>\n\n\n\n<li><strong>3,697 cad\u00e1veres llegaron al Semefo de Puebla durante 2025: estos son los datos del Inegi<\/strong><\/li>\n\n\n\n<li><strong>\u00bfQu\u00e9 est\u00e1 pasando en el Semefo de Puebla? Los cuerpos almacenados se multiplicaron en un a\u00f1o<\/strong><\/li>\n<\/ol>\n","protected":false},"excerpt":{"rendered":"<p>Puebla, Pue.\u2014 En apenas un a\u00f1o, el n\u00famero de cad\u00e1veres almacenados en los anfiteatros del Servicio M\u00e9dico Forense (Semefo) de Puebla pas\u00f3 de siete a 190 cuerpos, un incremento de 2 mil 614 por ciento que coloca bajo la lupa la capacidad y operaci\u00f3n de los servicios forenses del estado. El dato aparece en los&#8230;<\/p>\n","protected":false},"author":9,"featured_media":134908,"comment_status":"closed","ping_status":"closed","sticky":false,"template":"","format":"standard","meta":{"footnotes":""},"categories":[24],"tags":[1401],"class_list":["post-134907","post","type-post","status-publish","format-standard","has-post-thumbnail","hentry","category-nota-roja","tag-asesinato-puebla"],"yoast_head":"<!-- This site is optimized with the Yoast SEO plugin v28.4 - https:\/\/yoast.com\/product\/yoast-seo-wordpress\/ -->\n<title>Puebla registra aumento de m\u00e1s de 2 mil por ciento en cad\u00e1veres almacenados en el Semefo - Puebla En Linea<\/title>\n<meta name=\"description\" content=\"Puebla registra aumento de m\u00e1s de 2 mil por ciento en cad\u00e1veres almacenados en el Semefo Nota Roja\" \/>\n<meta name=\"robots\" content=\"index, follow, max-snippet:-1, max-image-preview:large, max-video-preview:-1\" \/>\n<link rel=\"canonical\" href=\"https:\/\/pueblaenlinea.com\/2025\/nota-roja\/puebla-registra-aumento-de-mas-de-2-mil-por-ciento-en-cadaveres-almacenados-en-el-semefo\/\" \/>\n<meta property=\"og:locale\" content=\"es_MX\" \/>\n<meta property=\"og:type\" content=\"article\" \/>\n<meta property=\"og:title\" content=\"Puebla registra aumento de m\u00e1s de 2 mil por ciento en cad\u00e1veres almacenados en el Semefo - Puebla En Linea\" \/>\n<meta property=\"og:description\" content=\"Puebla registra aumento de m\u00e1s de 2 mil por ciento en cad\u00e1veres almacenados en el Semefo Nota Roja\" \/>\n<meta property=\"og:url\" content=\"https:\/\/pueblaenlinea.com\/2025\/nota-roja\/puebla-registra-aumento-de-mas-de-2-mil-por-ciento-en-cadaveres-almacenados-en-el-semefo\/\" \/>\n<meta property=\"og:site_name\" content=\"Puebla En Linea\" \/>\n<meta property=\"article:publisher\" content=\"https:\/\/www.facebook.com\/pueblaenlineacom\" \/>\n<meta property=\"article:published_time\" content=\"2026-09-04T20:38:58+00:00\" \/>\n<meta property=\"article:modified_time\" content=\"2026-09-04T20:38:59+00:00\" \/>\n<meta property=\"og:image\" content=\"https:\/\/pueblaenlinea.com\/2025\/wp-content\/uploads\/2026\/09\/semefopuebla.jpg\" \/>\n\t<meta property=\"og:image:width\" content=\"1200\" \/>\n\t<meta property=\"og:image:height\" content=\"674\" \/>\n\t<meta property=\"og:image:type\" content=\"image\/jpeg\" \/>\n<meta name=\"author\" content=\"lupita Puebla en linea\" \/>\n<meta name=\"twitter:card\" content=\"summary_large_image\" \/>\n<meta name=\"twitter:label1\" content=\"Escrito por\" \/>\n\t<meta name=\"twitter:data1\" content=\"lupita Puebla en linea\" \/>\n\t<meta name=\"twitter:label2\" content=\"Tiempo de lectura\" \/>\n\t<meta name=\"twitter:data2\" content=\"3 minutos\" \/>\n<script type=\"application\/ld+json\" class=\"yoast-schema-graph\">{\"@context\":\"https:\\\/\\\/schema.org\",\"@graph\":[{\"@type\":\"Article\",\"@id\":\"https:\\\/\\\/pueblaenlinea.com\\\/2025\\\/nota-roja\\\/puebla-registra-aumento-de-mas-de-2-mil-por-ciento-en-cadaveres-almacenados-en-el-semefo\\\/#article\",\"isPartOf\":{\"@id\":\"https:\\\/\\\/pueblaenlinea.com\\\/2025\\\/nota-roja\\\/puebla-registra-aumento-de-mas-de-2-mil-por-ciento-en-cadaveres-almacenados-en-el-semefo\\\/\"},\"author\":{\"name\":\"lupita Puebla en linea\",\"@id\":\"https:\\\/\\\/pueblaenlinea.com\\\/2025\\\/#\\\/schema\\\/person\\\/2baf91de3092c7d50fb754a48f084d7f\"},\"headline\":\"Puebla registra aumento de m\u00e1s de 2 mil por ciento en cad\u00e1veres almacenados en el Semefo\",\"datePublished\":\"2026-09-04T20:38:58+00:00\",\"dateModified\":\"2026-09-04T20:38:59+00:00\",\"mainEntityOfPage\":{\"@id\":\"https:\\\/\\\/pueblaenlinea.com\\\/2025\\\/nota-roja\\\/puebla-registra-aumento-de-mas-de-2-mil-por-ciento-en-cadaveres-almacenados-en-el-semefo\\\/\"},\"wordCount\":551,\"image\":{\"@id\":\"https:\\\/\\\/pueblaenlinea.com\\\/2025\\\/nota-roja\\\/puebla-registra-aumento-de-mas-de-2-mil-por-ciento-en-cadaveres-almacenados-en-el-semefo\\\/#primaryimage\"},\"thumbnailUrl\":\"https:\\\/\\\/pueblaenlinea.com\\\/2025\\\/wp-content\\\/uploads\\\/2026\\\/09\\\/semefopuebla.jpg\",\"keywords\":[\"asesinato puebla\"],\"articleSection\":[\"Nota Roja\"],\"inLanguage\":\"es\"},{\"@type\":\"WebPage\",\"@id\":\"https:\\\/\\\/pueblaenlinea.com\\\/2025\\\/nota-roja\\\/puebla-registra-aumento-de-mas-de-2-mil-por-ciento-en-cadaveres-almacenados-en-el-semefo\\\/\",\"url\":\"https:\\\/\\\/pueblaenlinea.com\\\/2025\\\/nota-roja\\\/puebla-registra-aumento-de-mas-de-2-mil-por-ciento-en-cadaveres-almacenados-en-el-semefo\\\/\",\"name\":\"Puebla registra aumento de m\u00e1s de 2 mil por ciento en cad\u00e1veres almacenados en el Semefo - Puebla En Linea\",\"isPartOf\":{\"@id\":\"https:\\\/\\\/pueblaenlinea.com\\\/2025\\\/#website\"},\"primaryImageOfPage\":{\"@id\":\"https:\\\/\\\/pueblaenlinea.com\\\/2025\\\/nota-roja\\\/puebla-registra-aumento-de-mas-de-2-mil-por-ciento-en-cadaveres-almacenados-en-el-semefo\\\/#primaryimage\"},\"image\":{\"@id\":\"https:\\\/\\\/pueblaenlinea.com\\\/2025\\\/nota-roja\\\/puebla-registra-aumento-de-mas-de-2-mil-por-ciento-en-cadaveres-almacenados-en-el-semefo\\\/#primaryimage\"},\"thumbnailUrl\":\"https:\\\/\\\/pueblaenlinea.com\\\/2025\\\/wp-content\\\/uploads\\\/2026\\\/09\\\/semefopuebla.jpg\",\"datePublished\":\"2026-09-04T20:38:58+00:00\",\"dateModified\":\"2026-09-04T20:38:59+00:00\",\"author\":{\"@id\":\"https:\\\/\\\/pueblaenlinea.com\\\/2025\\\/#\\\/schema\\\/person\\\/2baf91de3092c7d50fb754a48f084d7f\"},\"description\":\"Puebla registra aumento de m\u00e1s de 2 mil por ciento en cad\u00e1veres almacenados en el Semefo Nota Roja\",\"breadcrumb\":{\"@id\":\"https:\\\/\\\/pueblaenlinea.com\\\/2025\\\/nota-roja\\\/puebla-registra-aumento-de-mas-de-2-mil-por-ciento-en-cadaveres-almacenados-en-el-semefo\\\/#breadcrumb\"},\"inLanguage\":\"es\",\"potentialAction\":[{\"@type\":\"ReadAction\",\"target\":[\"https:\\\/\\\/pueblaenlinea.com\\\/2025\\\/nota-roja\\\/puebla-registra-aumento-de-mas-de-2-mil-por-ciento-en-cadaveres-almacenados-en-el-semefo\\\/\"]}]},{\"@type\":\"ImageObject\",\"inLanguage\":\"es\",\"@id\":\"https:\\\/\\\/pueblaenlinea.com\\\/2025\\\/nota-roja\\\/puebla-registra-aumento-de-mas-de-2-mil-por-ciento-en-cadaveres-almacenados-en-el-semefo\\\/#primaryimage\",\"url\":\"https:\\\/\\\/pueblaenlinea.com\\\/2025\\\/wp-content\\\/uploads\\\/2026\\\/09\\\/semefopuebla.jpg\",\"contentUrl\":\"https:\\\/\\\/pueblaenlinea.com\\\/2025\\\/wp-content\\\/uploads\\\/2026\\\/09\\\/semefopuebla.jpg\",\"width\":1200,\"height\":674},{\"@type\":\"BreadcrumbList\",\"@id\":\"https:\\\/\\\/pueblaenlinea.com\\\/2025\\\/nota-roja\\\/puebla-registra-aumento-de-mas-de-2-mil-por-ciento-en-cadaveres-almacenados-en-el-semefo\\\/#breadcrumb\",\"itemListElement\":[{\"@type\":\"ListItem\",\"position\":1,\"name\":\"Inicio\",\"item\":\"https:\\\/\\\/pueblaenlinea.com\\\/2025\\\/\"},{\"@type\":\"ListItem\",\"position\":2,\"name\":\"Puebla registra aumento de m\u00e1s de 2 mil por ciento en cad\u00e1veres almacenados en el Semefo\"}]},{\"@type\":\"WebSite\",\"@id\":\"https:\\\/\\\/pueblaenlinea.com\\\/2025\\\/#website\",\"url\":\"https:\\\/\\\/pueblaenlinea.com\\\/2025\\\/\",\"name\":\"Puebla En Linea\",\"description\":\"noticias de puebla, periodismo serio y comprometido.\",\"potentialAction\":[{\"@type\":\"SearchAction\",\"target\":{\"@type\":\"EntryPoint\",\"urlTemplate\":\"https:\\\/\\\/pueblaenlinea.com\\\/2025\\\/?s={search_term_string}\"},\"query-input\":{\"@type\":\"PropertyValueSpecification\",\"valueRequired\":true,\"valueName\":\"search_term_string\"}}],\"inLanguage\":\"es\"},{\"@type\":\"Person\",\"@id\":\"https:\\\/\\\/pueblaenlinea.com\\\/2025\\\/#\\\/schema\\\/person\\\/2baf91de3092c7d50fb754a48f084d7f\",\"name\":\"lupita Puebla en linea\",\"image\":{\"@type\":\"ImageObject\",\"inLanguage\":\"es\",\"@id\":\"https:\\\/\\\/pueblaenlinea.com\\\/2025\\\/wp-content\\\/litespeed\\\/avatar\\\/c3bdb4b8e42693060df9dbf8c3f9c41d.jpg?ver=1788290860\",\"url\":\"https:\\\/\\\/pueblaenlinea.com\\\/2025\\\/wp-content\\\/litespeed\\\/avatar\\\/c3bdb4b8e42693060df9dbf8c3f9c41d.jpg?ver=1788290860\",\"contentUrl\":\"https:\\\/\\\/pueblaenlinea.com\\\/2025\\\/wp-content\\\/litespeed\\\/avatar\\\/c3bdb4b8e42693060df9dbf8c3f9c41d.jpg?ver=1788290860\",\"caption\":\"lupita Puebla en linea\"},\"url\":\"https:\\\/\\\/pueblaenlinea.com\\\/2025\\\/author\\\/lupita\\\/\"}]}<\/script>\n<!-- \/ Yoast SEO plugin. -->","yoast_head_json":{"title":"Puebla registra aumento de m\u00e1s de 2 mil por ciento en cad\u00e1veres almacenados en el Semefo - Puebla En Linea","description":"Puebla registra aumento de m\u00e1s de 2 mil por ciento en cad\u00e1veres almacenados en el Semefo Nota Roja","robots":{"index":"index","follow":"follow","max-snippet":"max-snippet:-1","max-image-preview":"max-image-preview:large","max-video-preview":"max-video-preview:-1"},"canonical":"https:\/\/pueblaenlinea.com\/2025\/nota-roja\/puebla-registra-aumento-de-mas-de-2-mil-por-ciento-en-cadaveres-almacenados-en-el-semefo\/","og_locale":"es_MX","og_type":"article","og_title":"Puebla registra aumento de m\u00e1s de 2 mil por ciento en cad\u00e1veres almacenados en el Semefo - Puebla En Linea","og_description":"Puebla registra aumento de m\u00e1s de 2 mil por ciento en cad\u00e1veres almacenados en el Semefo Nota Roja","og_url":"https:\/\/pueblaenlinea.com\/2025\/nota-roja\/puebla-registra-aumento-de-mas-de-2-mil-por-ciento-en-cadaveres-almacenados-en-el-semefo\/","og_site_name":"Puebla En Linea","article_publisher":"https:\/\/www.facebook.com\/pueblaenlineacom","article_published_time":"2026-09-04T20:38:58+00:00","article_modified_time":"2026-09-04T20:38:59+00:00","og_image":[{"width":1200,"height":674,"url":"https:\/\/pueblaenlinea.com\/2025\/wp-content\/uploads\/2026\/09\/semefopuebla.jpg","type":"image\/jpeg"}],"author":"lupita Puebla en linea","twitter_card":"summary_large_image","twitter_misc":{"Escrito por":"lupita Puebla en linea","Tiempo de lectura":"3 minutos"},"schema":{"@context":"https:\/\/schema.org","@graph":[{"@type":"Article","@id":"https:\/\/pueblaenlinea.com\/2025\/nota-roja\/puebla-registra-aumento-de-mas-de-2-mil-por-ciento-en-cadaveres-almacenados-en-el-semefo\/#article","isPartOf":{"@id":"https:\/\/pueblaenlinea.com\/2025\/nota-roja\/puebla-registra-aumento-de-mas-de-2-mil-por-ciento-en-cadaveres-almacenados-en-el-semefo\/"},"author":{"name":"lupita Puebla en linea","@id":"https:\/\/pueblaenlinea.com\/2025\/#\/schema\/person\/2baf91de3092c7d50fb754a48f084d7f"},"headline":"Puebla registra aumento de m\u00e1s de 2 mil por ciento en cad\u00e1veres almacenados en el Semefo","datePublished":"2026-09-04T20:38:58+00:00","dateModified":"2026-09-04T20:38:59+00:00","mainEntityOfPage":{"@id":"https:\/\/pueblaenlinea.com\/2025\/nota-roja\/puebla-registra-aumento-de-mas-de-2-mil-por-ciento-en-cadaveres-almacenados-en-el-semefo\/"},"wordCount":551,"image":{"@id":"https:\/\/pueblaenlinea.com\/2025\/nota-roja\/puebla-registra-aumento-de-mas-de-2-mil-por-ciento-en-cadaveres-almacenados-en-el-semefo\/#primaryimage"},"thumbnailUrl":"https:\/\/pueblaenlinea.com\/2025\/wp-content\/uploads\/2026\/09\/semefopuebla.jpg","keywords":["asesinato puebla"],"articleSection":["Nota Roja"],"inLanguage":"es"},{"@type":"WebPage","@id":"https:\/\/pueblaenlinea.com\/2025\/nota-roja\/puebla-registra-aumento-de-mas-de-2-mil-por-ciento-en-cadaveres-almacenados-en-el-semefo\/","url":"https:\/\/pueblaenlinea.com\/2025\/nota-roja\/puebla-registra-aumento-de-mas-de-2-mil-por-ciento-en-cadaveres-almacenados-en-el-semefo\/","name":"Puebla registra aumento de m\u00e1s de 2 mil por ciento en cad\u00e1veres almacenados en el Semefo - Puebla En Linea","isPartOf":{"@id":"https:\/\/pueblaenlinea.com\/2025\/#website"},"primaryImageOfPage":{"@id":"https:\/\/pueblaenlinea.com\/2025\/nota-roja\/puebla-registra-aumento-de-mas-de-2-mil-por-ciento-en-cadaveres-almacenados-en-el-semefo\/#primaryimage"},"image":{"@id":"https:\/\/pueblaenlinea.com\/2025\/nota-roja\/puebla-registra-aumento-de-mas-de-2-mil-por-ciento-en-cadaveres-almacenados-en-el-semefo\/#primaryimage"},"thumbnailUrl":"https:\/\/pueblaenlinea.com\/2025\/wp-content\/uploads\/2026\/09\/semefopuebla.jpg","datePublished":"2026-09-04T20:38:58+00:00","dateModified":"2026-09-04T20:38:59+00:00","author":{"@id":"https:\/\/pueblaenlinea.com\/2025\/#\/schema\/person\/2baf91de3092c7d50fb754a48f084d7f"},"description":"Puebla registra aumento de m\u00e1s de 2 mil por ciento en cad\u00e1veres almacenados en el Semefo Nota Roja","breadcrumb":{"@id":"https:\/\/pueblaenlinea.com\/2025\/nota-roja\/puebla-registra-aumento-de-mas-de-2-mil-por-ciento-en-cadaveres-almacenados-en-el-semefo\/#breadcrumb"},"inLanguage":"es","potentialAction":[{"@type":"ReadAction","target":["https:\/\/pueblaenlinea.com\/2025\/nota-roja\/puebla-registra-aumento-de-mas-de-2-mil-por-ciento-en-cadaveres-almacenados-en-el-semefo\/"]}]},{"@type":"ImageObject","inLanguage":"es","@id":"https:\/\/pueblaenlinea.com\/2025\/nota-roja\/puebla-registra-aumento-de-mas-de-2-mil-por-ciento-en-cadaveres-almacenados-en-el-semefo\/#primaryimage","url":"https:\/\/pueblaenlinea.com\/2025\/wp-content\/uploads\/2026\/09\/semefopuebla.jpg","contentUrl":"https:\/\/pueblaenlinea.com\/2025\/wp-content\/uploads\/2026\/09\/semefopuebla.jpg","width":1200,"height":674},{"@type":"BreadcrumbList","@id":"https:\/\/pueblaenlinea.com\/2025\/nota-roja\/puebla-registra-aumento-de-mas-de-2-mil-por-ciento-en-cadaveres-almacenados-en-el-semefo\/#breadcrumb","itemListElement":[{"@type":"ListItem","position":1,"name":"Inicio","item":"https:\/\/pueblaenlinea.com\/2025\/"},{"@type":"ListItem","position":2,"name":"Puebla registra aumento de m\u00e1s de 2 mil por ciento en cad\u00e1veres almacenados en el Semefo"}]},{"@type":"WebSite","@id":"https:\/\/pueblaenlinea.com\/2025\/#website","url":"https:\/\/pueblaenlinea.com\/2025\/","name":"Puebla En Linea","description":"noticias de puebla, periodismo serio y comprometido.","potentialAction":[{"@type":"SearchAction","target":{"@type":"EntryPoint","urlTemplate":"https:\/\/pueblaenlinea.com\/2025\/?s={search_term_string}"},"query-input":{"@type":"PropertyValueSpecification","valueRequired":true,"valueName":"search_term_string"}}],"inLanguage":"es"},{"@type":"Person","@id":"https:\/\/pueblaenlinea.com\/2025\/#\/schema\/person\/2baf91de3092c7d50fb754a48f084d7f","name":"lupita Puebla en linea","image":{"@type":"ImageObject","inLanguage":"es","@id":"https:\/\/pueblaenlinea.com\/2025\/wp-content\/litespeed\/avatar\/c3bdb4b8e42693060df9dbf8c3f9c41d.jpg?ver=1788290860","url":"https:\/\/pueblaenlinea.com\/2025\/wp-content\/litespeed\/avatar\/c3bdb4b8e42693060df9dbf8c3f9c41d.jpg?ver=1788290860","contentUrl":"https:\/\/pueblaenlinea.com\/2025\/wp-content\/litespeed\/avatar\/c3bdb4b8e42693060df9dbf8c3f9c41d.jpg?ver=1788290860","caption":"lupita Puebla en linea"},"url":"https:\/\/pueblaenlinea.com\/2025\/author\/lupita\/"}]}},"_links":{"self":[{"href":"https:\/\/pueblaenlinea.com\/2025\/wp-json\/wp\/v2\/posts\/134907","targetHints":{"allow":["GET"]}}],"collection":[{"href":"https:\/\/pueblaenlinea.com\/2025\/wp-json\/wp\/v2\/posts"}],"about":[{"href":"https:\/\/pueblaenlinea.com\/2025\/wp-json\/wp\/v2\/types\/post"}],"author":[{"embeddable":true,"href":"https:\/\/pueblaenlinea.com\/2025\/wp-json\/wp\/v2\/users\/9"}],"replies":[{"embeddable":true,"href":"https:\/\/pueblaenlinea.com\/2025\/wp-json\/wp\/v2\/comments?post=134907"}],"version-history":[{"count":0,"href":"https:\/\/pueblaenlinea.com\/2025\/wp-json\/wp\/v2\/posts\/134907\/revisions"}],"wp:featuredmedia":[{"embeddable":true,"href":"https:\/\/pueblaenlinea.com\/2025\/wp-json\/wp\/v2\/media\/134908"}],"wp:attachment":[{"href":"https:\/\/pueblaenlinea.com\/2025\/wp-json\/wp\/v2\/media?parent=134907"}],"wp:term":[{"taxonomy":"category","embeddable":true,"href":"https:\/\/pueblaenlinea.com\/2025\/wp-json\/wp\/v2\/categories?post=134907"},{"taxonomy":"post_tag","embeddable":true,"href":"https:\/\/pueblaenlinea.com\/2025\/wp-json\/wp\/v2\/tags?post=134907"}],"curies":[{"name":"wp","href":"https:\/\/api.w.org\/{rel}","templated":true}]}}