{"id":134905,"date":"2026-09-04T14:03:41","date_gmt":"2026-09-04T20:03:41","guid":{"rendered":"https:\/\/pueblaenlinea.com\/2025\/?p=134905"},"modified":"2026-09-04T14:03:41","modified_gmt":"2026-09-04T20:03:41","slug":"asesinan-al-diputado-morenista-zenyazen-escobar-en-veracruz-fue-localizado-dentro-de-su-vehiculo","status":"publish","type":"post","link":"https:\/\/pueblaenlinea.com\/2025\/nota-roja\/asesinan-al-diputado-morenista-zenyazen-escobar-en-veracruz-fue-localizado-dentro-de-su-vehiculo\/","title":{"rendered":"Asesinan al diputado morenista Zenyazen Escobar en Veracruz; fue localizado dentro de su veh\u00edculo"},"content":{"rendered":"\n<p class=\"wp-block-paragraph\"><strong>Veracruz, Ver.<\/strong>\u2014 La muerte del diputado federal de Morena, <strong>Zenyazen Escobar Garc\u00eda<\/strong>, abri\u00f3 una investigaci\u00f3n que busca responder una pregunta todav\u00eda sin respuesta: \u00bfqu\u00e9 ocurri\u00f3 dentro de su veh\u00edculo antes de que fuera localizado sin vida sobre la carretera federal Veracruz-Xalapa?<\/p>\n\n\n\n<p class=\"wp-block-paragraph\">El legislador fue encontrado en la zona conocida como <strong>La Gloria, en el municipio de Puente Nacional<\/strong>, con al menos una herida provocada por arma de fuego.<\/p>\n\n\n\n<p class=\"wp-block-paragraph\">Aunque las autoridades confirmaron el fallecimiento, todav\u00eda no se ha establecido p\u00fablicamente c\u00f3mo ocurrieron los hechos.<\/p>\n\n\n\n<blockquote class=\"wp-block-quote is-layout-flow wp-block-quote-is-layout-flow\">\n<p class=\"wp-block-paragraph\"><strong>Zenyazen Escobar fue localizado sin vida dentro de su veh\u00edculo.<\/strong><\/p>\n<\/blockquote>\n\n\n\n<blockquote class=\"wp-block-quote is-layout-flow wp-block-quote-is-layout-flow\">\n<p class=\"wp-block-paragraph\"><strong>El legislador presentaba una herida por arma de fuego.<\/strong><\/p>\n<\/blockquote>\n\n\n\n<blockquote class=\"wp-block-quote is-layout-flow wp-block-quote-is-layout-flow\">\n<p class=\"wp-block-paragraph\"><strong>Autoridades reportaron que el veh\u00edculo no presentaba muestras de violencia.<\/strong><\/p>\n<\/blockquote>\n\n\n\n<blockquote class=\"wp-block-quote is-layout-flow wp-block-quote-is-layout-flow\">\n<p class=\"wp-block-paragraph\"><strong>La investigaci\u00f3n ser\u00e1 atra\u00edda por la Fiscal\u00eda General de la Rep\u00fablica.<\/strong><\/p>\n<\/blockquote>\n\n\n\n<p class=\"wp-block-paragraph\">En conferencia de prensa, el secretario general de Gobierno de Veracruz, <strong>Ricardo Ahued<\/strong>, explic\u00f3 que, pese a la herida por disparo, el autom\u00f3vil no mostraba se\u00f1ales de violencia, circunstancia que forma parte de las l\u00edneas que deber\u00e1n esclarecerse.<\/p>\n\n\n\n<p class=\"wp-block-paragraph\">La fiscal general del estado, <strong>Lisbeth Aurelia Jim\u00e9nez Aguirre<\/strong>, se limit\u00f3 a confirmar el deceso y se\u00f1al\u00f3 que peritos, fiscales y elementos de la Polic\u00eda Ministerial acudieron al sitio para comenzar las diligencias.<\/p>\n\n\n\n<p class=\"wp-block-paragraph\">La Fiscal\u00eda General del Estado abri\u00f3 una carpeta de investigaci\u00f3n y proces\u00f3 la escena para recabar indicios que permitan establecer qu\u00e9 sucedi\u00f3 e identificar, en caso de que corresponda, a los responsables.<\/p>\n\n\n\n<p class=\"wp-block-paragraph\">Mientras avanzan las investigaciones, corporaciones de seguridad mantienen un operativo en la zona y la circulaci\u00f3n permanece parcialmente cerrada.<\/p>\n\n\n\n<h3 class=\"wp-block-heading\">Un pol\u00edtico con peso en Morena<\/h3>\n\n\n\n<p class=\"wp-block-paragraph\">La muerte de Escobar Garc\u00eda ocurre tras una trayectoria marcada por la pol\u00edtica y el movimiento magisterial en Veracruz.<\/p>\n\n\n\n<p class=\"wp-block-paragraph\">Fue integrante del <strong>Movimiento Magisterial Popular Veracruzano<\/strong>, coordinador de la bancada de Morena en el Congreso estatal y secretario de Educaci\u00f3n durante el gobierno de <strong>Cuitl\u00e1huac Garc\u00eda<\/strong>.<\/p>\n\n\n\n<p class=\"wp-block-paragraph\">Posteriormente dej\u00f3 la Secretar\u00eda de Educaci\u00f3n para buscar la coordinaci\u00f3n de la llamada Cuarta Transformaci\u00f3n en Veracruz, posici\u00f3n que finalmente qued\u00f3 en manos de <strong>Roc\u00edo Nahle<\/strong>, actual gobernadora.<\/p>\n\n\n\n<p class=\"wp-block-paragraph\">El diputado tambi\u00e9n hab\u00eda estado en el centro de la atenci\u00f3n p\u00fablica apenas el pasado <strong>28 de mayo<\/strong>, cuando protagoniz\u00f3 un altercado durante una sesi\u00f3n del pleno de la C\u00e1mara de Diputados. En aquel episodio empuj\u00f3 a su compa\u00f1ero de bancada <strong>Mario Miguel Cubillas<\/strong> y ret\u00f3 a golpes al legislador priista <strong>Carlos Guti\u00e9rrez Mancilla<\/strong>.<\/p>\n\n\n\n<p class=\"wp-block-paragraph\">Tras aquella escena fue se\u00f1alado p\u00fablicamente de encontrarse alcoholizado, versi\u00f3n que posteriormente fue desmentida por el coordinador de Morena en San L\u00e1zaro, <strong>Ricardo Monreal<\/strong>.<\/p>\n\n\n\n<p class=\"wp-block-paragraph\">Si quieres seguir esta y otras notas de inter\u00e9s en tiempo real, \u00fanete a nuestro canal de WhatsApp: <a href=\"https:\/\/whatsapp.com\/channel\/0029Va5CSyuEQIalZaJWpX1h?utm_source=chatgpt.com\">Canal de WhatsApp de Puebla En L\u00ednea<\/a><\/p>\n\n\n\n<h3 class=\"wp-block-heading\">El mensaje de la clase pol\u00edtica<\/h3>\n\n\n\n<p class=\"wp-block-paragraph\">La gobernadora <strong>Roc\u00edo Nahle<\/strong> expres\u00f3 sus condolencias a familiares y amigos del diputado federal mediante una esquela publicada en sus redes sociales.<\/p>\n\n\n\n<p class=\"wp-block-paragraph\">El Comit\u00e9 Ejecutivo Estatal de Morena en Veracruz tambi\u00e9n lament\u00f3 el fallecimiento y manifest\u00f3 su respaldo a los familiares del legislador.<\/p>\n\n\n\n<p class=\"wp-block-paragraph\">Por ahora, las preguntas centrales permanecen abiertas: <strong>qu\u00e9 ocurri\u00f3, c\u00f3mo se produjo la herida y qu\u00e9 circunstancias rodearon la muerte de Zenyazen Escobar<\/strong>. La respuesta depender\u00e1 de los indicios que logren reunir las autoridades y de los resultados de la investigaci\u00f3n.<\/p>\n\n\n\n<p class=\"wp-block-paragraph\">La pol\u00edtica suele dejar fotograf\u00edas, discursos y disputas. Pero frente a una muerte, todo eso queda moment\u00e1neamente en segundo plano. Ahora corresponde a las autoridades reconstruir los hechos con evidencia y sin adelantar conclusiones.<\/p>\n\n\n\n<p class=\"wp-block-paragraph\"><strong>Escrito por Redacci\u00f3n Puebla En L\u00ednea<\/strong><\/p>\n\n\n\n<h3 class=\"wp-block-heading\"><\/h3>\n\n\n\n<ol class=\"wp-block-list\">\n<li><strong>\u00bfQu\u00e9 pas\u00f3 con Zenyazen Escobar? Diputado de Morena aparece sin vida en carretera de Veracruz<\/strong><\/li>\n\n\n\n<li><strong>Zenyazen Escobar fue hallado sin vida en su veh\u00edculo; autoridades investigan qu\u00e9 ocurri\u00f3<\/strong><\/li>\n\n\n\n<li><strong>Muere diputado federal Zenyazen Escobar en Veracruz; hay una investigaci\u00f3n abierta<\/strong><\/li>\n\n\n\n<li><strong>Un disparo y muchas preguntas: investigan muerte del diputado Zenyazen Escobar<\/strong><\/li>\n\n\n\n<li><strong>Zenyazen Escobar, diputado de Morena, muere en Veracruz; esto es lo que se sabe hasta ahora<\/strong><\/li>\n<\/ol>\n","protected":false},"excerpt":{"rendered":"<p>Veracruz, Ver.\u2014 La muerte del diputado federal de Morena, Zenyazen Escobar Garc\u00eda, abri\u00f3 una investigaci\u00f3n que busca responder una pregunta todav\u00eda sin respuesta: \u00bfqu\u00e9 ocurri\u00f3 dentro de su veh\u00edculo antes de que fuera localizado sin vida sobre la carretera federal Veracruz-Xalapa? El legislador fue encontrado en la zona conocida como La Gloria, en el municipio&#8230;<\/p>\n","protected":false},"author":9,"featured_media":134906,"comment_status":"closed","ping_status":"closed","sticky":false,"template":"","format":"standard","meta":{"footnotes":""},"categories":[24],"tags":[1407],"class_list":["post-134905","post","type-post","status-publish","format-standard","has-post-thumbnail","hentry","category-nota-roja","tag-asesinato"],"yoast_head":"<!-- This site is optimized with the Yoast SEO plugin v28.4 - https:\/\/yoast.com\/product\/yoast-seo-wordpress\/ -->\n<title>Asesinan al diputado morenista Zenyazen Escobar en Veracruz; fue localizado dentro de su veh\u00edculo - Puebla En Linea<\/title>\n<meta name=\"description\" content=\"Asesinan al diputado morenista Zenyazen Escobar en Veracruz; fue localizado dentro de su veh\u00edculo Nota Roja\" \/>\n<meta name=\"robots\" content=\"index, follow, max-snippet:-1, max-image-preview:large, max-video-preview:-1\" \/>\n<link rel=\"canonical\" href=\"https:\/\/pueblaenlinea.com\/2025\/nota-roja\/asesinan-al-diputado-morenista-zenyazen-escobar-en-veracruz-fue-localizado-dentro-de-su-vehiculo\/\" \/>\n<meta property=\"og:locale\" content=\"es_MX\" \/>\n<meta property=\"og:type\" content=\"article\" \/>\n<meta property=\"og:title\" content=\"Asesinan al diputado morenista Zenyazen Escobar en Veracruz; fue localizado dentro de su veh\u00edculo - Puebla En Linea\" \/>\n<meta property=\"og:description\" content=\"Asesinan al diputado morenista Zenyazen Escobar en Veracruz; fue localizado dentro de su veh\u00edculo Nota Roja\" \/>\n<meta property=\"og:url\" content=\"https:\/\/pueblaenlinea.com\/2025\/nota-roja\/asesinan-al-diputado-morenista-zenyazen-escobar-en-veracruz-fue-localizado-dentro-de-su-vehiculo\/\" \/>\n<meta property=\"og:site_name\" content=\"Puebla En Linea\" \/>\n<meta property=\"article:publisher\" content=\"https:\/\/www.facebook.com\/pueblaenlineacom\" \/>\n<meta property=\"article:published_time\" content=\"2026-09-04T20:03:41+00:00\" \/>\n<meta property=\"og:image\" content=\"https:\/\/pueblaenlinea.com\/2025\/wp-content\/uploads\/2026\/09\/ZenyazenEscobar.jpg\" \/>\n\t<meta property=\"og:image:width\" content=\"1200\" \/>\n\t<meta property=\"og:image:height\" content=\"674\" \/>\n\t<meta property=\"og:image:type\" content=\"image\/jpeg\" \/>\n<meta name=\"author\" content=\"lupita Puebla en linea\" \/>\n<meta name=\"twitter:card\" content=\"summary_large_image\" \/>\n<meta name=\"twitter:label1\" content=\"Escrito por\" \/>\n\t<meta name=\"twitter:data1\" content=\"lupita Puebla en linea\" \/>\n\t<meta name=\"twitter:label2\" content=\"Tiempo de lectura\" \/>\n\t<meta name=\"twitter:data2\" content=\"3 minutos\" \/>\n<script type=\"application\/ld+json\" class=\"yoast-schema-graph\">{\"@context\":\"https:\\\/\\\/schema.org\",\"@graph\":[{\"@type\":\"Article\",\"@id\":\"https:\\\/\\\/pueblaenlinea.com\\\/2025\\\/nota-roja\\\/asesinan-al-diputado-morenista-zenyazen-escobar-en-veracruz-fue-localizado-dentro-de-su-vehiculo\\\/#article\",\"isPartOf\":{\"@id\":\"https:\\\/\\\/pueblaenlinea.com\\\/2025\\\/nota-roja\\\/asesinan-al-diputado-morenista-zenyazen-escobar-en-veracruz-fue-localizado-dentro-de-su-vehiculo\\\/\"},\"author\":{\"name\":\"lupita Puebla en linea\",\"@id\":\"https:\\\/\\\/pueblaenlinea.com\\\/2025\\\/#\\\/schema\\\/person\\\/2baf91de3092c7d50fb754a48f084d7f\"},\"headline\":\"Asesinan al diputado morenista Zenyazen Escobar en Veracruz; fue localizado dentro de su veh\u00edculo\",\"datePublished\":\"2026-09-04T20:03:41+00:00\",\"mainEntityOfPage\":{\"@id\":\"https:\\\/\\\/pueblaenlinea.com\\\/2025\\\/nota-roja\\\/asesinan-al-diputado-morenista-zenyazen-escobar-en-veracruz-fue-localizado-dentro-de-su-vehiculo\\\/\"},\"wordCount\":700,\"image\":{\"@id\":\"https:\\\/\\\/pueblaenlinea.com\\\/2025\\\/nota-roja\\\/asesinan-al-diputado-morenista-zenyazen-escobar-en-veracruz-fue-localizado-dentro-de-su-vehiculo\\\/#primaryimage\"},\"thumbnailUrl\":\"https:\\\/\\\/pueblaenlinea.com\\\/2025\\\/wp-content\\\/uploads\\\/2026\\\/09\\\/ZenyazenEscobar.jpg\",\"keywords\":[\"asesinato\"],\"articleSection\":[\"Nota Roja\"],\"inLanguage\":\"es\"},{\"@type\":\"WebPage\",\"@id\":\"https:\\\/\\\/pueblaenlinea.com\\\/2025\\\/nota-roja\\\/asesinan-al-diputado-morenista-zenyazen-escobar-en-veracruz-fue-localizado-dentro-de-su-vehiculo\\\/\",\"url\":\"https:\\\/\\\/pueblaenlinea.com\\\/2025\\\/nota-roja\\\/asesinan-al-diputado-morenista-zenyazen-escobar-en-veracruz-fue-localizado-dentro-de-su-vehiculo\\\/\",\"name\":\"Asesinan al diputado morenista Zenyazen Escobar en Veracruz; fue localizado dentro de su veh\u00edculo - Puebla En Linea\",\"isPartOf\":{\"@id\":\"https:\\\/\\\/pueblaenlinea.com\\\/2025\\\/#website\"},\"primaryImageOfPage\":{\"@id\":\"https:\\\/\\\/pueblaenlinea.com\\\/2025\\\/nota-roja\\\/asesinan-al-diputado-morenista-zenyazen-escobar-en-veracruz-fue-localizado-dentro-de-su-vehiculo\\\/#primaryimage\"},\"image\":{\"@id\":\"https:\\\/\\\/pueblaenlinea.com\\\/2025\\\/nota-roja\\\/asesinan-al-diputado-morenista-zenyazen-escobar-en-veracruz-fue-localizado-dentro-de-su-vehiculo\\\/#primaryimage\"},\"thumbnailUrl\":\"https:\\\/\\\/pueblaenlinea.com\\\/2025\\\/wp-content\\\/uploads\\\/2026\\\/09\\\/ZenyazenEscobar.jpg\",\"datePublished\":\"2026-09-04T20:03:41+00:00\",\"author\":{\"@id\":\"https:\\\/\\\/pueblaenlinea.com\\\/2025\\\/#\\\/schema\\\/person\\\/2baf91de3092c7d50fb754a48f084d7f\"},\"description\":\"Asesinan al diputado morenista Zenyazen Escobar en Veracruz; fue localizado dentro de su veh\u00edculo Nota Roja\",\"breadcrumb\":{\"@id\":\"https:\\\/\\\/pueblaenlinea.com\\\/2025\\\/nota-roja\\\/asesinan-al-diputado-morenista-zenyazen-escobar-en-veracruz-fue-localizado-dentro-de-su-vehiculo\\\/#breadcrumb\"},\"inLanguage\":\"es\",\"potentialAction\":[{\"@type\":\"ReadAction\",\"target\":[\"https:\\\/\\\/pueblaenlinea.com\\\/2025\\\/nota-roja\\\/asesinan-al-diputado-morenista-zenyazen-escobar-en-veracruz-fue-localizado-dentro-de-su-vehiculo\\\/\"]}]},{\"@type\":\"ImageObject\",\"inLanguage\":\"es\",\"@id\":\"https:\\\/\\\/pueblaenlinea.com\\\/2025\\\/nota-roja\\\/asesinan-al-diputado-morenista-zenyazen-escobar-en-veracruz-fue-localizado-dentro-de-su-vehiculo\\\/#primaryimage\",\"url\":\"https:\\\/\\\/pueblaenlinea.com\\\/2025\\\/wp-content\\\/uploads\\\/2026\\\/09\\\/ZenyazenEscobar.jpg\",\"contentUrl\":\"https:\\\/\\\/pueblaenlinea.com\\\/2025\\\/wp-content\\\/uploads\\\/2026\\\/09\\\/ZenyazenEscobar.jpg\",\"width\":1200,\"height\":674},{\"@type\":\"BreadcrumbList\",\"@id\":\"https:\\\/\\\/pueblaenlinea.com\\\/2025\\\/nota-roja\\\/asesinan-al-diputado-morenista-zenyazen-escobar-en-veracruz-fue-localizado-dentro-de-su-vehiculo\\\/#breadcrumb\",\"itemListElement\":[{\"@type\":\"ListItem\",\"position\":1,\"name\":\"Inicio\",\"item\":\"https:\\\/\\\/pueblaenlinea.com\\\/2025\\\/\"},{\"@type\":\"ListItem\",\"position\":2,\"name\":\"Asesinan al diputado morenista Zenyazen Escobar en Veracruz; fue localizado dentro de su veh\u00edculo\"}]},{\"@type\":\"WebSite\",\"@id\":\"https:\\\/\\\/pueblaenlinea.com\\\/2025\\\/#website\",\"url\":\"https:\\\/\\\/pueblaenlinea.com\\\/2025\\\/\",\"name\":\"Puebla En Linea\",\"description\":\"noticias de puebla, periodismo serio y comprometido.\",\"potentialAction\":[{\"@type\":\"SearchAction\",\"target\":{\"@type\":\"EntryPoint\",\"urlTemplate\":\"https:\\\/\\\/pueblaenlinea.com\\\/2025\\\/?s={search_term_string}\"},\"query-input\":{\"@type\":\"PropertyValueSpecification\",\"valueRequired\":true,\"valueName\":\"search_term_string\"}}],\"inLanguage\":\"es\"},{\"@type\":\"Person\",\"@id\":\"https:\\\/\\\/pueblaenlinea.com\\\/2025\\\/#\\\/schema\\\/person\\\/2baf91de3092c7d50fb754a48f084d7f\",\"name\":\"lupita Puebla en linea\",\"image\":{\"@type\":\"ImageObject\",\"inLanguage\":\"es\",\"@id\":\"https:\\\/\\\/pueblaenlinea.com\\\/2025\\\/wp-content\\\/litespeed\\\/avatar\\\/c3bdb4b8e42693060df9dbf8c3f9c41d.jpg?ver=1788290860\",\"url\":\"https:\\\/\\\/pueblaenlinea.com\\\/2025\\\/wp-content\\\/litespeed\\\/avatar\\\/c3bdb4b8e42693060df9dbf8c3f9c41d.jpg?ver=1788290860\",\"contentUrl\":\"https:\\\/\\\/pueblaenlinea.com\\\/2025\\\/wp-content\\\/litespeed\\\/avatar\\\/c3bdb4b8e42693060df9dbf8c3f9c41d.jpg?ver=1788290860\",\"caption\":\"lupita Puebla en linea\"},\"url\":\"https:\\\/\\\/pueblaenlinea.com\\\/2025\\\/author\\\/lupita\\\/\"}]}<\/script>\n<!-- \/ Yoast SEO plugin. -->","yoast_head_json":{"title":"Asesinan al diputado morenista Zenyazen Escobar en Veracruz; fue localizado dentro de su veh\u00edculo - Puebla En Linea","description":"Asesinan al diputado morenista Zenyazen Escobar en Veracruz; fue localizado dentro de su veh\u00edculo Nota Roja","robots":{"index":"index","follow":"follow","max-snippet":"max-snippet:-1","max-image-preview":"max-image-preview:large","max-video-preview":"max-video-preview:-1"},"canonical":"https:\/\/pueblaenlinea.com\/2025\/nota-roja\/asesinan-al-diputado-morenista-zenyazen-escobar-en-veracruz-fue-localizado-dentro-de-su-vehiculo\/","og_locale":"es_MX","og_type":"article","og_title":"Asesinan al diputado morenista Zenyazen Escobar en Veracruz; fue localizado dentro de su veh\u00edculo - Puebla En Linea","og_description":"Asesinan al diputado morenista Zenyazen Escobar en Veracruz; fue localizado dentro de su veh\u00edculo Nota Roja","og_url":"https:\/\/pueblaenlinea.com\/2025\/nota-roja\/asesinan-al-diputado-morenista-zenyazen-escobar-en-veracruz-fue-localizado-dentro-de-su-vehiculo\/","og_site_name":"Puebla En Linea","article_publisher":"https:\/\/www.facebook.com\/pueblaenlineacom","article_published_time":"2026-09-04T20:03:41+00:00","og_image":[{"width":1200,"height":674,"url":"https:\/\/pueblaenlinea.com\/2025\/wp-content\/uploads\/2026\/09\/ZenyazenEscobar.jpg","type":"image\/jpeg"}],"author":"lupita Puebla en linea","twitter_card":"summary_large_image","twitter_misc":{"Escrito por":"lupita Puebla en linea","Tiempo de lectura":"3 minutos"},"schema":{"@context":"https:\/\/schema.org","@graph":[{"@type":"Article","@id":"https:\/\/pueblaenlinea.com\/2025\/nota-roja\/asesinan-al-diputado-morenista-zenyazen-escobar-en-veracruz-fue-localizado-dentro-de-su-vehiculo\/#article","isPartOf":{"@id":"https:\/\/pueblaenlinea.com\/2025\/nota-roja\/asesinan-al-diputado-morenista-zenyazen-escobar-en-veracruz-fue-localizado-dentro-de-su-vehiculo\/"},"author":{"name":"lupita Puebla en linea","@id":"https:\/\/pueblaenlinea.com\/2025\/#\/schema\/person\/2baf91de3092c7d50fb754a48f084d7f"},"headline":"Asesinan al diputado morenista Zenyazen Escobar en Veracruz; fue localizado dentro de su veh\u00edculo","datePublished":"2026-09-04T20:03:41+00:00","mainEntityOfPage":{"@id":"https:\/\/pueblaenlinea.com\/2025\/nota-roja\/asesinan-al-diputado-morenista-zenyazen-escobar-en-veracruz-fue-localizado-dentro-de-su-vehiculo\/"},"wordCount":700,"image":{"@id":"https:\/\/pueblaenlinea.com\/2025\/nota-roja\/asesinan-al-diputado-morenista-zenyazen-escobar-en-veracruz-fue-localizado-dentro-de-su-vehiculo\/#primaryimage"},"thumbnailUrl":"https:\/\/pueblaenlinea.com\/2025\/wp-content\/uploads\/2026\/09\/ZenyazenEscobar.jpg","keywords":["asesinato"],"articleSection":["Nota Roja"],"inLanguage":"es"},{"@type":"WebPage","@id":"https:\/\/pueblaenlinea.com\/2025\/nota-roja\/asesinan-al-diputado-morenista-zenyazen-escobar-en-veracruz-fue-localizado-dentro-de-su-vehiculo\/","url":"https:\/\/pueblaenlinea.com\/2025\/nota-roja\/asesinan-al-diputado-morenista-zenyazen-escobar-en-veracruz-fue-localizado-dentro-de-su-vehiculo\/","name":"Asesinan al diputado morenista Zenyazen Escobar en Veracruz; fue localizado dentro de su veh\u00edculo - Puebla En Linea","isPartOf":{"@id":"https:\/\/pueblaenlinea.com\/2025\/#website"},"primaryImageOfPage":{"@id":"https:\/\/pueblaenlinea.com\/2025\/nota-roja\/asesinan-al-diputado-morenista-zenyazen-escobar-en-veracruz-fue-localizado-dentro-de-su-vehiculo\/#primaryimage"},"image":{"@id":"https:\/\/pueblaenlinea.com\/2025\/nota-roja\/asesinan-al-diputado-morenista-zenyazen-escobar-en-veracruz-fue-localizado-dentro-de-su-vehiculo\/#primaryimage"},"thumbnailUrl":"https:\/\/pueblaenlinea.com\/2025\/wp-content\/uploads\/2026\/09\/ZenyazenEscobar.jpg","datePublished":"2026-09-04T20:03:41+00:00","author":{"@id":"https:\/\/pueblaenlinea.com\/2025\/#\/schema\/person\/2baf91de3092c7d50fb754a48f084d7f"},"description":"Asesinan al diputado morenista Zenyazen Escobar en Veracruz; fue localizado dentro de su veh\u00edculo Nota Roja","breadcrumb":{"@id":"https:\/\/pueblaenlinea.com\/2025\/nota-roja\/asesinan-al-diputado-morenista-zenyazen-escobar-en-veracruz-fue-localizado-dentro-de-su-vehiculo\/#breadcrumb"},"inLanguage":"es","potentialAction":[{"@type":"ReadAction","target":["https:\/\/pueblaenlinea.com\/2025\/nota-roja\/asesinan-al-diputado-morenista-zenyazen-escobar-en-veracruz-fue-localizado-dentro-de-su-vehiculo\/"]}]},{"@type":"ImageObject","inLanguage":"es","@id":"https:\/\/pueblaenlinea.com\/2025\/nota-roja\/asesinan-al-diputado-morenista-zenyazen-escobar-en-veracruz-fue-localizado-dentro-de-su-vehiculo\/#primaryimage","url":"https:\/\/pueblaenlinea.com\/2025\/wp-content\/uploads\/2026\/09\/ZenyazenEscobar.jpg","contentUrl":"https:\/\/pueblaenlinea.com\/2025\/wp-content\/uploads\/2026\/09\/ZenyazenEscobar.jpg","width":1200,"height":674},{"@type":"BreadcrumbList","@id":"https:\/\/pueblaenlinea.com\/2025\/nota-roja\/asesinan-al-diputado-morenista-zenyazen-escobar-en-veracruz-fue-localizado-dentro-de-su-vehiculo\/#breadcrumb","itemListElement":[{"@type":"ListItem","position":1,"name":"Inicio","item":"https:\/\/pueblaenlinea.com\/2025\/"},{"@type":"ListItem","position":2,"name":"Asesinan al diputado morenista Zenyazen Escobar en Veracruz; fue localizado dentro de su veh\u00edculo"}]},{"@type":"WebSite","@id":"https:\/\/pueblaenlinea.com\/2025\/#website","url":"https:\/\/pueblaenlinea.com\/2025\/","name":"Puebla En Linea","description":"noticias de puebla, periodismo serio y comprometido.","potentialAction":[{"@type":"SearchAction","target":{"@type":"EntryPoint","urlTemplate":"https:\/\/pueblaenlinea.com\/2025\/?s={search_term_string}"},"query-input":{"@type":"PropertyValueSpecification","valueRequired":true,"valueName":"search_term_string"}}],"inLanguage":"es"},{"@type":"Person","@id":"https:\/\/pueblaenlinea.com\/2025\/#\/schema\/person\/2baf91de3092c7d50fb754a48f084d7f","name":"lupita Puebla en linea","image":{"@type":"ImageObject","inLanguage":"es","@id":"https:\/\/pueblaenlinea.com\/2025\/wp-content\/litespeed\/avatar\/c3bdb4b8e42693060df9dbf8c3f9c41d.jpg?ver=1788290860","url":"https:\/\/pueblaenlinea.com\/2025\/wp-content\/litespeed\/avatar\/c3bdb4b8e42693060df9dbf8c3f9c41d.jpg?ver=1788290860","contentUrl":"https:\/\/pueblaenlinea.com\/2025\/wp-content\/litespeed\/avatar\/c3bdb4b8e42693060df9dbf8c3f9c41d.jpg?ver=1788290860","caption":"lupita Puebla en linea"},"url":"https:\/\/pueblaenlinea.com\/2025\/author\/lupita\/"}]}},"_links":{"self":[{"href":"https:\/\/pueblaenlinea.com\/2025\/wp-json\/wp\/v2\/posts\/134905","targetHints":{"allow":["GET"]}}],"collection":[{"href":"https:\/\/pueblaenlinea.com\/2025\/wp-json\/wp\/v2\/posts"}],"about":[{"href":"https:\/\/pueblaenlinea.com\/2025\/wp-json\/wp\/v2\/types\/post"}],"author":[{"embeddable":true,"href":"https:\/\/pueblaenlinea.com\/2025\/wp-json\/wp\/v2\/users\/9"}],"replies":[{"embeddable":true,"href":"https:\/\/pueblaenlinea.com\/2025\/wp-json\/wp\/v2\/comments?post=134905"}],"version-history":[{"count":0,"href":"https:\/\/pueblaenlinea.com\/2025\/wp-json\/wp\/v2\/posts\/134905\/revisions"}],"wp:featuredmedia":[{"embeddable":true,"href":"https:\/\/pueblaenlinea.com\/2025\/wp-json\/wp\/v2\/media\/134906"}],"wp:attachment":[{"href":"https:\/\/pueblaenlinea.com\/2025\/wp-json\/wp\/v2\/media?parent=134905"}],"wp:term":[{"taxonomy":"category","embeddable":true,"href":"https:\/\/pueblaenlinea.com\/2025\/wp-json\/wp\/v2\/categories?post=134905"},{"taxonomy":"post_tag","embeddable":true,"href":"https:\/\/pueblaenlinea.com\/2025\/wp-json\/wp\/v2\/tags?post=134905"}],"curies":[{"name":"wp","href":"https:\/\/api.w.org\/{rel}","templated":true}]}}