{"id":134903,"date":"2026-09-04T12:13:44","date_gmt":"2026-09-04T18:13:44","guid":{"rendered":"https:\/\/pueblaenlinea.com\/2025\/?p=134903"},"modified":"2026-09-04T12:13:44","modified_gmt":"2026-09-04T18:13:44","slug":"choque-lateral-entre-autobus-y-torton-provoca-cierre-parcial-en-la-puebla-orizaba","status":"publish","type":"post","link":"https:\/\/pueblaenlinea.com\/2025\/nota-roja\/choque-lateral-entre-autobus-y-torton-provoca-cierre-parcial-en-la-puebla-orizaba\/","title":{"rendered":"Choque lateral entre autob\u00fas y Torton provoca cierre parcial en la Puebla-Orizaba"},"content":{"rendered":"\n<p class=\"wp-block-paragraph\"><strong>Un choque lateral entre un autob\u00fas de turismo y una unidad de carga tipo Torton provoc\u00f3 un cierre parcial de circulaci\u00f3n este viernes sobre la autopista Puebla-Orizaba, a la altura de las Cumbres de Maltrata, con direcci\u00f3n hacia Veracruz.<\/strong><\/p>\n\n\n\n<p class=\"wp-block-paragraph\">El accidente fue reportado alrededor de las <strong>08:37 horas en el kil\u00f3metro 234<\/strong>, pasando el tercer t\u00fanel y en las inmediaciones de la salida del t\u00fanel 3.<\/p>\n\n\n\n<p class=\"wp-block-paragraph\">La colisi\u00f3n gener\u00f3 afectaciones a la circulaci\u00f3n debido a que una de las unidades qued\u00f3 ocupando parte de la vialidad, por lo que elementos de emergencia y autoridades acudieron para atender el percance.<\/p>\n\n\n\n<ul class=\"wp-block-list\">\n<li><strong> Choque lateral:<\/strong> estuvieron involucrados un autob\u00fas de turismo y una unidad pesada tipo Torton.<\/li>\n\n\n\n<li><strong> Ubicaci\u00f3n:<\/strong> autopista Esperanza\u2013Maltrata, en las Cumbres de Maltrata, kil\u00f3metro 234.<\/li>\n\n\n\n<li><strong> Direcci\u00f3n Veracruz:<\/strong> el accidente afecta la circulaci\u00f3n de Puebla hacia Veracruz.<\/li>\n\n\n\n<li><strong> Sin personas lesionadas:<\/strong> los ocupantes del autob\u00fas fueron atendidos por presentar crisis nerviosa; no se reportan heridas, \u00fanicamente da\u00f1os materiales importantes.<\/li>\n<\/ul>\n\n\n\n<h3 class=\"wp-block-heading\">Contin\u00faa el cierre parcial en la zona<\/h3>\n\n\n\n<p class=\"wp-block-paragraph\">Personal de <strong>CAPUFE y Guardia Nacional Divisi\u00f3n Carreteras<\/strong> permanece en el lugar para atender la emergencia y realizar las labores correspondientes.<\/p>\n\n\n\n<p class=\"wp-block-paragraph\">De acuerdo con la actualizaci\u00f3n emitida a las <strong>09:14 horas<\/strong>, la circulaci\u00f3n contin\u00faa parcialmente afectada, por lo que automovilistas que se dirigen hacia Veracruz deben reducir considerablemente la velocidad y atender las indicaciones de los elementos viales.<\/p>\n\n\n\n<p class=\"wp-block-paragraph\">El accidente ocurre en uno de los tramos de mayor complejidad de esta autopista, donde la presencia de unidades detenidas puede incrementar el riesgo de otro percance si los conductores no reducen la velocidad con anticipaci\u00f3n.<\/p>\n\n\n\n<p class=\"wp-block-paragraph\">Hasta el momento, el reporte se\u00f1ala <strong>da\u00f1os materiales y personas con crisis nerviosa, pero sin lesionados<\/strong>.<\/p>\n\n\n\n<p class=\"wp-block-paragraph\">Si quieres seguir esta y otras notas de inter\u00e9s en tiempo real, \u00fanete a nuestro canal de WhatsApp: <a href=\"https:\/\/whatsapp.com\/channel\/0029Va5CSyuEQIalZaJWpX1h?utm_source=chatgpt.com\">nuestro canal de WhatsApp<\/a><\/p>\n\n\n\n<p class=\"wp-block-paragraph\">La recomendaci\u00f3n para quienes utilizan la autopista Puebla-Orizaba es extremar precauciones y considerar posibles retrasos mientras concluyen las maniobras en el punto del accidente.<\/p>\n\n\n\n<p class=\"wp-block-paragraph\"><strong>Escrito por Redacci\u00f3n Puebla En L\u00ednea.<\/strong><\/p>\n\n\n\n<ol class=\"wp-block-list\">\n<li><strong>Choque entre autob\u00fas y Torton provoca cierre parcial en las Cumbres de Maltrata<\/strong><\/li>\n\n\n\n<li><strong>Accidente en la Puebla-Orizaba: autob\u00fas y unidad de carga chocan en Maltrata<\/strong><\/li>\n\n\n\n<li><strong>\u00a1Precauci\u00f3n! Choque lateral afecta la circulaci\u00f3n hacia Veracruz en la Puebla-Orizaba<\/strong><\/li>\n\n\n\n<li><strong>Cierran parcialmente la Puebla-Orizaba tras choque entre autob\u00fas y Torton<\/strong><\/li>\n\n\n\n<li><strong>Choque en salida del t\u00fanel 3 genera tr\u00e1fico en las Cumbres de Maltrata<\/strong><\/li>\n<\/ol>\n","protected":false},"excerpt":{"rendered":"<p>Un choque lateral entre un autob\u00fas de turismo y una unidad de carga tipo Torton provoc\u00f3 un cierre parcial de circulaci\u00f3n este viernes sobre la autopista Puebla-Orizaba, a la altura de las Cumbres de Maltrata, con direcci\u00f3n hacia Veracruz. El accidente fue reportado alrededor de las 08:37 horas en el kil\u00f3metro 234, pasando el tercer&#8230;<\/p>\n","protected":false},"author":10,"featured_media":134904,"comment_status":"closed","ping_status":"closed","sticky":false,"template":"","format":"standard","meta":{"footnotes":""},"categories":[24],"tags":[1399],"class_list":["post-134903","post","type-post","status-publish","format-standard","has-post-thumbnail","hentry","category-nota-roja","tag-accidente-puebla"],"yoast_head":"<!-- This site is optimized with the Yoast SEO plugin v28.4 - https:\/\/yoast.com\/product\/yoast-seo-wordpress\/ -->\n<title>Choque lateral entre autob\u00fas y Torton provoca cierre parcial en la Puebla-Orizaba - Puebla En Linea<\/title>\n<meta name=\"description\" content=\"Choque lateral entre autob\u00fas y Torton provoca cierre parcial en la Puebla-Orizaba Nota Roja\" \/>\n<meta name=\"robots\" content=\"index, follow, max-snippet:-1, max-image-preview:large, max-video-preview:-1\" \/>\n<link rel=\"canonical\" href=\"https:\/\/pueblaenlinea.com\/2025\/nota-roja\/choque-lateral-entre-autobus-y-torton-provoca-cierre-parcial-en-la-puebla-orizaba\/\" \/>\n<meta property=\"og:locale\" content=\"es_MX\" \/>\n<meta property=\"og:type\" content=\"article\" \/>\n<meta property=\"og:title\" content=\"Choque lateral entre autob\u00fas y Torton provoca cierre parcial en la Puebla-Orizaba - Puebla En Linea\" \/>\n<meta property=\"og:description\" content=\"Choque lateral entre autob\u00fas y Torton provoca cierre parcial en la Puebla-Orizaba Nota Roja\" \/>\n<meta property=\"og:url\" content=\"https:\/\/pueblaenlinea.com\/2025\/nota-roja\/choque-lateral-entre-autobus-y-torton-provoca-cierre-parcial-en-la-puebla-orizaba\/\" \/>\n<meta property=\"og:site_name\" content=\"Puebla En Linea\" \/>\n<meta property=\"article:publisher\" content=\"https:\/\/www.facebook.com\/pueblaenlineacom\" \/>\n<meta property=\"article:published_time\" content=\"2026-09-04T18:13:44+00:00\" \/>\n<meta property=\"og:image\" content=\"https:\/\/pueblaenlinea.com\/2025\/wp-content\/uploads\/2026\/09\/accidente.jpg\" \/>\n\t<meta property=\"og:image:width\" content=\"1200\" \/>\n\t<meta property=\"og:image:height\" content=\"674\" \/>\n\t<meta property=\"og:image:type\" content=\"image\/jpeg\" \/>\n<meta name=\"author\" content=\"Jazmin Cardenas\" \/>\n<meta name=\"twitter:card\" content=\"summary_large_image\" \/>\n<meta name=\"twitter:label1\" content=\"Escrito por\" \/>\n\t<meta name=\"twitter:data1\" content=\"Jazmin Cardenas\" \/>\n\t<meta name=\"twitter:label2\" content=\"Tiempo de lectura\" \/>\n\t<meta name=\"twitter:data2\" content=\"2 minutos\" \/>\n<script type=\"application\/ld+json\" class=\"yoast-schema-graph\">{\"@context\":\"https:\\\/\\\/schema.org\",\"@graph\":[{\"@type\":\"Article\",\"@id\":\"https:\\\/\\\/pueblaenlinea.com\\\/2025\\\/nota-roja\\\/choque-lateral-entre-autobus-y-torton-provoca-cierre-parcial-en-la-puebla-orizaba\\\/#article\",\"isPartOf\":{\"@id\":\"https:\\\/\\\/pueblaenlinea.com\\\/2025\\\/nota-roja\\\/choque-lateral-entre-autobus-y-torton-provoca-cierre-parcial-en-la-puebla-orizaba\\\/\"},\"author\":{\"name\":\"Jazmin Cardenas\",\"@id\":\"https:\\\/\\\/pueblaenlinea.com\\\/2025\\\/#\\\/schema\\\/person\\\/21ecc830e083be84dbddd9a05208834f\"},\"headline\":\"Choque lateral entre autob\u00fas y Torton provoca cierre parcial en la Puebla-Orizaba\",\"datePublished\":\"2026-09-04T18:13:44+00:00\",\"mainEntityOfPage\":{\"@id\":\"https:\\\/\\\/pueblaenlinea.com\\\/2025\\\/nota-roja\\\/choque-lateral-entre-autobus-y-torton-provoca-cierre-parcial-en-la-puebla-orizaba\\\/\"},\"wordCount\":425,\"image\":{\"@id\":\"https:\\\/\\\/pueblaenlinea.com\\\/2025\\\/nota-roja\\\/choque-lateral-entre-autobus-y-torton-provoca-cierre-parcial-en-la-puebla-orizaba\\\/#primaryimage\"},\"thumbnailUrl\":\"https:\\\/\\\/pueblaenlinea.com\\\/2025\\\/wp-content\\\/uploads\\\/2026\\\/09\\\/accidente.jpg\",\"keywords\":[\"accidente puebla\"],\"articleSection\":[\"Nota Roja\"],\"inLanguage\":\"es\"},{\"@type\":\"WebPage\",\"@id\":\"https:\\\/\\\/pueblaenlinea.com\\\/2025\\\/nota-roja\\\/choque-lateral-entre-autobus-y-torton-provoca-cierre-parcial-en-la-puebla-orizaba\\\/\",\"url\":\"https:\\\/\\\/pueblaenlinea.com\\\/2025\\\/nota-roja\\\/choque-lateral-entre-autobus-y-torton-provoca-cierre-parcial-en-la-puebla-orizaba\\\/\",\"name\":\"Choque lateral entre autob\u00fas y Torton provoca cierre parcial en la Puebla-Orizaba - Puebla En Linea\",\"isPartOf\":{\"@id\":\"https:\\\/\\\/pueblaenlinea.com\\\/2025\\\/#website\"},\"primaryImageOfPage\":{\"@id\":\"https:\\\/\\\/pueblaenlinea.com\\\/2025\\\/nota-roja\\\/choque-lateral-entre-autobus-y-torton-provoca-cierre-parcial-en-la-puebla-orizaba\\\/#primaryimage\"},\"image\":{\"@id\":\"https:\\\/\\\/pueblaenlinea.com\\\/2025\\\/nota-roja\\\/choque-lateral-entre-autobus-y-torton-provoca-cierre-parcial-en-la-puebla-orizaba\\\/#primaryimage\"},\"thumbnailUrl\":\"https:\\\/\\\/pueblaenlinea.com\\\/2025\\\/wp-content\\\/uploads\\\/2026\\\/09\\\/accidente.jpg\",\"datePublished\":\"2026-09-04T18:13:44+00:00\",\"author\":{\"@id\":\"https:\\\/\\\/pueblaenlinea.com\\\/2025\\\/#\\\/schema\\\/person\\\/21ecc830e083be84dbddd9a05208834f\"},\"description\":\"Choque lateral entre autob\u00fas y Torton provoca cierre parcial en la Puebla-Orizaba Nota Roja\",\"breadcrumb\":{\"@id\":\"https:\\\/\\\/pueblaenlinea.com\\\/2025\\\/nota-roja\\\/choque-lateral-entre-autobus-y-torton-provoca-cierre-parcial-en-la-puebla-orizaba\\\/#breadcrumb\"},\"inLanguage\":\"es\",\"potentialAction\":[{\"@type\":\"ReadAction\",\"target\":[\"https:\\\/\\\/pueblaenlinea.com\\\/2025\\\/nota-roja\\\/choque-lateral-entre-autobus-y-torton-provoca-cierre-parcial-en-la-puebla-orizaba\\\/\"]}]},{\"@type\":\"ImageObject\",\"inLanguage\":\"es\",\"@id\":\"https:\\\/\\\/pueblaenlinea.com\\\/2025\\\/nota-roja\\\/choque-lateral-entre-autobus-y-torton-provoca-cierre-parcial-en-la-puebla-orizaba\\\/#primaryimage\",\"url\":\"https:\\\/\\\/pueblaenlinea.com\\\/2025\\\/wp-content\\\/uploads\\\/2026\\\/09\\\/accidente.jpg\",\"contentUrl\":\"https:\\\/\\\/pueblaenlinea.com\\\/2025\\\/wp-content\\\/uploads\\\/2026\\\/09\\\/accidente.jpg\",\"width\":1200,\"height\":674},{\"@type\":\"BreadcrumbList\",\"@id\":\"https:\\\/\\\/pueblaenlinea.com\\\/2025\\\/nota-roja\\\/choque-lateral-entre-autobus-y-torton-provoca-cierre-parcial-en-la-puebla-orizaba\\\/#breadcrumb\",\"itemListElement\":[{\"@type\":\"ListItem\",\"position\":1,\"name\":\"Inicio\",\"item\":\"https:\\\/\\\/pueblaenlinea.com\\\/2025\\\/\"},{\"@type\":\"ListItem\",\"position\":2,\"name\":\"Choque lateral entre autob\u00fas y Torton provoca cierre parcial en la Puebla-Orizaba\"}]},{\"@type\":\"WebSite\",\"@id\":\"https:\\\/\\\/pueblaenlinea.com\\\/2025\\\/#website\",\"url\":\"https:\\\/\\\/pueblaenlinea.com\\\/2025\\\/\",\"name\":\"Puebla En Linea\",\"description\":\"noticias de puebla, periodismo serio y comprometido.\",\"potentialAction\":[{\"@type\":\"SearchAction\",\"target\":{\"@type\":\"EntryPoint\",\"urlTemplate\":\"https:\\\/\\\/pueblaenlinea.com\\\/2025\\\/?s={search_term_string}\"},\"query-input\":{\"@type\":\"PropertyValueSpecification\",\"valueRequired\":true,\"valueName\":\"search_term_string\"}}],\"inLanguage\":\"es\"},{\"@type\":\"Person\",\"@id\":\"https:\\\/\\\/pueblaenlinea.com\\\/2025\\\/#\\\/schema\\\/person\\\/21ecc830e083be84dbddd9a05208834f\",\"name\":\"Jazmin Cardenas\",\"image\":{\"@type\":\"ImageObject\",\"inLanguage\":\"es\",\"@id\":\"https:\\\/\\\/pueblaenlinea.com\\\/2025\\\/wp-content\\\/litespeed\\\/avatar\\\/9d7ab062f41a13d0af53522b39daf76f.jpg?ver=1788194722\",\"url\":\"https:\\\/\\\/pueblaenlinea.com\\\/2025\\\/wp-content\\\/litespeed\\\/avatar\\\/9d7ab062f41a13d0af53522b39daf76f.jpg?ver=1788194722\",\"contentUrl\":\"https:\\\/\\\/pueblaenlinea.com\\\/2025\\\/wp-content\\\/litespeed\\\/avatar\\\/9d7ab062f41a13d0af53522b39daf76f.jpg?ver=1788194722\",\"caption\":\"Jazmin Cardenas\"},\"url\":\"https:\\\/\\\/pueblaenlinea.com\\\/2025\\\/author\\\/jaz-pel\\\/\"}]}<\/script>\n<!-- \/ Yoast SEO plugin. -->","yoast_head_json":{"title":"Choque lateral entre autob\u00fas y Torton provoca cierre parcial en la Puebla-Orizaba - Puebla En Linea","description":"Choque lateral entre autob\u00fas y Torton provoca cierre parcial en la Puebla-Orizaba Nota Roja","robots":{"index":"index","follow":"follow","max-snippet":"max-snippet:-1","max-image-preview":"max-image-preview:large","max-video-preview":"max-video-preview:-1"},"canonical":"https:\/\/pueblaenlinea.com\/2025\/nota-roja\/choque-lateral-entre-autobus-y-torton-provoca-cierre-parcial-en-la-puebla-orizaba\/","og_locale":"es_MX","og_type":"article","og_title":"Choque lateral entre autob\u00fas y Torton provoca cierre parcial en la Puebla-Orizaba - Puebla En Linea","og_description":"Choque lateral entre autob\u00fas y Torton provoca cierre parcial en la Puebla-Orizaba Nota Roja","og_url":"https:\/\/pueblaenlinea.com\/2025\/nota-roja\/choque-lateral-entre-autobus-y-torton-provoca-cierre-parcial-en-la-puebla-orizaba\/","og_site_name":"Puebla En Linea","article_publisher":"https:\/\/www.facebook.com\/pueblaenlineacom","article_published_time":"2026-09-04T18:13:44+00:00","og_image":[{"width":1200,"height":674,"url":"https:\/\/pueblaenlinea.com\/2025\/wp-content\/uploads\/2026\/09\/accidente.jpg","type":"image\/jpeg"}],"author":"Jazmin Cardenas","twitter_card":"summary_large_image","twitter_misc":{"Escrito por":"Jazmin Cardenas","Tiempo de lectura":"2 minutos"},"schema":{"@context":"https:\/\/schema.org","@graph":[{"@type":"Article","@id":"https:\/\/pueblaenlinea.com\/2025\/nota-roja\/choque-lateral-entre-autobus-y-torton-provoca-cierre-parcial-en-la-puebla-orizaba\/#article","isPartOf":{"@id":"https:\/\/pueblaenlinea.com\/2025\/nota-roja\/choque-lateral-entre-autobus-y-torton-provoca-cierre-parcial-en-la-puebla-orizaba\/"},"author":{"name":"Jazmin Cardenas","@id":"https:\/\/pueblaenlinea.com\/2025\/#\/schema\/person\/21ecc830e083be84dbddd9a05208834f"},"headline":"Choque lateral entre autob\u00fas y Torton provoca cierre parcial en la Puebla-Orizaba","datePublished":"2026-09-04T18:13:44+00:00","mainEntityOfPage":{"@id":"https:\/\/pueblaenlinea.com\/2025\/nota-roja\/choque-lateral-entre-autobus-y-torton-provoca-cierre-parcial-en-la-puebla-orizaba\/"},"wordCount":425,"image":{"@id":"https:\/\/pueblaenlinea.com\/2025\/nota-roja\/choque-lateral-entre-autobus-y-torton-provoca-cierre-parcial-en-la-puebla-orizaba\/#primaryimage"},"thumbnailUrl":"https:\/\/pueblaenlinea.com\/2025\/wp-content\/uploads\/2026\/09\/accidente.jpg","keywords":["accidente puebla"],"articleSection":["Nota Roja"],"inLanguage":"es"},{"@type":"WebPage","@id":"https:\/\/pueblaenlinea.com\/2025\/nota-roja\/choque-lateral-entre-autobus-y-torton-provoca-cierre-parcial-en-la-puebla-orizaba\/","url":"https:\/\/pueblaenlinea.com\/2025\/nota-roja\/choque-lateral-entre-autobus-y-torton-provoca-cierre-parcial-en-la-puebla-orizaba\/","name":"Choque lateral entre autob\u00fas y Torton provoca cierre parcial en la Puebla-Orizaba - Puebla En Linea","isPartOf":{"@id":"https:\/\/pueblaenlinea.com\/2025\/#website"},"primaryImageOfPage":{"@id":"https:\/\/pueblaenlinea.com\/2025\/nota-roja\/choque-lateral-entre-autobus-y-torton-provoca-cierre-parcial-en-la-puebla-orizaba\/#primaryimage"},"image":{"@id":"https:\/\/pueblaenlinea.com\/2025\/nota-roja\/choque-lateral-entre-autobus-y-torton-provoca-cierre-parcial-en-la-puebla-orizaba\/#primaryimage"},"thumbnailUrl":"https:\/\/pueblaenlinea.com\/2025\/wp-content\/uploads\/2026\/09\/accidente.jpg","datePublished":"2026-09-04T18:13:44+00:00","author":{"@id":"https:\/\/pueblaenlinea.com\/2025\/#\/schema\/person\/21ecc830e083be84dbddd9a05208834f"},"description":"Choque lateral entre autob\u00fas y Torton provoca cierre parcial en la Puebla-Orizaba Nota Roja","breadcrumb":{"@id":"https:\/\/pueblaenlinea.com\/2025\/nota-roja\/choque-lateral-entre-autobus-y-torton-provoca-cierre-parcial-en-la-puebla-orizaba\/#breadcrumb"},"inLanguage":"es","potentialAction":[{"@type":"ReadAction","target":["https:\/\/pueblaenlinea.com\/2025\/nota-roja\/choque-lateral-entre-autobus-y-torton-provoca-cierre-parcial-en-la-puebla-orizaba\/"]}]},{"@type":"ImageObject","inLanguage":"es","@id":"https:\/\/pueblaenlinea.com\/2025\/nota-roja\/choque-lateral-entre-autobus-y-torton-provoca-cierre-parcial-en-la-puebla-orizaba\/#primaryimage","url":"https:\/\/pueblaenlinea.com\/2025\/wp-content\/uploads\/2026\/09\/accidente.jpg","contentUrl":"https:\/\/pueblaenlinea.com\/2025\/wp-content\/uploads\/2026\/09\/accidente.jpg","width":1200,"height":674},{"@type":"BreadcrumbList","@id":"https:\/\/pueblaenlinea.com\/2025\/nota-roja\/choque-lateral-entre-autobus-y-torton-provoca-cierre-parcial-en-la-puebla-orizaba\/#breadcrumb","itemListElement":[{"@type":"ListItem","position":1,"name":"Inicio","item":"https:\/\/pueblaenlinea.com\/2025\/"},{"@type":"ListItem","position":2,"name":"Choque lateral entre autob\u00fas y Torton provoca cierre parcial en la Puebla-Orizaba"}]},{"@type":"WebSite","@id":"https:\/\/pueblaenlinea.com\/2025\/#website","url":"https:\/\/pueblaenlinea.com\/2025\/","name":"Puebla En Linea","description":"noticias de puebla, periodismo serio y comprometido.","potentialAction":[{"@type":"SearchAction","target":{"@type":"EntryPoint","urlTemplate":"https:\/\/pueblaenlinea.com\/2025\/?s={search_term_string}"},"query-input":{"@type":"PropertyValueSpecification","valueRequired":true,"valueName":"search_term_string"}}],"inLanguage":"es"},{"@type":"Person","@id":"https:\/\/pueblaenlinea.com\/2025\/#\/schema\/person\/21ecc830e083be84dbddd9a05208834f","name":"Jazmin Cardenas","image":{"@type":"ImageObject","inLanguage":"es","@id":"https:\/\/pueblaenlinea.com\/2025\/wp-content\/litespeed\/avatar\/9d7ab062f41a13d0af53522b39daf76f.jpg?ver=1788194722","url":"https:\/\/pueblaenlinea.com\/2025\/wp-content\/litespeed\/avatar\/9d7ab062f41a13d0af53522b39daf76f.jpg?ver=1788194722","contentUrl":"https:\/\/pueblaenlinea.com\/2025\/wp-content\/litespeed\/avatar\/9d7ab062f41a13d0af53522b39daf76f.jpg?ver=1788194722","caption":"Jazmin Cardenas"},"url":"https:\/\/pueblaenlinea.com\/2025\/author\/jaz-pel\/"}]}},"_links":{"self":[{"href":"https:\/\/pueblaenlinea.com\/2025\/wp-json\/wp\/v2\/posts\/134903","targetHints":{"allow":["GET"]}}],"collection":[{"href":"https:\/\/pueblaenlinea.com\/2025\/wp-json\/wp\/v2\/posts"}],"about":[{"href":"https:\/\/pueblaenlinea.com\/2025\/wp-json\/wp\/v2\/types\/post"}],"author":[{"embeddable":true,"href":"https:\/\/pueblaenlinea.com\/2025\/wp-json\/wp\/v2\/users\/10"}],"replies":[{"embeddable":true,"href":"https:\/\/pueblaenlinea.com\/2025\/wp-json\/wp\/v2\/comments?post=134903"}],"version-history":[{"count":0,"href":"https:\/\/pueblaenlinea.com\/2025\/wp-json\/wp\/v2\/posts\/134903\/revisions"}],"wp:featuredmedia":[{"embeddable":true,"href":"https:\/\/pueblaenlinea.com\/2025\/wp-json\/wp\/v2\/media\/134904"}],"wp:attachment":[{"href":"https:\/\/pueblaenlinea.com\/2025\/wp-json\/wp\/v2\/media?parent=134903"}],"wp:term":[{"taxonomy":"category","embeddable":true,"href":"https:\/\/pueblaenlinea.com\/2025\/wp-json\/wp\/v2\/categories?post=134903"},{"taxonomy":"post_tag","embeddable":true,"href":"https:\/\/pueblaenlinea.com\/2025\/wp-json\/wp\/v2\/tags?post=134903"}],"curies":[{"name":"wp","href":"https:\/\/api.w.org\/{rel}","templated":true}]}}