{"id":134901,"date":"2026-09-04T12:06:03","date_gmt":"2026-09-04T18:06:03","guid":{"rendered":"https:\/\/pueblaenlinea.com\/2025\/?p=134901"},"modified":"2026-09-04T12:06:04","modified_gmt":"2026-09-04T18:06:04","slug":"pepe-chedraui-fortalece-vialidades-en-el-salvador-con-pavimentacion-de-la-calle-5-oriente","status":"publish","type":"post","link":"https:\/\/pueblaenlinea.com\/2025\/capital\/pepe-chedraui-fortalece-vialidades-en-el-salvador-con-pavimentacion-de-la-calle-5-oriente\/","title":{"rendered":"Pepe Chedraui fortalece vialidades en El Salvador con pavimentaci\u00f3n de la calle 5 Oriente"},"content":{"rendered":"\n<p class=\"wp-block-paragraph\"><strong>M\u00e1s de 14 mil 800 habitantes de El Salvador, Amaluquilla y La Palma ser\u00e1n beneficiados con la pavimentaci\u00f3n de la calle 5 Oriente, obra entregada por el alcalde Pepe Chedraui como parte del Programa Anual de Obra P\u00fablica 2026.<\/strong><\/p>\n\n\n\n<p class=\"wp-block-paragraph\">La intervenci\u00f3n forma parte de la estrategia <strong>#CallesAl100<\/strong>, con la que el Ayuntamiento de Puebla busca atender el deterioro de vialidades y mejorar las condiciones de movilidad en colonias y juntas auxiliares de la capital.<\/p>\n\n\n\n<p class=\"wp-block-paragraph\">Durante la entrega, Chedraui se\u00f1al\u00f3 que las obras viales deben traducirse en beneficios concretos para quienes utilizan diariamente las calles de la ciudad.<\/p>\n\n\n\n<ul class=\"wp-block-list\">\n<li><strong>M\u00e1s de 14 mil 800 habitantes beneficiados:<\/strong> la obra impacta directamente a las colonias El Salvador, Amaluquilla y La Palma.<\/li>\n\n\n\n<li><strong>4 mil 154 metros cuadrados intervenidos:<\/strong> se realizaron trabajos de construcci\u00f3n y pavimentaci\u00f3n a lo largo de la vialidad.<\/li>\n\n\n\n<li><strong>387 metros de longitud:<\/strong> la nueva vialidad cuenta con seis metros de ancho para facilitar la circulaci\u00f3n.<\/li>\n\n\n\n<li><strong>Infraestructura incluyente:<\/strong> fueron construidas banquetas con gu\u00eda podot\u00e1ctil, rampas y otros elementos para mejorar la accesibilidad.<\/li>\n<\/ul>\n\n\n\n<h3 class=\"wp-block-heading\">Una calle que cambia las condiciones de movilidad<\/h3>\n\n\n\n<p class=\"wp-block-paragraph\">Los trabajos incluyeron la construcci\u00f3n de subrasante y base hidr\u00e1ulica, guarniciones, banquetas, carpeta asf\u00e1ltica, bolardos y se\u00f1al\u00e9tica horizontal y vertical.<\/p>\n\n\n\n<p class=\"wp-block-paragraph\">Tambi\u00e9n se instalaron <strong>luminarias<\/strong>, con lo que la intervenci\u00f3n no se limit\u00f3 a colocar pavimento, sino que incorpor\u00f3 elementos relacionados con seguridad, accesibilidad y movilidad peatonal.<\/p>\n\n\n\n<p class=\"wp-block-paragraph\">La secretaria de Bienestar y Participaci\u00f3n Ciudadana, Lupita Vanesa L\u00f3pez Silva, destac\u00f3 que la recuperaci\u00f3n de vialidades permite que las familias puedan caminar y trasladarse en mejores condiciones.<\/p>\n\n\n\n<p class=\"wp-block-paragraph\">Por su parte, el secretario de Movilidad e Infraestructura, David Aysa, explic\u00f3 que la intervenci\u00f3n busca agilizar la circulaci\u00f3n en este punto de la capital.<\/p>\n\n\n\n<p class=\"wp-block-paragraph\">La estrategia <strong>#CallesAl100<\/strong> contempla adem\u00e1s trabajos de rehabilitaci\u00f3n vial, bacheo y el denominado Tren Capitalino de Pavimentaci\u00f3n, como parte del programa de mantenimiento de las calles de Puebla.<\/p>\n\n\n\n<p class=\"wp-block-paragraph\">Si quieres seguir esta y otras notas de inter\u00e9s en tiempo real, \u00fanete a nuestro canal de WhatsApp: <a href=\"https:\/\/whatsapp.com\/channel\/0029Va5CSyuEQIalZaJWpX1h?utm_source=chatgpt.com\">nuestro canal de WhatsApp<\/a><\/p>\n\n\n\n<p class=\"wp-block-paragraph\">M\u00e1s all\u00e1 del concreto y el asfalto, una vialidad nueva modifica la rutina de quienes la recorren todos los d\u00edas. En El Salvador, la apuesta del gobierno municipal es que esta obra se traduzca en traslados m\u00e1s seguros y mejores condiciones para las familias.<\/p>\n\n\n\n<p class=\"wp-block-paragraph\"><strong>Escrito por Redacci\u00f3n Puebla En L\u00ednea.<\/strong><\/p>\n\n\n\n<ol class=\"wp-block-list\">\n<li><strong>Pavimentan calle 5 Oriente en El Salvador y benefician a m\u00e1s de 14 mil habitantes<\/strong><\/li>\n\n\n\n<li><strong>Pepe Chedraui entrega nueva vialidad en El Salvador; beneficiar\u00e1 a tres colonias de Puebla<\/strong><\/li>\n\n\n\n<li><strong>As\u00ed qued\u00f3 la calle 5 Oriente tras su pavimentaci\u00f3n en El Salvador, Puebla<\/strong><\/li>\n\n\n\n<li><strong>M\u00e1s de 14 mil poblanos tendr\u00e1n nueva vialidad con obra en El Salvador<\/strong><\/li>\n\n\n\n<li><strong>El Salvador estrena calle pavimentada; Ayuntamiento reporta m\u00e1s de 4 mil m\u00b2 intervenidos<\/strong><\/li>\n<\/ol>\n","protected":false},"excerpt":{"rendered":"<p>M\u00e1s de 14 mil 800 habitantes de El Salvador, Amaluquilla y La Palma ser\u00e1n beneficiados con la pavimentaci\u00f3n de la calle 5 Oriente, obra entregada por el alcalde Pepe Chedraui como parte del Programa Anual de Obra P\u00fablica 2026. La intervenci\u00f3n forma parte de la estrategia #CallesAl100, con la que el Ayuntamiento de Puebla busca&#8230;<\/p>\n","protected":false},"author":10,"featured_media":134902,"comment_status":"closed","ping_status":"closed","sticky":false,"template":"","format":"standard","meta":{"footnotes":""},"categories":[3],"tags":[1386],"class_list":["post-134901","post","type-post","status-publish","format-standard","has-post-thumbnail","hentry","category-capital","tag-puebla"],"yoast_head":"<!-- This site is optimized with the Yoast SEO plugin v28.4 - https:\/\/yoast.com\/product\/yoast-seo-wordpress\/ -->\n<title>Pepe Chedraui fortalece vialidades en El Salvador con pavimentaci\u00f3n de la calle 5 Oriente - Puebla En Linea<\/title>\n<meta name=\"description\" content=\"Pepe Chedraui fortalece vialidades en El Salvador con pavimentaci\u00f3n de la calle 5 Oriente Capital\" \/>\n<meta name=\"robots\" content=\"index, follow, max-snippet:-1, max-image-preview:large, max-video-preview:-1\" \/>\n<link rel=\"canonical\" href=\"https:\/\/pueblaenlinea.com\/2025\/capital\/pepe-chedraui-fortalece-vialidades-en-el-salvador-con-pavimentacion-de-la-calle-5-oriente\/\" \/>\n<meta property=\"og:locale\" content=\"es_MX\" \/>\n<meta property=\"og:type\" content=\"article\" \/>\n<meta property=\"og:title\" content=\"Pepe Chedraui fortalece vialidades en El Salvador con pavimentaci\u00f3n de la calle 5 Oriente - Puebla En Linea\" \/>\n<meta property=\"og:description\" content=\"Pepe Chedraui fortalece vialidades en El Salvador con pavimentaci\u00f3n de la calle 5 Oriente Capital\" \/>\n<meta property=\"og:url\" content=\"https:\/\/pueblaenlinea.com\/2025\/capital\/pepe-chedraui-fortalece-vialidades-en-el-salvador-con-pavimentacion-de-la-calle-5-oriente\/\" \/>\n<meta property=\"og:site_name\" content=\"Puebla En Linea\" \/>\n<meta property=\"article:publisher\" content=\"https:\/\/www.facebook.com\/pueblaenlineacom\" \/>\n<meta property=\"article:published_time\" content=\"2026-09-04T18:06:03+00:00\" \/>\n<meta property=\"article:modified_time\" content=\"2026-09-04T18:06:04+00:00\" \/>\n<meta property=\"og:image\" content=\"https:\/\/pueblaenlinea.com\/2025\/wp-content\/uploads\/2026\/09\/calle.jpg\" \/>\n\t<meta property=\"og:image:width\" content=\"1200\" \/>\n\t<meta property=\"og:image:height\" content=\"674\" \/>\n\t<meta property=\"og:image:type\" content=\"image\/jpeg\" \/>\n<meta name=\"author\" content=\"Jazmin Cardenas\" \/>\n<meta name=\"twitter:card\" content=\"summary_large_image\" \/>\n<meta name=\"twitter:label1\" content=\"Escrito por\" \/>\n\t<meta name=\"twitter:data1\" content=\"Jazmin Cardenas\" \/>\n\t<meta name=\"twitter:label2\" content=\"Tiempo de lectura\" \/>\n\t<meta name=\"twitter:data2\" content=\"3 minutos\" \/>\n<script type=\"application\/ld+json\" class=\"yoast-schema-graph\">{\"@context\":\"https:\\\/\\\/schema.org\",\"@graph\":[{\"@type\":\"Article\",\"@id\":\"https:\\\/\\\/pueblaenlinea.com\\\/2025\\\/capital\\\/pepe-chedraui-fortalece-vialidades-en-el-salvador-con-pavimentacion-de-la-calle-5-oriente\\\/#article\",\"isPartOf\":{\"@id\":\"https:\\\/\\\/pueblaenlinea.com\\\/2025\\\/capital\\\/pepe-chedraui-fortalece-vialidades-en-el-salvador-con-pavimentacion-de-la-calle-5-oriente\\\/\"},\"author\":{\"name\":\"Jazmin Cardenas\",\"@id\":\"https:\\\/\\\/pueblaenlinea.com\\\/2025\\\/#\\\/schema\\\/person\\\/21ecc830e083be84dbddd9a05208834f\"},\"headline\":\"Pepe Chedraui fortalece vialidades en El Salvador con pavimentaci\u00f3n de la calle 5 Oriente\",\"datePublished\":\"2026-09-04T18:06:03+00:00\",\"dateModified\":\"2026-09-04T18:06:04+00:00\",\"mainEntityOfPage\":{\"@id\":\"https:\\\/\\\/pueblaenlinea.com\\\/2025\\\/capital\\\/pepe-chedraui-fortalece-vialidades-en-el-salvador-con-pavimentacion-de-la-calle-5-oriente\\\/\"},\"wordCount\":482,\"image\":{\"@id\":\"https:\\\/\\\/pueblaenlinea.com\\\/2025\\\/capital\\\/pepe-chedraui-fortalece-vialidades-en-el-salvador-con-pavimentacion-de-la-calle-5-oriente\\\/#primaryimage\"},\"thumbnailUrl\":\"https:\\\/\\\/pueblaenlinea.com\\\/2025\\\/wp-content\\\/uploads\\\/2026\\\/09\\\/calle.jpg\",\"keywords\":[\"Puebla\"],\"articleSection\":[\"Capital\"],\"inLanguage\":\"es\"},{\"@type\":\"WebPage\",\"@id\":\"https:\\\/\\\/pueblaenlinea.com\\\/2025\\\/capital\\\/pepe-chedraui-fortalece-vialidades-en-el-salvador-con-pavimentacion-de-la-calle-5-oriente\\\/\",\"url\":\"https:\\\/\\\/pueblaenlinea.com\\\/2025\\\/capital\\\/pepe-chedraui-fortalece-vialidades-en-el-salvador-con-pavimentacion-de-la-calle-5-oriente\\\/\",\"name\":\"Pepe Chedraui fortalece vialidades en El Salvador con pavimentaci\u00f3n de la calle 5 Oriente - Puebla En Linea\",\"isPartOf\":{\"@id\":\"https:\\\/\\\/pueblaenlinea.com\\\/2025\\\/#website\"},\"primaryImageOfPage\":{\"@id\":\"https:\\\/\\\/pueblaenlinea.com\\\/2025\\\/capital\\\/pepe-chedraui-fortalece-vialidades-en-el-salvador-con-pavimentacion-de-la-calle-5-oriente\\\/#primaryimage\"},\"image\":{\"@id\":\"https:\\\/\\\/pueblaenlinea.com\\\/2025\\\/capital\\\/pepe-chedraui-fortalece-vialidades-en-el-salvador-con-pavimentacion-de-la-calle-5-oriente\\\/#primaryimage\"},\"thumbnailUrl\":\"https:\\\/\\\/pueblaenlinea.com\\\/2025\\\/wp-content\\\/uploads\\\/2026\\\/09\\\/calle.jpg\",\"datePublished\":\"2026-09-04T18:06:03+00:00\",\"dateModified\":\"2026-09-04T18:06:04+00:00\",\"author\":{\"@id\":\"https:\\\/\\\/pueblaenlinea.com\\\/2025\\\/#\\\/schema\\\/person\\\/21ecc830e083be84dbddd9a05208834f\"},\"description\":\"Pepe Chedraui fortalece vialidades en El Salvador con pavimentaci\u00f3n de la calle 5 Oriente Capital\",\"breadcrumb\":{\"@id\":\"https:\\\/\\\/pueblaenlinea.com\\\/2025\\\/capital\\\/pepe-chedraui-fortalece-vialidades-en-el-salvador-con-pavimentacion-de-la-calle-5-oriente\\\/#breadcrumb\"},\"inLanguage\":\"es\",\"potentialAction\":[{\"@type\":\"ReadAction\",\"target\":[\"https:\\\/\\\/pueblaenlinea.com\\\/2025\\\/capital\\\/pepe-chedraui-fortalece-vialidades-en-el-salvador-con-pavimentacion-de-la-calle-5-oriente\\\/\"]}]},{\"@type\":\"ImageObject\",\"inLanguage\":\"es\",\"@id\":\"https:\\\/\\\/pueblaenlinea.com\\\/2025\\\/capital\\\/pepe-chedraui-fortalece-vialidades-en-el-salvador-con-pavimentacion-de-la-calle-5-oriente\\\/#primaryimage\",\"url\":\"https:\\\/\\\/pueblaenlinea.com\\\/2025\\\/wp-content\\\/uploads\\\/2026\\\/09\\\/calle.jpg\",\"contentUrl\":\"https:\\\/\\\/pueblaenlinea.com\\\/2025\\\/wp-content\\\/uploads\\\/2026\\\/09\\\/calle.jpg\",\"width\":1200,\"height\":674},{\"@type\":\"BreadcrumbList\",\"@id\":\"https:\\\/\\\/pueblaenlinea.com\\\/2025\\\/capital\\\/pepe-chedraui-fortalece-vialidades-en-el-salvador-con-pavimentacion-de-la-calle-5-oriente\\\/#breadcrumb\",\"itemListElement\":[{\"@type\":\"ListItem\",\"position\":1,\"name\":\"Inicio\",\"item\":\"https:\\\/\\\/pueblaenlinea.com\\\/2025\\\/\"},{\"@type\":\"ListItem\",\"position\":2,\"name\":\"Pepe Chedraui fortalece vialidades en El Salvador con pavimentaci\u00f3n de la calle 5 Oriente\"}]},{\"@type\":\"WebSite\",\"@id\":\"https:\\\/\\\/pueblaenlinea.com\\\/2025\\\/#website\",\"url\":\"https:\\\/\\\/pueblaenlinea.com\\\/2025\\\/\",\"name\":\"Puebla En Linea\",\"description\":\"noticias de puebla, periodismo serio y comprometido.\",\"potentialAction\":[{\"@type\":\"SearchAction\",\"target\":{\"@type\":\"EntryPoint\",\"urlTemplate\":\"https:\\\/\\\/pueblaenlinea.com\\\/2025\\\/?s={search_term_string}\"},\"query-input\":{\"@type\":\"PropertyValueSpecification\",\"valueRequired\":true,\"valueName\":\"search_term_string\"}}],\"inLanguage\":\"es\"},{\"@type\":\"Person\",\"@id\":\"https:\\\/\\\/pueblaenlinea.com\\\/2025\\\/#\\\/schema\\\/person\\\/21ecc830e083be84dbddd9a05208834f\",\"name\":\"Jazmin Cardenas\",\"image\":{\"@type\":\"ImageObject\",\"inLanguage\":\"es\",\"@id\":\"https:\\\/\\\/pueblaenlinea.com\\\/2025\\\/wp-content\\\/litespeed\\\/avatar\\\/9d7ab062f41a13d0af53522b39daf76f.jpg?ver=1788194722\",\"url\":\"https:\\\/\\\/pueblaenlinea.com\\\/2025\\\/wp-content\\\/litespeed\\\/avatar\\\/9d7ab062f41a13d0af53522b39daf76f.jpg?ver=1788194722\",\"contentUrl\":\"https:\\\/\\\/pueblaenlinea.com\\\/2025\\\/wp-content\\\/litespeed\\\/avatar\\\/9d7ab062f41a13d0af53522b39daf76f.jpg?ver=1788194722\",\"caption\":\"Jazmin Cardenas\"},\"url\":\"https:\\\/\\\/pueblaenlinea.com\\\/2025\\\/author\\\/jaz-pel\\\/\"}]}<\/script>\n<!-- \/ Yoast SEO plugin. -->","yoast_head_json":{"title":"Pepe Chedraui fortalece vialidades en El Salvador con pavimentaci\u00f3n de la calle 5 Oriente - Puebla En Linea","description":"Pepe Chedraui fortalece vialidades en El Salvador con pavimentaci\u00f3n de la calle 5 Oriente Capital","robots":{"index":"index","follow":"follow","max-snippet":"max-snippet:-1","max-image-preview":"max-image-preview:large","max-video-preview":"max-video-preview:-1"},"canonical":"https:\/\/pueblaenlinea.com\/2025\/capital\/pepe-chedraui-fortalece-vialidades-en-el-salvador-con-pavimentacion-de-la-calle-5-oriente\/","og_locale":"es_MX","og_type":"article","og_title":"Pepe Chedraui fortalece vialidades en El Salvador con pavimentaci\u00f3n de la calle 5 Oriente - Puebla En Linea","og_description":"Pepe Chedraui fortalece vialidades en El Salvador con pavimentaci\u00f3n de la calle 5 Oriente Capital","og_url":"https:\/\/pueblaenlinea.com\/2025\/capital\/pepe-chedraui-fortalece-vialidades-en-el-salvador-con-pavimentacion-de-la-calle-5-oriente\/","og_site_name":"Puebla En Linea","article_publisher":"https:\/\/www.facebook.com\/pueblaenlineacom","article_published_time":"2026-09-04T18:06:03+00:00","article_modified_time":"2026-09-04T18:06:04+00:00","og_image":[{"width":1200,"height":674,"url":"https:\/\/pueblaenlinea.com\/2025\/wp-content\/uploads\/2026\/09\/calle.jpg","type":"image\/jpeg"}],"author":"Jazmin Cardenas","twitter_card":"summary_large_image","twitter_misc":{"Escrito por":"Jazmin Cardenas","Tiempo de lectura":"3 minutos"},"schema":{"@context":"https:\/\/schema.org","@graph":[{"@type":"Article","@id":"https:\/\/pueblaenlinea.com\/2025\/capital\/pepe-chedraui-fortalece-vialidades-en-el-salvador-con-pavimentacion-de-la-calle-5-oriente\/#article","isPartOf":{"@id":"https:\/\/pueblaenlinea.com\/2025\/capital\/pepe-chedraui-fortalece-vialidades-en-el-salvador-con-pavimentacion-de-la-calle-5-oriente\/"},"author":{"name":"Jazmin Cardenas","@id":"https:\/\/pueblaenlinea.com\/2025\/#\/schema\/person\/21ecc830e083be84dbddd9a05208834f"},"headline":"Pepe Chedraui fortalece vialidades en El Salvador con pavimentaci\u00f3n de la calle 5 Oriente","datePublished":"2026-09-04T18:06:03+00:00","dateModified":"2026-09-04T18:06:04+00:00","mainEntityOfPage":{"@id":"https:\/\/pueblaenlinea.com\/2025\/capital\/pepe-chedraui-fortalece-vialidades-en-el-salvador-con-pavimentacion-de-la-calle-5-oriente\/"},"wordCount":482,"image":{"@id":"https:\/\/pueblaenlinea.com\/2025\/capital\/pepe-chedraui-fortalece-vialidades-en-el-salvador-con-pavimentacion-de-la-calle-5-oriente\/#primaryimage"},"thumbnailUrl":"https:\/\/pueblaenlinea.com\/2025\/wp-content\/uploads\/2026\/09\/calle.jpg","keywords":["Puebla"],"articleSection":["Capital"],"inLanguage":"es"},{"@type":"WebPage","@id":"https:\/\/pueblaenlinea.com\/2025\/capital\/pepe-chedraui-fortalece-vialidades-en-el-salvador-con-pavimentacion-de-la-calle-5-oriente\/","url":"https:\/\/pueblaenlinea.com\/2025\/capital\/pepe-chedraui-fortalece-vialidades-en-el-salvador-con-pavimentacion-de-la-calle-5-oriente\/","name":"Pepe Chedraui fortalece vialidades en El Salvador con pavimentaci\u00f3n de la calle 5 Oriente - Puebla En Linea","isPartOf":{"@id":"https:\/\/pueblaenlinea.com\/2025\/#website"},"primaryImageOfPage":{"@id":"https:\/\/pueblaenlinea.com\/2025\/capital\/pepe-chedraui-fortalece-vialidades-en-el-salvador-con-pavimentacion-de-la-calle-5-oriente\/#primaryimage"},"image":{"@id":"https:\/\/pueblaenlinea.com\/2025\/capital\/pepe-chedraui-fortalece-vialidades-en-el-salvador-con-pavimentacion-de-la-calle-5-oriente\/#primaryimage"},"thumbnailUrl":"https:\/\/pueblaenlinea.com\/2025\/wp-content\/uploads\/2026\/09\/calle.jpg","datePublished":"2026-09-04T18:06:03+00:00","dateModified":"2026-09-04T18:06:04+00:00","author":{"@id":"https:\/\/pueblaenlinea.com\/2025\/#\/schema\/person\/21ecc830e083be84dbddd9a05208834f"},"description":"Pepe Chedraui fortalece vialidades en El Salvador con pavimentaci\u00f3n de la calle 5 Oriente Capital","breadcrumb":{"@id":"https:\/\/pueblaenlinea.com\/2025\/capital\/pepe-chedraui-fortalece-vialidades-en-el-salvador-con-pavimentacion-de-la-calle-5-oriente\/#breadcrumb"},"inLanguage":"es","potentialAction":[{"@type":"ReadAction","target":["https:\/\/pueblaenlinea.com\/2025\/capital\/pepe-chedraui-fortalece-vialidades-en-el-salvador-con-pavimentacion-de-la-calle-5-oriente\/"]}]},{"@type":"ImageObject","inLanguage":"es","@id":"https:\/\/pueblaenlinea.com\/2025\/capital\/pepe-chedraui-fortalece-vialidades-en-el-salvador-con-pavimentacion-de-la-calle-5-oriente\/#primaryimage","url":"https:\/\/pueblaenlinea.com\/2025\/wp-content\/uploads\/2026\/09\/calle.jpg","contentUrl":"https:\/\/pueblaenlinea.com\/2025\/wp-content\/uploads\/2026\/09\/calle.jpg","width":1200,"height":674},{"@type":"BreadcrumbList","@id":"https:\/\/pueblaenlinea.com\/2025\/capital\/pepe-chedraui-fortalece-vialidades-en-el-salvador-con-pavimentacion-de-la-calle-5-oriente\/#breadcrumb","itemListElement":[{"@type":"ListItem","position":1,"name":"Inicio","item":"https:\/\/pueblaenlinea.com\/2025\/"},{"@type":"ListItem","position":2,"name":"Pepe Chedraui fortalece vialidades en El Salvador con pavimentaci\u00f3n de la calle 5 Oriente"}]},{"@type":"WebSite","@id":"https:\/\/pueblaenlinea.com\/2025\/#website","url":"https:\/\/pueblaenlinea.com\/2025\/","name":"Puebla En Linea","description":"noticias de puebla, periodismo serio y comprometido.","potentialAction":[{"@type":"SearchAction","target":{"@type":"EntryPoint","urlTemplate":"https:\/\/pueblaenlinea.com\/2025\/?s={search_term_string}"},"query-input":{"@type":"PropertyValueSpecification","valueRequired":true,"valueName":"search_term_string"}}],"inLanguage":"es"},{"@type":"Person","@id":"https:\/\/pueblaenlinea.com\/2025\/#\/schema\/person\/21ecc830e083be84dbddd9a05208834f","name":"Jazmin Cardenas","image":{"@type":"ImageObject","inLanguage":"es","@id":"https:\/\/pueblaenlinea.com\/2025\/wp-content\/litespeed\/avatar\/9d7ab062f41a13d0af53522b39daf76f.jpg?ver=1788194722","url":"https:\/\/pueblaenlinea.com\/2025\/wp-content\/litespeed\/avatar\/9d7ab062f41a13d0af53522b39daf76f.jpg?ver=1788194722","contentUrl":"https:\/\/pueblaenlinea.com\/2025\/wp-content\/litespeed\/avatar\/9d7ab062f41a13d0af53522b39daf76f.jpg?ver=1788194722","caption":"Jazmin Cardenas"},"url":"https:\/\/pueblaenlinea.com\/2025\/author\/jaz-pel\/"}]}},"_links":{"self":[{"href":"https:\/\/pueblaenlinea.com\/2025\/wp-json\/wp\/v2\/posts\/134901","targetHints":{"allow":["GET"]}}],"collection":[{"href":"https:\/\/pueblaenlinea.com\/2025\/wp-json\/wp\/v2\/posts"}],"about":[{"href":"https:\/\/pueblaenlinea.com\/2025\/wp-json\/wp\/v2\/types\/post"}],"author":[{"embeddable":true,"href":"https:\/\/pueblaenlinea.com\/2025\/wp-json\/wp\/v2\/users\/10"}],"replies":[{"embeddable":true,"href":"https:\/\/pueblaenlinea.com\/2025\/wp-json\/wp\/v2\/comments?post=134901"}],"version-history":[{"count":0,"href":"https:\/\/pueblaenlinea.com\/2025\/wp-json\/wp\/v2\/posts\/134901\/revisions"}],"wp:featuredmedia":[{"embeddable":true,"href":"https:\/\/pueblaenlinea.com\/2025\/wp-json\/wp\/v2\/media\/134902"}],"wp:attachment":[{"href":"https:\/\/pueblaenlinea.com\/2025\/wp-json\/wp\/v2\/media?parent=134901"}],"wp:term":[{"taxonomy":"category","embeddable":true,"href":"https:\/\/pueblaenlinea.com\/2025\/wp-json\/wp\/v2\/categories?post=134901"},{"taxonomy":"post_tag","embeddable":true,"href":"https:\/\/pueblaenlinea.com\/2025\/wp-json\/wp\/v2\/tags?post=134901"}],"curies":[{"name":"wp","href":"https:\/\/api.w.org\/{rel}","templated":true}]}}