{"id":134897,"date":"2026-09-04T11:25:02","date_gmt":"2026-09-04T17:25:02","guid":{"rendered":"https:\/\/pueblaenlinea.com\/2025\/?p=134897"},"modified":"2026-09-04T11:28:05","modified_gmt":"2026-09-04T17:28:05","slug":"asaltan-a-cuentahabiente-afuera-de-santander-en-colonia-la-paz-despliegan-operativo","status":"publish","type":"post","link":"https:\/\/pueblaenlinea.com\/2025\/nota-roja\/asaltan-a-cuentahabiente-afuera-de-santander-en-colonia-la-paz-despliegan-operativo\/","title":{"rendered":"Asaltan a cuentahabiente afuera de Santander en colonia La Paz; despliegan operativo"},"content":{"rendered":"\n<p class=\"wp-block-paragraph\"><strong>Un cuentahabiente fue v\u00edctima de un presunto asalto este viernes en las inmediaciones de una sucursal Santander ubicada en la colonia La Paz, en Puebla capital, lo que provoc\u00f3 la movilizaci\u00f3n de elementos de la Polic\u00eda de la Ciudad.<\/strong><\/p>\n\n\n\n<p class=\"wp-block-paragraph\">El reporte se recibi\u00f3 en el cruce de <strong>Avenida Teziutl\u00e1n Sur y Rosendo M\u00e1rquez<\/strong>, donde autoridades acudieron para atender al afectado y comenzar con las primeras diligencias.<\/p>\n\n\n\n<p class=\"wp-block-paragraph\">De manera preliminar, se inform\u00f3 que el hecho habr\u00eda ocurrido cuando el cuentahabiente se encontraba en las inmediaciones de la instituci\u00f3n bancaria. Sin embargo, <strong>la mec\u00e1nica exacta del robo a\u00fan no ha sido establecida oficialmente<\/strong>.<\/p>\n\n\n\n<ul class=\"wp-block-list\">\n<li><strong>\u2022 Asalto a cuentahabiente:<\/strong> el robo fue reportado en las inmediaciones de un Santander.<\/li>\n\n\n\n<li><strong>\u2022 Zona de los hechos:<\/strong> Avenida Teziutl\u00e1n Sur y Rosendo M\u00e1rquez, colonia La Paz.<\/li>\n\n\n\n<li><strong>\u2022 Polic\u00eda de la Ciudad:<\/strong> elementos acudieron al sitio tras recibir el reporte.<\/li>\n\n\n\n<li><strong>\u2022 Monto desconocido:<\/strong> hasta el momento no se ha informado cu\u00e1nto efectivo habr\u00eda sido sustra\u00eddo.<\/li>\n<\/ul>\n\n\n\n<h3 class=\"wp-block-heading\">La investigaci\u00f3n apenas comienza<\/h3>\n\n\n\n<p class=\"wp-block-paragraph\">La presencia de los uniformados gener\u00f3 movilizaci\u00f3n en la zona, mientras se recababan los primeros datos sobre lo ocurrido.<\/p>\n\n\n\n<p class=\"wp-block-paragraph\">Hasta ahora no se ha informado p\u00fablicamente si el responsable actu\u00f3 solo o acompa\u00f1ado, si utiliz\u00f3 alg\u00fan veh\u00edculo para escapar o si el robo ocurri\u00f3 dentro de la sucursal o en sus inmediaciones.<\/p>\n\n\n\n<p class=\"wp-block-paragraph\">Las autoridades deber\u00e1n establecer tambi\u00e9n si existen c\u00e1maras de videovigilancia que permitan reconstruir los movimientos previos y posteriores al asalto e identificar al o los responsables.<\/p>\n\n\n\n<p class=\"wp-block-paragraph\">El monto del efectivo presuntamente robado tampoco ha sido confirmado. Por lo que cualquier cifra que circule en redes sociales deber\u00e1 tomarse con reserva hasta que exista informaci\u00f3n oficial.<\/p>\n\n\n\n<p class=\"wp-block-paragraph\">Si quieres seguir esta y otras notas de inter\u00e9s en tiempo real, \u00fanete a nuestro canal de WhatsApp: <a href=\"https:\/\/whatsapp.com\/channel\/0029Va5CSyuEQIalZaJWpX1h?utm_source=chatgpt.com\">nuestro canal de WhatsApp<\/a><\/p>\n\n\n\n<p class=\"wp-block-paragraph\">La informaci\u00f3n permanece <strong>en desarrollo<\/strong>, mientras las autoridades contin\u00faan con las diligencias correspondientes para esclarecer el robo y determinar c\u00f3mo ocurri\u00f3.<\/p>\n\n\n\n<p class=\"wp-block-paragraph\">En una zona donde el movimiento bancario es constante, un asalto de este tipo vuelve a poner bajo la lupa la seguridad de quienes realizan operaciones con efectivo. Por ahora, la investigaci\u00f3n tendr\u00e1 que responder cu\u00e1nto se llevaron y, sobre todo, qui\u00e9n estuvo detr\u00e1s del atraco.<\/p>\n\n\n\n<p class=\"wp-block-paragraph\"><strong>Escrito por Redacci\u00f3n Puebla En L\u00ednea<\/strong><\/p>\n\n\n\n<ol class=\"wp-block-list\">\n<li><strong>Asaltan a cuentahabiente cerca de Santander en La Paz; Polic\u00eda de la Ciudad despliega operativo<\/strong><\/li>\n\n\n\n<li><strong>Violento robo a cuentahabiente moviliza a polic\u00edas en Santander de la colonia La Paz<\/strong><\/li>\n\n\n\n<li><strong>Robo a cuentahabiente en La Paz: polic\u00edas llegan a Santander tras reporte de asalto<\/strong><\/li>\n\n\n\n<li><strong>Asaltan a cuentahabiente en zona bancaria de La Paz; a\u00fan se desconoce cu\u00e1nto dinero robaron<\/strong><\/li>\n\n\n\n<li><strong>Alerta en La Paz: reportan asalto a cuentahabiente frente a Santander en Puebla<\/strong><\/li>\n<\/ol>\n","protected":false},"excerpt":{"rendered":"<p>Un cuentahabiente fue v\u00edctima de un presunto asalto este viernes en las inmediaciones de una sucursal Santander ubicada en la colonia La Paz, en Puebla capital, lo que provoc\u00f3 la movilizaci\u00f3n de elementos de la Polic\u00eda de la Ciudad. El reporte se recibi\u00f3 en el cruce de Avenida Teziutl\u00e1n Sur y Rosendo M\u00e1rquez, donde autoridades&#8230;<\/p>\n","protected":false},"author":10,"featured_media":134898,"comment_status":"closed","ping_status":"closed","sticky":false,"template":"","format":"standard","meta":{"footnotes":""},"categories":[24],"tags":[1395],"class_list":["post-134897","post","type-post","status-publish","format-standard","has-post-thumbnail","hentry","category-nota-roja","tag-asalto-puebla"],"yoast_head":"<!-- This site is optimized with the Yoast SEO plugin v28.4 - https:\/\/yoast.com\/product\/yoast-seo-wordpress\/ -->\n<title>Asaltan a cuentahabiente afuera de Santander en colonia La Paz; despliegan operativo - Puebla En Linea<\/title>\n<meta name=\"description\" content=\"Asaltan a cuentahabiente afuera de Santander en colonia La Paz; despliegan operativo Nota Roja\" \/>\n<meta name=\"robots\" content=\"index, follow, max-snippet:-1, max-image-preview:large, max-video-preview:-1\" \/>\n<link rel=\"canonical\" href=\"https:\/\/pueblaenlinea.com\/2025\/nota-roja\/asaltan-a-cuentahabiente-afuera-de-santander-en-colonia-la-paz-despliegan-operativo\/\" \/>\n<meta property=\"og:locale\" content=\"es_MX\" \/>\n<meta property=\"og:type\" content=\"article\" \/>\n<meta property=\"og:title\" content=\"Asaltan a cuentahabiente afuera de Santander en colonia La Paz; despliegan operativo - Puebla En Linea\" \/>\n<meta property=\"og:description\" content=\"Asaltan a cuentahabiente afuera de Santander en colonia La Paz; despliegan operativo Nota Roja\" \/>\n<meta property=\"og:url\" content=\"https:\/\/pueblaenlinea.com\/2025\/nota-roja\/asaltan-a-cuentahabiente-afuera-de-santander-en-colonia-la-paz-despliegan-operativo\/\" \/>\n<meta property=\"og:site_name\" content=\"Puebla En Linea\" \/>\n<meta property=\"article:publisher\" content=\"https:\/\/www.facebook.com\/pueblaenlineacom\" \/>\n<meta property=\"article:published_time\" content=\"2026-09-04T17:25:02+00:00\" \/>\n<meta property=\"article:modified_time\" content=\"2026-09-04T17:28:05+00:00\" \/>\n<meta property=\"og:image\" content=\"https:\/\/pueblaenlinea.com\/2025\/wp-content\/uploads\/2026\/09\/santander.jpg\" \/>\n\t<meta property=\"og:image:width\" content=\"1200\" \/>\n\t<meta property=\"og:image:height\" content=\"674\" \/>\n\t<meta property=\"og:image:type\" content=\"image\/jpeg\" \/>\n<meta name=\"author\" content=\"Jazmin Cardenas\" \/>\n<meta name=\"twitter:card\" content=\"summary_large_image\" \/>\n<meta name=\"twitter:label1\" content=\"Escrito por\" \/>\n\t<meta name=\"twitter:data1\" content=\"Jazmin Cardenas\" \/>\n\t<meta name=\"twitter:label2\" content=\"Tiempo de lectura\" \/>\n\t<meta name=\"twitter:data2\" content=\"3 minutos\" \/>\n<script type=\"application\/ld+json\" class=\"yoast-schema-graph\">{\"@context\":\"https:\\\/\\\/schema.org\",\"@graph\":[{\"@type\":\"Article\",\"@id\":\"https:\\\/\\\/pueblaenlinea.com\\\/2025\\\/nota-roja\\\/asaltan-a-cuentahabiente-afuera-de-santander-en-colonia-la-paz-despliegan-operativo\\\/#article\",\"isPartOf\":{\"@id\":\"https:\\\/\\\/pueblaenlinea.com\\\/2025\\\/nota-roja\\\/asaltan-a-cuentahabiente-afuera-de-santander-en-colonia-la-paz-despliegan-operativo\\\/\"},\"author\":{\"name\":\"Jazmin Cardenas\",\"@id\":\"https:\\\/\\\/pueblaenlinea.com\\\/2025\\\/#\\\/schema\\\/person\\\/21ecc830e083be84dbddd9a05208834f\"},\"headline\":\"Asaltan a cuentahabiente afuera de Santander en colonia La Paz; despliegan operativo\",\"datePublished\":\"2026-09-04T17:25:02+00:00\",\"dateModified\":\"2026-09-04T17:28:05+00:00\",\"mainEntityOfPage\":{\"@id\":\"https:\\\/\\\/pueblaenlinea.com\\\/2025\\\/nota-roja\\\/asaltan-a-cuentahabiente-afuera-de-santander-en-colonia-la-paz-despliegan-operativo\\\/\"},\"wordCount\":482,\"image\":{\"@id\":\"https:\\\/\\\/pueblaenlinea.com\\\/2025\\\/nota-roja\\\/asaltan-a-cuentahabiente-afuera-de-santander-en-colonia-la-paz-despliegan-operativo\\\/#primaryimage\"},\"thumbnailUrl\":\"https:\\\/\\\/pueblaenlinea.com\\\/2025\\\/wp-content\\\/uploads\\\/2026\\\/09\\\/santander.jpg\",\"keywords\":[\"asalto puebla\"],\"articleSection\":[\"Nota Roja\"],\"inLanguage\":\"es\"},{\"@type\":\"WebPage\",\"@id\":\"https:\\\/\\\/pueblaenlinea.com\\\/2025\\\/nota-roja\\\/asaltan-a-cuentahabiente-afuera-de-santander-en-colonia-la-paz-despliegan-operativo\\\/\",\"url\":\"https:\\\/\\\/pueblaenlinea.com\\\/2025\\\/nota-roja\\\/asaltan-a-cuentahabiente-afuera-de-santander-en-colonia-la-paz-despliegan-operativo\\\/\",\"name\":\"Asaltan a cuentahabiente afuera de Santander en colonia La Paz; despliegan operativo - Puebla En Linea\",\"isPartOf\":{\"@id\":\"https:\\\/\\\/pueblaenlinea.com\\\/2025\\\/#website\"},\"primaryImageOfPage\":{\"@id\":\"https:\\\/\\\/pueblaenlinea.com\\\/2025\\\/nota-roja\\\/asaltan-a-cuentahabiente-afuera-de-santander-en-colonia-la-paz-despliegan-operativo\\\/#primaryimage\"},\"image\":{\"@id\":\"https:\\\/\\\/pueblaenlinea.com\\\/2025\\\/nota-roja\\\/asaltan-a-cuentahabiente-afuera-de-santander-en-colonia-la-paz-despliegan-operativo\\\/#primaryimage\"},\"thumbnailUrl\":\"https:\\\/\\\/pueblaenlinea.com\\\/2025\\\/wp-content\\\/uploads\\\/2026\\\/09\\\/santander.jpg\",\"datePublished\":\"2026-09-04T17:25:02+00:00\",\"dateModified\":\"2026-09-04T17:28:05+00:00\",\"author\":{\"@id\":\"https:\\\/\\\/pueblaenlinea.com\\\/2025\\\/#\\\/schema\\\/person\\\/21ecc830e083be84dbddd9a05208834f\"},\"description\":\"Asaltan a cuentahabiente afuera de Santander en colonia La Paz; despliegan operativo Nota Roja\",\"breadcrumb\":{\"@id\":\"https:\\\/\\\/pueblaenlinea.com\\\/2025\\\/nota-roja\\\/asaltan-a-cuentahabiente-afuera-de-santander-en-colonia-la-paz-despliegan-operativo\\\/#breadcrumb\"},\"inLanguage\":\"es\",\"potentialAction\":[{\"@type\":\"ReadAction\",\"target\":[\"https:\\\/\\\/pueblaenlinea.com\\\/2025\\\/nota-roja\\\/asaltan-a-cuentahabiente-afuera-de-santander-en-colonia-la-paz-despliegan-operativo\\\/\"]}]},{\"@type\":\"ImageObject\",\"inLanguage\":\"es\",\"@id\":\"https:\\\/\\\/pueblaenlinea.com\\\/2025\\\/nota-roja\\\/asaltan-a-cuentahabiente-afuera-de-santander-en-colonia-la-paz-despliegan-operativo\\\/#primaryimage\",\"url\":\"https:\\\/\\\/pueblaenlinea.com\\\/2025\\\/wp-content\\\/uploads\\\/2026\\\/09\\\/santander.jpg\",\"contentUrl\":\"https:\\\/\\\/pueblaenlinea.com\\\/2025\\\/wp-content\\\/uploads\\\/2026\\\/09\\\/santander.jpg\",\"width\":1200,\"height\":674},{\"@type\":\"BreadcrumbList\",\"@id\":\"https:\\\/\\\/pueblaenlinea.com\\\/2025\\\/nota-roja\\\/asaltan-a-cuentahabiente-afuera-de-santander-en-colonia-la-paz-despliegan-operativo\\\/#breadcrumb\",\"itemListElement\":[{\"@type\":\"ListItem\",\"position\":1,\"name\":\"Inicio\",\"item\":\"https:\\\/\\\/pueblaenlinea.com\\\/2025\\\/\"},{\"@type\":\"ListItem\",\"position\":2,\"name\":\"Asaltan a cuentahabiente afuera de Santander en colonia La Paz; despliegan operativo\"}]},{\"@type\":\"WebSite\",\"@id\":\"https:\\\/\\\/pueblaenlinea.com\\\/2025\\\/#website\",\"url\":\"https:\\\/\\\/pueblaenlinea.com\\\/2025\\\/\",\"name\":\"Puebla En Linea\",\"description\":\"noticias de puebla, periodismo serio y comprometido.\",\"potentialAction\":[{\"@type\":\"SearchAction\",\"target\":{\"@type\":\"EntryPoint\",\"urlTemplate\":\"https:\\\/\\\/pueblaenlinea.com\\\/2025\\\/?s={search_term_string}\"},\"query-input\":{\"@type\":\"PropertyValueSpecification\",\"valueRequired\":true,\"valueName\":\"search_term_string\"}}],\"inLanguage\":\"es\"},{\"@type\":\"Person\",\"@id\":\"https:\\\/\\\/pueblaenlinea.com\\\/2025\\\/#\\\/schema\\\/person\\\/21ecc830e083be84dbddd9a05208834f\",\"name\":\"Jazmin Cardenas\",\"image\":{\"@type\":\"ImageObject\",\"inLanguage\":\"es\",\"@id\":\"https:\\\/\\\/pueblaenlinea.com\\\/2025\\\/wp-content\\\/litespeed\\\/avatar\\\/9d7ab062f41a13d0af53522b39daf76f.jpg?ver=1788194722\",\"url\":\"https:\\\/\\\/pueblaenlinea.com\\\/2025\\\/wp-content\\\/litespeed\\\/avatar\\\/9d7ab062f41a13d0af53522b39daf76f.jpg?ver=1788194722\",\"contentUrl\":\"https:\\\/\\\/pueblaenlinea.com\\\/2025\\\/wp-content\\\/litespeed\\\/avatar\\\/9d7ab062f41a13d0af53522b39daf76f.jpg?ver=1788194722\",\"caption\":\"Jazmin Cardenas\"},\"url\":\"https:\\\/\\\/pueblaenlinea.com\\\/2025\\\/author\\\/jaz-pel\\\/\"}]}<\/script>\n<!-- \/ Yoast SEO plugin. -->","yoast_head_json":{"title":"Asaltan a cuentahabiente afuera de Santander en colonia La Paz; despliegan operativo - Puebla En Linea","description":"Asaltan a cuentahabiente afuera de Santander en colonia La Paz; despliegan operativo Nota Roja","robots":{"index":"index","follow":"follow","max-snippet":"max-snippet:-1","max-image-preview":"max-image-preview:large","max-video-preview":"max-video-preview:-1"},"canonical":"https:\/\/pueblaenlinea.com\/2025\/nota-roja\/asaltan-a-cuentahabiente-afuera-de-santander-en-colonia-la-paz-despliegan-operativo\/","og_locale":"es_MX","og_type":"article","og_title":"Asaltan a cuentahabiente afuera de Santander en colonia La Paz; despliegan operativo - Puebla En Linea","og_description":"Asaltan a cuentahabiente afuera de Santander en colonia La Paz; despliegan operativo Nota Roja","og_url":"https:\/\/pueblaenlinea.com\/2025\/nota-roja\/asaltan-a-cuentahabiente-afuera-de-santander-en-colonia-la-paz-despliegan-operativo\/","og_site_name":"Puebla En Linea","article_publisher":"https:\/\/www.facebook.com\/pueblaenlineacom","article_published_time":"2026-09-04T17:25:02+00:00","article_modified_time":"2026-09-04T17:28:05+00:00","og_image":[{"width":1200,"height":674,"url":"https:\/\/pueblaenlinea.com\/2025\/wp-content\/uploads\/2026\/09\/santander.jpg","type":"image\/jpeg"}],"author":"Jazmin Cardenas","twitter_card":"summary_large_image","twitter_misc":{"Escrito por":"Jazmin Cardenas","Tiempo de lectura":"3 minutos"},"schema":{"@context":"https:\/\/schema.org","@graph":[{"@type":"Article","@id":"https:\/\/pueblaenlinea.com\/2025\/nota-roja\/asaltan-a-cuentahabiente-afuera-de-santander-en-colonia-la-paz-despliegan-operativo\/#article","isPartOf":{"@id":"https:\/\/pueblaenlinea.com\/2025\/nota-roja\/asaltan-a-cuentahabiente-afuera-de-santander-en-colonia-la-paz-despliegan-operativo\/"},"author":{"name":"Jazmin Cardenas","@id":"https:\/\/pueblaenlinea.com\/2025\/#\/schema\/person\/21ecc830e083be84dbddd9a05208834f"},"headline":"Asaltan a cuentahabiente afuera de Santander en colonia La Paz; despliegan operativo","datePublished":"2026-09-04T17:25:02+00:00","dateModified":"2026-09-04T17:28:05+00:00","mainEntityOfPage":{"@id":"https:\/\/pueblaenlinea.com\/2025\/nota-roja\/asaltan-a-cuentahabiente-afuera-de-santander-en-colonia-la-paz-despliegan-operativo\/"},"wordCount":482,"image":{"@id":"https:\/\/pueblaenlinea.com\/2025\/nota-roja\/asaltan-a-cuentahabiente-afuera-de-santander-en-colonia-la-paz-despliegan-operativo\/#primaryimage"},"thumbnailUrl":"https:\/\/pueblaenlinea.com\/2025\/wp-content\/uploads\/2026\/09\/santander.jpg","keywords":["asalto puebla"],"articleSection":["Nota Roja"],"inLanguage":"es"},{"@type":"WebPage","@id":"https:\/\/pueblaenlinea.com\/2025\/nota-roja\/asaltan-a-cuentahabiente-afuera-de-santander-en-colonia-la-paz-despliegan-operativo\/","url":"https:\/\/pueblaenlinea.com\/2025\/nota-roja\/asaltan-a-cuentahabiente-afuera-de-santander-en-colonia-la-paz-despliegan-operativo\/","name":"Asaltan a cuentahabiente afuera de Santander en colonia La Paz; despliegan operativo - Puebla En Linea","isPartOf":{"@id":"https:\/\/pueblaenlinea.com\/2025\/#website"},"primaryImageOfPage":{"@id":"https:\/\/pueblaenlinea.com\/2025\/nota-roja\/asaltan-a-cuentahabiente-afuera-de-santander-en-colonia-la-paz-despliegan-operativo\/#primaryimage"},"image":{"@id":"https:\/\/pueblaenlinea.com\/2025\/nota-roja\/asaltan-a-cuentahabiente-afuera-de-santander-en-colonia-la-paz-despliegan-operativo\/#primaryimage"},"thumbnailUrl":"https:\/\/pueblaenlinea.com\/2025\/wp-content\/uploads\/2026\/09\/santander.jpg","datePublished":"2026-09-04T17:25:02+00:00","dateModified":"2026-09-04T17:28:05+00:00","author":{"@id":"https:\/\/pueblaenlinea.com\/2025\/#\/schema\/person\/21ecc830e083be84dbddd9a05208834f"},"description":"Asaltan a cuentahabiente afuera de Santander en colonia La Paz; despliegan operativo Nota Roja","breadcrumb":{"@id":"https:\/\/pueblaenlinea.com\/2025\/nota-roja\/asaltan-a-cuentahabiente-afuera-de-santander-en-colonia-la-paz-despliegan-operativo\/#breadcrumb"},"inLanguage":"es","potentialAction":[{"@type":"ReadAction","target":["https:\/\/pueblaenlinea.com\/2025\/nota-roja\/asaltan-a-cuentahabiente-afuera-de-santander-en-colonia-la-paz-despliegan-operativo\/"]}]},{"@type":"ImageObject","inLanguage":"es","@id":"https:\/\/pueblaenlinea.com\/2025\/nota-roja\/asaltan-a-cuentahabiente-afuera-de-santander-en-colonia-la-paz-despliegan-operativo\/#primaryimage","url":"https:\/\/pueblaenlinea.com\/2025\/wp-content\/uploads\/2026\/09\/santander.jpg","contentUrl":"https:\/\/pueblaenlinea.com\/2025\/wp-content\/uploads\/2026\/09\/santander.jpg","width":1200,"height":674},{"@type":"BreadcrumbList","@id":"https:\/\/pueblaenlinea.com\/2025\/nota-roja\/asaltan-a-cuentahabiente-afuera-de-santander-en-colonia-la-paz-despliegan-operativo\/#breadcrumb","itemListElement":[{"@type":"ListItem","position":1,"name":"Inicio","item":"https:\/\/pueblaenlinea.com\/2025\/"},{"@type":"ListItem","position":2,"name":"Asaltan a cuentahabiente afuera de Santander en colonia La Paz; despliegan operativo"}]},{"@type":"WebSite","@id":"https:\/\/pueblaenlinea.com\/2025\/#website","url":"https:\/\/pueblaenlinea.com\/2025\/","name":"Puebla En Linea","description":"noticias de puebla, periodismo serio y comprometido.","potentialAction":[{"@type":"SearchAction","target":{"@type":"EntryPoint","urlTemplate":"https:\/\/pueblaenlinea.com\/2025\/?s={search_term_string}"},"query-input":{"@type":"PropertyValueSpecification","valueRequired":true,"valueName":"search_term_string"}}],"inLanguage":"es"},{"@type":"Person","@id":"https:\/\/pueblaenlinea.com\/2025\/#\/schema\/person\/21ecc830e083be84dbddd9a05208834f","name":"Jazmin Cardenas","image":{"@type":"ImageObject","inLanguage":"es","@id":"https:\/\/pueblaenlinea.com\/2025\/wp-content\/litespeed\/avatar\/9d7ab062f41a13d0af53522b39daf76f.jpg?ver=1788194722","url":"https:\/\/pueblaenlinea.com\/2025\/wp-content\/litespeed\/avatar\/9d7ab062f41a13d0af53522b39daf76f.jpg?ver=1788194722","contentUrl":"https:\/\/pueblaenlinea.com\/2025\/wp-content\/litespeed\/avatar\/9d7ab062f41a13d0af53522b39daf76f.jpg?ver=1788194722","caption":"Jazmin Cardenas"},"url":"https:\/\/pueblaenlinea.com\/2025\/author\/jaz-pel\/"}]}},"_links":{"self":[{"href":"https:\/\/pueblaenlinea.com\/2025\/wp-json\/wp\/v2\/posts\/134897","targetHints":{"allow":["GET"]}}],"collection":[{"href":"https:\/\/pueblaenlinea.com\/2025\/wp-json\/wp\/v2\/posts"}],"about":[{"href":"https:\/\/pueblaenlinea.com\/2025\/wp-json\/wp\/v2\/types\/post"}],"author":[{"embeddable":true,"href":"https:\/\/pueblaenlinea.com\/2025\/wp-json\/wp\/v2\/users\/10"}],"replies":[{"embeddable":true,"href":"https:\/\/pueblaenlinea.com\/2025\/wp-json\/wp\/v2\/comments?post=134897"}],"version-history":[{"count":0,"href":"https:\/\/pueblaenlinea.com\/2025\/wp-json\/wp\/v2\/posts\/134897\/revisions"}],"wp:featuredmedia":[{"embeddable":true,"href":"https:\/\/pueblaenlinea.com\/2025\/wp-json\/wp\/v2\/media\/134898"}],"wp:attachment":[{"href":"https:\/\/pueblaenlinea.com\/2025\/wp-json\/wp\/v2\/media?parent=134897"}],"wp:term":[{"taxonomy":"category","embeddable":true,"href":"https:\/\/pueblaenlinea.com\/2025\/wp-json\/wp\/v2\/categories?post=134897"},{"taxonomy":"post_tag","embeddable":true,"href":"https:\/\/pueblaenlinea.com\/2025\/wp-json\/wp\/v2\/tags?post=134897"}],"curies":[{"name":"wp","href":"https:\/\/api.w.org\/{rel}","templated":true}]}}