{"id":134893,"date":"2026-09-04T11:03:23","date_gmt":"2026-09-04T17:03:23","guid":{"rendered":"https:\/\/pueblaenlinea.com\/2025\/?p=134893"},"modified":"2026-09-04T11:03:23","modified_gmt":"2026-09-04T17:03:23","slug":"buscan-a-madre-e-hija-desaparecidas-en-libres-salieron-de-su-casa-el-1-de-septiembre","status":"publish","type":"post","link":"https:\/\/pueblaenlinea.com\/2025\/nota-roja\/buscan-a-madre-e-hija-desaparecidas-en-libres-salieron-de-su-casa-el-1-de-septiembre\/","title":{"rendered":"Buscan a madre e hija desaparecidas en Libres; salieron de su casa el 1 de septiembre"},"content":{"rendered":"\n<p class=\"wp-block-paragraph\"><strong>La Fiscal\u00eda General del Estado de Puebla activ\u00f3 el Protocolo Alba para localizar a Sarai Herrera Flores, de 23 a\u00f1os, y a su hija Luz Victoria Cabrera Herrera, de apenas 5 a\u00f1os, quienes desaparecieron el mismo d\u00eda en el municipio de Libres.<\/strong><\/p>\n\n\n\n<p class=\"wp-block-paragraph\">De acuerdo con los boletines de b\u00fasqueda, <strong>ambas salieron juntas de su domicilio ubicado en la colonia Cuautzolco, en Libres, Puebla, el 1 de septiembre de 2026<\/strong>.<\/p>\n\n\n\n<p class=\"wp-block-paragraph\">Desde ese momento se desconoce su paradero. La Fiscal\u00eda se\u00f1ala que Sarai sali\u00f3 acompa\u00f1ada de su menor hija, sin mencionar hacia d\u00f3nde se dirig\u00edan.<\/p>\n\n\n\n<p class=\"wp-block-paragraph\">Los dos casos quedaron integrados en <strong>la misma carpeta de investigaci\u00f3n: FGEP\/EAT\/FEIDDFPDCP\/TEZIU-1\/000119\/2026<\/strong>, un dato que confirma que las desapariciones est\u00e1n relacionadas.<\/p>\n\n\n\n<ul class=\"wp-block-list\">\n<li><strong>Sarai Herrera Flores:<\/strong> tiene 23 a\u00f1os, mide 1.56 metros, es de tez morena clara, cabello largo, lacio y negro, adem\u00e1s de complexi\u00f3n delgada.<\/li>\n\n\n\n<li><strong>Luz Victoria Cabrera Herrera:<\/strong> tiene 5 a\u00f1os, mide aproximadamente 56 cent\u00edmetros, es de tez morena, cabello largo, lacio y negro, y complexi\u00f3n delgada.<\/li>\n\n\n\n<li><strong>Lugar de desaparici\u00f3n:<\/strong> colonia Cuautzolco, municipio de Libres, Puebla.<\/li>\n\n\n\n<li><strong>Fecha:<\/strong> ambas fueron vistas por \u00faltima vez el 1 de septiembre de 2026.<\/li>\n<\/ul>\n\n\n\n<h3 class=\"wp-block-heading\">Madre e hija salieron juntas y no regresaron<\/h3>\n\n\n\n<p class=\"wp-block-paragraph\">La Fiscal\u00eda Especializada en Investigaci\u00f3n de los Delitos de Desaparici\u00f3n Forzada de Personas y Desaparici\u00f3n Cometida por Particulares mantiene activa la b\u00fasqueda de ambas.<\/p>\n\n\n\n<p class=\"wp-block-paragraph\">Al momento de su desaparici\u00f3n, <strong>Sarai vest\u00eda pantal\u00f3n de mezclilla negro, blusa de manga tres cuartos color vino y tenis blancos<\/strong>.<\/p>\n\n\n\n<p class=\"wp-block-paragraph\">Su hija Luz Victoria llevaba <strong>vestido color crema con dobladillo naranja, mallas blancas y zapatos negros con mariposas y logotipo de Mimi<\/strong>, adem\u00e1s de una cinta naranja en la cintura.<\/p>\n\n\n\n<p class=\"wp-block-paragraph\">La desaparici\u00f3n conjunta de una madre y su hija mantiene abierta la investigaci\u00f3n para establecer qu\u00e9 ocurri\u00f3 despu\u00e9s de que abandonaron su domicilio y hacia d\u00f3nde se dirigieron.<\/p>\n\n\n\n<p class=\"wp-block-paragraph\">La Fiscal\u00eda pidi\u00f3 a la ciudadan\u00eda aportar cualquier informaci\u00f3n que pueda ayudar a encontrarlas. Los datos pueden proporcionarse de manera <strong>confidencial y an\u00f3nima<\/strong>.<\/p>\n\n\n\n<p class=\"wp-block-paragraph\">Si tienes informaci\u00f3n sobre el paradero de Sarai Herrera Flores o Luz Victoria Cabrera Herrera, puedes comunicarte a los tel\u00e9fonos <strong>22 12 83 81 42, 22 22 14 64 02 y 22 22 14 64 05<\/strong>, o al correo <strong><a href=\"mailto:boletin.protocolo.alba.fge@fiscalia.puebla.gob.mx\">boletin.protocolo.alba.fge@fiscalia.puebla.gob.mx<\/a><\/strong>.<\/p>\n\n\n\n<p class=\"wp-block-paragraph\">Si quieres seguir esta y otras notas de inter\u00e9s en tiempo real, \u00fanete a nuestro canal de WhatsApp: <a href=\"https:\/\/whatsapp.com\/channel\/0029Va5CSyuEQIalZaJWpX1h?utm_source=chatgpt.com\">nuestro canal de WhatsApp<\/a><\/p>\n\n\n\n<p class=\"wp-block-paragraph\">Cada dato puede ser importante para reconstruir sus \u00faltimos movimientos. En casos de desaparici\u00f3n, compartir la informaci\u00f3n oficial y reportar cualquier posible pista directamente a las autoridades puede marcar la diferencia.<\/p>\n\n\n\n<p class=\"wp-block-paragraph\"><strong>Escrito por Redacci\u00f3n Puebla En L\u00ednea<\/strong><\/p>\n\n\n\n<ol class=\"wp-block-list\">\n<li><strong>Buscan a Sarai y su hija de 5 a\u00f1os; desaparecieron juntas en Libres<\/strong><\/li>\n\n\n\n<li><strong>Alerta en Puebla: buscan a madre e hija cuyo paradero se desconoce desde el 1 de septiembre<\/strong><\/li>\n\n\n\n<li><strong>Sarai sali\u00f3 con su hija de 5 a\u00f1os y no regresaron; las buscan en Puebla<\/strong><\/li>\n\n\n\n<li><strong>Desaparecen madre e hija en Libres; fueron vistas por \u00faltima vez el 1 de septiembre<\/strong><\/li>\n\n\n\n<li><strong>\u00bfD\u00f3nde est\u00e1n Sarai y Luz Victoria? Fiscal\u00eda busca a madre e hija desaparecidas en Libres<\/strong><\/li>\n<\/ol>\n","protected":false},"excerpt":{"rendered":"<p>La Fiscal\u00eda General del Estado de Puebla activ\u00f3 el Protocolo Alba para localizar a Sarai Herrera Flores, de 23 a\u00f1os, y a su hija Luz Victoria Cabrera Herrera, de apenas 5 a\u00f1os, quienes desaparecieron el mismo d\u00eda en el municipio de Libres. De acuerdo con los boletines de b\u00fasqueda, ambas salieron juntas de su domicilio&#8230;<\/p>\n","protected":false},"author":10,"featured_media":134894,"comment_status":"closed","ping_status":"closed","sticky":false,"template":"","format":"standard","meta":{"footnotes":""},"categories":[24],"tags":[1397],"class_list":["post-134893","post","type-post","status-publish","format-standard","has-post-thumbnail","hentry","category-nota-roja","tag-desaparecidas"],"yoast_head":"<!-- This site is optimized with the Yoast SEO plugin v28.4 - https:\/\/yoast.com\/product\/yoast-seo-wordpress\/ -->\n<title>Buscan a madre e hija desaparecidas en Libres; salieron de su casa el 1 de septiembre - Puebla En Linea<\/title>\n<meta name=\"description\" content=\"Buscan a madre e hija desaparecidas en Libres; salieron de su casa el 1 de septiembre Nota Roja\" \/>\n<meta name=\"robots\" content=\"index, follow, max-snippet:-1, max-image-preview:large, max-video-preview:-1\" \/>\n<link rel=\"canonical\" href=\"https:\/\/pueblaenlinea.com\/2025\/nota-roja\/buscan-a-madre-e-hija-desaparecidas-en-libres-salieron-de-su-casa-el-1-de-septiembre\/\" \/>\n<meta property=\"og:locale\" content=\"es_MX\" \/>\n<meta property=\"og:type\" content=\"article\" \/>\n<meta property=\"og:title\" content=\"Buscan a madre e hija desaparecidas en Libres; salieron de su casa el 1 de septiembre - Puebla En Linea\" \/>\n<meta property=\"og:description\" content=\"Buscan a madre e hija desaparecidas en Libres; salieron de su casa el 1 de septiembre Nota Roja\" \/>\n<meta property=\"og:url\" content=\"https:\/\/pueblaenlinea.com\/2025\/nota-roja\/buscan-a-madre-e-hija-desaparecidas-en-libres-salieron-de-su-casa-el-1-de-septiembre\/\" \/>\n<meta property=\"og:site_name\" content=\"Puebla En Linea\" \/>\n<meta property=\"article:publisher\" content=\"https:\/\/www.facebook.com\/pueblaenlineacom\" \/>\n<meta property=\"article:published_time\" content=\"2026-09-04T17:03:23+00:00\" \/>\n<meta property=\"og:image\" content=\"https:\/\/pueblaenlinea.com\/2025\/wp-content\/uploads\/2026\/09\/busqueda.jpg\" \/>\n\t<meta property=\"og:image:width\" content=\"1200\" \/>\n\t<meta property=\"og:image:height\" content=\"674\" \/>\n\t<meta property=\"og:image:type\" content=\"image\/jpeg\" \/>\n<meta name=\"author\" content=\"Jazmin Cardenas\" \/>\n<meta name=\"twitter:card\" content=\"summary_large_image\" \/>\n<meta name=\"twitter:label1\" content=\"Escrito por\" \/>\n\t<meta name=\"twitter:data1\" content=\"Jazmin Cardenas\" \/>\n\t<meta name=\"twitter:label2\" content=\"Tiempo de lectura\" \/>\n\t<meta name=\"twitter:data2\" content=\"3 minutos\" \/>\n<script type=\"application\/ld+json\" class=\"yoast-schema-graph\">{\"@context\":\"https:\\\/\\\/schema.org\",\"@graph\":[{\"@type\":\"Article\",\"@id\":\"https:\\\/\\\/pueblaenlinea.com\\\/2025\\\/nota-roja\\\/buscan-a-madre-e-hija-desaparecidas-en-libres-salieron-de-su-casa-el-1-de-septiembre\\\/#article\",\"isPartOf\":{\"@id\":\"https:\\\/\\\/pueblaenlinea.com\\\/2025\\\/nota-roja\\\/buscan-a-madre-e-hija-desaparecidas-en-libres-salieron-de-su-casa-el-1-de-septiembre\\\/\"},\"author\":{\"name\":\"Jazmin Cardenas\",\"@id\":\"https:\\\/\\\/pueblaenlinea.com\\\/2025\\\/#\\\/schema\\\/person\\\/21ecc830e083be84dbddd9a05208834f\"},\"headline\":\"Buscan a madre e hija desaparecidas en Libres; salieron de su casa el 1 de septiembre\",\"datePublished\":\"2026-09-04T17:03:23+00:00\",\"mainEntityOfPage\":{\"@id\":\"https:\\\/\\\/pueblaenlinea.com\\\/2025\\\/nota-roja\\\/buscan-a-madre-e-hija-desaparecidas-en-libres-salieron-de-su-casa-el-1-de-septiembre\\\/\"},\"wordCount\":534,\"image\":{\"@id\":\"https:\\\/\\\/pueblaenlinea.com\\\/2025\\\/nota-roja\\\/buscan-a-madre-e-hija-desaparecidas-en-libres-salieron-de-su-casa-el-1-de-septiembre\\\/#primaryimage\"},\"thumbnailUrl\":\"https:\\\/\\\/pueblaenlinea.com\\\/2025\\\/wp-content\\\/uploads\\\/2026\\\/09\\\/busqueda.jpg\",\"keywords\":[\"desaparecidas\"],\"articleSection\":[\"Nota Roja\"],\"inLanguage\":\"es\"},{\"@type\":\"WebPage\",\"@id\":\"https:\\\/\\\/pueblaenlinea.com\\\/2025\\\/nota-roja\\\/buscan-a-madre-e-hija-desaparecidas-en-libres-salieron-de-su-casa-el-1-de-septiembre\\\/\",\"url\":\"https:\\\/\\\/pueblaenlinea.com\\\/2025\\\/nota-roja\\\/buscan-a-madre-e-hija-desaparecidas-en-libres-salieron-de-su-casa-el-1-de-septiembre\\\/\",\"name\":\"Buscan a madre e hija desaparecidas en Libres; salieron de su casa el 1 de septiembre - Puebla En Linea\",\"isPartOf\":{\"@id\":\"https:\\\/\\\/pueblaenlinea.com\\\/2025\\\/#website\"},\"primaryImageOfPage\":{\"@id\":\"https:\\\/\\\/pueblaenlinea.com\\\/2025\\\/nota-roja\\\/buscan-a-madre-e-hija-desaparecidas-en-libres-salieron-de-su-casa-el-1-de-septiembre\\\/#primaryimage\"},\"image\":{\"@id\":\"https:\\\/\\\/pueblaenlinea.com\\\/2025\\\/nota-roja\\\/buscan-a-madre-e-hija-desaparecidas-en-libres-salieron-de-su-casa-el-1-de-septiembre\\\/#primaryimage\"},\"thumbnailUrl\":\"https:\\\/\\\/pueblaenlinea.com\\\/2025\\\/wp-content\\\/uploads\\\/2026\\\/09\\\/busqueda.jpg\",\"datePublished\":\"2026-09-04T17:03:23+00:00\",\"author\":{\"@id\":\"https:\\\/\\\/pueblaenlinea.com\\\/2025\\\/#\\\/schema\\\/person\\\/21ecc830e083be84dbddd9a05208834f\"},\"description\":\"Buscan a madre e hija desaparecidas en Libres; salieron de su casa el 1 de septiembre Nota Roja\",\"breadcrumb\":{\"@id\":\"https:\\\/\\\/pueblaenlinea.com\\\/2025\\\/nota-roja\\\/buscan-a-madre-e-hija-desaparecidas-en-libres-salieron-de-su-casa-el-1-de-septiembre\\\/#breadcrumb\"},\"inLanguage\":\"es\",\"potentialAction\":[{\"@type\":\"ReadAction\",\"target\":[\"https:\\\/\\\/pueblaenlinea.com\\\/2025\\\/nota-roja\\\/buscan-a-madre-e-hija-desaparecidas-en-libres-salieron-de-su-casa-el-1-de-septiembre\\\/\"]}]},{\"@type\":\"ImageObject\",\"inLanguage\":\"es\",\"@id\":\"https:\\\/\\\/pueblaenlinea.com\\\/2025\\\/nota-roja\\\/buscan-a-madre-e-hija-desaparecidas-en-libres-salieron-de-su-casa-el-1-de-septiembre\\\/#primaryimage\",\"url\":\"https:\\\/\\\/pueblaenlinea.com\\\/2025\\\/wp-content\\\/uploads\\\/2026\\\/09\\\/busqueda.jpg\",\"contentUrl\":\"https:\\\/\\\/pueblaenlinea.com\\\/2025\\\/wp-content\\\/uploads\\\/2026\\\/09\\\/busqueda.jpg\",\"width\":1200,\"height\":674},{\"@type\":\"BreadcrumbList\",\"@id\":\"https:\\\/\\\/pueblaenlinea.com\\\/2025\\\/nota-roja\\\/buscan-a-madre-e-hija-desaparecidas-en-libres-salieron-de-su-casa-el-1-de-septiembre\\\/#breadcrumb\",\"itemListElement\":[{\"@type\":\"ListItem\",\"position\":1,\"name\":\"Inicio\",\"item\":\"https:\\\/\\\/pueblaenlinea.com\\\/2025\\\/\"},{\"@type\":\"ListItem\",\"position\":2,\"name\":\"Buscan a madre e hija desaparecidas en Libres; salieron de su casa el 1 de septiembre\"}]},{\"@type\":\"WebSite\",\"@id\":\"https:\\\/\\\/pueblaenlinea.com\\\/2025\\\/#website\",\"url\":\"https:\\\/\\\/pueblaenlinea.com\\\/2025\\\/\",\"name\":\"Puebla En Linea\",\"description\":\"noticias de puebla, periodismo serio y comprometido.\",\"potentialAction\":[{\"@type\":\"SearchAction\",\"target\":{\"@type\":\"EntryPoint\",\"urlTemplate\":\"https:\\\/\\\/pueblaenlinea.com\\\/2025\\\/?s={search_term_string}\"},\"query-input\":{\"@type\":\"PropertyValueSpecification\",\"valueRequired\":true,\"valueName\":\"search_term_string\"}}],\"inLanguage\":\"es\"},{\"@type\":\"Person\",\"@id\":\"https:\\\/\\\/pueblaenlinea.com\\\/2025\\\/#\\\/schema\\\/person\\\/21ecc830e083be84dbddd9a05208834f\",\"name\":\"Jazmin Cardenas\",\"image\":{\"@type\":\"ImageObject\",\"inLanguage\":\"es\",\"@id\":\"https:\\\/\\\/pueblaenlinea.com\\\/2025\\\/wp-content\\\/litespeed\\\/avatar\\\/9d7ab062f41a13d0af53522b39daf76f.jpg?ver=1788194722\",\"url\":\"https:\\\/\\\/pueblaenlinea.com\\\/2025\\\/wp-content\\\/litespeed\\\/avatar\\\/9d7ab062f41a13d0af53522b39daf76f.jpg?ver=1788194722\",\"contentUrl\":\"https:\\\/\\\/pueblaenlinea.com\\\/2025\\\/wp-content\\\/litespeed\\\/avatar\\\/9d7ab062f41a13d0af53522b39daf76f.jpg?ver=1788194722\",\"caption\":\"Jazmin Cardenas\"},\"url\":\"https:\\\/\\\/pueblaenlinea.com\\\/2025\\\/author\\\/jaz-pel\\\/\"}]}<\/script>\n<!-- \/ Yoast SEO plugin. -->","yoast_head_json":{"title":"Buscan a madre e hija desaparecidas en Libres; salieron de su casa el 1 de septiembre - Puebla En Linea","description":"Buscan a madre e hija desaparecidas en Libres; salieron de su casa el 1 de septiembre Nota Roja","robots":{"index":"index","follow":"follow","max-snippet":"max-snippet:-1","max-image-preview":"max-image-preview:large","max-video-preview":"max-video-preview:-1"},"canonical":"https:\/\/pueblaenlinea.com\/2025\/nota-roja\/buscan-a-madre-e-hija-desaparecidas-en-libres-salieron-de-su-casa-el-1-de-septiembre\/","og_locale":"es_MX","og_type":"article","og_title":"Buscan a madre e hija desaparecidas en Libres; salieron de su casa el 1 de septiembre - Puebla En Linea","og_description":"Buscan a madre e hija desaparecidas en Libres; salieron de su casa el 1 de septiembre Nota Roja","og_url":"https:\/\/pueblaenlinea.com\/2025\/nota-roja\/buscan-a-madre-e-hija-desaparecidas-en-libres-salieron-de-su-casa-el-1-de-septiembre\/","og_site_name":"Puebla En Linea","article_publisher":"https:\/\/www.facebook.com\/pueblaenlineacom","article_published_time":"2026-09-04T17:03:23+00:00","og_image":[{"width":1200,"height":674,"url":"https:\/\/pueblaenlinea.com\/2025\/wp-content\/uploads\/2026\/09\/busqueda.jpg","type":"image\/jpeg"}],"author":"Jazmin Cardenas","twitter_card":"summary_large_image","twitter_misc":{"Escrito por":"Jazmin Cardenas","Tiempo de lectura":"3 minutos"},"schema":{"@context":"https:\/\/schema.org","@graph":[{"@type":"Article","@id":"https:\/\/pueblaenlinea.com\/2025\/nota-roja\/buscan-a-madre-e-hija-desaparecidas-en-libres-salieron-de-su-casa-el-1-de-septiembre\/#article","isPartOf":{"@id":"https:\/\/pueblaenlinea.com\/2025\/nota-roja\/buscan-a-madre-e-hija-desaparecidas-en-libres-salieron-de-su-casa-el-1-de-septiembre\/"},"author":{"name":"Jazmin Cardenas","@id":"https:\/\/pueblaenlinea.com\/2025\/#\/schema\/person\/21ecc830e083be84dbddd9a05208834f"},"headline":"Buscan a madre e hija desaparecidas en Libres; salieron de su casa el 1 de septiembre","datePublished":"2026-09-04T17:03:23+00:00","mainEntityOfPage":{"@id":"https:\/\/pueblaenlinea.com\/2025\/nota-roja\/buscan-a-madre-e-hija-desaparecidas-en-libres-salieron-de-su-casa-el-1-de-septiembre\/"},"wordCount":534,"image":{"@id":"https:\/\/pueblaenlinea.com\/2025\/nota-roja\/buscan-a-madre-e-hija-desaparecidas-en-libres-salieron-de-su-casa-el-1-de-septiembre\/#primaryimage"},"thumbnailUrl":"https:\/\/pueblaenlinea.com\/2025\/wp-content\/uploads\/2026\/09\/busqueda.jpg","keywords":["desaparecidas"],"articleSection":["Nota Roja"],"inLanguage":"es"},{"@type":"WebPage","@id":"https:\/\/pueblaenlinea.com\/2025\/nota-roja\/buscan-a-madre-e-hija-desaparecidas-en-libres-salieron-de-su-casa-el-1-de-septiembre\/","url":"https:\/\/pueblaenlinea.com\/2025\/nota-roja\/buscan-a-madre-e-hija-desaparecidas-en-libres-salieron-de-su-casa-el-1-de-septiembre\/","name":"Buscan a madre e hija desaparecidas en Libres; salieron de su casa el 1 de septiembre - Puebla En Linea","isPartOf":{"@id":"https:\/\/pueblaenlinea.com\/2025\/#website"},"primaryImageOfPage":{"@id":"https:\/\/pueblaenlinea.com\/2025\/nota-roja\/buscan-a-madre-e-hija-desaparecidas-en-libres-salieron-de-su-casa-el-1-de-septiembre\/#primaryimage"},"image":{"@id":"https:\/\/pueblaenlinea.com\/2025\/nota-roja\/buscan-a-madre-e-hija-desaparecidas-en-libres-salieron-de-su-casa-el-1-de-septiembre\/#primaryimage"},"thumbnailUrl":"https:\/\/pueblaenlinea.com\/2025\/wp-content\/uploads\/2026\/09\/busqueda.jpg","datePublished":"2026-09-04T17:03:23+00:00","author":{"@id":"https:\/\/pueblaenlinea.com\/2025\/#\/schema\/person\/21ecc830e083be84dbddd9a05208834f"},"description":"Buscan a madre e hija desaparecidas en Libres; salieron de su casa el 1 de septiembre Nota Roja","breadcrumb":{"@id":"https:\/\/pueblaenlinea.com\/2025\/nota-roja\/buscan-a-madre-e-hija-desaparecidas-en-libres-salieron-de-su-casa-el-1-de-septiembre\/#breadcrumb"},"inLanguage":"es","potentialAction":[{"@type":"ReadAction","target":["https:\/\/pueblaenlinea.com\/2025\/nota-roja\/buscan-a-madre-e-hija-desaparecidas-en-libres-salieron-de-su-casa-el-1-de-septiembre\/"]}]},{"@type":"ImageObject","inLanguage":"es","@id":"https:\/\/pueblaenlinea.com\/2025\/nota-roja\/buscan-a-madre-e-hija-desaparecidas-en-libres-salieron-de-su-casa-el-1-de-septiembre\/#primaryimage","url":"https:\/\/pueblaenlinea.com\/2025\/wp-content\/uploads\/2026\/09\/busqueda.jpg","contentUrl":"https:\/\/pueblaenlinea.com\/2025\/wp-content\/uploads\/2026\/09\/busqueda.jpg","width":1200,"height":674},{"@type":"BreadcrumbList","@id":"https:\/\/pueblaenlinea.com\/2025\/nota-roja\/buscan-a-madre-e-hija-desaparecidas-en-libres-salieron-de-su-casa-el-1-de-septiembre\/#breadcrumb","itemListElement":[{"@type":"ListItem","position":1,"name":"Inicio","item":"https:\/\/pueblaenlinea.com\/2025\/"},{"@type":"ListItem","position":2,"name":"Buscan a madre e hija desaparecidas en Libres; salieron de su casa el 1 de septiembre"}]},{"@type":"WebSite","@id":"https:\/\/pueblaenlinea.com\/2025\/#website","url":"https:\/\/pueblaenlinea.com\/2025\/","name":"Puebla En Linea","description":"noticias de puebla, periodismo serio y comprometido.","potentialAction":[{"@type":"SearchAction","target":{"@type":"EntryPoint","urlTemplate":"https:\/\/pueblaenlinea.com\/2025\/?s={search_term_string}"},"query-input":{"@type":"PropertyValueSpecification","valueRequired":true,"valueName":"search_term_string"}}],"inLanguage":"es"},{"@type":"Person","@id":"https:\/\/pueblaenlinea.com\/2025\/#\/schema\/person\/21ecc830e083be84dbddd9a05208834f","name":"Jazmin Cardenas","image":{"@type":"ImageObject","inLanguage":"es","@id":"https:\/\/pueblaenlinea.com\/2025\/wp-content\/litespeed\/avatar\/9d7ab062f41a13d0af53522b39daf76f.jpg?ver=1788194722","url":"https:\/\/pueblaenlinea.com\/2025\/wp-content\/litespeed\/avatar\/9d7ab062f41a13d0af53522b39daf76f.jpg?ver=1788194722","contentUrl":"https:\/\/pueblaenlinea.com\/2025\/wp-content\/litespeed\/avatar\/9d7ab062f41a13d0af53522b39daf76f.jpg?ver=1788194722","caption":"Jazmin Cardenas"},"url":"https:\/\/pueblaenlinea.com\/2025\/author\/jaz-pel\/"}]}},"_links":{"self":[{"href":"https:\/\/pueblaenlinea.com\/2025\/wp-json\/wp\/v2\/posts\/134893","targetHints":{"allow":["GET"]}}],"collection":[{"href":"https:\/\/pueblaenlinea.com\/2025\/wp-json\/wp\/v2\/posts"}],"about":[{"href":"https:\/\/pueblaenlinea.com\/2025\/wp-json\/wp\/v2\/types\/post"}],"author":[{"embeddable":true,"href":"https:\/\/pueblaenlinea.com\/2025\/wp-json\/wp\/v2\/users\/10"}],"replies":[{"embeddable":true,"href":"https:\/\/pueblaenlinea.com\/2025\/wp-json\/wp\/v2\/comments?post=134893"}],"version-history":[{"count":0,"href":"https:\/\/pueblaenlinea.com\/2025\/wp-json\/wp\/v2\/posts\/134893\/revisions"}],"wp:featuredmedia":[{"embeddable":true,"href":"https:\/\/pueblaenlinea.com\/2025\/wp-json\/wp\/v2\/media\/134894"}],"wp:attachment":[{"href":"https:\/\/pueblaenlinea.com\/2025\/wp-json\/wp\/v2\/media?parent=134893"}],"wp:term":[{"taxonomy":"category","embeddable":true,"href":"https:\/\/pueblaenlinea.com\/2025\/wp-json\/wp\/v2\/categories?post=134893"},{"taxonomy":"post_tag","embeddable":true,"href":"https:\/\/pueblaenlinea.com\/2025\/wp-json\/wp\/v2\/tags?post=134893"}],"curies":[{"name":"wp","href":"https:\/\/api.w.org\/{rel}","templated":true}]}}