{"id":134887,"date":"2026-09-04T09:54:52","date_gmt":"2026-09-04T15:54:52","guid":{"rendered":"https:\/\/pueblaenlinea.com\/2025\/?p=134887"},"modified":"2026-09-04T09:54:53","modified_gmt":"2026-09-04T15:54:53","slug":"detienen-a-dos-hombres-por-el-asesinato-de-dos-mujeres-en-cuetzalan-una-era-policia","status":"publish","type":"post","link":"https:\/\/pueblaenlinea.com\/2025\/nota-roja\/detienen-a-dos-hombres-por-el-asesinato-de-dos-mujeres-en-cuetzalan-una-era-policia\/","title":{"rendered":"Detienen a dos hombres por el asesinato de dos mujeres en Cuetzalan; una era polic\u00eda"},"content":{"rendered":"\n<p class=\"wp-block-paragraph\"><strong>Dos mujeres fueron asesinadas dentro de un domicilio en Cuetzalan del Progreso y, tras un operativo de b\u00fasqueda, dos hombres fueron detenidos como probables responsables. Una de las v\u00edctimas era polic\u00eda municipal en activo.<\/strong><\/p>\n\n\n\n<p class=\"wp-block-paragraph\">Los hechos ocurrieron durante la tarde del <strong>mi\u00e9rcoles 2 de septiembre<\/strong>, cuando alrededor de las 16:15 horas una llamada al n\u00famero de emergencias alert\u00f3 a las autoridades sobre un altercado al interior de una vivienda.<\/p>\n\n\n\n<p class=\"wp-block-paragraph\">Al lugar acudieron elementos de la Polic\u00eda Estatal, Polic\u00eda Municipal y param\u00e9dicos. Al ingresar al inmueble encontraron a las dos mujeres sin signos vitales y con evidentes huellas de violencia.<\/p>\n\n\n\n<p class=\"wp-block-paragraph\">Las v\u00edctimas fueron identificadas como <strong>Isabel D\u00edaz, de 30 a\u00f1os<\/strong>, quien se desempe\u00f1aba como polic\u00eda municipal en activo, y <strong>Mar\u00eda Francisca Hern\u00e1ndez, de 62 a\u00f1os<\/strong>.<\/p>\n\n\n\n<ul class=\"wp-block-list\">\n<li><strong>Dos mujeres asesinadas:<\/strong> ten\u00edan 30 y 62 a\u00f1os de edad.<\/li>\n\n\n\n<li><strong>Una v\u00edctima era polic\u00eda:<\/strong> Isabel D\u00edaz pertenec\u00eda a la Polic\u00eda Municipal de Cuetzalan.<\/li>\n\n\n\n<li><strong>Presentaban heridas graves:<\/strong> las primeras investigaciones se\u00f1alan lesiones provocadas aparentemente con un arma punzocortante.<\/li>\n\n\n\n<li><strong>Dos hombres detenidos:<\/strong> Hern\u00e1n N. y Santiago N. fueron localizados en un predio de Santiago Cuahutapanaloyan.<\/li>\n<\/ul>\n\n\n\n<h3 class=\"wp-block-heading\">La b\u00fasqueda termin\u00f3 con dos detenidos<\/h3>\n\n\n\n<p class=\"wp-block-paragraph\">Tras confirmarse el doble homicidio, las corporaciones de seguridad desplegaron un dispositivo de b\u00fasqueda para localizar a los posibles responsables.<\/p>\n\n\n\n<p class=\"wp-block-paragraph\">Los trabajos permitieron ubicar a <strong>Hern\u00e1n N. y Santiago N.<\/strong> en un predio de la comunidad de Santiago Cuahutapanaloyan, en el mismo municipio de Cuetzalan, donde fueron asegurados por elementos de la Polic\u00eda Estatal y Municipal.<\/p>\n\n\n\n<p class=\"wp-block-paragraph\">De acuerdo con la informaci\u00f3n proporcionada por la Fiscal\u00eda General del Estado de Puebla (FGE), ambos hombres son se\u00f1alados como <strong>probables responsables de la muerte de las dos mujeres<\/strong>.<\/p>\n\n\n\n<p class=\"wp-block-paragraph\">Las primeras indagatorias establecen que las v\u00edctimas habr\u00edan sido atacadas con un instrumento punzocortante, por lo que personal de la Fiscal\u00eda realiz\u00f3 el procesamiento del domicilio para recabar indicios que permitan reconstruir lo ocurrido.<\/p>\n\n\n\n<p class=\"wp-block-paragraph\">Los cuerpos fueron trasladados al Servicio M\u00e9dico Forense, donde se realizar\u00e1n los estudios correspondientes para establecer con precisi\u00f3n las causas de muerte y las caracter\u00edsticas de las lesiones.<\/p>\n\n\n\n<h3 class=\"wp-block-heading\"><strong>Detenidos ser\u00edan familiares de las v\u00edctimas<\/strong><\/h3>\n\n\n\n<p class=\"wp-block-paragraph\">Otro elemento que forma parte de las investigaciones es que, de acuerdo con las autoridades, <strong>los dos detenidos ser\u00edan familiares de las v\u00edctimas<\/strong>. Este aspecto deber\u00e1 ser esclarecido por el Ministerio P\u00fablico conforme avance la investigaci\u00f3n.<\/p>\n\n\n\n<p class=\"wp-block-paragraph\">Si quieres seguir esta y otras notas de inter\u00e9s en tiempo real, \u00fanete a nuestro canal de WhatsApp: <a href=\"https:\/\/whatsapp.com\/channel\/0029Va5CSyuEQIalZaJWpX1h\">https:\/\/whatsapp.com\/channel\/0029Va5CSyuEQIalZaJWpX1h<\/a><\/p>\n\n\n\n<p class=\"wp-block-paragraph\">Hern\u00e1n N. y Santiago N. quedaron a disposici\u00f3n del Ministerio P\u00fablico, que contin\u00faa integrando la carpeta de investigaci\u00f3n y deber\u00e1 determinar su situaci\u00f3n jur\u00eddica conforme a los elementos reunidos.<\/p>\n\n\n\n<p class=\"wp-block-paragraph\">Por ahora, la detenci\u00f3n representa el primer avance para esclarecer un crimen que dej\u00f3 dos mujeres muertas en un domicilio de Cuetzalan. La investigaci\u00f3n deber\u00e1 establecer qu\u00e9 ocurri\u00f3, cu\u00e1l fue el motivo del ataque y qu\u00e9 responsabilidad tuvo cada uno de los detenidos.<\/p>\n\n\n\n<p class=\"wp-block-paragraph\">La violencia dej\u00f3 dos nombres y dos historias interrumpidas en Cuetzalan. Ahora ser\u00e1n las evidencias, y no las especulaciones, las que deber\u00e1n reconstruir lo ocurrido y llevar el caso hasta sus \u00faltimas consecuencias legales.<\/p>\n\n\n\n<p class=\"wp-block-paragraph\"><strong>Escrito por Redacci\u00f3n Puebla En L\u00ednea<\/strong><\/p>\n\n\n\n<ol class=\"wp-block-list\">\n<li><strong>Detienen a dos por asesinato de dos mujeres en Cuetzalan; ser\u00edan familiares de las v\u00edctimas<\/strong><\/li>\n\n\n\n<li><strong>Caen dos hombres por el doble homicidio en Cuetzalan; autoridades se\u00f1alan que eran familiares<\/strong><\/li>\n\n\n\n<li><strong>Eran familiares de las v\u00edctimas: detienen a dos por el asesinato de dos mujeres en Cuetzalan<\/strong><\/li>\n\n\n\n<li><strong>Hern\u00e1n N. y Santiago N., detenidos por el asesinato de dos mujeres en Cuetzalan; ser\u00edan sus familiares<\/strong><\/li>\n\n\n\n<li><strong>Detienen a dos presuntos responsables del doble homicidio en Cuetzalan; ser\u00edan parientes de las v\u00edctimas<\/strong><\/li>\n<\/ol>\n","protected":false},"excerpt":{"rendered":"<p>Dos mujeres fueron asesinadas dentro de un domicilio en Cuetzalan del Progreso y, tras un operativo de b\u00fasqueda, dos hombres fueron detenidos como probables responsables. Una de las v\u00edctimas era polic\u00eda municipal en activo. Los hechos ocurrieron durante la tarde del mi\u00e9rcoles 2 de septiembre, cuando alrededor de las 16:15 horas una llamada al n\u00famero&#8230;<\/p>\n","protected":false},"author":10,"featured_media":134888,"comment_status":"closed","ping_status":"closed","sticky":false,"template":"","format":"standard","meta":{"footnotes":""},"categories":[24],"tags":[1400],"class_list":["post-134887","post","type-post","status-publish","format-standard","has-post-thumbnail","hentry","category-nota-roja","tag-detenidos"],"yoast_head":"<!-- This site is optimized with the Yoast SEO plugin v28.4 - https:\/\/yoast.com\/product\/yoast-seo-wordpress\/ -->\n<title>Detienen a dos hombres por el asesinato de dos mujeres en Cuetzalan; una era polic\u00eda - Puebla En Linea<\/title>\n<meta name=\"description\" content=\"Detienen a dos hombres por el asesinato de dos mujeres en Cuetzalan; una era polic\u00eda Nota Roja\" \/>\n<meta name=\"robots\" content=\"index, follow, max-snippet:-1, max-image-preview:large, max-video-preview:-1\" \/>\n<link rel=\"canonical\" href=\"https:\/\/pueblaenlinea.com\/2025\/nota-roja\/detienen-a-dos-hombres-por-el-asesinato-de-dos-mujeres-en-cuetzalan-una-era-policia\/\" \/>\n<meta property=\"og:locale\" content=\"es_MX\" \/>\n<meta property=\"og:type\" content=\"article\" \/>\n<meta property=\"og:title\" content=\"Detienen a dos hombres por el asesinato de dos mujeres en Cuetzalan; una era polic\u00eda - Puebla En Linea\" \/>\n<meta property=\"og:description\" content=\"Detienen a dos hombres por el asesinato de dos mujeres en Cuetzalan; una era polic\u00eda Nota Roja\" \/>\n<meta property=\"og:url\" content=\"https:\/\/pueblaenlinea.com\/2025\/nota-roja\/detienen-a-dos-hombres-por-el-asesinato-de-dos-mujeres-en-cuetzalan-una-era-policia\/\" \/>\n<meta property=\"og:site_name\" content=\"Puebla En Linea\" \/>\n<meta property=\"article:publisher\" content=\"https:\/\/www.facebook.com\/pueblaenlineacom\" \/>\n<meta property=\"article:published_time\" content=\"2026-09-04T15:54:52+00:00\" \/>\n<meta property=\"article:modified_time\" content=\"2026-09-04T15:54:53+00:00\" \/>\n<meta property=\"og:image\" content=\"https:\/\/pueblaenlinea.com\/2025\/wp-content\/uploads\/2026\/09\/detenidosmujeres.jpg\" \/>\n\t<meta property=\"og:image:width\" content=\"1200\" \/>\n\t<meta property=\"og:image:height\" content=\"674\" \/>\n\t<meta property=\"og:image:type\" content=\"image\/jpeg\" \/>\n<meta name=\"author\" content=\"Jazmin Cardenas\" \/>\n<meta name=\"twitter:card\" content=\"summary_large_image\" \/>\n<meta name=\"twitter:label1\" content=\"Escrito por\" \/>\n\t<meta name=\"twitter:data1\" content=\"Jazmin Cardenas\" \/>\n\t<meta name=\"twitter:label2\" content=\"Tiempo de lectura\" \/>\n\t<meta name=\"twitter:data2\" content=\"3 minutos\" \/>\n<script type=\"application\/ld+json\" class=\"yoast-schema-graph\">{\"@context\":\"https:\\\/\\\/schema.org\",\"@graph\":[{\"@type\":\"Article\",\"@id\":\"https:\\\/\\\/pueblaenlinea.com\\\/2025\\\/nota-roja\\\/detienen-a-dos-hombres-por-el-asesinato-de-dos-mujeres-en-cuetzalan-una-era-policia\\\/#article\",\"isPartOf\":{\"@id\":\"https:\\\/\\\/pueblaenlinea.com\\\/2025\\\/nota-roja\\\/detienen-a-dos-hombres-por-el-asesinato-de-dos-mujeres-en-cuetzalan-una-era-policia\\\/\"},\"author\":{\"name\":\"Jazmin Cardenas\",\"@id\":\"https:\\\/\\\/pueblaenlinea.com\\\/2025\\\/#\\\/schema\\\/person\\\/21ecc830e083be84dbddd9a05208834f\"},\"headline\":\"Detienen a dos hombres por el asesinato de dos mujeres en Cuetzalan; una era polic\u00eda\",\"datePublished\":\"2026-09-04T15:54:52+00:00\",\"dateModified\":\"2026-09-04T15:54:53+00:00\",\"mainEntityOfPage\":{\"@id\":\"https:\\\/\\\/pueblaenlinea.com\\\/2025\\\/nota-roja\\\/detienen-a-dos-hombres-por-el-asesinato-de-dos-mujeres-en-cuetzalan-una-era-policia\\\/\"},\"wordCount\":664,\"image\":{\"@id\":\"https:\\\/\\\/pueblaenlinea.com\\\/2025\\\/nota-roja\\\/detienen-a-dos-hombres-por-el-asesinato-de-dos-mujeres-en-cuetzalan-una-era-policia\\\/#primaryimage\"},\"thumbnailUrl\":\"https:\\\/\\\/pueblaenlinea.com\\\/2025\\\/wp-content\\\/uploads\\\/2026\\\/09\\\/detenidosmujeres.jpg\",\"keywords\":[\"detenidos\"],\"articleSection\":[\"Nota Roja\"],\"inLanguage\":\"es\"},{\"@type\":\"WebPage\",\"@id\":\"https:\\\/\\\/pueblaenlinea.com\\\/2025\\\/nota-roja\\\/detienen-a-dos-hombres-por-el-asesinato-de-dos-mujeres-en-cuetzalan-una-era-policia\\\/\",\"url\":\"https:\\\/\\\/pueblaenlinea.com\\\/2025\\\/nota-roja\\\/detienen-a-dos-hombres-por-el-asesinato-de-dos-mujeres-en-cuetzalan-una-era-policia\\\/\",\"name\":\"Detienen a dos hombres por el asesinato de dos mujeres en Cuetzalan; una era polic\u00eda - Puebla En Linea\",\"isPartOf\":{\"@id\":\"https:\\\/\\\/pueblaenlinea.com\\\/2025\\\/#website\"},\"primaryImageOfPage\":{\"@id\":\"https:\\\/\\\/pueblaenlinea.com\\\/2025\\\/nota-roja\\\/detienen-a-dos-hombres-por-el-asesinato-de-dos-mujeres-en-cuetzalan-una-era-policia\\\/#primaryimage\"},\"image\":{\"@id\":\"https:\\\/\\\/pueblaenlinea.com\\\/2025\\\/nota-roja\\\/detienen-a-dos-hombres-por-el-asesinato-de-dos-mujeres-en-cuetzalan-una-era-policia\\\/#primaryimage\"},\"thumbnailUrl\":\"https:\\\/\\\/pueblaenlinea.com\\\/2025\\\/wp-content\\\/uploads\\\/2026\\\/09\\\/detenidosmujeres.jpg\",\"datePublished\":\"2026-09-04T15:54:52+00:00\",\"dateModified\":\"2026-09-04T15:54:53+00:00\",\"author\":{\"@id\":\"https:\\\/\\\/pueblaenlinea.com\\\/2025\\\/#\\\/schema\\\/person\\\/21ecc830e083be84dbddd9a05208834f\"},\"description\":\"Detienen a dos hombres por el asesinato de dos mujeres en Cuetzalan; una era polic\u00eda Nota Roja\",\"breadcrumb\":{\"@id\":\"https:\\\/\\\/pueblaenlinea.com\\\/2025\\\/nota-roja\\\/detienen-a-dos-hombres-por-el-asesinato-de-dos-mujeres-en-cuetzalan-una-era-policia\\\/#breadcrumb\"},\"inLanguage\":\"es\",\"potentialAction\":[{\"@type\":\"ReadAction\",\"target\":[\"https:\\\/\\\/pueblaenlinea.com\\\/2025\\\/nota-roja\\\/detienen-a-dos-hombres-por-el-asesinato-de-dos-mujeres-en-cuetzalan-una-era-policia\\\/\"]}]},{\"@type\":\"ImageObject\",\"inLanguage\":\"es\",\"@id\":\"https:\\\/\\\/pueblaenlinea.com\\\/2025\\\/nota-roja\\\/detienen-a-dos-hombres-por-el-asesinato-de-dos-mujeres-en-cuetzalan-una-era-policia\\\/#primaryimage\",\"url\":\"https:\\\/\\\/pueblaenlinea.com\\\/2025\\\/wp-content\\\/uploads\\\/2026\\\/09\\\/detenidosmujeres.jpg\",\"contentUrl\":\"https:\\\/\\\/pueblaenlinea.com\\\/2025\\\/wp-content\\\/uploads\\\/2026\\\/09\\\/detenidosmujeres.jpg\",\"width\":1200,\"height\":674},{\"@type\":\"BreadcrumbList\",\"@id\":\"https:\\\/\\\/pueblaenlinea.com\\\/2025\\\/nota-roja\\\/detienen-a-dos-hombres-por-el-asesinato-de-dos-mujeres-en-cuetzalan-una-era-policia\\\/#breadcrumb\",\"itemListElement\":[{\"@type\":\"ListItem\",\"position\":1,\"name\":\"Inicio\",\"item\":\"https:\\\/\\\/pueblaenlinea.com\\\/2025\\\/\"},{\"@type\":\"ListItem\",\"position\":2,\"name\":\"Detienen a dos hombres por el asesinato de dos mujeres en Cuetzalan; una era polic\u00eda\"}]},{\"@type\":\"WebSite\",\"@id\":\"https:\\\/\\\/pueblaenlinea.com\\\/2025\\\/#website\",\"url\":\"https:\\\/\\\/pueblaenlinea.com\\\/2025\\\/\",\"name\":\"Puebla En Linea\",\"description\":\"noticias de puebla, periodismo serio y comprometido.\",\"potentialAction\":[{\"@type\":\"SearchAction\",\"target\":{\"@type\":\"EntryPoint\",\"urlTemplate\":\"https:\\\/\\\/pueblaenlinea.com\\\/2025\\\/?s={search_term_string}\"},\"query-input\":{\"@type\":\"PropertyValueSpecification\",\"valueRequired\":true,\"valueName\":\"search_term_string\"}}],\"inLanguage\":\"es\"},{\"@type\":\"Person\",\"@id\":\"https:\\\/\\\/pueblaenlinea.com\\\/2025\\\/#\\\/schema\\\/person\\\/21ecc830e083be84dbddd9a05208834f\",\"name\":\"Jazmin Cardenas\",\"image\":{\"@type\":\"ImageObject\",\"inLanguage\":\"es\",\"@id\":\"https:\\\/\\\/pueblaenlinea.com\\\/2025\\\/wp-content\\\/litespeed\\\/avatar\\\/9d7ab062f41a13d0af53522b39daf76f.jpg?ver=1788194722\",\"url\":\"https:\\\/\\\/pueblaenlinea.com\\\/2025\\\/wp-content\\\/litespeed\\\/avatar\\\/9d7ab062f41a13d0af53522b39daf76f.jpg?ver=1788194722\",\"contentUrl\":\"https:\\\/\\\/pueblaenlinea.com\\\/2025\\\/wp-content\\\/litespeed\\\/avatar\\\/9d7ab062f41a13d0af53522b39daf76f.jpg?ver=1788194722\",\"caption\":\"Jazmin Cardenas\"},\"url\":\"https:\\\/\\\/pueblaenlinea.com\\\/2025\\\/author\\\/jaz-pel\\\/\"}]}<\/script>\n<!-- \/ Yoast SEO plugin. -->","yoast_head_json":{"title":"Detienen a dos hombres por el asesinato de dos mujeres en Cuetzalan; una era polic\u00eda - Puebla En Linea","description":"Detienen a dos hombres por el asesinato de dos mujeres en Cuetzalan; una era polic\u00eda Nota Roja","robots":{"index":"index","follow":"follow","max-snippet":"max-snippet:-1","max-image-preview":"max-image-preview:large","max-video-preview":"max-video-preview:-1"},"canonical":"https:\/\/pueblaenlinea.com\/2025\/nota-roja\/detienen-a-dos-hombres-por-el-asesinato-de-dos-mujeres-en-cuetzalan-una-era-policia\/","og_locale":"es_MX","og_type":"article","og_title":"Detienen a dos hombres por el asesinato de dos mujeres en Cuetzalan; una era polic\u00eda - Puebla En Linea","og_description":"Detienen a dos hombres por el asesinato de dos mujeres en Cuetzalan; una era polic\u00eda Nota Roja","og_url":"https:\/\/pueblaenlinea.com\/2025\/nota-roja\/detienen-a-dos-hombres-por-el-asesinato-de-dos-mujeres-en-cuetzalan-una-era-policia\/","og_site_name":"Puebla En Linea","article_publisher":"https:\/\/www.facebook.com\/pueblaenlineacom","article_published_time":"2026-09-04T15:54:52+00:00","article_modified_time":"2026-09-04T15:54:53+00:00","og_image":[{"width":1200,"height":674,"url":"https:\/\/pueblaenlinea.com\/2025\/wp-content\/uploads\/2026\/09\/detenidosmujeres.jpg","type":"image\/jpeg"}],"author":"Jazmin Cardenas","twitter_card":"summary_large_image","twitter_misc":{"Escrito por":"Jazmin Cardenas","Tiempo de lectura":"3 minutos"},"schema":{"@context":"https:\/\/schema.org","@graph":[{"@type":"Article","@id":"https:\/\/pueblaenlinea.com\/2025\/nota-roja\/detienen-a-dos-hombres-por-el-asesinato-de-dos-mujeres-en-cuetzalan-una-era-policia\/#article","isPartOf":{"@id":"https:\/\/pueblaenlinea.com\/2025\/nota-roja\/detienen-a-dos-hombres-por-el-asesinato-de-dos-mujeres-en-cuetzalan-una-era-policia\/"},"author":{"name":"Jazmin Cardenas","@id":"https:\/\/pueblaenlinea.com\/2025\/#\/schema\/person\/21ecc830e083be84dbddd9a05208834f"},"headline":"Detienen a dos hombres por el asesinato de dos mujeres en Cuetzalan; una era polic\u00eda","datePublished":"2026-09-04T15:54:52+00:00","dateModified":"2026-09-04T15:54:53+00:00","mainEntityOfPage":{"@id":"https:\/\/pueblaenlinea.com\/2025\/nota-roja\/detienen-a-dos-hombres-por-el-asesinato-de-dos-mujeres-en-cuetzalan-una-era-policia\/"},"wordCount":664,"image":{"@id":"https:\/\/pueblaenlinea.com\/2025\/nota-roja\/detienen-a-dos-hombres-por-el-asesinato-de-dos-mujeres-en-cuetzalan-una-era-policia\/#primaryimage"},"thumbnailUrl":"https:\/\/pueblaenlinea.com\/2025\/wp-content\/uploads\/2026\/09\/detenidosmujeres.jpg","keywords":["detenidos"],"articleSection":["Nota Roja"],"inLanguage":"es"},{"@type":"WebPage","@id":"https:\/\/pueblaenlinea.com\/2025\/nota-roja\/detienen-a-dos-hombres-por-el-asesinato-de-dos-mujeres-en-cuetzalan-una-era-policia\/","url":"https:\/\/pueblaenlinea.com\/2025\/nota-roja\/detienen-a-dos-hombres-por-el-asesinato-de-dos-mujeres-en-cuetzalan-una-era-policia\/","name":"Detienen a dos hombres por el asesinato de dos mujeres en Cuetzalan; una era polic\u00eda - Puebla En Linea","isPartOf":{"@id":"https:\/\/pueblaenlinea.com\/2025\/#website"},"primaryImageOfPage":{"@id":"https:\/\/pueblaenlinea.com\/2025\/nota-roja\/detienen-a-dos-hombres-por-el-asesinato-de-dos-mujeres-en-cuetzalan-una-era-policia\/#primaryimage"},"image":{"@id":"https:\/\/pueblaenlinea.com\/2025\/nota-roja\/detienen-a-dos-hombres-por-el-asesinato-de-dos-mujeres-en-cuetzalan-una-era-policia\/#primaryimage"},"thumbnailUrl":"https:\/\/pueblaenlinea.com\/2025\/wp-content\/uploads\/2026\/09\/detenidosmujeres.jpg","datePublished":"2026-09-04T15:54:52+00:00","dateModified":"2026-09-04T15:54:53+00:00","author":{"@id":"https:\/\/pueblaenlinea.com\/2025\/#\/schema\/person\/21ecc830e083be84dbddd9a05208834f"},"description":"Detienen a dos hombres por el asesinato de dos mujeres en Cuetzalan; una era polic\u00eda Nota Roja","breadcrumb":{"@id":"https:\/\/pueblaenlinea.com\/2025\/nota-roja\/detienen-a-dos-hombres-por-el-asesinato-de-dos-mujeres-en-cuetzalan-una-era-policia\/#breadcrumb"},"inLanguage":"es","potentialAction":[{"@type":"ReadAction","target":["https:\/\/pueblaenlinea.com\/2025\/nota-roja\/detienen-a-dos-hombres-por-el-asesinato-de-dos-mujeres-en-cuetzalan-una-era-policia\/"]}]},{"@type":"ImageObject","inLanguage":"es","@id":"https:\/\/pueblaenlinea.com\/2025\/nota-roja\/detienen-a-dos-hombres-por-el-asesinato-de-dos-mujeres-en-cuetzalan-una-era-policia\/#primaryimage","url":"https:\/\/pueblaenlinea.com\/2025\/wp-content\/uploads\/2026\/09\/detenidosmujeres.jpg","contentUrl":"https:\/\/pueblaenlinea.com\/2025\/wp-content\/uploads\/2026\/09\/detenidosmujeres.jpg","width":1200,"height":674},{"@type":"BreadcrumbList","@id":"https:\/\/pueblaenlinea.com\/2025\/nota-roja\/detienen-a-dos-hombres-por-el-asesinato-de-dos-mujeres-en-cuetzalan-una-era-policia\/#breadcrumb","itemListElement":[{"@type":"ListItem","position":1,"name":"Inicio","item":"https:\/\/pueblaenlinea.com\/2025\/"},{"@type":"ListItem","position":2,"name":"Detienen a dos hombres por el asesinato de dos mujeres en Cuetzalan; una era polic\u00eda"}]},{"@type":"WebSite","@id":"https:\/\/pueblaenlinea.com\/2025\/#website","url":"https:\/\/pueblaenlinea.com\/2025\/","name":"Puebla En Linea","description":"noticias de puebla, periodismo serio y comprometido.","potentialAction":[{"@type":"SearchAction","target":{"@type":"EntryPoint","urlTemplate":"https:\/\/pueblaenlinea.com\/2025\/?s={search_term_string}"},"query-input":{"@type":"PropertyValueSpecification","valueRequired":true,"valueName":"search_term_string"}}],"inLanguage":"es"},{"@type":"Person","@id":"https:\/\/pueblaenlinea.com\/2025\/#\/schema\/person\/21ecc830e083be84dbddd9a05208834f","name":"Jazmin Cardenas","image":{"@type":"ImageObject","inLanguage":"es","@id":"https:\/\/pueblaenlinea.com\/2025\/wp-content\/litespeed\/avatar\/9d7ab062f41a13d0af53522b39daf76f.jpg?ver=1788194722","url":"https:\/\/pueblaenlinea.com\/2025\/wp-content\/litespeed\/avatar\/9d7ab062f41a13d0af53522b39daf76f.jpg?ver=1788194722","contentUrl":"https:\/\/pueblaenlinea.com\/2025\/wp-content\/litespeed\/avatar\/9d7ab062f41a13d0af53522b39daf76f.jpg?ver=1788194722","caption":"Jazmin Cardenas"},"url":"https:\/\/pueblaenlinea.com\/2025\/author\/jaz-pel\/"}]}},"_links":{"self":[{"href":"https:\/\/pueblaenlinea.com\/2025\/wp-json\/wp\/v2\/posts\/134887","targetHints":{"allow":["GET"]}}],"collection":[{"href":"https:\/\/pueblaenlinea.com\/2025\/wp-json\/wp\/v2\/posts"}],"about":[{"href":"https:\/\/pueblaenlinea.com\/2025\/wp-json\/wp\/v2\/types\/post"}],"author":[{"embeddable":true,"href":"https:\/\/pueblaenlinea.com\/2025\/wp-json\/wp\/v2\/users\/10"}],"replies":[{"embeddable":true,"href":"https:\/\/pueblaenlinea.com\/2025\/wp-json\/wp\/v2\/comments?post=134887"}],"version-history":[{"count":0,"href":"https:\/\/pueblaenlinea.com\/2025\/wp-json\/wp\/v2\/posts\/134887\/revisions"}],"wp:featuredmedia":[{"embeddable":true,"href":"https:\/\/pueblaenlinea.com\/2025\/wp-json\/wp\/v2\/media\/134888"}],"wp:attachment":[{"href":"https:\/\/pueblaenlinea.com\/2025\/wp-json\/wp\/v2\/media?parent=134887"}],"wp:term":[{"taxonomy":"category","embeddable":true,"href":"https:\/\/pueblaenlinea.com\/2025\/wp-json\/wp\/v2\/categories?post=134887"},{"taxonomy":"post_tag","embeddable":true,"href":"https:\/\/pueblaenlinea.com\/2025\/wp-json\/wp\/v2\/tags?post=134887"}],"curies":[{"name":"wp","href":"https:\/\/api.w.org\/{rel}","templated":true}]}}