{"id":134883,"date":"2026-09-04T08:26:27","date_gmt":"2026-09-04T14:26:27","guid":{"rendered":"https:\/\/pueblaenlinea.com\/2025\/?p=134883"},"modified":"2026-09-04T08:26:28","modified_gmt":"2026-09-04T14:26:28","slug":"hallan-a-hombre-con-huellas-de-violencia-en-huejotzingo-investigan-posible-relacion-con-otro-cadaver","status":"publish","type":"post","link":"https:\/\/pueblaenlinea.com\/2025\/nota-roja\/hallan-a-hombre-con-huellas-de-violencia-en-huejotzingo-investigan-posible-relacion-con-otro-cadaver\/","title":{"rendered":"Hallan a hombre con huellas de violencia en Huejotzingo; investigan posible relaci\u00f3n con otro cad\u00e1ver"},"content":{"rendered":"\n<p class=\"wp-block-paragraph\"><strong>Un segundo cad\u00e1ver fue localizado en Huejotzingo en cuesti\u00f3n de horas, esta vez en una zona de terracer\u00eda entre San Luis Coyotzingo y San Mateo Capultitl\u00e1n.<\/strong> La v\u00edctima presentaba evidentes huellas de violencia y permanece, hasta ahora, en calidad de desconocida.<\/p>\n\n\n\n<p class=\"wp-block-paragraph\">El hallazgo ocurri\u00f3 en un camino de terracer\u00eda cercano al acceso a una bloquera de San Mateo Capultitl\u00e1n, en la zona de Coyotzingo. Personas que transitaban por el lugar observaron el cuerpo y dieron aviso a las autoridades.<\/p>\n\n\n\n<p class=\"wp-block-paragraph\">Al sitio acudieron param\u00e9dicos y polic\u00edas municipales, quienes confirmaron que el hombre ya no contaba con signos vitales. La zona quedo acordonada para preservar posibles indicios.<\/p>\n\n\n\n<ul class=\"wp-block-list\">\n<li><strong>Huejotzingo:<\/strong> localizan el cuerpo entre San Luis Coyotzingo y San Mateo Capultitl\u00e1n.<\/li>\n\n\n\n<li><strong>Huellas de violencia:<\/strong> presentaba m\u00faltiples lesiones, aparentemente provocadas por golpes.<\/li>\n\n\n\n<li><strong>Lesi\u00f3n con arma blanca:<\/strong> los primeros reportes se\u00f1alan una herida a la altura de la cabeza.<\/li>\n\n\n\n<li><strong>V\u00edctima desconocida:<\/strong> identidan sin establecer.<\/li>\n\n\n\n<li><strong>Investigaci\u00f3n por homicidio:<\/strong> la Fiscal\u00eda General del Estado realiz\u00f3 las diligencias y levant\u00f3 el cad\u00e1ver.<\/li>\n<\/ul>\n\n\n\n<h3 class=\"wp-block-heading\">Dos cad\u00e1veres encontrados el mismo d\u00eda en Huejotzingo<\/h3>\n\n\n\n<p class=\"wp-block-paragraph\">El caso adquiere mayor relevancia porque horas antes, en la comunidad de <strong>Santa Mar\u00eda Xalmimilulco<\/strong>, tambi\u00e9n localizaran el cad\u00e1ver de otro hombre, en ese caso con signos de violencia y decapitado.<\/p>\n\n\n\n<p class=\"wp-block-paragraph\">La coincidencia temporal y territorial llev\u00f3 a que surgiera la pregunta inevitable: <strong>\u00bfexiste alguna relaci\u00f3n entre ambos casos?<\/strong><\/p>\n\n\n\n<p class=\"wp-block-paragraph\">Hasta ahora no existe informaci\u00f3n oficial que permita establecer un v\u00ednculo. Por ello, los investigadores deber\u00e1n determinar si se trata de hechos independientes o si existen elementos que conecten ambos homicidios.<\/p>\n\n\n\n<p class=\"wp-block-paragraph\">El cuerpo localizado en Coyotzingo fue trasladado al anfiteatro de la ciudad de Puebla para la realizaci\u00f3n de los estudios forenses correspondientes. La necropsia permitir\u00e1 establecer con precisi\u00f3n la causa de muerte y las caracter\u00edsticas de las lesiones.<\/p>\n\n\n\n<p class=\"wp-block-paragraph\">La v\u00edctima permanece como <strong>desconocida n\u00famero 102\/2026<\/strong> de la Coordinaci\u00f3n General Especializada en Investigaci\u00f3n de Homicidios Dolosos, de acuerdo con reportes preliminares.<\/p>\n\n\n\n<p class=\"wp-block-paragraph\">La identificaci\u00f3n ser\u00e1 una pieza clave para avanzar en la investigaci\u00f3n: conocer qui\u00e9n era el hombre, sus actividades y sus posibles v\u00ednculos podr\u00eda ayudar a reconstruir las \u00faltimas horas antes de su muerte y establecer una posible l\u00ednea de investigaci\u00f3n.<\/p>\n\n\n\n<p class=\"wp-block-paragraph\">Si quieres seguir esta y otras notas de inter\u00e9s en tiempo real, \u00fanete a nuestro canal de WhatsApp: <a href=\"https:\/\/whatsapp.com\/channel\/0029Va5CSyuEQIalZaJWpX1h\">https:\/\/whatsapp.com\/channel\/0029Va5CSyuEQIalZaJWpX1h<\/a><\/p>\n\n\n\n<p class=\"wp-block-paragraph\">Por ahora, las autoridades mantienen abiertas las investigaciones y no se ha informado sobre personas detenidas por este caso. La posible conexi\u00f3n con el otro homicidio deber\u00e1 ser determinada por los investigadores y no por las coincidencias que, de momento, son solamente eso.<\/p>\n\n\n\n<p class=\"wp-block-paragraph\"><strong>Escrito por Redacci\u00f3n Puebla En L\u00ednea<\/strong><\/p>\n\n\n\n<ol class=\"wp-block-list\">\n<li><strong>Encuentran segundo cad\u00e1ver en Huejotzingo el mismo d\u00eda; investigan si hay relaci\u00f3n<\/strong><\/li>\n\n\n\n<li><strong>Otro hombre aparece muerto en Huejotzingo, ahora entre Coyotzingo y Capultitl\u00e1n<\/strong><\/li>\n\n\n\n<li><strong>Dos cad\u00e1veres en un mismo d\u00eda: Fiscal\u00eda investiga hechos ocurridos en Huejotzingo<\/strong><\/li>\n\n\n\n<li><strong>Hallan a hombre con huellas de violencia en Huejotzingo; permanece como desconocido<\/strong><\/li>\n\n\n\n<li><strong>\u00bfEst\u00e1n relacionados? Dos homicidios son investigados tras hallazgos en Huejotzingo<\/strong><\/li>\n<\/ol>\n","protected":false},"excerpt":{"rendered":"<p>Un segundo cad\u00e1ver fue localizado en Huejotzingo en cuesti\u00f3n de horas, esta vez en una zona de terracer\u00eda entre San Luis Coyotzingo y San Mateo Capultitl\u00e1n. La v\u00edctima presentaba evidentes huellas de violencia y permanece, hasta ahora, en calidad de desconocida. El hallazgo ocurri\u00f3 en un camino de terracer\u00eda cercano al acceso a una bloquera&#8230;<\/p>\n","protected":false},"author":10,"featured_media":134884,"comment_status":"closed","ping_status":"closed","sticky":false,"template":"","format":"standard","meta":{"footnotes":""},"categories":[24],"tags":[1401],"class_list":["post-134883","post","type-post","status-publish","format-standard","has-post-thumbnail","hentry","category-nota-roja","tag-asesinato-puebla"],"yoast_head":"<!-- This site is optimized with the Yoast SEO plugin v28.4 - https:\/\/yoast.com\/product\/yoast-seo-wordpress\/ -->\n<title>Hallan a hombre con huellas de violencia en Huejotzingo; investigan posible relaci\u00f3n con otro cad\u00e1ver - Puebla En Linea<\/title>\n<meta name=\"description\" content=\"Hallan a hombre con huellas de violencia en Huejotzingo; investigan posible relaci\u00f3n con otro cad\u00e1ver Nota Roja\" \/>\n<meta name=\"robots\" content=\"index, follow, max-snippet:-1, max-image-preview:large, max-video-preview:-1\" \/>\n<link rel=\"canonical\" href=\"https:\/\/pueblaenlinea.com\/2025\/nota-roja\/hallan-a-hombre-con-huellas-de-violencia-en-huejotzingo-investigan-posible-relacion-con-otro-cadaver\/\" \/>\n<meta property=\"og:locale\" content=\"es_MX\" \/>\n<meta property=\"og:type\" content=\"article\" \/>\n<meta property=\"og:title\" content=\"Hallan a hombre con huellas de violencia en Huejotzingo; investigan posible relaci\u00f3n con otro cad\u00e1ver - Puebla En Linea\" \/>\n<meta property=\"og:description\" content=\"Hallan a hombre con huellas de violencia en Huejotzingo; investigan posible relaci\u00f3n con otro cad\u00e1ver Nota Roja\" \/>\n<meta property=\"og:url\" content=\"https:\/\/pueblaenlinea.com\/2025\/nota-roja\/hallan-a-hombre-con-huellas-de-violencia-en-huejotzingo-investigan-posible-relacion-con-otro-cadaver\/\" \/>\n<meta property=\"og:site_name\" content=\"Puebla En Linea\" \/>\n<meta property=\"article:publisher\" content=\"https:\/\/www.facebook.com\/pueblaenlineacom\" \/>\n<meta property=\"article:published_time\" content=\"2026-09-04T14:26:27+00:00\" \/>\n<meta property=\"article:modified_time\" content=\"2026-09-04T14:26:28+00:00\" \/>\n<meta property=\"og:image\" content=\"https:\/\/pueblaenlinea.com\/2025\/wp-content\/uploads\/2026\/09\/cuerpohuejotzingo.jpg\" \/>\n\t<meta property=\"og:image:width\" content=\"1200\" \/>\n\t<meta property=\"og:image:height\" content=\"674\" \/>\n\t<meta property=\"og:image:type\" content=\"image\/jpeg\" \/>\n<meta name=\"author\" content=\"Jazmin Cardenas\" \/>\n<meta name=\"twitter:card\" content=\"summary_large_image\" \/>\n<meta name=\"twitter:label1\" content=\"Escrito por\" \/>\n\t<meta name=\"twitter:data1\" content=\"Jazmin Cardenas\" \/>\n\t<meta name=\"twitter:label2\" content=\"Tiempo de lectura\" \/>\n\t<meta name=\"twitter:data2\" content=\"3 minutos\" \/>\n<script type=\"application\/ld+json\" class=\"yoast-schema-graph\">{\"@context\":\"https:\\\/\\\/schema.org\",\"@graph\":[{\"@type\":\"Article\",\"@id\":\"https:\\\/\\\/pueblaenlinea.com\\\/2025\\\/nota-roja\\\/hallan-a-hombre-con-huellas-de-violencia-en-huejotzingo-investigan-posible-relacion-con-otro-cadaver\\\/#article\",\"isPartOf\":{\"@id\":\"https:\\\/\\\/pueblaenlinea.com\\\/2025\\\/nota-roja\\\/hallan-a-hombre-con-huellas-de-violencia-en-huejotzingo-investigan-posible-relacion-con-otro-cadaver\\\/\"},\"author\":{\"name\":\"Jazmin Cardenas\",\"@id\":\"https:\\\/\\\/pueblaenlinea.com\\\/2025\\\/#\\\/schema\\\/person\\\/21ecc830e083be84dbddd9a05208834f\"},\"headline\":\"Hallan a hombre con huellas de violencia en Huejotzingo; investigan posible relaci\u00f3n con otro cad\u00e1ver\",\"datePublished\":\"2026-09-04T14:26:27+00:00\",\"dateModified\":\"2026-09-04T14:26:28+00:00\",\"mainEntityOfPage\":{\"@id\":\"https:\\\/\\\/pueblaenlinea.com\\\/2025\\\/nota-roja\\\/hallan-a-hombre-con-huellas-de-violencia-en-huejotzingo-investigan-posible-relacion-con-otro-cadaver\\\/\"},\"wordCount\":550,\"image\":{\"@id\":\"https:\\\/\\\/pueblaenlinea.com\\\/2025\\\/nota-roja\\\/hallan-a-hombre-con-huellas-de-violencia-en-huejotzingo-investigan-posible-relacion-con-otro-cadaver\\\/#primaryimage\"},\"thumbnailUrl\":\"https:\\\/\\\/pueblaenlinea.com\\\/2025\\\/wp-content\\\/uploads\\\/2026\\\/09\\\/cuerpohuejotzingo.jpg\",\"keywords\":[\"asesinato puebla\"],\"articleSection\":[\"Nota Roja\"],\"inLanguage\":\"es\"},{\"@type\":\"WebPage\",\"@id\":\"https:\\\/\\\/pueblaenlinea.com\\\/2025\\\/nota-roja\\\/hallan-a-hombre-con-huellas-de-violencia-en-huejotzingo-investigan-posible-relacion-con-otro-cadaver\\\/\",\"url\":\"https:\\\/\\\/pueblaenlinea.com\\\/2025\\\/nota-roja\\\/hallan-a-hombre-con-huellas-de-violencia-en-huejotzingo-investigan-posible-relacion-con-otro-cadaver\\\/\",\"name\":\"Hallan a hombre con huellas de violencia en Huejotzingo; investigan posible relaci\u00f3n con otro cad\u00e1ver - Puebla En Linea\",\"isPartOf\":{\"@id\":\"https:\\\/\\\/pueblaenlinea.com\\\/2025\\\/#website\"},\"primaryImageOfPage\":{\"@id\":\"https:\\\/\\\/pueblaenlinea.com\\\/2025\\\/nota-roja\\\/hallan-a-hombre-con-huellas-de-violencia-en-huejotzingo-investigan-posible-relacion-con-otro-cadaver\\\/#primaryimage\"},\"image\":{\"@id\":\"https:\\\/\\\/pueblaenlinea.com\\\/2025\\\/nota-roja\\\/hallan-a-hombre-con-huellas-de-violencia-en-huejotzingo-investigan-posible-relacion-con-otro-cadaver\\\/#primaryimage\"},\"thumbnailUrl\":\"https:\\\/\\\/pueblaenlinea.com\\\/2025\\\/wp-content\\\/uploads\\\/2026\\\/09\\\/cuerpohuejotzingo.jpg\",\"datePublished\":\"2026-09-04T14:26:27+00:00\",\"dateModified\":\"2026-09-04T14:26:28+00:00\",\"author\":{\"@id\":\"https:\\\/\\\/pueblaenlinea.com\\\/2025\\\/#\\\/schema\\\/person\\\/21ecc830e083be84dbddd9a05208834f\"},\"description\":\"Hallan a hombre con huellas de violencia en Huejotzingo; investigan posible relaci\u00f3n con otro cad\u00e1ver Nota Roja\",\"breadcrumb\":{\"@id\":\"https:\\\/\\\/pueblaenlinea.com\\\/2025\\\/nota-roja\\\/hallan-a-hombre-con-huellas-de-violencia-en-huejotzingo-investigan-posible-relacion-con-otro-cadaver\\\/#breadcrumb\"},\"inLanguage\":\"es\",\"potentialAction\":[{\"@type\":\"ReadAction\",\"target\":[\"https:\\\/\\\/pueblaenlinea.com\\\/2025\\\/nota-roja\\\/hallan-a-hombre-con-huellas-de-violencia-en-huejotzingo-investigan-posible-relacion-con-otro-cadaver\\\/\"]}]},{\"@type\":\"ImageObject\",\"inLanguage\":\"es\",\"@id\":\"https:\\\/\\\/pueblaenlinea.com\\\/2025\\\/nota-roja\\\/hallan-a-hombre-con-huellas-de-violencia-en-huejotzingo-investigan-posible-relacion-con-otro-cadaver\\\/#primaryimage\",\"url\":\"https:\\\/\\\/pueblaenlinea.com\\\/2025\\\/wp-content\\\/uploads\\\/2026\\\/09\\\/cuerpohuejotzingo.jpg\",\"contentUrl\":\"https:\\\/\\\/pueblaenlinea.com\\\/2025\\\/wp-content\\\/uploads\\\/2026\\\/09\\\/cuerpohuejotzingo.jpg\",\"width\":1200,\"height\":674},{\"@type\":\"BreadcrumbList\",\"@id\":\"https:\\\/\\\/pueblaenlinea.com\\\/2025\\\/nota-roja\\\/hallan-a-hombre-con-huellas-de-violencia-en-huejotzingo-investigan-posible-relacion-con-otro-cadaver\\\/#breadcrumb\",\"itemListElement\":[{\"@type\":\"ListItem\",\"position\":1,\"name\":\"Inicio\",\"item\":\"https:\\\/\\\/pueblaenlinea.com\\\/2025\\\/\"},{\"@type\":\"ListItem\",\"position\":2,\"name\":\"Hallan a hombre con huellas de violencia en Huejotzingo; investigan posible relaci\u00f3n con otro cad\u00e1ver\"}]},{\"@type\":\"WebSite\",\"@id\":\"https:\\\/\\\/pueblaenlinea.com\\\/2025\\\/#website\",\"url\":\"https:\\\/\\\/pueblaenlinea.com\\\/2025\\\/\",\"name\":\"Puebla En Linea\",\"description\":\"noticias de puebla, periodismo serio y comprometido.\",\"potentialAction\":[{\"@type\":\"SearchAction\",\"target\":{\"@type\":\"EntryPoint\",\"urlTemplate\":\"https:\\\/\\\/pueblaenlinea.com\\\/2025\\\/?s={search_term_string}\"},\"query-input\":{\"@type\":\"PropertyValueSpecification\",\"valueRequired\":true,\"valueName\":\"search_term_string\"}}],\"inLanguage\":\"es\"},{\"@type\":\"Person\",\"@id\":\"https:\\\/\\\/pueblaenlinea.com\\\/2025\\\/#\\\/schema\\\/person\\\/21ecc830e083be84dbddd9a05208834f\",\"name\":\"Jazmin Cardenas\",\"image\":{\"@type\":\"ImageObject\",\"inLanguage\":\"es\",\"@id\":\"https:\\\/\\\/pueblaenlinea.com\\\/2025\\\/wp-content\\\/litespeed\\\/avatar\\\/9d7ab062f41a13d0af53522b39daf76f.jpg?ver=1788194722\",\"url\":\"https:\\\/\\\/pueblaenlinea.com\\\/2025\\\/wp-content\\\/litespeed\\\/avatar\\\/9d7ab062f41a13d0af53522b39daf76f.jpg?ver=1788194722\",\"contentUrl\":\"https:\\\/\\\/pueblaenlinea.com\\\/2025\\\/wp-content\\\/litespeed\\\/avatar\\\/9d7ab062f41a13d0af53522b39daf76f.jpg?ver=1788194722\",\"caption\":\"Jazmin Cardenas\"},\"url\":\"https:\\\/\\\/pueblaenlinea.com\\\/2025\\\/author\\\/jaz-pel\\\/\"}]}<\/script>\n<!-- \/ Yoast SEO plugin. -->","yoast_head_json":{"title":"Hallan a hombre con huellas de violencia en Huejotzingo; investigan posible relaci\u00f3n con otro cad\u00e1ver - Puebla En Linea","description":"Hallan a hombre con huellas de violencia en Huejotzingo; investigan posible relaci\u00f3n con otro cad\u00e1ver Nota Roja","robots":{"index":"index","follow":"follow","max-snippet":"max-snippet:-1","max-image-preview":"max-image-preview:large","max-video-preview":"max-video-preview:-1"},"canonical":"https:\/\/pueblaenlinea.com\/2025\/nota-roja\/hallan-a-hombre-con-huellas-de-violencia-en-huejotzingo-investigan-posible-relacion-con-otro-cadaver\/","og_locale":"es_MX","og_type":"article","og_title":"Hallan a hombre con huellas de violencia en Huejotzingo; investigan posible relaci\u00f3n con otro cad\u00e1ver - Puebla En Linea","og_description":"Hallan a hombre con huellas de violencia en Huejotzingo; investigan posible relaci\u00f3n con otro cad\u00e1ver Nota Roja","og_url":"https:\/\/pueblaenlinea.com\/2025\/nota-roja\/hallan-a-hombre-con-huellas-de-violencia-en-huejotzingo-investigan-posible-relacion-con-otro-cadaver\/","og_site_name":"Puebla En Linea","article_publisher":"https:\/\/www.facebook.com\/pueblaenlineacom","article_published_time":"2026-09-04T14:26:27+00:00","article_modified_time":"2026-09-04T14:26:28+00:00","og_image":[{"width":1200,"height":674,"url":"https:\/\/pueblaenlinea.com\/2025\/wp-content\/uploads\/2026\/09\/cuerpohuejotzingo.jpg","type":"image\/jpeg"}],"author":"Jazmin Cardenas","twitter_card":"summary_large_image","twitter_misc":{"Escrito por":"Jazmin Cardenas","Tiempo de lectura":"3 minutos"},"schema":{"@context":"https:\/\/schema.org","@graph":[{"@type":"Article","@id":"https:\/\/pueblaenlinea.com\/2025\/nota-roja\/hallan-a-hombre-con-huellas-de-violencia-en-huejotzingo-investigan-posible-relacion-con-otro-cadaver\/#article","isPartOf":{"@id":"https:\/\/pueblaenlinea.com\/2025\/nota-roja\/hallan-a-hombre-con-huellas-de-violencia-en-huejotzingo-investigan-posible-relacion-con-otro-cadaver\/"},"author":{"name":"Jazmin Cardenas","@id":"https:\/\/pueblaenlinea.com\/2025\/#\/schema\/person\/21ecc830e083be84dbddd9a05208834f"},"headline":"Hallan a hombre con huellas de violencia en Huejotzingo; investigan posible relaci\u00f3n con otro cad\u00e1ver","datePublished":"2026-09-04T14:26:27+00:00","dateModified":"2026-09-04T14:26:28+00:00","mainEntityOfPage":{"@id":"https:\/\/pueblaenlinea.com\/2025\/nota-roja\/hallan-a-hombre-con-huellas-de-violencia-en-huejotzingo-investigan-posible-relacion-con-otro-cadaver\/"},"wordCount":550,"image":{"@id":"https:\/\/pueblaenlinea.com\/2025\/nota-roja\/hallan-a-hombre-con-huellas-de-violencia-en-huejotzingo-investigan-posible-relacion-con-otro-cadaver\/#primaryimage"},"thumbnailUrl":"https:\/\/pueblaenlinea.com\/2025\/wp-content\/uploads\/2026\/09\/cuerpohuejotzingo.jpg","keywords":["asesinato puebla"],"articleSection":["Nota Roja"],"inLanguage":"es"},{"@type":"WebPage","@id":"https:\/\/pueblaenlinea.com\/2025\/nota-roja\/hallan-a-hombre-con-huellas-de-violencia-en-huejotzingo-investigan-posible-relacion-con-otro-cadaver\/","url":"https:\/\/pueblaenlinea.com\/2025\/nota-roja\/hallan-a-hombre-con-huellas-de-violencia-en-huejotzingo-investigan-posible-relacion-con-otro-cadaver\/","name":"Hallan a hombre con huellas de violencia en Huejotzingo; investigan posible relaci\u00f3n con otro cad\u00e1ver - Puebla En Linea","isPartOf":{"@id":"https:\/\/pueblaenlinea.com\/2025\/#website"},"primaryImageOfPage":{"@id":"https:\/\/pueblaenlinea.com\/2025\/nota-roja\/hallan-a-hombre-con-huellas-de-violencia-en-huejotzingo-investigan-posible-relacion-con-otro-cadaver\/#primaryimage"},"image":{"@id":"https:\/\/pueblaenlinea.com\/2025\/nota-roja\/hallan-a-hombre-con-huellas-de-violencia-en-huejotzingo-investigan-posible-relacion-con-otro-cadaver\/#primaryimage"},"thumbnailUrl":"https:\/\/pueblaenlinea.com\/2025\/wp-content\/uploads\/2026\/09\/cuerpohuejotzingo.jpg","datePublished":"2026-09-04T14:26:27+00:00","dateModified":"2026-09-04T14:26:28+00:00","author":{"@id":"https:\/\/pueblaenlinea.com\/2025\/#\/schema\/person\/21ecc830e083be84dbddd9a05208834f"},"description":"Hallan a hombre con huellas de violencia en Huejotzingo; investigan posible relaci\u00f3n con otro cad\u00e1ver Nota Roja","breadcrumb":{"@id":"https:\/\/pueblaenlinea.com\/2025\/nota-roja\/hallan-a-hombre-con-huellas-de-violencia-en-huejotzingo-investigan-posible-relacion-con-otro-cadaver\/#breadcrumb"},"inLanguage":"es","potentialAction":[{"@type":"ReadAction","target":["https:\/\/pueblaenlinea.com\/2025\/nota-roja\/hallan-a-hombre-con-huellas-de-violencia-en-huejotzingo-investigan-posible-relacion-con-otro-cadaver\/"]}]},{"@type":"ImageObject","inLanguage":"es","@id":"https:\/\/pueblaenlinea.com\/2025\/nota-roja\/hallan-a-hombre-con-huellas-de-violencia-en-huejotzingo-investigan-posible-relacion-con-otro-cadaver\/#primaryimage","url":"https:\/\/pueblaenlinea.com\/2025\/wp-content\/uploads\/2026\/09\/cuerpohuejotzingo.jpg","contentUrl":"https:\/\/pueblaenlinea.com\/2025\/wp-content\/uploads\/2026\/09\/cuerpohuejotzingo.jpg","width":1200,"height":674},{"@type":"BreadcrumbList","@id":"https:\/\/pueblaenlinea.com\/2025\/nota-roja\/hallan-a-hombre-con-huellas-de-violencia-en-huejotzingo-investigan-posible-relacion-con-otro-cadaver\/#breadcrumb","itemListElement":[{"@type":"ListItem","position":1,"name":"Inicio","item":"https:\/\/pueblaenlinea.com\/2025\/"},{"@type":"ListItem","position":2,"name":"Hallan a hombre con huellas de violencia en Huejotzingo; investigan posible relaci\u00f3n con otro cad\u00e1ver"}]},{"@type":"WebSite","@id":"https:\/\/pueblaenlinea.com\/2025\/#website","url":"https:\/\/pueblaenlinea.com\/2025\/","name":"Puebla En Linea","description":"noticias de puebla, periodismo serio y comprometido.","potentialAction":[{"@type":"SearchAction","target":{"@type":"EntryPoint","urlTemplate":"https:\/\/pueblaenlinea.com\/2025\/?s={search_term_string}"},"query-input":{"@type":"PropertyValueSpecification","valueRequired":true,"valueName":"search_term_string"}}],"inLanguage":"es"},{"@type":"Person","@id":"https:\/\/pueblaenlinea.com\/2025\/#\/schema\/person\/21ecc830e083be84dbddd9a05208834f","name":"Jazmin Cardenas","image":{"@type":"ImageObject","inLanguage":"es","@id":"https:\/\/pueblaenlinea.com\/2025\/wp-content\/litespeed\/avatar\/9d7ab062f41a13d0af53522b39daf76f.jpg?ver=1788194722","url":"https:\/\/pueblaenlinea.com\/2025\/wp-content\/litespeed\/avatar\/9d7ab062f41a13d0af53522b39daf76f.jpg?ver=1788194722","contentUrl":"https:\/\/pueblaenlinea.com\/2025\/wp-content\/litespeed\/avatar\/9d7ab062f41a13d0af53522b39daf76f.jpg?ver=1788194722","caption":"Jazmin Cardenas"},"url":"https:\/\/pueblaenlinea.com\/2025\/author\/jaz-pel\/"}]}},"_links":{"self":[{"href":"https:\/\/pueblaenlinea.com\/2025\/wp-json\/wp\/v2\/posts\/134883","targetHints":{"allow":["GET"]}}],"collection":[{"href":"https:\/\/pueblaenlinea.com\/2025\/wp-json\/wp\/v2\/posts"}],"about":[{"href":"https:\/\/pueblaenlinea.com\/2025\/wp-json\/wp\/v2\/types\/post"}],"author":[{"embeddable":true,"href":"https:\/\/pueblaenlinea.com\/2025\/wp-json\/wp\/v2\/users\/10"}],"replies":[{"embeddable":true,"href":"https:\/\/pueblaenlinea.com\/2025\/wp-json\/wp\/v2\/comments?post=134883"}],"version-history":[{"count":0,"href":"https:\/\/pueblaenlinea.com\/2025\/wp-json\/wp\/v2\/posts\/134883\/revisions"}],"wp:featuredmedia":[{"embeddable":true,"href":"https:\/\/pueblaenlinea.com\/2025\/wp-json\/wp\/v2\/media\/134884"}],"wp:attachment":[{"href":"https:\/\/pueblaenlinea.com\/2025\/wp-json\/wp\/v2\/media?parent=134883"}],"wp:term":[{"taxonomy":"category","embeddable":true,"href":"https:\/\/pueblaenlinea.com\/2025\/wp-json\/wp\/v2\/categories?post=134883"},{"taxonomy":"post_tag","embeddable":true,"href":"https:\/\/pueblaenlinea.com\/2025\/wp-json\/wp\/v2\/tags?post=134883"}],"curies":[{"name":"wp","href":"https:\/\/api.w.org\/{rel}","templated":true}]}}