{"id":134880,"date":"2026-09-04T07:40:55","date_gmt":"2026-09-04T13:40:55","guid":{"rendered":"https:\/\/pueblaenlinea.com\/2025\/?p=134880"},"modified":"2026-09-04T07:40:55","modified_gmt":"2026-09-04T13:40:55","slug":"rina-interrumpe-la-fiesta-durante-presentacion-de-sonido-famoso-en-san-pedro-cholula","status":"publish","type":"post","link":"https:\/\/pueblaenlinea.com\/2025\/nota-roja\/rina-interrumpe-la-fiesta-durante-presentacion-de-sonido-famoso-en-san-pedro-cholula\/","title":{"rendered":"Ri\u00f1a interrumpe la fiesta durante presentaci\u00f3n de Sonido Famoso en San Pedro Cholula"},"content":{"rendered":"\n<p class=\"wp-block-paragraph\"><strong>Lo que deb\u00eda ser una noche de m\u00fasica termin\u00f3 con golpes en medio de la multitud.<\/strong> Dos hombres comenzaron a enfrentarse durante la presentaci\u00f3n de Sonido Famoso en la Feria de San Pedro Cholula, obligando a elementos de Seguridad Ciudadana a intervenir para evitar que el conflicto escalara.<\/p>\n\n\n\n<p class=\"wp-block-paragraph\">La pelea ocurri\u00f3 durante el <strong>segundo d\u00eda de actividades de la Feria de San Pedro Cholula<\/strong>, justo cuando el domo art\u00edstico se encontraba pr\u00e1cticamente abarrotado por la presentaci\u00f3n de uno de los grupos que mayor convocatoria tiene dentro de esta celebraci\u00f3n.<\/p>\n\n\n\n<p class=\"wp-block-paragraph\">En medio de la multitud, los dos hombres comenzaron a golpearse mientras algunas mujeres intentaban separarlos. La escena llam\u00f3 la atenci\u00f3n de los asistentes y r\u00e1pidamente moviliz\u00f3 al personal de seguridad desplegado en el recinto.<\/p>\n\n\n\n<p class=\"wp-block-paragraph\"><strong>\u2022 Segundo d\u00eda de feria:<\/strong> el enfrentamiento ocurri\u00f3 durante una de las presentaciones con mayor afluencia.<\/p>\n\n\n\n<p class=\"wp-block-paragraph\"><strong>\u2022 Dos hombres involucrados:<\/strong> ambos comenzaron una pelea a golpes entre los asistentes.<\/p>\n\n\n\n<p class=\"wp-block-paragraph\"><strong>\u2022 Seguridad Ciudadana intervino:<\/strong> los elementos acudieron para controlar la situaci\u00f3n.<\/p>\n\n\n\n<p class=\"wp-block-paragraph\"><strong>\u2022 Los rijosos fueron retirados:<\/strong> tuvieron que desalojar el domo art\u00edstico.<\/p>\n\n\n\n<p class=\"wp-block-paragraph\">La intervenci\u00f3n permiti\u00f3 controlar el enfrentamiento y evitar que la pelea pasara a mayores. Despu\u00e9s de retirar a los involucrados, las actividades continuaron con normalidad dentro del recinto ferial.<\/p>\n\n\n\n<h3 class=\"wp-block-heading\">La multitud oblig\u00f3 a mantener activo el operativo de seguridad<\/h3>\n\n\n\n<p class=\"wp-block-paragraph\">La presentaci\u00f3n de <strong>Sonido Famoso<\/strong> volvi\u00f3 a generar una importante concentraci\u00f3n de personas. El grupo ya hab\u00eda registrado un lleno total durante su presentaci\u00f3n en la feria del a\u00f1o pasado y, en esta ocasi\u00f3n, nuevamente consigui\u00f3 reunir a una multitud que pr\u00e1cticamente ocup\u00f3 el domo art\u00edstico.<\/p>\n\n\n\n<p class=\"wp-block-paragraph\">Ante la elevada afluencia, elementos de <strong>Seguridad P\u00fablica y Protecci\u00f3n Civil<\/strong> mantuvieron recorridos y vigilancia permanente para atender posibles incidentes y preservar el orden entre los asistentes.<\/p>\n\n\n\n<p class=\"wp-block-paragraph\">Si quieres seguir esta y otras notas de inter\u00e9s en tiempo real, \u00fanete a nuestro canal de WhatsApp: <a href=\"https:\/\/whatsapp.com\/channel\/0029Va5CSyuEQIalZaJWpX1h\">https:\/\/whatsapp.com\/channel\/0029Va5CSyuEQIalZaJWpX1h<\/a><\/p>\n\n\n\n<p class=\"wp-block-paragraph\">Por fortuna, la pelea qued\u00f3 contenida y no pas\u00f3 a mayores. En una feria donde miles de personas buscan unas horas de m\u00fasica y celebraci\u00f3n, basta un altercado para recordar que la convivencia tambi\u00e9n depende de saber d\u00f3nde termina la fiesta y comienza la responsabilidad.<\/p>\n\n\n\n<p class=\"wp-block-paragraph\"><strong>Escrito por Redacci\u00f3n Puebla En L\u00ednea<\/strong><\/p>\n\n\n\n<ol class=\"wp-block-list\">\n<li><strong>De la m\u00fasica a los golpes: as\u00ed termin\u00f3 la presentaci\u00f3n de Sonido Famoso en Cholula<\/strong><\/li>\n\n\n\n<li><strong>\u00bfQu\u00e9 pas\u00f3 en la Feria de San Pedro Cholula? Dos hombres terminaron a golpes<\/strong><\/li>\n\n\n\n<li><strong>Entre la multitud y los golpes: seguridad interviene durante concierto en Cholula<\/strong><\/li>\n\n\n\n<li><strong>Sonido Famoso abarrot\u00f3 la feria de Cholula\u2026 y una pelea oblig\u00f3 a intervenir a seguridad<\/strong><\/li>\n\n\n\n<li><strong>Noche de fiesta termina con pelea en el domo de la Feria de San Pedro Cholula<\/strong><\/li>\n<\/ol>\n","protected":false},"excerpt":{"rendered":"<p>Lo que deb\u00eda ser una noche de m\u00fasica termin\u00f3 con golpes en medio de la multitud. Dos hombres comenzaron a enfrentarse durante la presentaci\u00f3n de Sonido Famoso en la Feria de San Pedro Cholula, obligando a elementos de Seguridad Ciudadana a intervenir para evitar que el conflicto escalara. La pelea ocurri\u00f3 durante el segundo d\u00eda&#8230;<\/p>\n","protected":false},"author":10,"featured_media":134881,"comment_status":"closed","ping_status":"closed","sticky":false,"template":"","format":"standard","meta":{"footnotes":""},"categories":[24],"tags":[1386],"class_list":["post-134880","post","type-post","status-publish","format-standard","has-post-thumbnail","hentry","category-nota-roja","tag-puebla"],"yoast_head":"<!-- This site is optimized with the Yoast SEO plugin v28.4 - https:\/\/yoast.com\/product\/yoast-seo-wordpress\/ -->\n<title>Ri\u00f1a interrumpe la fiesta durante presentaci\u00f3n de Sonido Famoso en San Pedro Cholula - Puebla En Linea<\/title>\n<meta name=\"description\" content=\"Ri\u00f1a interrumpe la fiesta durante presentaci\u00f3n de Sonido Famoso en San Pedro Cholula Nota Roja\" \/>\n<meta name=\"robots\" content=\"index, follow, max-snippet:-1, max-image-preview:large, max-video-preview:-1\" \/>\n<link rel=\"canonical\" href=\"https:\/\/pueblaenlinea.com\/2025\/nota-roja\/rina-interrumpe-la-fiesta-durante-presentacion-de-sonido-famoso-en-san-pedro-cholula\/\" \/>\n<meta property=\"og:locale\" content=\"es_MX\" \/>\n<meta property=\"og:type\" content=\"article\" \/>\n<meta property=\"og:title\" content=\"Ri\u00f1a interrumpe la fiesta durante presentaci\u00f3n de Sonido Famoso en San Pedro Cholula - Puebla En Linea\" \/>\n<meta property=\"og:description\" content=\"Ri\u00f1a interrumpe la fiesta durante presentaci\u00f3n de Sonido Famoso en San Pedro Cholula Nota Roja\" \/>\n<meta property=\"og:url\" content=\"https:\/\/pueblaenlinea.com\/2025\/nota-roja\/rina-interrumpe-la-fiesta-durante-presentacion-de-sonido-famoso-en-san-pedro-cholula\/\" \/>\n<meta property=\"og:site_name\" content=\"Puebla En Linea\" \/>\n<meta property=\"article:publisher\" content=\"https:\/\/www.facebook.com\/pueblaenlineacom\" \/>\n<meta property=\"article:published_time\" content=\"2026-09-04T13:40:55+00:00\" \/>\n<meta property=\"og:image\" content=\"https:\/\/pueblaenlinea.com\/2025\/wp-content\/uploads\/2026\/09\/sonidocholula.jpg\" \/>\n\t<meta property=\"og:image:width\" content=\"1200\" \/>\n\t<meta property=\"og:image:height\" content=\"674\" \/>\n\t<meta property=\"og:image:type\" content=\"image\/jpeg\" \/>\n<meta name=\"author\" content=\"Jazmin Cardenas\" \/>\n<meta name=\"twitter:card\" content=\"summary_large_image\" \/>\n<meta name=\"twitter:label1\" content=\"Escrito por\" \/>\n\t<meta name=\"twitter:data1\" content=\"Jazmin Cardenas\" \/>\n\t<meta name=\"twitter:label2\" content=\"Tiempo de lectura\" \/>\n\t<meta name=\"twitter:data2\" content=\"3 minutos\" \/>\n<script type=\"application\/ld+json\" class=\"yoast-schema-graph\">{\"@context\":\"https:\\\/\\\/schema.org\",\"@graph\":[{\"@type\":\"Article\",\"@id\":\"https:\\\/\\\/pueblaenlinea.com\\\/2025\\\/nota-roja\\\/rina-interrumpe-la-fiesta-durante-presentacion-de-sonido-famoso-en-san-pedro-cholula\\\/#article\",\"isPartOf\":{\"@id\":\"https:\\\/\\\/pueblaenlinea.com\\\/2025\\\/nota-roja\\\/rina-interrumpe-la-fiesta-durante-presentacion-de-sonido-famoso-en-san-pedro-cholula\\\/\"},\"author\":{\"name\":\"Jazmin Cardenas\",\"@id\":\"https:\\\/\\\/pueblaenlinea.com\\\/2025\\\/#\\\/schema\\\/person\\\/21ecc830e083be84dbddd9a05208834f\"},\"headline\":\"Ri\u00f1a interrumpe la fiesta durante presentaci\u00f3n de Sonido Famoso en San Pedro Cholula\",\"datePublished\":\"2026-09-04T13:40:55+00:00\",\"mainEntityOfPage\":{\"@id\":\"https:\\\/\\\/pueblaenlinea.com\\\/2025\\\/nota-roja\\\/rina-interrumpe-la-fiesta-durante-presentacion-de-sonido-famoso-en-san-pedro-cholula\\\/\"},\"wordCount\":480,\"image\":{\"@id\":\"https:\\\/\\\/pueblaenlinea.com\\\/2025\\\/nota-roja\\\/rina-interrumpe-la-fiesta-durante-presentacion-de-sonido-famoso-en-san-pedro-cholula\\\/#primaryimage\"},\"thumbnailUrl\":\"https:\\\/\\\/pueblaenlinea.com\\\/2025\\\/wp-content\\\/uploads\\\/2026\\\/09\\\/sonidocholula.jpg\",\"keywords\":[\"Puebla\"],\"articleSection\":[\"Nota Roja\"],\"inLanguage\":\"es\"},{\"@type\":\"WebPage\",\"@id\":\"https:\\\/\\\/pueblaenlinea.com\\\/2025\\\/nota-roja\\\/rina-interrumpe-la-fiesta-durante-presentacion-de-sonido-famoso-en-san-pedro-cholula\\\/\",\"url\":\"https:\\\/\\\/pueblaenlinea.com\\\/2025\\\/nota-roja\\\/rina-interrumpe-la-fiesta-durante-presentacion-de-sonido-famoso-en-san-pedro-cholula\\\/\",\"name\":\"Ri\u00f1a interrumpe la fiesta durante presentaci\u00f3n de Sonido Famoso en San Pedro Cholula - Puebla En Linea\",\"isPartOf\":{\"@id\":\"https:\\\/\\\/pueblaenlinea.com\\\/2025\\\/#website\"},\"primaryImageOfPage\":{\"@id\":\"https:\\\/\\\/pueblaenlinea.com\\\/2025\\\/nota-roja\\\/rina-interrumpe-la-fiesta-durante-presentacion-de-sonido-famoso-en-san-pedro-cholula\\\/#primaryimage\"},\"image\":{\"@id\":\"https:\\\/\\\/pueblaenlinea.com\\\/2025\\\/nota-roja\\\/rina-interrumpe-la-fiesta-durante-presentacion-de-sonido-famoso-en-san-pedro-cholula\\\/#primaryimage\"},\"thumbnailUrl\":\"https:\\\/\\\/pueblaenlinea.com\\\/2025\\\/wp-content\\\/uploads\\\/2026\\\/09\\\/sonidocholula.jpg\",\"datePublished\":\"2026-09-04T13:40:55+00:00\",\"author\":{\"@id\":\"https:\\\/\\\/pueblaenlinea.com\\\/2025\\\/#\\\/schema\\\/person\\\/21ecc830e083be84dbddd9a05208834f\"},\"description\":\"Ri\u00f1a interrumpe la fiesta durante presentaci\u00f3n de Sonido Famoso en San Pedro Cholula Nota Roja\",\"breadcrumb\":{\"@id\":\"https:\\\/\\\/pueblaenlinea.com\\\/2025\\\/nota-roja\\\/rina-interrumpe-la-fiesta-durante-presentacion-de-sonido-famoso-en-san-pedro-cholula\\\/#breadcrumb\"},\"inLanguage\":\"es\",\"potentialAction\":[{\"@type\":\"ReadAction\",\"target\":[\"https:\\\/\\\/pueblaenlinea.com\\\/2025\\\/nota-roja\\\/rina-interrumpe-la-fiesta-durante-presentacion-de-sonido-famoso-en-san-pedro-cholula\\\/\"]}]},{\"@type\":\"ImageObject\",\"inLanguage\":\"es\",\"@id\":\"https:\\\/\\\/pueblaenlinea.com\\\/2025\\\/nota-roja\\\/rina-interrumpe-la-fiesta-durante-presentacion-de-sonido-famoso-en-san-pedro-cholula\\\/#primaryimage\",\"url\":\"https:\\\/\\\/pueblaenlinea.com\\\/2025\\\/wp-content\\\/uploads\\\/2026\\\/09\\\/sonidocholula.jpg\",\"contentUrl\":\"https:\\\/\\\/pueblaenlinea.com\\\/2025\\\/wp-content\\\/uploads\\\/2026\\\/09\\\/sonidocholula.jpg\",\"width\":1200,\"height\":674},{\"@type\":\"BreadcrumbList\",\"@id\":\"https:\\\/\\\/pueblaenlinea.com\\\/2025\\\/nota-roja\\\/rina-interrumpe-la-fiesta-durante-presentacion-de-sonido-famoso-en-san-pedro-cholula\\\/#breadcrumb\",\"itemListElement\":[{\"@type\":\"ListItem\",\"position\":1,\"name\":\"Inicio\",\"item\":\"https:\\\/\\\/pueblaenlinea.com\\\/2025\\\/\"},{\"@type\":\"ListItem\",\"position\":2,\"name\":\"Ri\u00f1a interrumpe la fiesta durante presentaci\u00f3n de Sonido Famoso en San Pedro Cholula\"}]},{\"@type\":\"WebSite\",\"@id\":\"https:\\\/\\\/pueblaenlinea.com\\\/2025\\\/#website\",\"url\":\"https:\\\/\\\/pueblaenlinea.com\\\/2025\\\/\",\"name\":\"Puebla En Linea\",\"description\":\"noticias de puebla, periodismo serio y comprometido.\",\"potentialAction\":[{\"@type\":\"SearchAction\",\"target\":{\"@type\":\"EntryPoint\",\"urlTemplate\":\"https:\\\/\\\/pueblaenlinea.com\\\/2025\\\/?s={search_term_string}\"},\"query-input\":{\"@type\":\"PropertyValueSpecification\",\"valueRequired\":true,\"valueName\":\"search_term_string\"}}],\"inLanguage\":\"es\"},{\"@type\":\"Person\",\"@id\":\"https:\\\/\\\/pueblaenlinea.com\\\/2025\\\/#\\\/schema\\\/person\\\/21ecc830e083be84dbddd9a05208834f\",\"name\":\"Jazmin Cardenas\",\"image\":{\"@type\":\"ImageObject\",\"inLanguage\":\"es\",\"@id\":\"https:\\\/\\\/pueblaenlinea.com\\\/2025\\\/wp-content\\\/litespeed\\\/avatar\\\/9d7ab062f41a13d0af53522b39daf76f.jpg?ver=1788194722\",\"url\":\"https:\\\/\\\/pueblaenlinea.com\\\/2025\\\/wp-content\\\/litespeed\\\/avatar\\\/9d7ab062f41a13d0af53522b39daf76f.jpg?ver=1788194722\",\"contentUrl\":\"https:\\\/\\\/pueblaenlinea.com\\\/2025\\\/wp-content\\\/litespeed\\\/avatar\\\/9d7ab062f41a13d0af53522b39daf76f.jpg?ver=1788194722\",\"caption\":\"Jazmin Cardenas\"},\"url\":\"https:\\\/\\\/pueblaenlinea.com\\\/2025\\\/author\\\/jaz-pel\\\/\"}]}<\/script>\n<!-- \/ Yoast SEO plugin. -->","yoast_head_json":{"title":"Ri\u00f1a interrumpe la fiesta durante presentaci\u00f3n de Sonido Famoso en San Pedro Cholula - Puebla En Linea","description":"Ri\u00f1a interrumpe la fiesta durante presentaci\u00f3n de Sonido Famoso en San Pedro Cholula Nota Roja","robots":{"index":"index","follow":"follow","max-snippet":"max-snippet:-1","max-image-preview":"max-image-preview:large","max-video-preview":"max-video-preview:-1"},"canonical":"https:\/\/pueblaenlinea.com\/2025\/nota-roja\/rina-interrumpe-la-fiesta-durante-presentacion-de-sonido-famoso-en-san-pedro-cholula\/","og_locale":"es_MX","og_type":"article","og_title":"Ri\u00f1a interrumpe la fiesta durante presentaci\u00f3n de Sonido Famoso en San Pedro Cholula - Puebla En Linea","og_description":"Ri\u00f1a interrumpe la fiesta durante presentaci\u00f3n de Sonido Famoso en San Pedro Cholula Nota Roja","og_url":"https:\/\/pueblaenlinea.com\/2025\/nota-roja\/rina-interrumpe-la-fiesta-durante-presentacion-de-sonido-famoso-en-san-pedro-cholula\/","og_site_name":"Puebla En Linea","article_publisher":"https:\/\/www.facebook.com\/pueblaenlineacom","article_published_time":"2026-09-04T13:40:55+00:00","og_image":[{"width":1200,"height":674,"url":"https:\/\/pueblaenlinea.com\/2025\/wp-content\/uploads\/2026\/09\/sonidocholula.jpg","type":"image\/jpeg"}],"author":"Jazmin Cardenas","twitter_card":"summary_large_image","twitter_misc":{"Escrito por":"Jazmin Cardenas","Tiempo de lectura":"3 minutos"},"schema":{"@context":"https:\/\/schema.org","@graph":[{"@type":"Article","@id":"https:\/\/pueblaenlinea.com\/2025\/nota-roja\/rina-interrumpe-la-fiesta-durante-presentacion-de-sonido-famoso-en-san-pedro-cholula\/#article","isPartOf":{"@id":"https:\/\/pueblaenlinea.com\/2025\/nota-roja\/rina-interrumpe-la-fiesta-durante-presentacion-de-sonido-famoso-en-san-pedro-cholula\/"},"author":{"name":"Jazmin Cardenas","@id":"https:\/\/pueblaenlinea.com\/2025\/#\/schema\/person\/21ecc830e083be84dbddd9a05208834f"},"headline":"Ri\u00f1a interrumpe la fiesta durante presentaci\u00f3n de Sonido Famoso en San Pedro Cholula","datePublished":"2026-09-04T13:40:55+00:00","mainEntityOfPage":{"@id":"https:\/\/pueblaenlinea.com\/2025\/nota-roja\/rina-interrumpe-la-fiesta-durante-presentacion-de-sonido-famoso-en-san-pedro-cholula\/"},"wordCount":480,"image":{"@id":"https:\/\/pueblaenlinea.com\/2025\/nota-roja\/rina-interrumpe-la-fiesta-durante-presentacion-de-sonido-famoso-en-san-pedro-cholula\/#primaryimage"},"thumbnailUrl":"https:\/\/pueblaenlinea.com\/2025\/wp-content\/uploads\/2026\/09\/sonidocholula.jpg","keywords":["Puebla"],"articleSection":["Nota Roja"],"inLanguage":"es"},{"@type":"WebPage","@id":"https:\/\/pueblaenlinea.com\/2025\/nota-roja\/rina-interrumpe-la-fiesta-durante-presentacion-de-sonido-famoso-en-san-pedro-cholula\/","url":"https:\/\/pueblaenlinea.com\/2025\/nota-roja\/rina-interrumpe-la-fiesta-durante-presentacion-de-sonido-famoso-en-san-pedro-cholula\/","name":"Ri\u00f1a interrumpe la fiesta durante presentaci\u00f3n de Sonido Famoso en San Pedro Cholula - Puebla En Linea","isPartOf":{"@id":"https:\/\/pueblaenlinea.com\/2025\/#website"},"primaryImageOfPage":{"@id":"https:\/\/pueblaenlinea.com\/2025\/nota-roja\/rina-interrumpe-la-fiesta-durante-presentacion-de-sonido-famoso-en-san-pedro-cholula\/#primaryimage"},"image":{"@id":"https:\/\/pueblaenlinea.com\/2025\/nota-roja\/rina-interrumpe-la-fiesta-durante-presentacion-de-sonido-famoso-en-san-pedro-cholula\/#primaryimage"},"thumbnailUrl":"https:\/\/pueblaenlinea.com\/2025\/wp-content\/uploads\/2026\/09\/sonidocholula.jpg","datePublished":"2026-09-04T13:40:55+00:00","author":{"@id":"https:\/\/pueblaenlinea.com\/2025\/#\/schema\/person\/21ecc830e083be84dbddd9a05208834f"},"description":"Ri\u00f1a interrumpe la fiesta durante presentaci\u00f3n de Sonido Famoso en San Pedro Cholula Nota Roja","breadcrumb":{"@id":"https:\/\/pueblaenlinea.com\/2025\/nota-roja\/rina-interrumpe-la-fiesta-durante-presentacion-de-sonido-famoso-en-san-pedro-cholula\/#breadcrumb"},"inLanguage":"es","potentialAction":[{"@type":"ReadAction","target":["https:\/\/pueblaenlinea.com\/2025\/nota-roja\/rina-interrumpe-la-fiesta-durante-presentacion-de-sonido-famoso-en-san-pedro-cholula\/"]}]},{"@type":"ImageObject","inLanguage":"es","@id":"https:\/\/pueblaenlinea.com\/2025\/nota-roja\/rina-interrumpe-la-fiesta-durante-presentacion-de-sonido-famoso-en-san-pedro-cholula\/#primaryimage","url":"https:\/\/pueblaenlinea.com\/2025\/wp-content\/uploads\/2026\/09\/sonidocholula.jpg","contentUrl":"https:\/\/pueblaenlinea.com\/2025\/wp-content\/uploads\/2026\/09\/sonidocholula.jpg","width":1200,"height":674},{"@type":"BreadcrumbList","@id":"https:\/\/pueblaenlinea.com\/2025\/nota-roja\/rina-interrumpe-la-fiesta-durante-presentacion-de-sonido-famoso-en-san-pedro-cholula\/#breadcrumb","itemListElement":[{"@type":"ListItem","position":1,"name":"Inicio","item":"https:\/\/pueblaenlinea.com\/2025\/"},{"@type":"ListItem","position":2,"name":"Ri\u00f1a interrumpe la fiesta durante presentaci\u00f3n de Sonido Famoso en San Pedro Cholula"}]},{"@type":"WebSite","@id":"https:\/\/pueblaenlinea.com\/2025\/#website","url":"https:\/\/pueblaenlinea.com\/2025\/","name":"Puebla En Linea","description":"noticias de puebla, periodismo serio y comprometido.","potentialAction":[{"@type":"SearchAction","target":{"@type":"EntryPoint","urlTemplate":"https:\/\/pueblaenlinea.com\/2025\/?s={search_term_string}"},"query-input":{"@type":"PropertyValueSpecification","valueRequired":true,"valueName":"search_term_string"}}],"inLanguage":"es"},{"@type":"Person","@id":"https:\/\/pueblaenlinea.com\/2025\/#\/schema\/person\/21ecc830e083be84dbddd9a05208834f","name":"Jazmin Cardenas","image":{"@type":"ImageObject","inLanguage":"es","@id":"https:\/\/pueblaenlinea.com\/2025\/wp-content\/litespeed\/avatar\/9d7ab062f41a13d0af53522b39daf76f.jpg?ver=1788194722","url":"https:\/\/pueblaenlinea.com\/2025\/wp-content\/litespeed\/avatar\/9d7ab062f41a13d0af53522b39daf76f.jpg?ver=1788194722","contentUrl":"https:\/\/pueblaenlinea.com\/2025\/wp-content\/litespeed\/avatar\/9d7ab062f41a13d0af53522b39daf76f.jpg?ver=1788194722","caption":"Jazmin Cardenas"},"url":"https:\/\/pueblaenlinea.com\/2025\/author\/jaz-pel\/"}]}},"_links":{"self":[{"href":"https:\/\/pueblaenlinea.com\/2025\/wp-json\/wp\/v2\/posts\/134880","targetHints":{"allow":["GET"]}}],"collection":[{"href":"https:\/\/pueblaenlinea.com\/2025\/wp-json\/wp\/v2\/posts"}],"about":[{"href":"https:\/\/pueblaenlinea.com\/2025\/wp-json\/wp\/v2\/types\/post"}],"author":[{"embeddable":true,"href":"https:\/\/pueblaenlinea.com\/2025\/wp-json\/wp\/v2\/users\/10"}],"replies":[{"embeddable":true,"href":"https:\/\/pueblaenlinea.com\/2025\/wp-json\/wp\/v2\/comments?post=134880"}],"version-history":[{"count":0,"href":"https:\/\/pueblaenlinea.com\/2025\/wp-json\/wp\/v2\/posts\/134880\/revisions"}],"wp:featuredmedia":[{"embeddable":true,"href":"https:\/\/pueblaenlinea.com\/2025\/wp-json\/wp\/v2\/media\/134881"}],"wp:attachment":[{"href":"https:\/\/pueblaenlinea.com\/2025\/wp-json\/wp\/v2\/media?parent=134880"}],"wp:term":[{"taxonomy":"category","embeddable":true,"href":"https:\/\/pueblaenlinea.com\/2025\/wp-json\/wp\/v2\/categories?post=134880"},{"taxonomy":"post_tag","embeddable":true,"href":"https:\/\/pueblaenlinea.com\/2025\/wp-json\/wp\/v2\/tags?post=134880"}],"curies":[{"name":"wp","href":"https:\/\/api.w.org\/{rel}","templated":true}]}}