{"id":134875,"date":"2026-09-04T06:49:39","date_gmt":"2026-09-04T12:49:39","guid":{"rendered":"https:\/\/pueblaenlinea.com\/2025\/?p=134875"},"modified":"2026-09-04T06:49:39","modified_gmt":"2026-09-04T12:49:39","slug":"buscan-a-hombre-desaparecido-en-casa-ligada-a-los-cubas-en-coronango-despliegan-perros-y-maquinaria","status":"publish","type":"post","link":"https:\/\/pueblaenlinea.com\/2025\/nota-roja\/buscan-a-hombre-desaparecido-en-casa-ligada-a-los-cubas-en-coronango-despliegan-perros-y-maquinaria\/","title":{"rendered":"Buscan a hombre desaparecido en casa ligada a \u201cLos Cubas\u201d en Coronango; despliegan perros y maquinaria"},"content":{"rendered":"\n<p class=\"wp-block-paragraph\"><strong>La b\u00fasqueda de Gilberto P\u00e9rez Mac\u00edas, desaparecido desde el 30 de julio, llev\u00f3 nuevamente a las autoridades hasta un inmueble relacionado con integrantes de la familia \u201cLos Cubas\u201d, detenidos d\u00edas atr\u00e1s. Este jueves, agentes de la Fiscal\u00eda, la Comisi\u00f3n Estatal de B\u00fasqueda y Bomberos realizaron un amplio operativo con binomios caninos y maquinaria especializada.<\/strong><\/p>\n\n\n\n<p class=\"wp-block-paragraph\">Desde las primeras horas de este <strong>jueves 4 de septiembre<\/strong>, las autoridades desplegaron un operativo en un domicilio ubicado sobre la <strong>calle Emiliano Zapata, en la comunidad de San Mart\u00edn Zotiapan<\/strong>, junta auxiliar de Santa Mar\u00eda Coronango.<\/p>\n\n\n\n<p class=\"wp-block-paragraph\">En el lugar participaron elementos de la <strong>Fiscal\u00eda General del Estado de Puebla<\/strong>, a trav\u00e9s de la Fiscal\u00eda Especializada en B\u00fasqueda de Personas Desaparecidas, personal de la <strong>Comisi\u00f3n Estatal de B\u00fasqueda de Personas<\/strong> y elementos del <strong>Heroico Cuerpo de Bomberos<\/strong>.<\/p>\n\n\n\n<p class=\"wp-block-paragraph\">La diligencia tambi\u00e9n cont\u00f3 con <strong>binomios caninos especializados y maquinaria<\/strong>, utilizada para revisar distintos puntos del inmueble.<\/p>\n\n\n\n<h3 class=\"wp-block-heading\">Buscan a Gilberto P\u00e9rez Mac\u00edas<\/h3>\n\n\n\n<p class=\"wp-block-paragraph\">El operativo estar\u00eda relacionado directamente con la b\u00fasqueda de <strong>Gilberto P\u00e9rez Mac\u00edas, de 38 a\u00f1os<\/strong>, quien fue visto por \u00faltima vez el pasado <strong>30 de julio de 2026 en San Antonio Mihuacan, Coronango<\/strong>.<\/p>\n\n\n\n<p class=\"wp-block-paragraph\">Las investigaciones iniciadas a partir de su desaparici\u00f3n habr\u00edan llevado a las autoridades hasta integrantes de la familia conocida como <strong>\u201cLos Cubas\u201d<\/strong>, tres de cuyos miembros fueron detenidos el pasado 27 de agosto.<\/p>\n\n\n\n<p class=\"wp-block-paragraph\">La b\u00fasqueda de este jueves representa una nueva diligencia para tratar de establecer si existen indicios que permitan conocer el paradero de Gilberto.<\/p>\n\n\n\n<h3 class=\"wp-block-heading\">\u201cLos Cubas\u201d, bajo investigaci\u00f3n<\/h3>\n\n\n\n<p class=\"wp-block-paragraph\">El pasado <strong>27 de agosto<\/strong>, elementos de la Fiscal\u00eda, Polic\u00eda Estatal y Polic\u00eda Municipal realizaron un operativo que permiti\u00f3 detener a <strong>tres integrantes de esta familia<\/strong>.<\/p>\n\n\n\n<p class=\"wp-block-paragraph\">De manera preliminar, las autoridades los relacionan con investigaciones por <strong>narcomenudeo, robo, comercializaci\u00f3n de hidrocarburo, desaparici\u00f3n de personas y homicidio<\/strong>.<\/p>\n\n\n\n<p class=\"wp-block-paragraph\">Dos de los detenidos tambi\u00e9n son se\u00f1alados por su posible relaci\u00f3n con un violento episodio ocurrido el <strong>30 de junio de 2025<\/strong>, cuando fue localizado un autom\u00f3vil rojo que ten\u00eda en su interior <strong>dos cuerpos desmembrados<\/strong> y dos artefactos explosivos de fabricaci\u00f3n casera.<\/p>\n\n\n\n<p class=\"wp-block-paragraph\">Durante las labores policiales, dichos artefactos detonaron accidentalmente y provocaron lesiones a <strong>dos polic\u00edas municipales de Coronango<\/strong>.<\/p>\n\n\n\n<p class=\"wp-block-paragraph\">Estos se\u00f1alamientos forman parte de las investigaciones y deber\u00e1n ser acreditados ante las autoridades correspondientes.<\/p>\n\n\n\n<h3 class=\"wp-block-heading\">Revisaron el inmueble con perros y maquinaria<\/h3>\n\n\n\n<p class=\"wp-block-paragraph\">Durante el cateo de este jueves, los equipos especializados realizaron recorridos y b\u00fasquedas en diferentes \u00e1reas del inmueble.<\/p>\n\n\n\n<p class=\"wp-block-paragraph\">Los <strong>binomios caninos<\/strong> fueron utilizados para intentar detectar posibles indicios, mientras que la maquinaria permiti\u00f3 revisar zonas que no pod\u00edan ser inspeccionadas \u00fanicamente de manera superficial.<\/p>\n\n\n\n<p class=\"wp-block-paragraph\">Hasta el cierre de esta informaci\u00f3n, <strong>de manera extraoficial se report\u00f3 que Gilberto P\u00e9rez Mac\u00edas no fue localizado y que tampoco se habr\u00edan encontrado restos humanos<\/strong>.<\/p>\n\n\n\n<p class=\"wp-block-paragraph\">Sin embargo, este resultado todav\u00eda deber\u00e1 ser confirmado por las autoridades responsables de la diligencia.<\/p>\n\n\n\n<h3 class=\"wp-block-heading\"><strong>Los datos principales:<\/strong><\/h3>\n\n\n\n<ul class=\"wp-block-list\">\n<li>\ud83d\udccd <strong>Lugar:<\/strong> San Mart\u00edn Zotiapan, Santa Mar\u00eda Coronango.<\/li>\n\n\n\n<li>\ud83d\udd0e <strong>B\u00fasqueda:<\/strong> Gilberto P\u00e9rez Mac\u00edas, de 38 a\u00f1os.<\/li>\n\n\n\n<li>\ud83d\udcc5 <strong>\u00daltima vez visto:<\/strong> 30 de julio de 2026.<\/li>\n\n\n\n<li>\ud83c\udfe0 <strong>Inmueble:<\/strong> relacionado con integrantes de \u201cLos Cubas\u201d.<\/li>\n\n\n\n<li>\ud83d\udc6e <strong>Participan:<\/strong> FGE, Comisi\u00f3n Estatal de B\u00fasqueda y Bomberos.<\/li>\n\n\n\n<li>\ud83d\udc15 <strong>Apoyo:<\/strong> binomios caninos.<\/li>\n\n\n\n<li>\ud83d\ude9c <strong>Tambi\u00e9n:<\/strong> maquinaria especializada.<\/li>\n\n\n\n<li>\u26a0\ufe0f <strong>Resultado extraoficial:<\/strong> no localizado Gilberto ni restos humanos.<\/li>\n<\/ul>\n\n\n\n<p class=\"wp-block-paragraph\"><a href=\"https:\/\/whatsapp.com\/channel\/0029Va5CSyuEQIalZaJWpX1h?utm_source=chatgpt.com\">Canal de WhatsApp de Puebla En L\u00ednea<\/a><\/p>\n\n\n\n<p class=\"wp-block-paragraph\">La escena vuelve a colocar a <strong>San Mart\u00edn Zotiapan<\/strong> en el centro de una investigaci\u00f3n que comenz\u00f3 con la desaparici\u00f3n de un hombre y termin\u00f3 llevando a las autoridades hasta una familia se\u00f1alada en distintas indagatorias criminales. Por ahora, la b\u00fasqueda no habr\u00eda dado el resultado esperado: <strong>Gilberto sigue sin aparecer<\/strong>.<\/p>\n\n\n\n<p class=\"wp-block-paragraph\">La Fiscal\u00eda deber\u00e1 informar oficialmente qu\u00e9 encontraron en el inmueble. As\u00ed como si alguno de los indicios obtenidos permite avanzar en la respuesta que una familia espera saber d\u00f3nde est\u00e1 Gilberto P\u00e9rez Mac\u00edas.<\/p>\n\n\n\n<p class=\"wp-block-paragraph\"><strong>Escrito por Redacci\u00f3n Puebla En L\u00ednea<\/strong><\/p>\n\n\n\n<ol class=\"wp-block-list\">\n<li><strong>\ud83d\udea8 Buscan a desaparecido en casa ligada a \u201cLos Cubas\u201d en Coronango; usan perros y maquinaria<\/strong><\/li>\n\n\n\n<li><strong>Operativo en Coronango: buscan a Gilberto P\u00e9rez en inmueble relacionado con \u201cLos Cubas\u201d<\/strong><\/li>\n\n\n\n<li><strong>Perros y maquinaria entran a casa de \u201cLos Cubas\u201d en Coronango para buscar a desaparecido<\/strong><\/li>\n\n\n\n<li><strong>Buscan restos humanos en inmueble ligado a \u201cLos Cubas\u201d tras desaparici\u00f3n de un hombre en Coronango<\/strong><\/li>\n\n\n\n<li><strong>La b\u00fasqueda de Gilberto lleva a las autoridades hasta casa de \u201cLos Cubas\u201d en Coronango<\/strong><\/li>\n<\/ol>\n","protected":false},"excerpt":{"rendered":"<p>La b\u00fasqueda de Gilberto P\u00e9rez Mac\u00edas, desaparecido desde el 30 de julio, llev\u00f3 nuevamente a las autoridades hasta un inmueble relacionado con integrantes de la familia \u201cLos Cubas\u201d, detenidos d\u00edas atr\u00e1s. Este jueves, agentes de la Fiscal\u00eda, la Comisi\u00f3n Estatal de B\u00fasqueda y Bomberos realizaron un amplio operativo con binomios caninos y maquinaria especializada. Desde&#8230;<\/p>\n","protected":false},"author":10,"featured_media":134876,"comment_status":"closed","ping_status":"closed","sticky":false,"template":"","format":"standard","meta":{"footnotes":""},"categories":[24],"tags":[1386],"class_list":["post-134875","post","type-post","status-publish","format-standard","has-post-thumbnail","hentry","category-nota-roja","tag-puebla"],"yoast_head":"<!-- This site is optimized with the Yoast SEO plugin v28.4 - https:\/\/yoast.com\/product\/yoast-seo-wordpress\/ -->\n<title>Buscan a hombre desaparecido en casa ligada a \u201cLos Cubas\u201d en Coronango; despliegan perros y maquinaria - Puebla En Linea<\/title>\n<meta name=\"description\" content=\"Buscan a hombre desaparecido en casa ligada a \u201cLos Cubas\u201d en Coronango; despliegan perros y maquinaria Nota Roja\" \/>\n<meta name=\"robots\" content=\"index, follow, max-snippet:-1, max-image-preview:large, max-video-preview:-1\" \/>\n<link rel=\"canonical\" href=\"https:\/\/pueblaenlinea.com\/2025\/nota-roja\/buscan-a-hombre-desaparecido-en-casa-ligada-a-los-cubas-en-coronango-despliegan-perros-y-maquinaria\/\" \/>\n<meta property=\"og:locale\" content=\"es_MX\" \/>\n<meta property=\"og:type\" content=\"article\" \/>\n<meta property=\"og:title\" content=\"Buscan a hombre desaparecido en casa ligada a \u201cLos Cubas\u201d en Coronango; despliegan perros y maquinaria - Puebla En Linea\" \/>\n<meta property=\"og:description\" content=\"Buscan a hombre desaparecido en casa ligada a \u201cLos Cubas\u201d en Coronango; despliegan perros y maquinaria Nota Roja\" \/>\n<meta property=\"og:url\" content=\"https:\/\/pueblaenlinea.com\/2025\/nota-roja\/buscan-a-hombre-desaparecido-en-casa-ligada-a-los-cubas-en-coronango-despliegan-perros-y-maquinaria\/\" \/>\n<meta property=\"og:site_name\" content=\"Puebla En Linea\" \/>\n<meta property=\"article:publisher\" content=\"https:\/\/www.facebook.com\/pueblaenlineacom\" \/>\n<meta property=\"article:published_time\" content=\"2026-09-04T12:49:39+00:00\" \/>\n<meta property=\"og:image\" content=\"https:\/\/pueblaenlinea.com\/2025\/wp-content\/uploads\/2026\/09\/ctaeo.jpg\" \/>\n\t<meta property=\"og:image:width\" content=\"1200\" \/>\n\t<meta property=\"og:image:height\" content=\"674\" \/>\n\t<meta property=\"og:image:type\" content=\"image\/jpeg\" \/>\n<meta name=\"author\" content=\"Jazmin Cardenas\" \/>\n<meta name=\"twitter:card\" content=\"summary_large_image\" \/>\n<meta name=\"twitter:label1\" content=\"Escrito por\" \/>\n\t<meta name=\"twitter:data1\" content=\"Jazmin Cardenas\" \/>\n\t<meta name=\"twitter:label2\" content=\"Tiempo de lectura\" \/>\n\t<meta name=\"twitter:data2\" content=\"4 minutos\" \/>\n<script type=\"application\/ld+json\" class=\"yoast-schema-graph\">{\"@context\":\"https:\\\/\\\/schema.org\",\"@graph\":[{\"@type\":\"Article\",\"@id\":\"https:\\\/\\\/pueblaenlinea.com\\\/2025\\\/nota-roja\\\/buscan-a-hombre-desaparecido-en-casa-ligada-a-los-cubas-en-coronango-despliegan-perros-y-maquinaria\\\/#article\",\"isPartOf\":{\"@id\":\"https:\\\/\\\/pueblaenlinea.com\\\/2025\\\/nota-roja\\\/buscan-a-hombre-desaparecido-en-casa-ligada-a-los-cubas-en-coronango-despliegan-perros-y-maquinaria\\\/\"},\"author\":{\"name\":\"Jazmin Cardenas\",\"@id\":\"https:\\\/\\\/pueblaenlinea.com\\\/2025\\\/#\\\/schema\\\/person\\\/21ecc830e083be84dbddd9a05208834f\"},\"headline\":\"Buscan a hombre desaparecido en casa ligada a \u201cLos Cubas\u201d en Coronango; despliegan perros y maquinaria\",\"datePublished\":\"2026-09-04T12:49:39+00:00\",\"mainEntityOfPage\":{\"@id\":\"https:\\\/\\\/pueblaenlinea.com\\\/2025\\\/nota-roja\\\/buscan-a-hombre-desaparecido-en-casa-ligada-a-los-cubas-en-coronango-despliegan-perros-y-maquinaria\\\/\"},\"wordCount\":762,\"image\":{\"@id\":\"https:\\\/\\\/pueblaenlinea.com\\\/2025\\\/nota-roja\\\/buscan-a-hombre-desaparecido-en-casa-ligada-a-los-cubas-en-coronango-despliegan-perros-y-maquinaria\\\/#primaryimage\"},\"thumbnailUrl\":\"https:\\\/\\\/pueblaenlinea.com\\\/2025\\\/wp-content\\\/uploads\\\/2026\\\/09\\\/ctaeo.jpg\",\"keywords\":[\"Puebla\"],\"articleSection\":[\"Nota Roja\"],\"inLanguage\":\"es\"},{\"@type\":\"WebPage\",\"@id\":\"https:\\\/\\\/pueblaenlinea.com\\\/2025\\\/nota-roja\\\/buscan-a-hombre-desaparecido-en-casa-ligada-a-los-cubas-en-coronango-despliegan-perros-y-maquinaria\\\/\",\"url\":\"https:\\\/\\\/pueblaenlinea.com\\\/2025\\\/nota-roja\\\/buscan-a-hombre-desaparecido-en-casa-ligada-a-los-cubas-en-coronango-despliegan-perros-y-maquinaria\\\/\",\"name\":\"Buscan a hombre desaparecido en casa ligada a \u201cLos Cubas\u201d en Coronango; despliegan perros y maquinaria - Puebla En Linea\",\"isPartOf\":{\"@id\":\"https:\\\/\\\/pueblaenlinea.com\\\/2025\\\/#website\"},\"primaryImageOfPage\":{\"@id\":\"https:\\\/\\\/pueblaenlinea.com\\\/2025\\\/nota-roja\\\/buscan-a-hombre-desaparecido-en-casa-ligada-a-los-cubas-en-coronango-despliegan-perros-y-maquinaria\\\/#primaryimage\"},\"image\":{\"@id\":\"https:\\\/\\\/pueblaenlinea.com\\\/2025\\\/nota-roja\\\/buscan-a-hombre-desaparecido-en-casa-ligada-a-los-cubas-en-coronango-despliegan-perros-y-maquinaria\\\/#primaryimage\"},\"thumbnailUrl\":\"https:\\\/\\\/pueblaenlinea.com\\\/2025\\\/wp-content\\\/uploads\\\/2026\\\/09\\\/ctaeo.jpg\",\"datePublished\":\"2026-09-04T12:49:39+00:00\",\"author\":{\"@id\":\"https:\\\/\\\/pueblaenlinea.com\\\/2025\\\/#\\\/schema\\\/person\\\/21ecc830e083be84dbddd9a05208834f\"},\"description\":\"Buscan a hombre desaparecido en casa ligada a \u201cLos Cubas\u201d en Coronango; despliegan perros y maquinaria Nota Roja\",\"breadcrumb\":{\"@id\":\"https:\\\/\\\/pueblaenlinea.com\\\/2025\\\/nota-roja\\\/buscan-a-hombre-desaparecido-en-casa-ligada-a-los-cubas-en-coronango-despliegan-perros-y-maquinaria\\\/#breadcrumb\"},\"inLanguage\":\"es\",\"potentialAction\":[{\"@type\":\"ReadAction\",\"target\":[\"https:\\\/\\\/pueblaenlinea.com\\\/2025\\\/nota-roja\\\/buscan-a-hombre-desaparecido-en-casa-ligada-a-los-cubas-en-coronango-despliegan-perros-y-maquinaria\\\/\"]}]},{\"@type\":\"ImageObject\",\"inLanguage\":\"es\",\"@id\":\"https:\\\/\\\/pueblaenlinea.com\\\/2025\\\/nota-roja\\\/buscan-a-hombre-desaparecido-en-casa-ligada-a-los-cubas-en-coronango-despliegan-perros-y-maquinaria\\\/#primaryimage\",\"url\":\"https:\\\/\\\/pueblaenlinea.com\\\/2025\\\/wp-content\\\/uploads\\\/2026\\\/09\\\/ctaeo.jpg\",\"contentUrl\":\"https:\\\/\\\/pueblaenlinea.com\\\/2025\\\/wp-content\\\/uploads\\\/2026\\\/09\\\/ctaeo.jpg\",\"width\":1200,\"height\":674},{\"@type\":\"BreadcrumbList\",\"@id\":\"https:\\\/\\\/pueblaenlinea.com\\\/2025\\\/nota-roja\\\/buscan-a-hombre-desaparecido-en-casa-ligada-a-los-cubas-en-coronango-despliegan-perros-y-maquinaria\\\/#breadcrumb\",\"itemListElement\":[{\"@type\":\"ListItem\",\"position\":1,\"name\":\"Inicio\",\"item\":\"https:\\\/\\\/pueblaenlinea.com\\\/2025\\\/\"},{\"@type\":\"ListItem\",\"position\":2,\"name\":\"Buscan a hombre desaparecido en casa ligada a \u201cLos Cubas\u201d en Coronango; despliegan perros y maquinaria\"}]},{\"@type\":\"WebSite\",\"@id\":\"https:\\\/\\\/pueblaenlinea.com\\\/2025\\\/#website\",\"url\":\"https:\\\/\\\/pueblaenlinea.com\\\/2025\\\/\",\"name\":\"Puebla En Linea\",\"description\":\"noticias de puebla, periodismo serio y comprometido.\",\"potentialAction\":[{\"@type\":\"SearchAction\",\"target\":{\"@type\":\"EntryPoint\",\"urlTemplate\":\"https:\\\/\\\/pueblaenlinea.com\\\/2025\\\/?s={search_term_string}\"},\"query-input\":{\"@type\":\"PropertyValueSpecification\",\"valueRequired\":true,\"valueName\":\"search_term_string\"}}],\"inLanguage\":\"es\"},{\"@type\":\"Person\",\"@id\":\"https:\\\/\\\/pueblaenlinea.com\\\/2025\\\/#\\\/schema\\\/person\\\/21ecc830e083be84dbddd9a05208834f\",\"name\":\"Jazmin Cardenas\",\"image\":{\"@type\":\"ImageObject\",\"inLanguage\":\"es\",\"@id\":\"https:\\\/\\\/pueblaenlinea.com\\\/2025\\\/wp-content\\\/litespeed\\\/avatar\\\/9d7ab062f41a13d0af53522b39daf76f.jpg?ver=1788194722\",\"url\":\"https:\\\/\\\/pueblaenlinea.com\\\/2025\\\/wp-content\\\/litespeed\\\/avatar\\\/9d7ab062f41a13d0af53522b39daf76f.jpg?ver=1788194722\",\"contentUrl\":\"https:\\\/\\\/pueblaenlinea.com\\\/2025\\\/wp-content\\\/litespeed\\\/avatar\\\/9d7ab062f41a13d0af53522b39daf76f.jpg?ver=1788194722\",\"caption\":\"Jazmin Cardenas\"},\"url\":\"https:\\\/\\\/pueblaenlinea.com\\\/2025\\\/author\\\/jaz-pel\\\/\"}]}<\/script>\n<!-- \/ Yoast SEO plugin. -->","yoast_head_json":{"title":"Buscan a hombre desaparecido en casa ligada a \u201cLos Cubas\u201d en Coronango; despliegan perros y maquinaria - Puebla En Linea","description":"Buscan a hombre desaparecido en casa ligada a \u201cLos Cubas\u201d en Coronango; despliegan perros y maquinaria Nota Roja","robots":{"index":"index","follow":"follow","max-snippet":"max-snippet:-1","max-image-preview":"max-image-preview:large","max-video-preview":"max-video-preview:-1"},"canonical":"https:\/\/pueblaenlinea.com\/2025\/nota-roja\/buscan-a-hombre-desaparecido-en-casa-ligada-a-los-cubas-en-coronango-despliegan-perros-y-maquinaria\/","og_locale":"es_MX","og_type":"article","og_title":"Buscan a hombre desaparecido en casa ligada a \u201cLos Cubas\u201d en Coronango; despliegan perros y maquinaria - Puebla En Linea","og_description":"Buscan a hombre desaparecido en casa ligada a \u201cLos Cubas\u201d en Coronango; despliegan perros y maquinaria Nota Roja","og_url":"https:\/\/pueblaenlinea.com\/2025\/nota-roja\/buscan-a-hombre-desaparecido-en-casa-ligada-a-los-cubas-en-coronango-despliegan-perros-y-maquinaria\/","og_site_name":"Puebla En Linea","article_publisher":"https:\/\/www.facebook.com\/pueblaenlineacom","article_published_time":"2026-09-04T12:49:39+00:00","og_image":[{"width":1200,"height":674,"url":"https:\/\/pueblaenlinea.com\/2025\/wp-content\/uploads\/2026\/09\/ctaeo.jpg","type":"image\/jpeg"}],"author":"Jazmin Cardenas","twitter_card":"summary_large_image","twitter_misc":{"Escrito por":"Jazmin Cardenas","Tiempo de lectura":"4 minutos"},"schema":{"@context":"https:\/\/schema.org","@graph":[{"@type":"Article","@id":"https:\/\/pueblaenlinea.com\/2025\/nota-roja\/buscan-a-hombre-desaparecido-en-casa-ligada-a-los-cubas-en-coronango-despliegan-perros-y-maquinaria\/#article","isPartOf":{"@id":"https:\/\/pueblaenlinea.com\/2025\/nota-roja\/buscan-a-hombre-desaparecido-en-casa-ligada-a-los-cubas-en-coronango-despliegan-perros-y-maquinaria\/"},"author":{"name":"Jazmin Cardenas","@id":"https:\/\/pueblaenlinea.com\/2025\/#\/schema\/person\/21ecc830e083be84dbddd9a05208834f"},"headline":"Buscan a hombre desaparecido en casa ligada a \u201cLos Cubas\u201d en Coronango; despliegan perros y maquinaria","datePublished":"2026-09-04T12:49:39+00:00","mainEntityOfPage":{"@id":"https:\/\/pueblaenlinea.com\/2025\/nota-roja\/buscan-a-hombre-desaparecido-en-casa-ligada-a-los-cubas-en-coronango-despliegan-perros-y-maquinaria\/"},"wordCount":762,"image":{"@id":"https:\/\/pueblaenlinea.com\/2025\/nota-roja\/buscan-a-hombre-desaparecido-en-casa-ligada-a-los-cubas-en-coronango-despliegan-perros-y-maquinaria\/#primaryimage"},"thumbnailUrl":"https:\/\/pueblaenlinea.com\/2025\/wp-content\/uploads\/2026\/09\/ctaeo.jpg","keywords":["Puebla"],"articleSection":["Nota Roja"],"inLanguage":"es"},{"@type":"WebPage","@id":"https:\/\/pueblaenlinea.com\/2025\/nota-roja\/buscan-a-hombre-desaparecido-en-casa-ligada-a-los-cubas-en-coronango-despliegan-perros-y-maquinaria\/","url":"https:\/\/pueblaenlinea.com\/2025\/nota-roja\/buscan-a-hombre-desaparecido-en-casa-ligada-a-los-cubas-en-coronango-despliegan-perros-y-maquinaria\/","name":"Buscan a hombre desaparecido en casa ligada a \u201cLos Cubas\u201d en Coronango; despliegan perros y maquinaria - Puebla En Linea","isPartOf":{"@id":"https:\/\/pueblaenlinea.com\/2025\/#website"},"primaryImageOfPage":{"@id":"https:\/\/pueblaenlinea.com\/2025\/nota-roja\/buscan-a-hombre-desaparecido-en-casa-ligada-a-los-cubas-en-coronango-despliegan-perros-y-maquinaria\/#primaryimage"},"image":{"@id":"https:\/\/pueblaenlinea.com\/2025\/nota-roja\/buscan-a-hombre-desaparecido-en-casa-ligada-a-los-cubas-en-coronango-despliegan-perros-y-maquinaria\/#primaryimage"},"thumbnailUrl":"https:\/\/pueblaenlinea.com\/2025\/wp-content\/uploads\/2026\/09\/ctaeo.jpg","datePublished":"2026-09-04T12:49:39+00:00","author":{"@id":"https:\/\/pueblaenlinea.com\/2025\/#\/schema\/person\/21ecc830e083be84dbddd9a05208834f"},"description":"Buscan a hombre desaparecido en casa ligada a \u201cLos Cubas\u201d en Coronango; despliegan perros y maquinaria Nota Roja","breadcrumb":{"@id":"https:\/\/pueblaenlinea.com\/2025\/nota-roja\/buscan-a-hombre-desaparecido-en-casa-ligada-a-los-cubas-en-coronango-despliegan-perros-y-maquinaria\/#breadcrumb"},"inLanguage":"es","potentialAction":[{"@type":"ReadAction","target":["https:\/\/pueblaenlinea.com\/2025\/nota-roja\/buscan-a-hombre-desaparecido-en-casa-ligada-a-los-cubas-en-coronango-despliegan-perros-y-maquinaria\/"]}]},{"@type":"ImageObject","inLanguage":"es","@id":"https:\/\/pueblaenlinea.com\/2025\/nota-roja\/buscan-a-hombre-desaparecido-en-casa-ligada-a-los-cubas-en-coronango-despliegan-perros-y-maquinaria\/#primaryimage","url":"https:\/\/pueblaenlinea.com\/2025\/wp-content\/uploads\/2026\/09\/ctaeo.jpg","contentUrl":"https:\/\/pueblaenlinea.com\/2025\/wp-content\/uploads\/2026\/09\/ctaeo.jpg","width":1200,"height":674},{"@type":"BreadcrumbList","@id":"https:\/\/pueblaenlinea.com\/2025\/nota-roja\/buscan-a-hombre-desaparecido-en-casa-ligada-a-los-cubas-en-coronango-despliegan-perros-y-maquinaria\/#breadcrumb","itemListElement":[{"@type":"ListItem","position":1,"name":"Inicio","item":"https:\/\/pueblaenlinea.com\/2025\/"},{"@type":"ListItem","position":2,"name":"Buscan a hombre desaparecido en casa ligada a \u201cLos Cubas\u201d en Coronango; despliegan perros y maquinaria"}]},{"@type":"WebSite","@id":"https:\/\/pueblaenlinea.com\/2025\/#website","url":"https:\/\/pueblaenlinea.com\/2025\/","name":"Puebla En Linea","description":"noticias de puebla, periodismo serio y comprometido.","potentialAction":[{"@type":"SearchAction","target":{"@type":"EntryPoint","urlTemplate":"https:\/\/pueblaenlinea.com\/2025\/?s={search_term_string}"},"query-input":{"@type":"PropertyValueSpecification","valueRequired":true,"valueName":"search_term_string"}}],"inLanguage":"es"},{"@type":"Person","@id":"https:\/\/pueblaenlinea.com\/2025\/#\/schema\/person\/21ecc830e083be84dbddd9a05208834f","name":"Jazmin Cardenas","image":{"@type":"ImageObject","inLanguage":"es","@id":"https:\/\/pueblaenlinea.com\/2025\/wp-content\/litespeed\/avatar\/9d7ab062f41a13d0af53522b39daf76f.jpg?ver=1788194722","url":"https:\/\/pueblaenlinea.com\/2025\/wp-content\/litespeed\/avatar\/9d7ab062f41a13d0af53522b39daf76f.jpg?ver=1788194722","contentUrl":"https:\/\/pueblaenlinea.com\/2025\/wp-content\/litespeed\/avatar\/9d7ab062f41a13d0af53522b39daf76f.jpg?ver=1788194722","caption":"Jazmin Cardenas"},"url":"https:\/\/pueblaenlinea.com\/2025\/author\/jaz-pel\/"}]}},"_links":{"self":[{"href":"https:\/\/pueblaenlinea.com\/2025\/wp-json\/wp\/v2\/posts\/134875","targetHints":{"allow":["GET"]}}],"collection":[{"href":"https:\/\/pueblaenlinea.com\/2025\/wp-json\/wp\/v2\/posts"}],"about":[{"href":"https:\/\/pueblaenlinea.com\/2025\/wp-json\/wp\/v2\/types\/post"}],"author":[{"embeddable":true,"href":"https:\/\/pueblaenlinea.com\/2025\/wp-json\/wp\/v2\/users\/10"}],"replies":[{"embeddable":true,"href":"https:\/\/pueblaenlinea.com\/2025\/wp-json\/wp\/v2\/comments?post=134875"}],"version-history":[{"count":0,"href":"https:\/\/pueblaenlinea.com\/2025\/wp-json\/wp\/v2\/posts\/134875\/revisions"}],"wp:featuredmedia":[{"embeddable":true,"href":"https:\/\/pueblaenlinea.com\/2025\/wp-json\/wp\/v2\/media\/134876"}],"wp:attachment":[{"href":"https:\/\/pueblaenlinea.com\/2025\/wp-json\/wp\/v2\/media?parent=134875"}],"wp:term":[{"taxonomy":"category","embeddable":true,"href":"https:\/\/pueblaenlinea.com\/2025\/wp-json\/wp\/v2\/categories?post=134875"},{"taxonomy":"post_tag","embeddable":true,"href":"https:\/\/pueblaenlinea.com\/2025\/wp-json\/wp\/v2\/tags?post=134875"}],"curies":[{"name":"wp","href":"https:\/\/api.w.org\/{rel}","templated":true}]}}