{"id":134873,"date":"2026-09-03T20:07:38","date_gmt":"2026-09-04T02:07:38","guid":{"rendered":"https:\/\/pueblaenlinea.com\/2025\/?p=134873"},"modified":"2026-09-03T20:07:39","modified_gmt":"2026-09-04T02:07:39","slug":"localizan-a-hombre-decapitado-cerca-de-las-vias-del-tren-en-xalmimilulco-fiscalia-investigara-el-caso","status":"publish","type":"post","link":"https:\/\/pueblaenlinea.com\/2025\/nota-roja\/localizan-a-hombre-decapitado-cerca-de-las-vias-del-tren-en-xalmimilulco-fiscalia-investigara-el-caso\/","title":{"rendered":"Localizan a hombre decapitado cerca de las v\u00edas del tren en Xalmimilulco; Fiscal\u00eda investigar\u00e1 el caso"},"content":{"rendered":"\n<p class=\"wp-block-paragraph\"><strong>Huejotzingo, Pue., 3 de septiembre de 2026.<\/strong>\u2014 Una llamada de emergencia moviliz\u00f3 a polic\u00edas municipales y elementos de la Secretar\u00eda de Marina hacia un terreno de cultivo de <strong>Santa Ana Xalmimilulco<\/strong>, donde fue localizado el cuerpo sin vida de un hombre.<\/p>\n\n\n\n<p class=\"wp-block-paragraph\">El hallazgo ocurri\u00f3 cerca de las v\u00edas del tren, en las inmediaciones de la empresa <strong>Posco<\/strong>, dentro de esta comunidad perteneciente al municipio de Huejotzingo.<\/p>\n\n\n\n<p class=\"wp-block-paragraph\">La zona permanece bajo resguardo mientras se espera la llegada de personal de la <strong>Fiscal\u00eda General del Estado de Puebla<\/strong>, que deber\u00e1 realizar las diligencias para determinar qu\u00e9 ocurri\u00f3 e iniciar el proceso de identificaci\u00f3n de la v\u00edctima.<\/p>\n\n\n\n<h3 class=\"wp-block-heading\">\ud83d\udd34 Lo que se sabe hasta ahora<\/h3>\n\n\n\n<ul class=\"wp-block-list\">\n<li><strong>Lugar:<\/strong> Santa Ana Xalmimilulco, Huejotzingo, Puebla.<\/li>\n\n\n\n<li><strong>Hallazgo:<\/strong> cuerpo sin vida de un hombre en un terreno de cultivo.<\/li>\n\n\n\n<li><strong>Ubicaci\u00f3n:<\/strong> cerca de las v\u00edas del tren, en las inmediaciones de Posco.<\/li>\n\n\n\n<li><strong>Autoridades presentes:<\/strong> Polic\u00eda Municipal de Huejotzingo y Secretar\u00eda de Marina.<\/li>\n\n\n\n<li><strong>Investigaci\u00f3n:<\/strong> pendiente de las diligencias de la Fiscal\u00eda General del Estado.<\/li>\n<\/ul>\n\n\n\n<p class=\"wp-block-paragraph\">De acuerdo con los primeros reportes, los cuerpos de seguridad acudieron despu\u00e9s de recibir una llamada a los n\u00fameros de emergencia que alertaba sobre la presencia de una persona aparentemente sin vida.<\/p>\n\n\n\n<p class=\"wp-block-paragraph\">Al llegar, los elementos confirmaron el hallazgo y procedieron a <strong>acordonar el sitio<\/strong>, mientras solicitaban la intervenci\u00f3n de la Fiscal\u00eda estatal.<\/p>\n\n\n\n<p class=\"wp-block-paragraph\">El cuerpo presenta una lesi\u00f3n extrema y <strong>no se ha localizado la cabeza en el lugar<\/strong>, de acuerdo con la informaci\u00f3n disponible hasta el momento.<\/p>\n\n\n\n<p class=\"wp-block-paragraph\">Por ahora, no se ha establecido p\u00fablicamente la identidad del hombre ni las circunstancias en las que perdi\u00f3 la vida.<\/p>\n\n\n\n<p class=\"wp-block-paragraph\">Si quieres seguir esta y otras notas de inter\u00e9s en tiempo real, \u00fanete a nuestro canal de WhatsApp: <a target=\"_blank\" rel=\"noopener\" href=\"https:\/\/whatsapp.com\/channel\/0029Va5CSyuEQIalZaJWpX1h?utm_source=chatgpt.com\">Canal de WhatsApp de Puebla En L\u00ednea<\/a><\/p>\n\n\n\n<h3 class=\"wp-block-heading\">\ud83d\udd0e Fiscal\u00eda deber\u00e1 determinar qu\u00e9 ocurri\u00f3<\/h3>\n\n\n\n<p class=\"wp-block-paragraph\">Una vez que arribe el personal ministerial, se realizar\u00e1n las diligencias correspondientes y el levantamiento del cuerpo.<\/p>\n\n\n\n<p class=\"wp-block-paragraph\">La investigaci\u00f3n tendr\u00e1 que establecer la identidad de la v\u00edctima, determinar las circunstancias de su muerte y conocer c\u00f3mo lleg\u00f3 hasta el terreno de cultivo de <strong>Santa Ana Xalmimilulco<\/strong>.<\/p>\n\n\n\n<p class=\"wp-block-paragraph\">Hasta que concluyan las primeras indagatorias, cualquier versi\u00f3n sobre el m\u00f3vil o los responsables ser\u00eda prematura.<\/p>\n\n\n\n<p class=\"wp-block-paragraph\">En casos como este, el silencio de una escena tambi\u00e9n cuenta una historia: la de una comunidad que encuentra un cuerpo y espera que la investigaci\u00f3n consiga ponerle nombre, contexto y respuestas a una muerte que, por ahora, permanece rodeada de preguntas.<\/p>\n\n\n\n<p class=\"wp-block-paragraph\"><strong>Escrito por Redacci\u00f3n Incorrecto News<\/strong><\/p>\n\n\n\n<h3 class=\"wp-block-heading\"><\/h3>\n\n\n\n<ol class=\"wp-block-list\">\n<li>\ud83d\udea8 <strong>Hallan cuerpo de un hombre cerca de las v\u00edas del tren en Xalmimilulco; FGE ya investiga<\/strong><\/li>\n\n\n\n<li>\ud83d\udd0e <strong>Movilizaci\u00f3n en Huejotzingo: localizan cad\u00e1ver en un terreno de cultivo de Xalmimilulco<\/strong><\/li>\n\n\n\n<li>\u26a0\ufe0f <strong>Encuentran a un hombre sin vida cerca de Posco en Santa Ana Xalmimilulco<\/strong><\/li>\n\n\n\n<li>\ud83d\ude94 <strong>Polic\u00eda y Marina resguardan zona tras hallazgo de un cuerpo en Huejotzingo<\/strong><\/li>\n\n\n\n<li><strong>\u00bfQu\u00e9 ocurri\u00f3 en Xalmimilulco? Hallan cuerpo de un hombre junto a las v\u00edas del tren<\/strong><\/li>\n<\/ol>\n","protected":false},"excerpt":{"rendered":"<p>Huejotzingo, Pue., 3 de septiembre de 2026.\u2014 Una llamada de emergencia moviliz\u00f3 a polic\u00edas municipales y elementos de la Secretar\u00eda de Marina hacia un terreno de cultivo de Santa Ana Xalmimilulco, donde fue localizado el cuerpo sin vida de un hombre. El hallazgo ocurri\u00f3 cerca de las v\u00edas del tren, en las inmediaciones de la&#8230;<\/p>\n","protected":false},"author":9,"featured_media":134874,"comment_status":"closed","ping_status":"closed","sticky":false,"template":"","format":"standard","meta":{"footnotes":""},"categories":[24],"tags":[1401],"class_list":["post-134873","post","type-post","status-publish","format-standard","has-post-thumbnail","hentry","category-nota-roja","tag-asesinato-puebla"],"yoast_head":"<!-- This site is optimized with the Yoast SEO plugin v28.4 - https:\/\/yoast.com\/product\/yoast-seo-wordpress\/ -->\n<title>Localizan a hombre decapitado cerca de las v\u00edas del tren en Xalmimilulco; Fiscal\u00eda investigar\u00e1 el caso - Puebla En Linea<\/title>\n<meta name=\"description\" content=\"Localizan a hombre decapitado cerca de las v\u00edas del tren en Xalmimilulco; Fiscal\u00eda investigar\u00e1 el caso Nota Roja\" \/>\n<meta name=\"robots\" content=\"index, follow, max-snippet:-1, max-image-preview:large, max-video-preview:-1\" \/>\n<link rel=\"canonical\" href=\"https:\/\/pueblaenlinea.com\/2025\/nota-roja\/localizan-a-hombre-decapitado-cerca-de-las-vias-del-tren-en-xalmimilulco-fiscalia-investigara-el-caso\/\" \/>\n<meta property=\"og:locale\" content=\"es_MX\" \/>\n<meta property=\"og:type\" content=\"article\" \/>\n<meta property=\"og:title\" content=\"Localizan a hombre decapitado cerca de las v\u00edas del tren en Xalmimilulco; Fiscal\u00eda investigar\u00e1 el caso - Puebla En Linea\" \/>\n<meta property=\"og:description\" content=\"Localizan a hombre decapitado cerca de las v\u00edas del tren en Xalmimilulco; Fiscal\u00eda investigar\u00e1 el caso Nota Roja\" \/>\n<meta property=\"og:url\" content=\"https:\/\/pueblaenlinea.com\/2025\/nota-roja\/localizan-a-hombre-decapitado-cerca-de-las-vias-del-tren-en-xalmimilulco-fiscalia-investigara-el-caso\/\" \/>\n<meta property=\"og:site_name\" content=\"Puebla En Linea\" \/>\n<meta property=\"article:publisher\" content=\"https:\/\/www.facebook.com\/pueblaenlineacom\" \/>\n<meta property=\"article:published_time\" content=\"2026-09-04T02:07:38+00:00\" \/>\n<meta property=\"article:modified_time\" content=\"2026-09-04T02:07:39+00:00\" \/>\n<meta property=\"og:image\" content=\"https:\/\/pueblaenlinea.com\/2025\/wp-content\/uploads\/2026\/09\/decapitado.jpg\" \/>\n\t<meta property=\"og:image:width\" content=\"1200\" \/>\n\t<meta property=\"og:image:height\" content=\"674\" \/>\n\t<meta property=\"og:image:type\" content=\"image\/jpeg\" \/>\n<meta name=\"author\" content=\"lupita Puebla en linea\" \/>\n<meta name=\"twitter:card\" content=\"summary_large_image\" \/>\n<meta name=\"twitter:label1\" content=\"Escrito por\" \/>\n\t<meta name=\"twitter:data1\" content=\"lupita Puebla en linea\" \/>\n\t<meta name=\"twitter:label2\" content=\"Tiempo de lectura\" \/>\n\t<meta name=\"twitter:data2\" content=\"3 minutos\" \/>\n<script type=\"application\/ld+json\" class=\"yoast-schema-graph\">{\"@context\":\"https:\\\/\\\/schema.org\",\"@graph\":[{\"@type\":\"Article\",\"@id\":\"https:\\\/\\\/pueblaenlinea.com\\\/2025\\\/nota-roja\\\/localizan-a-hombre-decapitado-cerca-de-las-vias-del-tren-en-xalmimilulco-fiscalia-investigara-el-caso\\\/#article\",\"isPartOf\":{\"@id\":\"https:\\\/\\\/pueblaenlinea.com\\\/2025\\\/nota-roja\\\/localizan-a-hombre-decapitado-cerca-de-las-vias-del-tren-en-xalmimilulco-fiscalia-investigara-el-caso\\\/\"},\"author\":{\"name\":\"lupita Puebla en linea\",\"@id\":\"https:\\\/\\\/pueblaenlinea.com\\\/2025\\\/#\\\/schema\\\/person\\\/2baf91de3092c7d50fb754a48f084d7f\"},\"headline\":\"Localizan a hombre decapitado cerca de las v\u00edas del tren en Xalmimilulco; Fiscal\u00eda investigar\u00e1 el caso\",\"datePublished\":\"2026-09-04T02:07:38+00:00\",\"dateModified\":\"2026-09-04T02:07:39+00:00\",\"mainEntityOfPage\":{\"@id\":\"https:\\\/\\\/pueblaenlinea.com\\\/2025\\\/nota-roja\\\/localizan-a-hombre-decapitado-cerca-de-las-vias-del-tren-en-xalmimilulco-fiscalia-investigara-el-caso\\\/\"},\"wordCount\":519,\"image\":{\"@id\":\"https:\\\/\\\/pueblaenlinea.com\\\/2025\\\/nota-roja\\\/localizan-a-hombre-decapitado-cerca-de-las-vias-del-tren-en-xalmimilulco-fiscalia-investigara-el-caso\\\/#primaryimage\"},\"thumbnailUrl\":\"https:\\\/\\\/pueblaenlinea.com\\\/2025\\\/wp-content\\\/uploads\\\/2026\\\/09\\\/decapitado.jpg\",\"keywords\":[\"asesinato puebla\"],\"articleSection\":[\"Nota Roja\"],\"inLanguage\":\"es\"},{\"@type\":\"WebPage\",\"@id\":\"https:\\\/\\\/pueblaenlinea.com\\\/2025\\\/nota-roja\\\/localizan-a-hombre-decapitado-cerca-de-las-vias-del-tren-en-xalmimilulco-fiscalia-investigara-el-caso\\\/\",\"url\":\"https:\\\/\\\/pueblaenlinea.com\\\/2025\\\/nota-roja\\\/localizan-a-hombre-decapitado-cerca-de-las-vias-del-tren-en-xalmimilulco-fiscalia-investigara-el-caso\\\/\",\"name\":\"Localizan a hombre decapitado cerca de las v\u00edas del tren en Xalmimilulco; Fiscal\u00eda investigar\u00e1 el caso - Puebla En Linea\",\"isPartOf\":{\"@id\":\"https:\\\/\\\/pueblaenlinea.com\\\/2025\\\/#website\"},\"primaryImageOfPage\":{\"@id\":\"https:\\\/\\\/pueblaenlinea.com\\\/2025\\\/nota-roja\\\/localizan-a-hombre-decapitado-cerca-de-las-vias-del-tren-en-xalmimilulco-fiscalia-investigara-el-caso\\\/#primaryimage\"},\"image\":{\"@id\":\"https:\\\/\\\/pueblaenlinea.com\\\/2025\\\/nota-roja\\\/localizan-a-hombre-decapitado-cerca-de-las-vias-del-tren-en-xalmimilulco-fiscalia-investigara-el-caso\\\/#primaryimage\"},\"thumbnailUrl\":\"https:\\\/\\\/pueblaenlinea.com\\\/2025\\\/wp-content\\\/uploads\\\/2026\\\/09\\\/decapitado.jpg\",\"datePublished\":\"2026-09-04T02:07:38+00:00\",\"dateModified\":\"2026-09-04T02:07:39+00:00\",\"author\":{\"@id\":\"https:\\\/\\\/pueblaenlinea.com\\\/2025\\\/#\\\/schema\\\/person\\\/2baf91de3092c7d50fb754a48f084d7f\"},\"description\":\"Localizan a hombre decapitado cerca de las v\u00edas del tren en Xalmimilulco; Fiscal\u00eda investigar\u00e1 el caso Nota Roja\",\"breadcrumb\":{\"@id\":\"https:\\\/\\\/pueblaenlinea.com\\\/2025\\\/nota-roja\\\/localizan-a-hombre-decapitado-cerca-de-las-vias-del-tren-en-xalmimilulco-fiscalia-investigara-el-caso\\\/#breadcrumb\"},\"inLanguage\":\"es\",\"potentialAction\":[{\"@type\":\"ReadAction\",\"target\":[\"https:\\\/\\\/pueblaenlinea.com\\\/2025\\\/nota-roja\\\/localizan-a-hombre-decapitado-cerca-de-las-vias-del-tren-en-xalmimilulco-fiscalia-investigara-el-caso\\\/\"]}]},{\"@type\":\"ImageObject\",\"inLanguage\":\"es\",\"@id\":\"https:\\\/\\\/pueblaenlinea.com\\\/2025\\\/nota-roja\\\/localizan-a-hombre-decapitado-cerca-de-las-vias-del-tren-en-xalmimilulco-fiscalia-investigara-el-caso\\\/#primaryimage\",\"url\":\"https:\\\/\\\/pueblaenlinea.com\\\/2025\\\/wp-content\\\/uploads\\\/2026\\\/09\\\/decapitado.jpg\",\"contentUrl\":\"https:\\\/\\\/pueblaenlinea.com\\\/2025\\\/wp-content\\\/uploads\\\/2026\\\/09\\\/decapitado.jpg\",\"width\":1200,\"height\":674},{\"@type\":\"BreadcrumbList\",\"@id\":\"https:\\\/\\\/pueblaenlinea.com\\\/2025\\\/nota-roja\\\/localizan-a-hombre-decapitado-cerca-de-las-vias-del-tren-en-xalmimilulco-fiscalia-investigara-el-caso\\\/#breadcrumb\",\"itemListElement\":[{\"@type\":\"ListItem\",\"position\":1,\"name\":\"Inicio\",\"item\":\"https:\\\/\\\/pueblaenlinea.com\\\/2025\\\/\"},{\"@type\":\"ListItem\",\"position\":2,\"name\":\"Localizan a hombre decapitado cerca de las v\u00edas del tren en Xalmimilulco; Fiscal\u00eda investigar\u00e1 el caso\"}]},{\"@type\":\"WebSite\",\"@id\":\"https:\\\/\\\/pueblaenlinea.com\\\/2025\\\/#website\",\"url\":\"https:\\\/\\\/pueblaenlinea.com\\\/2025\\\/\",\"name\":\"Puebla En Linea\",\"description\":\"noticias de puebla, periodismo serio y comprometido.\",\"potentialAction\":[{\"@type\":\"SearchAction\",\"target\":{\"@type\":\"EntryPoint\",\"urlTemplate\":\"https:\\\/\\\/pueblaenlinea.com\\\/2025\\\/?s={search_term_string}\"},\"query-input\":{\"@type\":\"PropertyValueSpecification\",\"valueRequired\":true,\"valueName\":\"search_term_string\"}}],\"inLanguage\":\"es\"},{\"@type\":\"Person\",\"@id\":\"https:\\\/\\\/pueblaenlinea.com\\\/2025\\\/#\\\/schema\\\/person\\\/2baf91de3092c7d50fb754a48f084d7f\",\"name\":\"lupita Puebla en linea\",\"image\":{\"@type\":\"ImageObject\",\"inLanguage\":\"es\",\"@id\":\"https:\\\/\\\/pueblaenlinea.com\\\/2025\\\/wp-content\\\/litespeed\\\/avatar\\\/c3bdb4b8e42693060df9dbf8c3f9c41d.jpg?ver=1788290860\",\"url\":\"https:\\\/\\\/pueblaenlinea.com\\\/2025\\\/wp-content\\\/litespeed\\\/avatar\\\/c3bdb4b8e42693060df9dbf8c3f9c41d.jpg?ver=1788290860\",\"contentUrl\":\"https:\\\/\\\/pueblaenlinea.com\\\/2025\\\/wp-content\\\/litespeed\\\/avatar\\\/c3bdb4b8e42693060df9dbf8c3f9c41d.jpg?ver=1788290860\",\"caption\":\"lupita Puebla en linea\"},\"url\":\"https:\\\/\\\/pueblaenlinea.com\\\/2025\\\/author\\\/lupita\\\/\"}]}<\/script>\n<!-- \/ Yoast SEO plugin. -->","yoast_head_json":{"title":"Localizan a hombre decapitado cerca de las v\u00edas del tren en Xalmimilulco; Fiscal\u00eda investigar\u00e1 el caso - Puebla En Linea","description":"Localizan a hombre decapitado cerca de las v\u00edas del tren en Xalmimilulco; Fiscal\u00eda investigar\u00e1 el caso Nota Roja","robots":{"index":"index","follow":"follow","max-snippet":"max-snippet:-1","max-image-preview":"max-image-preview:large","max-video-preview":"max-video-preview:-1"},"canonical":"https:\/\/pueblaenlinea.com\/2025\/nota-roja\/localizan-a-hombre-decapitado-cerca-de-las-vias-del-tren-en-xalmimilulco-fiscalia-investigara-el-caso\/","og_locale":"es_MX","og_type":"article","og_title":"Localizan a hombre decapitado cerca de las v\u00edas del tren en Xalmimilulco; Fiscal\u00eda investigar\u00e1 el caso - Puebla En Linea","og_description":"Localizan a hombre decapitado cerca de las v\u00edas del tren en Xalmimilulco; Fiscal\u00eda investigar\u00e1 el caso Nota Roja","og_url":"https:\/\/pueblaenlinea.com\/2025\/nota-roja\/localizan-a-hombre-decapitado-cerca-de-las-vias-del-tren-en-xalmimilulco-fiscalia-investigara-el-caso\/","og_site_name":"Puebla En Linea","article_publisher":"https:\/\/www.facebook.com\/pueblaenlineacom","article_published_time":"2026-09-04T02:07:38+00:00","article_modified_time":"2026-09-04T02:07:39+00:00","og_image":[{"width":1200,"height":674,"url":"https:\/\/pueblaenlinea.com\/2025\/wp-content\/uploads\/2026\/09\/decapitado.jpg","type":"image\/jpeg"}],"author":"lupita Puebla en linea","twitter_card":"summary_large_image","twitter_misc":{"Escrito por":"lupita Puebla en linea","Tiempo de lectura":"3 minutos"},"schema":{"@context":"https:\/\/schema.org","@graph":[{"@type":"Article","@id":"https:\/\/pueblaenlinea.com\/2025\/nota-roja\/localizan-a-hombre-decapitado-cerca-de-las-vias-del-tren-en-xalmimilulco-fiscalia-investigara-el-caso\/#article","isPartOf":{"@id":"https:\/\/pueblaenlinea.com\/2025\/nota-roja\/localizan-a-hombre-decapitado-cerca-de-las-vias-del-tren-en-xalmimilulco-fiscalia-investigara-el-caso\/"},"author":{"name":"lupita Puebla en linea","@id":"https:\/\/pueblaenlinea.com\/2025\/#\/schema\/person\/2baf91de3092c7d50fb754a48f084d7f"},"headline":"Localizan a hombre decapitado cerca de las v\u00edas del tren en Xalmimilulco; Fiscal\u00eda investigar\u00e1 el caso","datePublished":"2026-09-04T02:07:38+00:00","dateModified":"2026-09-04T02:07:39+00:00","mainEntityOfPage":{"@id":"https:\/\/pueblaenlinea.com\/2025\/nota-roja\/localizan-a-hombre-decapitado-cerca-de-las-vias-del-tren-en-xalmimilulco-fiscalia-investigara-el-caso\/"},"wordCount":519,"image":{"@id":"https:\/\/pueblaenlinea.com\/2025\/nota-roja\/localizan-a-hombre-decapitado-cerca-de-las-vias-del-tren-en-xalmimilulco-fiscalia-investigara-el-caso\/#primaryimage"},"thumbnailUrl":"https:\/\/pueblaenlinea.com\/2025\/wp-content\/uploads\/2026\/09\/decapitado.jpg","keywords":["asesinato puebla"],"articleSection":["Nota Roja"],"inLanguage":"es"},{"@type":"WebPage","@id":"https:\/\/pueblaenlinea.com\/2025\/nota-roja\/localizan-a-hombre-decapitado-cerca-de-las-vias-del-tren-en-xalmimilulco-fiscalia-investigara-el-caso\/","url":"https:\/\/pueblaenlinea.com\/2025\/nota-roja\/localizan-a-hombre-decapitado-cerca-de-las-vias-del-tren-en-xalmimilulco-fiscalia-investigara-el-caso\/","name":"Localizan a hombre decapitado cerca de las v\u00edas del tren en Xalmimilulco; Fiscal\u00eda investigar\u00e1 el caso - Puebla En Linea","isPartOf":{"@id":"https:\/\/pueblaenlinea.com\/2025\/#website"},"primaryImageOfPage":{"@id":"https:\/\/pueblaenlinea.com\/2025\/nota-roja\/localizan-a-hombre-decapitado-cerca-de-las-vias-del-tren-en-xalmimilulco-fiscalia-investigara-el-caso\/#primaryimage"},"image":{"@id":"https:\/\/pueblaenlinea.com\/2025\/nota-roja\/localizan-a-hombre-decapitado-cerca-de-las-vias-del-tren-en-xalmimilulco-fiscalia-investigara-el-caso\/#primaryimage"},"thumbnailUrl":"https:\/\/pueblaenlinea.com\/2025\/wp-content\/uploads\/2026\/09\/decapitado.jpg","datePublished":"2026-09-04T02:07:38+00:00","dateModified":"2026-09-04T02:07:39+00:00","author":{"@id":"https:\/\/pueblaenlinea.com\/2025\/#\/schema\/person\/2baf91de3092c7d50fb754a48f084d7f"},"description":"Localizan a hombre decapitado cerca de las v\u00edas del tren en Xalmimilulco; Fiscal\u00eda investigar\u00e1 el caso Nota Roja","breadcrumb":{"@id":"https:\/\/pueblaenlinea.com\/2025\/nota-roja\/localizan-a-hombre-decapitado-cerca-de-las-vias-del-tren-en-xalmimilulco-fiscalia-investigara-el-caso\/#breadcrumb"},"inLanguage":"es","potentialAction":[{"@type":"ReadAction","target":["https:\/\/pueblaenlinea.com\/2025\/nota-roja\/localizan-a-hombre-decapitado-cerca-de-las-vias-del-tren-en-xalmimilulco-fiscalia-investigara-el-caso\/"]}]},{"@type":"ImageObject","inLanguage":"es","@id":"https:\/\/pueblaenlinea.com\/2025\/nota-roja\/localizan-a-hombre-decapitado-cerca-de-las-vias-del-tren-en-xalmimilulco-fiscalia-investigara-el-caso\/#primaryimage","url":"https:\/\/pueblaenlinea.com\/2025\/wp-content\/uploads\/2026\/09\/decapitado.jpg","contentUrl":"https:\/\/pueblaenlinea.com\/2025\/wp-content\/uploads\/2026\/09\/decapitado.jpg","width":1200,"height":674},{"@type":"BreadcrumbList","@id":"https:\/\/pueblaenlinea.com\/2025\/nota-roja\/localizan-a-hombre-decapitado-cerca-de-las-vias-del-tren-en-xalmimilulco-fiscalia-investigara-el-caso\/#breadcrumb","itemListElement":[{"@type":"ListItem","position":1,"name":"Inicio","item":"https:\/\/pueblaenlinea.com\/2025\/"},{"@type":"ListItem","position":2,"name":"Localizan a hombre decapitado cerca de las v\u00edas del tren en Xalmimilulco; Fiscal\u00eda investigar\u00e1 el caso"}]},{"@type":"WebSite","@id":"https:\/\/pueblaenlinea.com\/2025\/#website","url":"https:\/\/pueblaenlinea.com\/2025\/","name":"Puebla En Linea","description":"noticias de puebla, periodismo serio y comprometido.","potentialAction":[{"@type":"SearchAction","target":{"@type":"EntryPoint","urlTemplate":"https:\/\/pueblaenlinea.com\/2025\/?s={search_term_string}"},"query-input":{"@type":"PropertyValueSpecification","valueRequired":true,"valueName":"search_term_string"}}],"inLanguage":"es"},{"@type":"Person","@id":"https:\/\/pueblaenlinea.com\/2025\/#\/schema\/person\/2baf91de3092c7d50fb754a48f084d7f","name":"lupita Puebla en linea","image":{"@type":"ImageObject","inLanguage":"es","@id":"https:\/\/pueblaenlinea.com\/2025\/wp-content\/litespeed\/avatar\/c3bdb4b8e42693060df9dbf8c3f9c41d.jpg?ver=1788290860","url":"https:\/\/pueblaenlinea.com\/2025\/wp-content\/litespeed\/avatar\/c3bdb4b8e42693060df9dbf8c3f9c41d.jpg?ver=1788290860","contentUrl":"https:\/\/pueblaenlinea.com\/2025\/wp-content\/litespeed\/avatar\/c3bdb4b8e42693060df9dbf8c3f9c41d.jpg?ver=1788290860","caption":"lupita Puebla en linea"},"url":"https:\/\/pueblaenlinea.com\/2025\/author\/lupita\/"}]}},"_links":{"self":[{"href":"https:\/\/pueblaenlinea.com\/2025\/wp-json\/wp\/v2\/posts\/134873","targetHints":{"allow":["GET"]}}],"collection":[{"href":"https:\/\/pueblaenlinea.com\/2025\/wp-json\/wp\/v2\/posts"}],"about":[{"href":"https:\/\/pueblaenlinea.com\/2025\/wp-json\/wp\/v2\/types\/post"}],"author":[{"embeddable":true,"href":"https:\/\/pueblaenlinea.com\/2025\/wp-json\/wp\/v2\/users\/9"}],"replies":[{"embeddable":true,"href":"https:\/\/pueblaenlinea.com\/2025\/wp-json\/wp\/v2\/comments?post=134873"}],"version-history":[{"count":0,"href":"https:\/\/pueblaenlinea.com\/2025\/wp-json\/wp\/v2\/posts\/134873\/revisions"}],"wp:featuredmedia":[{"embeddable":true,"href":"https:\/\/pueblaenlinea.com\/2025\/wp-json\/wp\/v2\/media\/134874"}],"wp:attachment":[{"href":"https:\/\/pueblaenlinea.com\/2025\/wp-json\/wp\/v2\/media?parent=134873"}],"wp:term":[{"taxonomy":"category","embeddable":true,"href":"https:\/\/pueblaenlinea.com\/2025\/wp-json\/wp\/v2\/categories?post=134873"},{"taxonomy":"post_tag","embeddable":true,"href":"https:\/\/pueblaenlinea.com\/2025\/wp-json\/wp\/v2\/tags?post=134873"}],"curies":[{"name":"wp","href":"https:\/\/api.w.org\/{rel}","templated":true}]}}