{"id":134869,"date":"2026-09-03T19:07:04","date_gmt":"2026-09-04T01:07:04","guid":{"rendered":"https:\/\/pueblaenlinea.com\/2025\/?p=134869"},"modified":"2026-09-03T19:07:04","modified_gmt":"2026-09-04T01:07:04","slug":"dimont-se-deslinda-de-el-amarillo-tras-cateo-federal-en-su-agencia-de-via-atlixcayotl","status":"publish","type":"post","link":"https:\/\/pueblaenlinea.com\/2025\/nota-roja\/dimont-se-deslinda-de-el-amarillo-tras-cateo-federal-en-su-agencia-de-via-atlixcayotl\/","title":{"rendered":"Dimont se deslinda de \u201cEl Amarillo\u201d tras cateo federal en su agencia de V\u00eda Atlixc\u00e1yotl"},"content":{"rendered":"\n<p class=\"wp-block-paragraph\"><strong>Puebla, Pue., 3 de septiembre de 2026.<\/strong>\u2014 El operativo federal lleg\u00f3 a una agencia de veh\u00edculos de lujo en Angel\u00f3polis y, con \u00e9l, una pregunta que comenz\u00f3 a circular r\u00e1pidamente: \u00bfqu\u00e9 relaci\u00f3n ten\u00eda el detenido Gov\u00e9n Ulisses \u201cN\u201d, alias <strong>\u201cEl Amarillo\u201d o \u201cEl Gob\u00e9n\u201d<\/strong>, con Dimont?<\/p>\n\n\n\n<p class=\"wp-block-paragraph\">La empresa ya respondi\u00f3. <strong>Neg\u00f3 p\u00fablicamente cualquier v\u00ednculo comercial, trato u operaci\u00f3n con el detenido o con alguna persona relacionada con el caso.<\/strong><\/p>\n\n\n\n<p class=\"wp-block-paragraph\">El posicionamiento ocurri\u00f3 despu\u00e9s de que elementos de instituciones federales realizaran diligencias durante la ma\u00f1ana de este jueves en las instalaciones de <strong>Dimont, ubicadas sobre la V\u00eda Atlixc\u00e1yotl<\/strong>, dentro de la zona de Angel\u00f3polis.<\/p>\n\n\n\n<h3 class=\"wp-block-heading\">\ud83d\udd34 Lo que sostiene Dimont<\/h3>\n\n\n\n<ul class=\"wp-block-list\">\n<li><strong>Dimont niega cualquier relaci\u00f3n con Gov\u00e9n Ulisses \u201cN\u201d.<\/strong><\/li>\n\n\n\n<li>El operativo incluy\u00f3 el <strong>aseguramiento de dos veh\u00edculos de alta gama<\/strong>, de acuerdo con lo trascendido.<\/li>\n\n\n\n<li>La empresa afirm\u00f3 que <strong>no le permitieron intervenir durante las diligencias<\/strong> en los t\u00e9rminos que, seg\u00fan su postura, establecen la Constituci\u00f3n y las leyes.<\/li>\n\n\n\n<li>Dimont asegur\u00f3 que sus actividades se encuentran <strong>apegadas a la legalidad<\/strong>.<\/li>\n\n\n\n<li><strong>Hasta ahora no existe confirmaci\u00f3n p\u00fablica de las autoridades sobre un v\u00ednculo directo entre la agencia y el detenido.<\/strong><\/li>\n<\/ul>\n\n\n\n<p class=\"wp-block-paragraph\">La aclaraci\u00f3n resulta relevante porque la detenci\u00f3n de \u201cEl Amarillo\u201d y los posteriores aseguramientos comenzaron a ser asociados p\u00fablicamente con la agencia de veh\u00edculos de lujo.<\/p>\n\n\n\n<p class=\"wp-block-paragraph\">Dimont se\u00f1al\u00f3 que esa relaci\u00f3n no corresponde con su versi\u00f3n de los hechos y sostuvo que <strong>no ha realizado ning\u00fan trato, operaci\u00f3n o relaci\u00f3n comercial con el detenido ni con otra persona vinculada al operativo<\/strong>.<\/p>\n\n\n\n<p class=\"wp-block-paragraph\">En t\u00e9rminos period\u00edsticos, hay una diferencia importante entre aparecer en la ruta de una investigaci\u00f3n y ser se\u00f1alado formalmente como parte de ella. Hasta este momento, esa segunda circunstancia <strong>no ha sido confirmada p\u00fablicamente por las autoridades<\/strong>.<\/p>\n\n\n\n<h3 class=\"wp-block-heading\">\ud83d\udfe1 La empresa dice que colaborar\u00e1 con las autoridades<\/h3>\n\n\n\n<p class=\"wp-block-paragraph\">Dimont manifest\u00f3 que conf\u00eda en que las investigaciones permitan esclarecer lo ocurrido y, eventualmente, demostrar que sus actividades se desarrollan conforme a la ley.<\/p>\n\n\n\n<p class=\"wp-block-paragraph\">Tambi\u00e9n asegur\u00f3 que colaborar\u00e1 con las autoridades <strong>dentro de los t\u00e9rminos establecidos por la normatividad aplicable<\/strong>, mientras contin\u00faan las investigaciones derivadas del operativo en Angel\u00f3polis.<\/p>\n\n\n\n<p class=\"wp-block-paragraph\">Si quieres seguir esta y otras notas de inter\u00e9s en tiempo real, \u00fanete a nuestro canal de WhatsApp: <a target=\"_blank\" rel=\"noopener\" href=\"https:\/\/whatsapp.com\/channel\/0029Va5CSyuEQIalZaJWpX1h?utm_source=chatgpt.com\">Canal de WhatsApp de Puebla En L\u00ednea<\/a><\/p>\n\n\n\n<h3 class=\"wp-block-heading\">\ud83d\udd0e \u00bfQu\u00e9 sigue despu\u00e9s del cateo?<\/h3>\n\n\n\n<p class=\"wp-block-paragraph\">Por ahora, la investigaci\u00f3n contin\u00faa y quedan preguntas abiertas sobre el origen y alcance de las diligencias federales.<\/p>\n\n\n\n<p class=\"wp-block-paragraph\">Lo que s\u00ed est\u00e1 establecido en el posicionamiento empresarial es que <strong>Dimont se deslind\u00f3 de \u201cEl Amarillo\u201d y de cualquier persona relacionada con el operativo<\/strong>.<\/p>\n\n\n\n<p class=\"wp-block-paragraph\">El resto deber\u00e1 determinarse mediante las investigaciones correspondientes y, sobre todo, a partir de informaci\u00f3n oficial. En asuntos de esta naturaleza, las versiones que circulan pueden viajar mucho m\u00e1s r\u00e1pido que las pruebas; precisamente por eso, distinguir entre un hecho confirmado y una asociaci\u00f3n p\u00fablica resulta indispensable.<\/p>\n\n\n\n<p class=\"wp-block-paragraph\"><strong>Reflexi\u00f3n:<\/strong> Un operativo puede abrir muchas preguntas, pero no todas tienen respuesta inmediata. En una investigaci\u00f3n todav\u00eda en curso, la responsabilidad period\u00edstica tambi\u00e9n consiste en separar lo comprobado de lo que apenas se presume.<\/p>\n\n\n\n<p class=\"wp-block-paragraph\"><strong>Escrito por Redacci\u00f3n Puebla En L\u00ednea<\/strong><\/p>\n\n\n\n<h3 class=\"wp-block-heading\"><\/h3>\n\n\n\n<ol class=\"wp-block-list\">\n<li><strong>Dimont rompe el silencio tras operativo federal en Angel\u00f3polis y niega v\u00ednculo con \u201cEl Amarillo\u201d<\/strong><\/li>\n\n\n\n<li><strong>\u00bfQu\u00e9 relaci\u00f3n tiene Dimont con \u201cEl Amarillo\u201d? La agencia de autos de lujo ya respondi\u00f3<\/strong><\/li>\n\n\n\n<li><strong>Cateo federal en V\u00eda Atlixc\u00e1yotl: Dimont se deslinda de \u201cEl Gob\u00e9n\u201d<\/strong><\/li>\n\n\n\n<li><strong>Dos veh\u00edculos de lujo asegurados y una aclaraci\u00f3n: Dimont niega cualquier trato con \u201cEl Amarillo\u201d<\/strong><\/li>\n\n\n\n<li><strong>Dimont fija postura tras operativo en Angel\u00f3polis: \u201cNo existe relaci\u00f3n\u201d con el detenido<\/strong><\/li>\n<\/ol>\n","protected":false},"excerpt":{"rendered":"<p>Puebla, Pue., 3 de septiembre de 2026.\u2014 El operativo federal lleg\u00f3 a una agencia de veh\u00edculos de lujo en Angel\u00f3polis y, con \u00e9l, una pregunta que comenz\u00f3 a circular r\u00e1pidamente: \u00bfqu\u00e9 relaci\u00f3n ten\u00eda el detenido Gov\u00e9n Ulisses \u201cN\u201d, alias \u201cEl Amarillo\u201d o \u201cEl Gob\u00e9n\u201d, con Dimont? La empresa ya respondi\u00f3. Neg\u00f3 p\u00fablicamente cualquier v\u00ednculo comercial,&#8230;<\/p>\n","protected":false},"author":9,"featured_media":134870,"comment_status":"closed","ping_status":"closed","sticky":false,"template":"","format":"standard","meta":{"footnotes":""},"categories":[24],"tags":[1400],"class_list":["post-134869","post","type-post","status-publish","format-standard","has-post-thumbnail","hentry","category-nota-roja","tag-detenidos"],"yoast_head":"<!-- This site is optimized with the Yoast SEO plugin v28.4 - https:\/\/yoast.com\/product\/yoast-seo-wordpress\/ -->\n<title>Dimont se deslinda de \u201cEl Amarillo\u201d tras cateo federal en su agencia de V\u00eda Atlixc\u00e1yotl - Puebla En Linea<\/title>\n<meta name=\"description\" content=\"Dimont se deslinda de \u201cEl Amarillo\u201d tras cateo federal en su agencia de V\u00eda Atlixc\u00e1yotl Nota Roja\" \/>\n<meta name=\"robots\" content=\"index, follow, max-snippet:-1, max-image-preview:large, max-video-preview:-1\" \/>\n<link rel=\"canonical\" href=\"https:\/\/pueblaenlinea.com\/2025\/nota-roja\/dimont-se-deslinda-de-el-amarillo-tras-cateo-federal-en-su-agencia-de-via-atlixcayotl\/\" \/>\n<meta property=\"og:locale\" content=\"es_MX\" \/>\n<meta property=\"og:type\" content=\"article\" \/>\n<meta property=\"og:title\" content=\"Dimont se deslinda de \u201cEl Amarillo\u201d tras cateo federal en su agencia de V\u00eda Atlixc\u00e1yotl - Puebla En Linea\" \/>\n<meta property=\"og:description\" content=\"Dimont se deslinda de \u201cEl Amarillo\u201d tras cateo federal en su agencia de V\u00eda Atlixc\u00e1yotl Nota Roja\" \/>\n<meta property=\"og:url\" content=\"https:\/\/pueblaenlinea.com\/2025\/nota-roja\/dimont-se-deslinda-de-el-amarillo-tras-cateo-federal-en-su-agencia-de-via-atlixcayotl\/\" \/>\n<meta property=\"og:site_name\" content=\"Puebla En Linea\" \/>\n<meta property=\"article:publisher\" content=\"https:\/\/www.facebook.com\/pueblaenlineacom\" \/>\n<meta property=\"article:published_time\" content=\"2026-09-04T01:07:04+00:00\" \/>\n<meta property=\"og:image\" content=\"https:\/\/pueblaenlinea.com\/2025\/wp-content\/uploads\/2026\/09\/dimont.jpg\" \/>\n\t<meta property=\"og:image:width\" content=\"1200\" \/>\n\t<meta property=\"og:image:height\" content=\"674\" \/>\n\t<meta property=\"og:image:type\" content=\"image\/jpeg\" \/>\n<meta name=\"author\" content=\"lupita Puebla en linea\" \/>\n<meta name=\"twitter:card\" content=\"summary_large_image\" \/>\n<meta name=\"twitter:label1\" content=\"Escrito por\" \/>\n\t<meta name=\"twitter:data1\" content=\"lupita Puebla en linea\" \/>\n\t<meta name=\"twitter:label2\" content=\"Tiempo de lectura\" \/>\n\t<meta name=\"twitter:data2\" content=\"3 minutos\" \/>\n<script type=\"application\/ld+json\" class=\"yoast-schema-graph\">{\"@context\":\"https:\\\/\\\/schema.org\",\"@graph\":[{\"@type\":\"Article\",\"@id\":\"https:\\\/\\\/pueblaenlinea.com\\\/2025\\\/nota-roja\\\/dimont-se-deslinda-de-el-amarillo-tras-cateo-federal-en-su-agencia-de-via-atlixcayotl\\\/#article\",\"isPartOf\":{\"@id\":\"https:\\\/\\\/pueblaenlinea.com\\\/2025\\\/nota-roja\\\/dimont-se-deslinda-de-el-amarillo-tras-cateo-federal-en-su-agencia-de-via-atlixcayotl\\\/\"},\"author\":{\"name\":\"lupita Puebla en linea\",\"@id\":\"https:\\\/\\\/pueblaenlinea.com\\\/2025\\\/#\\\/schema\\\/person\\\/2baf91de3092c7d50fb754a48f084d7f\"},\"headline\":\"Dimont se deslinda de \u201cEl Amarillo\u201d tras cateo federal en su agencia de V\u00eda Atlixc\u00e1yotl\",\"datePublished\":\"2026-09-04T01:07:04+00:00\",\"mainEntityOfPage\":{\"@id\":\"https:\\\/\\\/pueblaenlinea.com\\\/2025\\\/nota-roja\\\/dimont-se-deslinda-de-el-amarillo-tras-cateo-federal-en-su-agencia-de-via-atlixcayotl\\\/\"},\"wordCount\":655,\"image\":{\"@id\":\"https:\\\/\\\/pueblaenlinea.com\\\/2025\\\/nota-roja\\\/dimont-se-deslinda-de-el-amarillo-tras-cateo-federal-en-su-agencia-de-via-atlixcayotl\\\/#primaryimage\"},\"thumbnailUrl\":\"https:\\\/\\\/pueblaenlinea.com\\\/2025\\\/wp-content\\\/uploads\\\/2026\\\/09\\\/dimont.jpg\",\"keywords\":[\"detenidos\"],\"articleSection\":[\"Nota Roja\"],\"inLanguage\":\"es\"},{\"@type\":\"WebPage\",\"@id\":\"https:\\\/\\\/pueblaenlinea.com\\\/2025\\\/nota-roja\\\/dimont-se-deslinda-de-el-amarillo-tras-cateo-federal-en-su-agencia-de-via-atlixcayotl\\\/\",\"url\":\"https:\\\/\\\/pueblaenlinea.com\\\/2025\\\/nota-roja\\\/dimont-se-deslinda-de-el-amarillo-tras-cateo-federal-en-su-agencia-de-via-atlixcayotl\\\/\",\"name\":\"Dimont se deslinda de \u201cEl Amarillo\u201d tras cateo federal en su agencia de V\u00eda Atlixc\u00e1yotl - Puebla En Linea\",\"isPartOf\":{\"@id\":\"https:\\\/\\\/pueblaenlinea.com\\\/2025\\\/#website\"},\"primaryImageOfPage\":{\"@id\":\"https:\\\/\\\/pueblaenlinea.com\\\/2025\\\/nota-roja\\\/dimont-se-deslinda-de-el-amarillo-tras-cateo-federal-en-su-agencia-de-via-atlixcayotl\\\/#primaryimage\"},\"image\":{\"@id\":\"https:\\\/\\\/pueblaenlinea.com\\\/2025\\\/nota-roja\\\/dimont-se-deslinda-de-el-amarillo-tras-cateo-federal-en-su-agencia-de-via-atlixcayotl\\\/#primaryimage\"},\"thumbnailUrl\":\"https:\\\/\\\/pueblaenlinea.com\\\/2025\\\/wp-content\\\/uploads\\\/2026\\\/09\\\/dimont.jpg\",\"datePublished\":\"2026-09-04T01:07:04+00:00\",\"author\":{\"@id\":\"https:\\\/\\\/pueblaenlinea.com\\\/2025\\\/#\\\/schema\\\/person\\\/2baf91de3092c7d50fb754a48f084d7f\"},\"description\":\"Dimont se deslinda de \u201cEl Amarillo\u201d tras cateo federal en su agencia de V\u00eda Atlixc\u00e1yotl Nota Roja\",\"breadcrumb\":{\"@id\":\"https:\\\/\\\/pueblaenlinea.com\\\/2025\\\/nota-roja\\\/dimont-se-deslinda-de-el-amarillo-tras-cateo-federal-en-su-agencia-de-via-atlixcayotl\\\/#breadcrumb\"},\"inLanguage\":\"es\",\"potentialAction\":[{\"@type\":\"ReadAction\",\"target\":[\"https:\\\/\\\/pueblaenlinea.com\\\/2025\\\/nota-roja\\\/dimont-se-deslinda-de-el-amarillo-tras-cateo-federal-en-su-agencia-de-via-atlixcayotl\\\/\"]}]},{\"@type\":\"ImageObject\",\"inLanguage\":\"es\",\"@id\":\"https:\\\/\\\/pueblaenlinea.com\\\/2025\\\/nota-roja\\\/dimont-se-deslinda-de-el-amarillo-tras-cateo-federal-en-su-agencia-de-via-atlixcayotl\\\/#primaryimage\",\"url\":\"https:\\\/\\\/pueblaenlinea.com\\\/2025\\\/wp-content\\\/uploads\\\/2026\\\/09\\\/dimont.jpg\",\"contentUrl\":\"https:\\\/\\\/pueblaenlinea.com\\\/2025\\\/wp-content\\\/uploads\\\/2026\\\/09\\\/dimont.jpg\",\"width\":1200,\"height\":674},{\"@type\":\"BreadcrumbList\",\"@id\":\"https:\\\/\\\/pueblaenlinea.com\\\/2025\\\/nota-roja\\\/dimont-se-deslinda-de-el-amarillo-tras-cateo-federal-en-su-agencia-de-via-atlixcayotl\\\/#breadcrumb\",\"itemListElement\":[{\"@type\":\"ListItem\",\"position\":1,\"name\":\"Inicio\",\"item\":\"https:\\\/\\\/pueblaenlinea.com\\\/2025\\\/\"},{\"@type\":\"ListItem\",\"position\":2,\"name\":\"Dimont se deslinda de \u201cEl Amarillo\u201d tras cateo federal en su agencia de V\u00eda Atlixc\u00e1yotl\"}]},{\"@type\":\"WebSite\",\"@id\":\"https:\\\/\\\/pueblaenlinea.com\\\/2025\\\/#website\",\"url\":\"https:\\\/\\\/pueblaenlinea.com\\\/2025\\\/\",\"name\":\"Puebla En Linea\",\"description\":\"noticias de puebla, periodismo serio y comprometido.\",\"potentialAction\":[{\"@type\":\"SearchAction\",\"target\":{\"@type\":\"EntryPoint\",\"urlTemplate\":\"https:\\\/\\\/pueblaenlinea.com\\\/2025\\\/?s={search_term_string}\"},\"query-input\":{\"@type\":\"PropertyValueSpecification\",\"valueRequired\":true,\"valueName\":\"search_term_string\"}}],\"inLanguage\":\"es\"},{\"@type\":\"Person\",\"@id\":\"https:\\\/\\\/pueblaenlinea.com\\\/2025\\\/#\\\/schema\\\/person\\\/2baf91de3092c7d50fb754a48f084d7f\",\"name\":\"lupita Puebla en linea\",\"image\":{\"@type\":\"ImageObject\",\"inLanguage\":\"es\",\"@id\":\"https:\\\/\\\/pueblaenlinea.com\\\/2025\\\/wp-content\\\/litespeed\\\/avatar\\\/c3bdb4b8e42693060df9dbf8c3f9c41d.jpg?ver=1788290860\",\"url\":\"https:\\\/\\\/pueblaenlinea.com\\\/2025\\\/wp-content\\\/litespeed\\\/avatar\\\/c3bdb4b8e42693060df9dbf8c3f9c41d.jpg?ver=1788290860\",\"contentUrl\":\"https:\\\/\\\/pueblaenlinea.com\\\/2025\\\/wp-content\\\/litespeed\\\/avatar\\\/c3bdb4b8e42693060df9dbf8c3f9c41d.jpg?ver=1788290860\",\"caption\":\"lupita Puebla en linea\"},\"url\":\"https:\\\/\\\/pueblaenlinea.com\\\/2025\\\/author\\\/lupita\\\/\"}]}<\/script>\n<!-- \/ Yoast SEO plugin. -->","yoast_head_json":{"title":"Dimont se deslinda de \u201cEl Amarillo\u201d tras cateo federal en su agencia de V\u00eda Atlixc\u00e1yotl - Puebla En Linea","description":"Dimont se deslinda de \u201cEl Amarillo\u201d tras cateo federal en su agencia de V\u00eda Atlixc\u00e1yotl Nota Roja","robots":{"index":"index","follow":"follow","max-snippet":"max-snippet:-1","max-image-preview":"max-image-preview:large","max-video-preview":"max-video-preview:-1"},"canonical":"https:\/\/pueblaenlinea.com\/2025\/nota-roja\/dimont-se-deslinda-de-el-amarillo-tras-cateo-federal-en-su-agencia-de-via-atlixcayotl\/","og_locale":"es_MX","og_type":"article","og_title":"Dimont se deslinda de \u201cEl Amarillo\u201d tras cateo federal en su agencia de V\u00eda Atlixc\u00e1yotl - Puebla En Linea","og_description":"Dimont se deslinda de \u201cEl Amarillo\u201d tras cateo federal en su agencia de V\u00eda Atlixc\u00e1yotl Nota Roja","og_url":"https:\/\/pueblaenlinea.com\/2025\/nota-roja\/dimont-se-deslinda-de-el-amarillo-tras-cateo-federal-en-su-agencia-de-via-atlixcayotl\/","og_site_name":"Puebla En Linea","article_publisher":"https:\/\/www.facebook.com\/pueblaenlineacom","article_published_time":"2026-09-04T01:07:04+00:00","og_image":[{"width":1200,"height":674,"url":"https:\/\/pueblaenlinea.com\/2025\/wp-content\/uploads\/2026\/09\/dimont.jpg","type":"image\/jpeg"}],"author":"lupita Puebla en linea","twitter_card":"summary_large_image","twitter_misc":{"Escrito por":"lupita Puebla en linea","Tiempo de lectura":"3 minutos"},"schema":{"@context":"https:\/\/schema.org","@graph":[{"@type":"Article","@id":"https:\/\/pueblaenlinea.com\/2025\/nota-roja\/dimont-se-deslinda-de-el-amarillo-tras-cateo-federal-en-su-agencia-de-via-atlixcayotl\/#article","isPartOf":{"@id":"https:\/\/pueblaenlinea.com\/2025\/nota-roja\/dimont-se-deslinda-de-el-amarillo-tras-cateo-federal-en-su-agencia-de-via-atlixcayotl\/"},"author":{"name":"lupita Puebla en linea","@id":"https:\/\/pueblaenlinea.com\/2025\/#\/schema\/person\/2baf91de3092c7d50fb754a48f084d7f"},"headline":"Dimont se deslinda de \u201cEl Amarillo\u201d tras cateo federal en su agencia de V\u00eda Atlixc\u00e1yotl","datePublished":"2026-09-04T01:07:04+00:00","mainEntityOfPage":{"@id":"https:\/\/pueblaenlinea.com\/2025\/nota-roja\/dimont-se-deslinda-de-el-amarillo-tras-cateo-federal-en-su-agencia-de-via-atlixcayotl\/"},"wordCount":655,"image":{"@id":"https:\/\/pueblaenlinea.com\/2025\/nota-roja\/dimont-se-deslinda-de-el-amarillo-tras-cateo-federal-en-su-agencia-de-via-atlixcayotl\/#primaryimage"},"thumbnailUrl":"https:\/\/pueblaenlinea.com\/2025\/wp-content\/uploads\/2026\/09\/dimont.jpg","keywords":["detenidos"],"articleSection":["Nota Roja"],"inLanguage":"es"},{"@type":"WebPage","@id":"https:\/\/pueblaenlinea.com\/2025\/nota-roja\/dimont-se-deslinda-de-el-amarillo-tras-cateo-federal-en-su-agencia-de-via-atlixcayotl\/","url":"https:\/\/pueblaenlinea.com\/2025\/nota-roja\/dimont-se-deslinda-de-el-amarillo-tras-cateo-federal-en-su-agencia-de-via-atlixcayotl\/","name":"Dimont se deslinda de \u201cEl Amarillo\u201d tras cateo federal en su agencia de V\u00eda Atlixc\u00e1yotl - Puebla En Linea","isPartOf":{"@id":"https:\/\/pueblaenlinea.com\/2025\/#website"},"primaryImageOfPage":{"@id":"https:\/\/pueblaenlinea.com\/2025\/nota-roja\/dimont-se-deslinda-de-el-amarillo-tras-cateo-federal-en-su-agencia-de-via-atlixcayotl\/#primaryimage"},"image":{"@id":"https:\/\/pueblaenlinea.com\/2025\/nota-roja\/dimont-se-deslinda-de-el-amarillo-tras-cateo-federal-en-su-agencia-de-via-atlixcayotl\/#primaryimage"},"thumbnailUrl":"https:\/\/pueblaenlinea.com\/2025\/wp-content\/uploads\/2026\/09\/dimont.jpg","datePublished":"2026-09-04T01:07:04+00:00","author":{"@id":"https:\/\/pueblaenlinea.com\/2025\/#\/schema\/person\/2baf91de3092c7d50fb754a48f084d7f"},"description":"Dimont se deslinda de \u201cEl Amarillo\u201d tras cateo federal en su agencia de V\u00eda Atlixc\u00e1yotl Nota Roja","breadcrumb":{"@id":"https:\/\/pueblaenlinea.com\/2025\/nota-roja\/dimont-se-deslinda-de-el-amarillo-tras-cateo-federal-en-su-agencia-de-via-atlixcayotl\/#breadcrumb"},"inLanguage":"es","potentialAction":[{"@type":"ReadAction","target":["https:\/\/pueblaenlinea.com\/2025\/nota-roja\/dimont-se-deslinda-de-el-amarillo-tras-cateo-federal-en-su-agencia-de-via-atlixcayotl\/"]}]},{"@type":"ImageObject","inLanguage":"es","@id":"https:\/\/pueblaenlinea.com\/2025\/nota-roja\/dimont-se-deslinda-de-el-amarillo-tras-cateo-federal-en-su-agencia-de-via-atlixcayotl\/#primaryimage","url":"https:\/\/pueblaenlinea.com\/2025\/wp-content\/uploads\/2026\/09\/dimont.jpg","contentUrl":"https:\/\/pueblaenlinea.com\/2025\/wp-content\/uploads\/2026\/09\/dimont.jpg","width":1200,"height":674},{"@type":"BreadcrumbList","@id":"https:\/\/pueblaenlinea.com\/2025\/nota-roja\/dimont-se-deslinda-de-el-amarillo-tras-cateo-federal-en-su-agencia-de-via-atlixcayotl\/#breadcrumb","itemListElement":[{"@type":"ListItem","position":1,"name":"Inicio","item":"https:\/\/pueblaenlinea.com\/2025\/"},{"@type":"ListItem","position":2,"name":"Dimont se deslinda de \u201cEl Amarillo\u201d tras cateo federal en su agencia de V\u00eda Atlixc\u00e1yotl"}]},{"@type":"WebSite","@id":"https:\/\/pueblaenlinea.com\/2025\/#website","url":"https:\/\/pueblaenlinea.com\/2025\/","name":"Puebla En Linea","description":"noticias de puebla, periodismo serio y comprometido.","potentialAction":[{"@type":"SearchAction","target":{"@type":"EntryPoint","urlTemplate":"https:\/\/pueblaenlinea.com\/2025\/?s={search_term_string}"},"query-input":{"@type":"PropertyValueSpecification","valueRequired":true,"valueName":"search_term_string"}}],"inLanguage":"es"},{"@type":"Person","@id":"https:\/\/pueblaenlinea.com\/2025\/#\/schema\/person\/2baf91de3092c7d50fb754a48f084d7f","name":"lupita Puebla en linea","image":{"@type":"ImageObject","inLanguage":"es","@id":"https:\/\/pueblaenlinea.com\/2025\/wp-content\/litespeed\/avatar\/c3bdb4b8e42693060df9dbf8c3f9c41d.jpg?ver=1788290860","url":"https:\/\/pueblaenlinea.com\/2025\/wp-content\/litespeed\/avatar\/c3bdb4b8e42693060df9dbf8c3f9c41d.jpg?ver=1788290860","contentUrl":"https:\/\/pueblaenlinea.com\/2025\/wp-content\/litespeed\/avatar\/c3bdb4b8e42693060df9dbf8c3f9c41d.jpg?ver=1788290860","caption":"lupita Puebla en linea"},"url":"https:\/\/pueblaenlinea.com\/2025\/author\/lupita\/"}]}},"_links":{"self":[{"href":"https:\/\/pueblaenlinea.com\/2025\/wp-json\/wp\/v2\/posts\/134869","targetHints":{"allow":["GET"]}}],"collection":[{"href":"https:\/\/pueblaenlinea.com\/2025\/wp-json\/wp\/v2\/posts"}],"about":[{"href":"https:\/\/pueblaenlinea.com\/2025\/wp-json\/wp\/v2\/types\/post"}],"author":[{"embeddable":true,"href":"https:\/\/pueblaenlinea.com\/2025\/wp-json\/wp\/v2\/users\/9"}],"replies":[{"embeddable":true,"href":"https:\/\/pueblaenlinea.com\/2025\/wp-json\/wp\/v2\/comments?post=134869"}],"version-history":[{"count":0,"href":"https:\/\/pueblaenlinea.com\/2025\/wp-json\/wp\/v2\/posts\/134869\/revisions"}],"wp:featuredmedia":[{"embeddable":true,"href":"https:\/\/pueblaenlinea.com\/2025\/wp-json\/wp\/v2\/media\/134870"}],"wp:attachment":[{"href":"https:\/\/pueblaenlinea.com\/2025\/wp-json\/wp\/v2\/media?parent=134869"}],"wp:term":[{"taxonomy":"category","embeddable":true,"href":"https:\/\/pueblaenlinea.com\/2025\/wp-json\/wp\/v2\/categories?post=134869"},{"taxonomy":"post_tag","embeddable":true,"href":"https:\/\/pueblaenlinea.com\/2025\/wp-json\/wp\/v2\/tags?post=134869"}],"curies":[{"name":"wp","href":"https:\/\/api.w.org\/{rel}","templated":true}]}}