{"id":134867,"date":"2026-09-03T18:55:45","date_gmt":"2026-09-04T00:55:45","guid":{"rendered":"https:\/\/pueblaenlinea.com\/2025\/?p=134867"},"modified":"2026-09-03T18:55:46","modified_gmt":"2026-09-04T00:55:46","slug":"arrancan-miguel-torruco-francisco-sanchez-y-pepe-chedraui-construccion-del-centro-comunitario-mexico-imparable-en-puebla","status":"publish","type":"post","link":"https:\/\/pueblaenlinea.com\/2025\/capital\/arrancan-miguel-torruco-francisco-sanchez-y-pepe-chedraui-construccion-del-centro-comunitario-mexico-imparable-en-puebla\/","title":{"rendered":"Arrancan Miguel Torruco, Francisco S\u00e1nchez y Pepe Chedraui construcci\u00f3n del Centro Comunitario M\u00e9xico Imparable en Puebla"},"content":{"rendered":"\n<p class=\"wp-block-paragraph\"><strong>Puebla, Pue., 3 de septiembre de 2026.<\/strong>\u2014 En una ciudad donde recuperar un espacio p\u00fablico puede ser tan importante como construirlo desde cero, este jueves arrancaron los trabajos para levantar el <strong>Centro Comunitario M\u00e9xico Imparable<\/strong>, un proyecto que apuesta por el deporte, la cultura y la salud mental como herramientas para prevenir las violencias.<\/p>\n\n\n\n<p class=\"wp-block-paragraph\">La obra fue puesta en marcha por <strong>Miguel Torruco Garza<\/strong>, subsecretario de Prevenci\u00f3n de las Violencias de la Secretar\u00eda de Seguridad y Protecci\u00f3n Ciudadana; <strong>Francisco S\u00e1nchez Gonz\u00e1lez<\/strong>, vicealmirante y representante del gobernador Alejandro Armenta, y <strong>Pepe Chedraui<\/strong>, presidente municipal de Puebla.<\/p>\n\n\n\n<p class=\"wp-block-paragraph\">El proyecto busca beneficiar a <strong>m\u00e1s de 481 mil 878 habitantes de la capital poblana<\/strong> y forma parte de la Estrategia Nacional de Seguridad, espec\u00edficamente del eje de <strong>Atenci\u00f3n a las Causas<\/strong>, impulsado por la presidenta Claudia Sheinbaum.<\/p>\n\n\n\n<h3 class=\"wp-block-heading\">\ud83d\udd34 Lo que se sabe del proyecto<\/h3>\n\n\n\n<ul class=\"wp-block-list\">\n<li><strong>59 mil 411 metros cuadrados<\/strong> ser\u00e1n intervenidos.<\/li>\n\n\n\n<li><strong>481 mil 878 habitantes<\/strong> ser\u00edan beneficiados.<\/li>\n\n\n\n<li>Forma parte de una estrategia nacional que contempla <strong>61 Centros Comunitarios M\u00e9xico Imparable<\/strong>.<\/li>\n\n\n\n<li>Tendr\u00e1 espacios para <strong>deporte, cultura, actividades recreativas y art\u00edsticas<\/strong>.<\/li>\n\n\n\n<li>Tambi\u00e9n contempla acciones relacionadas con <strong>prevenci\u00f3n y atenci\u00f3n de la salud mental<\/strong>.<\/li>\n<\/ul>\n\n\n\n<p class=\"wp-block-paragraph\">Durante la Asamblea Informativa, Miguel Torruco Garza explic\u00f3 que el modelo busca crear espacios seguros para ni\u00f1as, ni\u00f1os, j\u00f3venes y adultos mayores, con una visi\u00f3n que coloca la prevenci\u00f3n antes que la reacci\u00f3n.<\/p>\n\n\n\n<p class=\"wp-block-paragraph\">El funcionario destac\u00f3 que el centro poblano estar\u00e1 construido alrededor de tres ejes: <strong>deporte, cultura y salud mental<\/strong>, adem\u00e1s de reconocer la participaci\u00f3n del gobierno estatal y municipal.<\/p>\n\n\n\n<p class=\"wp-block-paragraph\">Desde la administraci\u00f3n estatal, Francisco S\u00e1nchez Gonz\u00e1lez sostuvo que la tranquilidad de las familias es una prioridad y defendi\u00f3 la recuperaci\u00f3n de espacios como una herramienta para fortalecer el tejido social.<\/p>\n\n\n\n<p class=\"wp-block-paragraph\">El planteamiento es sencillo, aunque llevarlo a la pr\u00e1ctica nunca lo ha sido: que ni\u00f1as, ni\u00f1os y adolescentes encuentren en una cancha, un taller art\u00edstico o una actividad cultural una alternativa antes de que otros caminos terminen por encontrarlos a ellos.<\/p>\n\n\n\n<p class=\"wp-block-paragraph\"><strong>Pepe Chedraui<\/strong>, por su parte, se\u00f1al\u00f3 que el centro ser\u00e1 posible mediante la inversi\u00f3n conjunta de los gobiernos federal, estatal y municipal, y confi\u00f3 en que se convierta en un espacio de convivencia y fortalecimiento de los valores familiares.<\/p>\n\n\n\n<p class=\"wp-block-paragraph\">Si quieres seguir esta y otras notas de inter\u00e9s en tiempo real, \u00fanete a nuestro canal de WhatsApp: <a target=\"_blank\" rel=\"noopener\">https:\/\/whatsapp.com\/channel\/0029Va5CSyuEQIalZaJWpX1h<\/a><\/p>\n\n\n\n<h3 class=\"wp-block-heading\">\ud83d\udfe1 \u00bfPor qu\u00e9 importa este proyecto?<\/h3>\n\n\n\n<p class=\"wp-block-paragraph\">Porque el Centro Comunitario M\u00e9xico Imparable no plantea \u00fanicamente levantar infraestructura.<\/p>\n\n\n\n<p class=\"wp-block-paragraph\">La apuesta de los tres niveles de gobierno es utilizar esos <strong>59 mil 411 metros cuadrados<\/strong> para generar actividades deportivas, culturales, art\u00edsticas y recreativas, adem\u00e1s de fortalecer la prevenci\u00f3n en materia de salud mental.<\/p>\n\n\n\n<p class=\"wp-block-paragraph\">En el discurso oficial, la f\u00f3rmula apunta hacia un mismo objetivo: <strong>recuperar espacios p\u00fablicos para recuperar tambi\u00e9n parte del tejido social<\/strong>.<\/p>\n\n\n\n<p class=\"wp-block-paragraph\">Ahora viene la parte menos vistosa, pero quiz\u00e1 m\u00e1s importante: que el proyecto se concrete, que los espacios realmente sean utilizados por la comunidad y que la inversi\u00f3n se traduzca en oportunidades cotidianas para quienes m\u00e1s las necesitan.<\/p>\n\n\n\n<p class=\"wp-block-paragraph\">Porque una ciudad no cambia \u00fanicamente cuando inaugura edificios. Cambia cuando sus habitantes encuentran razones para apropiarse de ellos y convertirlos en lugares de encuentro.<\/p>\n\n\n\n<p class=\"wp-block-paragraph\"><strong>Reflexi\u00f3n:<\/strong> Prevenir la violencia tambi\u00e9n significa construir alternativas. Una cancha, un taller o un espacio de convivencia no resolver\u00e1n por s\u00ed solos los problemas de una ciudad, pero pueden abrir una puerta distinta para miles de j\u00f3venes.<\/p>\n\n\n\n<p class=\"wp-block-paragraph\"><strong>Escrito por Redacci\u00f3n Puebla En L\u00ednea<\/strong><\/p>\n\n\n\n<h3 class=\"wp-block-heading\"><\/h3>\n\n\n\n<ol class=\"wp-block-list\">\n<li><strong>Puebla tendr\u00e1 un nuevo Centro Comunitario M\u00e9xico Imparable: esto es lo que contempla el proyecto<\/strong><\/li>\n\n\n\n<li><strong>M\u00e1s de 481 mil poblanos ser\u00edan beneficiados con el nuevo Centro Comunitario M\u00e9xico Imparable<\/strong><\/li>\n\n\n\n<li><strong>Deporte, cultura y salud mental: as\u00ed ser\u00e1 el nuevo Centro Comunitario que comienza a construirse en Puebla<\/strong><\/li>\n\n\n\n<li><strong>Puebla apuesta por prevenir la violencia con un nuevo centro comunitario de 59 mil metros cuadrados<\/strong><\/li>\n\n\n\n<li><strong>\u00bfQu\u00e9 habr\u00e1 en el Centro Comunitario M\u00e9xico Imparable de Puebla? Esto anunci\u00f3 el gobierno<\/strong><\/li>\n<\/ol>\n","protected":false},"excerpt":{"rendered":"<p>Puebla, Pue., 3 de septiembre de 2026.\u2014 En una ciudad donde recuperar un espacio p\u00fablico puede ser tan importante como construirlo desde cero, este jueves arrancaron los trabajos para levantar el Centro Comunitario M\u00e9xico Imparable, un proyecto que apuesta por el deporte, la cultura y la salud mental como herramientas para prevenir las violencias. La&#8230;<\/p>\n","protected":false},"author":9,"featured_media":134868,"comment_status":"closed","ping_status":"closed","sticky":false,"template":"","format":"standard","meta":{"footnotes":""},"categories":[3],"tags":[1386],"class_list":["post-134867","post","type-post","status-publish","format-standard","has-post-thumbnail","hentry","category-capital","tag-puebla"],"yoast_head":"<!-- This site is optimized with the Yoast SEO plugin v28.4 - https:\/\/yoast.com\/product\/yoast-seo-wordpress\/ -->\n<title>Arrancan Miguel Torruco, Francisco S\u00e1nchez y Pepe Chedraui construcci\u00f3n del Centro Comunitario M\u00e9xico Imparable en Puebla - Puebla En Linea<\/title>\n<meta name=\"description\" content=\"Arrancan Miguel Torruco, Francisco S\u00e1nchez y Pepe Chedraui construcci\u00f3n del Centro Comunitario M\u00e9xico Imparable en Puebla Capital\" \/>\n<meta name=\"robots\" content=\"index, follow, max-snippet:-1, max-image-preview:large, max-video-preview:-1\" \/>\n<link rel=\"canonical\" href=\"https:\/\/pueblaenlinea.com\/2025\/capital\/arrancan-miguel-torruco-francisco-sanchez-y-pepe-chedraui-construccion-del-centro-comunitario-mexico-imparable-en-puebla\/\" \/>\n<meta property=\"og:locale\" content=\"es_MX\" \/>\n<meta property=\"og:type\" content=\"article\" \/>\n<meta property=\"og:title\" content=\"Arrancan Miguel Torruco, Francisco S\u00e1nchez y Pepe Chedraui construcci\u00f3n del Centro Comunitario M\u00e9xico Imparable en Puebla - Puebla En Linea\" \/>\n<meta property=\"og:description\" content=\"Arrancan Miguel Torruco, Francisco S\u00e1nchez y Pepe Chedraui construcci\u00f3n del Centro Comunitario M\u00e9xico Imparable en Puebla Capital\" \/>\n<meta property=\"og:url\" content=\"https:\/\/pueblaenlinea.com\/2025\/capital\/arrancan-miguel-torruco-francisco-sanchez-y-pepe-chedraui-construccion-del-centro-comunitario-mexico-imparable-en-puebla\/\" \/>\n<meta property=\"og:site_name\" content=\"Puebla En Linea\" \/>\n<meta property=\"article:publisher\" content=\"https:\/\/www.facebook.com\/pueblaenlineacom\" \/>\n<meta property=\"article:published_time\" content=\"2026-09-04T00:55:45+00:00\" \/>\n<meta property=\"article:modified_time\" content=\"2026-09-04T00:55:46+00:00\" \/>\n<meta property=\"og:image\" content=\"https:\/\/pueblaenlinea.com\/2025\/wp-content\/uploads\/2026\/09\/centrocomunitario.jpg\" \/>\n\t<meta property=\"og:image:width\" content=\"1200\" \/>\n\t<meta property=\"og:image:height\" content=\"674\" \/>\n\t<meta property=\"og:image:type\" content=\"image\/jpeg\" \/>\n<meta name=\"author\" content=\"lupita Puebla en linea\" \/>\n<meta name=\"twitter:card\" content=\"summary_large_image\" \/>\n<meta name=\"twitter:label1\" content=\"Escrito por\" \/>\n\t<meta name=\"twitter:data1\" content=\"lupita Puebla en linea\" \/>\n\t<meta name=\"twitter:label2\" content=\"Tiempo de lectura\" \/>\n\t<meta name=\"twitter:data2\" content=\"4 minutos\" \/>\n<script type=\"application\/ld+json\" class=\"yoast-schema-graph\">{\"@context\":\"https:\\\/\\\/schema.org\",\"@graph\":[{\"@type\":\"Article\",\"@id\":\"https:\\\/\\\/pueblaenlinea.com\\\/2025\\\/capital\\\/arrancan-miguel-torruco-francisco-sanchez-y-pepe-chedraui-construccion-del-centro-comunitario-mexico-imparable-en-puebla\\\/#article\",\"isPartOf\":{\"@id\":\"https:\\\/\\\/pueblaenlinea.com\\\/2025\\\/capital\\\/arrancan-miguel-torruco-francisco-sanchez-y-pepe-chedraui-construccion-del-centro-comunitario-mexico-imparable-en-puebla\\\/\"},\"author\":{\"name\":\"lupita Puebla en linea\",\"@id\":\"https:\\\/\\\/pueblaenlinea.com\\\/2025\\\/#\\\/schema\\\/person\\\/2baf91de3092c7d50fb754a48f084d7f\"},\"headline\":\"Arrancan Miguel Torruco, Francisco S\u00e1nchez y Pepe Chedraui construcci\u00f3n del Centro Comunitario M\u00e9xico Imparable en Puebla\",\"datePublished\":\"2026-09-04T00:55:45+00:00\",\"dateModified\":\"2026-09-04T00:55:46+00:00\",\"mainEntityOfPage\":{\"@id\":\"https:\\\/\\\/pueblaenlinea.com\\\/2025\\\/capital\\\/arrancan-miguel-torruco-francisco-sanchez-y-pepe-chedraui-construccion-del-centro-comunitario-mexico-imparable-en-puebla\\\/\"},\"wordCount\":699,\"image\":{\"@id\":\"https:\\\/\\\/pueblaenlinea.com\\\/2025\\\/capital\\\/arrancan-miguel-torruco-francisco-sanchez-y-pepe-chedraui-construccion-del-centro-comunitario-mexico-imparable-en-puebla\\\/#primaryimage\"},\"thumbnailUrl\":\"https:\\\/\\\/pueblaenlinea.com\\\/2025\\\/wp-content\\\/uploads\\\/2026\\\/09\\\/centrocomunitario.jpg\",\"keywords\":[\"Puebla\"],\"articleSection\":[\"Capital\"],\"inLanguage\":\"es\"},{\"@type\":\"WebPage\",\"@id\":\"https:\\\/\\\/pueblaenlinea.com\\\/2025\\\/capital\\\/arrancan-miguel-torruco-francisco-sanchez-y-pepe-chedraui-construccion-del-centro-comunitario-mexico-imparable-en-puebla\\\/\",\"url\":\"https:\\\/\\\/pueblaenlinea.com\\\/2025\\\/capital\\\/arrancan-miguel-torruco-francisco-sanchez-y-pepe-chedraui-construccion-del-centro-comunitario-mexico-imparable-en-puebla\\\/\",\"name\":\"Arrancan Miguel Torruco, Francisco S\u00e1nchez y Pepe Chedraui construcci\u00f3n del Centro Comunitario M\u00e9xico Imparable en Puebla - Puebla En Linea\",\"isPartOf\":{\"@id\":\"https:\\\/\\\/pueblaenlinea.com\\\/2025\\\/#website\"},\"primaryImageOfPage\":{\"@id\":\"https:\\\/\\\/pueblaenlinea.com\\\/2025\\\/capital\\\/arrancan-miguel-torruco-francisco-sanchez-y-pepe-chedraui-construccion-del-centro-comunitario-mexico-imparable-en-puebla\\\/#primaryimage\"},\"image\":{\"@id\":\"https:\\\/\\\/pueblaenlinea.com\\\/2025\\\/capital\\\/arrancan-miguel-torruco-francisco-sanchez-y-pepe-chedraui-construccion-del-centro-comunitario-mexico-imparable-en-puebla\\\/#primaryimage\"},\"thumbnailUrl\":\"https:\\\/\\\/pueblaenlinea.com\\\/2025\\\/wp-content\\\/uploads\\\/2026\\\/09\\\/centrocomunitario.jpg\",\"datePublished\":\"2026-09-04T00:55:45+00:00\",\"dateModified\":\"2026-09-04T00:55:46+00:00\",\"author\":{\"@id\":\"https:\\\/\\\/pueblaenlinea.com\\\/2025\\\/#\\\/schema\\\/person\\\/2baf91de3092c7d50fb754a48f084d7f\"},\"description\":\"Arrancan Miguel Torruco, Francisco S\u00e1nchez y Pepe Chedraui construcci\u00f3n del Centro Comunitario M\u00e9xico Imparable en Puebla Capital\",\"breadcrumb\":{\"@id\":\"https:\\\/\\\/pueblaenlinea.com\\\/2025\\\/capital\\\/arrancan-miguel-torruco-francisco-sanchez-y-pepe-chedraui-construccion-del-centro-comunitario-mexico-imparable-en-puebla\\\/#breadcrumb\"},\"inLanguage\":\"es\",\"potentialAction\":[{\"@type\":\"ReadAction\",\"target\":[\"https:\\\/\\\/pueblaenlinea.com\\\/2025\\\/capital\\\/arrancan-miguel-torruco-francisco-sanchez-y-pepe-chedraui-construccion-del-centro-comunitario-mexico-imparable-en-puebla\\\/\"]}]},{\"@type\":\"ImageObject\",\"inLanguage\":\"es\",\"@id\":\"https:\\\/\\\/pueblaenlinea.com\\\/2025\\\/capital\\\/arrancan-miguel-torruco-francisco-sanchez-y-pepe-chedraui-construccion-del-centro-comunitario-mexico-imparable-en-puebla\\\/#primaryimage\",\"url\":\"https:\\\/\\\/pueblaenlinea.com\\\/2025\\\/wp-content\\\/uploads\\\/2026\\\/09\\\/centrocomunitario.jpg\",\"contentUrl\":\"https:\\\/\\\/pueblaenlinea.com\\\/2025\\\/wp-content\\\/uploads\\\/2026\\\/09\\\/centrocomunitario.jpg\",\"width\":1200,\"height\":674},{\"@type\":\"BreadcrumbList\",\"@id\":\"https:\\\/\\\/pueblaenlinea.com\\\/2025\\\/capital\\\/arrancan-miguel-torruco-francisco-sanchez-y-pepe-chedraui-construccion-del-centro-comunitario-mexico-imparable-en-puebla\\\/#breadcrumb\",\"itemListElement\":[{\"@type\":\"ListItem\",\"position\":1,\"name\":\"Inicio\",\"item\":\"https:\\\/\\\/pueblaenlinea.com\\\/2025\\\/\"},{\"@type\":\"ListItem\",\"position\":2,\"name\":\"Arrancan Miguel Torruco, Francisco S\u00e1nchez y Pepe Chedraui construcci\u00f3n del Centro Comunitario M\u00e9xico Imparable en Puebla\"}]},{\"@type\":\"WebSite\",\"@id\":\"https:\\\/\\\/pueblaenlinea.com\\\/2025\\\/#website\",\"url\":\"https:\\\/\\\/pueblaenlinea.com\\\/2025\\\/\",\"name\":\"Puebla En Linea\",\"description\":\"noticias de puebla, periodismo serio y comprometido.\",\"potentialAction\":[{\"@type\":\"SearchAction\",\"target\":{\"@type\":\"EntryPoint\",\"urlTemplate\":\"https:\\\/\\\/pueblaenlinea.com\\\/2025\\\/?s={search_term_string}\"},\"query-input\":{\"@type\":\"PropertyValueSpecification\",\"valueRequired\":true,\"valueName\":\"search_term_string\"}}],\"inLanguage\":\"es\"},{\"@type\":\"Person\",\"@id\":\"https:\\\/\\\/pueblaenlinea.com\\\/2025\\\/#\\\/schema\\\/person\\\/2baf91de3092c7d50fb754a48f084d7f\",\"name\":\"lupita Puebla en linea\",\"image\":{\"@type\":\"ImageObject\",\"inLanguage\":\"es\",\"@id\":\"https:\\\/\\\/pueblaenlinea.com\\\/2025\\\/wp-content\\\/litespeed\\\/avatar\\\/c3bdb4b8e42693060df9dbf8c3f9c41d.jpg?ver=1788290860\",\"url\":\"https:\\\/\\\/pueblaenlinea.com\\\/2025\\\/wp-content\\\/litespeed\\\/avatar\\\/c3bdb4b8e42693060df9dbf8c3f9c41d.jpg?ver=1788290860\",\"contentUrl\":\"https:\\\/\\\/pueblaenlinea.com\\\/2025\\\/wp-content\\\/litespeed\\\/avatar\\\/c3bdb4b8e42693060df9dbf8c3f9c41d.jpg?ver=1788290860\",\"caption\":\"lupita Puebla en linea\"},\"url\":\"https:\\\/\\\/pueblaenlinea.com\\\/2025\\\/author\\\/lupita\\\/\"}]}<\/script>\n<!-- \/ Yoast SEO plugin. -->","yoast_head_json":{"title":"Arrancan Miguel Torruco, Francisco S\u00e1nchez y Pepe Chedraui construcci\u00f3n del Centro Comunitario M\u00e9xico Imparable en Puebla - Puebla En Linea","description":"Arrancan Miguel Torruco, Francisco S\u00e1nchez y Pepe Chedraui construcci\u00f3n del Centro Comunitario M\u00e9xico Imparable en Puebla Capital","robots":{"index":"index","follow":"follow","max-snippet":"max-snippet:-1","max-image-preview":"max-image-preview:large","max-video-preview":"max-video-preview:-1"},"canonical":"https:\/\/pueblaenlinea.com\/2025\/capital\/arrancan-miguel-torruco-francisco-sanchez-y-pepe-chedraui-construccion-del-centro-comunitario-mexico-imparable-en-puebla\/","og_locale":"es_MX","og_type":"article","og_title":"Arrancan Miguel Torruco, Francisco S\u00e1nchez y Pepe Chedraui construcci\u00f3n del Centro Comunitario M\u00e9xico Imparable en Puebla - Puebla En Linea","og_description":"Arrancan Miguel Torruco, Francisco S\u00e1nchez y Pepe Chedraui construcci\u00f3n del Centro Comunitario M\u00e9xico Imparable en Puebla Capital","og_url":"https:\/\/pueblaenlinea.com\/2025\/capital\/arrancan-miguel-torruco-francisco-sanchez-y-pepe-chedraui-construccion-del-centro-comunitario-mexico-imparable-en-puebla\/","og_site_name":"Puebla En Linea","article_publisher":"https:\/\/www.facebook.com\/pueblaenlineacom","article_published_time":"2026-09-04T00:55:45+00:00","article_modified_time":"2026-09-04T00:55:46+00:00","og_image":[{"width":1200,"height":674,"url":"https:\/\/pueblaenlinea.com\/2025\/wp-content\/uploads\/2026\/09\/centrocomunitario.jpg","type":"image\/jpeg"}],"author":"lupita Puebla en linea","twitter_card":"summary_large_image","twitter_misc":{"Escrito por":"lupita Puebla en linea","Tiempo de lectura":"4 minutos"},"schema":{"@context":"https:\/\/schema.org","@graph":[{"@type":"Article","@id":"https:\/\/pueblaenlinea.com\/2025\/capital\/arrancan-miguel-torruco-francisco-sanchez-y-pepe-chedraui-construccion-del-centro-comunitario-mexico-imparable-en-puebla\/#article","isPartOf":{"@id":"https:\/\/pueblaenlinea.com\/2025\/capital\/arrancan-miguel-torruco-francisco-sanchez-y-pepe-chedraui-construccion-del-centro-comunitario-mexico-imparable-en-puebla\/"},"author":{"name":"lupita Puebla en linea","@id":"https:\/\/pueblaenlinea.com\/2025\/#\/schema\/person\/2baf91de3092c7d50fb754a48f084d7f"},"headline":"Arrancan Miguel Torruco, Francisco S\u00e1nchez y Pepe Chedraui construcci\u00f3n del Centro Comunitario M\u00e9xico Imparable en Puebla","datePublished":"2026-09-04T00:55:45+00:00","dateModified":"2026-09-04T00:55:46+00:00","mainEntityOfPage":{"@id":"https:\/\/pueblaenlinea.com\/2025\/capital\/arrancan-miguel-torruco-francisco-sanchez-y-pepe-chedraui-construccion-del-centro-comunitario-mexico-imparable-en-puebla\/"},"wordCount":699,"image":{"@id":"https:\/\/pueblaenlinea.com\/2025\/capital\/arrancan-miguel-torruco-francisco-sanchez-y-pepe-chedraui-construccion-del-centro-comunitario-mexico-imparable-en-puebla\/#primaryimage"},"thumbnailUrl":"https:\/\/pueblaenlinea.com\/2025\/wp-content\/uploads\/2026\/09\/centrocomunitario.jpg","keywords":["Puebla"],"articleSection":["Capital"],"inLanguage":"es"},{"@type":"WebPage","@id":"https:\/\/pueblaenlinea.com\/2025\/capital\/arrancan-miguel-torruco-francisco-sanchez-y-pepe-chedraui-construccion-del-centro-comunitario-mexico-imparable-en-puebla\/","url":"https:\/\/pueblaenlinea.com\/2025\/capital\/arrancan-miguel-torruco-francisco-sanchez-y-pepe-chedraui-construccion-del-centro-comunitario-mexico-imparable-en-puebla\/","name":"Arrancan Miguel Torruco, Francisco S\u00e1nchez y Pepe Chedraui construcci\u00f3n del Centro Comunitario M\u00e9xico Imparable en Puebla - Puebla En Linea","isPartOf":{"@id":"https:\/\/pueblaenlinea.com\/2025\/#website"},"primaryImageOfPage":{"@id":"https:\/\/pueblaenlinea.com\/2025\/capital\/arrancan-miguel-torruco-francisco-sanchez-y-pepe-chedraui-construccion-del-centro-comunitario-mexico-imparable-en-puebla\/#primaryimage"},"image":{"@id":"https:\/\/pueblaenlinea.com\/2025\/capital\/arrancan-miguel-torruco-francisco-sanchez-y-pepe-chedraui-construccion-del-centro-comunitario-mexico-imparable-en-puebla\/#primaryimage"},"thumbnailUrl":"https:\/\/pueblaenlinea.com\/2025\/wp-content\/uploads\/2026\/09\/centrocomunitario.jpg","datePublished":"2026-09-04T00:55:45+00:00","dateModified":"2026-09-04T00:55:46+00:00","author":{"@id":"https:\/\/pueblaenlinea.com\/2025\/#\/schema\/person\/2baf91de3092c7d50fb754a48f084d7f"},"description":"Arrancan Miguel Torruco, Francisco S\u00e1nchez y Pepe Chedraui construcci\u00f3n del Centro Comunitario M\u00e9xico Imparable en Puebla Capital","breadcrumb":{"@id":"https:\/\/pueblaenlinea.com\/2025\/capital\/arrancan-miguel-torruco-francisco-sanchez-y-pepe-chedraui-construccion-del-centro-comunitario-mexico-imparable-en-puebla\/#breadcrumb"},"inLanguage":"es","potentialAction":[{"@type":"ReadAction","target":["https:\/\/pueblaenlinea.com\/2025\/capital\/arrancan-miguel-torruco-francisco-sanchez-y-pepe-chedraui-construccion-del-centro-comunitario-mexico-imparable-en-puebla\/"]}]},{"@type":"ImageObject","inLanguage":"es","@id":"https:\/\/pueblaenlinea.com\/2025\/capital\/arrancan-miguel-torruco-francisco-sanchez-y-pepe-chedraui-construccion-del-centro-comunitario-mexico-imparable-en-puebla\/#primaryimage","url":"https:\/\/pueblaenlinea.com\/2025\/wp-content\/uploads\/2026\/09\/centrocomunitario.jpg","contentUrl":"https:\/\/pueblaenlinea.com\/2025\/wp-content\/uploads\/2026\/09\/centrocomunitario.jpg","width":1200,"height":674},{"@type":"BreadcrumbList","@id":"https:\/\/pueblaenlinea.com\/2025\/capital\/arrancan-miguel-torruco-francisco-sanchez-y-pepe-chedraui-construccion-del-centro-comunitario-mexico-imparable-en-puebla\/#breadcrumb","itemListElement":[{"@type":"ListItem","position":1,"name":"Inicio","item":"https:\/\/pueblaenlinea.com\/2025\/"},{"@type":"ListItem","position":2,"name":"Arrancan Miguel Torruco, Francisco S\u00e1nchez y Pepe Chedraui construcci\u00f3n del Centro Comunitario M\u00e9xico Imparable en Puebla"}]},{"@type":"WebSite","@id":"https:\/\/pueblaenlinea.com\/2025\/#website","url":"https:\/\/pueblaenlinea.com\/2025\/","name":"Puebla En Linea","description":"noticias de puebla, periodismo serio y comprometido.","potentialAction":[{"@type":"SearchAction","target":{"@type":"EntryPoint","urlTemplate":"https:\/\/pueblaenlinea.com\/2025\/?s={search_term_string}"},"query-input":{"@type":"PropertyValueSpecification","valueRequired":true,"valueName":"search_term_string"}}],"inLanguage":"es"},{"@type":"Person","@id":"https:\/\/pueblaenlinea.com\/2025\/#\/schema\/person\/2baf91de3092c7d50fb754a48f084d7f","name":"lupita Puebla en linea","image":{"@type":"ImageObject","inLanguage":"es","@id":"https:\/\/pueblaenlinea.com\/2025\/wp-content\/litespeed\/avatar\/c3bdb4b8e42693060df9dbf8c3f9c41d.jpg?ver=1788290860","url":"https:\/\/pueblaenlinea.com\/2025\/wp-content\/litespeed\/avatar\/c3bdb4b8e42693060df9dbf8c3f9c41d.jpg?ver=1788290860","contentUrl":"https:\/\/pueblaenlinea.com\/2025\/wp-content\/litespeed\/avatar\/c3bdb4b8e42693060df9dbf8c3f9c41d.jpg?ver=1788290860","caption":"lupita Puebla en linea"},"url":"https:\/\/pueblaenlinea.com\/2025\/author\/lupita\/"}]}},"_links":{"self":[{"href":"https:\/\/pueblaenlinea.com\/2025\/wp-json\/wp\/v2\/posts\/134867","targetHints":{"allow":["GET"]}}],"collection":[{"href":"https:\/\/pueblaenlinea.com\/2025\/wp-json\/wp\/v2\/posts"}],"about":[{"href":"https:\/\/pueblaenlinea.com\/2025\/wp-json\/wp\/v2\/types\/post"}],"author":[{"embeddable":true,"href":"https:\/\/pueblaenlinea.com\/2025\/wp-json\/wp\/v2\/users\/9"}],"replies":[{"embeddable":true,"href":"https:\/\/pueblaenlinea.com\/2025\/wp-json\/wp\/v2\/comments?post=134867"}],"version-history":[{"count":0,"href":"https:\/\/pueblaenlinea.com\/2025\/wp-json\/wp\/v2\/posts\/134867\/revisions"}],"wp:featuredmedia":[{"embeddable":true,"href":"https:\/\/pueblaenlinea.com\/2025\/wp-json\/wp\/v2\/media\/134868"}],"wp:attachment":[{"href":"https:\/\/pueblaenlinea.com\/2025\/wp-json\/wp\/v2\/media?parent=134867"}],"wp:term":[{"taxonomy":"category","embeddable":true,"href":"https:\/\/pueblaenlinea.com\/2025\/wp-json\/wp\/v2\/categories?post=134867"},{"taxonomy":"post_tag","embeddable":true,"href":"https:\/\/pueblaenlinea.com\/2025\/wp-json\/wp\/v2\/tags?post=134867"}],"curies":[{"name":"wp","href":"https:\/\/api.w.org\/{rel}","templated":true}]}}