{"id":134862,"date":"2026-09-03T18:10:52","date_gmt":"2026-09-04T00:10:52","guid":{"rendered":"https:\/\/pueblaenlinea.com\/2025\/?p=134862"},"modified":"2026-09-03T18:10:52","modified_gmt":"2026-09-04T00:10:52","slug":"quien-era-la-victima-identifican-a-enrique-rafael-tras-asesinato-cerca-del-mercado-zapata","status":"publish","type":"post","link":"https:\/\/pueblaenlinea.com\/2025\/nota-roja\/quien-era-la-victima-identifican-a-enrique-rafael-tras-asesinato-cerca-del-mercado-zapata\/","title":{"rendered":"\u00bfQui\u00e9n era la v\u00edctima? Identifican a Enrique Rafael tras asesinato cerca del Mercado Zapata"},"content":{"rendered":"\n<p class=\"wp-block-paragraph\">La madrugada tiene sus propias leyes en las esquinas de Puebla, donde el plomo suele disolver cualquier tregua nocturna. Las inmediaciones del Mercado Zapata se convirtieron en el epicentro de la tragedia cuando una r\u00e1faga de disparos trunc\u00f3 una vida y dej\u00f3 a dos personas heridas, entre ellas un menor de edad atrapado en el fuego cruzado.<\/p>\n\n\n\n<p class=\"wp-block-paragraph\">El eco de las detonaciones rompi\u00f3 el silencio de las primeras horas de este jueves en el cruce de la 16 de Septiembre y la calle Constituci\u00f3n, en la colonia Lomas del Sur. Ah\u00ed, la violencia cobr\u00f3 la vida de Enrique Rafael, de 31 a\u00f1os, quien vest\u00eda una chamarra roja que qued\u00f3 marcada por la brutalidad del atentado.<\/p>\n\n\n\n<p class=\"wp-block-paragraph\">Junto a \u00e9l se encontraban al menos otros dos masculinos, destacando el caso de un adolescente de apenas 16 a\u00f1os de edad quien, de milagro, sobrevivi\u00f3 a las m\u00faltiples heridas de bala. Ambos heridos fueron auxiliados e ingresados de urgencia a un centro hospitalario para recibir atenci\u00f3n m\u00e9dica.<\/p>\n\n\n\n<p class=\"wp-block-paragraph\"><strong>Puntos clave del ataque armado cerca del Mercado Zapata<\/strong><\/p>\n\n\n\n<ul class=\"wp-block-list\">\n<li><strong>La v\u00edctima mortal:<\/strong> Enrique Rafael, de 31 a\u00f1os de edad, abatido en el lugar de los hechos.<\/li>\n\n\n\n<li><strong>El escenario:<\/strong> Cruce de la 16 de Septiembre y la calle Constituci\u00f3n, en la colonia Lomas del Sur, en las inmediaciones del Mercado Zapata.<\/li>\n\n\n\n<li><strong>Los sobrevivientes:<\/strong> Dos hombres lesionados, incluyendo a un adolescente de 16 a\u00f1os, canalizados de emergencia a un hospital.<\/li>\n\n\n\n<li><strong>Los indicios:<\/strong> Peritos de la Fiscal\u00eda General del Estado embalaron al menos 13 cartuchos percutidos en la escena.<\/li>\n\n\n\n<li><strong>L\u00ednea de investigaci\u00f3n:<\/strong> Por la mec\u00e1nica de la agresi\u00f3n, las autoridades policiales presumen un probable ataque directo.<\/li>\n<\/ul>\n\n\n\n<p class=\"wp-block-paragraph\">El despliegue pericial sobre el pavimento dej\u00f3 al descubierto la crudeza de la violencia urbana: al menos 13 casquillos percutidos fueron asegurados por los especialistas forenses para intentar reconstruir los pasos de los agresores, quienes lograron escapar amparados por la oscuridad de la madrugada.<\/p>\n\n\n\n<p class=\"wp-block-paragraph\">Si quieres seguir esta y otras notas de inter\u00e9s en tiempo real, \u00fanete a nuestro canal de WhatsApp: <a target=\"_blank\" rel=\"noopener\" href=\"https:\/\/whatsapp.com\/channel\/0029Va5CSyuEQIalZaJWpX1h\">https:\/\/whatsapp.com\/channel\/0029Va5CSyuEQIalZaJWpX1h<\/a><\/p>\n\n\n\n<p class=\"wp-block-paragraph\">Cuando las ejecuciones a sangre fr\u00eda se multiplican en las calles de la capital, la seguridad ciudadana deja de ser una promesa institucional para convertirse en una urgencia inaplazable. Las balas que hoy silencian a un hombre y lesionan a un menor exigen respuestas claras de una procuraci\u00f3n de justicia que no puede permitir que la impunidad se convierta en la norma de nuestras noches.<\/p>\n\n\n\n<p class=\"wp-block-paragraph\">Escrito por Redacci\u00f3n Puebla En L\u00ednea<\/p>\n\n\n\n<p class=\"wp-block-paragraph\"><strong>T\u00edtulos alternativos para redes sociales<\/strong><\/p>\n\n\n\n<ol start=\"1\" class=\"wp-block-list\">\n<li>\u00bfQui\u00e9n era la v\u00edctima? Identifican a Enrique Rafael tras ejecuci\u00f3n cerca del Mercado Zapata<\/li>\n\n\n\n<li>Madrugada violenta en Lomas del Sur: Un muerto y un adolescente herido tras ataque directo<\/li>\n\n\n\n<li>Dejan 13 casquillos percutidos: Lo que se sabe de la balacera en las inmediaciones del Mercado Zapata<\/li>\n\n\n\n<li>Ataque directo en Puebla: Asesinan a hombre de 31 a\u00f1os y hieren a dos personas m\u00e1s<\/li>\n\n\n\n<li>Balacera y terror al sur de la capital: Autoridades investigan ejecuci\u00f3n en la 16 de Septiembre<\/li>\n<\/ol>\n\n\n\n<p class=\"wp-block-paragraph\"> <\/p>\n","protected":false},"excerpt":{"rendered":"<p>La madrugada tiene sus propias leyes en las esquinas de Puebla, donde el plomo suele disolver cualquier tregua nocturna. Las inmediaciones del Mercado Zapata se convirtieron en el epicentro de la tragedia cuando una r\u00e1faga de disparos trunc\u00f3 una vida y dej\u00f3 a dos personas heridas, entre ellas un menor de edad atrapado en el&#8230;<\/p>\n","protected":false},"author":2,"featured_media":134863,"comment_status":"closed","ping_status":"closed","sticky":false,"template":"","format":"standard","meta":{"footnotes":""},"categories":[24],"tags":[1401],"class_list":["post-134862","post","type-post","status-publish","format-standard","has-post-thumbnail","hentry","category-nota-roja","tag-asesinato-puebla"],"yoast_head":"<!-- This site is optimized with the Yoast SEO plugin v28.4 - https:\/\/yoast.com\/product\/yoast-seo-wordpress\/ -->\n<title>\u00bfQui\u00e9n era la v\u00edctima? Identifican a Enrique Rafael tras asesinato cerca del Mercado Zapata - Puebla En Linea<\/title>\n<meta name=\"description\" content=\"\u00bfQui\u00e9n era la v\u00edctima? Identifican a Enrique Rafael tras asesinato cerca del Mercado Zapata Nota Roja\" \/>\n<meta name=\"robots\" content=\"index, follow, max-snippet:-1, max-image-preview:large, max-video-preview:-1\" \/>\n<link rel=\"canonical\" href=\"https:\/\/pueblaenlinea.com\/2025\/nota-roja\/quien-era-la-victima-identifican-a-enrique-rafael-tras-asesinato-cerca-del-mercado-zapata\/\" \/>\n<meta property=\"og:locale\" content=\"es_MX\" \/>\n<meta property=\"og:type\" content=\"article\" \/>\n<meta property=\"og:title\" content=\"\u00bfQui\u00e9n era la v\u00edctima? Identifican a Enrique Rafael tras asesinato cerca del Mercado Zapata - Puebla En Linea\" \/>\n<meta property=\"og:description\" content=\"\u00bfQui\u00e9n era la v\u00edctima? Identifican a Enrique Rafael tras asesinato cerca del Mercado Zapata Nota Roja\" \/>\n<meta property=\"og:url\" content=\"https:\/\/pueblaenlinea.com\/2025\/nota-roja\/quien-era-la-victima-identifican-a-enrique-rafael-tras-asesinato-cerca-del-mercado-zapata\/\" \/>\n<meta property=\"og:site_name\" content=\"Puebla En Linea\" \/>\n<meta property=\"article:publisher\" content=\"https:\/\/www.facebook.com\/pueblaenlineacom\" \/>\n<meta property=\"article:published_time\" content=\"2026-09-04T00:10:52+00:00\" \/>\n<meta property=\"og:image\" content=\"https:\/\/pueblaenlinea.com\/2025\/wp-content\/uploads\/2026\/09\/pel-5.jpg\" \/>\n\t<meta property=\"og:image:width\" content=\"1200\" \/>\n\t<meta property=\"og:image:height\" content=\"674\" \/>\n\t<meta property=\"og:image:type\" content=\"image\/jpeg\" \/>\n<meta name=\"author\" content=\"Puebla EnLinea\" \/>\n<meta name=\"twitter:card\" content=\"summary_large_image\" \/>\n<meta name=\"twitter:label1\" content=\"Escrito por\" \/>\n\t<meta name=\"twitter:data1\" content=\"Puebla EnLinea\" \/>\n\t<meta name=\"twitter:label2\" content=\"Tiempo de lectura\" \/>\n\t<meta name=\"twitter:data2\" content=\"3 minutos\" \/>\n<script type=\"application\/ld+json\" class=\"yoast-schema-graph\">{\"@context\":\"https:\\\/\\\/schema.org\",\"@graph\":[{\"@type\":\"Article\",\"@id\":\"https:\\\/\\\/pueblaenlinea.com\\\/2025\\\/nota-roja\\\/quien-era-la-victima-identifican-a-enrique-rafael-tras-asesinato-cerca-del-mercado-zapata\\\/#article\",\"isPartOf\":{\"@id\":\"https:\\\/\\\/pueblaenlinea.com\\\/2025\\\/nota-roja\\\/quien-era-la-victima-identifican-a-enrique-rafael-tras-asesinato-cerca-del-mercado-zapata\\\/\"},\"author\":{\"name\":\"Puebla EnLinea\",\"@id\":\"https:\\\/\\\/pueblaenlinea.com\\\/2025\\\/#\\\/schema\\\/person\\\/6e2e07bc4690564243accbe893d21877\"},\"headline\":\"\u00bfQui\u00e9n era la v\u00edctima? Identifican a Enrique Rafael tras asesinato cerca del Mercado Zapata\",\"datePublished\":\"2026-09-04T00:10:52+00:00\",\"mainEntityOfPage\":{\"@id\":\"https:\\\/\\\/pueblaenlinea.com\\\/2025\\\/nota-roja\\\/quien-era-la-victima-identifican-a-enrique-rafael-tras-asesinato-cerca-del-mercado-zapata\\\/\"},\"wordCount\":523,\"image\":{\"@id\":\"https:\\\/\\\/pueblaenlinea.com\\\/2025\\\/nota-roja\\\/quien-era-la-victima-identifican-a-enrique-rafael-tras-asesinato-cerca-del-mercado-zapata\\\/#primaryimage\"},\"thumbnailUrl\":\"https:\\\/\\\/pueblaenlinea.com\\\/2025\\\/wp-content\\\/uploads\\\/2026\\\/09\\\/pel-5.jpg\",\"keywords\":[\"asesinato puebla\"],\"articleSection\":[\"Nota Roja\"],\"inLanguage\":\"es\"},{\"@type\":\"WebPage\",\"@id\":\"https:\\\/\\\/pueblaenlinea.com\\\/2025\\\/nota-roja\\\/quien-era-la-victima-identifican-a-enrique-rafael-tras-asesinato-cerca-del-mercado-zapata\\\/\",\"url\":\"https:\\\/\\\/pueblaenlinea.com\\\/2025\\\/nota-roja\\\/quien-era-la-victima-identifican-a-enrique-rafael-tras-asesinato-cerca-del-mercado-zapata\\\/\",\"name\":\"\u00bfQui\u00e9n era la v\u00edctima? Identifican a Enrique Rafael tras asesinato cerca del Mercado Zapata - Puebla En Linea\",\"isPartOf\":{\"@id\":\"https:\\\/\\\/pueblaenlinea.com\\\/2025\\\/#website\"},\"primaryImageOfPage\":{\"@id\":\"https:\\\/\\\/pueblaenlinea.com\\\/2025\\\/nota-roja\\\/quien-era-la-victima-identifican-a-enrique-rafael-tras-asesinato-cerca-del-mercado-zapata\\\/#primaryimage\"},\"image\":{\"@id\":\"https:\\\/\\\/pueblaenlinea.com\\\/2025\\\/nota-roja\\\/quien-era-la-victima-identifican-a-enrique-rafael-tras-asesinato-cerca-del-mercado-zapata\\\/#primaryimage\"},\"thumbnailUrl\":\"https:\\\/\\\/pueblaenlinea.com\\\/2025\\\/wp-content\\\/uploads\\\/2026\\\/09\\\/pel-5.jpg\",\"datePublished\":\"2026-09-04T00:10:52+00:00\",\"author\":{\"@id\":\"https:\\\/\\\/pueblaenlinea.com\\\/2025\\\/#\\\/schema\\\/person\\\/6e2e07bc4690564243accbe893d21877\"},\"description\":\"\u00bfQui\u00e9n era la v\u00edctima? Identifican a Enrique Rafael tras asesinato cerca del Mercado Zapata Nota Roja\",\"breadcrumb\":{\"@id\":\"https:\\\/\\\/pueblaenlinea.com\\\/2025\\\/nota-roja\\\/quien-era-la-victima-identifican-a-enrique-rafael-tras-asesinato-cerca-del-mercado-zapata\\\/#breadcrumb\"},\"inLanguage\":\"es\",\"potentialAction\":[{\"@type\":\"ReadAction\",\"target\":[\"https:\\\/\\\/pueblaenlinea.com\\\/2025\\\/nota-roja\\\/quien-era-la-victima-identifican-a-enrique-rafael-tras-asesinato-cerca-del-mercado-zapata\\\/\"]}]},{\"@type\":\"ImageObject\",\"inLanguage\":\"es\",\"@id\":\"https:\\\/\\\/pueblaenlinea.com\\\/2025\\\/nota-roja\\\/quien-era-la-victima-identifican-a-enrique-rafael-tras-asesinato-cerca-del-mercado-zapata\\\/#primaryimage\",\"url\":\"https:\\\/\\\/pueblaenlinea.com\\\/2025\\\/wp-content\\\/uploads\\\/2026\\\/09\\\/pel-5.jpg\",\"contentUrl\":\"https:\\\/\\\/pueblaenlinea.com\\\/2025\\\/wp-content\\\/uploads\\\/2026\\\/09\\\/pel-5.jpg\",\"width\":1200,\"height\":674,\"caption\":\"ejecutadomercadozapata\"},{\"@type\":\"BreadcrumbList\",\"@id\":\"https:\\\/\\\/pueblaenlinea.com\\\/2025\\\/nota-roja\\\/quien-era-la-victima-identifican-a-enrique-rafael-tras-asesinato-cerca-del-mercado-zapata\\\/#breadcrumb\",\"itemListElement\":[{\"@type\":\"ListItem\",\"position\":1,\"name\":\"Inicio\",\"item\":\"https:\\\/\\\/pueblaenlinea.com\\\/2025\\\/\"},{\"@type\":\"ListItem\",\"position\":2,\"name\":\"\u00bfQui\u00e9n era la v\u00edctima? Identifican a Enrique Rafael tras asesinato cerca del Mercado Zapata\"}]},{\"@type\":\"WebSite\",\"@id\":\"https:\\\/\\\/pueblaenlinea.com\\\/2025\\\/#website\",\"url\":\"https:\\\/\\\/pueblaenlinea.com\\\/2025\\\/\",\"name\":\"Puebla En Linea\",\"description\":\"noticias de puebla, periodismo serio y comprometido.\",\"potentialAction\":[{\"@type\":\"SearchAction\",\"target\":{\"@type\":\"EntryPoint\",\"urlTemplate\":\"https:\\\/\\\/pueblaenlinea.com\\\/2025\\\/?s={search_term_string}\"},\"query-input\":{\"@type\":\"PropertyValueSpecification\",\"valueRequired\":true,\"valueName\":\"search_term_string\"}}],\"inLanguage\":\"es\"},{\"@type\":\"Person\",\"@id\":\"https:\\\/\\\/pueblaenlinea.com\\\/2025\\\/#\\\/schema\\\/person\\\/6e2e07bc4690564243accbe893d21877\",\"name\":\"Puebla EnLinea\",\"image\":{\"@type\":\"ImageObject\",\"inLanguage\":\"es\",\"@id\":\"https:\\\/\\\/pueblaenlinea.com\\\/2025\\\/wp-content\\\/litespeed\\\/avatar\\\/3b8bde7acb3c32a2512cab1d325df9d8.jpg?ver=1788290368\",\"url\":\"https:\\\/\\\/pueblaenlinea.com\\\/2025\\\/wp-content\\\/litespeed\\\/avatar\\\/3b8bde7acb3c32a2512cab1d325df9d8.jpg?ver=1788290368\",\"contentUrl\":\"https:\\\/\\\/pueblaenlinea.com\\\/2025\\\/wp-content\\\/litespeed\\\/avatar\\\/3b8bde7acb3c32a2512cab1d325df9d8.jpg?ver=1788290368\",\"caption\":\"Puebla EnLinea\"},\"url\":\"https:\\\/\\\/pueblaenlinea.com\\\/2025\\\/author\\\/pueblaenlinea\\\/\"}]}<\/script>\n<!-- \/ Yoast SEO plugin. -->","yoast_head_json":{"title":"\u00bfQui\u00e9n era la v\u00edctima? Identifican a Enrique Rafael tras asesinato cerca del Mercado Zapata - Puebla En Linea","description":"\u00bfQui\u00e9n era la v\u00edctima? Identifican a Enrique Rafael tras asesinato cerca del Mercado Zapata Nota Roja","robots":{"index":"index","follow":"follow","max-snippet":"max-snippet:-1","max-image-preview":"max-image-preview:large","max-video-preview":"max-video-preview:-1"},"canonical":"https:\/\/pueblaenlinea.com\/2025\/nota-roja\/quien-era-la-victima-identifican-a-enrique-rafael-tras-asesinato-cerca-del-mercado-zapata\/","og_locale":"es_MX","og_type":"article","og_title":"\u00bfQui\u00e9n era la v\u00edctima? Identifican a Enrique Rafael tras asesinato cerca del Mercado Zapata - Puebla En Linea","og_description":"\u00bfQui\u00e9n era la v\u00edctima? Identifican a Enrique Rafael tras asesinato cerca del Mercado Zapata Nota Roja","og_url":"https:\/\/pueblaenlinea.com\/2025\/nota-roja\/quien-era-la-victima-identifican-a-enrique-rafael-tras-asesinato-cerca-del-mercado-zapata\/","og_site_name":"Puebla En Linea","article_publisher":"https:\/\/www.facebook.com\/pueblaenlineacom","article_published_time":"2026-09-04T00:10:52+00:00","og_image":[{"width":1200,"height":674,"url":"https:\/\/pueblaenlinea.com\/2025\/wp-content\/uploads\/2026\/09\/pel-5.jpg","type":"image\/jpeg"}],"author":"Puebla EnLinea","twitter_card":"summary_large_image","twitter_misc":{"Escrito por":"Puebla EnLinea","Tiempo de lectura":"3 minutos"},"schema":{"@context":"https:\/\/schema.org","@graph":[{"@type":"Article","@id":"https:\/\/pueblaenlinea.com\/2025\/nota-roja\/quien-era-la-victima-identifican-a-enrique-rafael-tras-asesinato-cerca-del-mercado-zapata\/#article","isPartOf":{"@id":"https:\/\/pueblaenlinea.com\/2025\/nota-roja\/quien-era-la-victima-identifican-a-enrique-rafael-tras-asesinato-cerca-del-mercado-zapata\/"},"author":{"name":"Puebla EnLinea","@id":"https:\/\/pueblaenlinea.com\/2025\/#\/schema\/person\/6e2e07bc4690564243accbe893d21877"},"headline":"\u00bfQui\u00e9n era la v\u00edctima? Identifican a Enrique Rafael tras asesinato cerca del Mercado Zapata","datePublished":"2026-09-04T00:10:52+00:00","mainEntityOfPage":{"@id":"https:\/\/pueblaenlinea.com\/2025\/nota-roja\/quien-era-la-victima-identifican-a-enrique-rafael-tras-asesinato-cerca-del-mercado-zapata\/"},"wordCount":523,"image":{"@id":"https:\/\/pueblaenlinea.com\/2025\/nota-roja\/quien-era-la-victima-identifican-a-enrique-rafael-tras-asesinato-cerca-del-mercado-zapata\/#primaryimage"},"thumbnailUrl":"https:\/\/pueblaenlinea.com\/2025\/wp-content\/uploads\/2026\/09\/pel-5.jpg","keywords":["asesinato puebla"],"articleSection":["Nota Roja"],"inLanguage":"es"},{"@type":"WebPage","@id":"https:\/\/pueblaenlinea.com\/2025\/nota-roja\/quien-era-la-victima-identifican-a-enrique-rafael-tras-asesinato-cerca-del-mercado-zapata\/","url":"https:\/\/pueblaenlinea.com\/2025\/nota-roja\/quien-era-la-victima-identifican-a-enrique-rafael-tras-asesinato-cerca-del-mercado-zapata\/","name":"\u00bfQui\u00e9n era la v\u00edctima? Identifican a Enrique Rafael tras asesinato cerca del Mercado Zapata - Puebla En Linea","isPartOf":{"@id":"https:\/\/pueblaenlinea.com\/2025\/#website"},"primaryImageOfPage":{"@id":"https:\/\/pueblaenlinea.com\/2025\/nota-roja\/quien-era-la-victima-identifican-a-enrique-rafael-tras-asesinato-cerca-del-mercado-zapata\/#primaryimage"},"image":{"@id":"https:\/\/pueblaenlinea.com\/2025\/nota-roja\/quien-era-la-victima-identifican-a-enrique-rafael-tras-asesinato-cerca-del-mercado-zapata\/#primaryimage"},"thumbnailUrl":"https:\/\/pueblaenlinea.com\/2025\/wp-content\/uploads\/2026\/09\/pel-5.jpg","datePublished":"2026-09-04T00:10:52+00:00","author":{"@id":"https:\/\/pueblaenlinea.com\/2025\/#\/schema\/person\/6e2e07bc4690564243accbe893d21877"},"description":"\u00bfQui\u00e9n era la v\u00edctima? Identifican a Enrique Rafael tras asesinato cerca del Mercado Zapata Nota Roja","breadcrumb":{"@id":"https:\/\/pueblaenlinea.com\/2025\/nota-roja\/quien-era-la-victima-identifican-a-enrique-rafael-tras-asesinato-cerca-del-mercado-zapata\/#breadcrumb"},"inLanguage":"es","potentialAction":[{"@type":"ReadAction","target":["https:\/\/pueblaenlinea.com\/2025\/nota-roja\/quien-era-la-victima-identifican-a-enrique-rafael-tras-asesinato-cerca-del-mercado-zapata\/"]}]},{"@type":"ImageObject","inLanguage":"es","@id":"https:\/\/pueblaenlinea.com\/2025\/nota-roja\/quien-era-la-victima-identifican-a-enrique-rafael-tras-asesinato-cerca-del-mercado-zapata\/#primaryimage","url":"https:\/\/pueblaenlinea.com\/2025\/wp-content\/uploads\/2026\/09\/pel-5.jpg","contentUrl":"https:\/\/pueblaenlinea.com\/2025\/wp-content\/uploads\/2026\/09\/pel-5.jpg","width":1200,"height":674,"caption":"ejecutadomercadozapata"},{"@type":"BreadcrumbList","@id":"https:\/\/pueblaenlinea.com\/2025\/nota-roja\/quien-era-la-victima-identifican-a-enrique-rafael-tras-asesinato-cerca-del-mercado-zapata\/#breadcrumb","itemListElement":[{"@type":"ListItem","position":1,"name":"Inicio","item":"https:\/\/pueblaenlinea.com\/2025\/"},{"@type":"ListItem","position":2,"name":"\u00bfQui\u00e9n era la v\u00edctima? Identifican a Enrique Rafael tras asesinato cerca del Mercado Zapata"}]},{"@type":"WebSite","@id":"https:\/\/pueblaenlinea.com\/2025\/#website","url":"https:\/\/pueblaenlinea.com\/2025\/","name":"Puebla En Linea","description":"noticias de puebla, periodismo serio y comprometido.","potentialAction":[{"@type":"SearchAction","target":{"@type":"EntryPoint","urlTemplate":"https:\/\/pueblaenlinea.com\/2025\/?s={search_term_string}"},"query-input":{"@type":"PropertyValueSpecification","valueRequired":true,"valueName":"search_term_string"}}],"inLanguage":"es"},{"@type":"Person","@id":"https:\/\/pueblaenlinea.com\/2025\/#\/schema\/person\/6e2e07bc4690564243accbe893d21877","name":"Puebla EnLinea","image":{"@type":"ImageObject","inLanguage":"es","@id":"https:\/\/pueblaenlinea.com\/2025\/wp-content\/litespeed\/avatar\/3b8bde7acb3c32a2512cab1d325df9d8.jpg?ver=1788290368","url":"https:\/\/pueblaenlinea.com\/2025\/wp-content\/litespeed\/avatar\/3b8bde7acb3c32a2512cab1d325df9d8.jpg?ver=1788290368","contentUrl":"https:\/\/pueblaenlinea.com\/2025\/wp-content\/litespeed\/avatar\/3b8bde7acb3c32a2512cab1d325df9d8.jpg?ver=1788290368","caption":"Puebla EnLinea"},"url":"https:\/\/pueblaenlinea.com\/2025\/author\/pueblaenlinea\/"}]}},"_links":{"self":[{"href":"https:\/\/pueblaenlinea.com\/2025\/wp-json\/wp\/v2\/posts\/134862","targetHints":{"allow":["GET"]}}],"collection":[{"href":"https:\/\/pueblaenlinea.com\/2025\/wp-json\/wp\/v2\/posts"}],"about":[{"href":"https:\/\/pueblaenlinea.com\/2025\/wp-json\/wp\/v2\/types\/post"}],"author":[{"embeddable":true,"href":"https:\/\/pueblaenlinea.com\/2025\/wp-json\/wp\/v2\/users\/2"}],"replies":[{"embeddable":true,"href":"https:\/\/pueblaenlinea.com\/2025\/wp-json\/wp\/v2\/comments?post=134862"}],"version-history":[{"count":0,"href":"https:\/\/pueblaenlinea.com\/2025\/wp-json\/wp\/v2\/posts\/134862\/revisions"}],"wp:featuredmedia":[{"embeddable":true,"href":"https:\/\/pueblaenlinea.com\/2025\/wp-json\/wp\/v2\/media\/134863"}],"wp:attachment":[{"href":"https:\/\/pueblaenlinea.com\/2025\/wp-json\/wp\/v2\/media?parent=134862"}],"wp:term":[{"taxonomy":"category","embeddable":true,"href":"https:\/\/pueblaenlinea.com\/2025\/wp-json\/wp\/v2\/categories?post=134862"},{"taxonomy":"post_tag","embeddable":true,"href":"https:\/\/pueblaenlinea.com\/2025\/wp-json\/wp\/v2\/tags?post=134862"}],"curies":[{"name":"wp","href":"https:\/\/api.w.org\/{rel}","templated":true}]}}