{"id":134861,"date":"2026-09-03T18:26:50","date_gmt":"2026-09-04T00:26:50","guid":{"rendered":"https:\/\/pueblaenlinea.com\/2025\/?p=134861"},"modified":"2026-09-03T18:26:51","modified_gmt":"2026-09-04T00:26:51","slug":"denuncian-a-hombre-por-presunto-exhibicionismo-en-el-periferico-ecologico-vecinos-piden-vigilancia","status":"publish","type":"post","link":"https:\/\/pueblaenlinea.com\/2025\/nota-roja\/denuncian-a-hombre-por-presunto-exhibicionismo-en-el-periferico-ecologico-vecinos-piden-vigilancia\/","title":{"rendered":"Denuncian a hombre por presunto exhibicionismo en el Perif\u00e9rico Ecol\u00f3gico; vecinos piden vigilancia"},"content":{"rendered":"\n<p class=\"wp-block-paragraph\"><strong>Puebla, Pue.<\/strong>\u2014 Cuando todav\u00eda no amanece por completo y las primeras personas comienzan a salir rumbo al trabajo o la escuela, vecinos de <strong>Villas Perif\u00e9rico<\/strong> aseguran que un autom\u00f3vil estacionado cerca de una parada de transporte p\u00fablico se ha convertido en motivo de preocupaci\u00f3n.<\/p>\n\n\n\n<p class=\"wp-block-paragraph\">Habitantes de la zona denunciaron la presunta presencia recurrente de un hombre que, seg\u00fan testimonios difundidos en un video compartido en un grupo vecinal, realizar\u00eda <strong>actos de exhibicionismo dentro de un veh\u00edculo<\/strong> durante las primeras horas de la ma\u00f1ana.<\/p>\n\n\n\n<p class=\"wp-block-paragraph\">La situaci\u00f3n habr\u00eda ocurrido en inmediaciones del <strong>Perif\u00e9rico Ecol\u00f3gico y 6 de Septiembre<\/strong>, con direcci\u00f3n hacia la <strong>24 Sur<\/strong>, principalmente entre las <strong>5:30 y las 6:30 de la ma\u00f1ana<\/strong>.<\/p>\n\n\n\n<blockquote class=\"wp-block-quote is-layout-flow wp-block-quote-is-layout-flow\">\n<p class=\"wp-block-paragraph\"><strong>\ud83d\udd34 DENUNCIA VECINAL:<\/strong> habitantes aseguran que el individuo acudir\u00eda con frecuencia a bordo de un <strong>Volkswagen Lupo<\/strong> y permanecer\u00eda estacionado cerca de una parada utilizada por pasajeros del transporte p\u00fablico.<\/p>\n<\/blockquote>\n\n\n\n<p class=\"wp-block-paragraph\">De acuerdo con los testimonios, el autom\u00f3vil se encontrar\u00eda a pocos metros del punto donde esperan usuarios de la <strong>Ruta 10<\/strong>, adem\u00e1s de personas que utilizan las <strong>l\u00edneas 3 y 4 de RUTA<\/strong>.<\/p>\n\n\n\n<p class=\"wp-block-paragraph\">Los vecinos se\u00f1alan que el sujeto permanecer\u00eda durante varios minutos dentro del veh\u00edculo y observar\u00eda a quienes transitan por el lugar. Posteriormente, presuntamente realizar\u00eda actos de car\u00e1cter sexual dentro de la unidad.<\/p>\n\n\n\n<p class=\"wp-block-paragraph\">La denuncia sostiene incluso que el hombre habr\u00eda sido observado con parte del cuerpo descubierto. Sin embargo, hasta el momento, estos se\u00f1alamientos corresponden a <strong>testimonios vecinales y a material difundido en redes<\/strong>, por lo que no constituyen por s\u00ed mismos una confirmaci\u00f3n oficial de los hechos.<\/p>\n\n\n\n<h3 class=\"wp-block-heading\">Mujeres y usuarios del transporte, entre los principales afectados<\/h3>\n\n\n\n<p class=\"wp-block-paragraph\">La preocupaci\u00f3n creci\u00f3 especialmente entre mujeres que utilizan diariamente el transporte p\u00fablico durante ese horario.<\/p>\n\n\n\n<p class=\"wp-block-paragraph\">El punto tambi\u00e9n es utilizado por <strong>estudiantes, trabajadores, madres y padres de familia<\/strong>, as\u00ed como personas que salen a caminar con sus mascotas cuando apenas comienza la actividad cotidiana en esta zona de Puebla.<\/p>\n\n\n\n<blockquote class=\"wp-block-quote is-layout-flow wp-block-quote-is-layout-flow\">\n<p class=\"wp-block-paragraph\"><strong>\ud83d\udccd PUNTO SE\u00d1ALADO:<\/strong> Perif\u00e9rico Ecol\u00f3gico, a la altura de <strong>Villas Perif\u00e9rico y 6 de Septiembre<\/strong>, con direcci\u00f3n a la 24 Sur.<\/p>\n<\/blockquote>\n\n\n\n<blockquote class=\"wp-block-quote is-layout-flow wp-block-quote-is-layout-flow\">\n<p class=\"wp-block-paragraph\"><strong>\u23f0 HORARIO REPORTADO:<\/strong> los testimonios ubican los hechos principalmente entre <strong>5:30 y 6:30 de la ma\u00f1ana<\/strong>.<\/p>\n<\/blockquote>\n\n\n\n<blockquote class=\"wp-block-quote is-layout-flow wp-block-quote-is-layout-flow\">\n<p class=\"wp-block-paragraph\"><strong>\ud83d\ude97 VEH\u00cdCULO REFERIDO:<\/strong> un <strong>Volkswagen Lupo<\/strong>, seg\u00fan la denuncia vecinal difundida en redes sociales.<\/p>\n<\/blockquote>\n\n\n\n<p class=\"wp-block-paragraph\">Si quieres seguir esta y otras notas de inter\u00e9s en tiempo real, \u00fanete a nuestro canal de WhatsApp: <a href=\"https:\/\/whatsapp.com\/channel\/0029Va5CSyuEQIalZaJWpX1h\">https:\/\/whatsapp.com\/channel\/0029Va5CSyuEQIalZaJWpX1h<\/a><\/p>\n\n\n\n<h3 class=\"wp-block-heading\">Vecinos piden reforzar la vigilancia<\/h3>\n\n\n\n<p class=\"wp-block-paragraph\">Ante los se\u00f1alamientos, habitantes solicitaron a las autoridades municipales incrementar los recorridos de vigilancia durante las primeras horas del d\u00eda, particularmente en el tramo del Perif\u00e9rico Ecol\u00f3gico cercano a Villas Perif\u00e9rico.<\/p>\n\n\n\n<p class=\"wp-block-paragraph\">La petici\u00f3n tiene un elemento sencillo: que quienes esperan el transporte puedan hacerlo sin sentirse observados o expuestos ante una conducta que, de confirmarse, tendr\u00eda que ser atendida por las autoridades correspondientes.<\/p>\n\n\n\n<p class=\"wp-block-paragraph\">Por ahora, la denuncia permanece en el terreno de los testimonios ciudadanos. Queda pendiente conocer si existe una investigaci\u00f3n, reporte formal o intervenci\u00f3n de alguna autoridad respecto al caso.<\/p>\n\n\n\n<p class=\"wp-block-paragraph\">Porque en una ciudad que despierta antes que el sol, una parada de autob\u00fas deber\u00eda ser solamente eso: un lugar para esperar el transporte, no un sitio donde los vecinos tengan que preguntarse qui\u00e9n los est\u00e1 observando desde un autom\u00f3vil.<\/p>\n\n\n\n<p class=\"wp-block-paragraph\"><strong>Escrito por Redacci\u00f3n Puebla En L\u00ednea<\/strong><\/p>\n\n\n\n<h3 class=\"wp-block-heading\"><\/h3>\n\n\n\n<ol start=\"1\" class=\"wp-block-list\">\n<li><strong>\u00bfQui\u00e9n es el hombre del Volkswagen Lupo? Vecinos denuncian presunto exhibicionismo en el Perif\u00e9rico Ecol\u00f3gico<\/strong><\/li>\n\n\n\n<li><strong>Alerta en Villas Perif\u00e9rico: vecinos piden vigilancia tras denunciar presunta conducta sexual desde un autom\u00f3vil<\/strong><\/li>\n\n\n\n<li><strong>Entre las 5:30 y 6:30 AM: reportan a sujeto que presuntamente se exhibe cerca de una parada en Puebla<\/strong><\/li>\n\n\n\n<li><strong>Madrugada y transporte p\u00fablico: vecinos denuncian comportamiento inapropiado en el Perif\u00e9rico Ecol\u00f3gico<\/strong><\/li>\n\n\n\n<li><strong>Usuarios de Ruta 10 y RUTA, en alerta por presunto exhibicionismo cerca de Villas Perif\u00e9rico<\/strong><\/li>\n<\/ol>\n","protected":false},"excerpt":{"rendered":"<p>Puebla, Pue.\u2014 Cuando todav\u00eda no amanece por completo y las primeras personas comienzan a salir rumbo al trabajo o la escuela, vecinos de Villas Perif\u00e9rico aseguran que un autom\u00f3vil estacionado cerca de una parada de transporte p\u00fablico se ha convertido en motivo de preocupaci\u00f3n. Habitantes de la zona denunciaron la presunta presencia recurrente de un&#8230;<\/p>\n","protected":false},"author":9,"featured_media":134866,"comment_status":"closed","ping_status":"closed","sticky":false,"template":"","format":"standard","meta":{"footnotes":""},"categories":[24],"tags":[1396],"class_list":["post-134861","post","type-post","status-publish","format-standard","has-post-thumbnail","hentry","category-nota-roja","tag-virales"],"yoast_head":"<!-- This site is optimized with the Yoast SEO plugin v28.4 - https:\/\/yoast.com\/product\/yoast-seo-wordpress\/ -->\n<title>Denuncian a hombre por presunto exhibicionismo en el Perif\u00e9rico Ecol\u00f3gico; vecinos piden vigilancia - Puebla En Linea<\/title>\n<meta name=\"description\" content=\"Denuncian a hombre por presunto exhibicionismo en el Perif\u00e9rico Ecol\u00f3gico; vecinos piden vigilancia Nota Roja\" \/>\n<meta name=\"robots\" content=\"index, follow, max-snippet:-1, max-image-preview:large, max-video-preview:-1\" \/>\n<link rel=\"canonical\" href=\"https:\/\/pueblaenlinea.com\/2025\/nota-roja\/denuncian-a-hombre-por-presunto-exhibicionismo-en-el-periferico-ecologico-vecinos-piden-vigilancia\/\" \/>\n<meta property=\"og:locale\" content=\"es_MX\" \/>\n<meta property=\"og:type\" content=\"article\" \/>\n<meta property=\"og:title\" content=\"Denuncian a hombre por presunto exhibicionismo en el Perif\u00e9rico Ecol\u00f3gico; vecinos piden vigilancia - Puebla En Linea\" \/>\n<meta property=\"og:description\" content=\"Denuncian a hombre por presunto exhibicionismo en el Perif\u00e9rico Ecol\u00f3gico; vecinos piden vigilancia Nota Roja\" \/>\n<meta property=\"og:url\" content=\"https:\/\/pueblaenlinea.com\/2025\/nota-roja\/denuncian-a-hombre-por-presunto-exhibicionismo-en-el-periferico-ecologico-vecinos-piden-vigilancia\/\" \/>\n<meta property=\"og:site_name\" content=\"Puebla En Linea\" \/>\n<meta property=\"article:publisher\" content=\"https:\/\/www.facebook.com\/pueblaenlineacom\" \/>\n<meta property=\"article:published_time\" content=\"2026-09-04T00:26:50+00:00\" \/>\n<meta property=\"article:modified_time\" content=\"2026-09-04T00:26:51+00:00\" \/>\n<meta property=\"og:image\" content=\"https:\/\/pueblaenlinea.com\/2025\/wp-content\/uploads\/2026\/09\/periferico.jpg\" \/>\n\t<meta property=\"og:image:width\" content=\"1200\" \/>\n\t<meta property=\"og:image:height\" content=\"674\" \/>\n\t<meta property=\"og:image:type\" content=\"image\/jpeg\" \/>\n<meta name=\"author\" content=\"lupita Puebla en linea\" \/>\n<meta name=\"twitter:card\" content=\"summary_large_image\" \/>\n<meta name=\"twitter:label1\" content=\"Escrito por\" \/>\n\t<meta name=\"twitter:data1\" content=\"lupita Puebla en linea\" \/>\n\t<meta name=\"twitter:label2\" content=\"Tiempo de lectura\" \/>\n\t<meta name=\"twitter:data2\" content=\"3 minutos\" \/>\n<script type=\"application\/ld+json\" class=\"yoast-schema-graph\">{\"@context\":\"https:\\\/\\\/schema.org\",\"@graph\":[{\"@type\":\"Article\",\"@id\":\"https:\\\/\\\/pueblaenlinea.com\\\/2025\\\/nota-roja\\\/denuncian-a-hombre-por-presunto-exhibicionismo-en-el-periferico-ecologico-vecinos-piden-vigilancia\\\/#article\",\"isPartOf\":{\"@id\":\"https:\\\/\\\/pueblaenlinea.com\\\/2025\\\/nota-roja\\\/denuncian-a-hombre-por-presunto-exhibicionismo-en-el-periferico-ecologico-vecinos-piden-vigilancia\\\/\"},\"author\":{\"name\":\"lupita Puebla en linea\",\"@id\":\"https:\\\/\\\/pueblaenlinea.com\\\/2025\\\/#\\\/schema\\\/person\\\/2baf91de3092c7d50fb754a48f084d7f\"},\"headline\":\"Denuncian a hombre por presunto exhibicionismo en el Perif\u00e9rico Ecol\u00f3gico; vecinos piden vigilancia\",\"datePublished\":\"2026-09-04T00:26:50+00:00\",\"dateModified\":\"2026-09-04T00:26:51+00:00\",\"mainEntityOfPage\":{\"@id\":\"https:\\\/\\\/pueblaenlinea.com\\\/2025\\\/nota-roja\\\/denuncian-a-hombre-por-presunto-exhibicionismo-en-el-periferico-ecologico-vecinos-piden-vigilancia\\\/\"},\"wordCount\":670,\"image\":{\"@id\":\"https:\\\/\\\/pueblaenlinea.com\\\/2025\\\/nota-roja\\\/denuncian-a-hombre-por-presunto-exhibicionismo-en-el-periferico-ecologico-vecinos-piden-vigilancia\\\/#primaryimage\"},\"thumbnailUrl\":\"https:\\\/\\\/pueblaenlinea.com\\\/2025\\\/wp-content\\\/uploads\\\/2026\\\/09\\\/periferico.jpg\",\"keywords\":[\"virales\"],\"articleSection\":[\"Nota Roja\"],\"inLanguage\":\"es\"},{\"@type\":\"WebPage\",\"@id\":\"https:\\\/\\\/pueblaenlinea.com\\\/2025\\\/nota-roja\\\/denuncian-a-hombre-por-presunto-exhibicionismo-en-el-periferico-ecologico-vecinos-piden-vigilancia\\\/\",\"url\":\"https:\\\/\\\/pueblaenlinea.com\\\/2025\\\/nota-roja\\\/denuncian-a-hombre-por-presunto-exhibicionismo-en-el-periferico-ecologico-vecinos-piden-vigilancia\\\/\",\"name\":\"Denuncian a hombre por presunto exhibicionismo en el Perif\u00e9rico Ecol\u00f3gico; vecinos piden vigilancia - Puebla En Linea\",\"isPartOf\":{\"@id\":\"https:\\\/\\\/pueblaenlinea.com\\\/2025\\\/#website\"},\"primaryImageOfPage\":{\"@id\":\"https:\\\/\\\/pueblaenlinea.com\\\/2025\\\/nota-roja\\\/denuncian-a-hombre-por-presunto-exhibicionismo-en-el-periferico-ecologico-vecinos-piden-vigilancia\\\/#primaryimage\"},\"image\":{\"@id\":\"https:\\\/\\\/pueblaenlinea.com\\\/2025\\\/nota-roja\\\/denuncian-a-hombre-por-presunto-exhibicionismo-en-el-periferico-ecologico-vecinos-piden-vigilancia\\\/#primaryimage\"},\"thumbnailUrl\":\"https:\\\/\\\/pueblaenlinea.com\\\/2025\\\/wp-content\\\/uploads\\\/2026\\\/09\\\/periferico.jpg\",\"datePublished\":\"2026-09-04T00:26:50+00:00\",\"dateModified\":\"2026-09-04T00:26:51+00:00\",\"author\":{\"@id\":\"https:\\\/\\\/pueblaenlinea.com\\\/2025\\\/#\\\/schema\\\/person\\\/2baf91de3092c7d50fb754a48f084d7f\"},\"description\":\"Denuncian a hombre por presunto exhibicionismo en el Perif\u00e9rico Ecol\u00f3gico; vecinos piden vigilancia Nota Roja\",\"breadcrumb\":{\"@id\":\"https:\\\/\\\/pueblaenlinea.com\\\/2025\\\/nota-roja\\\/denuncian-a-hombre-por-presunto-exhibicionismo-en-el-periferico-ecologico-vecinos-piden-vigilancia\\\/#breadcrumb\"},\"inLanguage\":\"es\",\"potentialAction\":[{\"@type\":\"ReadAction\",\"target\":[\"https:\\\/\\\/pueblaenlinea.com\\\/2025\\\/nota-roja\\\/denuncian-a-hombre-por-presunto-exhibicionismo-en-el-periferico-ecologico-vecinos-piden-vigilancia\\\/\"]}]},{\"@type\":\"ImageObject\",\"inLanguage\":\"es\",\"@id\":\"https:\\\/\\\/pueblaenlinea.com\\\/2025\\\/nota-roja\\\/denuncian-a-hombre-por-presunto-exhibicionismo-en-el-periferico-ecologico-vecinos-piden-vigilancia\\\/#primaryimage\",\"url\":\"https:\\\/\\\/pueblaenlinea.com\\\/2025\\\/wp-content\\\/uploads\\\/2026\\\/09\\\/periferico.jpg\",\"contentUrl\":\"https:\\\/\\\/pueblaenlinea.com\\\/2025\\\/wp-content\\\/uploads\\\/2026\\\/09\\\/periferico.jpg\",\"width\":1200,\"height\":674},{\"@type\":\"BreadcrumbList\",\"@id\":\"https:\\\/\\\/pueblaenlinea.com\\\/2025\\\/nota-roja\\\/denuncian-a-hombre-por-presunto-exhibicionismo-en-el-periferico-ecologico-vecinos-piden-vigilancia\\\/#breadcrumb\",\"itemListElement\":[{\"@type\":\"ListItem\",\"position\":1,\"name\":\"Inicio\",\"item\":\"https:\\\/\\\/pueblaenlinea.com\\\/2025\\\/\"},{\"@type\":\"ListItem\",\"position\":2,\"name\":\"Denuncian a hombre por presunto exhibicionismo en el Perif\u00e9rico Ecol\u00f3gico; vecinos piden vigilancia\"}]},{\"@type\":\"WebSite\",\"@id\":\"https:\\\/\\\/pueblaenlinea.com\\\/2025\\\/#website\",\"url\":\"https:\\\/\\\/pueblaenlinea.com\\\/2025\\\/\",\"name\":\"Puebla En Linea\",\"description\":\"noticias de puebla, periodismo serio y comprometido.\",\"potentialAction\":[{\"@type\":\"SearchAction\",\"target\":{\"@type\":\"EntryPoint\",\"urlTemplate\":\"https:\\\/\\\/pueblaenlinea.com\\\/2025\\\/?s={search_term_string}\"},\"query-input\":{\"@type\":\"PropertyValueSpecification\",\"valueRequired\":true,\"valueName\":\"search_term_string\"}}],\"inLanguage\":\"es\"},{\"@type\":\"Person\",\"@id\":\"https:\\\/\\\/pueblaenlinea.com\\\/2025\\\/#\\\/schema\\\/person\\\/2baf91de3092c7d50fb754a48f084d7f\",\"name\":\"lupita Puebla en linea\",\"image\":{\"@type\":\"ImageObject\",\"inLanguage\":\"es\",\"@id\":\"https:\\\/\\\/pueblaenlinea.com\\\/2025\\\/wp-content\\\/litespeed\\\/avatar\\\/c3bdb4b8e42693060df9dbf8c3f9c41d.jpg?ver=1788290860\",\"url\":\"https:\\\/\\\/pueblaenlinea.com\\\/2025\\\/wp-content\\\/litespeed\\\/avatar\\\/c3bdb4b8e42693060df9dbf8c3f9c41d.jpg?ver=1788290860\",\"contentUrl\":\"https:\\\/\\\/pueblaenlinea.com\\\/2025\\\/wp-content\\\/litespeed\\\/avatar\\\/c3bdb4b8e42693060df9dbf8c3f9c41d.jpg?ver=1788290860\",\"caption\":\"lupita Puebla en linea\"},\"url\":\"https:\\\/\\\/pueblaenlinea.com\\\/2025\\\/author\\\/lupita\\\/\"}]}<\/script>\n<!-- \/ Yoast SEO plugin. -->","yoast_head_json":{"title":"Denuncian a hombre por presunto exhibicionismo en el Perif\u00e9rico Ecol\u00f3gico; vecinos piden vigilancia - Puebla En Linea","description":"Denuncian a hombre por presunto exhibicionismo en el Perif\u00e9rico Ecol\u00f3gico; vecinos piden vigilancia Nota Roja","robots":{"index":"index","follow":"follow","max-snippet":"max-snippet:-1","max-image-preview":"max-image-preview:large","max-video-preview":"max-video-preview:-1"},"canonical":"https:\/\/pueblaenlinea.com\/2025\/nota-roja\/denuncian-a-hombre-por-presunto-exhibicionismo-en-el-periferico-ecologico-vecinos-piden-vigilancia\/","og_locale":"es_MX","og_type":"article","og_title":"Denuncian a hombre por presunto exhibicionismo en el Perif\u00e9rico Ecol\u00f3gico; vecinos piden vigilancia - Puebla En Linea","og_description":"Denuncian a hombre por presunto exhibicionismo en el Perif\u00e9rico Ecol\u00f3gico; vecinos piden vigilancia Nota Roja","og_url":"https:\/\/pueblaenlinea.com\/2025\/nota-roja\/denuncian-a-hombre-por-presunto-exhibicionismo-en-el-periferico-ecologico-vecinos-piden-vigilancia\/","og_site_name":"Puebla En Linea","article_publisher":"https:\/\/www.facebook.com\/pueblaenlineacom","article_published_time":"2026-09-04T00:26:50+00:00","article_modified_time":"2026-09-04T00:26:51+00:00","og_image":[{"width":1200,"height":674,"url":"https:\/\/pueblaenlinea.com\/2025\/wp-content\/uploads\/2026\/09\/periferico.jpg","type":"image\/jpeg"}],"author":"lupita Puebla en linea","twitter_card":"summary_large_image","twitter_misc":{"Escrito por":"lupita Puebla en linea","Tiempo de lectura":"3 minutos"},"schema":{"@context":"https:\/\/schema.org","@graph":[{"@type":"Article","@id":"https:\/\/pueblaenlinea.com\/2025\/nota-roja\/denuncian-a-hombre-por-presunto-exhibicionismo-en-el-periferico-ecologico-vecinos-piden-vigilancia\/#article","isPartOf":{"@id":"https:\/\/pueblaenlinea.com\/2025\/nota-roja\/denuncian-a-hombre-por-presunto-exhibicionismo-en-el-periferico-ecologico-vecinos-piden-vigilancia\/"},"author":{"name":"lupita Puebla en linea","@id":"https:\/\/pueblaenlinea.com\/2025\/#\/schema\/person\/2baf91de3092c7d50fb754a48f084d7f"},"headline":"Denuncian a hombre por presunto exhibicionismo en el Perif\u00e9rico Ecol\u00f3gico; vecinos piden vigilancia","datePublished":"2026-09-04T00:26:50+00:00","dateModified":"2026-09-04T00:26:51+00:00","mainEntityOfPage":{"@id":"https:\/\/pueblaenlinea.com\/2025\/nota-roja\/denuncian-a-hombre-por-presunto-exhibicionismo-en-el-periferico-ecologico-vecinos-piden-vigilancia\/"},"wordCount":670,"image":{"@id":"https:\/\/pueblaenlinea.com\/2025\/nota-roja\/denuncian-a-hombre-por-presunto-exhibicionismo-en-el-periferico-ecologico-vecinos-piden-vigilancia\/#primaryimage"},"thumbnailUrl":"https:\/\/pueblaenlinea.com\/2025\/wp-content\/uploads\/2026\/09\/periferico.jpg","keywords":["virales"],"articleSection":["Nota Roja"],"inLanguage":"es"},{"@type":"WebPage","@id":"https:\/\/pueblaenlinea.com\/2025\/nota-roja\/denuncian-a-hombre-por-presunto-exhibicionismo-en-el-periferico-ecologico-vecinos-piden-vigilancia\/","url":"https:\/\/pueblaenlinea.com\/2025\/nota-roja\/denuncian-a-hombre-por-presunto-exhibicionismo-en-el-periferico-ecologico-vecinos-piden-vigilancia\/","name":"Denuncian a hombre por presunto exhibicionismo en el Perif\u00e9rico Ecol\u00f3gico; vecinos piden vigilancia - Puebla En Linea","isPartOf":{"@id":"https:\/\/pueblaenlinea.com\/2025\/#website"},"primaryImageOfPage":{"@id":"https:\/\/pueblaenlinea.com\/2025\/nota-roja\/denuncian-a-hombre-por-presunto-exhibicionismo-en-el-periferico-ecologico-vecinos-piden-vigilancia\/#primaryimage"},"image":{"@id":"https:\/\/pueblaenlinea.com\/2025\/nota-roja\/denuncian-a-hombre-por-presunto-exhibicionismo-en-el-periferico-ecologico-vecinos-piden-vigilancia\/#primaryimage"},"thumbnailUrl":"https:\/\/pueblaenlinea.com\/2025\/wp-content\/uploads\/2026\/09\/periferico.jpg","datePublished":"2026-09-04T00:26:50+00:00","dateModified":"2026-09-04T00:26:51+00:00","author":{"@id":"https:\/\/pueblaenlinea.com\/2025\/#\/schema\/person\/2baf91de3092c7d50fb754a48f084d7f"},"description":"Denuncian a hombre por presunto exhibicionismo en el Perif\u00e9rico Ecol\u00f3gico; vecinos piden vigilancia Nota Roja","breadcrumb":{"@id":"https:\/\/pueblaenlinea.com\/2025\/nota-roja\/denuncian-a-hombre-por-presunto-exhibicionismo-en-el-periferico-ecologico-vecinos-piden-vigilancia\/#breadcrumb"},"inLanguage":"es","potentialAction":[{"@type":"ReadAction","target":["https:\/\/pueblaenlinea.com\/2025\/nota-roja\/denuncian-a-hombre-por-presunto-exhibicionismo-en-el-periferico-ecologico-vecinos-piden-vigilancia\/"]}]},{"@type":"ImageObject","inLanguage":"es","@id":"https:\/\/pueblaenlinea.com\/2025\/nota-roja\/denuncian-a-hombre-por-presunto-exhibicionismo-en-el-periferico-ecologico-vecinos-piden-vigilancia\/#primaryimage","url":"https:\/\/pueblaenlinea.com\/2025\/wp-content\/uploads\/2026\/09\/periferico.jpg","contentUrl":"https:\/\/pueblaenlinea.com\/2025\/wp-content\/uploads\/2026\/09\/periferico.jpg","width":1200,"height":674},{"@type":"BreadcrumbList","@id":"https:\/\/pueblaenlinea.com\/2025\/nota-roja\/denuncian-a-hombre-por-presunto-exhibicionismo-en-el-periferico-ecologico-vecinos-piden-vigilancia\/#breadcrumb","itemListElement":[{"@type":"ListItem","position":1,"name":"Inicio","item":"https:\/\/pueblaenlinea.com\/2025\/"},{"@type":"ListItem","position":2,"name":"Denuncian a hombre por presunto exhibicionismo en el Perif\u00e9rico Ecol\u00f3gico; vecinos piden vigilancia"}]},{"@type":"WebSite","@id":"https:\/\/pueblaenlinea.com\/2025\/#website","url":"https:\/\/pueblaenlinea.com\/2025\/","name":"Puebla En Linea","description":"noticias de puebla, periodismo serio y comprometido.","potentialAction":[{"@type":"SearchAction","target":{"@type":"EntryPoint","urlTemplate":"https:\/\/pueblaenlinea.com\/2025\/?s={search_term_string}"},"query-input":{"@type":"PropertyValueSpecification","valueRequired":true,"valueName":"search_term_string"}}],"inLanguage":"es"},{"@type":"Person","@id":"https:\/\/pueblaenlinea.com\/2025\/#\/schema\/person\/2baf91de3092c7d50fb754a48f084d7f","name":"lupita Puebla en linea","image":{"@type":"ImageObject","inLanguage":"es","@id":"https:\/\/pueblaenlinea.com\/2025\/wp-content\/litespeed\/avatar\/c3bdb4b8e42693060df9dbf8c3f9c41d.jpg?ver=1788290860","url":"https:\/\/pueblaenlinea.com\/2025\/wp-content\/litespeed\/avatar\/c3bdb4b8e42693060df9dbf8c3f9c41d.jpg?ver=1788290860","contentUrl":"https:\/\/pueblaenlinea.com\/2025\/wp-content\/litespeed\/avatar\/c3bdb4b8e42693060df9dbf8c3f9c41d.jpg?ver=1788290860","caption":"lupita Puebla en linea"},"url":"https:\/\/pueblaenlinea.com\/2025\/author\/lupita\/"}]}},"_links":{"self":[{"href":"https:\/\/pueblaenlinea.com\/2025\/wp-json\/wp\/v2\/posts\/134861","targetHints":{"allow":["GET"]}}],"collection":[{"href":"https:\/\/pueblaenlinea.com\/2025\/wp-json\/wp\/v2\/posts"}],"about":[{"href":"https:\/\/pueblaenlinea.com\/2025\/wp-json\/wp\/v2\/types\/post"}],"author":[{"embeddable":true,"href":"https:\/\/pueblaenlinea.com\/2025\/wp-json\/wp\/v2\/users\/9"}],"replies":[{"embeddable":true,"href":"https:\/\/pueblaenlinea.com\/2025\/wp-json\/wp\/v2\/comments?post=134861"}],"version-history":[{"count":0,"href":"https:\/\/pueblaenlinea.com\/2025\/wp-json\/wp\/v2\/posts\/134861\/revisions"}],"wp:featuredmedia":[{"embeddable":true,"href":"https:\/\/pueblaenlinea.com\/2025\/wp-json\/wp\/v2\/media\/134866"}],"wp:attachment":[{"href":"https:\/\/pueblaenlinea.com\/2025\/wp-json\/wp\/v2\/media?parent=134861"}],"wp:term":[{"taxonomy":"category","embeddable":true,"href":"https:\/\/pueblaenlinea.com\/2025\/wp-json\/wp\/v2\/categories?post=134861"},{"taxonomy":"post_tag","embeddable":true,"href":"https:\/\/pueblaenlinea.com\/2025\/wp-json\/wp\/v2\/tags?post=134861"}],"curies":[{"name":"wp","href":"https:\/\/api.w.org\/{rel}","templated":true}]}}