{"id":134853,"date":"2026-09-03T17:37:01","date_gmt":"2026-09-03T23:37:01","guid":{"rendered":"https:\/\/pueblaenlinea.com\/2025\/?p=134853"},"modified":"2026-09-03T17:37:02","modified_gmt":"2026-09-03T23:37:02","slug":"bots-contra-el-cablebus-gobierno-de-puebla-denuncia-red-artificial-para-inflar-rechazo-al-proyecto","status":"publish","type":"post","link":"https:\/\/pueblaenlinea.com\/2025\/puebla\/bots-contra-el-cablebus-gobierno-de-puebla-denuncia-red-artificial-para-inflar-rechazo-al-proyecto\/","title":{"rendered":"\u00bfBots contra el Cableb\u00fas? Gobierno de Puebla denuncia red artificial para inflar rechazo al proyecto"},"content":{"rendered":"\n<p class=\"wp-block-paragraph\">Cuando la conversaci\u00f3n p\u00fablica se traslada a las pantallas, la sombra de los algoritmos suele tejer una realidad paralela donde el descontento se fabrica a la medida. El debate en torno al proyectado Sistema de Transporte por Cable \u2014el Cableb\u00fas poblano\u2014 no escapa a esta simulaci\u00f3n digital, donde la frontera entre la ciudadan\u00eda real y la ingenier\u00eda artificial se desdibuja peligrosamente.<\/p>\n\n\n\n<p class=\"wp-block-paragraph\">El gobierno estatal puso bajo la lupa el pulso de las redes sociales para evidenciar que el rechazo a una de las obras de movilidad m\u00e1s ambiciosas de la administraci\u00f3n no siempre responde a interacciones org\u00e1nicas, sino a una maquinaria automatizada dispuesta a inflar la animadversi\u00f3n.<\/p>\n\n\n\n<p class=\"wp-block-paragraph\">Durante la quinta emisi\u00f3n del programa \u201cDerecho de R\u00e9plica\u201d, el coordinador de Gabinete, Jos\u00e9 Luis Garc\u00eda Parra, destap\u00f3 la existencia de una presunta red de cuentas falsas operando para amplificar la cr\u00edtica en contra del proyecto de transporte masivo.<\/p>\n\n\n\n<p class=\"wp-block-paragraph\"><strong>Puntos clave del an\u00e1lisis digital sobre el Cableb\u00fas<\/strong><\/p>\n\n\n\n<ul class=\"wp-block-list\">\n<li><strong>El escenario:<\/strong> Presentaci\u00f3n realizada por el coordinador de Gabinete, Jos\u00e9 Luis Garc\u00eda Parra, en el programa \u201cDerecho de R\u00e9plica\u201d.<\/li>\n\n\n\n<li><strong>El volumen de conversaci\u00f3n:<\/strong> Entre enero y agosto de 2026 se registraron 412 mil menciones y comentarios, con la participaci\u00f3n de 61 mil 500 autores \u00fanicos.<\/li>\n\n\n\n<li><strong>El impacto:<\/strong> Se estimaron cerca de 100 millones de impresiones y 2.2 millones de interacciones en plataformas digitales.<\/li>\n\n\n\n<li><strong>El balance general:<\/strong> El 63% de la conversaci\u00f3n analizada arroj\u00f3 una postura positiva, frente a un 27% negativa y un 10% neutral.<\/li>\n\n\n\n<li><strong>La anomal\u00eda detectada:<\/strong> Identificaci\u00f3n de perfiles at\u00edpicos con nulos seguidores, uso masivo de hashtags id\u00e9nticos y geolocalizaci\u00f3n en pa\u00edses como Estados Unidos, Colombia, Ecuador, Bolivia, Paraguay y Argentina.<\/li>\n<\/ul>\n\n\n\n<p class=\"wp-block-paragraph\">Las cifras presentadas por el funcionario revelan que, si bien existe un sector de la poblaci\u00f3n con reservas frente a la obra, una porci\u00f3n significativa del rechazo digital obedece a t\u00e1cticas de desinformaci\u00f3n transnacional. Cuentas operando a miles de kil\u00f3metros de distancia \u2014desde el cono sur hasta Norteam\u00e9rica\u2014 coordinan patrones de comportamiento repetitivo para aparentar un repudio ciudadano que, en las calles de la capital, no encuentra el mismo eco.<\/p>\n\n\n\n<p class=\"wp-block-paragraph\">Si quieres seguir esta y otras notas de inter\u00e9s en tiempo real, \u00fanete a nuestro canal de WhatsApp: <a target=\"_blank\" rel=\"noopener\" href=\"https:\/\/whatsapp.com\/channel\/0029Va5CSyuEQIalZaJWpX1h\">https:\/\/whatsapp.com\/channel\/0029Va5CSyuEQIalZaJWpX1h<\/a><\/p>\n\n\n\n<p class=\"wp-block-paragraph\">La disputa por el relato urbano ya no se libra \u00fanicamente en las planchas de concreto o en las deliberaciones vecinales, sino en los servidores inform\u00e1ticos donde la manipulaci\u00f3n de la opini\u00f3n p\u00fablica se ha convertido en una herramienta de presi\u00f3n pol\u00edtica. Desenmascarar estas redes de bots es apenas el primer paso para rescatar el debate t\u00e9cnico y social de los intereses que buscan sabotear la transformaci\u00f3n de la movilidad en Puebla.<\/p>\n\n\n\n<p class=\"wp-block-paragraph\">Escrito por Redacci\u00f3n Puebla En L\u00ednea<\/p>\n\n\n\n<p class=\"wp-block-paragraph\"><strong> <\/strong><\/p>\n\n\n\n<ol start=\"1\" class=\"wp-block-list\">\n<li>\u00bfBots contra el Cableb\u00fas? Gobierno de Puebla denuncia red artificial para inflar rechazo al proyecto<\/li>\n\n\n\n<li>Desde Sudam\u00e9rica y EE.UU.: Detectan cuentas falsas que operaban contra la nueva obra de transporte en Puebla<\/li>\n\n\n\n<li>Jos\u00e9 Luis Garc\u00eda Parra exhibe estrategia digital: 63% de la conversaci\u00f3n real respalda el Cableb\u00fas<\/li>\n\n\n\n<li>De la red a la manipulaci\u00f3n: As\u00ed operaba la red de cuentas automatizadas contra el transporte por cable<\/li>\n\n\n\n<li>Radiograf\u00eda de las redes sociales en Puebla: Revelan cifras y anomal\u00edas en torno al debate del Cableb\u00fas<\/li>\n<\/ol>\n\n\n\n<p class=\"wp-block-paragraph\"> <\/p>\n","protected":false},"excerpt":{"rendered":"<p>Cuando la conversaci\u00f3n p\u00fablica se traslada a las pantallas, la sombra de los algoritmos suele tejer una realidad paralela donde el descontento se fabrica a la medida. El debate en torno al proyectado Sistema de Transporte por Cable \u2014el Cableb\u00fas poblano\u2014 no escapa a esta simulaci\u00f3n digital, donde la frontera entre la ciudadan\u00eda real y&#8230;<\/p>\n","protected":false},"author":2,"featured_media":134854,"comment_status":"closed","ping_status":"closed","sticky":false,"template":"","format":"standard","meta":{"footnotes":""},"categories":[2],"tags":[],"class_list":["post-134853","post","type-post","status-publish","format-standard","has-post-thumbnail","hentry","category-puebla"],"yoast_head":"<!-- This site is optimized with the Yoast SEO plugin v28.4 - https:\/\/yoast.com\/product\/yoast-seo-wordpress\/ -->\n<title>\u00bfBots contra el Cableb\u00fas? Gobierno de Puebla denuncia red artificial para inflar rechazo al proyecto - Puebla En Linea<\/title>\n<meta name=\"description\" content=\"\u00bfBots contra el Cableb\u00fas? Gobierno de Puebla denuncia red artificial para inflar rechazo al proyecto Puebla\" \/>\n<meta name=\"robots\" content=\"index, follow, max-snippet:-1, max-image-preview:large, max-video-preview:-1\" \/>\n<link rel=\"canonical\" href=\"https:\/\/pueblaenlinea.com\/2025\/puebla\/bots-contra-el-cablebus-gobierno-de-puebla-denuncia-red-artificial-para-inflar-rechazo-al-proyecto\/\" \/>\n<meta property=\"og:locale\" content=\"es_MX\" \/>\n<meta property=\"og:type\" content=\"article\" \/>\n<meta property=\"og:title\" content=\"\u00bfBots contra el Cableb\u00fas? Gobierno de Puebla denuncia red artificial para inflar rechazo al proyecto - Puebla En Linea\" \/>\n<meta property=\"og:description\" content=\"\u00bfBots contra el Cableb\u00fas? Gobierno de Puebla denuncia red artificial para inflar rechazo al proyecto Puebla\" \/>\n<meta property=\"og:url\" content=\"https:\/\/pueblaenlinea.com\/2025\/puebla\/bots-contra-el-cablebus-gobierno-de-puebla-denuncia-red-artificial-para-inflar-rechazo-al-proyecto\/\" \/>\n<meta property=\"og:site_name\" content=\"Puebla En Linea\" \/>\n<meta property=\"article:publisher\" content=\"https:\/\/www.facebook.com\/pueblaenlineacom\" \/>\n<meta property=\"article:published_time\" content=\"2026-09-03T23:37:01+00:00\" \/>\n<meta property=\"article:modified_time\" content=\"2026-09-03T23:37:02+00:00\" \/>\n<meta property=\"og:image\" content=\"https:\/\/pueblaenlinea.com\/2025\/wp-content\/uploads\/2026\/09\/pel-2.jpg\" \/>\n\t<meta property=\"og:image:width\" content=\"1200\" \/>\n\t<meta property=\"og:image:height\" content=\"674\" \/>\n\t<meta property=\"og:image:type\" content=\"image\/jpeg\" \/>\n<meta name=\"author\" content=\"Puebla EnLinea\" \/>\n<meta name=\"twitter:card\" content=\"summary_large_image\" \/>\n<meta name=\"twitter:label1\" content=\"Escrito por\" \/>\n\t<meta name=\"twitter:data1\" content=\"Puebla EnLinea\" \/>\n\t<meta name=\"twitter:label2\" content=\"Tiempo de lectura\" \/>\n\t<meta name=\"twitter:data2\" content=\"3 minutos\" \/>\n<script type=\"application\/ld+json\" class=\"yoast-schema-graph\">{\"@context\":\"https:\\\/\\\/schema.org\",\"@graph\":[{\"@type\":\"Article\",\"@id\":\"https:\\\/\\\/pueblaenlinea.com\\\/2025\\\/puebla\\\/bots-contra-el-cablebus-gobierno-de-puebla-denuncia-red-artificial-para-inflar-rechazo-al-proyecto\\\/#article\",\"isPartOf\":{\"@id\":\"https:\\\/\\\/pueblaenlinea.com\\\/2025\\\/puebla\\\/bots-contra-el-cablebus-gobierno-de-puebla-denuncia-red-artificial-para-inflar-rechazo-al-proyecto\\\/\"},\"author\":{\"name\":\"Puebla EnLinea\",\"@id\":\"https:\\\/\\\/pueblaenlinea.com\\\/2025\\\/#\\\/schema\\\/person\\\/6e2e07bc4690564243accbe893d21877\"},\"headline\":\"\u00bfBots contra el Cableb\u00fas? Gobierno de Puebla denuncia red artificial para inflar rechazo al proyecto\",\"datePublished\":\"2026-09-03T23:37:01+00:00\",\"dateModified\":\"2026-09-03T23:37:02+00:00\",\"mainEntityOfPage\":{\"@id\":\"https:\\\/\\\/pueblaenlinea.com\\\/2025\\\/puebla\\\/bots-contra-el-cablebus-gobierno-de-puebla-denuncia-red-artificial-para-inflar-rechazo-al-proyecto\\\/\"},\"wordCount\":583,\"image\":{\"@id\":\"https:\\\/\\\/pueblaenlinea.com\\\/2025\\\/puebla\\\/bots-contra-el-cablebus-gobierno-de-puebla-denuncia-red-artificial-para-inflar-rechazo-al-proyecto\\\/#primaryimage\"},\"thumbnailUrl\":\"https:\\\/\\\/pueblaenlinea.com\\\/2025\\\/wp-content\\\/uploads\\\/2026\\\/09\\\/pel-2.jpg\",\"articleSection\":[\"Puebla\"],\"inLanguage\":\"es\"},{\"@type\":\"WebPage\",\"@id\":\"https:\\\/\\\/pueblaenlinea.com\\\/2025\\\/puebla\\\/bots-contra-el-cablebus-gobierno-de-puebla-denuncia-red-artificial-para-inflar-rechazo-al-proyecto\\\/\",\"url\":\"https:\\\/\\\/pueblaenlinea.com\\\/2025\\\/puebla\\\/bots-contra-el-cablebus-gobierno-de-puebla-denuncia-red-artificial-para-inflar-rechazo-al-proyecto\\\/\",\"name\":\"\u00bfBots contra el Cableb\u00fas? Gobierno de Puebla denuncia red artificial para inflar rechazo al proyecto - Puebla En Linea\",\"isPartOf\":{\"@id\":\"https:\\\/\\\/pueblaenlinea.com\\\/2025\\\/#website\"},\"primaryImageOfPage\":{\"@id\":\"https:\\\/\\\/pueblaenlinea.com\\\/2025\\\/puebla\\\/bots-contra-el-cablebus-gobierno-de-puebla-denuncia-red-artificial-para-inflar-rechazo-al-proyecto\\\/#primaryimage\"},\"image\":{\"@id\":\"https:\\\/\\\/pueblaenlinea.com\\\/2025\\\/puebla\\\/bots-contra-el-cablebus-gobierno-de-puebla-denuncia-red-artificial-para-inflar-rechazo-al-proyecto\\\/#primaryimage\"},\"thumbnailUrl\":\"https:\\\/\\\/pueblaenlinea.com\\\/2025\\\/wp-content\\\/uploads\\\/2026\\\/09\\\/pel-2.jpg\",\"datePublished\":\"2026-09-03T23:37:01+00:00\",\"dateModified\":\"2026-09-03T23:37:02+00:00\",\"author\":{\"@id\":\"https:\\\/\\\/pueblaenlinea.com\\\/2025\\\/#\\\/schema\\\/person\\\/6e2e07bc4690564243accbe893d21877\"},\"description\":\"\u00bfBots contra el Cableb\u00fas? Gobierno de Puebla denuncia red artificial para inflar rechazo al proyecto Puebla\",\"breadcrumb\":{\"@id\":\"https:\\\/\\\/pueblaenlinea.com\\\/2025\\\/puebla\\\/bots-contra-el-cablebus-gobierno-de-puebla-denuncia-red-artificial-para-inflar-rechazo-al-proyecto\\\/#breadcrumb\"},\"inLanguage\":\"es\",\"potentialAction\":[{\"@type\":\"ReadAction\",\"target\":[\"https:\\\/\\\/pueblaenlinea.com\\\/2025\\\/puebla\\\/bots-contra-el-cablebus-gobierno-de-puebla-denuncia-red-artificial-para-inflar-rechazo-al-proyecto\\\/\"]}]},{\"@type\":\"ImageObject\",\"inLanguage\":\"es\",\"@id\":\"https:\\\/\\\/pueblaenlinea.com\\\/2025\\\/puebla\\\/bots-contra-el-cablebus-gobierno-de-puebla-denuncia-red-artificial-para-inflar-rechazo-al-proyecto\\\/#primaryimage\",\"url\":\"https:\\\/\\\/pueblaenlinea.com\\\/2025\\\/wp-content\\\/uploads\\\/2026\\\/09\\\/pel-2.jpg\",\"contentUrl\":\"https:\\\/\\\/pueblaenlinea.com\\\/2025\\\/wp-content\\\/uploads\\\/2026\\\/09\\\/pel-2.jpg\",\"width\":1200,\"height\":674,\"caption\":\"botsvscablebus\"},{\"@type\":\"BreadcrumbList\",\"@id\":\"https:\\\/\\\/pueblaenlinea.com\\\/2025\\\/puebla\\\/bots-contra-el-cablebus-gobierno-de-puebla-denuncia-red-artificial-para-inflar-rechazo-al-proyecto\\\/#breadcrumb\",\"itemListElement\":[{\"@type\":\"ListItem\",\"position\":1,\"name\":\"Inicio\",\"item\":\"https:\\\/\\\/pueblaenlinea.com\\\/2025\\\/\"},{\"@type\":\"ListItem\",\"position\":2,\"name\":\"\u00bfBots contra el Cableb\u00fas? Gobierno de Puebla denuncia red artificial para inflar rechazo al proyecto\"}]},{\"@type\":\"WebSite\",\"@id\":\"https:\\\/\\\/pueblaenlinea.com\\\/2025\\\/#website\",\"url\":\"https:\\\/\\\/pueblaenlinea.com\\\/2025\\\/\",\"name\":\"Puebla En Linea\",\"description\":\"noticias de puebla, periodismo serio y comprometido.\",\"potentialAction\":[{\"@type\":\"SearchAction\",\"target\":{\"@type\":\"EntryPoint\",\"urlTemplate\":\"https:\\\/\\\/pueblaenlinea.com\\\/2025\\\/?s={search_term_string}\"},\"query-input\":{\"@type\":\"PropertyValueSpecification\",\"valueRequired\":true,\"valueName\":\"search_term_string\"}}],\"inLanguage\":\"es\"},{\"@type\":\"Person\",\"@id\":\"https:\\\/\\\/pueblaenlinea.com\\\/2025\\\/#\\\/schema\\\/person\\\/6e2e07bc4690564243accbe893d21877\",\"name\":\"Puebla EnLinea\",\"image\":{\"@type\":\"ImageObject\",\"inLanguage\":\"es\",\"@id\":\"https:\\\/\\\/pueblaenlinea.com\\\/2025\\\/wp-content\\\/litespeed\\\/avatar\\\/3b8bde7acb3c32a2512cab1d325df9d8.jpg?ver=1788290368\",\"url\":\"https:\\\/\\\/pueblaenlinea.com\\\/2025\\\/wp-content\\\/litespeed\\\/avatar\\\/3b8bde7acb3c32a2512cab1d325df9d8.jpg?ver=1788290368\",\"contentUrl\":\"https:\\\/\\\/pueblaenlinea.com\\\/2025\\\/wp-content\\\/litespeed\\\/avatar\\\/3b8bde7acb3c32a2512cab1d325df9d8.jpg?ver=1788290368\",\"caption\":\"Puebla EnLinea\"},\"url\":\"https:\\\/\\\/pueblaenlinea.com\\\/2025\\\/author\\\/pueblaenlinea\\\/\"}]}<\/script>\n<!-- \/ Yoast SEO plugin. -->","yoast_head_json":{"title":"\u00bfBots contra el Cableb\u00fas? Gobierno de Puebla denuncia red artificial para inflar rechazo al proyecto - Puebla En Linea","description":"\u00bfBots contra el Cableb\u00fas? Gobierno de Puebla denuncia red artificial para inflar rechazo al proyecto Puebla","robots":{"index":"index","follow":"follow","max-snippet":"max-snippet:-1","max-image-preview":"max-image-preview:large","max-video-preview":"max-video-preview:-1"},"canonical":"https:\/\/pueblaenlinea.com\/2025\/puebla\/bots-contra-el-cablebus-gobierno-de-puebla-denuncia-red-artificial-para-inflar-rechazo-al-proyecto\/","og_locale":"es_MX","og_type":"article","og_title":"\u00bfBots contra el Cableb\u00fas? Gobierno de Puebla denuncia red artificial para inflar rechazo al proyecto - Puebla En Linea","og_description":"\u00bfBots contra el Cableb\u00fas? Gobierno de Puebla denuncia red artificial para inflar rechazo al proyecto Puebla","og_url":"https:\/\/pueblaenlinea.com\/2025\/puebla\/bots-contra-el-cablebus-gobierno-de-puebla-denuncia-red-artificial-para-inflar-rechazo-al-proyecto\/","og_site_name":"Puebla En Linea","article_publisher":"https:\/\/www.facebook.com\/pueblaenlineacom","article_published_time":"2026-09-03T23:37:01+00:00","article_modified_time":"2026-09-03T23:37:02+00:00","og_image":[{"width":1200,"height":674,"url":"https:\/\/pueblaenlinea.com\/2025\/wp-content\/uploads\/2026\/09\/pel-2.jpg","type":"image\/jpeg"}],"author":"Puebla EnLinea","twitter_card":"summary_large_image","twitter_misc":{"Escrito por":"Puebla EnLinea","Tiempo de lectura":"3 minutos"},"schema":{"@context":"https:\/\/schema.org","@graph":[{"@type":"Article","@id":"https:\/\/pueblaenlinea.com\/2025\/puebla\/bots-contra-el-cablebus-gobierno-de-puebla-denuncia-red-artificial-para-inflar-rechazo-al-proyecto\/#article","isPartOf":{"@id":"https:\/\/pueblaenlinea.com\/2025\/puebla\/bots-contra-el-cablebus-gobierno-de-puebla-denuncia-red-artificial-para-inflar-rechazo-al-proyecto\/"},"author":{"name":"Puebla EnLinea","@id":"https:\/\/pueblaenlinea.com\/2025\/#\/schema\/person\/6e2e07bc4690564243accbe893d21877"},"headline":"\u00bfBots contra el Cableb\u00fas? Gobierno de Puebla denuncia red artificial para inflar rechazo al proyecto","datePublished":"2026-09-03T23:37:01+00:00","dateModified":"2026-09-03T23:37:02+00:00","mainEntityOfPage":{"@id":"https:\/\/pueblaenlinea.com\/2025\/puebla\/bots-contra-el-cablebus-gobierno-de-puebla-denuncia-red-artificial-para-inflar-rechazo-al-proyecto\/"},"wordCount":583,"image":{"@id":"https:\/\/pueblaenlinea.com\/2025\/puebla\/bots-contra-el-cablebus-gobierno-de-puebla-denuncia-red-artificial-para-inflar-rechazo-al-proyecto\/#primaryimage"},"thumbnailUrl":"https:\/\/pueblaenlinea.com\/2025\/wp-content\/uploads\/2026\/09\/pel-2.jpg","articleSection":["Puebla"],"inLanguage":"es"},{"@type":"WebPage","@id":"https:\/\/pueblaenlinea.com\/2025\/puebla\/bots-contra-el-cablebus-gobierno-de-puebla-denuncia-red-artificial-para-inflar-rechazo-al-proyecto\/","url":"https:\/\/pueblaenlinea.com\/2025\/puebla\/bots-contra-el-cablebus-gobierno-de-puebla-denuncia-red-artificial-para-inflar-rechazo-al-proyecto\/","name":"\u00bfBots contra el Cableb\u00fas? Gobierno de Puebla denuncia red artificial para inflar rechazo al proyecto - Puebla En Linea","isPartOf":{"@id":"https:\/\/pueblaenlinea.com\/2025\/#website"},"primaryImageOfPage":{"@id":"https:\/\/pueblaenlinea.com\/2025\/puebla\/bots-contra-el-cablebus-gobierno-de-puebla-denuncia-red-artificial-para-inflar-rechazo-al-proyecto\/#primaryimage"},"image":{"@id":"https:\/\/pueblaenlinea.com\/2025\/puebla\/bots-contra-el-cablebus-gobierno-de-puebla-denuncia-red-artificial-para-inflar-rechazo-al-proyecto\/#primaryimage"},"thumbnailUrl":"https:\/\/pueblaenlinea.com\/2025\/wp-content\/uploads\/2026\/09\/pel-2.jpg","datePublished":"2026-09-03T23:37:01+00:00","dateModified":"2026-09-03T23:37:02+00:00","author":{"@id":"https:\/\/pueblaenlinea.com\/2025\/#\/schema\/person\/6e2e07bc4690564243accbe893d21877"},"description":"\u00bfBots contra el Cableb\u00fas? Gobierno de Puebla denuncia red artificial para inflar rechazo al proyecto Puebla","breadcrumb":{"@id":"https:\/\/pueblaenlinea.com\/2025\/puebla\/bots-contra-el-cablebus-gobierno-de-puebla-denuncia-red-artificial-para-inflar-rechazo-al-proyecto\/#breadcrumb"},"inLanguage":"es","potentialAction":[{"@type":"ReadAction","target":["https:\/\/pueblaenlinea.com\/2025\/puebla\/bots-contra-el-cablebus-gobierno-de-puebla-denuncia-red-artificial-para-inflar-rechazo-al-proyecto\/"]}]},{"@type":"ImageObject","inLanguage":"es","@id":"https:\/\/pueblaenlinea.com\/2025\/puebla\/bots-contra-el-cablebus-gobierno-de-puebla-denuncia-red-artificial-para-inflar-rechazo-al-proyecto\/#primaryimage","url":"https:\/\/pueblaenlinea.com\/2025\/wp-content\/uploads\/2026\/09\/pel-2.jpg","contentUrl":"https:\/\/pueblaenlinea.com\/2025\/wp-content\/uploads\/2026\/09\/pel-2.jpg","width":1200,"height":674,"caption":"botsvscablebus"},{"@type":"BreadcrumbList","@id":"https:\/\/pueblaenlinea.com\/2025\/puebla\/bots-contra-el-cablebus-gobierno-de-puebla-denuncia-red-artificial-para-inflar-rechazo-al-proyecto\/#breadcrumb","itemListElement":[{"@type":"ListItem","position":1,"name":"Inicio","item":"https:\/\/pueblaenlinea.com\/2025\/"},{"@type":"ListItem","position":2,"name":"\u00bfBots contra el Cableb\u00fas? Gobierno de Puebla denuncia red artificial para inflar rechazo al proyecto"}]},{"@type":"WebSite","@id":"https:\/\/pueblaenlinea.com\/2025\/#website","url":"https:\/\/pueblaenlinea.com\/2025\/","name":"Puebla En Linea","description":"noticias de puebla, periodismo serio y comprometido.","potentialAction":[{"@type":"SearchAction","target":{"@type":"EntryPoint","urlTemplate":"https:\/\/pueblaenlinea.com\/2025\/?s={search_term_string}"},"query-input":{"@type":"PropertyValueSpecification","valueRequired":true,"valueName":"search_term_string"}}],"inLanguage":"es"},{"@type":"Person","@id":"https:\/\/pueblaenlinea.com\/2025\/#\/schema\/person\/6e2e07bc4690564243accbe893d21877","name":"Puebla EnLinea","image":{"@type":"ImageObject","inLanguage":"es","@id":"https:\/\/pueblaenlinea.com\/2025\/wp-content\/litespeed\/avatar\/3b8bde7acb3c32a2512cab1d325df9d8.jpg?ver=1788290368","url":"https:\/\/pueblaenlinea.com\/2025\/wp-content\/litespeed\/avatar\/3b8bde7acb3c32a2512cab1d325df9d8.jpg?ver=1788290368","contentUrl":"https:\/\/pueblaenlinea.com\/2025\/wp-content\/litespeed\/avatar\/3b8bde7acb3c32a2512cab1d325df9d8.jpg?ver=1788290368","caption":"Puebla EnLinea"},"url":"https:\/\/pueblaenlinea.com\/2025\/author\/pueblaenlinea\/"}]}},"_links":{"self":[{"href":"https:\/\/pueblaenlinea.com\/2025\/wp-json\/wp\/v2\/posts\/134853","targetHints":{"allow":["GET"]}}],"collection":[{"href":"https:\/\/pueblaenlinea.com\/2025\/wp-json\/wp\/v2\/posts"}],"about":[{"href":"https:\/\/pueblaenlinea.com\/2025\/wp-json\/wp\/v2\/types\/post"}],"author":[{"embeddable":true,"href":"https:\/\/pueblaenlinea.com\/2025\/wp-json\/wp\/v2\/users\/2"}],"replies":[{"embeddable":true,"href":"https:\/\/pueblaenlinea.com\/2025\/wp-json\/wp\/v2\/comments?post=134853"}],"version-history":[{"count":0,"href":"https:\/\/pueblaenlinea.com\/2025\/wp-json\/wp\/v2\/posts\/134853\/revisions"}],"wp:featuredmedia":[{"embeddable":true,"href":"https:\/\/pueblaenlinea.com\/2025\/wp-json\/wp\/v2\/media\/134854"}],"wp:attachment":[{"href":"https:\/\/pueblaenlinea.com\/2025\/wp-json\/wp\/v2\/media?parent=134853"}],"wp:term":[{"taxonomy":"category","embeddable":true,"href":"https:\/\/pueblaenlinea.com\/2025\/wp-json\/wp\/v2\/categories?post=134853"},{"taxonomy":"post_tag","embeddable":true,"href":"https:\/\/pueblaenlinea.com\/2025\/wp-json\/wp\/v2\/tags?post=134853"}],"curies":[{"name":"wp","href":"https:\/\/api.w.org\/{rel}","templated":true}]}}