{"id":134851,"date":"2026-09-03T17:31:57","date_gmt":"2026-09-03T23:31:57","guid":{"rendered":"https:\/\/pueblaenlinea.com\/2025\/?p=134851"},"modified":"2026-09-03T17:31:58","modified_gmt":"2026-09-03T23:31:58","slug":"por-que-se-escondia-en-puebla-cae-el-amarillo-en-cluster-de-lomas-de-angelopolis","status":"publish","type":"post","link":"https:\/\/pueblaenlinea.com\/2025\/nota-roja\/por-que-se-escondia-en-puebla-cae-el-amarillo-en-cluster-de-lomas-de-angelopolis\/","title":{"rendered":"\u00bfPor qu\u00e9 se escond\u00eda en Puebla? Cae &#8220;El Amarillo&#8221; en cl\u00faster de Lomas de Angel\u00f3polis"},"content":{"rendered":"\n<p class=\"wp-block-paragraph\">Los muros de cristal y los estrictos filtros de seguridad de los fraccionamientos m\u00e1s exclusivos a menudo sirven de poco cuando el verdadero rostro del hampa busca un lugar donde desaparecer. Puebla, con su vocaci\u00f3n de aparente refugio y su estrat\u00e9gica cercan\u00eda geogr\u00e1fica, volvi\u00f3 a confirmar su inc\u00f3moda condici\u00f3n hist\u00f3rica de &#8220;estado santuario&#8221; para perfiles criminales de alto voltaje venidos de otras latitudes.<\/p>\n\n\n\n<p class=\"wp-block-paragraph\">La madrugada de este jueves, el cl\u00faster El Cairo, ubicado en la cotizada zona de Lomas de Angel\u00f3polis, dej\u00f3 de ser el apacible rinc\u00f3n residencial que sus habitantes conoc\u00edan cuando un certero despliegue federal consum\u00f3 la captura de Gov\u00e9n Ulises \u201cN\u201d, alias \u201cEl Amarillo\u201d.<\/p>\n\n\n\n<p class=\"wp-block-paragraph\"><strong>Puntos clave de la detenci\u00f3n en Lomas de Angel\u00f3polis<\/strong><\/p>\n\n\n\n<ul class=\"wp-block-list\">\n<li><strong>El objetivo:<\/strong> Gov\u00e9n Ulises \u201cN\u201d, alias \u201cEl Amarillo\u201d, se\u00f1alado como l\u00edder criminal con operaciones principales centradas en el estado de Guerrero.<\/li>\n\n\n\n<li><strong>El refugio:<\/strong> La Secretar\u00eda de Seguridad P\u00fablica (SSP) confirm\u00f3 que el presunto delincuente llevaba aproximadamente un mes ocult\u00e1ndose en la zona conurbada poblana.<\/li>\n\n\n\n<li><strong>La operaci\u00f3n:<\/strong> Detenci\u00f3n efectuada durante la madrugada mediante un operativo federal ejecutado con el apoyo de inteligencia de la FGE y corporaciones estatales.<\/li>\n\n\n\n<li><strong>L\u00ednea de investigaci\u00f3n:<\/strong> Las autoridades estatales se\u00f1alaron preliminarmente que utilizaba la entidad exclusivamente como escondite para evadir a la justicia, sin indicios de que operara redes delictivas locales.<\/li>\n\n\n\n<li><strong>El factor geogr\u00e1fico:<\/strong> La cercan\u00eda estrat\u00e9gica con Guerrero facilit\u00f3 su repliegue sigiloso hacia territorio poblano para pasar desapercibido.<\/li>\n<\/ul>\n\n\n\n<p class=\"wp-block-paragraph\">Seg\u00fan detall\u00f3 el titular de la SSP, la presencia de \u201cEl Amarillo\u201d ya estaba bajo el radar de las \u00e1reas de investigaci\u00f3n desde hace cuatro semanas. Aunque el funcionario matiz\u00f3 que no existen pruebas de que el sujeto encabezara c\u00e9lulas delictivas en Puebla, el caso revive un fantasma recurrente: la predilecci\u00f3n de las organizaciones criminales por establecerse con perfil bajo en zonas residenciales poblanas para eludir las pesquisas de sus estados de origen.<\/p>\n\n\n\n<p class=\"wp-block-paragraph\">La ilusi\u00f3n de que el costo inmobiliario o las casetas de acceso privado garantizan inmunidad se desmorona cada vez que un operativo t\u00e1ctico de esta magnitud sacude la tranquilidad de la zona metropolitana.<\/p>\n\n\n\n<p class=\"wp-block-paragraph\">Si quieres seguir esta y otras notas de inter\u00e9s en tiempo real, \u00fanete a nuestro canal de WhatsApp: <a target=\"_blank\" rel=\"noopener\" href=\"https:\/\/whatsapp.com\/channel\/0029Va5CSyuEQIalZaJWpX1h\">https:\/\/whatsapp.com\/channel\/0029Va5CSyuEQIalZaJWpX1h<\/a><\/p>\n\n\n\n<p class=\"wp-block-paragraph\">El estatus de Puebla como un corredor de tr\u00e1nsito y repliegue exige una vigilancia institucional mucho m\u00e1s aguda. Ninguna ciudad puede permitirse ser el santuario silencioso de quienes huyen de sus propias tormentas delictivas, pues la paz de una comunidad se fractura en el mismo instante en que el crimen cruza sus fronteras disfrazado de vecino silencioso.<\/p>\n\n\n\n<p class=\"wp-block-paragraph\">Escrito por Redacci\u00f3n Puebla En L\u00ednea<\/p>\n\n\n\n<p class=\"wp-block-paragraph\"><strong> <\/strong><\/p>\n\n\n\n<ol start=\"1\" class=\"wp-block-list\">\n<li>\u00bfPor qu\u00e9 se escond\u00eda en Puebla? Cae &#8220;El Amarillo&#8221; en cl\u00faster de Lomas de Angel\u00f3polis<\/li>\n\n\n\n<li>Lomas de Angel\u00f3polis como refugio: Detienen en operativo federal a presunto l\u00edder criminal de Guerrero<\/li>\n\n\n\n<li>El estado santuario: SSP revela detalles de la captura de Gov\u00e9n Ulises &#8220;N&#8221; en Puebla<\/li>\n\n\n\n<li>Operativo federal en El Cairo: As\u00ed fue la captura de &#8220;El Amarillo&#8221; en la zona conurbada<\/li>\n\n\n\n<li>De Guerrero a Puebla: Cae presunto criminal que se ocultaba en zona residencial exclusiva<\/li>\n<\/ol>\n\n\n\n<p class=\"wp-block-paragraph\"> <\/p>\n","protected":false},"excerpt":{"rendered":"<p>Los muros de cristal y los estrictos filtros de seguridad de los fraccionamientos m\u00e1s exclusivos a menudo sirven de poco cuando el verdadero rostro del hampa busca un lugar donde desaparecer. Puebla, con su vocaci\u00f3n de aparente refugio y su estrat\u00e9gica cercan\u00eda geogr\u00e1fica, volvi\u00f3 a confirmar su inc\u00f3moda condici\u00f3n hist\u00f3rica de &#8220;estado santuario&#8221; para perfiles&#8230;<\/p>\n","protected":false},"author":2,"featured_media":134852,"comment_status":"closed","ping_status":"closed","sticky":false,"template":"","format":"standard","meta":{"footnotes":""},"categories":[24],"tags":[1400],"class_list":["post-134851","post","type-post","status-publish","format-standard","has-post-thumbnail","hentry","category-nota-roja","tag-detenidos"],"yoast_head":"<!-- This site is optimized with the Yoast SEO plugin v28.4 - https:\/\/yoast.com\/product\/yoast-seo-wordpress\/ -->\n<title>\u00bfPor qu\u00e9 se escond\u00eda en Puebla? Cae &quot;El Amarillo&quot; en cl\u00faster de Lomas de Angel\u00f3polis - Puebla En Linea<\/title>\n<meta name=\"description\" content=\"\u00bfPor qu\u00e9 se escond\u00eda en Puebla? Cae &quot;El Amarillo&quot; en cl\u00faster de Lomas de Angel\u00f3polis Nota Roja\" \/>\n<meta name=\"robots\" content=\"index, follow, max-snippet:-1, max-image-preview:large, max-video-preview:-1\" \/>\n<link rel=\"canonical\" href=\"https:\/\/pueblaenlinea.com\/2025\/nota-roja\/por-que-se-escondia-en-puebla-cae-el-amarillo-en-cluster-de-lomas-de-angelopolis\/\" \/>\n<meta property=\"og:locale\" content=\"es_MX\" \/>\n<meta property=\"og:type\" content=\"article\" \/>\n<meta property=\"og:title\" content=\"\u00bfPor qu\u00e9 se escond\u00eda en Puebla? Cae &quot;El Amarillo&quot; en cl\u00faster de Lomas de Angel\u00f3polis - Puebla En Linea\" \/>\n<meta property=\"og:description\" content=\"\u00bfPor qu\u00e9 se escond\u00eda en Puebla? Cae &quot;El Amarillo&quot; en cl\u00faster de Lomas de Angel\u00f3polis Nota Roja\" \/>\n<meta property=\"og:url\" content=\"https:\/\/pueblaenlinea.com\/2025\/nota-roja\/por-que-se-escondia-en-puebla-cae-el-amarillo-en-cluster-de-lomas-de-angelopolis\/\" \/>\n<meta property=\"og:site_name\" content=\"Puebla En Linea\" \/>\n<meta property=\"article:publisher\" content=\"https:\/\/www.facebook.com\/pueblaenlineacom\" \/>\n<meta property=\"article:published_time\" content=\"2026-09-03T23:31:57+00:00\" \/>\n<meta property=\"article:modified_time\" content=\"2026-09-03T23:31:58+00:00\" \/>\n<meta property=\"og:image\" content=\"https:\/\/pueblaenlinea.com\/2025\/wp-content\/uploads\/2026\/09\/pel-1.jpg\" \/>\n\t<meta property=\"og:image:width\" content=\"1200\" \/>\n\t<meta property=\"og:image:height\" content=\"674\" \/>\n\t<meta property=\"og:image:type\" content=\"image\/jpeg\" \/>\n<meta name=\"author\" content=\"Puebla EnLinea\" \/>\n<meta name=\"twitter:card\" content=\"summary_large_image\" \/>\n<meta name=\"twitter:label1\" content=\"Escrito por\" \/>\n\t<meta name=\"twitter:data1\" content=\"Puebla EnLinea\" \/>\n\t<meta name=\"twitter:label2\" content=\"Tiempo de lectura\" \/>\n\t<meta name=\"twitter:data2\" content=\"3 minutos\" \/>\n<script type=\"application\/ld+json\" class=\"yoast-schema-graph\">{\"@context\":\"https:\\\/\\\/schema.org\",\"@graph\":[{\"@type\":\"Article\",\"@id\":\"https:\\\/\\\/pueblaenlinea.com\\\/2025\\\/nota-roja\\\/por-que-se-escondia-en-puebla-cae-el-amarillo-en-cluster-de-lomas-de-angelopolis\\\/#article\",\"isPartOf\":{\"@id\":\"https:\\\/\\\/pueblaenlinea.com\\\/2025\\\/nota-roja\\\/por-que-se-escondia-en-puebla-cae-el-amarillo-en-cluster-de-lomas-de-angelopolis\\\/\"},\"author\":{\"name\":\"Puebla EnLinea\",\"@id\":\"https:\\\/\\\/pueblaenlinea.com\\\/2025\\\/#\\\/schema\\\/person\\\/6e2e07bc4690564243accbe893d21877\"},\"headline\":\"\u00bfPor qu\u00e9 se escond\u00eda en Puebla? Cae &#8220;El Amarillo&#8221; en cl\u00faster de Lomas de Angel\u00f3polis\",\"datePublished\":\"2026-09-03T23:31:57+00:00\",\"dateModified\":\"2026-09-03T23:31:58+00:00\",\"mainEntityOfPage\":{\"@id\":\"https:\\\/\\\/pueblaenlinea.com\\\/2025\\\/nota-roja\\\/por-que-se-escondia-en-puebla-cae-el-amarillo-en-cluster-de-lomas-de-angelopolis\\\/\"},\"wordCount\":562,\"image\":{\"@id\":\"https:\\\/\\\/pueblaenlinea.com\\\/2025\\\/nota-roja\\\/por-que-se-escondia-en-puebla-cae-el-amarillo-en-cluster-de-lomas-de-angelopolis\\\/#primaryimage\"},\"thumbnailUrl\":\"https:\\\/\\\/pueblaenlinea.com\\\/2025\\\/wp-content\\\/uploads\\\/2026\\\/09\\\/pel-1.jpg\",\"keywords\":[\"detenidos\"],\"articleSection\":[\"Nota Roja\"],\"inLanguage\":\"es\"},{\"@type\":\"WebPage\",\"@id\":\"https:\\\/\\\/pueblaenlinea.com\\\/2025\\\/nota-roja\\\/por-que-se-escondia-en-puebla-cae-el-amarillo-en-cluster-de-lomas-de-angelopolis\\\/\",\"url\":\"https:\\\/\\\/pueblaenlinea.com\\\/2025\\\/nota-roja\\\/por-que-se-escondia-en-puebla-cae-el-amarillo-en-cluster-de-lomas-de-angelopolis\\\/\",\"name\":\"\u00bfPor qu\u00e9 se escond\u00eda en Puebla? Cae \\\"El Amarillo\\\" en cl\u00faster de Lomas de Angel\u00f3polis - Puebla En Linea\",\"isPartOf\":{\"@id\":\"https:\\\/\\\/pueblaenlinea.com\\\/2025\\\/#website\"},\"primaryImageOfPage\":{\"@id\":\"https:\\\/\\\/pueblaenlinea.com\\\/2025\\\/nota-roja\\\/por-que-se-escondia-en-puebla-cae-el-amarillo-en-cluster-de-lomas-de-angelopolis\\\/#primaryimage\"},\"image\":{\"@id\":\"https:\\\/\\\/pueblaenlinea.com\\\/2025\\\/nota-roja\\\/por-que-se-escondia-en-puebla-cae-el-amarillo-en-cluster-de-lomas-de-angelopolis\\\/#primaryimage\"},\"thumbnailUrl\":\"https:\\\/\\\/pueblaenlinea.com\\\/2025\\\/wp-content\\\/uploads\\\/2026\\\/09\\\/pel-1.jpg\",\"datePublished\":\"2026-09-03T23:31:57+00:00\",\"dateModified\":\"2026-09-03T23:31:58+00:00\",\"author\":{\"@id\":\"https:\\\/\\\/pueblaenlinea.com\\\/2025\\\/#\\\/schema\\\/person\\\/6e2e07bc4690564243accbe893d21877\"},\"description\":\"\u00bfPor qu\u00e9 se escond\u00eda en Puebla? Cae \\\"El Amarillo\\\" en cl\u00faster de Lomas de Angel\u00f3polis Nota Roja\",\"breadcrumb\":{\"@id\":\"https:\\\/\\\/pueblaenlinea.com\\\/2025\\\/nota-roja\\\/por-que-se-escondia-en-puebla-cae-el-amarillo-en-cluster-de-lomas-de-angelopolis\\\/#breadcrumb\"},\"inLanguage\":\"es\",\"potentialAction\":[{\"@type\":\"ReadAction\",\"target\":[\"https:\\\/\\\/pueblaenlinea.com\\\/2025\\\/nota-roja\\\/por-que-se-escondia-en-puebla-cae-el-amarillo-en-cluster-de-lomas-de-angelopolis\\\/\"]}]},{\"@type\":\"ImageObject\",\"inLanguage\":\"es\",\"@id\":\"https:\\\/\\\/pueblaenlinea.com\\\/2025\\\/nota-roja\\\/por-que-se-escondia-en-puebla-cae-el-amarillo-en-cluster-de-lomas-de-angelopolis\\\/#primaryimage\",\"url\":\"https:\\\/\\\/pueblaenlinea.com\\\/2025\\\/wp-content\\\/uploads\\\/2026\\\/09\\\/pel-1.jpg\",\"contentUrl\":\"https:\\\/\\\/pueblaenlinea.com\\\/2025\\\/wp-content\\\/uploads\\\/2026\\\/09\\\/pel-1.jpg\",\"width\":1200,\"height\":674,\"caption\":\"elamarillo\"},{\"@type\":\"BreadcrumbList\",\"@id\":\"https:\\\/\\\/pueblaenlinea.com\\\/2025\\\/nota-roja\\\/por-que-se-escondia-en-puebla-cae-el-amarillo-en-cluster-de-lomas-de-angelopolis\\\/#breadcrumb\",\"itemListElement\":[{\"@type\":\"ListItem\",\"position\":1,\"name\":\"Inicio\",\"item\":\"https:\\\/\\\/pueblaenlinea.com\\\/2025\\\/\"},{\"@type\":\"ListItem\",\"position\":2,\"name\":\"\u00bfPor qu\u00e9 se escond\u00eda en Puebla? Cae &#8220;El Amarillo&#8221; en cl\u00faster de Lomas de Angel\u00f3polis\"}]},{\"@type\":\"WebSite\",\"@id\":\"https:\\\/\\\/pueblaenlinea.com\\\/2025\\\/#website\",\"url\":\"https:\\\/\\\/pueblaenlinea.com\\\/2025\\\/\",\"name\":\"Puebla En Linea\",\"description\":\"noticias de puebla, periodismo serio y comprometido.\",\"potentialAction\":[{\"@type\":\"SearchAction\",\"target\":{\"@type\":\"EntryPoint\",\"urlTemplate\":\"https:\\\/\\\/pueblaenlinea.com\\\/2025\\\/?s={search_term_string}\"},\"query-input\":{\"@type\":\"PropertyValueSpecification\",\"valueRequired\":true,\"valueName\":\"search_term_string\"}}],\"inLanguage\":\"es\"},{\"@type\":\"Person\",\"@id\":\"https:\\\/\\\/pueblaenlinea.com\\\/2025\\\/#\\\/schema\\\/person\\\/6e2e07bc4690564243accbe893d21877\",\"name\":\"Puebla EnLinea\",\"image\":{\"@type\":\"ImageObject\",\"inLanguage\":\"es\",\"@id\":\"https:\\\/\\\/pueblaenlinea.com\\\/2025\\\/wp-content\\\/litespeed\\\/avatar\\\/3b8bde7acb3c32a2512cab1d325df9d8.jpg?ver=1788290368\",\"url\":\"https:\\\/\\\/pueblaenlinea.com\\\/2025\\\/wp-content\\\/litespeed\\\/avatar\\\/3b8bde7acb3c32a2512cab1d325df9d8.jpg?ver=1788290368\",\"contentUrl\":\"https:\\\/\\\/pueblaenlinea.com\\\/2025\\\/wp-content\\\/litespeed\\\/avatar\\\/3b8bde7acb3c32a2512cab1d325df9d8.jpg?ver=1788290368\",\"caption\":\"Puebla EnLinea\"},\"url\":\"https:\\\/\\\/pueblaenlinea.com\\\/2025\\\/author\\\/pueblaenlinea\\\/\"}]}<\/script>\n<!-- \/ Yoast SEO plugin. -->","yoast_head_json":{"title":"\u00bfPor qu\u00e9 se escond\u00eda en Puebla? Cae \"El Amarillo\" en cl\u00faster de Lomas de Angel\u00f3polis - Puebla En Linea","description":"\u00bfPor qu\u00e9 se escond\u00eda en Puebla? Cae \"El Amarillo\" en cl\u00faster de Lomas de Angel\u00f3polis Nota Roja","robots":{"index":"index","follow":"follow","max-snippet":"max-snippet:-1","max-image-preview":"max-image-preview:large","max-video-preview":"max-video-preview:-1"},"canonical":"https:\/\/pueblaenlinea.com\/2025\/nota-roja\/por-que-se-escondia-en-puebla-cae-el-amarillo-en-cluster-de-lomas-de-angelopolis\/","og_locale":"es_MX","og_type":"article","og_title":"\u00bfPor qu\u00e9 se escond\u00eda en Puebla? Cae \"El Amarillo\" en cl\u00faster de Lomas de Angel\u00f3polis - Puebla En Linea","og_description":"\u00bfPor qu\u00e9 se escond\u00eda en Puebla? Cae \"El Amarillo\" en cl\u00faster de Lomas de Angel\u00f3polis Nota Roja","og_url":"https:\/\/pueblaenlinea.com\/2025\/nota-roja\/por-que-se-escondia-en-puebla-cae-el-amarillo-en-cluster-de-lomas-de-angelopolis\/","og_site_name":"Puebla En Linea","article_publisher":"https:\/\/www.facebook.com\/pueblaenlineacom","article_published_time":"2026-09-03T23:31:57+00:00","article_modified_time":"2026-09-03T23:31:58+00:00","og_image":[{"width":1200,"height":674,"url":"https:\/\/pueblaenlinea.com\/2025\/wp-content\/uploads\/2026\/09\/pel-1.jpg","type":"image\/jpeg"}],"author":"Puebla EnLinea","twitter_card":"summary_large_image","twitter_misc":{"Escrito por":"Puebla EnLinea","Tiempo de lectura":"3 minutos"},"schema":{"@context":"https:\/\/schema.org","@graph":[{"@type":"Article","@id":"https:\/\/pueblaenlinea.com\/2025\/nota-roja\/por-que-se-escondia-en-puebla-cae-el-amarillo-en-cluster-de-lomas-de-angelopolis\/#article","isPartOf":{"@id":"https:\/\/pueblaenlinea.com\/2025\/nota-roja\/por-que-se-escondia-en-puebla-cae-el-amarillo-en-cluster-de-lomas-de-angelopolis\/"},"author":{"name":"Puebla EnLinea","@id":"https:\/\/pueblaenlinea.com\/2025\/#\/schema\/person\/6e2e07bc4690564243accbe893d21877"},"headline":"\u00bfPor qu\u00e9 se escond\u00eda en Puebla? Cae &#8220;El Amarillo&#8221; en cl\u00faster de Lomas de Angel\u00f3polis","datePublished":"2026-09-03T23:31:57+00:00","dateModified":"2026-09-03T23:31:58+00:00","mainEntityOfPage":{"@id":"https:\/\/pueblaenlinea.com\/2025\/nota-roja\/por-que-se-escondia-en-puebla-cae-el-amarillo-en-cluster-de-lomas-de-angelopolis\/"},"wordCount":562,"image":{"@id":"https:\/\/pueblaenlinea.com\/2025\/nota-roja\/por-que-se-escondia-en-puebla-cae-el-amarillo-en-cluster-de-lomas-de-angelopolis\/#primaryimage"},"thumbnailUrl":"https:\/\/pueblaenlinea.com\/2025\/wp-content\/uploads\/2026\/09\/pel-1.jpg","keywords":["detenidos"],"articleSection":["Nota Roja"],"inLanguage":"es"},{"@type":"WebPage","@id":"https:\/\/pueblaenlinea.com\/2025\/nota-roja\/por-que-se-escondia-en-puebla-cae-el-amarillo-en-cluster-de-lomas-de-angelopolis\/","url":"https:\/\/pueblaenlinea.com\/2025\/nota-roja\/por-que-se-escondia-en-puebla-cae-el-amarillo-en-cluster-de-lomas-de-angelopolis\/","name":"\u00bfPor qu\u00e9 se escond\u00eda en Puebla? Cae \"El Amarillo\" en cl\u00faster de Lomas de Angel\u00f3polis - Puebla En Linea","isPartOf":{"@id":"https:\/\/pueblaenlinea.com\/2025\/#website"},"primaryImageOfPage":{"@id":"https:\/\/pueblaenlinea.com\/2025\/nota-roja\/por-que-se-escondia-en-puebla-cae-el-amarillo-en-cluster-de-lomas-de-angelopolis\/#primaryimage"},"image":{"@id":"https:\/\/pueblaenlinea.com\/2025\/nota-roja\/por-que-se-escondia-en-puebla-cae-el-amarillo-en-cluster-de-lomas-de-angelopolis\/#primaryimage"},"thumbnailUrl":"https:\/\/pueblaenlinea.com\/2025\/wp-content\/uploads\/2026\/09\/pel-1.jpg","datePublished":"2026-09-03T23:31:57+00:00","dateModified":"2026-09-03T23:31:58+00:00","author":{"@id":"https:\/\/pueblaenlinea.com\/2025\/#\/schema\/person\/6e2e07bc4690564243accbe893d21877"},"description":"\u00bfPor qu\u00e9 se escond\u00eda en Puebla? Cae \"El Amarillo\" en cl\u00faster de Lomas de Angel\u00f3polis Nota Roja","breadcrumb":{"@id":"https:\/\/pueblaenlinea.com\/2025\/nota-roja\/por-que-se-escondia-en-puebla-cae-el-amarillo-en-cluster-de-lomas-de-angelopolis\/#breadcrumb"},"inLanguage":"es","potentialAction":[{"@type":"ReadAction","target":["https:\/\/pueblaenlinea.com\/2025\/nota-roja\/por-que-se-escondia-en-puebla-cae-el-amarillo-en-cluster-de-lomas-de-angelopolis\/"]}]},{"@type":"ImageObject","inLanguage":"es","@id":"https:\/\/pueblaenlinea.com\/2025\/nota-roja\/por-que-se-escondia-en-puebla-cae-el-amarillo-en-cluster-de-lomas-de-angelopolis\/#primaryimage","url":"https:\/\/pueblaenlinea.com\/2025\/wp-content\/uploads\/2026\/09\/pel-1.jpg","contentUrl":"https:\/\/pueblaenlinea.com\/2025\/wp-content\/uploads\/2026\/09\/pel-1.jpg","width":1200,"height":674,"caption":"elamarillo"},{"@type":"BreadcrumbList","@id":"https:\/\/pueblaenlinea.com\/2025\/nota-roja\/por-que-se-escondia-en-puebla-cae-el-amarillo-en-cluster-de-lomas-de-angelopolis\/#breadcrumb","itemListElement":[{"@type":"ListItem","position":1,"name":"Inicio","item":"https:\/\/pueblaenlinea.com\/2025\/"},{"@type":"ListItem","position":2,"name":"\u00bfPor qu\u00e9 se escond\u00eda en Puebla? Cae &#8220;El Amarillo&#8221; en cl\u00faster de Lomas de Angel\u00f3polis"}]},{"@type":"WebSite","@id":"https:\/\/pueblaenlinea.com\/2025\/#website","url":"https:\/\/pueblaenlinea.com\/2025\/","name":"Puebla En Linea","description":"noticias de puebla, periodismo serio y comprometido.","potentialAction":[{"@type":"SearchAction","target":{"@type":"EntryPoint","urlTemplate":"https:\/\/pueblaenlinea.com\/2025\/?s={search_term_string}"},"query-input":{"@type":"PropertyValueSpecification","valueRequired":true,"valueName":"search_term_string"}}],"inLanguage":"es"},{"@type":"Person","@id":"https:\/\/pueblaenlinea.com\/2025\/#\/schema\/person\/6e2e07bc4690564243accbe893d21877","name":"Puebla EnLinea","image":{"@type":"ImageObject","inLanguage":"es","@id":"https:\/\/pueblaenlinea.com\/2025\/wp-content\/litespeed\/avatar\/3b8bde7acb3c32a2512cab1d325df9d8.jpg?ver=1788290368","url":"https:\/\/pueblaenlinea.com\/2025\/wp-content\/litespeed\/avatar\/3b8bde7acb3c32a2512cab1d325df9d8.jpg?ver=1788290368","contentUrl":"https:\/\/pueblaenlinea.com\/2025\/wp-content\/litespeed\/avatar\/3b8bde7acb3c32a2512cab1d325df9d8.jpg?ver=1788290368","caption":"Puebla EnLinea"},"url":"https:\/\/pueblaenlinea.com\/2025\/author\/pueblaenlinea\/"}]}},"_links":{"self":[{"href":"https:\/\/pueblaenlinea.com\/2025\/wp-json\/wp\/v2\/posts\/134851","targetHints":{"allow":["GET"]}}],"collection":[{"href":"https:\/\/pueblaenlinea.com\/2025\/wp-json\/wp\/v2\/posts"}],"about":[{"href":"https:\/\/pueblaenlinea.com\/2025\/wp-json\/wp\/v2\/types\/post"}],"author":[{"embeddable":true,"href":"https:\/\/pueblaenlinea.com\/2025\/wp-json\/wp\/v2\/users\/2"}],"replies":[{"embeddable":true,"href":"https:\/\/pueblaenlinea.com\/2025\/wp-json\/wp\/v2\/comments?post=134851"}],"version-history":[{"count":0,"href":"https:\/\/pueblaenlinea.com\/2025\/wp-json\/wp\/v2\/posts\/134851\/revisions"}],"wp:featuredmedia":[{"embeddable":true,"href":"https:\/\/pueblaenlinea.com\/2025\/wp-json\/wp\/v2\/media\/134852"}],"wp:attachment":[{"href":"https:\/\/pueblaenlinea.com\/2025\/wp-json\/wp\/v2\/media?parent=134851"}],"wp:term":[{"taxonomy":"category","embeddable":true,"href":"https:\/\/pueblaenlinea.com\/2025\/wp-json\/wp\/v2\/categories?post=134851"},{"taxonomy":"post_tag","embeddable":true,"href":"https:\/\/pueblaenlinea.com\/2025\/wp-json\/wp\/v2\/tags?post=134851"}],"curies":[{"name":"wp","href":"https:\/\/api.w.org\/{rel}","templated":true}]}}