{"id":134847,"date":"2026-09-03T16:45:28","date_gmt":"2026-09-03T22:45:28","guid":{"rendered":"https:\/\/pueblaenlinea.com\/2025\/?p=134847"},"modified":"2026-09-03T16:45:29","modified_gmt":"2026-09-03T22:45:29","slug":"pepe-chedraui-lleva-la-prevencion-de-la-violencia-digital-a-las-juventudes-de-puebla-1470-estudiantes-se-conectan","status":"publish","type":"post","link":"https:\/\/pueblaenlinea.com\/2025\/capital\/pepe-chedraui-lleva-la-prevencion-de-la-violencia-digital-a-las-juventudes-de-puebla-1470-estudiantes-se-conectan\/","title":{"rendered":"Pepe Chedraui lleva la prevenci\u00f3n de la violencia digital a las juventudes de Puebla; 1,470 estudiantes se conectan"},"content":{"rendered":"\n<p class=\"wp-block-paragraph\"><strong>Puebla, Pue., 3 de septiembre de 2026.<\/strong>\u2013 En internet tambi\u00e9n hay violencia, aunque no siempre deje una marca visible. Mensajes, amenazas, acoso, exposici\u00f3n de im\u00e1genes o la vulneraci\u00f3n de la privacidad pueden cruzar la pantalla y convertirse en una realidad dif\u00edcil de detener.<\/p>\n\n\n\n<p class=\"wp-block-paragraph\">Ante ese escenario, el Gobierno de la Ciudad de Puebla, encabezado por <strong>Pepe Chedraui<\/strong>, reforz\u00f3 la prevenci\u00f3n de la violencia digital entre mujeres y juventudes mediante la <strong>Estrategia de Derechos Digitales<\/strong>, con un encuentro que reuni\u00f3 a estudiantes y a una de las principales voces en la defensa de los derechos de las mujeres: <strong>Olimpia Coral Melo<\/strong>, impulsora de la Ley Olimpia.<\/p>\n\n\n\n<h3 class=\"wp-block-heading\"><strong>1,470 j\u00f3venes siguieron el encuentro en l\u00ednea<\/strong><\/h3>\n\n\n\n<p class=\"wp-block-paragraph\">El encuentro se realiz\u00f3 en la <strong>UPAEP<\/strong> y permiti\u00f3 ampliar la conversaci\u00f3n m\u00e1s all\u00e1 del espacio presencial: cerca de <strong>mil 470 j\u00f3venes de 15 instituciones educativas<\/strong> se conectaron de manera virtual.<\/p>\n\n\n\n<p class=\"wp-block-paragraph\">La intenci\u00f3n fue directa: que las juventudes conozcan sus derechos en internet, puedan reconocer situaciones de riesgo y sepan qu\u00e9 hacer ante una agresi\u00f3n digital.<\/p>\n\n\n\n<p class=\"wp-block-paragraph\">Entre las instituciones participantes estuvieron el Instituto Carl Rogers, Universitario Crist\u00f3bal Col\u00f3n, Escuela de Enfermer\u00eda, CBTIS 260, Prepa Tec de Monterrey, la Preparatoria Enrique Cabrera Barroso de la BUAP, La Fragua y distintos bachilleratos de Puebla.<\/p>\n\n\n\n<h3 class=\"wp-block-heading\"><strong>Olimpia Coral Melo: de una experiencia personal a un cambio legal<\/strong><\/h3>\n\n\n\n<p class=\"wp-block-paragraph\">Durante el encuentro se abordaron asuntos que forman parte de la vida cotidiana en redes sociales: <strong>privacidad, protecci\u00f3n de datos personales, consentimiento para compartir im\u00e1genes y contenidos, acoso, amenazas y hostigamiento<\/strong>.<\/p>\n\n\n\n<p class=\"wp-block-paragraph\">La presencia de Olimpia Coral Melo permiti\u00f3 colocar sobre la mesa una lucha que durante a\u00f1os permaneci\u00f3 en espacios donde muchas v\u00edctimas enfrentaban solas la exposici\u00f3n y vulneraci\u00f3n de su intimidad.<\/p>\n\n\n\n<p class=\"wp-block-paragraph\">Pepe Chedraui destac\u00f3 precisamente la importancia de sumar esfuerzos entre autoridades, instituciones educativas y sociedad para prevenir y atender la violencia contra las mujeres tambi\u00e9n en los entornos digitales.<\/p>\n\n\n\n<p class=\"wp-block-paragraph\">El alcalde agradeci\u00f3 a Olimpia Coral Melo por compartir su experiencia y record\u00f3 que esa lucha contribuy\u00f3 a que hoy existan cambios legales frente a este tipo de conductas.<\/p>\n\n\n\n<h3 class=\"wp-block-heading\"><strong>\u201cNuestros derechos no desaparecen cuando entramos a internet\u201d<\/strong><\/h3>\n\n\n\n<p class=\"wp-block-paragraph\">La titular de la Secretar\u00eda de las Mujeres, <strong>Zaira Gonz\u00e1lez<\/strong>, explic\u00f3 que la estrategia busca proporcionar informaci\u00f3n, prevenci\u00f3n y acompa\u00f1amiento.<\/p>\n\n\n\n<p class=\"wp-block-paragraph\">El mensaje dirigido a las juventudes fue claro: conocer los derechos digitales tambi\u00e9n es una herramienta de protecci\u00f3n.<\/p>\n\n\n\n<blockquote class=\"wp-block-quote is-layout-flow wp-block-quote-is-layout-flow\">\n<p class=\"wp-block-paragraph\"><strong>\u201cNuestros derechos no desaparecen cuando entramos a internet\u201d<\/strong>, se\u00f1al\u00f3 la funcionaria.<\/p>\n<\/blockquote>\n\n\n\n<p class=\"wp-block-paragraph\">La estrategia pretende que las mujeres y j\u00f3venes puedan identificar situaciones de riesgo y conozcan los mecanismos disponibles para solicitar orientaci\u00f3n y acompa\u00f1amiento.<\/p>\n\n\n\n<h3 class=\"wp-block-heading\"><strong>Fiscal\u00eda y universidades se suman a la prevenci\u00f3n<\/strong><\/h3>\n\n\n\n<p class=\"wp-block-paragraph\">En el encuentro tambi\u00e9n particip\u00f3 <strong>Idamis Pastor Betancourt, fiscal General del Estado de Puebla<\/strong>, quien destac\u00f3 que estos espacios permiten intercambiar ideas e informar a las juventudes para identificar y denunciar conductas que vulneren sus derechos y libertades.<\/p>\n\n\n\n<p class=\"wp-block-paragraph\">Por su parte, <strong>Jorge Medina Delgadillo, rector de la UPAEP<\/strong>, resalt\u00f3 la colaboraci\u00f3n con el Gobierno de la Ciudad para generar espacios de informaci\u00f3n y proporcionar herramientas a la comunidad estudiantil.<\/p>\n\n\n\n<p class=\"wp-block-paragraph\">La apuesta, en este caso, no es esperar a que ocurra una agresi\u00f3n para reaccionar, sino intentar que las juventudes sepan reconocerla antes y conozcan d\u00f3nde pedir ayuda.<\/p>\n\n\n\n<p class=\"wp-block-paragraph\">Si quieres seguir esta y otras notas de inter\u00e9s en tiempo real, \u00fanete a nuestro canal de WhatsApp: <a href=\"https:\/\/whatsapp.com\/channel\/0029Va5CSyuEQIalZaJWpX1h?utm_source=chatgpt.com\">Canal de WhatsApp<\/a><\/p>\n\n\n\n<h3 class=\"wp-block-heading\"><strong>La prevenci\u00f3n tambi\u00e9n ocurre detr\u00e1s de una pantalla<\/strong><\/h3>\n\n\n\n<p class=\"wp-block-paragraph\">El Gobierno de la Ciudad inform\u00f3 que continuar\u00e1 acercando la Estrategia de Derechos Digitales a las comunidades educativas de Puebla.<\/p>\n\n\n\n<p class=\"wp-block-paragraph\">El objetivo es que cada vez m\u00e1s mujeres y j\u00f3venes conozcan sus derechos, puedan identificar manifestaciones de violencia digital y sepan que existen mecanismos institucionales de orientaci\u00f3n y acompa\u00f1amiento.<\/p>\n\n\n\n<p class=\"wp-block-paragraph\">Porque la vida digital dej\u00f3 de ser un territorio separado de la vida cotidiana. Lo que ocurre detr\u00e1s de una pantalla tambi\u00e9n puede afectar la privacidad, la dignidad y la libertad de una persona.<\/p>\n\n\n\n<p class=\"wp-block-paragraph\">La discusi\u00f3n, por eso, ya no es solamente c\u00f3mo usamos internet, sino <strong>qu\u00e9 derechos estamos dispuestos a proteger cuando lo hacemos<\/strong>.<\/p>\n\n\n\n<p class=\"wp-block-paragraph\"><strong>Escrito por Redacci\u00f3n Puebla En L\u00ednea<\/strong><\/p>\n\n\n\n<h3 class=\"wp-block-heading\"><\/h3>\n\n\n\n<ol start=\"1\" class=\"wp-block-list\">\n<li><strong>\u00bfQu\u00e9 hacer ante la violencia digital? Puebla lleva la prevenci\u00f3n a miles de j\u00f3venes<\/strong><\/li>\n\n\n\n<li><strong>1,470 j\u00f3venes se conectan en Puebla a estrategia contra la violencia digital<\/strong><\/li>\n\n\n\n<li><strong>Olimpia Coral Melo llega a Puebla: j\u00f3venes aprenden a proteger sus derechos en internet<\/strong><\/li>\n\n\n\n<li><strong>Amenazas, acoso y privacidad: as\u00ed busca Puebla prevenir la violencia digital<\/strong><\/li>\n\n\n\n<li><strong>\u201cNuestros derechos no desaparecen cuando entramos a internet\u201d: el mensaje a j\u00f3venes de Puebla<\/strong><\/li>\n<\/ol>\n","protected":false},"excerpt":{"rendered":"<p>Puebla, Pue., 3 de septiembre de 2026.\u2013 En internet tambi\u00e9n hay violencia, aunque no siempre deje una marca visible. Mensajes, amenazas, acoso, exposici\u00f3n de im\u00e1genes o la vulneraci\u00f3n de la privacidad pueden cruzar la pantalla y convertirse en una realidad dif\u00edcil de detener. Ante ese escenario, el Gobierno de la Ciudad de Puebla, encabezado por&#8230;<\/p>\n","protected":false},"author":9,"featured_media":134848,"comment_status":"closed","ping_status":"closed","sticky":false,"template":"","format":"standard","meta":{"footnotes":""},"categories":[3],"tags":[1386],"class_list":["post-134847","post","type-post","status-publish","format-standard","has-post-thumbnail","hentry","category-capital","tag-puebla"],"yoast_head":"<!-- This site is optimized with the Yoast SEO plugin v28.4 - https:\/\/yoast.com\/product\/yoast-seo-wordpress\/ -->\n<title>Pepe Chedraui lleva la prevenci\u00f3n de la violencia digital a las juventudes de Puebla; 1,470 estudiantes se conectan - Puebla En Linea<\/title>\n<meta name=\"description\" content=\"Pepe Chedraui lleva la prevenci\u00f3n de la violencia digital a las juventudes de Puebla; 1,470 estudiantes se conectan Capital\" \/>\n<meta name=\"robots\" content=\"index, follow, max-snippet:-1, max-image-preview:large, max-video-preview:-1\" \/>\n<link rel=\"canonical\" href=\"https:\/\/pueblaenlinea.com\/2025\/capital\/pepe-chedraui-lleva-la-prevencion-de-la-violencia-digital-a-las-juventudes-de-puebla-1470-estudiantes-se-conectan\/\" \/>\n<meta property=\"og:locale\" content=\"es_MX\" \/>\n<meta property=\"og:type\" content=\"article\" \/>\n<meta property=\"og:title\" content=\"Pepe Chedraui lleva la prevenci\u00f3n de la violencia digital a las juventudes de Puebla; 1,470 estudiantes se conectan - Puebla En Linea\" \/>\n<meta property=\"og:description\" content=\"Pepe Chedraui lleva la prevenci\u00f3n de la violencia digital a las juventudes de Puebla; 1,470 estudiantes se conectan Capital\" \/>\n<meta property=\"og:url\" content=\"https:\/\/pueblaenlinea.com\/2025\/capital\/pepe-chedraui-lleva-la-prevencion-de-la-violencia-digital-a-las-juventudes-de-puebla-1470-estudiantes-se-conectan\/\" \/>\n<meta property=\"og:site_name\" content=\"Puebla En Linea\" \/>\n<meta property=\"article:publisher\" content=\"https:\/\/www.facebook.com\/pueblaenlineacom\" \/>\n<meta property=\"article:published_time\" content=\"2026-09-03T22:45:28+00:00\" \/>\n<meta property=\"article:modified_time\" content=\"2026-09-03T22:45:29+00:00\" \/>\n<meta property=\"og:image\" content=\"https:\/\/pueblaenlinea.com\/2025\/wp-content\/uploads\/2026\/09\/olimpia.jpg\" \/>\n\t<meta property=\"og:image:width\" content=\"1200\" \/>\n\t<meta property=\"og:image:height\" content=\"674\" \/>\n\t<meta property=\"og:image:type\" content=\"image\/jpeg\" \/>\n<meta name=\"author\" content=\"lupita Puebla en linea\" \/>\n<meta name=\"twitter:card\" content=\"summary_large_image\" \/>\n<meta name=\"twitter:label1\" content=\"Escrito por\" \/>\n\t<meta name=\"twitter:data1\" content=\"lupita Puebla en linea\" \/>\n\t<meta name=\"twitter:label2\" content=\"Tiempo de lectura\" \/>\n\t<meta name=\"twitter:data2\" content=\"4 minutos\" \/>\n<script type=\"application\/ld+json\" class=\"yoast-schema-graph\">{\"@context\":\"https:\\\/\\\/schema.org\",\"@graph\":[{\"@type\":\"Article\",\"@id\":\"https:\\\/\\\/pueblaenlinea.com\\\/2025\\\/capital\\\/pepe-chedraui-lleva-la-prevencion-de-la-violencia-digital-a-las-juventudes-de-puebla-1470-estudiantes-se-conectan\\\/#article\",\"isPartOf\":{\"@id\":\"https:\\\/\\\/pueblaenlinea.com\\\/2025\\\/capital\\\/pepe-chedraui-lleva-la-prevencion-de-la-violencia-digital-a-las-juventudes-de-puebla-1470-estudiantes-se-conectan\\\/\"},\"author\":{\"name\":\"lupita Puebla en linea\",\"@id\":\"https:\\\/\\\/pueblaenlinea.com\\\/2025\\\/#\\\/schema\\\/person\\\/2baf91de3092c7d50fb754a48f084d7f\"},\"headline\":\"Pepe Chedraui lleva la prevenci\u00f3n de la violencia digital a las juventudes de Puebla; 1,470 estudiantes se conectan\",\"datePublished\":\"2026-09-03T22:45:28+00:00\",\"dateModified\":\"2026-09-03T22:45:29+00:00\",\"mainEntityOfPage\":{\"@id\":\"https:\\\/\\\/pueblaenlinea.com\\\/2025\\\/capital\\\/pepe-chedraui-lleva-la-prevencion-de-la-violencia-digital-a-las-juventudes-de-puebla-1470-estudiantes-se-conectan\\\/\"},\"wordCount\":795,\"image\":{\"@id\":\"https:\\\/\\\/pueblaenlinea.com\\\/2025\\\/capital\\\/pepe-chedraui-lleva-la-prevencion-de-la-violencia-digital-a-las-juventudes-de-puebla-1470-estudiantes-se-conectan\\\/#primaryimage\"},\"thumbnailUrl\":\"https:\\\/\\\/pueblaenlinea.com\\\/2025\\\/wp-content\\\/uploads\\\/2026\\\/09\\\/olimpia.jpg\",\"keywords\":[\"Puebla\"],\"articleSection\":[\"Capital\"],\"inLanguage\":\"es\"},{\"@type\":\"WebPage\",\"@id\":\"https:\\\/\\\/pueblaenlinea.com\\\/2025\\\/capital\\\/pepe-chedraui-lleva-la-prevencion-de-la-violencia-digital-a-las-juventudes-de-puebla-1470-estudiantes-se-conectan\\\/\",\"url\":\"https:\\\/\\\/pueblaenlinea.com\\\/2025\\\/capital\\\/pepe-chedraui-lleva-la-prevencion-de-la-violencia-digital-a-las-juventudes-de-puebla-1470-estudiantes-se-conectan\\\/\",\"name\":\"Pepe Chedraui lleva la prevenci\u00f3n de la violencia digital a las juventudes de Puebla; 1,470 estudiantes se conectan - Puebla En Linea\",\"isPartOf\":{\"@id\":\"https:\\\/\\\/pueblaenlinea.com\\\/2025\\\/#website\"},\"primaryImageOfPage\":{\"@id\":\"https:\\\/\\\/pueblaenlinea.com\\\/2025\\\/capital\\\/pepe-chedraui-lleva-la-prevencion-de-la-violencia-digital-a-las-juventudes-de-puebla-1470-estudiantes-se-conectan\\\/#primaryimage\"},\"image\":{\"@id\":\"https:\\\/\\\/pueblaenlinea.com\\\/2025\\\/capital\\\/pepe-chedraui-lleva-la-prevencion-de-la-violencia-digital-a-las-juventudes-de-puebla-1470-estudiantes-se-conectan\\\/#primaryimage\"},\"thumbnailUrl\":\"https:\\\/\\\/pueblaenlinea.com\\\/2025\\\/wp-content\\\/uploads\\\/2026\\\/09\\\/olimpia.jpg\",\"datePublished\":\"2026-09-03T22:45:28+00:00\",\"dateModified\":\"2026-09-03T22:45:29+00:00\",\"author\":{\"@id\":\"https:\\\/\\\/pueblaenlinea.com\\\/2025\\\/#\\\/schema\\\/person\\\/2baf91de3092c7d50fb754a48f084d7f\"},\"description\":\"Pepe Chedraui lleva la prevenci\u00f3n de la violencia digital a las juventudes de Puebla; 1,470 estudiantes se conectan Capital\",\"breadcrumb\":{\"@id\":\"https:\\\/\\\/pueblaenlinea.com\\\/2025\\\/capital\\\/pepe-chedraui-lleva-la-prevencion-de-la-violencia-digital-a-las-juventudes-de-puebla-1470-estudiantes-se-conectan\\\/#breadcrumb\"},\"inLanguage\":\"es\",\"potentialAction\":[{\"@type\":\"ReadAction\",\"target\":[\"https:\\\/\\\/pueblaenlinea.com\\\/2025\\\/capital\\\/pepe-chedraui-lleva-la-prevencion-de-la-violencia-digital-a-las-juventudes-de-puebla-1470-estudiantes-se-conectan\\\/\"]}]},{\"@type\":\"ImageObject\",\"inLanguage\":\"es\",\"@id\":\"https:\\\/\\\/pueblaenlinea.com\\\/2025\\\/capital\\\/pepe-chedraui-lleva-la-prevencion-de-la-violencia-digital-a-las-juventudes-de-puebla-1470-estudiantes-se-conectan\\\/#primaryimage\",\"url\":\"https:\\\/\\\/pueblaenlinea.com\\\/2025\\\/wp-content\\\/uploads\\\/2026\\\/09\\\/olimpia.jpg\",\"contentUrl\":\"https:\\\/\\\/pueblaenlinea.com\\\/2025\\\/wp-content\\\/uploads\\\/2026\\\/09\\\/olimpia.jpg\",\"width\":1200,\"height\":674},{\"@type\":\"BreadcrumbList\",\"@id\":\"https:\\\/\\\/pueblaenlinea.com\\\/2025\\\/capital\\\/pepe-chedraui-lleva-la-prevencion-de-la-violencia-digital-a-las-juventudes-de-puebla-1470-estudiantes-se-conectan\\\/#breadcrumb\",\"itemListElement\":[{\"@type\":\"ListItem\",\"position\":1,\"name\":\"Inicio\",\"item\":\"https:\\\/\\\/pueblaenlinea.com\\\/2025\\\/\"},{\"@type\":\"ListItem\",\"position\":2,\"name\":\"Pepe Chedraui lleva la prevenci\u00f3n de la violencia digital a las juventudes de Puebla; 1,470 estudiantes se conectan\"}]},{\"@type\":\"WebSite\",\"@id\":\"https:\\\/\\\/pueblaenlinea.com\\\/2025\\\/#website\",\"url\":\"https:\\\/\\\/pueblaenlinea.com\\\/2025\\\/\",\"name\":\"Puebla En Linea\",\"description\":\"noticias de puebla, periodismo serio y comprometido.\",\"potentialAction\":[{\"@type\":\"SearchAction\",\"target\":{\"@type\":\"EntryPoint\",\"urlTemplate\":\"https:\\\/\\\/pueblaenlinea.com\\\/2025\\\/?s={search_term_string}\"},\"query-input\":{\"@type\":\"PropertyValueSpecification\",\"valueRequired\":true,\"valueName\":\"search_term_string\"}}],\"inLanguage\":\"es\"},{\"@type\":\"Person\",\"@id\":\"https:\\\/\\\/pueblaenlinea.com\\\/2025\\\/#\\\/schema\\\/person\\\/2baf91de3092c7d50fb754a48f084d7f\",\"name\":\"lupita Puebla en linea\",\"image\":{\"@type\":\"ImageObject\",\"inLanguage\":\"es\",\"@id\":\"https:\\\/\\\/pueblaenlinea.com\\\/2025\\\/wp-content\\\/litespeed\\\/avatar\\\/c3bdb4b8e42693060df9dbf8c3f9c41d.jpg?ver=1788290860\",\"url\":\"https:\\\/\\\/pueblaenlinea.com\\\/2025\\\/wp-content\\\/litespeed\\\/avatar\\\/c3bdb4b8e42693060df9dbf8c3f9c41d.jpg?ver=1788290860\",\"contentUrl\":\"https:\\\/\\\/pueblaenlinea.com\\\/2025\\\/wp-content\\\/litespeed\\\/avatar\\\/c3bdb4b8e42693060df9dbf8c3f9c41d.jpg?ver=1788290860\",\"caption\":\"lupita Puebla en linea\"},\"url\":\"https:\\\/\\\/pueblaenlinea.com\\\/2025\\\/author\\\/lupita\\\/\"}]}<\/script>\n<!-- \/ Yoast SEO plugin. -->","yoast_head_json":{"title":"Pepe Chedraui lleva la prevenci\u00f3n de la violencia digital a las juventudes de Puebla; 1,470 estudiantes se conectan - Puebla En Linea","description":"Pepe Chedraui lleva la prevenci\u00f3n de la violencia digital a las juventudes de Puebla; 1,470 estudiantes se conectan Capital","robots":{"index":"index","follow":"follow","max-snippet":"max-snippet:-1","max-image-preview":"max-image-preview:large","max-video-preview":"max-video-preview:-1"},"canonical":"https:\/\/pueblaenlinea.com\/2025\/capital\/pepe-chedraui-lleva-la-prevencion-de-la-violencia-digital-a-las-juventudes-de-puebla-1470-estudiantes-se-conectan\/","og_locale":"es_MX","og_type":"article","og_title":"Pepe Chedraui lleva la prevenci\u00f3n de la violencia digital a las juventudes de Puebla; 1,470 estudiantes se conectan - Puebla En Linea","og_description":"Pepe Chedraui lleva la prevenci\u00f3n de la violencia digital a las juventudes de Puebla; 1,470 estudiantes se conectan Capital","og_url":"https:\/\/pueblaenlinea.com\/2025\/capital\/pepe-chedraui-lleva-la-prevencion-de-la-violencia-digital-a-las-juventudes-de-puebla-1470-estudiantes-se-conectan\/","og_site_name":"Puebla En Linea","article_publisher":"https:\/\/www.facebook.com\/pueblaenlineacom","article_published_time":"2026-09-03T22:45:28+00:00","article_modified_time":"2026-09-03T22:45:29+00:00","og_image":[{"width":1200,"height":674,"url":"https:\/\/pueblaenlinea.com\/2025\/wp-content\/uploads\/2026\/09\/olimpia.jpg","type":"image\/jpeg"}],"author":"lupita Puebla en linea","twitter_card":"summary_large_image","twitter_misc":{"Escrito por":"lupita Puebla en linea","Tiempo de lectura":"4 minutos"},"schema":{"@context":"https:\/\/schema.org","@graph":[{"@type":"Article","@id":"https:\/\/pueblaenlinea.com\/2025\/capital\/pepe-chedraui-lleva-la-prevencion-de-la-violencia-digital-a-las-juventudes-de-puebla-1470-estudiantes-se-conectan\/#article","isPartOf":{"@id":"https:\/\/pueblaenlinea.com\/2025\/capital\/pepe-chedraui-lleva-la-prevencion-de-la-violencia-digital-a-las-juventudes-de-puebla-1470-estudiantes-se-conectan\/"},"author":{"name":"lupita Puebla en linea","@id":"https:\/\/pueblaenlinea.com\/2025\/#\/schema\/person\/2baf91de3092c7d50fb754a48f084d7f"},"headline":"Pepe Chedraui lleva la prevenci\u00f3n de la violencia digital a las juventudes de Puebla; 1,470 estudiantes se conectan","datePublished":"2026-09-03T22:45:28+00:00","dateModified":"2026-09-03T22:45:29+00:00","mainEntityOfPage":{"@id":"https:\/\/pueblaenlinea.com\/2025\/capital\/pepe-chedraui-lleva-la-prevencion-de-la-violencia-digital-a-las-juventudes-de-puebla-1470-estudiantes-se-conectan\/"},"wordCount":795,"image":{"@id":"https:\/\/pueblaenlinea.com\/2025\/capital\/pepe-chedraui-lleva-la-prevencion-de-la-violencia-digital-a-las-juventudes-de-puebla-1470-estudiantes-se-conectan\/#primaryimage"},"thumbnailUrl":"https:\/\/pueblaenlinea.com\/2025\/wp-content\/uploads\/2026\/09\/olimpia.jpg","keywords":["Puebla"],"articleSection":["Capital"],"inLanguage":"es"},{"@type":"WebPage","@id":"https:\/\/pueblaenlinea.com\/2025\/capital\/pepe-chedraui-lleva-la-prevencion-de-la-violencia-digital-a-las-juventudes-de-puebla-1470-estudiantes-se-conectan\/","url":"https:\/\/pueblaenlinea.com\/2025\/capital\/pepe-chedraui-lleva-la-prevencion-de-la-violencia-digital-a-las-juventudes-de-puebla-1470-estudiantes-se-conectan\/","name":"Pepe Chedraui lleva la prevenci\u00f3n de la violencia digital a las juventudes de Puebla; 1,470 estudiantes se conectan - Puebla En Linea","isPartOf":{"@id":"https:\/\/pueblaenlinea.com\/2025\/#website"},"primaryImageOfPage":{"@id":"https:\/\/pueblaenlinea.com\/2025\/capital\/pepe-chedraui-lleva-la-prevencion-de-la-violencia-digital-a-las-juventudes-de-puebla-1470-estudiantes-se-conectan\/#primaryimage"},"image":{"@id":"https:\/\/pueblaenlinea.com\/2025\/capital\/pepe-chedraui-lleva-la-prevencion-de-la-violencia-digital-a-las-juventudes-de-puebla-1470-estudiantes-se-conectan\/#primaryimage"},"thumbnailUrl":"https:\/\/pueblaenlinea.com\/2025\/wp-content\/uploads\/2026\/09\/olimpia.jpg","datePublished":"2026-09-03T22:45:28+00:00","dateModified":"2026-09-03T22:45:29+00:00","author":{"@id":"https:\/\/pueblaenlinea.com\/2025\/#\/schema\/person\/2baf91de3092c7d50fb754a48f084d7f"},"description":"Pepe Chedraui lleva la prevenci\u00f3n de la violencia digital a las juventudes de Puebla; 1,470 estudiantes se conectan Capital","breadcrumb":{"@id":"https:\/\/pueblaenlinea.com\/2025\/capital\/pepe-chedraui-lleva-la-prevencion-de-la-violencia-digital-a-las-juventudes-de-puebla-1470-estudiantes-se-conectan\/#breadcrumb"},"inLanguage":"es","potentialAction":[{"@type":"ReadAction","target":["https:\/\/pueblaenlinea.com\/2025\/capital\/pepe-chedraui-lleva-la-prevencion-de-la-violencia-digital-a-las-juventudes-de-puebla-1470-estudiantes-se-conectan\/"]}]},{"@type":"ImageObject","inLanguage":"es","@id":"https:\/\/pueblaenlinea.com\/2025\/capital\/pepe-chedraui-lleva-la-prevencion-de-la-violencia-digital-a-las-juventudes-de-puebla-1470-estudiantes-se-conectan\/#primaryimage","url":"https:\/\/pueblaenlinea.com\/2025\/wp-content\/uploads\/2026\/09\/olimpia.jpg","contentUrl":"https:\/\/pueblaenlinea.com\/2025\/wp-content\/uploads\/2026\/09\/olimpia.jpg","width":1200,"height":674},{"@type":"BreadcrumbList","@id":"https:\/\/pueblaenlinea.com\/2025\/capital\/pepe-chedraui-lleva-la-prevencion-de-la-violencia-digital-a-las-juventudes-de-puebla-1470-estudiantes-se-conectan\/#breadcrumb","itemListElement":[{"@type":"ListItem","position":1,"name":"Inicio","item":"https:\/\/pueblaenlinea.com\/2025\/"},{"@type":"ListItem","position":2,"name":"Pepe Chedraui lleva la prevenci\u00f3n de la violencia digital a las juventudes de Puebla; 1,470 estudiantes se conectan"}]},{"@type":"WebSite","@id":"https:\/\/pueblaenlinea.com\/2025\/#website","url":"https:\/\/pueblaenlinea.com\/2025\/","name":"Puebla En Linea","description":"noticias de puebla, periodismo serio y comprometido.","potentialAction":[{"@type":"SearchAction","target":{"@type":"EntryPoint","urlTemplate":"https:\/\/pueblaenlinea.com\/2025\/?s={search_term_string}"},"query-input":{"@type":"PropertyValueSpecification","valueRequired":true,"valueName":"search_term_string"}}],"inLanguage":"es"},{"@type":"Person","@id":"https:\/\/pueblaenlinea.com\/2025\/#\/schema\/person\/2baf91de3092c7d50fb754a48f084d7f","name":"lupita Puebla en linea","image":{"@type":"ImageObject","inLanguage":"es","@id":"https:\/\/pueblaenlinea.com\/2025\/wp-content\/litespeed\/avatar\/c3bdb4b8e42693060df9dbf8c3f9c41d.jpg?ver=1788290860","url":"https:\/\/pueblaenlinea.com\/2025\/wp-content\/litespeed\/avatar\/c3bdb4b8e42693060df9dbf8c3f9c41d.jpg?ver=1788290860","contentUrl":"https:\/\/pueblaenlinea.com\/2025\/wp-content\/litespeed\/avatar\/c3bdb4b8e42693060df9dbf8c3f9c41d.jpg?ver=1788290860","caption":"lupita Puebla en linea"},"url":"https:\/\/pueblaenlinea.com\/2025\/author\/lupita\/"}]}},"_links":{"self":[{"href":"https:\/\/pueblaenlinea.com\/2025\/wp-json\/wp\/v2\/posts\/134847","targetHints":{"allow":["GET"]}}],"collection":[{"href":"https:\/\/pueblaenlinea.com\/2025\/wp-json\/wp\/v2\/posts"}],"about":[{"href":"https:\/\/pueblaenlinea.com\/2025\/wp-json\/wp\/v2\/types\/post"}],"author":[{"embeddable":true,"href":"https:\/\/pueblaenlinea.com\/2025\/wp-json\/wp\/v2\/users\/9"}],"replies":[{"embeddable":true,"href":"https:\/\/pueblaenlinea.com\/2025\/wp-json\/wp\/v2\/comments?post=134847"}],"version-history":[{"count":0,"href":"https:\/\/pueblaenlinea.com\/2025\/wp-json\/wp\/v2\/posts\/134847\/revisions"}],"wp:featuredmedia":[{"embeddable":true,"href":"https:\/\/pueblaenlinea.com\/2025\/wp-json\/wp\/v2\/media\/134848"}],"wp:attachment":[{"href":"https:\/\/pueblaenlinea.com\/2025\/wp-json\/wp\/v2\/media?parent=134847"}],"wp:term":[{"taxonomy":"category","embeddable":true,"href":"https:\/\/pueblaenlinea.com\/2025\/wp-json\/wp\/v2\/categories?post=134847"},{"taxonomy":"post_tag","embeddable":true,"href":"https:\/\/pueblaenlinea.com\/2025\/wp-json\/wp\/v2\/tags?post=134847"}],"curies":[{"name":"wp","href":"https:\/\/api.w.org\/{rel}","templated":true}]}}