{"id":134834,"date":"2026-09-03T14:35:42","date_gmt":"2026-09-03T20:35:42","guid":{"rendered":"https:\/\/pueblaenlinea.com\/2025\/?p=134834"},"modified":"2026-09-03T14:35:43","modified_gmt":"2026-09-03T20:35:43","slug":"volkswagen-podria-recontratar-a-611-despedidos-en-puebla-para-producir-el-golf-esto-les-pidio-el-sindicato","status":"publish","type":"post","link":"https:\/\/pueblaenlinea.com\/2025\/puebla\/volkswagen-podria-recontratar-a-611-despedidos-en-puebla-para-producir-el-golf-esto-les-pidio-el-sindicato\/","title":{"rendered":"Volkswagen podr\u00eda recontratar a 611 despedidos en Puebla para producir el Golf; esto les pidi\u00f3 el sindicato"},"content":{"rendered":"\n<p class=\"wp-block-paragraph\"><strong>Volkswagen podr\u00eda volver a contratar en Puebla a los 611 trabajadores despedidos tras la eliminaci\u00f3n del tercer turno, pero la decisi\u00f3n tiene una condici\u00f3n que ya genera incertidumbre entre los t\u00e9cnicos: aceptar su baja para ser considerados en el proyecto del Golf.<\/strong><\/p>\n\n\n\n<p class=\"wp-block-paragraph\">La planta de Volkswagen instalada en <strong>Cuautlancingo, Puebla<\/strong>, atraviesa uno de esos momentos en los que la industria automotriz obliga a mirar m\u00e1s all\u00e1 del presente. El recorte laboral anunciado desde el pasado <strong>28 de agosto<\/strong> podr\u00eda no ser definitivo para cientos de trabajadores.<\/p>\n\n\n\n<p class=\"wp-block-paragraph\">De acuerdo con <strong>Gustavo Barradas Castillo<\/strong>, secretario divisional de la Divisi\u00f3n 7 del Sindicato Independiente de Trabajadores de la Industria Automotriz (SITIAVW), la empresa contempla la posibilidad de <strong>recontratar a los 611 t\u00e9cnicos despedidos en un periodo de entre ocho y 10 meses<\/strong>, cuando arranque el proyecto de producci\u00f3n del <strong>Volkswagen Golf<\/strong>.<\/p>\n\n\n\n<p class=\"wp-block-paragraph\">El mensaje enviado por el dirigente sindical busca explicar a los trabajadores qu\u00e9 escenario tienen frente a ellos y, sobre todo, qu\u00e9 podr\u00eda ocurrir si deciden no aceptar la baja.<\/p>\n\n\n\n<h3 class=\"wp-block-heading\"><strong>El Golf podr\u00eda abrir una segunda oportunidad<\/strong><\/h3>\n\n\n\n<p class=\"wp-block-paragraph\">La expectativa sindical es que los trabajadores que acepten su salida puedan regresar posteriormente a Volkswagen <strong>conservando su antig\u00fcedad y grupo salarial actual<\/strong>, una posibilidad que depender\u00e1 de la llegada del nuevo proyecto productivo.<\/p>\n\n\n\n<p class=\"wp-block-paragraph\">El contexto es la desaparici\u00f3n del <strong>tercer turno del segmento Jetta-Tiguan<\/strong>, medida que provoc\u00f3 la salida de los 611 empleados.<\/p>\n\n\n\n<p class=\"wp-block-paragraph\"><strong>\ud83d\udd39 611 trabajadores fueron despedidos desde el 28 de agosto.<\/strong><br><strong>\ud83d\udd39 Volkswagen podr\u00eda recontratarlos en 8 a 10 meses.<\/strong><br><strong>\ud83d\udd39 El eventual regreso estar\u00eda relacionado con la producci\u00f3n del Golf.<\/strong><br><strong>\ud83d\udd39 El sindicato asegura que se buscar\u00eda respetar antig\u00fcedad y grupo salarial.<\/strong><\/p>\n\n\n\n<p class=\"wp-block-paragraph\">Sin embargo, para quienes decidan no firmar su baja, el camino ser\u00eda diferente.<\/p>\n\n\n\n<p class=\"wp-block-paragraph\">Barradas Castillo explic\u00f3 que esos trabajadores tendr\u00edan que acudir al <strong>Centro Federal de Conciliaci\u00f3n y Registro Laboral (CFCRL)<\/strong> para iniciar el procedimiento correspondiente. El problema, seg\u00fan expuso, es el tiempo.<\/p>\n\n\n\n<p class=\"wp-block-paragraph\">El proceso podr\u00eda prolongarse <strong>hasta un a\u00f1o<\/strong>, mientras que Volkswagen, de acuerdo con la explicaci\u00f3n sindical, podr\u00eda dejar de considerarlos para una futura contrataci\u00f3n debido a los costos asociados al procedimiento legal.<\/p>\n\n\n\n<p class=\"wp-block-paragraph\">En otras palabras, los trabajadores enfrentan una decisi\u00f3n que no parece sencilla: cerrar temporalmente la puerta para tener la posibilidad de volver a entrar, o iniciar un proceso laboral cuyo desenlace podr\u00eda llegar despu\u00e9s de que el nuevo proyecto ya est\u00e9 en marcha.<\/p>\n\n\n\n<h3 class=\"wp-block-heading\"><strong>Tambi\u00e9n buscan recuperar parte del ISR<\/strong><\/h3>\n\n\n\n<p class=\"wp-block-paragraph\">El sindicato inform\u00f3 adem\u00e1s que mantiene gestiones con el \u00e1rea de <strong>Recursos Humanos de Volkswagen<\/strong> para buscar un mecanismo de apoyo relacionado con la devoluci\u00f3n del <strong>Impuesto Sobre la Renta (ISR)<\/strong> ante la <strong>Procuradur\u00eda de la Defensa del Contribuyente (Prodecon)<\/strong>.<\/p>\n\n\n\n<p class=\"wp-block-paragraph\">La intenci\u00f3n es que los trabajadores puedan recuperar parte de los recursos que correspondan conforme a su situaci\u00f3n fiscal.<\/p>\n\n\n\n<p class=\"wp-block-paragraph\">A esto se suma otro pago pendiente.<\/p>\n\n\n\n<p class=\"wp-block-paragraph\">Una vez concluida la revisi\u00f3n contractual que actualmente se encuentra en proceso, los trabajadores recibir\u00edan <strong>un segundo cheque<\/strong>, correspondiente a las diferencias salariales y\/o bonos que eventualmente se logren obtener mediante la negociaci\u00f3n.<\/p>\n\n\n\n<p class=\"wp-block-paragraph\">Si quieres seguir esta y otras notas de inter\u00e9s en tiempo real, \u00fanete a nuestro canal de WhatsApp: <a href=\"https:\/\/whatsapp.com\/channel\/0029Va5CSyuEQIalZaJWpX1h?utm_source=chatgpt.com\">WhatsApp de Puebla En L\u00ednea<\/a><\/p>\n\n\n\n<h3 class=\"wp-block-heading\"><strong>\u00bfY qu\u00e9 pasar\u00e1 con los autom\u00f3viles en renta?<\/strong><\/h3>\n\n\n\n<p class=\"wp-block-paragraph\">Para los trabajadores que actualmente cuentan con <strong>un autom\u00f3vil en renta<\/strong>, el sindicato tambi\u00e9n dio una indicaci\u00f3n concreta.<\/p>\n\n\n\n<p class=\"wp-block-paragraph\">Podr\u00e1n devolver la unidad mediante una cita en el <strong>Centro T\u00e9cnico<\/strong>, durante d\u00edas h\u00e1biles.<\/p>\n\n\n\n<p class=\"wp-block-paragraph\">Es un detalle aparentemente menor frente a la dimensi\u00f3n del recorte, pero para cientos de familias cada tr\u00e1mite cuenta. Cuando se pierde un empleo, la incertidumbre no llega sola: tambi\u00e9n aparecen contratos, pagos, prestaciones, veh\u00edculos y decisiones que deben resolverse casi al mismo tiempo.<\/p>\n\n\n\n<h3 class=\"wp-block-heading\"><strong>Una industria que obliga a esperar<\/strong><\/h3>\n\n\n\n<p class=\"wp-block-paragraph\">La posible llegada del Golf representa una expectativa de recuperaci\u00f3n laboral, pero todav\u00eda no equivale a una garant\u00eda de recontrataci\u00f3n. Por ahora, el escenario planteado por el sindicato depende de que el proyecto avance y de las condiciones que finalmente establezca Volkswagen.<\/p>\n\n\n\n<p class=\"wp-block-paragraph\">Para los 611 trabajadores despedidos, los pr\u00f3ximos meses ser\u00e1n una espera dif\u00edcil. La industria automotriz suele moverse con calendarios, inversiones y cifras; detr\u00e1s de cada una de ellas, sin embargo, hay personas que deben pagar una casa, mantener una familia y decidir qu\u00e9 hacer cuando el futuro llega con fecha tentativa.<\/p>\n\n\n\n<p class=\"wp-block-paragraph\"><strong>La verdadera pregunta no es solamente cu\u00e1ndo volver\u00e1 el Golf a la planta de Cuautlancingo, sino cu\u00e1ntos de quienes hoy salen podr\u00e1n regresar cuando el nuevo proyecto comience.<\/strong><\/p>\n\n\n\n<p class=\"wp-block-paragraph\"><strong>Escrito por Redacci\u00f3n Puebla En L\u00ednea<\/strong><\/p>\n\n\n\n<h3 class=\"wp-block-heading\"><\/h3>\n\n\n\n<ol start=\"1\" class=\"wp-block-list\">\n<li><strong>\u00bfVolver\u00e1n a Volkswagen? La empresa podr\u00eda recontratar a 611 despedidos en Puebla por el proyecto del Golf<\/strong><\/li>\n\n\n\n<li><strong>Volkswagen despide a 611 en Puebla, pero el Golf podr\u00eda abrirles la puerta de regreso<\/strong><\/li>\n\n\n\n<li><strong>De la baja al posible regreso: esto les ofreci\u00f3 Volkswagen a los trabajadores despedidos en Cuautlancingo<\/strong><\/li>\n\n\n\n<li><strong>611 trabajadores esperan una nueva oportunidad en Volkswagen Puebla: el proyecto que podr\u00eda cambiarlo todo<\/strong><\/li>\n\n\n\n<li><strong>\u00bfFirmar la baja o ir a conciliaci\u00f3n? La decisi\u00f3n que enfrentan 611 trabajadores de Volkswagen en Puebla<\/strong><\/li>\n<\/ol>\n","protected":false},"excerpt":{"rendered":"<p>Volkswagen podr\u00eda volver a contratar en Puebla a los 611 trabajadores despedidos tras la eliminaci\u00f3n del tercer turno, pero la decisi\u00f3n tiene una condici\u00f3n que ya genera incertidumbre entre los t\u00e9cnicos: aceptar su baja para ser considerados en el proyecto del Golf. La planta de Volkswagen instalada en Cuautlancingo, Puebla, atraviesa uno de esos momentos&#8230;<\/p>\n","protected":false},"author":9,"featured_media":134835,"comment_status":"closed","ping_status":"closed","sticky":false,"template":"","format":"standard","meta":{"footnotes":""},"categories":[2],"tags":[1396],"class_list":["post-134834","post","type-post","status-publish","format-standard","has-post-thumbnail","hentry","category-puebla","tag-virales"],"yoast_head":"<!-- This site is optimized with the Yoast SEO plugin v28.4 - https:\/\/yoast.com\/product\/yoast-seo-wordpress\/ -->\n<title>Volkswagen podr\u00eda recontratar a 611 despedidos en Puebla para producir el Golf; esto les pidi\u00f3 el sindicato - Puebla En Linea<\/title>\n<meta name=\"description\" content=\"Volkswagen podr\u00eda recontratar a 611 despedidos en Puebla para producir el Golf; esto les pidi\u00f3 el sindicato Puebla\" \/>\n<meta name=\"robots\" content=\"index, follow, max-snippet:-1, max-image-preview:large, max-video-preview:-1\" \/>\n<link rel=\"canonical\" href=\"https:\/\/pueblaenlinea.com\/2025\/puebla\/volkswagen-podria-recontratar-a-611-despedidos-en-puebla-para-producir-el-golf-esto-les-pidio-el-sindicato\/\" \/>\n<meta property=\"og:locale\" content=\"es_MX\" \/>\n<meta property=\"og:type\" content=\"article\" \/>\n<meta property=\"og:title\" content=\"Volkswagen podr\u00eda recontratar a 611 despedidos en Puebla para producir el Golf; esto les pidi\u00f3 el sindicato - Puebla En Linea\" \/>\n<meta property=\"og:description\" content=\"Volkswagen podr\u00eda recontratar a 611 despedidos en Puebla para producir el Golf; esto les pidi\u00f3 el sindicato Puebla\" \/>\n<meta property=\"og:url\" content=\"https:\/\/pueblaenlinea.com\/2025\/puebla\/volkswagen-podria-recontratar-a-611-despedidos-en-puebla-para-producir-el-golf-esto-les-pidio-el-sindicato\/\" \/>\n<meta property=\"og:site_name\" content=\"Puebla En Linea\" \/>\n<meta property=\"article:publisher\" content=\"https:\/\/www.facebook.com\/pueblaenlineacom\" \/>\n<meta property=\"article:published_time\" content=\"2026-09-03T20:35:42+00:00\" \/>\n<meta property=\"article:modified_time\" content=\"2026-09-03T20:35:43+00:00\" \/>\n<meta property=\"og:image\" content=\"https:\/\/pueblaenlinea.com\/2025\/wp-content\/uploads\/2026\/09\/golf.jpg\" \/>\n\t<meta property=\"og:image:width\" content=\"1200\" \/>\n\t<meta property=\"og:image:height\" content=\"674\" \/>\n\t<meta property=\"og:image:type\" content=\"image\/jpeg\" \/>\n<meta name=\"author\" content=\"lupita Puebla en linea\" \/>\n<meta name=\"twitter:card\" content=\"summary_large_image\" \/>\n<meta name=\"twitter:label1\" content=\"Escrito por\" \/>\n\t<meta name=\"twitter:data1\" content=\"lupita Puebla en linea\" \/>\n\t<meta name=\"twitter:label2\" content=\"Tiempo de lectura\" \/>\n\t<meta name=\"twitter:data2\" content=\"4 minutos\" \/>\n<script type=\"application\/ld+json\" class=\"yoast-schema-graph\">{\"@context\":\"https:\\\/\\\/schema.org\",\"@graph\":[{\"@type\":\"Article\",\"@id\":\"https:\\\/\\\/pueblaenlinea.com\\\/2025\\\/puebla\\\/volkswagen-podria-recontratar-a-611-despedidos-en-puebla-para-producir-el-golf-esto-les-pidio-el-sindicato\\\/#article\",\"isPartOf\":{\"@id\":\"https:\\\/\\\/pueblaenlinea.com\\\/2025\\\/puebla\\\/volkswagen-podria-recontratar-a-611-despedidos-en-puebla-para-producir-el-golf-esto-les-pidio-el-sindicato\\\/\"},\"author\":{\"name\":\"lupita Puebla en linea\",\"@id\":\"https:\\\/\\\/pueblaenlinea.com\\\/2025\\\/#\\\/schema\\\/person\\\/2baf91de3092c7d50fb754a48f084d7f\"},\"headline\":\"Volkswagen podr\u00eda recontratar a 611 despedidos en Puebla para producir el Golf; esto les pidi\u00f3 el sindicato\",\"datePublished\":\"2026-09-03T20:35:42+00:00\",\"dateModified\":\"2026-09-03T20:35:43+00:00\",\"mainEntityOfPage\":{\"@id\":\"https:\\\/\\\/pueblaenlinea.com\\\/2025\\\/puebla\\\/volkswagen-podria-recontratar-a-611-despedidos-en-puebla-para-producir-el-golf-esto-les-pidio-el-sindicato\\\/\"},\"wordCount\":886,\"image\":{\"@id\":\"https:\\\/\\\/pueblaenlinea.com\\\/2025\\\/puebla\\\/volkswagen-podria-recontratar-a-611-despedidos-en-puebla-para-producir-el-golf-esto-les-pidio-el-sindicato\\\/#primaryimage\"},\"thumbnailUrl\":\"https:\\\/\\\/pueblaenlinea.com\\\/2025\\\/wp-content\\\/uploads\\\/2026\\\/09\\\/golf.jpg\",\"keywords\":[\"virales\"],\"articleSection\":[\"Puebla\"],\"inLanguage\":\"es\"},{\"@type\":\"WebPage\",\"@id\":\"https:\\\/\\\/pueblaenlinea.com\\\/2025\\\/puebla\\\/volkswagen-podria-recontratar-a-611-despedidos-en-puebla-para-producir-el-golf-esto-les-pidio-el-sindicato\\\/\",\"url\":\"https:\\\/\\\/pueblaenlinea.com\\\/2025\\\/puebla\\\/volkswagen-podria-recontratar-a-611-despedidos-en-puebla-para-producir-el-golf-esto-les-pidio-el-sindicato\\\/\",\"name\":\"Volkswagen podr\u00eda recontratar a 611 despedidos en Puebla para producir el Golf; esto les pidi\u00f3 el sindicato - Puebla En Linea\",\"isPartOf\":{\"@id\":\"https:\\\/\\\/pueblaenlinea.com\\\/2025\\\/#website\"},\"primaryImageOfPage\":{\"@id\":\"https:\\\/\\\/pueblaenlinea.com\\\/2025\\\/puebla\\\/volkswagen-podria-recontratar-a-611-despedidos-en-puebla-para-producir-el-golf-esto-les-pidio-el-sindicato\\\/#primaryimage\"},\"image\":{\"@id\":\"https:\\\/\\\/pueblaenlinea.com\\\/2025\\\/puebla\\\/volkswagen-podria-recontratar-a-611-despedidos-en-puebla-para-producir-el-golf-esto-les-pidio-el-sindicato\\\/#primaryimage\"},\"thumbnailUrl\":\"https:\\\/\\\/pueblaenlinea.com\\\/2025\\\/wp-content\\\/uploads\\\/2026\\\/09\\\/golf.jpg\",\"datePublished\":\"2026-09-03T20:35:42+00:00\",\"dateModified\":\"2026-09-03T20:35:43+00:00\",\"author\":{\"@id\":\"https:\\\/\\\/pueblaenlinea.com\\\/2025\\\/#\\\/schema\\\/person\\\/2baf91de3092c7d50fb754a48f084d7f\"},\"description\":\"Volkswagen podr\u00eda recontratar a 611 despedidos en Puebla para producir el Golf; esto les pidi\u00f3 el sindicato Puebla\",\"breadcrumb\":{\"@id\":\"https:\\\/\\\/pueblaenlinea.com\\\/2025\\\/puebla\\\/volkswagen-podria-recontratar-a-611-despedidos-en-puebla-para-producir-el-golf-esto-les-pidio-el-sindicato\\\/#breadcrumb\"},\"inLanguage\":\"es\",\"potentialAction\":[{\"@type\":\"ReadAction\",\"target\":[\"https:\\\/\\\/pueblaenlinea.com\\\/2025\\\/puebla\\\/volkswagen-podria-recontratar-a-611-despedidos-en-puebla-para-producir-el-golf-esto-les-pidio-el-sindicato\\\/\"]}]},{\"@type\":\"ImageObject\",\"inLanguage\":\"es\",\"@id\":\"https:\\\/\\\/pueblaenlinea.com\\\/2025\\\/puebla\\\/volkswagen-podria-recontratar-a-611-despedidos-en-puebla-para-producir-el-golf-esto-les-pidio-el-sindicato\\\/#primaryimage\",\"url\":\"https:\\\/\\\/pueblaenlinea.com\\\/2025\\\/wp-content\\\/uploads\\\/2026\\\/09\\\/golf.jpg\",\"contentUrl\":\"https:\\\/\\\/pueblaenlinea.com\\\/2025\\\/wp-content\\\/uploads\\\/2026\\\/09\\\/golf.jpg\",\"width\":1200,\"height\":674},{\"@type\":\"BreadcrumbList\",\"@id\":\"https:\\\/\\\/pueblaenlinea.com\\\/2025\\\/puebla\\\/volkswagen-podria-recontratar-a-611-despedidos-en-puebla-para-producir-el-golf-esto-les-pidio-el-sindicato\\\/#breadcrumb\",\"itemListElement\":[{\"@type\":\"ListItem\",\"position\":1,\"name\":\"Inicio\",\"item\":\"https:\\\/\\\/pueblaenlinea.com\\\/2025\\\/\"},{\"@type\":\"ListItem\",\"position\":2,\"name\":\"Volkswagen podr\u00eda recontratar a 611 despedidos en Puebla para producir el Golf; esto les pidi\u00f3 el sindicato\"}]},{\"@type\":\"WebSite\",\"@id\":\"https:\\\/\\\/pueblaenlinea.com\\\/2025\\\/#website\",\"url\":\"https:\\\/\\\/pueblaenlinea.com\\\/2025\\\/\",\"name\":\"Puebla En Linea\",\"description\":\"noticias de puebla, periodismo serio y comprometido.\",\"potentialAction\":[{\"@type\":\"SearchAction\",\"target\":{\"@type\":\"EntryPoint\",\"urlTemplate\":\"https:\\\/\\\/pueblaenlinea.com\\\/2025\\\/?s={search_term_string}\"},\"query-input\":{\"@type\":\"PropertyValueSpecification\",\"valueRequired\":true,\"valueName\":\"search_term_string\"}}],\"inLanguage\":\"es\"},{\"@type\":\"Person\",\"@id\":\"https:\\\/\\\/pueblaenlinea.com\\\/2025\\\/#\\\/schema\\\/person\\\/2baf91de3092c7d50fb754a48f084d7f\",\"name\":\"lupita Puebla en linea\",\"image\":{\"@type\":\"ImageObject\",\"inLanguage\":\"es\",\"@id\":\"https:\\\/\\\/pueblaenlinea.com\\\/2025\\\/wp-content\\\/litespeed\\\/avatar\\\/c3bdb4b8e42693060df9dbf8c3f9c41d.jpg?ver=1788290860\",\"url\":\"https:\\\/\\\/pueblaenlinea.com\\\/2025\\\/wp-content\\\/litespeed\\\/avatar\\\/c3bdb4b8e42693060df9dbf8c3f9c41d.jpg?ver=1788290860\",\"contentUrl\":\"https:\\\/\\\/pueblaenlinea.com\\\/2025\\\/wp-content\\\/litespeed\\\/avatar\\\/c3bdb4b8e42693060df9dbf8c3f9c41d.jpg?ver=1788290860\",\"caption\":\"lupita Puebla en linea\"},\"url\":\"https:\\\/\\\/pueblaenlinea.com\\\/2025\\\/author\\\/lupita\\\/\"}]}<\/script>\n<!-- \/ Yoast SEO plugin. -->","yoast_head_json":{"title":"Volkswagen podr\u00eda recontratar a 611 despedidos en Puebla para producir el Golf; esto les pidi\u00f3 el sindicato - Puebla En Linea","description":"Volkswagen podr\u00eda recontratar a 611 despedidos en Puebla para producir el Golf; esto les pidi\u00f3 el sindicato Puebla","robots":{"index":"index","follow":"follow","max-snippet":"max-snippet:-1","max-image-preview":"max-image-preview:large","max-video-preview":"max-video-preview:-1"},"canonical":"https:\/\/pueblaenlinea.com\/2025\/puebla\/volkswagen-podria-recontratar-a-611-despedidos-en-puebla-para-producir-el-golf-esto-les-pidio-el-sindicato\/","og_locale":"es_MX","og_type":"article","og_title":"Volkswagen podr\u00eda recontratar a 611 despedidos en Puebla para producir el Golf; esto les pidi\u00f3 el sindicato - Puebla En Linea","og_description":"Volkswagen podr\u00eda recontratar a 611 despedidos en Puebla para producir el Golf; esto les pidi\u00f3 el sindicato Puebla","og_url":"https:\/\/pueblaenlinea.com\/2025\/puebla\/volkswagen-podria-recontratar-a-611-despedidos-en-puebla-para-producir-el-golf-esto-les-pidio-el-sindicato\/","og_site_name":"Puebla En Linea","article_publisher":"https:\/\/www.facebook.com\/pueblaenlineacom","article_published_time":"2026-09-03T20:35:42+00:00","article_modified_time":"2026-09-03T20:35:43+00:00","og_image":[{"width":1200,"height":674,"url":"https:\/\/pueblaenlinea.com\/2025\/wp-content\/uploads\/2026\/09\/golf.jpg","type":"image\/jpeg"}],"author":"lupita Puebla en linea","twitter_card":"summary_large_image","twitter_misc":{"Escrito por":"lupita Puebla en linea","Tiempo de lectura":"4 minutos"},"schema":{"@context":"https:\/\/schema.org","@graph":[{"@type":"Article","@id":"https:\/\/pueblaenlinea.com\/2025\/puebla\/volkswagen-podria-recontratar-a-611-despedidos-en-puebla-para-producir-el-golf-esto-les-pidio-el-sindicato\/#article","isPartOf":{"@id":"https:\/\/pueblaenlinea.com\/2025\/puebla\/volkswagen-podria-recontratar-a-611-despedidos-en-puebla-para-producir-el-golf-esto-les-pidio-el-sindicato\/"},"author":{"name":"lupita Puebla en linea","@id":"https:\/\/pueblaenlinea.com\/2025\/#\/schema\/person\/2baf91de3092c7d50fb754a48f084d7f"},"headline":"Volkswagen podr\u00eda recontratar a 611 despedidos en Puebla para producir el Golf; esto les pidi\u00f3 el sindicato","datePublished":"2026-09-03T20:35:42+00:00","dateModified":"2026-09-03T20:35:43+00:00","mainEntityOfPage":{"@id":"https:\/\/pueblaenlinea.com\/2025\/puebla\/volkswagen-podria-recontratar-a-611-despedidos-en-puebla-para-producir-el-golf-esto-les-pidio-el-sindicato\/"},"wordCount":886,"image":{"@id":"https:\/\/pueblaenlinea.com\/2025\/puebla\/volkswagen-podria-recontratar-a-611-despedidos-en-puebla-para-producir-el-golf-esto-les-pidio-el-sindicato\/#primaryimage"},"thumbnailUrl":"https:\/\/pueblaenlinea.com\/2025\/wp-content\/uploads\/2026\/09\/golf.jpg","keywords":["virales"],"articleSection":["Puebla"],"inLanguage":"es"},{"@type":"WebPage","@id":"https:\/\/pueblaenlinea.com\/2025\/puebla\/volkswagen-podria-recontratar-a-611-despedidos-en-puebla-para-producir-el-golf-esto-les-pidio-el-sindicato\/","url":"https:\/\/pueblaenlinea.com\/2025\/puebla\/volkswagen-podria-recontratar-a-611-despedidos-en-puebla-para-producir-el-golf-esto-les-pidio-el-sindicato\/","name":"Volkswagen podr\u00eda recontratar a 611 despedidos en Puebla para producir el Golf; esto les pidi\u00f3 el sindicato - Puebla En Linea","isPartOf":{"@id":"https:\/\/pueblaenlinea.com\/2025\/#website"},"primaryImageOfPage":{"@id":"https:\/\/pueblaenlinea.com\/2025\/puebla\/volkswagen-podria-recontratar-a-611-despedidos-en-puebla-para-producir-el-golf-esto-les-pidio-el-sindicato\/#primaryimage"},"image":{"@id":"https:\/\/pueblaenlinea.com\/2025\/puebla\/volkswagen-podria-recontratar-a-611-despedidos-en-puebla-para-producir-el-golf-esto-les-pidio-el-sindicato\/#primaryimage"},"thumbnailUrl":"https:\/\/pueblaenlinea.com\/2025\/wp-content\/uploads\/2026\/09\/golf.jpg","datePublished":"2026-09-03T20:35:42+00:00","dateModified":"2026-09-03T20:35:43+00:00","author":{"@id":"https:\/\/pueblaenlinea.com\/2025\/#\/schema\/person\/2baf91de3092c7d50fb754a48f084d7f"},"description":"Volkswagen podr\u00eda recontratar a 611 despedidos en Puebla para producir el Golf; esto les pidi\u00f3 el sindicato Puebla","breadcrumb":{"@id":"https:\/\/pueblaenlinea.com\/2025\/puebla\/volkswagen-podria-recontratar-a-611-despedidos-en-puebla-para-producir-el-golf-esto-les-pidio-el-sindicato\/#breadcrumb"},"inLanguage":"es","potentialAction":[{"@type":"ReadAction","target":["https:\/\/pueblaenlinea.com\/2025\/puebla\/volkswagen-podria-recontratar-a-611-despedidos-en-puebla-para-producir-el-golf-esto-les-pidio-el-sindicato\/"]}]},{"@type":"ImageObject","inLanguage":"es","@id":"https:\/\/pueblaenlinea.com\/2025\/puebla\/volkswagen-podria-recontratar-a-611-despedidos-en-puebla-para-producir-el-golf-esto-les-pidio-el-sindicato\/#primaryimage","url":"https:\/\/pueblaenlinea.com\/2025\/wp-content\/uploads\/2026\/09\/golf.jpg","contentUrl":"https:\/\/pueblaenlinea.com\/2025\/wp-content\/uploads\/2026\/09\/golf.jpg","width":1200,"height":674},{"@type":"BreadcrumbList","@id":"https:\/\/pueblaenlinea.com\/2025\/puebla\/volkswagen-podria-recontratar-a-611-despedidos-en-puebla-para-producir-el-golf-esto-les-pidio-el-sindicato\/#breadcrumb","itemListElement":[{"@type":"ListItem","position":1,"name":"Inicio","item":"https:\/\/pueblaenlinea.com\/2025\/"},{"@type":"ListItem","position":2,"name":"Volkswagen podr\u00eda recontratar a 611 despedidos en Puebla para producir el Golf; esto les pidi\u00f3 el sindicato"}]},{"@type":"WebSite","@id":"https:\/\/pueblaenlinea.com\/2025\/#website","url":"https:\/\/pueblaenlinea.com\/2025\/","name":"Puebla En Linea","description":"noticias de puebla, periodismo serio y comprometido.","potentialAction":[{"@type":"SearchAction","target":{"@type":"EntryPoint","urlTemplate":"https:\/\/pueblaenlinea.com\/2025\/?s={search_term_string}"},"query-input":{"@type":"PropertyValueSpecification","valueRequired":true,"valueName":"search_term_string"}}],"inLanguage":"es"},{"@type":"Person","@id":"https:\/\/pueblaenlinea.com\/2025\/#\/schema\/person\/2baf91de3092c7d50fb754a48f084d7f","name":"lupita Puebla en linea","image":{"@type":"ImageObject","inLanguage":"es","@id":"https:\/\/pueblaenlinea.com\/2025\/wp-content\/litespeed\/avatar\/c3bdb4b8e42693060df9dbf8c3f9c41d.jpg?ver=1788290860","url":"https:\/\/pueblaenlinea.com\/2025\/wp-content\/litespeed\/avatar\/c3bdb4b8e42693060df9dbf8c3f9c41d.jpg?ver=1788290860","contentUrl":"https:\/\/pueblaenlinea.com\/2025\/wp-content\/litespeed\/avatar\/c3bdb4b8e42693060df9dbf8c3f9c41d.jpg?ver=1788290860","caption":"lupita Puebla en linea"},"url":"https:\/\/pueblaenlinea.com\/2025\/author\/lupita\/"}]}},"_links":{"self":[{"href":"https:\/\/pueblaenlinea.com\/2025\/wp-json\/wp\/v2\/posts\/134834","targetHints":{"allow":["GET"]}}],"collection":[{"href":"https:\/\/pueblaenlinea.com\/2025\/wp-json\/wp\/v2\/posts"}],"about":[{"href":"https:\/\/pueblaenlinea.com\/2025\/wp-json\/wp\/v2\/types\/post"}],"author":[{"embeddable":true,"href":"https:\/\/pueblaenlinea.com\/2025\/wp-json\/wp\/v2\/users\/9"}],"replies":[{"embeddable":true,"href":"https:\/\/pueblaenlinea.com\/2025\/wp-json\/wp\/v2\/comments?post=134834"}],"version-history":[{"count":0,"href":"https:\/\/pueblaenlinea.com\/2025\/wp-json\/wp\/v2\/posts\/134834\/revisions"}],"wp:featuredmedia":[{"embeddable":true,"href":"https:\/\/pueblaenlinea.com\/2025\/wp-json\/wp\/v2\/media\/134835"}],"wp:attachment":[{"href":"https:\/\/pueblaenlinea.com\/2025\/wp-json\/wp\/v2\/media?parent=134834"}],"wp:term":[{"taxonomy":"category","embeddable":true,"href":"https:\/\/pueblaenlinea.com\/2025\/wp-json\/wp\/v2\/categories?post=134834"},{"taxonomy":"post_tag","embeddable":true,"href":"https:\/\/pueblaenlinea.com\/2025\/wp-json\/wp\/v2\/tags?post=134834"}],"curies":[{"name":"wp","href":"https:\/\/api.w.org\/{rel}","templated":true}]}}