{"id":134832,"date":"2026-09-03T13:48:00","date_gmt":"2026-09-03T19:48:00","guid":{"rendered":"https:\/\/pueblaenlinea.com\/2025\/?p=134832"},"modified":"2026-09-03T13:48:00","modified_gmt":"2026-09-03T19:48:00","slug":"el-amarillo-lider-de-los-rusos-no-operaba-en-puebla-solo-se-refugio-en-la-entidad-ssp","status":"publish","type":"post","link":"https:\/\/pueblaenlinea.com\/2025\/nota-roja\/el-amarillo-lider-de-los-rusos-no-operaba-en-puebla-solo-se-refugio-en-la-entidad-ssp\/","title":{"rendered":"\u201cEl Amarillo\u201d, l\u00edder de \u201cLos Rusos\u201d, no operaba en Puebla, solo se refugi\u00f3 en la entidad: SSP"},"content":{"rendered":"\n<p class=\"wp-block-paragraph\"><strong>Puebla.<\/strong>\u2014 La presencia de <strong>Gov\u00e9n Ulisses \u201cN\u201d, alias \u201cEl Amarillo\u201d o \u201cEl Gob\u00e9n\u201d<\/strong>, en Puebla no significaba, al menos hasta su captura, que su grupo estuviera operando criminalmente en territorio poblano. La explicaci\u00f3n de la Secretar\u00eda de Seguridad P\u00fablica (SSP) es otra: <strong>habr\u00eda llegado al estado para esconderse y evadir a las autoridades<\/strong>.<\/p>\n\n\n\n<p class=\"wp-block-paragraph\">El vicealmirante <strong>Francisco S\u00e1nchez Gonz\u00e1lez<\/strong>, titular de la SSP, afirm\u00f3 que \u201cEl Amarillo\u201d, identificado como presunto l\u00edder de <strong>\u201cLos Rusos\u201d<\/strong>, c\u00e9lula vinculada al C\u00e1rtel de Sinaloa con presencia principalmente en Acapulco, Guerrero, y sus acompa\u00f1antes <strong>no realizaban actividades delictivas en Puebla antes de ser detenidos<\/strong>.<\/p>\n\n\n\n<blockquote class=\"wp-block-quote is-layout-flow wp-block-quote-is-layout-flow\">\n<p class=\"wp-block-paragraph\"><strong>\u201cEl Amarillo\u201d fue capturado en Lomas de Angel\u00f3polis por fuerzas federales.<\/strong><\/p>\n<\/blockquote>\n\n\n\n<p class=\"wp-block-paragraph\">El operativo fue encabezado por la Secretar\u00eda de Seguridad y Protecci\u00f3n Ciudadana (SSPC), a cargo de <strong>Omar Garc\u00eda Harfuch<\/strong>, como parte de trabajos de inteligencia e investigaci\u00f3n.<\/p>\n\n\n\n<p class=\"wp-block-paragraph\">A \u201cEl Amarillo\u201d se le atribuyen presuntamente delitos como <strong>extorsi\u00f3n, secuestro, homicidio y tr\u00e1fico y distribuci\u00f3n de drogas<\/strong>.<\/p>\n\n\n\n<blockquote class=\"wp-block-quote is-layout-flow wp-block-quote-is-layout-flow\">\n<p class=\"wp-block-paragraph\"><strong>La SSP sostiene que Puebla era utilizado como refugio, no como centro de operaciones.<\/strong><\/p>\n<\/blockquote>\n\n\n\n<p class=\"wp-block-paragraph\">S\u00e1nchez Gonz\u00e1lez record\u00f3 que al inicio de la actual administraci\u00f3n se hab\u00eda identificado la presencia de <strong>siete grupos criminales en Puebla<\/strong>, entre ellos el C\u00e1rtel de Sinaloa. Sin embargo, la reciente captura de integrantes de esta organizaci\u00f3n llam\u00f3 especialmente la atenci\u00f3n de las autoridades.<\/p>\n\n\n\n<p class=\"wp-block-paragraph\">La semana pasada, en <strong>San Andr\u00e9s Cholula<\/strong>, tambi\u00e9n fue detenido <strong>Jes\u00fas Alberto \u201cN\u201d, alias \u201cEl Dron\u201d<\/strong>, se\u00f1alado como presunto integrante del C\u00e1rtel de Sinaloa y relacionado por las autoridades con el homicidio del influencer <strong>C\u00e9sar Gast\u00e9lum<\/strong>.<\/p>\n\n\n\n<p class=\"wp-block-paragraph\">En ese operativo se registr\u00f3 un enfrentamiento que dej\u00f3 <strong>un civil muerto y dos personas detenidas<\/strong>.<\/p>\n\n\n\n<h3 class=\"wp-block-heading\">Puebla, un refugio por su ubicaci\u00f3n<\/h3>\n\n\n\n<p class=\"wp-block-paragraph\">El titular de la SSP explic\u00f3 que la entidad ofrece una ventaja estrat\u00e9gica para quienes buscan ocultarse: <strong>su cercan\u00eda con estados donde distintas c\u00e9lulas criminales mantienen sus principales actividades<\/strong>.<\/p>\n\n\n\n<p class=\"wp-block-paragraph\">Incluso, se\u00f1al\u00f3 que durante a\u00f1os algunos integrantes de grupos delictivos habr\u00edan llegado a Puebla acompa\u00f1ados de sus familias. Sus hijos, dijo, estudiaban en escuelas de la capital y municipios de la zona conurbada.<\/p>\n\n\n\n<p class=\"wp-block-paragraph\">Si quieres seguir esta y otras notas de inter\u00e9s en tiempo real, \u00fanete a nuestro canal de WhatsApp: <a href=\"https:\/\/whatsapp.com\/channel\/0029Va5CSyuEQIalZaJWpX1h?utm_source=chatgpt.com\">Canal de WhatsApp<\/a><\/p>\n\n\n\n<blockquote class=\"wp-block-quote is-layout-flow wp-block-quote-is-layout-flow\">\n<p class=\"wp-block-paragraph\"><strong>La SSP advierte que la presencia de integrantes del C\u00e1rtel de Sinaloa en Puebla es un fen\u00f3meno que ahora tendr\u00e1 mayor vigilancia.<\/strong><\/p>\n<\/blockquote>\n\n\n\n<p class=\"wp-block-paragraph\">Sobre \u201cEl Amarillo\u201d, S\u00e1nchez Gonz\u00e1lez revel\u00f3 que aproximadamente un mes antes de su captura, autoridades estatales y la <strong>Fiscal\u00eda General del Estado (FGE)<\/strong> ya hab\u00edan intentado asegurarlo, aunque aquella operaci\u00f3n no tuvo \u00e9xito.<\/p>\n\n\n\n<p class=\"wp-block-paragraph\">Ahora, tras su detenci\u00f3n en Lomas de Angel\u00f3polis, la Secretar\u00eda de Seguridad P\u00fablica asegura que pondr\u00e1 especial atenci\u00f3n en <strong>la llegada de otros grupos criminales para impedir que conviertan a Puebla en un lugar de asentamiento<\/strong>.<\/p>\n\n\n\n<p class=\"wp-block-paragraph\">Puebla vuelve a quedar frente a una vieja paradoja: su ubicaci\u00f3n puede ser una ventaja para la econom\u00eda y la movilidad, pero esa misma cercan\u00eda tambi\u00e9n puede convertirla en escondite para quienes buscan desaparecer del radar de la justicia.<\/p>\n\n\n\n<p class=\"wp-block-paragraph\"><strong>Escrito por Redacci\u00f3n Puebla En L\u00ednea<\/strong><\/p>\n\n\n\n<h3 class=\"wp-block-heading\"><\/h3>\n\n\n\n<ol class=\"wp-block-list\">\n<li><strong>\u201cEl Amarillo\u201d se escond\u00eda en Puebla: SSP explica por qu\u00e9 eligi\u00f3 Lomas de Angel\u00f3polis<\/strong><\/li>\n\n\n\n<li><strong>\u00bfPor qu\u00e9 \u201cLos Rusos\u201d llegaron a Puebla? Esto revel\u00f3 la Secretar\u00eda de Seguridad<\/strong><\/li>\n\n\n\n<li><strong>Puebla era refugio para criminales, no centro de operaciones: SSP tras captura de \u201cEl Amarillo\u201d<\/strong><\/li>\n\n\n\n<li><strong>De Acapulco a Puebla: as\u00ed habr\u00edan utilizado el estado para ocultarse de la justicia<\/strong><\/li>\n\n\n\n<li><strong>\u201cEl Amarillo\u201d y \u201cEl Dron\u201d: las dos capturas que encendieron las alertas en Puebla<\/strong><\/li>\n<\/ol>\n","protected":false},"excerpt":{"rendered":"<p>Puebla.\u2014 La presencia de Gov\u00e9n Ulisses \u201cN\u201d, alias \u201cEl Amarillo\u201d o \u201cEl Gob\u00e9n\u201d, en Puebla no significaba, al menos hasta su captura, que su grupo estuviera operando criminalmente en territorio poblano. La explicaci\u00f3n de la Secretar\u00eda de Seguridad P\u00fablica (SSP) es otra: habr\u00eda llegado al estado para esconderse y evadir a las autoridades. El vicealmirante&#8230;<\/p>\n","protected":false},"author":9,"featured_media":134833,"comment_status":"closed","ping_status":"closed","sticky":false,"template":"","format":"standard","meta":{"footnotes":""},"categories":[24],"tags":[1401],"class_list":["post-134832","post","type-post","status-publish","format-standard","has-post-thumbnail","hentry","category-nota-roja","tag-asesinato-puebla"],"yoast_head":"<!-- This site is optimized with the Yoast SEO plugin v28.4 - https:\/\/yoast.com\/product\/yoast-seo-wordpress\/ -->\n<title>\u201cEl Amarillo\u201d, l\u00edder de \u201cLos Rusos\u201d, no operaba en Puebla, solo se refugi\u00f3 en la entidad: SSP - Puebla En Linea<\/title>\n<meta name=\"description\" content=\"\u201cEl Amarillo\u201d, l\u00edder de \u201cLos Rusos\u201d, no operaba en Puebla, solo se refugi\u00f3 en la entidad: SSP Nota Roja\" \/>\n<meta name=\"robots\" content=\"index, follow, max-snippet:-1, max-image-preview:large, max-video-preview:-1\" \/>\n<link rel=\"canonical\" href=\"https:\/\/pueblaenlinea.com\/2025\/nota-roja\/el-amarillo-lider-de-los-rusos-no-operaba-en-puebla-solo-se-refugio-en-la-entidad-ssp\/\" \/>\n<meta property=\"og:locale\" content=\"es_MX\" \/>\n<meta property=\"og:type\" content=\"article\" \/>\n<meta property=\"og:title\" content=\"\u201cEl Amarillo\u201d, l\u00edder de \u201cLos Rusos\u201d, no operaba en Puebla, solo se refugi\u00f3 en la entidad: SSP - Puebla En Linea\" \/>\n<meta property=\"og:description\" content=\"\u201cEl Amarillo\u201d, l\u00edder de \u201cLos Rusos\u201d, no operaba en Puebla, solo se refugi\u00f3 en la entidad: SSP Nota Roja\" \/>\n<meta property=\"og:url\" content=\"https:\/\/pueblaenlinea.com\/2025\/nota-roja\/el-amarillo-lider-de-los-rusos-no-operaba-en-puebla-solo-se-refugio-en-la-entidad-ssp\/\" \/>\n<meta property=\"og:site_name\" content=\"Puebla En Linea\" \/>\n<meta property=\"article:publisher\" content=\"https:\/\/www.facebook.com\/pueblaenlineacom\" \/>\n<meta property=\"article:published_time\" content=\"2026-09-03T19:48:00+00:00\" \/>\n<meta property=\"og:image\" content=\"https:\/\/pueblaenlinea.com\/2025\/wp-content\/uploads\/2026\/09\/amarillopuebla.jpg\" \/>\n\t<meta property=\"og:image:width\" content=\"1200\" \/>\n\t<meta property=\"og:image:height\" content=\"674\" \/>\n\t<meta property=\"og:image:type\" content=\"image\/jpeg\" \/>\n<meta name=\"author\" content=\"lupita Puebla en linea\" \/>\n<meta name=\"twitter:card\" content=\"summary_large_image\" \/>\n<meta name=\"twitter:label1\" content=\"Escrito por\" \/>\n\t<meta name=\"twitter:data1\" content=\"lupita Puebla en linea\" \/>\n\t<meta name=\"twitter:label2\" content=\"Tiempo de lectura\" \/>\n\t<meta name=\"twitter:data2\" content=\"3 minutos\" \/>\n<script type=\"application\/ld+json\" class=\"yoast-schema-graph\">{\"@context\":\"https:\\\/\\\/schema.org\",\"@graph\":[{\"@type\":\"Article\",\"@id\":\"https:\\\/\\\/pueblaenlinea.com\\\/2025\\\/nota-roja\\\/el-amarillo-lider-de-los-rusos-no-operaba-en-puebla-solo-se-refugio-en-la-entidad-ssp\\\/#article\",\"isPartOf\":{\"@id\":\"https:\\\/\\\/pueblaenlinea.com\\\/2025\\\/nota-roja\\\/el-amarillo-lider-de-los-rusos-no-operaba-en-puebla-solo-se-refugio-en-la-entidad-ssp\\\/\"},\"author\":{\"name\":\"lupita Puebla en linea\",\"@id\":\"https:\\\/\\\/pueblaenlinea.com\\\/2025\\\/#\\\/schema\\\/person\\\/2baf91de3092c7d50fb754a48f084d7f\"},\"headline\":\"\u201cEl Amarillo\u201d, l\u00edder de \u201cLos Rusos\u201d, no operaba en Puebla, solo se refugi\u00f3 en la entidad: SSP\",\"datePublished\":\"2026-09-03T19:48:00+00:00\",\"mainEntityOfPage\":{\"@id\":\"https:\\\/\\\/pueblaenlinea.com\\\/2025\\\/nota-roja\\\/el-amarillo-lider-de-los-rusos-no-operaba-en-puebla-solo-se-refugio-en-la-entidad-ssp\\\/\"},\"wordCount\":642,\"image\":{\"@id\":\"https:\\\/\\\/pueblaenlinea.com\\\/2025\\\/nota-roja\\\/el-amarillo-lider-de-los-rusos-no-operaba-en-puebla-solo-se-refugio-en-la-entidad-ssp\\\/#primaryimage\"},\"thumbnailUrl\":\"https:\\\/\\\/pueblaenlinea.com\\\/2025\\\/wp-content\\\/uploads\\\/2026\\\/09\\\/amarillopuebla.jpg\",\"keywords\":[\"asesinato puebla\"],\"articleSection\":[\"Nota Roja\"],\"inLanguage\":\"es\"},{\"@type\":\"WebPage\",\"@id\":\"https:\\\/\\\/pueblaenlinea.com\\\/2025\\\/nota-roja\\\/el-amarillo-lider-de-los-rusos-no-operaba-en-puebla-solo-se-refugio-en-la-entidad-ssp\\\/\",\"url\":\"https:\\\/\\\/pueblaenlinea.com\\\/2025\\\/nota-roja\\\/el-amarillo-lider-de-los-rusos-no-operaba-en-puebla-solo-se-refugio-en-la-entidad-ssp\\\/\",\"name\":\"\u201cEl Amarillo\u201d, l\u00edder de \u201cLos Rusos\u201d, no operaba en Puebla, solo se refugi\u00f3 en la entidad: SSP - Puebla En Linea\",\"isPartOf\":{\"@id\":\"https:\\\/\\\/pueblaenlinea.com\\\/2025\\\/#website\"},\"primaryImageOfPage\":{\"@id\":\"https:\\\/\\\/pueblaenlinea.com\\\/2025\\\/nota-roja\\\/el-amarillo-lider-de-los-rusos-no-operaba-en-puebla-solo-se-refugio-en-la-entidad-ssp\\\/#primaryimage\"},\"image\":{\"@id\":\"https:\\\/\\\/pueblaenlinea.com\\\/2025\\\/nota-roja\\\/el-amarillo-lider-de-los-rusos-no-operaba-en-puebla-solo-se-refugio-en-la-entidad-ssp\\\/#primaryimage\"},\"thumbnailUrl\":\"https:\\\/\\\/pueblaenlinea.com\\\/2025\\\/wp-content\\\/uploads\\\/2026\\\/09\\\/amarillopuebla.jpg\",\"datePublished\":\"2026-09-03T19:48:00+00:00\",\"author\":{\"@id\":\"https:\\\/\\\/pueblaenlinea.com\\\/2025\\\/#\\\/schema\\\/person\\\/2baf91de3092c7d50fb754a48f084d7f\"},\"description\":\"\u201cEl Amarillo\u201d, l\u00edder de \u201cLos Rusos\u201d, no operaba en Puebla, solo se refugi\u00f3 en la entidad: SSP Nota Roja\",\"breadcrumb\":{\"@id\":\"https:\\\/\\\/pueblaenlinea.com\\\/2025\\\/nota-roja\\\/el-amarillo-lider-de-los-rusos-no-operaba-en-puebla-solo-se-refugio-en-la-entidad-ssp\\\/#breadcrumb\"},\"inLanguage\":\"es\",\"potentialAction\":[{\"@type\":\"ReadAction\",\"target\":[\"https:\\\/\\\/pueblaenlinea.com\\\/2025\\\/nota-roja\\\/el-amarillo-lider-de-los-rusos-no-operaba-en-puebla-solo-se-refugio-en-la-entidad-ssp\\\/\"]}]},{\"@type\":\"ImageObject\",\"inLanguage\":\"es\",\"@id\":\"https:\\\/\\\/pueblaenlinea.com\\\/2025\\\/nota-roja\\\/el-amarillo-lider-de-los-rusos-no-operaba-en-puebla-solo-se-refugio-en-la-entidad-ssp\\\/#primaryimage\",\"url\":\"https:\\\/\\\/pueblaenlinea.com\\\/2025\\\/wp-content\\\/uploads\\\/2026\\\/09\\\/amarillopuebla.jpg\",\"contentUrl\":\"https:\\\/\\\/pueblaenlinea.com\\\/2025\\\/wp-content\\\/uploads\\\/2026\\\/09\\\/amarillopuebla.jpg\",\"width\":1200,\"height\":674},{\"@type\":\"BreadcrumbList\",\"@id\":\"https:\\\/\\\/pueblaenlinea.com\\\/2025\\\/nota-roja\\\/el-amarillo-lider-de-los-rusos-no-operaba-en-puebla-solo-se-refugio-en-la-entidad-ssp\\\/#breadcrumb\",\"itemListElement\":[{\"@type\":\"ListItem\",\"position\":1,\"name\":\"Inicio\",\"item\":\"https:\\\/\\\/pueblaenlinea.com\\\/2025\\\/\"},{\"@type\":\"ListItem\",\"position\":2,\"name\":\"\u201cEl Amarillo\u201d, l\u00edder de \u201cLos Rusos\u201d, no operaba en Puebla, solo se refugi\u00f3 en la entidad: SSP\"}]},{\"@type\":\"WebSite\",\"@id\":\"https:\\\/\\\/pueblaenlinea.com\\\/2025\\\/#website\",\"url\":\"https:\\\/\\\/pueblaenlinea.com\\\/2025\\\/\",\"name\":\"Puebla En Linea\",\"description\":\"noticias de puebla, periodismo serio y comprometido.\",\"potentialAction\":[{\"@type\":\"SearchAction\",\"target\":{\"@type\":\"EntryPoint\",\"urlTemplate\":\"https:\\\/\\\/pueblaenlinea.com\\\/2025\\\/?s={search_term_string}\"},\"query-input\":{\"@type\":\"PropertyValueSpecification\",\"valueRequired\":true,\"valueName\":\"search_term_string\"}}],\"inLanguage\":\"es\"},{\"@type\":\"Person\",\"@id\":\"https:\\\/\\\/pueblaenlinea.com\\\/2025\\\/#\\\/schema\\\/person\\\/2baf91de3092c7d50fb754a48f084d7f\",\"name\":\"lupita Puebla en linea\",\"image\":{\"@type\":\"ImageObject\",\"inLanguage\":\"es\",\"@id\":\"https:\\\/\\\/pueblaenlinea.com\\\/2025\\\/wp-content\\\/litespeed\\\/avatar\\\/c3bdb4b8e42693060df9dbf8c3f9c41d.jpg?ver=1788290860\",\"url\":\"https:\\\/\\\/pueblaenlinea.com\\\/2025\\\/wp-content\\\/litespeed\\\/avatar\\\/c3bdb4b8e42693060df9dbf8c3f9c41d.jpg?ver=1788290860\",\"contentUrl\":\"https:\\\/\\\/pueblaenlinea.com\\\/2025\\\/wp-content\\\/litespeed\\\/avatar\\\/c3bdb4b8e42693060df9dbf8c3f9c41d.jpg?ver=1788290860\",\"caption\":\"lupita Puebla en linea\"},\"url\":\"https:\\\/\\\/pueblaenlinea.com\\\/2025\\\/author\\\/lupita\\\/\"}]}<\/script>\n<!-- \/ Yoast SEO plugin. -->","yoast_head_json":{"title":"\u201cEl Amarillo\u201d, l\u00edder de \u201cLos Rusos\u201d, no operaba en Puebla, solo se refugi\u00f3 en la entidad: SSP - Puebla En Linea","description":"\u201cEl Amarillo\u201d, l\u00edder de \u201cLos Rusos\u201d, no operaba en Puebla, solo se refugi\u00f3 en la entidad: SSP Nota Roja","robots":{"index":"index","follow":"follow","max-snippet":"max-snippet:-1","max-image-preview":"max-image-preview:large","max-video-preview":"max-video-preview:-1"},"canonical":"https:\/\/pueblaenlinea.com\/2025\/nota-roja\/el-amarillo-lider-de-los-rusos-no-operaba-en-puebla-solo-se-refugio-en-la-entidad-ssp\/","og_locale":"es_MX","og_type":"article","og_title":"\u201cEl Amarillo\u201d, l\u00edder de \u201cLos Rusos\u201d, no operaba en Puebla, solo se refugi\u00f3 en la entidad: SSP - Puebla En Linea","og_description":"\u201cEl Amarillo\u201d, l\u00edder de \u201cLos Rusos\u201d, no operaba en Puebla, solo se refugi\u00f3 en la entidad: SSP Nota Roja","og_url":"https:\/\/pueblaenlinea.com\/2025\/nota-roja\/el-amarillo-lider-de-los-rusos-no-operaba-en-puebla-solo-se-refugio-en-la-entidad-ssp\/","og_site_name":"Puebla En Linea","article_publisher":"https:\/\/www.facebook.com\/pueblaenlineacom","article_published_time":"2026-09-03T19:48:00+00:00","og_image":[{"width":1200,"height":674,"url":"https:\/\/pueblaenlinea.com\/2025\/wp-content\/uploads\/2026\/09\/amarillopuebla.jpg","type":"image\/jpeg"}],"author":"lupita Puebla en linea","twitter_card":"summary_large_image","twitter_misc":{"Escrito por":"lupita Puebla en linea","Tiempo de lectura":"3 minutos"},"schema":{"@context":"https:\/\/schema.org","@graph":[{"@type":"Article","@id":"https:\/\/pueblaenlinea.com\/2025\/nota-roja\/el-amarillo-lider-de-los-rusos-no-operaba-en-puebla-solo-se-refugio-en-la-entidad-ssp\/#article","isPartOf":{"@id":"https:\/\/pueblaenlinea.com\/2025\/nota-roja\/el-amarillo-lider-de-los-rusos-no-operaba-en-puebla-solo-se-refugio-en-la-entidad-ssp\/"},"author":{"name":"lupita Puebla en linea","@id":"https:\/\/pueblaenlinea.com\/2025\/#\/schema\/person\/2baf91de3092c7d50fb754a48f084d7f"},"headline":"\u201cEl Amarillo\u201d, l\u00edder de \u201cLos Rusos\u201d, no operaba en Puebla, solo se refugi\u00f3 en la entidad: SSP","datePublished":"2026-09-03T19:48:00+00:00","mainEntityOfPage":{"@id":"https:\/\/pueblaenlinea.com\/2025\/nota-roja\/el-amarillo-lider-de-los-rusos-no-operaba-en-puebla-solo-se-refugio-en-la-entidad-ssp\/"},"wordCount":642,"image":{"@id":"https:\/\/pueblaenlinea.com\/2025\/nota-roja\/el-amarillo-lider-de-los-rusos-no-operaba-en-puebla-solo-se-refugio-en-la-entidad-ssp\/#primaryimage"},"thumbnailUrl":"https:\/\/pueblaenlinea.com\/2025\/wp-content\/uploads\/2026\/09\/amarillopuebla.jpg","keywords":["asesinato puebla"],"articleSection":["Nota Roja"],"inLanguage":"es"},{"@type":"WebPage","@id":"https:\/\/pueblaenlinea.com\/2025\/nota-roja\/el-amarillo-lider-de-los-rusos-no-operaba-en-puebla-solo-se-refugio-en-la-entidad-ssp\/","url":"https:\/\/pueblaenlinea.com\/2025\/nota-roja\/el-amarillo-lider-de-los-rusos-no-operaba-en-puebla-solo-se-refugio-en-la-entidad-ssp\/","name":"\u201cEl Amarillo\u201d, l\u00edder de \u201cLos Rusos\u201d, no operaba en Puebla, solo se refugi\u00f3 en la entidad: SSP - Puebla En Linea","isPartOf":{"@id":"https:\/\/pueblaenlinea.com\/2025\/#website"},"primaryImageOfPage":{"@id":"https:\/\/pueblaenlinea.com\/2025\/nota-roja\/el-amarillo-lider-de-los-rusos-no-operaba-en-puebla-solo-se-refugio-en-la-entidad-ssp\/#primaryimage"},"image":{"@id":"https:\/\/pueblaenlinea.com\/2025\/nota-roja\/el-amarillo-lider-de-los-rusos-no-operaba-en-puebla-solo-se-refugio-en-la-entidad-ssp\/#primaryimage"},"thumbnailUrl":"https:\/\/pueblaenlinea.com\/2025\/wp-content\/uploads\/2026\/09\/amarillopuebla.jpg","datePublished":"2026-09-03T19:48:00+00:00","author":{"@id":"https:\/\/pueblaenlinea.com\/2025\/#\/schema\/person\/2baf91de3092c7d50fb754a48f084d7f"},"description":"\u201cEl Amarillo\u201d, l\u00edder de \u201cLos Rusos\u201d, no operaba en Puebla, solo se refugi\u00f3 en la entidad: SSP Nota Roja","breadcrumb":{"@id":"https:\/\/pueblaenlinea.com\/2025\/nota-roja\/el-amarillo-lider-de-los-rusos-no-operaba-en-puebla-solo-se-refugio-en-la-entidad-ssp\/#breadcrumb"},"inLanguage":"es","potentialAction":[{"@type":"ReadAction","target":["https:\/\/pueblaenlinea.com\/2025\/nota-roja\/el-amarillo-lider-de-los-rusos-no-operaba-en-puebla-solo-se-refugio-en-la-entidad-ssp\/"]}]},{"@type":"ImageObject","inLanguage":"es","@id":"https:\/\/pueblaenlinea.com\/2025\/nota-roja\/el-amarillo-lider-de-los-rusos-no-operaba-en-puebla-solo-se-refugio-en-la-entidad-ssp\/#primaryimage","url":"https:\/\/pueblaenlinea.com\/2025\/wp-content\/uploads\/2026\/09\/amarillopuebla.jpg","contentUrl":"https:\/\/pueblaenlinea.com\/2025\/wp-content\/uploads\/2026\/09\/amarillopuebla.jpg","width":1200,"height":674},{"@type":"BreadcrumbList","@id":"https:\/\/pueblaenlinea.com\/2025\/nota-roja\/el-amarillo-lider-de-los-rusos-no-operaba-en-puebla-solo-se-refugio-en-la-entidad-ssp\/#breadcrumb","itemListElement":[{"@type":"ListItem","position":1,"name":"Inicio","item":"https:\/\/pueblaenlinea.com\/2025\/"},{"@type":"ListItem","position":2,"name":"\u201cEl Amarillo\u201d, l\u00edder de \u201cLos Rusos\u201d, no operaba en Puebla, solo se refugi\u00f3 en la entidad: SSP"}]},{"@type":"WebSite","@id":"https:\/\/pueblaenlinea.com\/2025\/#website","url":"https:\/\/pueblaenlinea.com\/2025\/","name":"Puebla En Linea","description":"noticias de puebla, periodismo serio y comprometido.","potentialAction":[{"@type":"SearchAction","target":{"@type":"EntryPoint","urlTemplate":"https:\/\/pueblaenlinea.com\/2025\/?s={search_term_string}"},"query-input":{"@type":"PropertyValueSpecification","valueRequired":true,"valueName":"search_term_string"}}],"inLanguage":"es"},{"@type":"Person","@id":"https:\/\/pueblaenlinea.com\/2025\/#\/schema\/person\/2baf91de3092c7d50fb754a48f084d7f","name":"lupita Puebla en linea","image":{"@type":"ImageObject","inLanguage":"es","@id":"https:\/\/pueblaenlinea.com\/2025\/wp-content\/litespeed\/avatar\/c3bdb4b8e42693060df9dbf8c3f9c41d.jpg?ver=1788290860","url":"https:\/\/pueblaenlinea.com\/2025\/wp-content\/litespeed\/avatar\/c3bdb4b8e42693060df9dbf8c3f9c41d.jpg?ver=1788290860","contentUrl":"https:\/\/pueblaenlinea.com\/2025\/wp-content\/litespeed\/avatar\/c3bdb4b8e42693060df9dbf8c3f9c41d.jpg?ver=1788290860","caption":"lupita Puebla en linea"},"url":"https:\/\/pueblaenlinea.com\/2025\/author\/lupita\/"}]}},"_links":{"self":[{"href":"https:\/\/pueblaenlinea.com\/2025\/wp-json\/wp\/v2\/posts\/134832","targetHints":{"allow":["GET"]}}],"collection":[{"href":"https:\/\/pueblaenlinea.com\/2025\/wp-json\/wp\/v2\/posts"}],"about":[{"href":"https:\/\/pueblaenlinea.com\/2025\/wp-json\/wp\/v2\/types\/post"}],"author":[{"embeddable":true,"href":"https:\/\/pueblaenlinea.com\/2025\/wp-json\/wp\/v2\/users\/9"}],"replies":[{"embeddable":true,"href":"https:\/\/pueblaenlinea.com\/2025\/wp-json\/wp\/v2\/comments?post=134832"}],"version-history":[{"count":0,"href":"https:\/\/pueblaenlinea.com\/2025\/wp-json\/wp\/v2\/posts\/134832\/revisions"}],"wp:featuredmedia":[{"embeddable":true,"href":"https:\/\/pueblaenlinea.com\/2025\/wp-json\/wp\/v2\/media\/134833"}],"wp:attachment":[{"href":"https:\/\/pueblaenlinea.com\/2025\/wp-json\/wp\/v2\/media?parent=134832"}],"wp:term":[{"taxonomy":"category","embeddable":true,"href":"https:\/\/pueblaenlinea.com\/2025\/wp-json\/wp\/v2\/categories?post=134832"},{"taxonomy":"post_tag","embeddable":true,"href":"https:\/\/pueblaenlinea.com\/2025\/wp-json\/wp\/v2\/tags?post=134832"}],"curies":[{"name":"wp","href":"https:\/\/api.w.org\/{rel}","templated":true}]}}