{"id":134823,"date":"2026-09-03T11:25:05","date_gmt":"2026-09-03T17:25:05","guid":{"rendered":"https:\/\/pueblaenlinea.com\/2025\/?p=134823"},"modified":"2026-09-03T11:34:35","modified_gmt":"2026-09-03T17:34:35","slug":"nadie-le-hace-caso-denuncian-que-mujer-embarazada-paso-tres-dias-en-san-alejandro-sin-recibir-atencion","status":"publish","type":"post","link":"https:\/\/pueblaenlinea.com\/2025\/puebla\/nadie-le-hace-caso-denuncian-que-mujer-embarazada-paso-tres-dias-en-san-alejandro-sin-recibir-atencion\/","title":{"rendered":"\u201cNadie le hace caso\u201d: denuncian que mujer embarazada pas\u00f3 tres d\u00edas en San Alejandro sin recibir atenci\u00f3n"},"content":{"rendered":"\n<p class=\"wp-block-paragraph\"><strong>Familiares de una mujer embarazada denunciaron una presunta falta de atenci\u00f3n m\u00e9dica en el Hospital San Alejandro, en Puebla. Aseguran que la paciente llevaba tres d\u00edas internada y que, al dejar de percibir movimientos de su beb\u00e9, decidieron sacarla del hospital para llevarla a una cl\u00ednica particular.<\/strong><\/p>\n\n\n\n<p class=\"wp-block-paragraph\">La denuncia fue difundida mediante un video grabado al interior del <strong>Hospital San Alejandro<\/strong>, donde se observa a la mujer embarazada visiblemente afectada y llorando, mientras una familiar reclama la supuesta falta de atenci\u00f3n.<\/p>\n\n\n\n<p class=\"wp-block-paragraph\">En la grabaci\u00f3n, la mujer que acompa\u00f1a a la paciente asegura que llevaba <strong>tres d\u00edas internada<\/strong> y que, hasta ese momento, no hab\u00eda sido atendida para concluir el embarazo.<\/p>\n\n\n\n<p class=\"wp-block-paragraph\">\u201c<strong>Ah\u00ed est\u00e1 mi paciente sufriendo, nadie le hace caso, ya tiene tres d\u00edas aqu\u00ed<\/strong>\u201d, se escucha decir a la mujer mientras graba a su nuera.<\/p>\n\n\n\n<h3 class=\"wp-block-heading\">Familia decide sacar a la paciente del hospital<\/h3>\n\n\n\n<p class=\"wp-block-paragraph\">De acuerdo con el testimonio difundido en el video, la familia decidi\u00f3 trasladar a la paciente por sus propios medios ante lo que consideraron una falta de atenci\u00f3n.<\/p>\n\n\n\n<p class=\"wp-block-paragraph\">La mujer que realiza la grabaci\u00f3n se\u00f1ala que supuestamente les hab\u00edan informado que <strong>no hab\u00eda quir\u00f3fanos disponibles o personal para atenderla<\/strong>, adem\u00e1s de que se estar\u00eda esperando que el parto ocurriera de manera natural.<\/p>\n\n\n\n<p class=\"wp-block-paragraph\">\u201c<strong>Me voy a llevar a mi nuera porque no le han hecho nada aqu\u00ed en San Alejandro<\/strong>\u201d, afirma en la grabaci\u00f3n.<\/p>\n\n\n\n<p class=\"wp-block-paragraph\">La familiar tambi\u00e9n responsabiliz\u00f3 p\u00fablicamente al <strong>Instituto Mexicano del Seguro Social (IMSS)<\/strong> por cualquier complicaci\u00f3n que pudiera presentarse tanto a la mujer como al beb\u00e9.<\/p>\n\n\n\n<h3 class=\"wp-block-heading\">Posteriormente reportan presunto sufrimiento fetal<\/h3>\n\n\n\n<p class=\"wp-block-paragraph\">La familia asegura que, despu\u00e9s de trasladar a la paciente a una <strong>cl\u00ednica particular<\/strong>, m\u00e9dicos de ese establecimiento detectaron <strong>presunto sufrimiento fetal<\/strong> y determinaron que ser\u00eda necesario realizar una ces\u00e1rea.<\/p>\n\n\n\n<p class=\"wp-block-paragraph\">Este dato corresponde hasta ahora <strong>al relato de los familiares<\/strong> y deber\u00e1 ser respaldado mediante documentaci\u00f3n m\u00e9dica para establecer qu\u00e9 ocurri\u00f3, cu\u00e1l era la condici\u00f3n de la madre y del beb\u00e9 y qu\u00e9 atenci\u00f3n recibi\u00f3 previamente en San Alejandro.<\/p>\n\n\n\n<p class=\"wp-block-paragraph\">En las im\u00e1genes tambi\u00e9n se observa a la familia intentando obtener documentaci\u00f3n para poder retirar a la paciente del hospital.<\/p>\n\n\n\n<p class=\"wp-block-paragraph\">La mujer que graba el video reclama que no encuentra personal m\u00e9dico que le brinde informaci\u00f3n y afirma que, al solicitar el documento para trasladar a su nuera, <strong>no recibi\u00f3 respuesta clara<\/strong>.<\/p>\n\n\n\n<p class=\"wp-block-paragraph\">\u201c<strong>No hay nadie que nos atienda, no hay nadie que nos haga caso<\/strong>\u201d, se escucha decir en otro momento de la grabaci\u00f3n.<\/p>\n\n\n\n<h3 class=\"wp-block-heading\">Piden investigar lo ocurrido en San Alejandro<\/h3>\n\n\n\n<p class=\"wp-block-paragraph\">Los familiares solicitaron que el caso sea investigado para determinar <strong>qu\u00e9 atenci\u00f3n recibi\u00f3 la paciente durante los d\u00edas que permaneci\u00f3 internada<\/strong>, si existi\u00f3 alguna indicaci\u00f3n m\u00e9dica para esperar el parto natural y cu\u00e1les fueron las circunstancias que llevaron a la familia a trasladarla a una cl\u00ednica particular.<\/p>\n\n\n\n<p class=\"wp-block-paragraph\">Tambi\u00e9n ser\u00e1 necesario establecer, con base en los expedientes m\u00e9dicos, si efectivamente existi\u00f3 sufrimiento fetal, cu\u00e1ndo fue detectado y si hubo alg\u00fan retraso que pudiera haber influido en la condici\u00f3n de la paciente o del beb\u00e9.<\/p>\n\n\n\n<p class=\"wp-block-paragraph\">Hasta el momento, <strong>no se cuenta con la versi\u00f3n oficial del IMSS sobre el caso<\/strong>, por lo que no puede establecerse que haya existido negligencia m\u00e9dica \u00fanicamente a partir del video y el testimonio de la familia.<\/p>\n\n\n\n<h4 class=\"wp-block-heading\"><strong>Los puntos principales de la denuncia:<\/strong><\/h4>\n\n\n\n<ul class=\"wp-block-list\">\n<li>\ud83c\udfe5 <strong>Hospital se\u00f1alado:<\/strong> San Alejandro, Puebla.<\/li>\n\n\n\n<li>\ud83d\udc69 <strong>Paciente:<\/strong> mujer embarazada.<\/li>\n\n\n\n<li>\ud83d\udd52 <strong>Tiempo se\u00f1alado por la familia:<\/strong> tres d\u00edas internada.<\/li>\n\n\n\n<li>\u26a0\ufe0f <strong>Denuncia:<\/strong> presunta falta de atenci\u00f3n m\u00e9dica.<\/li>\n\n\n\n<li>\ud83d\ude91 <strong>Traslado:<\/strong> la familia llev\u00f3 a la paciente a una cl\u00ednica particular.<\/li>\n\n\n\n<li>\ud83d\udc76 <strong>Reporte posterior:<\/strong> presunto sufrimiento fetal, seg\u00fan los familiares.<\/li>\n\n\n\n<li>\u2696\ufe0f <strong>Petici\u00f3n:<\/strong> investigar lo ocurrido y determinar posibles responsabilidades.<\/li>\n<\/ul>\n\n\n\n<p class=\"wp-block-paragraph\"><a href=\"https:\/\/whatsapp.com\/channel\/0029Va5CSyuEQIalZaJWpX1h?utm_source=chatgpt.com\">Canal de WhatsApp de Puebla En L\u00ednea<\/a><\/p>\n\n\n\n<p class=\"wp-block-paragraph\">El video deja una escena dif\u00edcil de ignorar: una mujer embarazada llorando mientras su familia reclama que nadie la atiende. Pero m\u00e1s all\u00e1 de la indignaci\u00f3n que provoca la grabaci\u00f3n, quedan preguntas que solo los expedientes m\u00e9dicos y una investigaci\u00f3n formal pueden responder: <strong>qu\u00e9 atenci\u00f3n recibi\u00f3 la paciente, por qu\u00e9 permaneci\u00f3 varios d\u00edas hospitalizada y qu\u00e9 ocurri\u00f3 antes de que su familia decidiera llev\u00e1rsela<\/strong>.<\/p>\n\n\n\n<p class=\"wp-block-paragraph\"><strong>Escrito por Redacci\u00f3n Puebla En L\u00ednea<\/strong><\/p>\n\n\n\n<ol class=\"wp-block-list\">\n<li><strong>\u201cNadie le hace caso\u201d: denuncian que embarazada pas\u00f3 tres d\u00edas en San Alejandro sin atenci\u00f3n<\/strong><\/li>\n\n\n\n<li><strong>Familia saca a embarazada de San Alejandro y denuncia falta de atenci\u00f3n m\u00e9dica<\/strong><\/li>\n\n\n\n<li><strong>\u201cMe voy a llevar a mi nuera\u201d: familia denuncia presunta falta de atenci\u00f3n en San Alejandro<\/strong><\/li>\n\n\n\n<li><strong>Embarazada en labor de parto pas\u00f3 tres d\u00edas en San Alejandro; familia denuncia falta de quir\u00f3fanos y personal<\/strong><\/li>\n\n\n\n<li><strong>Embarazada en labor de parto pas\u00f3 tres d\u00edas en San Alejandro; familia denuncia falta de quir\u00f3fanos y personal<\/strong><\/li>\n<\/ol>\n","protected":false},"excerpt":{"rendered":"<p>Familiares de una mujer embarazada denunciaron una presunta falta de atenci\u00f3n m\u00e9dica en el Hospital San Alejandro, en Puebla. Aseguran que la paciente llevaba tres d\u00edas internada y que, al dejar de percibir movimientos de su beb\u00e9, decidieron sacarla del hospital para llevarla a una cl\u00ednica particular. La denuncia fue difundida mediante un video grabado&#8230;<\/p>\n","protected":false},"author":10,"featured_media":134824,"comment_status":"closed","ping_status":"closed","sticky":false,"template":"","format":"standard","meta":{"footnotes":""},"categories":[2],"tags":[1386,1396],"class_list":["post-134823","post","type-post","status-publish","format-standard","has-post-thumbnail","hentry","category-puebla","tag-puebla","tag-virales"],"yoast_head":"<!-- This site is optimized with the Yoast SEO plugin v28.4 - https:\/\/yoast.com\/product\/yoast-seo-wordpress\/ -->\n<title>\u201cNadie le hace caso\u201d: denuncian que mujer embarazada pas\u00f3 tres d\u00edas en San Alejandro sin recibir atenci\u00f3n - Puebla En Linea<\/title>\n<meta name=\"description\" content=\"\u201cNadie le hace caso\u201d: denuncian que mujer embarazada pas\u00f3 tres d\u00edas en San Alejandro sin recibir atenci\u00f3n Puebla\" \/>\n<meta name=\"robots\" content=\"index, follow, max-snippet:-1, max-image-preview:large, max-video-preview:-1\" \/>\n<link rel=\"canonical\" href=\"https:\/\/pueblaenlinea.com\/2025\/puebla\/nadie-le-hace-caso-denuncian-que-mujer-embarazada-paso-tres-dias-en-san-alejandro-sin-recibir-atencion\/\" \/>\n<meta property=\"og:locale\" content=\"es_MX\" \/>\n<meta property=\"og:type\" content=\"article\" \/>\n<meta property=\"og:title\" content=\"\u201cNadie le hace caso\u201d: denuncian que mujer embarazada pas\u00f3 tres d\u00edas en San Alejandro sin recibir atenci\u00f3n - Puebla En Linea\" \/>\n<meta property=\"og:description\" content=\"\u201cNadie le hace caso\u201d: denuncian que mujer embarazada pas\u00f3 tres d\u00edas en San Alejandro sin recibir atenci\u00f3n Puebla\" \/>\n<meta property=\"og:url\" content=\"https:\/\/pueblaenlinea.com\/2025\/puebla\/nadie-le-hace-caso-denuncian-que-mujer-embarazada-paso-tres-dias-en-san-alejandro-sin-recibir-atencion\/\" \/>\n<meta property=\"og:site_name\" content=\"Puebla En Linea\" \/>\n<meta property=\"article:publisher\" content=\"https:\/\/www.facebook.com\/pueblaenlineacom\" \/>\n<meta property=\"article:published_time\" content=\"2026-09-03T17:25:05+00:00\" \/>\n<meta property=\"article:modified_time\" content=\"2026-09-03T17:34:35+00:00\" \/>\n<meta property=\"og:image\" content=\"https:\/\/pueblaenlinea.com\/2025\/wp-content\/uploads\/2026\/09\/mujer-embarazada.jpg\" \/>\n\t<meta property=\"og:image:width\" content=\"1200\" \/>\n\t<meta property=\"og:image:height\" content=\"674\" \/>\n\t<meta property=\"og:image:type\" content=\"image\/jpeg\" \/>\n<meta name=\"author\" content=\"Jazmin Cardenas\" \/>\n<meta name=\"twitter:card\" content=\"summary_large_image\" \/>\n<meta name=\"twitter:label1\" content=\"Escrito por\" \/>\n\t<meta name=\"twitter:data1\" content=\"Jazmin Cardenas\" \/>\n\t<meta name=\"twitter:label2\" content=\"Tiempo de lectura\" \/>\n\t<meta name=\"twitter:data2\" content=\"4 minutos\" \/>\n<script type=\"application\/ld+json\" class=\"yoast-schema-graph\">{\"@context\":\"https:\\\/\\\/schema.org\",\"@graph\":[{\"@type\":\"Article\",\"@id\":\"https:\\\/\\\/pueblaenlinea.com\\\/2025\\\/puebla\\\/nadie-le-hace-caso-denuncian-que-mujer-embarazada-paso-tres-dias-en-san-alejandro-sin-recibir-atencion\\\/#article\",\"isPartOf\":{\"@id\":\"https:\\\/\\\/pueblaenlinea.com\\\/2025\\\/puebla\\\/nadie-le-hace-caso-denuncian-que-mujer-embarazada-paso-tres-dias-en-san-alejandro-sin-recibir-atencion\\\/\"},\"author\":{\"name\":\"Jazmin Cardenas\",\"@id\":\"https:\\\/\\\/pueblaenlinea.com\\\/2025\\\/#\\\/schema\\\/person\\\/21ecc830e083be84dbddd9a05208834f\"},\"headline\":\"\u201cNadie le hace caso\u201d: denuncian que mujer embarazada pas\u00f3 tres d\u00edas en San Alejandro sin recibir atenci\u00f3n\",\"datePublished\":\"2026-09-03T17:25:05+00:00\",\"dateModified\":\"2026-09-03T17:34:35+00:00\",\"mainEntityOfPage\":{\"@id\":\"https:\\\/\\\/pueblaenlinea.com\\\/2025\\\/puebla\\\/nadie-le-hace-caso-denuncian-que-mujer-embarazada-paso-tres-dias-en-san-alejandro-sin-recibir-atencion\\\/\"},\"wordCount\":837,\"image\":{\"@id\":\"https:\\\/\\\/pueblaenlinea.com\\\/2025\\\/puebla\\\/nadie-le-hace-caso-denuncian-que-mujer-embarazada-paso-tres-dias-en-san-alejandro-sin-recibir-atencion\\\/#primaryimage\"},\"thumbnailUrl\":\"https:\\\/\\\/pueblaenlinea.com\\\/2025\\\/wp-content\\\/uploads\\\/2026\\\/09\\\/mujer-embarazada.jpg\",\"keywords\":[\"Puebla\",\"virales\"],\"articleSection\":[\"Puebla\"],\"inLanguage\":\"es\"},{\"@type\":\"WebPage\",\"@id\":\"https:\\\/\\\/pueblaenlinea.com\\\/2025\\\/puebla\\\/nadie-le-hace-caso-denuncian-que-mujer-embarazada-paso-tres-dias-en-san-alejandro-sin-recibir-atencion\\\/\",\"url\":\"https:\\\/\\\/pueblaenlinea.com\\\/2025\\\/puebla\\\/nadie-le-hace-caso-denuncian-que-mujer-embarazada-paso-tres-dias-en-san-alejandro-sin-recibir-atencion\\\/\",\"name\":\"\u201cNadie le hace caso\u201d: denuncian que mujer embarazada pas\u00f3 tres d\u00edas en San Alejandro sin recibir atenci\u00f3n - Puebla En Linea\",\"isPartOf\":{\"@id\":\"https:\\\/\\\/pueblaenlinea.com\\\/2025\\\/#website\"},\"primaryImageOfPage\":{\"@id\":\"https:\\\/\\\/pueblaenlinea.com\\\/2025\\\/puebla\\\/nadie-le-hace-caso-denuncian-que-mujer-embarazada-paso-tres-dias-en-san-alejandro-sin-recibir-atencion\\\/#primaryimage\"},\"image\":{\"@id\":\"https:\\\/\\\/pueblaenlinea.com\\\/2025\\\/puebla\\\/nadie-le-hace-caso-denuncian-que-mujer-embarazada-paso-tres-dias-en-san-alejandro-sin-recibir-atencion\\\/#primaryimage\"},\"thumbnailUrl\":\"https:\\\/\\\/pueblaenlinea.com\\\/2025\\\/wp-content\\\/uploads\\\/2026\\\/09\\\/mujer-embarazada.jpg\",\"datePublished\":\"2026-09-03T17:25:05+00:00\",\"dateModified\":\"2026-09-03T17:34:35+00:00\",\"author\":{\"@id\":\"https:\\\/\\\/pueblaenlinea.com\\\/2025\\\/#\\\/schema\\\/person\\\/21ecc830e083be84dbddd9a05208834f\"},\"description\":\"\u201cNadie le hace caso\u201d: denuncian que mujer embarazada pas\u00f3 tres d\u00edas en San Alejandro sin recibir atenci\u00f3n Puebla\",\"breadcrumb\":{\"@id\":\"https:\\\/\\\/pueblaenlinea.com\\\/2025\\\/puebla\\\/nadie-le-hace-caso-denuncian-que-mujer-embarazada-paso-tres-dias-en-san-alejandro-sin-recibir-atencion\\\/#breadcrumb\"},\"inLanguage\":\"es\",\"potentialAction\":[{\"@type\":\"ReadAction\",\"target\":[\"https:\\\/\\\/pueblaenlinea.com\\\/2025\\\/puebla\\\/nadie-le-hace-caso-denuncian-que-mujer-embarazada-paso-tres-dias-en-san-alejandro-sin-recibir-atencion\\\/\"]}]},{\"@type\":\"ImageObject\",\"inLanguage\":\"es\",\"@id\":\"https:\\\/\\\/pueblaenlinea.com\\\/2025\\\/puebla\\\/nadie-le-hace-caso-denuncian-que-mujer-embarazada-paso-tres-dias-en-san-alejandro-sin-recibir-atencion\\\/#primaryimage\",\"url\":\"https:\\\/\\\/pueblaenlinea.com\\\/2025\\\/wp-content\\\/uploads\\\/2026\\\/09\\\/mujer-embarazada.jpg\",\"contentUrl\":\"https:\\\/\\\/pueblaenlinea.com\\\/2025\\\/wp-content\\\/uploads\\\/2026\\\/09\\\/mujer-embarazada.jpg\",\"width\":1200,\"height\":674},{\"@type\":\"BreadcrumbList\",\"@id\":\"https:\\\/\\\/pueblaenlinea.com\\\/2025\\\/puebla\\\/nadie-le-hace-caso-denuncian-que-mujer-embarazada-paso-tres-dias-en-san-alejandro-sin-recibir-atencion\\\/#breadcrumb\",\"itemListElement\":[{\"@type\":\"ListItem\",\"position\":1,\"name\":\"Inicio\",\"item\":\"https:\\\/\\\/pueblaenlinea.com\\\/2025\\\/\"},{\"@type\":\"ListItem\",\"position\":2,\"name\":\"\u201cNadie le hace caso\u201d: denuncian que mujer embarazada pas\u00f3 tres d\u00edas en San Alejandro sin recibir atenci\u00f3n\"}]},{\"@type\":\"WebSite\",\"@id\":\"https:\\\/\\\/pueblaenlinea.com\\\/2025\\\/#website\",\"url\":\"https:\\\/\\\/pueblaenlinea.com\\\/2025\\\/\",\"name\":\"Puebla En Linea\",\"description\":\"noticias de puebla, periodismo serio y comprometido.\",\"potentialAction\":[{\"@type\":\"SearchAction\",\"target\":{\"@type\":\"EntryPoint\",\"urlTemplate\":\"https:\\\/\\\/pueblaenlinea.com\\\/2025\\\/?s={search_term_string}\"},\"query-input\":{\"@type\":\"PropertyValueSpecification\",\"valueRequired\":true,\"valueName\":\"search_term_string\"}}],\"inLanguage\":\"es\"},{\"@type\":\"Person\",\"@id\":\"https:\\\/\\\/pueblaenlinea.com\\\/2025\\\/#\\\/schema\\\/person\\\/21ecc830e083be84dbddd9a05208834f\",\"name\":\"Jazmin Cardenas\",\"image\":{\"@type\":\"ImageObject\",\"inLanguage\":\"es\",\"@id\":\"https:\\\/\\\/pueblaenlinea.com\\\/2025\\\/wp-content\\\/litespeed\\\/avatar\\\/9d7ab062f41a13d0af53522b39daf76f.jpg?ver=1788194722\",\"url\":\"https:\\\/\\\/pueblaenlinea.com\\\/2025\\\/wp-content\\\/litespeed\\\/avatar\\\/9d7ab062f41a13d0af53522b39daf76f.jpg?ver=1788194722\",\"contentUrl\":\"https:\\\/\\\/pueblaenlinea.com\\\/2025\\\/wp-content\\\/litespeed\\\/avatar\\\/9d7ab062f41a13d0af53522b39daf76f.jpg?ver=1788194722\",\"caption\":\"Jazmin Cardenas\"},\"url\":\"https:\\\/\\\/pueblaenlinea.com\\\/2025\\\/author\\\/jaz-pel\\\/\"}]}<\/script>\n<!-- \/ Yoast SEO plugin. -->","yoast_head_json":{"title":"\u201cNadie le hace caso\u201d: denuncian que mujer embarazada pas\u00f3 tres d\u00edas en San Alejandro sin recibir atenci\u00f3n - Puebla En Linea","description":"\u201cNadie le hace caso\u201d: denuncian que mujer embarazada pas\u00f3 tres d\u00edas en San Alejandro sin recibir atenci\u00f3n Puebla","robots":{"index":"index","follow":"follow","max-snippet":"max-snippet:-1","max-image-preview":"max-image-preview:large","max-video-preview":"max-video-preview:-1"},"canonical":"https:\/\/pueblaenlinea.com\/2025\/puebla\/nadie-le-hace-caso-denuncian-que-mujer-embarazada-paso-tres-dias-en-san-alejandro-sin-recibir-atencion\/","og_locale":"es_MX","og_type":"article","og_title":"\u201cNadie le hace caso\u201d: denuncian que mujer embarazada pas\u00f3 tres d\u00edas en San Alejandro sin recibir atenci\u00f3n - Puebla En Linea","og_description":"\u201cNadie le hace caso\u201d: denuncian que mujer embarazada pas\u00f3 tres d\u00edas en San Alejandro sin recibir atenci\u00f3n Puebla","og_url":"https:\/\/pueblaenlinea.com\/2025\/puebla\/nadie-le-hace-caso-denuncian-que-mujer-embarazada-paso-tres-dias-en-san-alejandro-sin-recibir-atencion\/","og_site_name":"Puebla En Linea","article_publisher":"https:\/\/www.facebook.com\/pueblaenlineacom","article_published_time":"2026-09-03T17:25:05+00:00","article_modified_time":"2026-09-03T17:34:35+00:00","og_image":[{"width":1200,"height":674,"url":"https:\/\/pueblaenlinea.com\/2025\/wp-content\/uploads\/2026\/09\/mujer-embarazada.jpg","type":"image\/jpeg"}],"author":"Jazmin Cardenas","twitter_card":"summary_large_image","twitter_misc":{"Escrito por":"Jazmin Cardenas","Tiempo de lectura":"4 minutos"},"schema":{"@context":"https:\/\/schema.org","@graph":[{"@type":"Article","@id":"https:\/\/pueblaenlinea.com\/2025\/puebla\/nadie-le-hace-caso-denuncian-que-mujer-embarazada-paso-tres-dias-en-san-alejandro-sin-recibir-atencion\/#article","isPartOf":{"@id":"https:\/\/pueblaenlinea.com\/2025\/puebla\/nadie-le-hace-caso-denuncian-que-mujer-embarazada-paso-tres-dias-en-san-alejandro-sin-recibir-atencion\/"},"author":{"name":"Jazmin Cardenas","@id":"https:\/\/pueblaenlinea.com\/2025\/#\/schema\/person\/21ecc830e083be84dbddd9a05208834f"},"headline":"\u201cNadie le hace caso\u201d: denuncian que mujer embarazada pas\u00f3 tres d\u00edas en San Alejandro sin recibir atenci\u00f3n","datePublished":"2026-09-03T17:25:05+00:00","dateModified":"2026-09-03T17:34:35+00:00","mainEntityOfPage":{"@id":"https:\/\/pueblaenlinea.com\/2025\/puebla\/nadie-le-hace-caso-denuncian-que-mujer-embarazada-paso-tres-dias-en-san-alejandro-sin-recibir-atencion\/"},"wordCount":837,"image":{"@id":"https:\/\/pueblaenlinea.com\/2025\/puebla\/nadie-le-hace-caso-denuncian-que-mujer-embarazada-paso-tres-dias-en-san-alejandro-sin-recibir-atencion\/#primaryimage"},"thumbnailUrl":"https:\/\/pueblaenlinea.com\/2025\/wp-content\/uploads\/2026\/09\/mujer-embarazada.jpg","keywords":["Puebla","virales"],"articleSection":["Puebla"],"inLanguage":"es"},{"@type":"WebPage","@id":"https:\/\/pueblaenlinea.com\/2025\/puebla\/nadie-le-hace-caso-denuncian-que-mujer-embarazada-paso-tres-dias-en-san-alejandro-sin-recibir-atencion\/","url":"https:\/\/pueblaenlinea.com\/2025\/puebla\/nadie-le-hace-caso-denuncian-que-mujer-embarazada-paso-tres-dias-en-san-alejandro-sin-recibir-atencion\/","name":"\u201cNadie le hace caso\u201d: denuncian que mujer embarazada pas\u00f3 tres d\u00edas en San Alejandro sin recibir atenci\u00f3n - Puebla En Linea","isPartOf":{"@id":"https:\/\/pueblaenlinea.com\/2025\/#website"},"primaryImageOfPage":{"@id":"https:\/\/pueblaenlinea.com\/2025\/puebla\/nadie-le-hace-caso-denuncian-que-mujer-embarazada-paso-tres-dias-en-san-alejandro-sin-recibir-atencion\/#primaryimage"},"image":{"@id":"https:\/\/pueblaenlinea.com\/2025\/puebla\/nadie-le-hace-caso-denuncian-que-mujer-embarazada-paso-tres-dias-en-san-alejandro-sin-recibir-atencion\/#primaryimage"},"thumbnailUrl":"https:\/\/pueblaenlinea.com\/2025\/wp-content\/uploads\/2026\/09\/mujer-embarazada.jpg","datePublished":"2026-09-03T17:25:05+00:00","dateModified":"2026-09-03T17:34:35+00:00","author":{"@id":"https:\/\/pueblaenlinea.com\/2025\/#\/schema\/person\/21ecc830e083be84dbddd9a05208834f"},"description":"\u201cNadie le hace caso\u201d: denuncian que mujer embarazada pas\u00f3 tres d\u00edas en San Alejandro sin recibir atenci\u00f3n Puebla","breadcrumb":{"@id":"https:\/\/pueblaenlinea.com\/2025\/puebla\/nadie-le-hace-caso-denuncian-que-mujer-embarazada-paso-tres-dias-en-san-alejandro-sin-recibir-atencion\/#breadcrumb"},"inLanguage":"es","potentialAction":[{"@type":"ReadAction","target":["https:\/\/pueblaenlinea.com\/2025\/puebla\/nadie-le-hace-caso-denuncian-que-mujer-embarazada-paso-tres-dias-en-san-alejandro-sin-recibir-atencion\/"]}]},{"@type":"ImageObject","inLanguage":"es","@id":"https:\/\/pueblaenlinea.com\/2025\/puebla\/nadie-le-hace-caso-denuncian-que-mujer-embarazada-paso-tres-dias-en-san-alejandro-sin-recibir-atencion\/#primaryimage","url":"https:\/\/pueblaenlinea.com\/2025\/wp-content\/uploads\/2026\/09\/mujer-embarazada.jpg","contentUrl":"https:\/\/pueblaenlinea.com\/2025\/wp-content\/uploads\/2026\/09\/mujer-embarazada.jpg","width":1200,"height":674},{"@type":"BreadcrumbList","@id":"https:\/\/pueblaenlinea.com\/2025\/puebla\/nadie-le-hace-caso-denuncian-que-mujer-embarazada-paso-tres-dias-en-san-alejandro-sin-recibir-atencion\/#breadcrumb","itemListElement":[{"@type":"ListItem","position":1,"name":"Inicio","item":"https:\/\/pueblaenlinea.com\/2025\/"},{"@type":"ListItem","position":2,"name":"\u201cNadie le hace caso\u201d: denuncian que mujer embarazada pas\u00f3 tres d\u00edas en San Alejandro sin recibir atenci\u00f3n"}]},{"@type":"WebSite","@id":"https:\/\/pueblaenlinea.com\/2025\/#website","url":"https:\/\/pueblaenlinea.com\/2025\/","name":"Puebla En Linea","description":"noticias de puebla, periodismo serio y comprometido.","potentialAction":[{"@type":"SearchAction","target":{"@type":"EntryPoint","urlTemplate":"https:\/\/pueblaenlinea.com\/2025\/?s={search_term_string}"},"query-input":{"@type":"PropertyValueSpecification","valueRequired":true,"valueName":"search_term_string"}}],"inLanguage":"es"},{"@type":"Person","@id":"https:\/\/pueblaenlinea.com\/2025\/#\/schema\/person\/21ecc830e083be84dbddd9a05208834f","name":"Jazmin Cardenas","image":{"@type":"ImageObject","inLanguage":"es","@id":"https:\/\/pueblaenlinea.com\/2025\/wp-content\/litespeed\/avatar\/9d7ab062f41a13d0af53522b39daf76f.jpg?ver=1788194722","url":"https:\/\/pueblaenlinea.com\/2025\/wp-content\/litespeed\/avatar\/9d7ab062f41a13d0af53522b39daf76f.jpg?ver=1788194722","contentUrl":"https:\/\/pueblaenlinea.com\/2025\/wp-content\/litespeed\/avatar\/9d7ab062f41a13d0af53522b39daf76f.jpg?ver=1788194722","caption":"Jazmin Cardenas"},"url":"https:\/\/pueblaenlinea.com\/2025\/author\/jaz-pel\/"}]}},"_links":{"self":[{"href":"https:\/\/pueblaenlinea.com\/2025\/wp-json\/wp\/v2\/posts\/134823","targetHints":{"allow":["GET"]}}],"collection":[{"href":"https:\/\/pueblaenlinea.com\/2025\/wp-json\/wp\/v2\/posts"}],"about":[{"href":"https:\/\/pueblaenlinea.com\/2025\/wp-json\/wp\/v2\/types\/post"}],"author":[{"embeddable":true,"href":"https:\/\/pueblaenlinea.com\/2025\/wp-json\/wp\/v2\/users\/10"}],"replies":[{"embeddable":true,"href":"https:\/\/pueblaenlinea.com\/2025\/wp-json\/wp\/v2\/comments?post=134823"}],"version-history":[{"count":0,"href":"https:\/\/pueblaenlinea.com\/2025\/wp-json\/wp\/v2\/posts\/134823\/revisions"}],"wp:featuredmedia":[{"embeddable":true,"href":"https:\/\/pueblaenlinea.com\/2025\/wp-json\/wp\/v2\/media\/134824"}],"wp:attachment":[{"href":"https:\/\/pueblaenlinea.com\/2025\/wp-json\/wp\/v2\/media?parent=134823"}],"wp:term":[{"taxonomy":"category","embeddable":true,"href":"https:\/\/pueblaenlinea.com\/2025\/wp-json\/wp\/v2\/categories?post=134823"},{"taxonomy":"post_tag","embeddable":true,"href":"https:\/\/pueblaenlinea.com\/2025\/wp-json\/wp\/v2\/tags?post=134823"}],"curies":[{"name":"wp","href":"https:\/\/api.w.org\/{rel}","templated":true}]}}