{"id":134821,"date":"2026-09-03T10:59:25","date_gmt":"2026-09-03T16:59:25","guid":{"rendered":"https:\/\/pueblaenlinea.com\/2025\/?p=134821"},"modified":"2026-09-03T10:59:25","modified_gmt":"2026-09-03T16:59:25","slug":"operativo-federal-sorprende-en-la-plaza-de-la-tecnologia-de-puebla-revisan-locales-y-documentacion","status":"publish","type":"post","link":"https:\/\/pueblaenlinea.com\/2025\/nota-roja\/operativo-federal-sorprende-en-la-plaza-de-la-tecnologia-de-puebla-revisan-locales-y-documentacion\/","title":{"rendered":"Operativo federal sorprende en la Plaza de la Tecnolog\u00eda de Puebla; revisan locales y documentaci\u00f3n"},"content":{"rendered":"\n<p class=\"wp-block-paragraph\"><strong>Decenas de agentes federales desplegaron un operativo desde las primeras horas de este jueves en la Plaza de la Tecnolog\u00eda, en pleno Centro Hist\u00f3rico de Puebla, donde revisaron locales dedicados a la venta de celulares, accesorios y equipo de c\u00f3mputo.<\/strong><\/p>\n\n\n\n<p class=\"wp-block-paragraph\">Desde aproximadamente las <strong>6:00 de la ma\u00f1ana<\/strong>, elementos de la <strong>Secretar\u00eda de Seguridad y Protecci\u00f3n Ciudadana (SSPC)<\/strong> se concentraron en el inmueble ubicado sobre la <strong>calle 10 Poniente y 5 de Mayo<\/strong>.<\/p>\n\n\n\n<p class=\"wp-block-paragraph\">Mientras un grupo de agentes permaneci\u00f3 en el exterior, otros ingresaron a distintos establecimientos para realizar inspecciones y solicitar documentaci\u00f3n a los comerciantes.<\/p>\n\n\n\n<p class=\"wp-block-paragraph\">La movilizaci\u00f3n cont\u00f3 con apoyo de elementos de la <strong>Polic\u00eda Estatal y la Polic\u00eda Municipal<\/strong>, aunque el operativo estuvo encabezado por la dependencia federal que dirige <strong>Omar Garc\u00eda Harfuch<\/strong>.<\/p>\n\n\n\n<h3 class=\"wp-block-heading\">Revisan locales de tecnolog\u00eda<\/h3>\n\n\n\n<p class=\"wp-block-paragraph\">Durante las diligencias, los agentes revisaron documentaci\u00f3n de algunos comerciantes y realizaron inspecciones en negocios dedicados principalmente a la venta de <strong>telefon\u00eda celular, accesorios electr\u00f3nicos y productos de c\u00f3mputo<\/strong>.<\/p>\n\n\n\n<p class=\"wp-block-paragraph\">De acuerdo con testimonios recabados en la zona, algunos propietarios fueron requeridos para <strong>abrir sus establecimientos, mostrar mercanc\u00eda y presentar documentaci\u00f3n relacionada con sus negocios<\/strong>.<\/p>\n\n\n\n<p class=\"wp-block-paragraph\">Hasta el cierre de la supervisi\u00f3n matutina <strong>no se hab\u00edan reportado oficialmente personas detenidas ni decomisos<\/strong>.<\/p>\n\n\n\n<p class=\"wp-block-paragraph\">La presencia de los agentes gener\u00f3 inquietud entre comerciantes y trabajadores de la zona, principalmente porque durante las primeras horas <strong>no se hab\u00eda informado p\u00fablicamente el motivo espec\u00edfico de la intervenci\u00f3n<\/strong>.<\/p>\n\n\n\n<h3 class=\"wp-block-heading\">\u00bfQu\u00e9 buscaban en la Plaza de la Tecnolog\u00eda?<\/h3>\n\n\n\n<p class=\"wp-block-paragraph\">Hasta el momento, la <strong>SSPC no ha informado oficialmente cu\u00e1l fue el objetivo del operativo<\/strong> ni si las revisiones forman parte de una investigaci\u00f3n espec\u00edfica.<\/p>\n\n\n\n<p class=\"wp-block-paragraph\">Entre las posibilidades mencionadas en la zona se encuentra una eventual revisi\u00f3n relacionada con la procedencia de mercanc\u00eda o posibles irregularidades comerciales; sin embargo, <strong>no existe informaci\u00f3n oficial que permita confirmar que esa sea la raz\u00f3n del despliegue<\/strong>.<\/p>\n\n\n\n<p class=\"wp-block-paragraph\">Autoridades municipales se\u00f1alaron que se trat\u00f3 de una acci\u00f3n coordinada entre corporaciones municipales, estatales y federales para realizar verificaciones de seguridad y comercio, aunque tampoco precisaron el alcance de la intervenci\u00f3n.<\/p>\n\n\n\n<p class=\"wp-block-paragraph\">Por ello, ser\u00e1 la autoridad federal la que deber\u00e1 aclarar si se trat\u00f3 de una revisi\u00f3n administrativa, una diligencia relacionada con una investigaci\u00f3n ministerial o un operativo contra alg\u00fan delito espec\u00edfico.<\/p>\n\n\n\n<p class=\"wp-block-paragraph\"><strong>Los datos principales:<\/strong><\/p>\n\n\n\n<ul class=\"wp-block-list\">\n<li>\ud83d\udccd <strong>Lugar:<\/strong> Plaza de la Tecnolog\u00eda, Centro Hist\u00f3rico de Puebla.<\/li>\n\n\n\n<li>\ud83d\udccc <strong>Ubicaci\u00f3n:<\/strong> calle 10 Poniente y 5 de Mayo.<\/li>\n\n\n\n<li>\ud83d\udd55 <strong>Inicio:<\/strong> aproximadamente 6:00 horas.<\/li>\n\n\n\n<li>\ud83d\udc6e <strong>Encabeza:<\/strong> Secretar\u00eda de Seguridad y Protecci\u00f3n Ciudadana.<\/li>\n\n\n\n<li>\ud83e\udd1d <strong>Apoyo:<\/strong> Polic\u00eda Estatal y Polic\u00eda Municipal.<\/li>\n\n\n\n<li>\ud83d\udcf1 <strong>Locales revisados:<\/strong> telefon\u00eda, accesorios y equipo de c\u00f3mputo.<\/li>\n\n\n\n<li>\u2696\ufe0f <strong>Detenciones:<\/strong> no reportadas hasta el cierre de la supervisi\u00f3n matutina.<\/li>\n\n\n\n<li>\ud83d\udce6 <strong>Decomisos:<\/strong> no reportados oficialmente.<\/li>\n<\/ul>\n\n\n\n<p class=\"wp-block-paragraph\"><a href=\"https:\/\/whatsapp.com\/channel\/0029Va5CSyuEQIalZaJWpX1h?utm_source=chatgpt.com\">Canal de WhatsApp de Puebla En L\u00ednea<\/a><\/p>\n\n\n\n<p class=\"wp-block-paragraph\">El operativo ocurre en una de las zonas comerciales m\u00e1s transitadas del Centro Hist\u00f3rico y vuelve a poner bajo la lupa el comercio de tecnolog\u00eda en Puebla. Por ahora, comerciantes y clientes tienen una certeza: hubo una revisi\u00f3n federal. Lo que todav\u00eda falta conocer es <strong>qu\u00e9 buscaban exactamente los agentes dentro de la Plaza de la Tecnolog\u00eda<\/strong>.<\/p>\n\n\n\n<p class=\"wp-block-paragraph\"><strong>Escrito por Redacci\u00f3n Puebla En L\u00ednea<\/strong><\/p>\n\n\n\n<ol class=\"wp-block-list\">\n<li><strong>\ud83d\udea8 Operativo federal sorprende en la Plaza de la Tecnolog\u00eda de Puebla; revisan locales<\/strong><\/li>\n\n\n\n<li><strong>Marina y fuerzas federales despliegan operativo en la Plaza de la Tecnolog\u00eda de Puebla<\/strong><\/li>\n\n\n\n<li><strong>\u00bfQu\u00e9 buscan? Operativo federal toma la Plaza de la Tecnolog\u00eda en pleno Centro Hist\u00f3rico<\/strong><\/li>\n\n\n\n<li><strong>Catean locales de la Plaza de la Tecnolog\u00eda en Puebla; comerciantes son sorprendidos por operativo<\/strong><\/li>\n\n\n\n<li><strong>Operativo de Omar Garc\u00eda Harfuch llega a la Plaza de la Tecnolog\u00eda de Puebla<\/strong><\/li>\n<\/ol>\n","protected":false},"excerpt":{"rendered":"<p>Decenas de agentes federales desplegaron un operativo desde las primeras horas de este jueves en la Plaza de la Tecnolog\u00eda, en pleno Centro Hist\u00f3rico de Puebla, donde revisaron locales dedicados a la venta de celulares, accesorios y equipo de c\u00f3mputo. Desde aproximadamente las 6:00 de la ma\u00f1ana, elementos de la Secretar\u00eda de Seguridad y Protecci\u00f3n&#8230;<\/p>\n","protected":false},"author":10,"featured_media":134822,"comment_status":"closed","ping_status":"closed","sticky":false,"template":"","format":"standard","meta":{"footnotes":""},"categories":[24],"tags":[1386],"class_list":["post-134821","post","type-post","status-publish","format-standard","has-post-thumbnail","hentry","category-nota-roja","tag-puebla"],"yoast_head":"<!-- This site is optimized with the Yoast SEO plugin v28.4 - https:\/\/yoast.com\/product\/yoast-seo-wordpress\/ -->\n<title>Operativo federal sorprende en la Plaza de la Tecnolog\u00eda de Puebla; revisan locales y documentaci\u00f3n - Puebla En Linea<\/title>\n<meta name=\"description\" content=\"Operativo federal sorprende en la Plaza de la Tecnolog\u00eda de Puebla; revisan locales y documentaci\u00f3n Nota Roja\" \/>\n<meta name=\"robots\" content=\"index, follow, max-snippet:-1, max-image-preview:large, max-video-preview:-1\" \/>\n<link rel=\"canonical\" href=\"https:\/\/pueblaenlinea.com\/2025\/nota-roja\/operativo-federal-sorprende-en-la-plaza-de-la-tecnologia-de-puebla-revisan-locales-y-documentacion\/\" \/>\n<meta property=\"og:locale\" content=\"es_MX\" \/>\n<meta property=\"og:type\" content=\"article\" \/>\n<meta property=\"og:title\" content=\"Operativo federal sorprende en la Plaza de la Tecnolog\u00eda de Puebla; revisan locales y documentaci\u00f3n - Puebla En Linea\" \/>\n<meta property=\"og:description\" content=\"Operativo federal sorprende en la Plaza de la Tecnolog\u00eda de Puebla; revisan locales y documentaci\u00f3n Nota Roja\" \/>\n<meta property=\"og:url\" content=\"https:\/\/pueblaenlinea.com\/2025\/nota-roja\/operativo-federal-sorprende-en-la-plaza-de-la-tecnologia-de-puebla-revisan-locales-y-documentacion\/\" \/>\n<meta property=\"og:site_name\" content=\"Puebla En Linea\" \/>\n<meta property=\"article:publisher\" content=\"https:\/\/www.facebook.com\/pueblaenlineacom\" \/>\n<meta property=\"article:published_time\" content=\"2026-09-03T16:59:25+00:00\" \/>\n<meta property=\"og:image\" content=\"https:\/\/pueblaenlinea.com\/2025\/wp-content\/uploads\/2026\/09\/operatrivo.jpg\" \/>\n\t<meta property=\"og:image:width\" content=\"1200\" \/>\n\t<meta property=\"og:image:height\" content=\"674\" \/>\n\t<meta property=\"og:image:type\" content=\"image\/jpeg\" \/>\n<meta name=\"author\" content=\"Jazmin Cardenas\" \/>\n<meta name=\"twitter:card\" content=\"summary_large_image\" \/>\n<meta name=\"twitter:label1\" content=\"Escrito por\" \/>\n\t<meta name=\"twitter:data1\" content=\"Jazmin Cardenas\" \/>\n\t<meta name=\"twitter:label2\" content=\"Tiempo de lectura\" \/>\n\t<meta name=\"twitter:data2\" content=\"3 minutos\" \/>\n<script type=\"application\/ld+json\" class=\"yoast-schema-graph\">{\"@context\":\"https:\\\/\\\/schema.org\",\"@graph\":[{\"@type\":\"Article\",\"@id\":\"https:\\\/\\\/pueblaenlinea.com\\\/2025\\\/nota-roja\\\/operativo-federal-sorprende-en-la-plaza-de-la-tecnologia-de-puebla-revisan-locales-y-documentacion\\\/#article\",\"isPartOf\":{\"@id\":\"https:\\\/\\\/pueblaenlinea.com\\\/2025\\\/nota-roja\\\/operativo-federal-sorprende-en-la-plaza-de-la-tecnologia-de-puebla-revisan-locales-y-documentacion\\\/\"},\"author\":{\"name\":\"Jazmin Cardenas\",\"@id\":\"https:\\\/\\\/pueblaenlinea.com\\\/2025\\\/#\\\/schema\\\/person\\\/21ecc830e083be84dbddd9a05208834f\"},\"headline\":\"Operativo federal sorprende en la Plaza de la Tecnolog\u00eda de Puebla; revisan locales y documentaci\u00f3n\",\"datePublished\":\"2026-09-03T16:59:25+00:00\",\"mainEntityOfPage\":{\"@id\":\"https:\\\/\\\/pueblaenlinea.com\\\/2025\\\/nota-roja\\\/operativo-federal-sorprende-en-la-plaza-de-la-tecnologia-de-puebla-revisan-locales-y-documentacion\\\/\"},\"wordCount\":637,\"image\":{\"@id\":\"https:\\\/\\\/pueblaenlinea.com\\\/2025\\\/nota-roja\\\/operativo-federal-sorprende-en-la-plaza-de-la-tecnologia-de-puebla-revisan-locales-y-documentacion\\\/#primaryimage\"},\"thumbnailUrl\":\"https:\\\/\\\/pueblaenlinea.com\\\/2025\\\/wp-content\\\/uploads\\\/2026\\\/09\\\/operatrivo.jpg\",\"keywords\":[\"Puebla\"],\"articleSection\":[\"Nota Roja\"],\"inLanguage\":\"es\"},{\"@type\":\"WebPage\",\"@id\":\"https:\\\/\\\/pueblaenlinea.com\\\/2025\\\/nota-roja\\\/operativo-federal-sorprende-en-la-plaza-de-la-tecnologia-de-puebla-revisan-locales-y-documentacion\\\/\",\"url\":\"https:\\\/\\\/pueblaenlinea.com\\\/2025\\\/nota-roja\\\/operativo-federal-sorprende-en-la-plaza-de-la-tecnologia-de-puebla-revisan-locales-y-documentacion\\\/\",\"name\":\"Operativo federal sorprende en la Plaza de la Tecnolog\u00eda de Puebla; revisan locales y documentaci\u00f3n - Puebla En Linea\",\"isPartOf\":{\"@id\":\"https:\\\/\\\/pueblaenlinea.com\\\/2025\\\/#website\"},\"primaryImageOfPage\":{\"@id\":\"https:\\\/\\\/pueblaenlinea.com\\\/2025\\\/nota-roja\\\/operativo-federal-sorprende-en-la-plaza-de-la-tecnologia-de-puebla-revisan-locales-y-documentacion\\\/#primaryimage\"},\"image\":{\"@id\":\"https:\\\/\\\/pueblaenlinea.com\\\/2025\\\/nota-roja\\\/operativo-federal-sorprende-en-la-plaza-de-la-tecnologia-de-puebla-revisan-locales-y-documentacion\\\/#primaryimage\"},\"thumbnailUrl\":\"https:\\\/\\\/pueblaenlinea.com\\\/2025\\\/wp-content\\\/uploads\\\/2026\\\/09\\\/operatrivo.jpg\",\"datePublished\":\"2026-09-03T16:59:25+00:00\",\"author\":{\"@id\":\"https:\\\/\\\/pueblaenlinea.com\\\/2025\\\/#\\\/schema\\\/person\\\/21ecc830e083be84dbddd9a05208834f\"},\"description\":\"Operativo federal sorprende en la Plaza de la Tecnolog\u00eda de Puebla; revisan locales y documentaci\u00f3n Nota Roja\",\"breadcrumb\":{\"@id\":\"https:\\\/\\\/pueblaenlinea.com\\\/2025\\\/nota-roja\\\/operativo-federal-sorprende-en-la-plaza-de-la-tecnologia-de-puebla-revisan-locales-y-documentacion\\\/#breadcrumb\"},\"inLanguage\":\"es\",\"potentialAction\":[{\"@type\":\"ReadAction\",\"target\":[\"https:\\\/\\\/pueblaenlinea.com\\\/2025\\\/nota-roja\\\/operativo-federal-sorprende-en-la-plaza-de-la-tecnologia-de-puebla-revisan-locales-y-documentacion\\\/\"]}]},{\"@type\":\"ImageObject\",\"inLanguage\":\"es\",\"@id\":\"https:\\\/\\\/pueblaenlinea.com\\\/2025\\\/nota-roja\\\/operativo-federal-sorprende-en-la-plaza-de-la-tecnologia-de-puebla-revisan-locales-y-documentacion\\\/#primaryimage\",\"url\":\"https:\\\/\\\/pueblaenlinea.com\\\/2025\\\/wp-content\\\/uploads\\\/2026\\\/09\\\/operatrivo.jpg\",\"contentUrl\":\"https:\\\/\\\/pueblaenlinea.com\\\/2025\\\/wp-content\\\/uploads\\\/2026\\\/09\\\/operatrivo.jpg\",\"width\":1200,\"height\":674},{\"@type\":\"BreadcrumbList\",\"@id\":\"https:\\\/\\\/pueblaenlinea.com\\\/2025\\\/nota-roja\\\/operativo-federal-sorprende-en-la-plaza-de-la-tecnologia-de-puebla-revisan-locales-y-documentacion\\\/#breadcrumb\",\"itemListElement\":[{\"@type\":\"ListItem\",\"position\":1,\"name\":\"Inicio\",\"item\":\"https:\\\/\\\/pueblaenlinea.com\\\/2025\\\/\"},{\"@type\":\"ListItem\",\"position\":2,\"name\":\"Operativo federal sorprende en la Plaza de la Tecnolog\u00eda de Puebla; revisan locales y documentaci\u00f3n\"}]},{\"@type\":\"WebSite\",\"@id\":\"https:\\\/\\\/pueblaenlinea.com\\\/2025\\\/#website\",\"url\":\"https:\\\/\\\/pueblaenlinea.com\\\/2025\\\/\",\"name\":\"Puebla En Linea\",\"description\":\"noticias de puebla, periodismo serio y comprometido.\",\"potentialAction\":[{\"@type\":\"SearchAction\",\"target\":{\"@type\":\"EntryPoint\",\"urlTemplate\":\"https:\\\/\\\/pueblaenlinea.com\\\/2025\\\/?s={search_term_string}\"},\"query-input\":{\"@type\":\"PropertyValueSpecification\",\"valueRequired\":true,\"valueName\":\"search_term_string\"}}],\"inLanguage\":\"es\"},{\"@type\":\"Person\",\"@id\":\"https:\\\/\\\/pueblaenlinea.com\\\/2025\\\/#\\\/schema\\\/person\\\/21ecc830e083be84dbddd9a05208834f\",\"name\":\"Jazmin Cardenas\",\"image\":{\"@type\":\"ImageObject\",\"inLanguage\":\"es\",\"@id\":\"https:\\\/\\\/pueblaenlinea.com\\\/2025\\\/wp-content\\\/litespeed\\\/avatar\\\/9d7ab062f41a13d0af53522b39daf76f.jpg?ver=1788194722\",\"url\":\"https:\\\/\\\/pueblaenlinea.com\\\/2025\\\/wp-content\\\/litespeed\\\/avatar\\\/9d7ab062f41a13d0af53522b39daf76f.jpg?ver=1788194722\",\"contentUrl\":\"https:\\\/\\\/pueblaenlinea.com\\\/2025\\\/wp-content\\\/litespeed\\\/avatar\\\/9d7ab062f41a13d0af53522b39daf76f.jpg?ver=1788194722\",\"caption\":\"Jazmin Cardenas\"},\"url\":\"https:\\\/\\\/pueblaenlinea.com\\\/2025\\\/author\\\/jaz-pel\\\/\"}]}<\/script>\n<!-- \/ Yoast SEO plugin. -->","yoast_head_json":{"title":"Operativo federal sorprende en la Plaza de la Tecnolog\u00eda de Puebla; revisan locales y documentaci\u00f3n - Puebla En Linea","description":"Operativo federal sorprende en la Plaza de la Tecnolog\u00eda de Puebla; revisan locales y documentaci\u00f3n Nota Roja","robots":{"index":"index","follow":"follow","max-snippet":"max-snippet:-1","max-image-preview":"max-image-preview:large","max-video-preview":"max-video-preview:-1"},"canonical":"https:\/\/pueblaenlinea.com\/2025\/nota-roja\/operativo-federal-sorprende-en-la-plaza-de-la-tecnologia-de-puebla-revisan-locales-y-documentacion\/","og_locale":"es_MX","og_type":"article","og_title":"Operativo federal sorprende en la Plaza de la Tecnolog\u00eda de Puebla; revisan locales y documentaci\u00f3n - Puebla En Linea","og_description":"Operativo federal sorprende en la Plaza de la Tecnolog\u00eda de Puebla; revisan locales y documentaci\u00f3n Nota Roja","og_url":"https:\/\/pueblaenlinea.com\/2025\/nota-roja\/operativo-federal-sorprende-en-la-plaza-de-la-tecnologia-de-puebla-revisan-locales-y-documentacion\/","og_site_name":"Puebla En Linea","article_publisher":"https:\/\/www.facebook.com\/pueblaenlineacom","article_published_time":"2026-09-03T16:59:25+00:00","og_image":[{"width":1200,"height":674,"url":"https:\/\/pueblaenlinea.com\/2025\/wp-content\/uploads\/2026\/09\/operatrivo.jpg","type":"image\/jpeg"}],"author":"Jazmin Cardenas","twitter_card":"summary_large_image","twitter_misc":{"Escrito por":"Jazmin Cardenas","Tiempo de lectura":"3 minutos"},"schema":{"@context":"https:\/\/schema.org","@graph":[{"@type":"Article","@id":"https:\/\/pueblaenlinea.com\/2025\/nota-roja\/operativo-federal-sorprende-en-la-plaza-de-la-tecnologia-de-puebla-revisan-locales-y-documentacion\/#article","isPartOf":{"@id":"https:\/\/pueblaenlinea.com\/2025\/nota-roja\/operativo-federal-sorprende-en-la-plaza-de-la-tecnologia-de-puebla-revisan-locales-y-documentacion\/"},"author":{"name":"Jazmin Cardenas","@id":"https:\/\/pueblaenlinea.com\/2025\/#\/schema\/person\/21ecc830e083be84dbddd9a05208834f"},"headline":"Operativo federal sorprende en la Plaza de la Tecnolog\u00eda de Puebla; revisan locales y documentaci\u00f3n","datePublished":"2026-09-03T16:59:25+00:00","mainEntityOfPage":{"@id":"https:\/\/pueblaenlinea.com\/2025\/nota-roja\/operativo-federal-sorprende-en-la-plaza-de-la-tecnologia-de-puebla-revisan-locales-y-documentacion\/"},"wordCount":637,"image":{"@id":"https:\/\/pueblaenlinea.com\/2025\/nota-roja\/operativo-federal-sorprende-en-la-plaza-de-la-tecnologia-de-puebla-revisan-locales-y-documentacion\/#primaryimage"},"thumbnailUrl":"https:\/\/pueblaenlinea.com\/2025\/wp-content\/uploads\/2026\/09\/operatrivo.jpg","keywords":["Puebla"],"articleSection":["Nota Roja"],"inLanguage":"es"},{"@type":"WebPage","@id":"https:\/\/pueblaenlinea.com\/2025\/nota-roja\/operativo-federal-sorprende-en-la-plaza-de-la-tecnologia-de-puebla-revisan-locales-y-documentacion\/","url":"https:\/\/pueblaenlinea.com\/2025\/nota-roja\/operativo-federal-sorprende-en-la-plaza-de-la-tecnologia-de-puebla-revisan-locales-y-documentacion\/","name":"Operativo federal sorprende en la Plaza de la Tecnolog\u00eda de Puebla; revisan locales y documentaci\u00f3n - Puebla En Linea","isPartOf":{"@id":"https:\/\/pueblaenlinea.com\/2025\/#website"},"primaryImageOfPage":{"@id":"https:\/\/pueblaenlinea.com\/2025\/nota-roja\/operativo-federal-sorprende-en-la-plaza-de-la-tecnologia-de-puebla-revisan-locales-y-documentacion\/#primaryimage"},"image":{"@id":"https:\/\/pueblaenlinea.com\/2025\/nota-roja\/operativo-federal-sorprende-en-la-plaza-de-la-tecnologia-de-puebla-revisan-locales-y-documentacion\/#primaryimage"},"thumbnailUrl":"https:\/\/pueblaenlinea.com\/2025\/wp-content\/uploads\/2026\/09\/operatrivo.jpg","datePublished":"2026-09-03T16:59:25+00:00","author":{"@id":"https:\/\/pueblaenlinea.com\/2025\/#\/schema\/person\/21ecc830e083be84dbddd9a05208834f"},"description":"Operativo federal sorprende en la Plaza de la Tecnolog\u00eda de Puebla; revisan locales y documentaci\u00f3n Nota Roja","breadcrumb":{"@id":"https:\/\/pueblaenlinea.com\/2025\/nota-roja\/operativo-federal-sorprende-en-la-plaza-de-la-tecnologia-de-puebla-revisan-locales-y-documentacion\/#breadcrumb"},"inLanguage":"es","potentialAction":[{"@type":"ReadAction","target":["https:\/\/pueblaenlinea.com\/2025\/nota-roja\/operativo-federal-sorprende-en-la-plaza-de-la-tecnologia-de-puebla-revisan-locales-y-documentacion\/"]}]},{"@type":"ImageObject","inLanguage":"es","@id":"https:\/\/pueblaenlinea.com\/2025\/nota-roja\/operativo-federal-sorprende-en-la-plaza-de-la-tecnologia-de-puebla-revisan-locales-y-documentacion\/#primaryimage","url":"https:\/\/pueblaenlinea.com\/2025\/wp-content\/uploads\/2026\/09\/operatrivo.jpg","contentUrl":"https:\/\/pueblaenlinea.com\/2025\/wp-content\/uploads\/2026\/09\/operatrivo.jpg","width":1200,"height":674},{"@type":"BreadcrumbList","@id":"https:\/\/pueblaenlinea.com\/2025\/nota-roja\/operativo-federal-sorprende-en-la-plaza-de-la-tecnologia-de-puebla-revisan-locales-y-documentacion\/#breadcrumb","itemListElement":[{"@type":"ListItem","position":1,"name":"Inicio","item":"https:\/\/pueblaenlinea.com\/2025\/"},{"@type":"ListItem","position":2,"name":"Operativo federal sorprende en la Plaza de la Tecnolog\u00eda de Puebla; revisan locales y documentaci\u00f3n"}]},{"@type":"WebSite","@id":"https:\/\/pueblaenlinea.com\/2025\/#website","url":"https:\/\/pueblaenlinea.com\/2025\/","name":"Puebla En Linea","description":"noticias de puebla, periodismo serio y comprometido.","potentialAction":[{"@type":"SearchAction","target":{"@type":"EntryPoint","urlTemplate":"https:\/\/pueblaenlinea.com\/2025\/?s={search_term_string}"},"query-input":{"@type":"PropertyValueSpecification","valueRequired":true,"valueName":"search_term_string"}}],"inLanguage":"es"},{"@type":"Person","@id":"https:\/\/pueblaenlinea.com\/2025\/#\/schema\/person\/21ecc830e083be84dbddd9a05208834f","name":"Jazmin Cardenas","image":{"@type":"ImageObject","inLanguage":"es","@id":"https:\/\/pueblaenlinea.com\/2025\/wp-content\/litespeed\/avatar\/9d7ab062f41a13d0af53522b39daf76f.jpg?ver=1788194722","url":"https:\/\/pueblaenlinea.com\/2025\/wp-content\/litespeed\/avatar\/9d7ab062f41a13d0af53522b39daf76f.jpg?ver=1788194722","contentUrl":"https:\/\/pueblaenlinea.com\/2025\/wp-content\/litespeed\/avatar\/9d7ab062f41a13d0af53522b39daf76f.jpg?ver=1788194722","caption":"Jazmin Cardenas"},"url":"https:\/\/pueblaenlinea.com\/2025\/author\/jaz-pel\/"}]}},"_links":{"self":[{"href":"https:\/\/pueblaenlinea.com\/2025\/wp-json\/wp\/v2\/posts\/134821","targetHints":{"allow":["GET"]}}],"collection":[{"href":"https:\/\/pueblaenlinea.com\/2025\/wp-json\/wp\/v2\/posts"}],"about":[{"href":"https:\/\/pueblaenlinea.com\/2025\/wp-json\/wp\/v2\/types\/post"}],"author":[{"embeddable":true,"href":"https:\/\/pueblaenlinea.com\/2025\/wp-json\/wp\/v2\/users\/10"}],"replies":[{"embeddable":true,"href":"https:\/\/pueblaenlinea.com\/2025\/wp-json\/wp\/v2\/comments?post=134821"}],"version-history":[{"count":0,"href":"https:\/\/pueblaenlinea.com\/2025\/wp-json\/wp\/v2\/posts\/134821\/revisions"}],"wp:featuredmedia":[{"embeddable":true,"href":"https:\/\/pueblaenlinea.com\/2025\/wp-json\/wp\/v2\/media\/134822"}],"wp:attachment":[{"href":"https:\/\/pueblaenlinea.com\/2025\/wp-json\/wp\/v2\/media?parent=134821"}],"wp:term":[{"taxonomy":"category","embeddable":true,"href":"https:\/\/pueblaenlinea.com\/2025\/wp-json\/wp\/v2\/categories?post=134821"},{"taxonomy":"post_tag","embeddable":true,"href":"https:\/\/pueblaenlinea.com\/2025\/wp-json\/wp\/v2\/tags?post=134821"}],"curies":[{"name":"wp","href":"https:\/\/api.w.org\/{rel}","templated":true}]}}