{"id":134819,"date":"2026-09-03T10:34:10","date_gmt":"2026-09-03T16:34:10","guid":{"rendered":"https:\/\/pueblaenlinea.com\/2025\/?p=134819"},"modified":"2026-09-03T10:36:28","modified_gmt":"2026-09-03T16:36:28","slug":"catean-agencia-de-autos-de-lujo-dimont-en-lomas-de-angelopolis-tras-captura-de-el-amarillo","status":"publish","type":"post","link":"https:\/\/pueblaenlinea.com\/2025\/nota-roja\/catean-agencia-de-autos-de-lujo-dimont-en-lomas-de-angelopolis-tras-captura-de-el-amarillo\/","title":{"rendered":"Catean agencia de autos de lujo Dimont en Lomas de Angel\u00f3polis tras captura de \u201cEl Amarillo\u201d"},"content":{"rendered":"\n<p class=\"wp-block-paragraph\"><strong>El despliegue federal que sorprendi\u00f3 este jueves a habitantes de Lomas de Angel\u00f3polis alcanz\u00f3 a la agencia de autos de lujo Dimont, sobre la V\u00eda Atlixc\u00e1yotl. Elementos de la Marina y de la Fiscal\u00eda General de la Rep\u00fablica mantienen una inspecci\u00f3n en el inmueble, mientras el representante legal de la empresa denuncia presuntas irregularidades en el procedimiento.<\/strong><\/p>\n\n\n\n<p class=\"wp-block-paragraph\">Desde aproximadamente las <strong>6:00 de la ma\u00f1ana<\/strong>, elementos de seguridad se concentraron en las inmediaciones de la agencia <strong>Dimont<\/strong>, ubicada sobre la V\u00eda Atlixc\u00e1yotl, a la altura del fraccionamiento La Vista.<\/p>\n\n\n\n<p class=\"wp-block-paragraph\">Al interior del establecimiento ingresaron elementos de la <strong>Secretar\u00eda de Marina<\/strong>, la <strong>Fiscal\u00eda General de la Rep\u00fablica (FGR)<\/strong> y posteriormente personal de la <strong>Secretar\u00eda de Seguridad y Protecci\u00f3n Ciudadana (SSPC)<\/strong>.<\/p>\n\n\n\n<p class=\"wp-block-paragraph\">La movilizaci\u00f3n ocurre horas despu\u00e9s de que el titular de la SSPC, <strong>Omar Garc\u00eda Harfuch<\/strong>, informara sobre la captura de <strong>Gov\u00e9n Ulisses N., alias \u201cEl Amarillo\u201d o \u201cEl Gob\u00e9n\u201d<\/strong>, identificado por las autoridades como presunto l\u00edder de una c\u00e9lula vinculada con el grupo criminal conocido como <strong>\u201cLos Rusos\u201d<\/strong>, con presencia principalmente en Guerrero.<\/p>\n\n\n\n<h3 class=\"wp-block-heading\">El operativo que sorprendi\u00f3 a Lomas de Angel\u00f3polis<\/h3>\n\n\n\n<p class=\"wp-block-paragraph\">La detenci\u00f3n de \u201cEl Amarillo\u201d fue resultado, seg\u00fan la informaci\u00f3n oficial, de trabajos de inteligencia e investigaci\u00f3n en los que participaron la <strong>Agencia de Investigaci\u00f3n Criminal, la FEMDO de la FGR, la SSPC y la Secretar\u00eda de Marina<\/strong>, con informaci\u00f3n del Centro Nacional de Inteligencia y coordinaci\u00f3n con autoridades de Puebla y Guerrero.<\/p>\n\n\n\n<p class=\"wp-block-paragraph\">Durante la operaci\u00f3n tambi\u00e9n fueron detenidas <strong>dos personas que presuntamente fung\u00edan como escoltas<\/strong> del objetivo y se aseguraron armas, presuntas drogas y veh\u00edculos de lujo.<\/p>\n\n\n\n<p class=\"wp-block-paragraph\">De manera paralela, fuerzas federales realizaron acciones en distintos puntos de <strong>Lomas de Angel\u00f3polis y Sonata<\/strong>, incluido el aseguramiento del <strong>Victoria Luxury Club<\/strong>, establecimiento ubicado en las inmediaciones del Boulevard Europa.<\/p>\n\n\n\n<p class=\"wp-block-paragraph\">Hasta el momento, las autoridades <strong>no han informado oficialmente cu\u00e1l es el v\u00ednculo espec\u00edfico entre Dimont y la investigaci\u00f3n contra \u201cEl Amarillo\u201d<\/strong>.<\/p>\n\n\n\n<h3 class=\"wp-block-heading\">Abogado denuncia presuntas irregularidades<\/h3>\n\n\n\n<p class=\"wp-block-paragraph\">Mientras el operativo contin\u00faa en la agencia de autos, <strong>Amadeo Lara<\/strong>, representante legal de la empresa, acudi\u00f3 al lugar y denunci\u00f3 p\u00fablicamente presuntas irregularidades en la actuaci\u00f3n de los elementos.<\/p>\n\n\n\n<p class=\"wp-block-paragraph\">En entrevista, el abogado asegur\u00f3 que la presencia de elementos de la Marina comenz\u00f3 alrededor de las 6:00 de la ma\u00f1ana y que los agentes ingresaron al inmueble <strong>sin autorizaci\u00f3n del gerente ni de los propietarios<\/strong>, seg\u00fan su versi\u00f3n.<\/p>\n\n\n\n<p class=\"wp-block-paragraph\">Lara afirm\u00f3 que solicit\u00f3 conocer si exist\u00eda una orden de cateo y pidi\u00f3 ser considerado como testigo del procedimiento, pero asegur\u00f3 que <strong>hasta ese momento no le hab\u00edan mostrado ning\u00fan mandamiento judicial<\/strong>.<\/p>\n\n\n\n<blockquote class=\"wp-block-quote is-layout-flow wp-block-quote-is-layout-flow\">\n<p class=\"wp-block-paragraph\">\u201cNo tenemos noticia del motivo de esta acci\u00f3n, mucho menos de si est\u00e1 ordenada judicialmente\u201d, declar\u00f3 el representante legal.<\/p>\n<\/blockquote>\n\n\n\n<p class=\"wp-block-paragraph\">El abogado sostuvo adem\u00e1s que un vigilante del establecimiento se encontraba dentro del inmueble y, seg\u00fan su denuncia, <strong>habr\u00eda sido privado de la comunicaci\u00f3n y despojado de su tel\u00e9fono celular<\/strong>.<\/p>\n\n\n\n<p class=\"wp-block-paragraph\">Ante esta situaci\u00f3n, afirm\u00f3 que el gerente de la agencia, Daniel Rivera, acudi\u00f3 ante el Poder Judicial de la Federaci\u00f3n para solicitar un <strong>amparo por comparecencia<\/strong>, argumentando una presunta privaci\u00f3n de la libertad e incomunicaci\u00f3n del trabajador.<\/p>\n\n\n\n<p class=\"wp-block-paragraph\">Estas acusaciones corresponden hasta ahora <strong>a la versi\u00f3n del representante legal<\/strong> y no han sido confirmadas p\u00fablicamente por la FGR, la Marina o la SSPC.<\/p>\n\n\n\n<h3 class=\"wp-block-heading\">\u00bfQu\u00e9 buscan en Dimont?<\/h3>\n\n\n\n<p class=\"wp-block-paragraph\">De acuerdo con lo observado y con la versi\u00f3n del abogado, los elementos realizan una revisi\u00f3n al interior de la agencia, incluyendo <strong>documentaci\u00f3n y veh\u00edculos<\/strong>.<\/p>\n\n\n\n<p class=\"wp-block-paragraph\">Sin embargo, no se ha informado oficialmente si el establecimiento forma parte de las investigaciones derivadas de la captura de \u201cEl Amarillo\u201d, si existe alguna orden de cateo espec\u00edfica contra el inmueble o qu\u00e9 indicios buscan localizar.<\/p>\n\n\n\n<p class=\"wp-block-paragraph\">La presencia de fuerzas federales en Dimont ocurre dentro de una jornada de m\u00faltiples operativos en Lomas de Angel\u00f3polis, pero <strong>que los cateos hayan ocurrido de manera simult\u00e1nea no permite establecer por s\u00ed mismo que todos est\u00e9n relacionados<\/strong>.<\/p>\n\n\n\n<p class=\"wp-block-paragraph\"><strong>Los puntos principales del operativo:<\/strong><\/p>\n\n\n\n<ul class=\"wp-block-list\">\n<li>\ud83d\udccd <strong>Lugar:<\/strong> agencia Dimont, V\u00eda Atlixc\u00e1yotl, zona de La Vista.<\/li>\n\n\n\n<li>\ud83d\udd55 <strong>Inicio reportado:<\/strong> aproximadamente 6:00 horas.<\/li>\n\n\n\n<li>\ud83d\udc6e <strong>Corporaciones presentes:<\/strong> Marina, FGR y SSPC.<\/li>\n\n\n\n<li>\ud83c\udfaf <strong>Contexto:<\/strong> captura de Gov\u00e9n Ulisses N., \u201cEl Amarillo\u201d.<\/li>\n\n\n\n<li>\ud83d\udd0e <strong>En Dimont:<\/strong> revisi\u00f3n de documentaci\u00f3n y veh\u00edculos, seg\u00fan la versi\u00f3n del abogado.<\/li>\n\n\n\n<li>\u2696\ufe0f <strong>Denuncia:<\/strong> el representante legal afirma que no le mostraron una orden de cateo.<\/li>\n\n\n\n<li>\ud83d\udea8 <strong>Vigilante:<\/strong> el abogado denuncia presunta incomunicaci\u00f3n del trabajador.<\/li>\n\n\n\n<li>\u2753 <strong>V\u00ednculo con \u201cEl Amarillo\u201d:<\/strong> no confirmado oficialmente.<\/li>\n<\/ul>\n\n\n\n<h3 class=\"wp-block-heading\">La investigaci\u00f3n apunta tambi\u00e9n a Guerrero<\/h3>\n\n\n\n<p class=\"wp-block-paragraph\">Las autoridades federales se\u00f1alan a \u201cEl Amarillo\u201d como <strong>presunto integrante y l\u00edder de una c\u00e9lula vinculada con \u201cLos Rusos\u201d<\/strong>, organizaci\u00f3n relacionada con hechos violentos en Guerrero.<\/p>\n\n\n\n<p class=\"wp-block-paragraph\">A \u201cEl Amarillo\u201d se le investiga presuntamente por delitos como <strong>extorsi\u00f3n, secuestro, privaci\u00f3n ilegal de la libertad, homicidio y tr\u00e1fico y distribuci\u00f3n de drogas<\/strong>, de acuerdo con la informaci\u00f3n difundida por Garc\u00eda Harfuch.<\/p>\n\n\n\n<p class=\"wp-block-paragraph\">La operaci\u00f3n cont\u00f3 con participaci\u00f3n de autoridades de <strong>Puebla y Guerrero<\/strong>, cuyos gobiernos, encabezados por <strong>Alejandro Armenta Mier y Evelyn Salgado Pineda<\/strong>, fueron reconocidos por el titular de la SSPC por la coordinaci\u00f3n en las acciones.<\/p>\n\n\n\n<p class=\"wp-block-paragraph\">Mientras tanto, en Lomas de Angel\u00f3polis la operaci\u00f3n contin\u00faa y deja una pregunta todav\u00eda sin respuesta: <strong>\u00bfqu\u00e9 llev\u00f3 a las fuerzas federales hasta una agencia de autos de lujo en la V\u00eda Atlixc\u00e1yotl?<\/strong><\/p>\n\n\n\n<p class=\"wp-block-paragraph\">Por ahora, esa conexi\u00f3n permanece bajo investigaci\u00f3n. Y mientras las autoridades guardan silencio sobre los motivos espec\u00edficos del cateo, la empresa ya prepara su propia defensa jur\u00eddica para cuestionar la forma en que se realiz\u00f3 el procedimiento.<\/p>\n\n\n\n<p class=\"wp-block-paragraph\"><a href=\"https:\/\/whatsapp.com\/channel\/0029Va5CSyuEQIal-ZaJWpX1h?utm_source=chatgpt.com\">Canal de WhatsApp de Puebla En L\u00ednea<\/a><\/p>\n\n\n\n<p class=\"wp-block-paragraph\"><strong>Escrito por Redacci\u00f3n Puebla En L\u00ednea<\/strong><\/p>\n\n\n\n<ol class=\"wp-block-list\">\n<li><strong>Catean agencia de autos de lujo en Lomas de Angel\u00f3polis tras captura de \u201cEl Amarillo\u201d<\/strong><\/li>\n\n\n\n<li><strong>Marina y FGR catean Dimont en la V\u00eda Atlixc\u00e1yotl; abogado denuncia irregularidades<\/strong><\/li>\n\n\n\n<li><strong>Operativo contra \u201cEl Amarillo\u201d alcanza agencia de autos de lujo en Lomas de Angel\u00f3polis<\/strong><\/li>\n\n\n\n<li><strong>Cateo en Dimont tras captura de \u201cEl Amarillo\u201d; abogado acusa que no mostraron orden judicial<\/strong><\/li>\n\n\n\n<li><strong>Cateo en Dimont: denuncian que vigilante est\u00e1 privado de su libertad durante operativo de Marina y FGR<\/strong><\/li>\n<\/ol>\n","protected":false},"excerpt":{"rendered":"<p>El despliegue federal que sorprendi\u00f3 este jueves a habitantes de Lomas de Angel\u00f3polis alcanz\u00f3 a la agencia de autos de lujo Dimont, sobre la V\u00eda Atlixc\u00e1yotl. Elementos de la Marina y de la Fiscal\u00eda General de la Rep\u00fablica mantienen una inspecci\u00f3n en el inmueble, mientras el representante legal de la empresa denuncia presuntas irregularidades en&#8230;<\/p>\n","protected":false},"author":10,"featured_media":134820,"comment_status":"closed","ping_status":"closed","sticky":false,"template":"","format":"standard","meta":{"footnotes":""},"categories":[24],"tags":[1386],"class_list":["post-134819","post","type-post","status-publish","format-standard","has-post-thumbnail","hentry","category-nota-roja","tag-puebla"],"yoast_head":"<!-- This site is optimized with the Yoast SEO plugin v28.4 - https:\/\/yoast.com\/product\/yoast-seo-wordpress\/ -->\n<title>Catean agencia de autos de lujo Dimont en Lomas de Angel\u00f3polis tras captura de \u201cEl Amarillo\u201d - Puebla En Linea<\/title>\n<meta name=\"description\" content=\"Catean agencia de autos de lujo Dimont en Lomas de Angel\u00f3polis tras captura de \u201cEl Amarillo\u201d Nota Roja\" \/>\n<meta name=\"robots\" content=\"index, follow, max-snippet:-1, max-image-preview:large, max-video-preview:-1\" \/>\n<link rel=\"canonical\" href=\"https:\/\/pueblaenlinea.com\/2025\/nota-roja\/catean-agencia-de-autos-de-lujo-dimont-en-lomas-de-angelopolis-tras-captura-de-el-amarillo\/\" \/>\n<meta property=\"og:locale\" content=\"es_MX\" \/>\n<meta property=\"og:type\" content=\"article\" \/>\n<meta property=\"og:title\" content=\"Catean agencia de autos de lujo Dimont en Lomas de Angel\u00f3polis tras captura de \u201cEl Amarillo\u201d - Puebla En Linea\" \/>\n<meta property=\"og:description\" content=\"Catean agencia de autos de lujo Dimont en Lomas de Angel\u00f3polis tras captura de \u201cEl Amarillo\u201d Nota Roja\" \/>\n<meta property=\"og:url\" content=\"https:\/\/pueblaenlinea.com\/2025\/nota-roja\/catean-agencia-de-autos-de-lujo-dimont-en-lomas-de-angelopolis-tras-captura-de-el-amarillo\/\" \/>\n<meta property=\"og:site_name\" content=\"Puebla En Linea\" \/>\n<meta property=\"article:publisher\" content=\"https:\/\/www.facebook.com\/pueblaenlineacom\" \/>\n<meta property=\"article:published_time\" content=\"2026-09-03T16:34:10+00:00\" \/>\n<meta property=\"article:modified_time\" content=\"2026-09-03T16:36:28+00:00\" \/>\n<meta property=\"og:image\" content=\"https:\/\/pueblaenlinea.com\/2025\/wp-content\/uploads\/2026\/09\/diamo.jpg\" \/>\n\t<meta property=\"og:image:width\" content=\"1200\" \/>\n\t<meta property=\"og:image:height\" content=\"674\" \/>\n\t<meta property=\"og:image:type\" content=\"image\/jpeg\" \/>\n<meta name=\"author\" content=\"Jazmin Cardenas\" \/>\n<meta name=\"twitter:card\" content=\"summary_large_image\" \/>\n<meta name=\"twitter:label1\" content=\"Escrito por\" \/>\n\t<meta name=\"twitter:data1\" content=\"Jazmin Cardenas\" \/>\n\t<meta name=\"twitter:label2\" content=\"Tiempo de lectura\" \/>\n\t<meta name=\"twitter:data2\" content=\"5 minutos\" \/>\n<script type=\"application\/ld+json\" class=\"yoast-schema-graph\">{\"@context\":\"https:\\\/\\\/schema.org\",\"@graph\":[{\"@type\":\"Article\",\"@id\":\"https:\\\/\\\/pueblaenlinea.com\\\/2025\\\/nota-roja\\\/catean-agencia-de-autos-de-lujo-dimont-en-lomas-de-angelopolis-tras-captura-de-el-amarillo\\\/#article\",\"isPartOf\":{\"@id\":\"https:\\\/\\\/pueblaenlinea.com\\\/2025\\\/nota-roja\\\/catean-agencia-de-autos-de-lujo-dimont-en-lomas-de-angelopolis-tras-captura-de-el-amarillo\\\/\"},\"author\":{\"name\":\"Jazmin Cardenas\",\"@id\":\"https:\\\/\\\/pueblaenlinea.com\\\/2025\\\/#\\\/schema\\\/person\\\/21ecc830e083be84dbddd9a05208834f\"},\"headline\":\"Catean agencia de autos de lujo Dimont en Lomas de Angel\u00f3polis tras captura de \u201cEl Amarillo\u201d\",\"datePublished\":\"2026-09-03T16:34:10+00:00\",\"dateModified\":\"2026-09-03T16:36:28+00:00\",\"mainEntityOfPage\":{\"@id\":\"https:\\\/\\\/pueblaenlinea.com\\\/2025\\\/nota-roja\\\/catean-agencia-de-autos-de-lujo-dimont-en-lomas-de-angelopolis-tras-captura-de-el-amarillo\\\/\"},\"wordCount\":1086,\"image\":{\"@id\":\"https:\\\/\\\/pueblaenlinea.com\\\/2025\\\/nota-roja\\\/catean-agencia-de-autos-de-lujo-dimont-en-lomas-de-angelopolis-tras-captura-de-el-amarillo\\\/#primaryimage\"},\"thumbnailUrl\":\"https:\\\/\\\/pueblaenlinea.com\\\/2025\\\/wp-content\\\/uploads\\\/2026\\\/09\\\/diamo.jpg\",\"keywords\":[\"Puebla\"],\"articleSection\":[\"Nota Roja\"],\"inLanguage\":\"es\"},{\"@type\":\"WebPage\",\"@id\":\"https:\\\/\\\/pueblaenlinea.com\\\/2025\\\/nota-roja\\\/catean-agencia-de-autos-de-lujo-dimont-en-lomas-de-angelopolis-tras-captura-de-el-amarillo\\\/\",\"url\":\"https:\\\/\\\/pueblaenlinea.com\\\/2025\\\/nota-roja\\\/catean-agencia-de-autos-de-lujo-dimont-en-lomas-de-angelopolis-tras-captura-de-el-amarillo\\\/\",\"name\":\"Catean agencia de autos de lujo Dimont en Lomas de Angel\u00f3polis tras captura de \u201cEl Amarillo\u201d - Puebla En Linea\",\"isPartOf\":{\"@id\":\"https:\\\/\\\/pueblaenlinea.com\\\/2025\\\/#website\"},\"primaryImageOfPage\":{\"@id\":\"https:\\\/\\\/pueblaenlinea.com\\\/2025\\\/nota-roja\\\/catean-agencia-de-autos-de-lujo-dimont-en-lomas-de-angelopolis-tras-captura-de-el-amarillo\\\/#primaryimage\"},\"image\":{\"@id\":\"https:\\\/\\\/pueblaenlinea.com\\\/2025\\\/nota-roja\\\/catean-agencia-de-autos-de-lujo-dimont-en-lomas-de-angelopolis-tras-captura-de-el-amarillo\\\/#primaryimage\"},\"thumbnailUrl\":\"https:\\\/\\\/pueblaenlinea.com\\\/2025\\\/wp-content\\\/uploads\\\/2026\\\/09\\\/diamo.jpg\",\"datePublished\":\"2026-09-03T16:34:10+00:00\",\"dateModified\":\"2026-09-03T16:36:28+00:00\",\"author\":{\"@id\":\"https:\\\/\\\/pueblaenlinea.com\\\/2025\\\/#\\\/schema\\\/person\\\/21ecc830e083be84dbddd9a05208834f\"},\"description\":\"Catean agencia de autos de lujo Dimont en Lomas de Angel\u00f3polis tras captura de \u201cEl Amarillo\u201d Nota Roja\",\"breadcrumb\":{\"@id\":\"https:\\\/\\\/pueblaenlinea.com\\\/2025\\\/nota-roja\\\/catean-agencia-de-autos-de-lujo-dimont-en-lomas-de-angelopolis-tras-captura-de-el-amarillo\\\/#breadcrumb\"},\"inLanguage\":\"es\",\"potentialAction\":[{\"@type\":\"ReadAction\",\"target\":[\"https:\\\/\\\/pueblaenlinea.com\\\/2025\\\/nota-roja\\\/catean-agencia-de-autos-de-lujo-dimont-en-lomas-de-angelopolis-tras-captura-de-el-amarillo\\\/\"]}]},{\"@type\":\"ImageObject\",\"inLanguage\":\"es\",\"@id\":\"https:\\\/\\\/pueblaenlinea.com\\\/2025\\\/nota-roja\\\/catean-agencia-de-autos-de-lujo-dimont-en-lomas-de-angelopolis-tras-captura-de-el-amarillo\\\/#primaryimage\",\"url\":\"https:\\\/\\\/pueblaenlinea.com\\\/2025\\\/wp-content\\\/uploads\\\/2026\\\/09\\\/diamo.jpg\",\"contentUrl\":\"https:\\\/\\\/pueblaenlinea.com\\\/2025\\\/wp-content\\\/uploads\\\/2026\\\/09\\\/diamo.jpg\",\"width\":1200,\"height\":674},{\"@type\":\"BreadcrumbList\",\"@id\":\"https:\\\/\\\/pueblaenlinea.com\\\/2025\\\/nota-roja\\\/catean-agencia-de-autos-de-lujo-dimont-en-lomas-de-angelopolis-tras-captura-de-el-amarillo\\\/#breadcrumb\",\"itemListElement\":[{\"@type\":\"ListItem\",\"position\":1,\"name\":\"Inicio\",\"item\":\"https:\\\/\\\/pueblaenlinea.com\\\/2025\\\/\"},{\"@type\":\"ListItem\",\"position\":2,\"name\":\"Catean agencia de autos de lujo Dimont en Lomas de Angel\u00f3polis tras captura de \u201cEl Amarillo\u201d\"}]},{\"@type\":\"WebSite\",\"@id\":\"https:\\\/\\\/pueblaenlinea.com\\\/2025\\\/#website\",\"url\":\"https:\\\/\\\/pueblaenlinea.com\\\/2025\\\/\",\"name\":\"Puebla En Linea\",\"description\":\"noticias de puebla, periodismo serio y comprometido.\",\"potentialAction\":[{\"@type\":\"SearchAction\",\"target\":{\"@type\":\"EntryPoint\",\"urlTemplate\":\"https:\\\/\\\/pueblaenlinea.com\\\/2025\\\/?s={search_term_string}\"},\"query-input\":{\"@type\":\"PropertyValueSpecification\",\"valueRequired\":true,\"valueName\":\"search_term_string\"}}],\"inLanguage\":\"es\"},{\"@type\":\"Person\",\"@id\":\"https:\\\/\\\/pueblaenlinea.com\\\/2025\\\/#\\\/schema\\\/person\\\/21ecc830e083be84dbddd9a05208834f\",\"name\":\"Jazmin Cardenas\",\"image\":{\"@type\":\"ImageObject\",\"inLanguage\":\"es\",\"@id\":\"https:\\\/\\\/pueblaenlinea.com\\\/2025\\\/wp-content\\\/litespeed\\\/avatar\\\/9d7ab062f41a13d0af53522b39daf76f.jpg?ver=1788194722\",\"url\":\"https:\\\/\\\/pueblaenlinea.com\\\/2025\\\/wp-content\\\/litespeed\\\/avatar\\\/9d7ab062f41a13d0af53522b39daf76f.jpg?ver=1788194722\",\"contentUrl\":\"https:\\\/\\\/pueblaenlinea.com\\\/2025\\\/wp-content\\\/litespeed\\\/avatar\\\/9d7ab062f41a13d0af53522b39daf76f.jpg?ver=1788194722\",\"caption\":\"Jazmin Cardenas\"},\"url\":\"https:\\\/\\\/pueblaenlinea.com\\\/2025\\\/author\\\/jaz-pel\\\/\"}]}<\/script>\n<!-- \/ Yoast SEO plugin. -->","yoast_head_json":{"title":"Catean agencia de autos de lujo Dimont en Lomas de Angel\u00f3polis tras captura de \u201cEl Amarillo\u201d - Puebla En Linea","description":"Catean agencia de autos de lujo Dimont en Lomas de Angel\u00f3polis tras captura de \u201cEl Amarillo\u201d Nota Roja","robots":{"index":"index","follow":"follow","max-snippet":"max-snippet:-1","max-image-preview":"max-image-preview:large","max-video-preview":"max-video-preview:-1"},"canonical":"https:\/\/pueblaenlinea.com\/2025\/nota-roja\/catean-agencia-de-autos-de-lujo-dimont-en-lomas-de-angelopolis-tras-captura-de-el-amarillo\/","og_locale":"es_MX","og_type":"article","og_title":"Catean agencia de autos de lujo Dimont en Lomas de Angel\u00f3polis tras captura de \u201cEl Amarillo\u201d - Puebla En Linea","og_description":"Catean agencia de autos de lujo Dimont en Lomas de Angel\u00f3polis tras captura de \u201cEl Amarillo\u201d Nota Roja","og_url":"https:\/\/pueblaenlinea.com\/2025\/nota-roja\/catean-agencia-de-autos-de-lujo-dimont-en-lomas-de-angelopolis-tras-captura-de-el-amarillo\/","og_site_name":"Puebla En Linea","article_publisher":"https:\/\/www.facebook.com\/pueblaenlineacom","article_published_time":"2026-09-03T16:34:10+00:00","article_modified_time":"2026-09-03T16:36:28+00:00","og_image":[{"width":1200,"height":674,"url":"https:\/\/pueblaenlinea.com\/2025\/wp-content\/uploads\/2026\/09\/diamo.jpg","type":"image\/jpeg"}],"author":"Jazmin Cardenas","twitter_card":"summary_large_image","twitter_misc":{"Escrito por":"Jazmin Cardenas","Tiempo de lectura":"5 minutos"},"schema":{"@context":"https:\/\/schema.org","@graph":[{"@type":"Article","@id":"https:\/\/pueblaenlinea.com\/2025\/nota-roja\/catean-agencia-de-autos-de-lujo-dimont-en-lomas-de-angelopolis-tras-captura-de-el-amarillo\/#article","isPartOf":{"@id":"https:\/\/pueblaenlinea.com\/2025\/nota-roja\/catean-agencia-de-autos-de-lujo-dimont-en-lomas-de-angelopolis-tras-captura-de-el-amarillo\/"},"author":{"name":"Jazmin Cardenas","@id":"https:\/\/pueblaenlinea.com\/2025\/#\/schema\/person\/21ecc830e083be84dbddd9a05208834f"},"headline":"Catean agencia de autos de lujo Dimont en Lomas de Angel\u00f3polis tras captura de \u201cEl Amarillo\u201d","datePublished":"2026-09-03T16:34:10+00:00","dateModified":"2026-09-03T16:36:28+00:00","mainEntityOfPage":{"@id":"https:\/\/pueblaenlinea.com\/2025\/nota-roja\/catean-agencia-de-autos-de-lujo-dimont-en-lomas-de-angelopolis-tras-captura-de-el-amarillo\/"},"wordCount":1086,"image":{"@id":"https:\/\/pueblaenlinea.com\/2025\/nota-roja\/catean-agencia-de-autos-de-lujo-dimont-en-lomas-de-angelopolis-tras-captura-de-el-amarillo\/#primaryimage"},"thumbnailUrl":"https:\/\/pueblaenlinea.com\/2025\/wp-content\/uploads\/2026\/09\/diamo.jpg","keywords":["Puebla"],"articleSection":["Nota Roja"],"inLanguage":"es"},{"@type":"WebPage","@id":"https:\/\/pueblaenlinea.com\/2025\/nota-roja\/catean-agencia-de-autos-de-lujo-dimont-en-lomas-de-angelopolis-tras-captura-de-el-amarillo\/","url":"https:\/\/pueblaenlinea.com\/2025\/nota-roja\/catean-agencia-de-autos-de-lujo-dimont-en-lomas-de-angelopolis-tras-captura-de-el-amarillo\/","name":"Catean agencia de autos de lujo Dimont en Lomas de Angel\u00f3polis tras captura de \u201cEl Amarillo\u201d - Puebla En Linea","isPartOf":{"@id":"https:\/\/pueblaenlinea.com\/2025\/#website"},"primaryImageOfPage":{"@id":"https:\/\/pueblaenlinea.com\/2025\/nota-roja\/catean-agencia-de-autos-de-lujo-dimont-en-lomas-de-angelopolis-tras-captura-de-el-amarillo\/#primaryimage"},"image":{"@id":"https:\/\/pueblaenlinea.com\/2025\/nota-roja\/catean-agencia-de-autos-de-lujo-dimont-en-lomas-de-angelopolis-tras-captura-de-el-amarillo\/#primaryimage"},"thumbnailUrl":"https:\/\/pueblaenlinea.com\/2025\/wp-content\/uploads\/2026\/09\/diamo.jpg","datePublished":"2026-09-03T16:34:10+00:00","dateModified":"2026-09-03T16:36:28+00:00","author":{"@id":"https:\/\/pueblaenlinea.com\/2025\/#\/schema\/person\/21ecc830e083be84dbddd9a05208834f"},"description":"Catean agencia de autos de lujo Dimont en Lomas de Angel\u00f3polis tras captura de \u201cEl Amarillo\u201d Nota Roja","breadcrumb":{"@id":"https:\/\/pueblaenlinea.com\/2025\/nota-roja\/catean-agencia-de-autos-de-lujo-dimont-en-lomas-de-angelopolis-tras-captura-de-el-amarillo\/#breadcrumb"},"inLanguage":"es","potentialAction":[{"@type":"ReadAction","target":["https:\/\/pueblaenlinea.com\/2025\/nota-roja\/catean-agencia-de-autos-de-lujo-dimont-en-lomas-de-angelopolis-tras-captura-de-el-amarillo\/"]}]},{"@type":"ImageObject","inLanguage":"es","@id":"https:\/\/pueblaenlinea.com\/2025\/nota-roja\/catean-agencia-de-autos-de-lujo-dimont-en-lomas-de-angelopolis-tras-captura-de-el-amarillo\/#primaryimage","url":"https:\/\/pueblaenlinea.com\/2025\/wp-content\/uploads\/2026\/09\/diamo.jpg","contentUrl":"https:\/\/pueblaenlinea.com\/2025\/wp-content\/uploads\/2026\/09\/diamo.jpg","width":1200,"height":674},{"@type":"BreadcrumbList","@id":"https:\/\/pueblaenlinea.com\/2025\/nota-roja\/catean-agencia-de-autos-de-lujo-dimont-en-lomas-de-angelopolis-tras-captura-de-el-amarillo\/#breadcrumb","itemListElement":[{"@type":"ListItem","position":1,"name":"Inicio","item":"https:\/\/pueblaenlinea.com\/2025\/"},{"@type":"ListItem","position":2,"name":"Catean agencia de autos de lujo Dimont en Lomas de Angel\u00f3polis tras captura de \u201cEl Amarillo\u201d"}]},{"@type":"WebSite","@id":"https:\/\/pueblaenlinea.com\/2025\/#website","url":"https:\/\/pueblaenlinea.com\/2025\/","name":"Puebla En Linea","description":"noticias de puebla, periodismo serio y comprometido.","potentialAction":[{"@type":"SearchAction","target":{"@type":"EntryPoint","urlTemplate":"https:\/\/pueblaenlinea.com\/2025\/?s={search_term_string}"},"query-input":{"@type":"PropertyValueSpecification","valueRequired":true,"valueName":"search_term_string"}}],"inLanguage":"es"},{"@type":"Person","@id":"https:\/\/pueblaenlinea.com\/2025\/#\/schema\/person\/21ecc830e083be84dbddd9a05208834f","name":"Jazmin Cardenas","image":{"@type":"ImageObject","inLanguage":"es","@id":"https:\/\/pueblaenlinea.com\/2025\/wp-content\/litespeed\/avatar\/9d7ab062f41a13d0af53522b39daf76f.jpg?ver=1788194722","url":"https:\/\/pueblaenlinea.com\/2025\/wp-content\/litespeed\/avatar\/9d7ab062f41a13d0af53522b39daf76f.jpg?ver=1788194722","contentUrl":"https:\/\/pueblaenlinea.com\/2025\/wp-content\/litespeed\/avatar\/9d7ab062f41a13d0af53522b39daf76f.jpg?ver=1788194722","caption":"Jazmin Cardenas"},"url":"https:\/\/pueblaenlinea.com\/2025\/author\/jaz-pel\/"}]}},"_links":{"self":[{"href":"https:\/\/pueblaenlinea.com\/2025\/wp-json\/wp\/v2\/posts\/134819","targetHints":{"allow":["GET"]}}],"collection":[{"href":"https:\/\/pueblaenlinea.com\/2025\/wp-json\/wp\/v2\/posts"}],"about":[{"href":"https:\/\/pueblaenlinea.com\/2025\/wp-json\/wp\/v2\/types\/post"}],"author":[{"embeddable":true,"href":"https:\/\/pueblaenlinea.com\/2025\/wp-json\/wp\/v2\/users\/10"}],"replies":[{"embeddable":true,"href":"https:\/\/pueblaenlinea.com\/2025\/wp-json\/wp\/v2\/comments?post=134819"}],"version-history":[{"count":0,"href":"https:\/\/pueblaenlinea.com\/2025\/wp-json\/wp\/v2\/posts\/134819\/revisions"}],"wp:featuredmedia":[{"embeddable":true,"href":"https:\/\/pueblaenlinea.com\/2025\/wp-json\/wp\/v2\/media\/134820"}],"wp:attachment":[{"href":"https:\/\/pueblaenlinea.com\/2025\/wp-json\/wp\/v2\/media?parent=134819"}],"wp:term":[{"taxonomy":"category","embeddable":true,"href":"https:\/\/pueblaenlinea.com\/2025\/wp-json\/wp\/v2\/categories?post=134819"},{"taxonomy":"post_tag","embeddable":true,"href":"https:\/\/pueblaenlinea.com\/2025\/wp-json\/wp\/v2\/tags?post=134819"}],"curies":[{"name":"wp","href":"https:\/\/api.w.org\/{rel}","templated":true}]}}