{"id":134816,"date":"2026-09-03T09:12:07","date_gmt":"2026-09-03T15:12:07","guid":{"rendered":"https:\/\/pueblaenlinea.com\/2025\/?p=134816"},"modified":"2026-09-03T09:12:08","modified_gmt":"2026-09-03T15:12:08","slug":"megaoperativo-en-lomas-de-angelopolis-termina-con-la-captura-de-el-amarillo-ligado-a-los-rusos","status":"publish","type":"post","link":"https:\/\/pueblaenlinea.com\/2025\/nota-roja\/megaoperativo-en-lomas-de-angelopolis-termina-con-la-captura-de-el-amarillo-ligado-a-los-rusos\/","title":{"rendered":"Megaoperativo en Lomas de Angel\u00f3polis termina con la captura de \u201cEl Amarillo\u201d, ligado a \u201cLos Rusos\u201d"},"content":{"rendered":"\n<p class=\"wp-block-paragraph\"><strong>Un fuerte despliegue de fuerzas federales, estatales y autoridades de Guerrero sorprendi\u00f3 a habitantes de Lomas de Angel\u00f3polis, donde se realizaron cateos simult\u00e1neos que terminaron con la detenci\u00f3n de Ulises N., alias \u201cEl Amarillo\u201d, se\u00f1alado como l\u00edder de una c\u00e9lula criminal vinculada con \u201cLos Rusos\u201d.<\/strong><\/p>\n\n\n\n<p class=\"wp-block-paragraph\">El operativo fue encabezado por la <strong>Secretar\u00eda de Seguridad y Protecci\u00f3n Ciudadana (SSPC)<\/strong>, bajo la coordinaci\u00f3n de <strong>Omar Garc\u00eda Harfuch<\/strong>, con participaci\u00f3n de autoridades de Puebla, Guerrero y fuerzas federales.<\/p>\n\n\n\n<p class=\"wp-block-paragraph\">Los cateos se realizaron en <strong>distintos puntos de Lomas de Angel\u00f3polis<\/strong>, incluida la zona perif\u00e9rica de <strong>Sonata<\/strong>, donde la presencia de elementos de seguridad y fuerzas armadas gener\u00f3 sorpresa entre habitantes y trabajadores de la zona.<\/p>\n\n\n\n<h3 class=\"wp-block-heading\">Buscaban a un objetivo considerado prioritario<\/h3>\n\n\n\n<p class=\"wp-block-paragraph\">De acuerdo con la informaci\u00f3n difundida sobre el operativo, las autoridades ten\u00edan como objetivo localizar a <strong>Ulises N., \u201cEl Amarillo\u201d<\/strong>, identificado como presunto l\u00edder de una c\u00e9lula criminal relacionada con <strong>\u201cLos Rusos\u201d<\/strong>, grupo delictivo con presencia y antecedentes de violencia en Guerrero.<\/p>\n\n\n\n<p class=\"wp-block-paragraph\">La investigaci\u00f3n habr\u00eda llevado a las autoridades hasta distintos inmuebles de Lomas de Angel\u00f3polis, donde se ejecutaron \u00f3rdenes de cateo de manera coordinada.<\/p>\n\n\n\n<p class=\"wp-block-paragraph\">El despliegue involucr\u00f3 a corporaciones de los tres niveles y a autoridades de <strong>Guerrero<\/strong>, debido a que las investigaciones sobre la c\u00e9lula tendr\u00edan conexi\u00f3n con actividades delictivas cometidas en aquella entidad.<\/p>\n\n\n\n<h3 class=\"wp-block-heading\">Caen \u201cEl Amarillo\u201d y dos presuntos escoltas<\/h3>\n\n\n\n<p class=\"wp-block-paragraph\">Durante las acciones fueron detenidos <strong>Ulises N. y dos hombres que presuntamente se desempe\u00f1aban como sus escoltas<\/strong>. A los detenidos tambi\u00e9n les fueron aseguradas <strong>armas, drogas y dos veh\u00edculos de lujo<\/strong>, de acuerdo con los primeros reportes del operativo.<\/p>\n\n\n\n<p class=\"wp-block-paragraph\">Las autoridades investigan adem\u00e1s la posible relaci\u00f3n de los detenidos con delitos como <strong>homicidio, secuestro, extorsi\u00f3n y tr\u00e1fico y distribuci\u00f3n de drogas<\/strong>.<\/p>\n\n\n\n<p class=\"wp-block-paragraph\">Hasta el momento, dichas acusaciones forman parte de las investigaciones y deber\u00e1n ser sustentadas ante las autoridades ministeriales y judiciales correspondientes.<\/p>\n\n\n\n<p class=\"wp-block-paragraph\"><strong>Los puntos principales del operativo:<\/strong><\/p>\n\n\n\n<ul class=\"wp-block-list\">\n<li>\ud83d\udccd <strong>Zona:<\/strong> Lomas de Angel\u00f3polis y alrededores de Sonata.<\/li>\n\n\n\n<li>\ud83d\udc6e <strong>Operativo:<\/strong> cateos simult\u00e1neos con participaci\u00f3n federal, estatal y de Guerrero.<\/li>\n\n\n\n<li>\ud83c\udfaf <strong>Objetivo:<\/strong> Ulises N., alias \u201cEl Amarillo\u201d.<\/li>\n\n\n\n<li>\ud83d\udc65 <strong>Detenidos:<\/strong> \u201cEl Amarillo\u201d y dos presuntos escoltas.<\/li>\n\n\n\n<li>\ud83d\udd2b <strong>Aseguramiento:<\/strong> armas y presuntas drogas.<\/li>\n\n\n\n<li>\ud83d\ude98 <strong>Veh\u00edculos:<\/strong> dos unidades de lujo.<\/li>\n\n\n\n<li>\u2696\ufe0f <strong>Delitos investigados:<\/strong> homicidios, secuestros, extorsiones y tr\u00e1fico de drogas.<\/li>\n<\/ul>\n\n\n\n<h3 class=\"wp-block-heading\">Un operativo que alter\u00f3 la rutina de Lomas de Angel\u00f3polis<\/h3>\n\n\n\n<p class=\"wp-block-paragraph\">La movilizaci\u00f3n de elementos de seguridad llam\u00f3 especialmente la atenci\u00f3n porque ocurri\u00f3 en una de las zonas habitacionales y comerciales m\u00e1s conocidas de Puebla.<\/p>\n\n\n\n<p class=\"wp-block-paragraph\">Veh\u00edculos oficiales, elementos armados y los cateos simult\u00e1neos rompieron durante varias horas con la rutina habitual de Lomas de Angel\u00f3polis, mientras las autoridades avanzaban en la operaci\u00f3n para localizar al objetivo.<\/p>\n\n\n\n<p class=\"wp-block-paragraph\">El caso tambi\u00e9n muestra c\u00f3mo investigaciones originadas en otros estados pueden terminar teniendo un cap\u00edtulo en Puebla, particularmente cuando grupos criminales extienden sus operaciones o establecen v\u00ednculos fuera de sus territorios de origen.<\/p>\n\n\n\n<blockquote class=\"twitter-tweet\" data-media-max-width=\"560\"><p lang=\"es\" dir=\"ltr\">Cae objetivo prioritario en <a href=\"https:\/\/x.com\/hashtag\/Puebla?src=hash&amp;ref_src=twsrc%5Etfw\">#Puebla<\/a>: capturan a &quot;El Amarillo&quot;, cabecilla de una c\u00e9lula criminal ligada a &quot;Los Rusos&quot; y principal generador de homicidios y secuestros. \ud83d\udea8 <a href=\"https:\/\/t.co\/mATtSG5q3J\">pic.twitter.com\/mATtSG5q3J<\/a><\/p>&mdash; Puebla (@PueblaenLinea) <a href=\"https:\/\/x.com\/PueblaenLinea\/status\/2095527626316144932?ref_src=twsrc%5Etfw\">September 3, 2026<\/a><\/blockquote> <script async src=\"https:\/\/platform.x.com\/widgets.js\" charset=\"utf-8\"><\/script>\n\n\n\n<p class=\"wp-block-paragraph\"><a href=\"https:\/\/whatsapp.com\/channel\/0029Va5CSyuEQIalZaJWpX1h?utm_source=chatgpt.com\">Canal de WhatsApp de Puebla En L\u00ednea<\/a><\/p>\n\n\n\n<p class=\"wp-block-paragraph\">La escena resulta dif\u00edcil de ignorar: una de las zonas m\u00e1s exclusivas de Puebla convertida, por unas horas, en escenario de un operativo contra una c\u00e9lula se\u00f1alada por las autoridades por delitos de alto impacto. Ahora corresponder\u00e1 a las investigaciones determinar qu\u00e9 hac\u00eda \u201cEl Amarillo\u201d en Puebla, cu\u00e1l era el alcance de su estructura y qu\u00e9 responsabilidades pueden acreditarse a los tres detenidos.<\/p>\n\n\n\n<h3 class=\"wp-block-heading\">5 t\u00edtulos alternativos para redes sociales<\/h3>\n\n\n\n<ol class=\"wp-block-list\">\n<li><strong>Megaoperativo en Lomas de Angel\u00f3polis: capturan a \u201cEl Amarillo\u201d, ligado a \u201cLos Rusos\u201d<\/strong><\/li>\n\n\n\n<li><strong>Cateos simult\u00e1neos en Lomas de Angel\u00f3polis terminan con captura de presunto l\u00edder criminal<\/strong><\/li>\n\n\n\n<li><strong>\u201cEl Amarillo\u201d cay\u00f3 en Lomas de Angel\u00f3polis; lo se\u00f1alan como l\u00edder de c\u00e9lula ligada a \u201cLos Rusos\u201d<\/strong><\/li>\n\n\n\n<li><strong>Operativo federal sacude Lomas de Angel\u00f3polis; detienen a \u201cEl Amarillo\u201d y dos presuntos escoltas<\/strong><\/li>\n\n\n\n<li><strong>Armas, drogas y autos de lujo tras megaoperativo en Lomas de Angel\u00f3polis; hay tres detenidos<\/strong><\/li>\n<\/ol>\n","protected":false},"excerpt":{"rendered":"<p>Un fuerte despliegue de fuerzas federales, estatales y autoridades de Guerrero sorprendi\u00f3 a habitantes de Lomas de Angel\u00f3polis, donde se realizaron cateos simult\u00e1neos que terminaron con la detenci\u00f3n de Ulises N., alias \u201cEl Amarillo\u201d, se\u00f1alado como l\u00edder de una c\u00e9lula criminal vinculada con \u201cLos Rusos\u201d. El operativo fue encabezado por la Secretar\u00eda de Seguridad y&#8230;<\/p>\n","protected":false},"author":10,"featured_media":134817,"comment_status":"closed","ping_status":"closed","sticky":false,"template":"","format":"standard","meta":{"footnotes":""},"categories":[24],"tags":[1400],"class_list":["post-134816","post","type-post","status-publish","format-standard","has-post-thumbnail","hentry","category-nota-roja","tag-detenidos"],"yoast_head":"<!-- This site is optimized with the Yoast SEO plugin v28.4 - https:\/\/yoast.com\/product\/yoast-seo-wordpress\/ -->\n<title>Megaoperativo en Lomas de Angel\u00f3polis termina con la captura de \u201cEl Amarillo\u201d, ligado a \u201cLos Rusos\u201d - Puebla En Linea<\/title>\n<meta name=\"description\" content=\"Megaoperativo en Lomas de Angel\u00f3polis termina con la captura de \u201cEl Amarillo\u201d, ligado a \u201cLos Rusos\u201d Nota Roja\" \/>\n<meta name=\"robots\" content=\"index, follow, max-snippet:-1, max-image-preview:large, max-video-preview:-1\" \/>\n<link rel=\"canonical\" href=\"https:\/\/pueblaenlinea.com\/2025\/nota-roja\/megaoperativo-en-lomas-de-angelopolis-termina-con-la-captura-de-el-amarillo-ligado-a-los-rusos\/\" \/>\n<meta property=\"og:locale\" content=\"es_MX\" \/>\n<meta property=\"og:type\" content=\"article\" \/>\n<meta property=\"og:title\" content=\"Megaoperativo en Lomas de Angel\u00f3polis termina con la captura de \u201cEl Amarillo\u201d, ligado a \u201cLos Rusos\u201d - Puebla En Linea\" \/>\n<meta property=\"og:description\" content=\"Megaoperativo en Lomas de Angel\u00f3polis termina con la captura de \u201cEl Amarillo\u201d, ligado a \u201cLos Rusos\u201d Nota Roja\" \/>\n<meta property=\"og:url\" content=\"https:\/\/pueblaenlinea.com\/2025\/nota-roja\/megaoperativo-en-lomas-de-angelopolis-termina-con-la-captura-de-el-amarillo-ligado-a-los-rusos\/\" \/>\n<meta property=\"og:site_name\" content=\"Puebla En Linea\" \/>\n<meta property=\"article:publisher\" content=\"https:\/\/www.facebook.com\/pueblaenlineacom\" \/>\n<meta property=\"article:published_time\" content=\"2026-09-03T15:12:07+00:00\" \/>\n<meta property=\"article:modified_time\" content=\"2026-09-03T15:12:08+00:00\" \/>\n<meta property=\"og:image\" content=\"https:\/\/pueblaenlinea.com\/2025\/wp-content\/uploads\/2026\/09\/captura-del-amarillo.jpg\" \/>\n\t<meta property=\"og:image:width\" content=\"1200\" \/>\n\t<meta property=\"og:image:height\" content=\"674\" \/>\n\t<meta property=\"og:image:type\" content=\"image\/jpeg\" \/>\n<meta name=\"author\" content=\"Jazmin Cardenas\" \/>\n<meta name=\"twitter:card\" content=\"summary_large_image\" \/>\n<meta name=\"twitter:label1\" content=\"Escrito por\" \/>\n\t<meta name=\"twitter:data1\" content=\"Jazmin Cardenas\" \/>\n\t<meta name=\"twitter:label2\" content=\"Tiempo de lectura\" \/>\n\t<meta name=\"twitter:data2\" content=\"3 minutos\" \/>\n<script type=\"application\/ld+json\" class=\"yoast-schema-graph\">{\"@context\":\"https:\\\/\\\/schema.org\",\"@graph\":[{\"@type\":\"Article\",\"@id\":\"https:\\\/\\\/pueblaenlinea.com\\\/2025\\\/nota-roja\\\/megaoperativo-en-lomas-de-angelopolis-termina-con-la-captura-de-el-amarillo-ligado-a-los-rusos\\\/#article\",\"isPartOf\":{\"@id\":\"https:\\\/\\\/pueblaenlinea.com\\\/2025\\\/nota-roja\\\/megaoperativo-en-lomas-de-angelopolis-termina-con-la-captura-de-el-amarillo-ligado-a-los-rusos\\\/\"},\"author\":{\"name\":\"Jazmin Cardenas\",\"@id\":\"https:\\\/\\\/pueblaenlinea.com\\\/2025\\\/#\\\/schema\\\/person\\\/21ecc830e083be84dbddd9a05208834f\"},\"headline\":\"Megaoperativo en Lomas de Angel\u00f3polis termina con la captura de \u201cEl Amarillo\u201d, ligado a \u201cLos Rusos\u201d\",\"datePublished\":\"2026-09-03T15:12:07+00:00\",\"dateModified\":\"2026-09-03T15:12:08+00:00\",\"mainEntityOfPage\":{\"@id\":\"https:\\\/\\\/pueblaenlinea.com\\\/2025\\\/nota-roja\\\/megaoperativo-en-lomas-de-angelopolis-termina-con-la-captura-de-el-amarillo-ligado-a-los-rusos\\\/\"},\"wordCount\":726,\"image\":{\"@id\":\"https:\\\/\\\/pueblaenlinea.com\\\/2025\\\/nota-roja\\\/megaoperativo-en-lomas-de-angelopolis-termina-con-la-captura-de-el-amarillo-ligado-a-los-rusos\\\/#primaryimage\"},\"thumbnailUrl\":\"https:\\\/\\\/pueblaenlinea.com\\\/2025\\\/wp-content\\\/uploads\\\/2026\\\/09\\\/captura-del-amarillo.jpg\",\"keywords\":[\"detenidos\"],\"articleSection\":[\"Nota Roja\"],\"inLanguage\":\"es\"},{\"@type\":\"WebPage\",\"@id\":\"https:\\\/\\\/pueblaenlinea.com\\\/2025\\\/nota-roja\\\/megaoperativo-en-lomas-de-angelopolis-termina-con-la-captura-de-el-amarillo-ligado-a-los-rusos\\\/\",\"url\":\"https:\\\/\\\/pueblaenlinea.com\\\/2025\\\/nota-roja\\\/megaoperativo-en-lomas-de-angelopolis-termina-con-la-captura-de-el-amarillo-ligado-a-los-rusos\\\/\",\"name\":\"Megaoperativo en Lomas de Angel\u00f3polis termina con la captura de \u201cEl Amarillo\u201d, ligado a \u201cLos Rusos\u201d - Puebla En Linea\",\"isPartOf\":{\"@id\":\"https:\\\/\\\/pueblaenlinea.com\\\/2025\\\/#website\"},\"primaryImageOfPage\":{\"@id\":\"https:\\\/\\\/pueblaenlinea.com\\\/2025\\\/nota-roja\\\/megaoperativo-en-lomas-de-angelopolis-termina-con-la-captura-de-el-amarillo-ligado-a-los-rusos\\\/#primaryimage\"},\"image\":{\"@id\":\"https:\\\/\\\/pueblaenlinea.com\\\/2025\\\/nota-roja\\\/megaoperativo-en-lomas-de-angelopolis-termina-con-la-captura-de-el-amarillo-ligado-a-los-rusos\\\/#primaryimage\"},\"thumbnailUrl\":\"https:\\\/\\\/pueblaenlinea.com\\\/2025\\\/wp-content\\\/uploads\\\/2026\\\/09\\\/captura-del-amarillo.jpg\",\"datePublished\":\"2026-09-03T15:12:07+00:00\",\"dateModified\":\"2026-09-03T15:12:08+00:00\",\"author\":{\"@id\":\"https:\\\/\\\/pueblaenlinea.com\\\/2025\\\/#\\\/schema\\\/person\\\/21ecc830e083be84dbddd9a05208834f\"},\"description\":\"Megaoperativo en Lomas de Angel\u00f3polis termina con la captura de \u201cEl Amarillo\u201d, ligado a \u201cLos Rusos\u201d Nota Roja\",\"breadcrumb\":{\"@id\":\"https:\\\/\\\/pueblaenlinea.com\\\/2025\\\/nota-roja\\\/megaoperativo-en-lomas-de-angelopolis-termina-con-la-captura-de-el-amarillo-ligado-a-los-rusos\\\/#breadcrumb\"},\"inLanguage\":\"es\",\"potentialAction\":[{\"@type\":\"ReadAction\",\"target\":[\"https:\\\/\\\/pueblaenlinea.com\\\/2025\\\/nota-roja\\\/megaoperativo-en-lomas-de-angelopolis-termina-con-la-captura-de-el-amarillo-ligado-a-los-rusos\\\/\"]}]},{\"@type\":\"ImageObject\",\"inLanguage\":\"es\",\"@id\":\"https:\\\/\\\/pueblaenlinea.com\\\/2025\\\/nota-roja\\\/megaoperativo-en-lomas-de-angelopolis-termina-con-la-captura-de-el-amarillo-ligado-a-los-rusos\\\/#primaryimage\",\"url\":\"https:\\\/\\\/pueblaenlinea.com\\\/2025\\\/wp-content\\\/uploads\\\/2026\\\/09\\\/captura-del-amarillo.jpg\",\"contentUrl\":\"https:\\\/\\\/pueblaenlinea.com\\\/2025\\\/wp-content\\\/uploads\\\/2026\\\/09\\\/captura-del-amarillo.jpg\",\"width\":1200,\"height\":674},{\"@type\":\"BreadcrumbList\",\"@id\":\"https:\\\/\\\/pueblaenlinea.com\\\/2025\\\/nota-roja\\\/megaoperativo-en-lomas-de-angelopolis-termina-con-la-captura-de-el-amarillo-ligado-a-los-rusos\\\/#breadcrumb\",\"itemListElement\":[{\"@type\":\"ListItem\",\"position\":1,\"name\":\"Inicio\",\"item\":\"https:\\\/\\\/pueblaenlinea.com\\\/2025\\\/\"},{\"@type\":\"ListItem\",\"position\":2,\"name\":\"Megaoperativo en Lomas de Angel\u00f3polis termina con la captura de \u201cEl Amarillo\u201d, ligado a \u201cLos Rusos\u201d\"}]},{\"@type\":\"WebSite\",\"@id\":\"https:\\\/\\\/pueblaenlinea.com\\\/2025\\\/#website\",\"url\":\"https:\\\/\\\/pueblaenlinea.com\\\/2025\\\/\",\"name\":\"Puebla En Linea\",\"description\":\"noticias de puebla, periodismo serio y comprometido.\",\"potentialAction\":[{\"@type\":\"SearchAction\",\"target\":{\"@type\":\"EntryPoint\",\"urlTemplate\":\"https:\\\/\\\/pueblaenlinea.com\\\/2025\\\/?s={search_term_string}\"},\"query-input\":{\"@type\":\"PropertyValueSpecification\",\"valueRequired\":true,\"valueName\":\"search_term_string\"}}],\"inLanguage\":\"es\"},{\"@type\":\"Person\",\"@id\":\"https:\\\/\\\/pueblaenlinea.com\\\/2025\\\/#\\\/schema\\\/person\\\/21ecc830e083be84dbddd9a05208834f\",\"name\":\"Jazmin Cardenas\",\"image\":{\"@type\":\"ImageObject\",\"inLanguage\":\"es\",\"@id\":\"https:\\\/\\\/pueblaenlinea.com\\\/2025\\\/wp-content\\\/litespeed\\\/avatar\\\/9d7ab062f41a13d0af53522b39daf76f.jpg?ver=1788194722\",\"url\":\"https:\\\/\\\/pueblaenlinea.com\\\/2025\\\/wp-content\\\/litespeed\\\/avatar\\\/9d7ab062f41a13d0af53522b39daf76f.jpg?ver=1788194722\",\"contentUrl\":\"https:\\\/\\\/pueblaenlinea.com\\\/2025\\\/wp-content\\\/litespeed\\\/avatar\\\/9d7ab062f41a13d0af53522b39daf76f.jpg?ver=1788194722\",\"caption\":\"Jazmin Cardenas\"},\"url\":\"https:\\\/\\\/pueblaenlinea.com\\\/2025\\\/author\\\/jaz-pel\\\/\"}]}<\/script>\n<!-- \/ Yoast SEO plugin. -->","yoast_head_json":{"title":"Megaoperativo en Lomas de Angel\u00f3polis termina con la captura de \u201cEl Amarillo\u201d, ligado a \u201cLos Rusos\u201d - Puebla En Linea","description":"Megaoperativo en Lomas de Angel\u00f3polis termina con la captura de \u201cEl Amarillo\u201d, ligado a \u201cLos Rusos\u201d Nota Roja","robots":{"index":"index","follow":"follow","max-snippet":"max-snippet:-1","max-image-preview":"max-image-preview:large","max-video-preview":"max-video-preview:-1"},"canonical":"https:\/\/pueblaenlinea.com\/2025\/nota-roja\/megaoperativo-en-lomas-de-angelopolis-termina-con-la-captura-de-el-amarillo-ligado-a-los-rusos\/","og_locale":"es_MX","og_type":"article","og_title":"Megaoperativo en Lomas de Angel\u00f3polis termina con la captura de \u201cEl Amarillo\u201d, ligado a \u201cLos Rusos\u201d - Puebla En Linea","og_description":"Megaoperativo en Lomas de Angel\u00f3polis termina con la captura de \u201cEl Amarillo\u201d, ligado a \u201cLos Rusos\u201d Nota Roja","og_url":"https:\/\/pueblaenlinea.com\/2025\/nota-roja\/megaoperativo-en-lomas-de-angelopolis-termina-con-la-captura-de-el-amarillo-ligado-a-los-rusos\/","og_site_name":"Puebla En Linea","article_publisher":"https:\/\/www.facebook.com\/pueblaenlineacom","article_published_time":"2026-09-03T15:12:07+00:00","article_modified_time":"2026-09-03T15:12:08+00:00","og_image":[{"width":1200,"height":674,"url":"https:\/\/pueblaenlinea.com\/2025\/wp-content\/uploads\/2026\/09\/captura-del-amarillo.jpg","type":"image\/jpeg"}],"author":"Jazmin Cardenas","twitter_card":"summary_large_image","twitter_misc":{"Escrito por":"Jazmin Cardenas","Tiempo de lectura":"3 minutos"},"schema":{"@context":"https:\/\/schema.org","@graph":[{"@type":"Article","@id":"https:\/\/pueblaenlinea.com\/2025\/nota-roja\/megaoperativo-en-lomas-de-angelopolis-termina-con-la-captura-de-el-amarillo-ligado-a-los-rusos\/#article","isPartOf":{"@id":"https:\/\/pueblaenlinea.com\/2025\/nota-roja\/megaoperativo-en-lomas-de-angelopolis-termina-con-la-captura-de-el-amarillo-ligado-a-los-rusos\/"},"author":{"name":"Jazmin Cardenas","@id":"https:\/\/pueblaenlinea.com\/2025\/#\/schema\/person\/21ecc830e083be84dbddd9a05208834f"},"headline":"Megaoperativo en Lomas de Angel\u00f3polis termina con la captura de \u201cEl Amarillo\u201d, ligado a \u201cLos Rusos\u201d","datePublished":"2026-09-03T15:12:07+00:00","dateModified":"2026-09-03T15:12:08+00:00","mainEntityOfPage":{"@id":"https:\/\/pueblaenlinea.com\/2025\/nota-roja\/megaoperativo-en-lomas-de-angelopolis-termina-con-la-captura-de-el-amarillo-ligado-a-los-rusos\/"},"wordCount":726,"image":{"@id":"https:\/\/pueblaenlinea.com\/2025\/nota-roja\/megaoperativo-en-lomas-de-angelopolis-termina-con-la-captura-de-el-amarillo-ligado-a-los-rusos\/#primaryimage"},"thumbnailUrl":"https:\/\/pueblaenlinea.com\/2025\/wp-content\/uploads\/2026\/09\/captura-del-amarillo.jpg","keywords":["detenidos"],"articleSection":["Nota Roja"],"inLanguage":"es"},{"@type":"WebPage","@id":"https:\/\/pueblaenlinea.com\/2025\/nota-roja\/megaoperativo-en-lomas-de-angelopolis-termina-con-la-captura-de-el-amarillo-ligado-a-los-rusos\/","url":"https:\/\/pueblaenlinea.com\/2025\/nota-roja\/megaoperativo-en-lomas-de-angelopolis-termina-con-la-captura-de-el-amarillo-ligado-a-los-rusos\/","name":"Megaoperativo en Lomas de Angel\u00f3polis termina con la captura de \u201cEl Amarillo\u201d, ligado a \u201cLos Rusos\u201d - Puebla En Linea","isPartOf":{"@id":"https:\/\/pueblaenlinea.com\/2025\/#website"},"primaryImageOfPage":{"@id":"https:\/\/pueblaenlinea.com\/2025\/nota-roja\/megaoperativo-en-lomas-de-angelopolis-termina-con-la-captura-de-el-amarillo-ligado-a-los-rusos\/#primaryimage"},"image":{"@id":"https:\/\/pueblaenlinea.com\/2025\/nota-roja\/megaoperativo-en-lomas-de-angelopolis-termina-con-la-captura-de-el-amarillo-ligado-a-los-rusos\/#primaryimage"},"thumbnailUrl":"https:\/\/pueblaenlinea.com\/2025\/wp-content\/uploads\/2026\/09\/captura-del-amarillo.jpg","datePublished":"2026-09-03T15:12:07+00:00","dateModified":"2026-09-03T15:12:08+00:00","author":{"@id":"https:\/\/pueblaenlinea.com\/2025\/#\/schema\/person\/21ecc830e083be84dbddd9a05208834f"},"description":"Megaoperativo en Lomas de Angel\u00f3polis termina con la captura de \u201cEl Amarillo\u201d, ligado a \u201cLos Rusos\u201d Nota Roja","breadcrumb":{"@id":"https:\/\/pueblaenlinea.com\/2025\/nota-roja\/megaoperativo-en-lomas-de-angelopolis-termina-con-la-captura-de-el-amarillo-ligado-a-los-rusos\/#breadcrumb"},"inLanguage":"es","potentialAction":[{"@type":"ReadAction","target":["https:\/\/pueblaenlinea.com\/2025\/nota-roja\/megaoperativo-en-lomas-de-angelopolis-termina-con-la-captura-de-el-amarillo-ligado-a-los-rusos\/"]}]},{"@type":"ImageObject","inLanguage":"es","@id":"https:\/\/pueblaenlinea.com\/2025\/nota-roja\/megaoperativo-en-lomas-de-angelopolis-termina-con-la-captura-de-el-amarillo-ligado-a-los-rusos\/#primaryimage","url":"https:\/\/pueblaenlinea.com\/2025\/wp-content\/uploads\/2026\/09\/captura-del-amarillo.jpg","contentUrl":"https:\/\/pueblaenlinea.com\/2025\/wp-content\/uploads\/2026\/09\/captura-del-amarillo.jpg","width":1200,"height":674},{"@type":"BreadcrumbList","@id":"https:\/\/pueblaenlinea.com\/2025\/nota-roja\/megaoperativo-en-lomas-de-angelopolis-termina-con-la-captura-de-el-amarillo-ligado-a-los-rusos\/#breadcrumb","itemListElement":[{"@type":"ListItem","position":1,"name":"Inicio","item":"https:\/\/pueblaenlinea.com\/2025\/"},{"@type":"ListItem","position":2,"name":"Megaoperativo en Lomas de Angel\u00f3polis termina con la captura de \u201cEl Amarillo\u201d, ligado a \u201cLos Rusos\u201d"}]},{"@type":"WebSite","@id":"https:\/\/pueblaenlinea.com\/2025\/#website","url":"https:\/\/pueblaenlinea.com\/2025\/","name":"Puebla En Linea","description":"noticias de puebla, periodismo serio y comprometido.","potentialAction":[{"@type":"SearchAction","target":{"@type":"EntryPoint","urlTemplate":"https:\/\/pueblaenlinea.com\/2025\/?s={search_term_string}"},"query-input":{"@type":"PropertyValueSpecification","valueRequired":true,"valueName":"search_term_string"}}],"inLanguage":"es"},{"@type":"Person","@id":"https:\/\/pueblaenlinea.com\/2025\/#\/schema\/person\/21ecc830e083be84dbddd9a05208834f","name":"Jazmin Cardenas","image":{"@type":"ImageObject","inLanguage":"es","@id":"https:\/\/pueblaenlinea.com\/2025\/wp-content\/litespeed\/avatar\/9d7ab062f41a13d0af53522b39daf76f.jpg?ver=1788194722","url":"https:\/\/pueblaenlinea.com\/2025\/wp-content\/litespeed\/avatar\/9d7ab062f41a13d0af53522b39daf76f.jpg?ver=1788194722","contentUrl":"https:\/\/pueblaenlinea.com\/2025\/wp-content\/litespeed\/avatar\/9d7ab062f41a13d0af53522b39daf76f.jpg?ver=1788194722","caption":"Jazmin Cardenas"},"url":"https:\/\/pueblaenlinea.com\/2025\/author\/jaz-pel\/"}]}},"_links":{"self":[{"href":"https:\/\/pueblaenlinea.com\/2025\/wp-json\/wp\/v2\/posts\/134816","targetHints":{"allow":["GET"]}}],"collection":[{"href":"https:\/\/pueblaenlinea.com\/2025\/wp-json\/wp\/v2\/posts"}],"about":[{"href":"https:\/\/pueblaenlinea.com\/2025\/wp-json\/wp\/v2\/types\/post"}],"author":[{"embeddable":true,"href":"https:\/\/pueblaenlinea.com\/2025\/wp-json\/wp\/v2\/users\/10"}],"replies":[{"embeddable":true,"href":"https:\/\/pueblaenlinea.com\/2025\/wp-json\/wp\/v2\/comments?post=134816"}],"version-history":[{"count":0,"href":"https:\/\/pueblaenlinea.com\/2025\/wp-json\/wp\/v2\/posts\/134816\/revisions"}],"wp:featuredmedia":[{"embeddable":true,"href":"https:\/\/pueblaenlinea.com\/2025\/wp-json\/wp\/v2\/media\/134817"}],"wp:attachment":[{"href":"https:\/\/pueblaenlinea.com\/2025\/wp-json\/wp\/v2\/media?parent=134816"}],"wp:term":[{"taxonomy":"category","embeddable":true,"href":"https:\/\/pueblaenlinea.com\/2025\/wp-json\/wp\/v2\/categories?post=134816"},{"taxonomy":"post_tag","embeddable":true,"href":"https:\/\/pueblaenlinea.com\/2025\/wp-json\/wp\/v2\/tags?post=134816"}],"curies":[{"name":"wp","href":"https:\/\/api.w.org\/{rel}","templated":true}]}}