{"id":134812,"date":"2026-09-03T09:03:09","date_gmt":"2026-09-03T15:03:09","guid":{"rendered":"https:\/\/pueblaenlinea.com\/2025\/?p=134812"},"modified":"2026-09-03T09:03:10","modified_gmt":"2026-09-03T15:03:10","slug":"mata-a-su-madre-y-a-su-abuela-dentro-de-su-casa-en-cuetzalan-hay-dos-detenidos","status":"publish","type":"post","link":"https:\/\/pueblaenlinea.com\/2025\/nota-roja\/mata-a-su-madre-y-a-su-abuela-dentro-de-su-casa-en-cuetzalan-hay-dos-detenidos\/","title":{"rendered":"Mata a su madre y a su abuela dentro de su casa en Cuetzalan; hay dos detenidos"},"content":{"rendered":"\n<p class=\"wp-block-paragraph\"><strong>Dos mujeres fueron asesinadas dentro de una vivienda de Cuamayta, en Cuetzalan, y dos hombres fueron detenidos tras el crimen. De acuerdo con los primeros reportes, uno de ellos ser\u00eda hijo de una de las v\u00edctimas y nieto de la otra.<\/strong><\/p>\n\n\n\n<p class=\"wp-block-paragraph\">El doble asesinato ocurri\u00f3 la tarde del <strong>mi\u00e9rcoles 2 de septiembre<\/strong>, en la localidad de <strong>Cuamayta, perteneciente a la junta auxiliar de Santiago Yancuitlalpan<\/strong>, en el municipio de Cuetzalan del Progreso.<\/p>\n\n\n\n<p class=\"wp-block-paragraph\">Alrededor de las <strong>16:15 horas<\/strong>, las autoridades recibieron un reporte de auxilio por hechos violentos ocurridos dentro de un domicilio. Elementos de la Polic\u00eda Estatal, que realizaban recorridos en la zona, acudieron al sitio con apoyo de polic\u00edas municipales.<\/p>\n\n\n\n<p class=\"wp-block-paragraph\">Al ingresar a la vivienda localizaron a <strong>dos mujeres sin vida<\/strong>, quienes presentaban m\u00faltiples lesiones aparentemente producidas con un arma punzocortante, como una navaja u objeto similar.<\/p>\n\n\n\n<h3 class=\"wp-block-heading\">Una de las v\u00edctimas era polic\u00eda municipal<\/h3>\n\n\n\n<p class=\"wp-block-paragraph\">De acuerdo con informaci\u00f3n preliminar recabada tras el crimen, una de las mujeres ser\u00eda <strong>Isabel D\u00edaz, de 30 a\u00f1os<\/strong>, quien se desempe\u00f1aba como polic\u00eda municipal de Cuetzalan.<\/p>\n\n\n\n<p class=\"wp-block-paragraph\">La segunda v\u00edctima ser\u00eda <strong>Mar\u00eda Francisca H., de 60 a\u00f1os<\/strong>, quien, seg\u00fan los primeros reportes, ser\u00eda madre de Isabel.<\/p>\n\n\n\n<p class=\"wp-block-paragraph\">El dato que vuelve todav\u00eda m\u00e1s delicado el caso es el parentesco se\u00f1alado entre las v\u00edctimas y uno de los detenidos: <strong>Mariano N. ser\u00eda hijo de Isabel y nieto de Mar\u00eda Francisca<\/strong>, aunque esta relaci\u00f3n deber\u00e1 ser confirmada formalmente por las autoridades.<\/p>\n\n\n\n<h3 class=\"wp-block-heading\">Detienen a dos hombres tras el doble asesinato<\/h3>\n\n\n\n<p class=\"wp-block-paragraph\">La Secretar\u00eda de Seguridad P\u00fablica Municipal de Cuetzalan inform\u00f3 que, gracias a la reacci\u00f3n coordinada entre elementos estatales y municipales, fueron detenidos <strong>dos hombres<\/strong> presuntamente relacionados con los hechos.<\/p>\n\n\n\n<p class=\"wp-block-paragraph\">Uno de ellos ser\u00eda Mariano N., quien aparece como el principal se\u00f1alado en las primeras indagatorias.<\/p>\n\n\n\n<p class=\"wp-block-paragraph\">La versi\u00f3n preliminar establece que habr\u00eda ingresado al domicilio y atacado a las dos mujeres con un objeto punzocortante. Sin embargo, <strong>ser\u00e1 la Fiscal\u00eda General del Estado la que determine qu\u00e9 ocurri\u00f3 dentro de la vivienda y cu\u00e1l fue la participaci\u00f3n de cada detenido<\/strong>.<\/p>\n\n\n\n<p class=\"wp-block-paragraph\">Hasta el momento tampoco se ha establecido p\u00fablicamente el m\u00f3vil del doble asesinato.<\/p>\n\n\n\n<p class=\"wp-block-paragraph\"><strong>Los datos principales del caso:<\/strong><\/p>\n\n\n\n<ul class=\"wp-block-list\">\n<li>\ud83d\udccd <strong>Lugar:<\/strong> Cuamayta, Santiago Yancuitlalpan, Cuetzalan.<\/li>\n\n\n\n<li>\ud83d\udcc5 <strong>Fecha:<\/strong> mi\u00e9rcoles 2 de septiembre de 2026.<\/li>\n\n\n\n<li>\ud83d\udd53 <strong>Hora del reporte:<\/strong> aproximadamente 16:15 horas.<\/li>\n\n\n\n<li>\ud83d\udc69 <strong>V\u00edctimas:<\/strong> dos mujeres.<\/li>\n\n\n\n<li>\ud83d\udc6e <strong>Una v\u00edctima:<\/strong> polic\u00eda municipal de Cuetzalan, seg\u00fan informaci\u00f3n preliminar.<\/li>\n\n\n\n<li>\ud83d\udd2a <strong>Lesiones:<\/strong> aparentemente provocadas con arma punzocortante.<\/li>\n\n\n\n<li>\ud83d\udc65 <strong>Detenidos:<\/strong> dos hombres.<\/li>\n\n\n\n<li>\u2696\ufe0f <strong>Principal se\u00f1alado:<\/strong> Mariano N., de acuerdo con los primeros reportes.<\/li>\n<\/ul>\n\n\n\n<h3 class=\"wp-block-heading\">Fiscal\u00eda investiga el crimen<\/h3>\n\n\n\n<p class=\"wp-block-paragraph\">La vivienda qued\u00f3 acordonada para permitir que personal de la <strong>Fiscal\u00eda General del Estado de Puebla (FGE)<\/strong> realizara el procesamiento de la escena y la b\u00fasqueda y embalaje de indicios.<\/p>\n\n\n\n<p class=\"wp-block-paragraph\">Los cuerpos ser\u00e1n trasladados al Servicio M\u00e9dico Forense para la <strong>necropsia de ley<\/strong>, con la finalidad de establecer oficialmente la causa de muerte y completar el proceso de identificaci\u00f3n.<\/p>\n\n\n\n<p class=\"wp-block-paragraph\">Los dos detenidos ser\u00e1n puestos a disposici\u00f3n del Ministerio P\u00fablico, autoridad que deber\u00e1 determinar su situaci\u00f3n jur\u00eddica y reunir los elementos necesarios para establecer si existe responsabilidad penal.<\/p>\n\n\n\n<p class=\"wp-block-paragraph\">Por tratarse de dos mujeres v\u00edctimas de un crimen violento, el caso deber\u00e1 investigarse bajo los protocolos correspondientes y con perspectiva de g\u00e9nero.<\/p>\n\n\n\n<h3 class=\"wp-block-heading\">Otro crimen contra mujeres sacude la Sierra Norte<\/h3>\n\n\n\n<p class=\"wp-block-paragraph\">El doble asesinato ocurre apenas unos d\u00edas despu\u00e9s de otro hecho de violencia extrema contra mujeres registrado en <strong>Tenampulco<\/strong>, tambi\u00e9n en la Sierra Norte de Puebla.<\/p>\n\n\n\n<p class=\"wp-block-paragraph\">Hasta ahora, no existe informaci\u00f3n oficial que relacione ambos casos.<\/p>\n\n\n\n<p class=\"wp-block-paragraph\">La Secretar\u00eda de Seguridad P\u00fablica Municipal de Cuetzalan advirti\u00f3 que la informaci\u00f3n difundida es <strong>preliminar<\/strong> y podr\u00e1 actualizarse conforme avancen las investigaciones.<\/p>\n\n\n\n<p class=\"wp-block-paragraph\"><a href=\"https:\/\/whatsapp.com\/channel\/0029Va5CSyuEQIalZaJWpX1h?utm_source=chatgpt.com\">Canal de WhatsApp de Puebla En L\u00ednea<\/a><\/p>\n\n\n\n<p class=\"wp-block-paragraph\">Un crimen dentro de una casa siempre deja preguntas; cuando los primeros reportes apuntan hacia el propio c\u00edrculo familiar, las respuestas se vuelven todav\u00eda m\u00e1s dif\u00edciles. En Cuetzalan, dos mujeres murieron violentamente y dos hombres est\u00e1n detenidos. Ahora ser\u00e1 la Fiscal\u00eda la que determine qu\u00e9 sucedi\u00f3 y si el parentesco se\u00f1alado termin\u00f3 convirti\u00e9ndose tambi\u00e9n en la clave del doble asesinato.<\/p>\n\n\n\n<p class=\"wp-block-paragraph\"><strong>Escrito por Redacci\u00f3n Puebla En L\u00ednea<\/strong><\/p>\n\n\n\n<ol class=\"wp-block-list\">\n<li><strong>Mata a su madre y a su abuela dentro de su casa en Cuetzalan; hay dos detenidos<\/strong><\/li>\n\n\n\n<li><strong>Doble crimen familiar en Cuetzalan: matan a madre y abuela; detienen a dos hombres<\/strong><\/li>\n\n\n\n<li><strong>Mata a su madre y a su abuela con un arma punzocortante en Cuetzalan<\/strong><\/li>\n\n\n\n<li><strong>Crimen familiar sacude a Cuetzalan: matan a una madre y su hija dentro de su casa<\/strong><\/li>\n\n\n\n<li><strong>Brutal crimen en Cuetzalan: polic\u00eda municipal y su madre son asesinadas dentro de una casa<\/strong><\/li>\n<\/ol>\n","protected":false},"excerpt":{"rendered":"<p>Dos mujeres fueron asesinadas dentro de una vivienda de Cuamayta, en Cuetzalan, y dos hombres fueron detenidos tras el crimen. De acuerdo con los primeros reportes, uno de ellos ser\u00eda hijo de una de las v\u00edctimas y nieto de la otra. El doble asesinato ocurri\u00f3 la tarde del mi\u00e9rcoles 2 de septiembre, en la localidad&#8230;<\/p>\n","protected":false},"author":10,"featured_media":134813,"comment_status":"closed","ping_status":"closed","sticky":false,"template":"","format":"standard","meta":{"footnotes":""},"categories":[24],"tags":[1401],"class_list":["post-134812","post","type-post","status-publish","format-standard","has-post-thumbnail","hentry","category-nota-roja","tag-asesinato-puebla"],"yoast_head":"<!-- This site is optimized with the Yoast SEO plugin v28.4 - https:\/\/yoast.com\/product\/yoast-seo-wordpress\/ -->\n<title>Mata a su madre y a su abuela dentro de su casa en Cuetzalan; hay dos detenidos - Puebla En Linea<\/title>\n<meta name=\"description\" content=\"Mata a su madre y a su abuela dentro de su casa en Cuetzalan; hay dos detenidos Nota Roja\" \/>\n<meta name=\"robots\" content=\"index, follow, max-snippet:-1, max-image-preview:large, max-video-preview:-1\" \/>\n<link rel=\"canonical\" href=\"https:\/\/pueblaenlinea.com\/2025\/nota-roja\/mata-a-su-madre-y-a-su-abuela-dentro-de-su-casa-en-cuetzalan-hay-dos-detenidos\/\" \/>\n<meta property=\"og:locale\" content=\"es_MX\" \/>\n<meta property=\"og:type\" content=\"article\" \/>\n<meta property=\"og:title\" content=\"Mata a su madre y a su abuela dentro de su casa en Cuetzalan; hay dos detenidos - Puebla En Linea\" \/>\n<meta property=\"og:description\" content=\"Mata a su madre y a su abuela dentro de su casa en Cuetzalan; hay dos detenidos Nota Roja\" \/>\n<meta property=\"og:url\" content=\"https:\/\/pueblaenlinea.com\/2025\/nota-roja\/mata-a-su-madre-y-a-su-abuela-dentro-de-su-casa-en-cuetzalan-hay-dos-detenidos\/\" \/>\n<meta property=\"og:site_name\" content=\"Puebla En Linea\" \/>\n<meta property=\"article:publisher\" content=\"https:\/\/www.facebook.com\/pueblaenlineacom\" \/>\n<meta property=\"article:published_time\" content=\"2026-09-03T15:03:09+00:00\" \/>\n<meta property=\"article:modified_time\" content=\"2026-09-03T15:03:10+00:00\" \/>\n<meta property=\"og:image\" content=\"https:\/\/pueblaenlinea.com\/2025\/wp-content\/uploads\/2026\/09\/linearoja.jpg\" \/>\n\t<meta property=\"og:image:width\" content=\"1200\" \/>\n\t<meta property=\"og:image:height\" content=\"674\" \/>\n\t<meta property=\"og:image:type\" content=\"image\/jpeg\" \/>\n<meta name=\"author\" content=\"Jazmin Cardenas\" \/>\n<meta name=\"twitter:card\" content=\"summary_large_image\" \/>\n<meta name=\"twitter:label1\" content=\"Escrito por\" \/>\n\t<meta name=\"twitter:data1\" content=\"Jazmin Cardenas\" \/>\n\t<meta name=\"twitter:label2\" content=\"Tiempo de lectura\" \/>\n\t<meta name=\"twitter:data2\" content=\"4 minutos\" \/>\n<script type=\"application\/ld+json\" class=\"yoast-schema-graph\">{\"@context\":\"https:\\\/\\\/schema.org\",\"@graph\":[{\"@type\":\"Article\",\"@id\":\"https:\\\/\\\/pueblaenlinea.com\\\/2025\\\/nota-roja\\\/mata-a-su-madre-y-a-su-abuela-dentro-de-su-casa-en-cuetzalan-hay-dos-detenidos\\\/#article\",\"isPartOf\":{\"@id\":\"https:\\\/\\\/pueblaenlinea.com\\\/2025\\\/nota-roja\\\/mata-a-su-madre-y-a-su-abuela-dentro-de-su-casa-en-cuetzalan-hay-dos-detenidos\\\/\"},\"author\":{\"name\":\"Jazmin Cardenas\",\"@id\":\"https:\\\/\\\/pueblaenlinea.com\\\/2025\\\/#\\\/schema\\\/person\\\/21ecc830e083be84dbddd9a05208834f\"},\"headline\":\"Mata a su madre y a su abuela dentro de su casa en Cuetzalan; hay dos detenidos\",\"datePublished\":\"2026-09-03T15:03:09+00:00\",\"dateModified\":\"2026-09-03T15:03:10+00:00\",\"mainEntityOfPage\":{\"@id\":\"https:\\\/\\\/pueblaenlinea.com\\\/2025\\\/nota-roja\\\/mata-a-su-madre-y-a-su-abuela-dentro-de-su-casa-en-cuetzalan-hay-dos-detenidos\\\/\"},\"wordCount\":815,\"image\":{\"@id\":\"https:\\\/\\\/pueblaenlinea.com\\\/2025\\\/nota-roja\\\/mata-a-su-madre-y-a-su-abuela-dentro-de-su-casa-en-cuetzalan-hay-dos-detenidos\\\/#primaryimage\"},\"thumbnailUrl\":\"https:\\\/\\\/pueblaenlinea.com\\\/2025\\\/wp-content\\\/uploads\\\/2026\\\/09\\\/linearoja.jpg\",\"keywords\":[\"asesinato puebla\"],\"articleSection\":[\"Nota Roja\"],\"inLanguage\":\"es\"},{\"@type\":\"WebPage\",\"@id\":\"https:\\\/\\\/pueblaenlinea.com\\\/2025\\\/nota-roja\\\/mata-a-su-madre-y-a-su-abuela-dentro-de-su-casa-en-cuetzalan-hay-dos-detenidos\\\/\",\"url\":\"https:\\\/\\\/pueblaenlinea.com\\\/2025\\\/nota-roja\\\/mata-a-su-madre-y-a-su-abuela-dentro-de-su-casa-en-cuetzalan-hay-dos-detenidos\\\/\",\"name\":\"Mata a su madre y a su abuela dentro de su casa en Cuetzalan; hay dos detenidos - Puebla En Linea\",\"isPartOf\":{\"@id\":\"https:\\\/\\\/pueblaenlinea.com\\\/2025\\\/#website\"},\"primaryImageOfPage\":{\"@id\":\"https:\\\/\\\/pueblaenlinea.com\\\/2025\\\/nota-roja\\\/mata-a-su-madre-y-a-su-abuela-dentro-de-su-casa-en-cuetzalan-hay-dos-detenidos\\\/#primaryimage\"},\"image\":{\"@id\":\"https:\\\/\\\/pueblaenlinea.com\\\/2025\\\/nota-roja\\\/mata-a-su-madre-y-a-su-abuela-dentro-de-su-casa-en-cuetzalan-hay-dos-detenidos\\\/#primaryimage\"},\"thumbnailUrl\":\"https:\\\/\\\/pueblaenlinea.com\\\/2025\\\/wp-content\\\/uploads\\\/2026\\\/09\\\/linearoja.jpg\",\"datePublished\":\"2026-09-03T15:03:09+00:00\",\"dateModified\":\"2026-09-03T15:03:10+00:00\",\"author\":{\"@id\":\"https:\\\/\\\/pueblaenlinea.com\\\/2025\\\/#\\\/schema\\\/person\\\/21ecc830e083be84dbddd9a05208834f\"},\"description\":\"Mata a su madre y a su abuela dentro de su casa en Cuetzalan; hay dos detenidos Nota Roja\",\"breadcrumb\":{\"@id\":\"https:\\\/\\\/pueblaenlinea.com\\\/2025\\\/nota-roja\\\/mata-a-su-madre-y-a-su-abuela-dentro-de-su-casa-en-cuetzalan-hay-dos-detenidos\\\/#breadcrumb\"},\"inLanguage\":\"es\",\"potentialAction\":[{\"@type\":\"ReadAction\",\"target\":[\"https:\\\/\\\/pueblaenlinea.com\\\/2025\\\/nota-roja\\\/mata-a-su-madre-y-a-su-abuela-dentro-de-su-casa-en-cuetzalan-hay-dos-detenidos\\\/\"]}]},{\"@type\":\"ImageObject\",\"inLanguage\":\"es\",\"@id\":\"https:\\\/\\\/pueblaenlinea.com\\\/2025\\\/nota-roja\\\/mata-a-su-madre-y-a-su-abuela-dentro-de-su-casa-en-cuetzalan-hay-dos-detenidos\\\/#primaryimage\",\"url\":\"https:\\\/\\\/pueblaenlinea.com\\\/2025\\\/wp-content\\\/uploads\\\/2026\\\/09\\\/linearoja.jpg\",\"contentUrl\":\"https:\\\/\\\/pueblaenlinea.com\\\/2025\\\/wp-content\\\/uploads\\\/2026\\\/09\\\/linearoja.jpg\",\"width\":1200,\"height\":674},{\"@type\":\"BreadcrumbList\",\"@id\":\"https:\\\/\\\/pueblaenlinea.com\\\/2025\\\/nota-roja\\\/mata-a-su-madre-y-a-su-abuela-dentro-de-su-casa-en-cuetzalan-hay-dos-detenidos\\\/#breadcrumb\",\"itemListElement\":[{\"@type\":\"ListItem\",\"position\":1,\"name\":\"Inicio\",\"item\":\"https:\\\/\\\/pueblaenlinea.com\\\/2025\\\/\"},{\"@type\":\"ListItem\",\"position\":2,\"name\":\"Mata a su madre y a su abuela dentro de su casa en Cuetzalan; hay dos detenidos\"}]},{\"@type\":\"WebSite\",\"@id\":\"https:\\\/\\\/pueblaenlinea.com\\\/2025\\\/#website\",\"url\":\"https:\\\/\\\/pueblaenlinea.com\\\/2025\\\/\",\"name\":\"Puebla En Linea\",\"description\":\"noticias de puebla, periodismo serio y comprometido.\",\"potentialAction\":[{\"@type\":\"SearchAction\",\"target\":{\"@type\":\"EntryPoint\",\"urlTemplate\":\"https:\\\/\\\/pueblaenlinea.com\\\/2025\\\/?s={search_term_string}\"},\"query-input\":{\"@type\":\"PropertyValueSpecification\",\"valueRequired\":true,\"valueName\":\"search_term_string\"}}],\"inLanguage\":\"es\"},{\"@type\":\"Person\",\"@id\":\"https:\\\/\\\/pueblaenlinea.com\\\/2025\\\/#\\\/schema\\\/person\\\/21ecc830e083be84dbddd9a05208834f\",\"name\":\"Jazmin Cardenas\",\"image\":{\"@type\":\"ImageObject\",\"inLanguage\":\"es\",\"@id\":\"https:\\\/\\\/pueblaenlinea.com\\\/2025\\\/wp-content\\\/litespeed\\\/avatar\\\/9d7ab062f41a13d0af53522b39daf76f.jpg?ver=1788194722\",\"url\":\"https:\\\/\\\/pueblaenlinea.com\\\/2025\\\/wp-content\\\/litespeed\\\/avatar\\\/9d7ab062f41a13d0af53522b39daf76f.jpg?ver=1788194722\",\"contentUrl\":\"https:\\\/\\\/pueblaenlinea.com\\\/2025\\\/wp-content\\\/litespeed\\\/avatar\\\/9d7ab062f41a13d0af53522b39daf76f.jpg?ver=1788194722\",\"caption\":\"Jazmin Cardenas\"},\"url\":\"https:\\\/\\\/pueblaenlinea.com\\\/2025\\\/author\\\/jaz-pel\\\/\"}]}<\/script>\n<!-- \/ Yoast SEO plugin. -->","yoast_head_json":{"title":"Mata a su madre y a su abuela dentro de su casa en Cuetzalan; hay dos detenidos - Puebla En Linea","description":"Mata a su madre y a su abuela dentro de su casa en Cuetzalan; hay dos detenidos Nota Roja","robots":{"index":"index","follow":"follow","max-snippet":"max-snippet:-1","max-image-preview":"max-image-preview:large","max-video-preview":"max-video-preview:-1"},"canonical":"https:\/\/pueblaenlinea.com\/2025\/nota-roja\/mata-a-su-madre-y-a-su-abuela-dentro-de-su-casa-en-cuetzalan-hay-dos-detenidos\/","og_locale":"es_MX","og_type":"article","og_title":"Mata a su madre y a su abuela dentro de su casa en Cuetzalan; hay dos detenidos - Puebla En Linea","og_description":"Mata a su madre y a su abuela dentro de su casa en Cuetzalan; hay dos detenidos Nota Roja","og_url":"https:\/\/pueblaenlinea.com\/2025\/nota-roja\/mata-a-su-madre-y-a-su-abuela-dentro-de-su-casa-en-cuetzalan-hay-dos-detenidos\/","og_site_name":"Puebla En Linea","article_publisher":"https:\/\/www.facebook.com\/pueblaenlineacom","article_published_time":"2026-09-03T15:03:09+00:00","article_modified_time":"2026-09-03T15:03:10+00:00","og_image":[{"width":1200,"height":674,"url":"https:\/\/pueblaenlinea.com\/2025\/wp-content\/uploads\/2026\/09\/linearoja.jpg","type":"image\/jpeg"}],"author":"Jazmin Cardenas","twitter_card":"summary_large_image","twitter_misc":{"Escrito por":"Jazmin Cardenas","Tiempo de lectura":"4 minutos"},"schema":{"@context":"https:\/\/schema.org","@graph":[{"@type":"Article","@id":"https:\/\/pueblaenlinea.com\/2025\/nota-roja\/mata-a-su-madre-y-a-su-abuela-dentro-de-su-casa-en-cuetzalan-hay-dos-detenidos\/#article","isPartOf":{"@id":"https:\/\/pueblaenlinea.com\/2025\/nota-roja\/mata-a-su-madre-y-a-su-abuela-dentro-de-su-casa-en-cuetzalan-hay-dos-detenidos\/"},"author":{"name":"Jazmin Cardenas","@id":"https:\/\/pueblaenlinea.com\/2025\/#\/schema\/person\/21ecc830e083be84dbddd9a05208834f"},"headline":"Mata a su madre y a su abuela dentro de su casa en Cuetzalan; hay dos detenidos","datePublished":"2026-09-03T15:03:09+00:00","dateModified":"2026-09-03T15:03:10+00:00","mainEntityOfPage":{"@id":"https:\/\/pueblaenlinea.com\/2025\/nota-roja\/mata-a-su-madre-y-a-su-abuela-dentro-de-su-casa-en-cuetzalan-hay-dos-detenidos\/"},"wordCount":815,"image":{"@id":"https:\/\/pueblaenlinea.com\/2025\/nota-roja\/mata-a-su-madre-y-a-su-abuela-dentro-de-su-casa-en-cuetzalan-hay-dos-detenidos\/#primaryimage"},"thumbnailUrl":"https:\/\/pueblaenlinea.com\/2025\/wp-content\/uploads\/2026\/09\/linearoja.jpg","keywords":["asesinato puebla"],"articleSection":["Nota Roja"],"inLanguage":"es"},{"@type":"WebPage","@id":"https:\/\/pueblaenlinea.com\/2025\/nota-roja\/mata-a-su-madre-y-a-su-abuela-dentro-de-su-casa-en-cuetzalan-hay-dos-detenidos\/","url":"https:\/\/pueblaenlinea.com\/2025\/nota-roja\/mata-a-su-madre-y-a-su-abuela-dentro-de-su-casa-en-cuetzalan-hay-dos-detenidos\/","name":"Mata a su madre y a su abuela dentro de su casa en Cuetzalan; hay dos detenidos - Puebla En Linea","isPartOf":{"@id":"https:\/\/pueblaenlinea.com\/2025\/#website"},"primaryImageOfPage":{"@id":"https:\/\/pueblaenlinea.com\/2025\/nota-roja\/mata-a-su-madre-y-a-su-abuela-dentro-de-su-casa-en-cuetzalan-hay-dos-detenidos\/#primaryimage"},"image":{"@id":"https:\/\/pueblaenlinea.com\/2025\/nota-roja\/mata-a-su-madre-y-a-su-abuela-dentro-de-su-casa-en-cuetzalan-hay-dos-detenidos\/#primaryimage"},"thumbnailUrl":"https:\/\/pueblaenlinea.com\/2025\/wp-content\/uploads\/2026\/09\/linearoja.jpg","datePublished":"2026-09-03T15:03:09+00:00","dateModified":"2026-09-03T15:03:10+00:00","author":{"@id":"https:\/\/pueblaenlinea.com\/2025\/#\/schema\/person\/21ecc830e083be84dbddd9a05208834f"},"description":"Mata a su madre y a su abuela dentro de su casa en Cuetzalan; hay dos detenidos Nota Roja","breadcrumb":{"@id":"https:\/\/pueblaenlinea.com\/2025\/nota-roja\/mata-a-su-madre-y-a-su-abuela-dentro-de-su-casa-en-cuetzalan-hay-dos-detenidos\/#breadcrumb"},"inLanguage":"es","potentialAction":[{"@type":"ReadAction","target":["https:\/\/pueblaenlinea.com\/2025\/nota-roja\/mata-a-su-madre-y-a-su-abuela-dentro-de-su-casa-en-cuetzalan-hay-dos-detenidos\/"]}]},{"@type":"ImageObject","inLanguage":"es","@id":"https:\/\/pueblaenlinea.com\/2025\/nota-roja\/mata-a-su-madre-y-a-su-abuela-dentro-de-su-casa-en-cuetzalan-hay-dos-detenidos\/#primaryimage","url":"https:\/\/pueblaenlinea.com\/2025\/wp-content\/uploads\/2026\/09\/linearoja.jpg","contentUrl":"https:\/\/pueblaenlinea.com\/2025\/wp-content\/uploads\/2026\/09\/linearoja.jpg","width":1200,"height":674},{"@type":"BreadcrumbList","@id":"https:\/\/pueblaenlinea.com\/2025\/nota-roja\/mata-a-su-madre-y-a-su-abuela-dentro-de-su-casa-en-cuetzalan-hay-dos-detenidos\/#breadcrumb","itemListElement":[{"@type":"ListItem","position":1,"name":"Inicio","item":"https:\/\/pueblaenlinea.com\/2025\/"},{"@type":"ListItem","position":2,"name":"Mata a su madre y a su abuela dentro de su casa en Cuetzalan; hay dos detenidos"}]},{"@type":"WebSite","@id":"https:\/\/pueblaenlinea.com\/2025\/#website","url":"https:\/\/pueblaenlinea.com\/2025\/","name":"Puebla En Linea","description":"noticias de puebla, periodismo serio y comprometido.","potentialAction":[{"@type":"SearchAction","target":{"@type":"EntryPoint","urlTemplate":"https:\/\/pueblaenlinea.com\/2025\/?s={search_term_string}"},"query-input":{"@type":"PropertyValueSpecification","valueRequired":true,"valueName":"search_term_string"}}],"inLanguage":"es"},{"@type":"Person","@id":"https:\/\/pueblaenlinea.com\/2025\/#\/schema\/person\/21ecc830e083be84dbddd9a05208834f","name":"Jazmin Cardenas","image":{"@type":"ImageObject","inLanguage":"es","@id":"https:\/\/pueblaenlinea.com\/2025\/wp-content\/litespeed\/avatar\/9d7ab062f41a13d0af53522b39daf76f.jpg?ver=1788194722","url":"https:\/\/pueblaenlinea.com\/2025\/wp-content\/litespeed\/avatar\/9d7ab062f41a13d0af53522b39daf76f.jpg?ver=1788194722","contentUrl":"https:\/\/pueblaenlinea.com\/2025\/wp-content\/litespeed\/avatar\/9d7ab062f41a13d0af53522b39daf76f.jpg?ver=1788194722","caption":"Jazmin Cardenas"},"url":"https:\/\/pueblaenlinea.com\/2025\/author\/jaz-pel\/"}]}},"_links":{"self":[{"href":"https:\/\/pueblaenlinea.com\/2025\/wp-json\/wp\/v2\/posts\/134812","targetHints":{"allow":["GET"]}}],"collection":[{"href":"https:\/\/pueblaenlinea.com\/2025\/wp-json\/wp\/v2\/posts"}],"about":[{"href":"https:\/\/pueblaenlinea.com\/2025\/wp-json\/wp\/v2\/types\/post"}],"author":[{"embeddable":true,"href":"https:\/\/pueblaenlinea.com\/2025\/wp-json\/wp\/v2\/users\/10"}],"replies":[{"embeddable":true,"href":"https:\/\/pueblaenlinea.com\/2025\/wp-json\/wp\/v2\/comments?post=134812"}],"version-history":[{"count":0,"href":"https:\/\/pueblaenlinea.com\/2025\/wp-json\/wp\/v2\/posts\/134812\/revisions"}],"wp:featuredmedia":[{"embeddable":true,"href":"https:\/\/pueblaenlinea.com\/2025\/wp-json\/wp\/v2\/media\/134813"}],"wp:attachment":[{"href":"https:\/\/pueblaenlinea.com\/2025\/wp-json\/wp\/v2\/media?parent=134812"}],"wp:term":[{"taxonomy":"category","embeddable":true,"href":"https:\/\/pueblaenlinea.com\/2025\/wp-json\/wp\/v2\/categories?post=134812"},{"taxonomy":"post_tag","embeddable":true,"href":"https:\/\/pueblaenlinea.com\/2025\/wp-json\/wp\/v2\/tags?post=134812"}],"curies":[{"name":"wp","href":"https:\/\/api.w.org\/{rel}","templated":true}]}}