{"id":134810,"date":"2026-09-03T08:32:00","date_gmt":"2026-09-03T14:32:00","guid":{"rendered":"https:\/\/pueblaenlinea.com\/2025\/?p=134810"},"modified":"2026-09-03T08:34:51","modified_gmt":"2026-09-03T14:34:51","slug":"asaltan-a-dos-estudiantes-de-la-preparatoria-buap-al-salir-de-clases-en-el-seco-esperanza","status":"publish","type":"post","link":"https:\/\/pueblaenlinea.com\/2025\/nota-roja\/asaltan-a-dos-estudiantes-de-la-preparatoria-buap-al-salir-de-clases-en-el-seco-esperanza\/","title":{"rendered":"Asaltan a dos estudiantes de la Preparatoria BUAP al salir de clases en El Seco\u2013Esperanza"},"content":{"rendered":"\n<p class=\"wp-block-paragraph\"><strong>Dos estudiantes de la Preparatoria BUAP fueron v\u00edctimas de un presunto asalto la tarde de este mi\u00e9rcoles, luego de salir de la instituci\u00f3n y caminar por el bulevar Jos\u00e9 Mar\u00eda Morelos y Pav\u00f3n, en inmediaciones de La Corona.<\/strong><\/p>\n\n\n\n<p class=\"wp-block-paragraph\">De acuerdo con el padre de una de las j\u00f3venes, cerca de las <strong>12:00 horas<\/strong>, su hija y una compa\u00f1era caminaban por la zona cuando <strong>dos sujetos les dieron alcance y las despojaron de sus tel\u00e9fonos celulares y otras pertenencias<\/strong>.<\/p>\n\n\n\n<p class=\"wp-block-paragraph\">Seg\u00fan el testimonio, los individuos las habr\u00edan amagado con un <strong>objeto similar a una varilla<\/strong>, adem\u00e1s de utilizar amenazas y palabras altisonantes para obligarlas a entregar sus pertenencias.<\/p>\n\n\n\n<p class=\"wp-block-paragraph\">Tras conseguir los objetos de valor, los presuntos responsables huyeron del lugar con rumbo desconocido.<\/p>\n\n\n\n<h3 class=\"wp-block-heading\">Piden mayor vigilancia alrededor de la Preparatoria BUAP<\/h3>\n\n\n\n<p class=\"wp-block-paragraph\">El asalto ocurri\u00f3 despu\u00e9s de que las estudiantes salieran de la <strong>Preparatoria BUAP ubicada sobre la carretera federal El Seco\u2013Esperanza<\/strong>, por lo que familiares solicitaron reforzar la seguridad en los alrededores del plantel.<\/p>\n\n\n\n<p class=\"wp-block-paragraph\"><strong>Los datos principales del reporte:<\/strong><\/p>\n\n\n\n<ul class=\"wp-block-list\">\n<li>\ud83d\udccd <strong>Lugar:<\/strong> bulevar Jos\u00e9 Mar\u00eda Morelos y Pav\u00f3n, zona de La Corona.<\/li>\n\n\n\n<li>\ud83d\udd5b <strong>Hora:<\/strong> aproximadamente 12:00 horas.<\/li>\n\n\n\n<li>\ud83c\udf93 <strong>Afectadas:<\/strong> dos estudiantes de la Preparatoria BUAP.<\/li>\n\n\n\n<li>\ud83d\udc65 <strong>Presuntos responsables:<\/strong> dos sujetos.<\/li>\n\n\n\n<li>\ud83d\udcf1 <strong>Bot\u00edn:<\/strong> tel\u00e9fonos celulares y otras pertenencias.<\/li>\n\n\n\n<li>\u26a0\ufe0f <strong>Amenaza:<\/strong> las j\u00f3venes habr\u00edan sido amagadas con un objeto similar a una varilla.<\/li>\n\n\n\n<li>\ud83d\ude94 <strong>Detenidos:<\/strong> hasta el momento no se reportan personas detenidas.<\/li>\n<\/ul>\n\n\n\n<p class=\"wp-block-paragraph\">Familiares de las j\u00f3venes pidieron que se incrementen los <strong>recorridos preventivos y la presencia policial<\/strong> en las inmediaciones del plantel, principalmente durante los horarios de entrada y salida.<\/p>\n\n\n\n<p class=\"wp-block-paragraph\">La petici\u00f3n tambi\u00e9n contempla vigilancia en las principales rutas utilizadas por los estudiantes, ante el temor de que otros alumnos puedan convertirse en v\u00edctimas.<\/p>\n\n\n\n<p class=\"wp-block-paragraph\">Hasta el momento, no se ha informado p\u00fablicamente sobre personas detenidas por este hecho. La denuncia formal y las investigaciones correspondientes ser\u00e1n las que permitan establecer las circunstancias del asalto y la identidad de los responsables.<\/p>\n\n\n\n<p class=\"wp-block-paragraph\"><a href=\"https:\/\/whatsapp.com\/channel\/0029Va5CSyuEQIalZaJWpX1h?utm_source=chatgpt.com\">Canal de WhatsApp de Puebla En L\u00ednea<\/a><\/p>\n\n\n\n<p class=\"wp-block-paragraph\">Salir de clases deber\u00eda significar el regreso a casa, no tener que mirar por encima del hombro en el camino. El se\u00f1alamiento de familiares vuelve a poner sobre la mesa una demanda conocida: mayor vigilancia en los alrededores de las escuelas, especialmente cuando cientos de estudiantes entran y salen cada d\u00eda.<\/p>\n\n\n\n<p class=\"wp-block-paragraph\"><strong>Escrito por Redacci\u00f3n Puebla En L\u00ednea<\/strong><\/p>\n\n\n\n<ol class=\"wp-block-list\">\n<li><strong>Asaltan a dos estudiantes de la Preparatoria BUAP al salir de clases; las amagaron con una varilla<\/strong><\/li>\n\n\n\n<li><strong>Dos alumnas de la Prepa BUAP son asaltadas rumbo a casa; piden mayor vigilancia<\/strong><\/li>\n\n\n\n<li><strong>Con amenazas y una varilla, despojan de sus celulares a dos estudiantes de la BUAP<\/strong><\/li>\n\n\n\n<li><strong>Inseguridad afuera de la Prepa BUAP: asaltan a dos estudiantes en La Corona<\/strong><\/li>\n\n\n\n<li><strong>Dos estudiantes salen de clases y terminan asaltadas en el bulevar Jos\u00e9 Mar\u00eda Morelos y Pav\u00f3n<\/strong><\/li>\n<\/ol>\n","protected":false},"excerpt":{"rendered":"<p>Dos estudiantes de la Preparatoria BUAP fueron v\u00edctimas de un presunto asalto la tarde de este mi\u00e9rcoles, luego de salir de la instituci\u00f3n y caminar por el bulevar Jos\u00e9 Mar\u00eda Morelos y Pav\u00f3n, en inmediaciones de La Corona. De acuerdo con el padre de una de las j\u00f3venes, cerca de las 12:00 horas, su hija&#8230;<\/p>\n","protected":false},"author":10,"featured_media":134811,"comment_status":"closed","ping_status":"closed","sticky":false,"template":"","format":"standard","meta":{"footnotes":""},"categories":[24],"tags":[1395],"class_list":["post-134810","post","type-post","status-publish","format-standard","has-post-thumbnail","hentry","category-nota-roja","tag-asalto-puebla"],"yoast_head":"<!-- This site is optimized with the Yoast SEO plugin v28.4 - https:\/\/yoast.com\/product\/yoast-seo-wordpress\/ -->\n<title>Asaltan a dos estudiantes de la Preparatoria BUAP al salir de clases en El Seco\u2013Esperanza - Puebla En Linea<\/title>\n<meta name=\"description\" content=\"Asaltan a dos estudiantes de la Preparatoria BUAP al salir de clases en El Seco\u2013Esperanza Nota Roja\" \/>\n<meta name=\"robots\" content=\"index, follow, max-snippet:-1, max-image-preview:large, max-video-preview:-1\" \/>\n<link rel=\"canonical\" href=\"https:\/\/pueblaenlinea.com\/2025\/nota-roja\/asaltan-a-dos-estudiantes-de-la-preparatoria-buap-al-salir-de-clases-en-el-seco-esperanza\/\" \/>\n<meta property=\"og:locale\" content=\"es_MX\" \/>\n<meta property=\"og:type\" content=\"article\" \/>\n<meta property=\"og:title\" content=\"Asaltan a dos estudiantes de la Preparatoria BUAP al salir de clases en El Seco\u2013Esperanza - Puebla En Linea\" \/>\n<meta property=\"og:description\" content=\"Asaltan a dos estudiantes de la Preparatoria BUAP al salir de clases en El Seco\u2013Esperanza Nota Roja\" \/>\n<meta property=\"og:url\" content=\"https:\/\/pueblaenlinea.com\/2025\/nota-roja\/asaltan-a-dos-estudiantes-de-la-preparatoria-buap-al-salir-de-clases-en-el-seco-esperanza\/\" \/>\n<meta property=\"og:site_name\" content=\"Puebla En Linea\" \/>\n<meta property=\"article:publisher\" content=\"https:\/\/www.facebook.com\/pueblaenlineacom\" \/>\n<meta property=\"article:published_time\" content=\"2026-09-03T14:32:00+00:00\" \/>\n<meta property=\"article:modified_time\" content=\"2026-09-03T14:34:51+00:00\" \/>\n<meta property=\"og:image\" content=\"https:\/\/pueblaenlinea.com\/2025\/wp-content\/uploads\/2026\/09\/buap.jpg\" \/>\n\t<meta property=\"og:image:width\" content=\"1200\" \/>\n\t<meta property=\"og:image:height\" content=\"674\" \/>\n\t<meta property=\"og:image:type\" content=\"image\/jpeg\" \/>\n<meta name=\"author\" content=\"Jazmin Cardenas\" \/>\n<meta name=\"twitter:card\" content=\"summary_large_image\" \/>\n<meta name=\"twitter:label1\" content=\"Escrito por\" \/>\n\t<meta name=\"twitter:data1\" content=\"Jazmin Cardenas\" \/>\n\t<meta name=\"twitter:label2\" content=\"Tiempo de lectura\" \/>\n\t<meta name=\"twitter:data2\" content=\"3 minutos\" \/>\n<script type=\"application\/ld+json\" class=\"yoast-schema-graph\">{\"@context\":\"https:\\\/\\\/schema.org\",\"@graph\":[{\"@type\":\"Article\",\"@id\":\"https:\\\/\\\/pueblaenlinea.com\\\/2025\\\/nota-roja\\\/asaltan-a-dos-estudiantes-de-la-preparatoria-buap-al-salir-de-clases-en-el-seco-esperanza\\\/#article\",\"isPartOf\":{\"@id\":\"https:\\\/\\\/pueblaenlinea.com\\\/2025\\\/nota-roja\\\/asaltan-a-dos-estudiantes-de-la-preparatoria-buap-al-salir-de-clases-en-el-seco-esperanza\\\/\"},\"author\":{\"name\":\"Jazmin Cardenas\",\"@id\":\"https:\\\/\\\/pueblaenlinea.com\\\/2025\\\/#\\\/schema\\\/person\\\/21ecc830e083be84dbddd9a05208834f\"},\"headline\":\"Asaltan a dos estudiantes de la Preparatoria BUAP al salir de clases en El Seco\u2013Esperanza\",\"datePublished\":\"2026-09-03T14:32:00+00:00\",\"dateModified\":\"2026-09-03T14:34:51+00:00\",\"mainEntityOfPage\":{\"@id\":\"https:\\\/\\\/pueblaenlinea.com\\\/2025\\\/nota-roja\\\/asaltan-a-dos-estudiantes-de-la-preparatoria-buap-al-salir-de-clases-en-el-seco-esperanza\\\/\"},\"wordCount\":495,\"image\":{\"@id\":\"https:\\\/\\\/pueblaenlinea.com\\\/2025\\\/nota-roja\\\/asaltan-a-dos-estudiantes-de-la-preparatoria-buap-al-salir-de-clases-en-el-seco-esperanza\\\/#primaryimage\"},\"thumbnailUrl\":\"https:\\\/\\\/pueblaenlinea.com\\\/2025\\\/wp-content\\\/uploads\\\/2026\\\/09\\\/buap.jpg\",\"keywords\":[\"asalto puebla\"],\"articleSection\":[\"Nota Roja\"],\"inLanguage\":\"es\"},{\"@type\":\"WebPage\",\"@id\":\"https:\\\/\\\/pueblaenlinea.com\\\/2025\\\/nota-roja\\\/asaltan-a-dos-estudiantes-de-la-preparatoria-buap-al-salir-de-clases-en-el-seco-esperanza\\\/\",\"url\":\"https:\\\/\\\/pueblaenlinea.com\\\/2025\\\/nota-roja\\\/asaltan-a-dos-estudiantes-de-la-preparatoria-buap-al-salir-de-clases-en-el-seco-esperanza\\\/\",\"name\":\"Asaltan a dos estudiantes de la Preparatoria BUAP al salir de clases en El Seco\u2013Esperanza - Puebla En Linea\",\"isPartOf\":{\"@id\":\"https:\\\/\\\/pueblaenlinea.com\\\/2025\\\/#website\"},\"primaryImageOfPage\":{\"@id\":\"https:\\\/\\\/pueblaenlinea.com\\\/2025\\\/nota-roja\\\/asaltan-a-dos-estudiantes-de-la-preparatoria-buap-al-salir-de-clases-en-el-seco-esperanza\\\/#primaryimage\"},\"image\":{\"@id\":\"https:\\\/\\\/pueblaenlinea.com\\\/2025\\\/nota-roja\\\/asaltan-a-dos-estudiantes-de-la-preparatoria-buap-al-salir-de-clases-en-el-seco-esperanza\\\/#primaryimage\"},\"thumbnailUrl\":\"https:\\\/\\\/pueblaenlinea.com\\\/2025\\\/wp-content\\\/uploads\\\/2026\\\/09\\\/buap.jpg\",\"datePublished\":\"2026-09-03T14:32:00+00:00\",\"dateModified\":\"2026-09-03T14:34:51+00:00\",\"author\":{\"@id\":\"https:\\\/\\\/pueblaenlinea.com\\\/2025\\\/#\\\/schema\\\/person\\\/21ecc830e083be84dbddd9a05208834f\"},\"description\":\"Asaltan a dos estudiantes de la Preparatoria BUAP al salir de clases en El Seco\u2013Esperanza Nota Roja\",\"breadcrumb\":{\"@id\":\"https:\\\/\\\/pueblaenlinea.com\\\/2025\\\/nota-roja\\\/asaltan-a-dos-estudiantes-de-la-preparatoria-buap-al-salir-de-clases-en-el-seco-esperanza\\\/#breadcrumb\"},\"inLanguage\":\"es\",\"potentialAction\":[{\"@type\":\"ReadAction\",\"target\":[\"https:\\\/\\\/pueblaenlinea.com\\\/2025\\\/nota-roja\\\/asaltan-a-dos-estudiantes-de-la-preparatoria-buap-al-salir-de-clases-en-el-seco-esperanza\\\/\"]}]},{\"@type\":\"ImageObject\",\"inLanguage\":\"es\",\"@id\":\"https:\\\/\\\/pueblaenlinea.com\\\/2025\\\/nota-roja\\\/asaltan-a-dos-estudiantes-de-la-preparatoria-buap-al-salir-de-clases-en-el-seco-esperanza\\\/#primaryimage\",\"url\":\"https:\\\/\\\/pueblaenlinea.com\\\/2025\\\/wp-content\\\/uploads\\\/2026\\\/09\\\/buap.jpg\",\"contentUrl\":\"https:\\\/\\\/pueblaenlinea.com\\\/2025\\\/wp-content\\\/uploads\\\/2026\\\/09\\\/buap.jpg\",\"width\":1200,\"height\":674},{\"@type\":\"BreadcrumbList\",\"@id\":\"https:\\\/\\\/pueblaenlinea.com\\\/2025\\\/nota-roja\\\/asaltan-a-dos-estudiantes-de-la-preparatoria-buap-al-salir-de-clases-en-el-seco-esperanza\\\/#breadcrumb\",\"itemListElement\":[{\"@type\":\"ListItem\",\"position\":1,\"name\":\"Inicio\",\"item\":\"https:\\\/\\\/pueblaenlinea.com\\\/2025\\\/\"},{\"@type\":\"ListItem\",\"position\":2,\"name\":\"Asaltan a dos estudiantes de la Preparatoria BUAP al salir de clases en El Seco\u2013Esperanza\"}]},{\"@type\":\"WebSite\",\"@id\":\"https:\\\/\\\/pueblaenlinea.com\\\/2025\\\/#website\",\"url\":\"https:\\\/\\\/pueblaenlinea.com\\\/2025\\\/\",\"name\":\"Puebla En Linea\",\"description\":\"noticias de puebla, periodismo serio y comprometido.\",\"potentialAction\":[{\"@type\":\"SearchAction\",\"target\":{\"@type\":\"EntryPoint\",\"urlTemplate\":\"https:\\\/\\\/pueblaenlinea.com\\\/2025\\\/?s={search_term_string}\"},\"query-input\":{\"@type\":\"PropertyValueSpecification\",\"valueRequired\":true,\"valueName\":\"search_term_string\"}}],\"inLanguage\":\"es\"},{\"@type\":\"Person\",\"@id\":\"https:\\\/\\\/pueblaenlinea.com\\\/2025\\\/#\\\/schema\\\/person\\\/21ecc830e083be84dbddd9a05208834f\",\"name\":\"Jazmin Cardenas\",\"image\":{\"@type\":\"ImageObject\",\"inLanguage\":\"es\",\"@id\":\"https:\\\/\\\/pueblaenlinea.com\\\/2025\\\/wp-content\\\/litespeed\\\/avatar\\\/9d7ab062f41a13d0af53522b39daf76f.jpg?ver=1788194722\",\"url\":\"https:\\\/\\\/pueblaenlinea.com\\\/2025\\\/wp-content\\\/litespeed\\\/avatar\\\/9d7ab062f41a13d0af53522b39daf76f.jpg?ver=1788194722\",\"contentUrl\":\"https:\\\/\\\/pueblaenlinea.com\\\/2025\\\/wp-content\\\/litespeed\\\/avatar\\\/9d7ab062f41a13d0af53522b39daf76f.jpg?ver=1788194722\",\"caption\":\"Jazmin Cardenas\"},\"url\":\"https:\\\/\\\/pueblaenlinea.com\\\/2025\\\/author\\\/jaz-pel\\\/\"}]}<\/script>\n<!-- \/ Yoast SEO plugin. -->","yoast_head_json":{"title":"Asaltan a dos estudiantes de la Preparatoria BUAP al salir de clases en El Seco\u2013Esperanza - Puebla En Linea","description":"Asaltan a dos estudiantes de la Preparatoria BUAP al salir de clases en El Seco\u2013Esperanza Nota Roja","robots":{"index":"index","follow":"follow","max-snippet":"max-snippet:-1","max-image-preview":"max-image-preview:large","max-video-preview":"max-video-preview:-1"},"canonical":"https:\/\/pueblaenlinea.com\/2025\/nota-roja\/asaltan-a-dos-estudiantes-de-la-preparatoria-buap-al-salir-de-clases-en-el-seco-esperanza\/","og_locale":"es_MX","og_type":"article","og_title":"Asaltan a dos estudiantes de la Preparatoria BUAP al salir de clases en El Seco\u2013Esperanza - Puebla En Linea","og_description":"Asaltan a dos estudiantes de la Preparatoria BUAP al salir de clases en El Seco\u2013Esperanza Nota Roja","og_url":"https:\/\/pueblaenlinea.com\/2025\/nota-roja\/asaltan-a-dos-estudiantes-de-la-preparatoria-buap-al-salir-de-clases-en-el-seco-esperanza\/","og_site_name":"Puebla En Linea","article_publisher":"https:\/\/www.facebook.com\/pueblaenlineacom","article_published_time":"2026-09-03T14:32:00+00:00","article_modified_time":"2026-09-03T14:34:51+00:00","og_image":[{"width":1200,"height":674,"url":"https:\/\/pueblaenlinea.com\/2025\/wp-content\/uploads\/2026\/09\/buap.jpg","type":"image\/jpeg"}],"author":"Jazmin Cardenas","twitter_card":"summary_large_image","twitter_misc":{"Escrito por":"Jazmin Cardenas","Tiempo de lectura":"3 minutos"},"schema":{"@context":"https:\/\/schema.org","@graph":[{"@type":"Article","@id":"https:\/\/pueblaenlinea.com\/2025\/nota-roja\/asaltan-a-dos-estudiantes-de-la-preparatoria-buap-al-salir-de-clases-en-el-seco-esperanza\/#article","isPartOf":{"@id":"https:\/\/pueblaenlinea.com\/2025\/nota-roja\/asaltan-a-dos-estudiantes-de-la-preparatoria-buap-al-salir-de-clases-en-el-seco-esperanza\/"},"author":{"name":"Jazmin Cardenas","@id":"https:\/\/pueblaenlinea.com\/2025\/#\/schema\/person\/21ecc830e083be84dbddd9a05208834f"},"headline":"Asaltan a dos estudiantes de la Preparatoria BUAP al salir de clases en El Seco\u2013Esperanza","datePublished":"2026-09-03T14:32:00+00:00","dateModified":"2026-09-03T14:34:51+00:00","mainEntityOfPage":{"@id":"https:\/\/pueblaenlinea.com\/2025\/nota-roja\/asaltan-a-dos-estudiantes-de-la-preparatoria-buap-al-salir-de-clases-en-el-seco-esperanza\/"},"wordCount":495,"image":{"@id":"https:\/\/pueblaenlinea.com\/2025\/nota-roja\/asaltan-a-dos-estudiantes-de-la-preparatoria-buap-al-salir-de-clases-en-el-seco-esperanza\/#primaryimage"},"thumbnailUrl":"https:\/\/pueblaenlinea.com\/2025\/wp-content\/uploads\/2026\/09\/buap.jpg","keywords":["asalto puebla"],"articleSection":["Nota Roja"],"inLanguage":"es"},{"@type":"WebPage","@id":"https:\/\/pueblaenlinea.com\/2025\/nota-roja\/asaltan-a-dos-estudiantes-de-la-preparatoria-buap-al-salir-de-clases-en-el-seco-esperanza\/","url":"https:\/\/pueblaenlinea.com\/2025\/nota-roja\/asaltan-a-dos-estudiantes-de-la-preparatoria-buap-al-salir-de-clases-en-el-seco-esperanza\/","name":"Asaltan a dos estudiantes de la Preparatoria BUAP al salir de clases en El Seco\u2013Esperanza - Puebla En Linea","isPartOf":{"@id":"https:\/\/pueblaenlinea.com\/2025\/#website"},"primaryImageOfPage":{"@id":"https:\/\/pueblaenlinea.com\/2025\/nota-roja\/asaltan-a-dos-estudiantes-de-la-preparatoria-buap-al-salir-de-clases-en-el-seco-esperanza\/#primaryimage"},"image":{"@id":"https:\/\/pueblaenlinea.com\/2025\/nota-roja\/asaltan-a-dos-estudiantes-de-la-preparatoria-buap-al-salir-de-clases-en-el-seco-esperanza\/#primaryimage"},"thumbnailUrl":"https:\/\/pueblaenlinea.com\/2025\/wp-content\/uploads\/2026\/09\/buap.jpg","datePublished":"2026-09-03T14:32:00+00:00","dateModified":"2026-09-03T14:34:51+00:00","author":{"@id":"https:\/\/pueblaenlinea.com\/2025\/#\/schema\/person\/21ecc830e083be84dbddd9a05208834f"},"description":"Asaltan a dos estudiantes de la Preparatoria BUAP al salir de clases en El Seco\u2013Esperanza Nota Roja","breadcrumb":{"@id":"https:\/\/pueblaenlinea.com\/2025\/nota-roja\/asaltan-a-dos-estudiantes-de-la-preparatoria-buap-al-salir-de-clases-en-el-seco-esperanza\/#breadcrumb"},"inLanguage":"es","potentialAction":[{"@type":"ReadAction","target":["https:\/\/pueblaenlinea.com\/2025\/nota-roja\/asaltan-a-dos-estudiantes-de-la-preparatoria-buap-al-salir-de-clases-en-el-seco-esperanza\/"]}]},{"@type":"ImageObject","inLanguage":"es","@id":"https:\/\/pueblaenlinea.com\/2025\/nota-roja\/asaltan-a-dos-estudiantes-de-la-preparatoria-buap-al-salir-de-clases-en-el-seco-esperanza\/#primaryimage","url":"https:\/\/pueblaenlinea.com\/2025\/wp-content\/uploads\/2026\/09\/buap.jpg","contentUrl":"https:\/\/pueblaenlinea.com\/2025\/wp-content\/uploads\/2026\/09\/buap.jpg","width":1200,"height":674},{"@type":"BreadcrumbList","@id":"https:\/\/pueblaenlinea.com\/2025\/nota-roja\/asaltan-a-dos-estudiantes-de-la-preparatoria-buap-al-salir-de-clases-en-el-seco-esperanza\/#breadcrumb","itemListElement":[{"@type":"ListItem","position":1,"name":"Inicio","item":"https:\/\/pueblaenlinea.com\/2025\/"},{"@type":"ListItem","position":2,"name":"Asaltan a dos estudiantes de la Preparatoria BUAP al salir de clases en El Seco\u2013Esperanza"}]},{"@type":"WebSite","@id":"https:\/\/pueblaenlinea.com\/2025\/#website","url":"https:\/\/pueblaenlinea.com\/2025\/","name":"Puebla En Linea","description":"noticias de puebla, periodismo serio y comprometido.","potentialAction":[{"@type":"SearchAction","target":{"@type":"EntryPoint","urlTemplate":"https:\/\/pueblaenlinea.com\/2025\/?s={search_term_string}"},"query-input":{"@type":"PropertyValueSpecification","valueRequired":true,"valueName":"search_term_string"}}],"inLanguage":"es"},{"@type":"Person","@id":"https:\/\/pueblaenlinea.com\/2025\/#\/schema\/person\/21ecc830e083be84dbddd9a05208834f","name":"Jazmin Cardenas","image":{"@type":"ImageObject","inLanguage":"es","@id":"https:\/\/pueblaenlinea.com\/2025\/wp-content\/litespeed\/avatar\/9d7ab062f41a13d0af53522b39daf76f.jpg?ver=1788194722","url":"https:\/\/pueblaenlinea.com\/2025\/wp-content\/litespeed\/avatar\/9d7ab062f41a13d0af53522b39daf76f.jpg?ver=1788194722","contentUrl":"https:\/\/pueblaenlinea.com\/2025\/wp-content\/litespeed\/avatar\/9d7ab062f41a13d0af53522b39daf76f.jpg?ver=1788194722","caption":"Jazmin Cardenas"},"url":"https:\/\/pueblaenlinea.com\/2025\/author\/jaz-pel\/"}]}},"_links":{"self":[{"href":"https:\/\/pueblaenlinea.com\/2025\/wp-json\/wp\/v2\/posts\/134810","targetHints":{"allow":["GET"]}}],"collection":[{"href":"https:\/\/pueblaenlinea.com\/2025\/wp-json\/wp\/v2\/posts"}],"about":[{"href":"https:\/\/pueblaenlinea.com\/2025\/wp-json\/wp\/v2\/types\/post"}],"author":[{"embeddable":true,"href":"https:\/\/pueblaenlinea.com\/2025\/wp-json\/wp\/v2\/users\/10"}],"replies":[{"embeddable":true,"href":"https:\/\/pueblaenlinea.com\/2025\/wp-json\/wp\/v2\/comments?post=134810"}],"version-history":[{"count":0,"href":"https:\/\/pueblaenlinea.com\/2025\/wp-json\/wp\/v2\/posts\/134810\/revisions"}],"wp:featuredmedia":[{"embeddable":true,"href":"https:\/\/pueblaenlinea.com\/2025\/wp-json\/wp\/v2\/media\/134811"}],"wp:attachment":[{"href":"https:\/\/pueblaenlinea.com\/2025\/wp-json\/wp\/v2\/media?parent=134810"}],"wp:term":[{"taxonomy":"category","embeddable":true,"href":"https:\/\/pueblaenlinea.com\/2025\/wp-json\/wp\/v2\/categories?post=134810"},{"taxonomy":"post_tag","embeddable":true,"href":"https:\/\/pueblaenlinea.com\/2025\/wp-json\/wp\/v2\/tags?post=134810"}],"curies":[{"name":"wp","href":"https:\/\/api.w.org\/{rel}","templated":true}]}}