{"id":134808,"date":"2026-09-03T07:33:06","date_gmt":"2026-09-03T13:33:06","guid":{"rendered":"https:\/\/pueblaenlinea.com\/2025\/?p=134808"},"modified":"2026-09-03T07:33:06","modified_gmt":"2026-09-03T13:33:06","slug":"alcalde-de-tehuitzingo-se-deslinda-del-asesinato-de-ricardo-zuniga-pide-a-la-fge-esclarecer-las-amenazas-previas","status":"publish","type":"post","link":"https:\/\/pueblaenlinea.com\/2025\/nota-roja\/alcalde-de-tehuitzingo-se-deslinda-del-asesinato-de-ricardo-zuniga-pide-a-la-fge-esclarecer-las-amenazas-previas\/","title":{"rendered":"Alcalde de Tehuitzingo se deslinda del asesinato de Ricardo Z\u00fa\u00f1iga; pide a la FGE esclarecer las amenazas previas"},"content":{"rendered":"\n<p class=\"wp-block-paragraph\"><strong>A pocos d\u00edas del asesinato del creador de contenido Ricardo Z\u00fa\u00f1iga Rosas, el presidente municipal de Tehuitzingo, Jorge Estrada Gervacio, rechaz\u00f3 cualquier responsabilidad de su administraci\u00f3n y atribuy\u00f3 los se\u00f1alamientos contra el Ayuntamiento al golpeteo pol\u00edtico relacionado con su intenci\u00f3n de buscar la reelecci\u00f3n.<\/strong><\/p>\n\n\n\n<p class=\"wp-block-paragraph\">El edil habl\u00f3 del caso durante la presentaci\u00f3n de la cartelera de la <strong>Feria de Tehuitzingo<\/strong>, donde reconoci\u00f3 que el homicidio ha generado cuestionamientos hacia su gobierno.<\/p>\n\n\n\n<p class=\"wp-block-paragraph\">Estrada Gervacio manifest\u00f3 su preocupaci\u00f3n de que su imagen quede relacionada con el crimen y se\u00f1al\u00f3 incluso que los se\u00f1alamientos podr\u00edan afectar a sus hijos.<\/p>\n\n\n\n<p class=\"wp-block-paragraph\">\u201cDonde tenga que intervenir para que esto se esclarezca, estoy en toda la disposici\u00f3n\u201d, afirm\u00f3 el alcalde, quien sostuvo que tiene la tranquilidad de estar trabajando por Tehuitzingo y neg\u00f3 haber realizado acciones que pudieran derivar en un hecho de esta naturaleza.<\/p>\n\n\n\n<h3 class=\"wp-block-heading\">Ricardo Z\u00fa\u00f1iga fue asesinado dentro de su negocio<\/h3>\n\n\n\n<p class=\"wp-block-paragraph\">Ricardo Z\u00fa\u00f1iga Rosas, de <strong>35 a\u00f1os<\/strong>, fue asesinado la tarde del <strong>s\u00e1bado 29 de agosto<\/strong>, cuando se encontraba dentro de su negocio de productos de limpieza, ubicado en la localidad de <strong>Santa Cruz Apotitl\u00e1n<\/strong>, perteneciente a Tehuitzingo.<\/p>\n\n\n\n<p class=\"wp-block-paragraph\">De acuerdo con los primeros reportes, dos hombres que viajaban en una motocicleta llegaron hasta el establecimiento denominado <strong>\u201cSuma\u201d<\/strong>, ubicado sobre la calle Centenario.<\/p>\n\n\n\n<p class=\"wp-block-paragraph\">Los sujetos ingresaron al negocio y dispararon contra Ricardo a corta distancia. El comerciante recibi\u00f3 al menos un impacto en el t\u00f3rax y qued\u00f3 gravemente herido.<\/p>\n\n\n\n<p class=\"wp-block-paragraph\">Personas de la localidad lo trasladaron por sus propios medios al Hospital de Tehuitzingo; sin embargo, al llegar, el personal m\u00e9dico confirm\u00f3 que ya no contaba con signos vitales.<\/p>\n\n\n\n<p class=\"wp-block-paragraph\">Los agresores huyeron en la motocicleta con direcci\u00f3n hacia la <strong>Secci\u00f3n Cuarta de Tehuitzingo<\/strong>. Hasta el momento no se ha informado sobre personas detenidas por este homicidio.<\/p>\n\n\n\n<h3 class=\"wp-block-heading\">Meses antes hab\u00eda denunciado amenazas<\/h3>\n\n\n\n<p class=\"wp-block-paragraph\">El caso tom\u00f3 una dimensi\u00f3n distinta debido a que Ricardo hab\u00eda hecho p\u00fablica, meses antes, una presunta amenaza relacionada con el contenido que difund\u00eda en redes sociales.<\/p>\n\n\n\n<p class=\"wp-block-paragraph\">En <strong>mayo de este a\u00f1o<\/strong>, el creador de contenido asegur\u00f3 haber recibido una llamada telef\u00f3nica en la que una persona le habr\u00eda exigido dejar de publicar informaci\u00f3n relacionada con <strong>el basurero, obras p\u00fablicas y el manejo de recursos<\/strong> en Tehuitzingo.<\/p>\n\n\n\n<p class=\"wp-block-paragraph\">Despu\u00e9s de hacer p\u00fablica aquella presunta intimidaci\u00f3n, Ricardo escribi\u00f3 en Facebook:<\/p>\n\n\n\n<blockquote class=\"wp-block-quote is-layout-flow wp-block-quote-is-layout-flow\">\n<p class=\"wp-block-paragraph\">\u201cAs\u00ed que banda, si algo me pasa, ya saben\u201d.<\/p>\n<\/blockquote>\n\n\n\n<p class=\"wp-block-paragraph\">Hasta ahora, <strong>no existe informaci\u00f3n oficial que confirme que aquella amenaza est\u00e9 relacionada con el asesinato<\/strong>.<\/p>\n\n\n\n<p class=\"wp-block-paragraph\">Ese v\u00ednculo tendr\u00e1 que ser establecido \u2014o descartado\u2014 por la <strong>Fiscal\u00eda General del Estado de Puebla<\/strong>, que deber\u00e1 determinar el m\u00f3vil del homicidio y establecer qui\u00e9nes fueron los responsables.<\/p>\n\n\n\n<h3 class=\"wp-block-heading\">Alcalde habla de \u201cgolpeteo pol\u00edtico\u201d<\/h3>\n\n\n\n<p class=\"wp-block-paragraph\">Jorge Estrada Gervacio sostuvo que los cuestionamientos contra su administraci\u00f3n tambi\u00e9n tienen un componente pol\u00edtico, particularmente porque ha manifestado su intenci\u00f3n de buscar nuevamente la candidatura y permanecer al frente del Ayuntamiento.<\/p>\n\n\n\n<p class=\"wp-block-paragraph\">El presidente municipal insisti\u00f3 en que corresponde a la Fiscal\u00eda realizar una investigaci\u00f3n exhaustiva y encontrar a los responsables.<\/p>\n\n\n\n<p class=\"wp-block-paragraph\">\u201cSoy el primero que le pido a las autoridades competentes, a Fiscal\u00eda. Conf\u00edo en el debido proceso, conf\u00edo en que har\u00e1n un trabajo minucioso, har\u00e1n un trabajo exhaustivo donde se encuentren a los responsables\u201d, se\u00f1al\u00f3.<\/p>\n\n\n\n<p class=\"wp-block-paragraph\"><strong>Los puntos que rodean el caso:<\/strong><\/p>\n\n\n\n<ul class=\"wp-block-list\">\n<li>\ud83d\udd34 <strong>Ricardo Z\u00fa\u00f1iga:<\/strong> comerciante, fot\u00f3grafo y creador de contenido de 35 a\u00f1os.<\/li>\n\n\n\n<li>\ud83d\udcc5 <strong>Asesinato:<\/strong> s\u00e1bado 29 de agosto.<\/li>\n\n\n\n<li>\ud83d\udccd <strong>Lugar:<\/strong> Santa Cruz Apotitl\u00e1n, Tehuitzingo.<\/li>\n\n\n\n<li>\ud83d\udd2b <strong>Ataque:<\/strong> dos sujetos habr\u00edan ingresado a su negocio y le dispararon.<\/li>\n\n\n\n<li>\u26a0\ufe0f <strong>Antecedente:<\/strong> meses antes denunci\u00f3 p\u00fablicamente una presunta amenaza.<\/li>\n\n\n\n<li>\u2696\ufe0f <strong>Investigaci\u00f3n:<\/strong> corresponde a la Fiscal\u00eda General del Estado determinar el m\u00f3vil y responsables.<\/li>\n<\/ul>\n\n\n\n<h3 class=\"wp-block-heading\">Piden refuerzo de seguridad para la feria<\/h3>\n\n\n\n<p class=\"wp-block-paragraph\">Ante el homicidio y la pr\u00f3xima celebraci\u00f3n de la feria municipal, Estrada Gervacio inform\u00f3 que solicit\u00f3 apoyo de la <strong>Polic\u00eda Estatal<\/strong> para reforzar la vigilancia en Tehuitzingo.<\/p>\n\n\n\n<p class=\"wp-block-paragraph\">La feria est\u00e1 programada del <strong>25 de septiembre al 2 de octubre<\/strong>.<\/p>\n\n\n\n<p class=\"wp-block-paragraph\">Mientras el Ayuntamiento busca mantener las actividades programadas, el asesinato de Ricardo permanece bajo investigaci\u00f3n y sin responsables detenidos p\u00fablicamente identificados.<\/p>\n\n\n\n<p class=\"wp-block-paragraph\">El alcalde se deslinda de cualquier v\u00ednculo con el crimen y habla de golpeteo pol\u00edtico. Del otro lado queda un antecedente que dif\u00edcilmente puede ignorarse: Ricardo hab\u00eda denunciado amenazas meses antes de ser asesinado.<\/p>\n\n\n\n<p class=\"wp-block-paragraph\">Pero entre una acusaci\u00f3n y una responsabilidad penal hay una distancia que s\u00f3lo la investigaci\u00f3n ministerial puede recorrer. Ser\u00e1 la Fiscal\u00eda la que determine si ambas historias est\u00e1n relacionadas o si, finalmente, pertenecen a cap\u00edtulos distintos.<\/p>\n\n\n\n<p class=\"wp-block-paragraph\"><a href=\"https:\/\/whatsapp.com\/channel\/0029Va5CSyuEQIalZaJWpX1h?utm_source=chatgpt.com\">Canal de WhatsApp de Puebla En L\u00ednea<\/a><\/p>\n\n\n\n<p class=\"wp-block-paragraph\"><strong>Escrito por Redacci\u00f3n Puebla En L\u00ednea<\/strong><\/p>\n\n\n\n<ol class=\"wp-block-list\">\n<li><strong>\u201cSi algo me pasa, ya saben\u201d: Ricardo denunci\u00f3 amenazas y termin\u00f3 asesinado en Tehuitzingo<\/strong><\/li>\n\n\n\n<li><strong>Alcalde de Tehuitzingo se deslinda del asesinato de Ricardo Z\u00fa\u00f1iga y habla de \u201cgolpeteo pol\u00edtico\u201d<\/strong><\/li>\n\n\n\n<li><strong>Ricardo Z\u00fa\u00f1iga fue asesinado tras denunciar amenazas; alcalde niega v\u00ednculo con el crimen<\/strong><\/li>\n\n\n\n<li><strong>Amenazas, cr\u00edticas al Ayuntamiento y un asesinato: alcalde de Tehuitzingo exige esclarecer el caso<\/strong><\/li>\n\n\n\n<li><strong>Asesinan a creador de contenido que hab\u00eda denunciado amenazas; alcalde de Tehuitzingo rechaza se\u00f1alamientos<\/strong><\/li>\n<\/ol>\n","protected":false},"excerpt":{"rendered":"<p>A pocos d\u00edas del asesinato del creador de contenido Ricardo Z\u00fa\u00f1iga Rosas, el presidente municipal de Tehuitzingo, Jorge Estrada Gervacio, rechaz\u00f3 cualquier responsabilidad de su administraci\u00f3n y atribuy\u00f3 los se\u00f1alamientos contra el Ayuntamiento al golpeteo pol\u00edtico relacionado con su intenci\u00f3n de buscar la reelecci\u00f3n. El edil habl\u00f3 del caso durante la presentaci\u00f3n de la cartelera&#8230;<\/p>\n","protected":false},"author":10,"featured_media":134809,"comment_status":"closed","ping_status":"closed","sticky":false,"template":"","format":"standard","meta":{"footnotes":""},"categories":[24],"tags":[1401],"class_list":["post-134808","post","type-post","status-publish","format-standard","has-post-thumbnail","hentry","category-nota-roja","tag-asesinato-puebla"],"yoast_head":"<!-- This site is optimized with the Yoast SEO plugin v28.4 - https:\/\/yoast.com\/product\/yoast-seo-wordpress\/ -->\n<title>Alcalde de Tehuitzingo se deslinda del asesinato de Ricardo Z\u00fa\u00f1iga; pide a la FGE esclarecer las amenazas previas - Puebla En Linea<\/title>\n<meta name=\"description\" content=\"Alcalde de Tehuitzingo se deslinda del asesinato de Ricardo Z\u00fa\u00f1iga; pide a la FGE esclarecer las amenazas previas Nota Roja\" \/>\n<meta name=\"robots\" content=\"index, follow, max-snippet:-1, max-image-preview:large, max-video-preview:-1\" \/>\n<link rel=\"canonical\" href=\"https:\/\/pueblaenlinea.com\/2025\/nota-roja\/alcalde-de-tehuitzingo-se-deslinda-del-asesinato-de-ricardo-zuniga-pide-a-la-fge-esclarecer-las-amenazas-previas\/\" \/>\n<meta property=\"og:locale\" content=\"es_MX\" \/>\n<meta property=\"og:type\" content=\"article\" \/>\n<meta property=\"og:title\" content=\"Alcalde de Tehuitzingo se deslinda del asesinato de Ricardo Z\u00fa\u00f1iga; pide a la FGE esclarecer las amenazas previas - Puebla En Linea\" \/>\n<meta property=\"og:description\" content=\"Alcalde de Tehuitzingo se deslinda del asesinato de Ricardo Z\u00fa\u00f1iga; pide a la FGE esclarecer las amenazas previas Nota Roja\" \/>\n<meta property=\"og:url\" content=\"https:\/\/pueblaenlinea.com\/2025\/nota-roja\/alcalde-de-tehuitzingo-se-deslinda-del-asesinato-de-ricardo-zuniga-pide-a-la-fge-esclarecer-las-amenazas-previas\/\" \/>\n<meta property=\"og:site_name\" content=\"Puebla En Linea\" \/>\n<meta property=\"article:publisher\" content=\"https:\/\/www.facebook.com\/pueblaenlineacom\" \/>\n<meta property=\"article:published_time\" content=\"2026-09-03T13:33:06+00:00\" \/>\n<meta property=\"og:image\" content=\"https:\/\/pueblaenlinea.com\/2025\/wp-content\/uploads\/2026\/09\/edil.jpg\" \/>\n\t<meta property=\"og:image:width\" content=\"1200\" \/>\n\t<meta property=\"og:image:height\" content=\"674\" \/>\n\t<meta property=\"og:image:type\" content=\"image\/jpeg\" \/>\n<meta name=\"author\" content=\"Jazmin Cardenas\" \/>\n<meta name=\"twitter:card\" content=\"summary_large_image\" \/>\n<meta name=\"twitter:label1\" content=\"Escrito por\" \/>\n\t<meta name=\"twitter:data1\" content=\"Jazmin Cardenas\" \/>\n\t<meta name=\"twitter:label2\" content=\"Tiempo de lectura\" \/>\n\t<meta name=\"twitter:data2\" content=\"4 minutos\" \/>\n<script type=\"application\/ld+json\" class=\"yoast-schema-graph\">{\"@context\":\"https:\\\/\\\/schema.org\",\"@graph\":[{\"@type\":\"Article\",\"@id\":\"https:\\\/\\\/pueblaenlinea.com\\\/2025\\\/nota-roja\\\/alcalde-de-tehuitzingo-se-deslinda-del-asesinato-de-ricardo-zuniga-pide-a-la-fge-esclarecer-las-amenazas-previas\\\/#article\",\"isPartOf\":{\"@id\":\"https:\\\/\\\/pueblaenlinea.com\\\/2025\\\/nota-roja\\\/alcalde-de-tehuitzingo-se-deslinda-del-asesinato-de-ricardo-zuniga-pide-a-la-fge-esclarecer-las-amenazas-previas\\\/\"},\"author\":{\"name\":\"Jazmin Cardenas\",\"@id\":\"https:\\\/\\\/pueblaenlinea.com\\\/2025\\\/#\\\/schema\\\/person\\\/21ecc830e083be84dbddd9a05208834f\"},\"headline\":\"Alcalde de Tehuitzingo se deslinda del asesinato de Ricardo Z\u00fa\u00f1iga; pide a la FGE esclarecer las amenazas previas\",\"datePublished\":\"2026-09-03T13:33:06+00:00\",\"mainEntityOfPage\":{\"@id\":\"https:\\\/\\\/pueblaenlinea.com\\\/2025\\\/nota-roja\\\/alcalde-de-tehuitzingo-se-deslinda-del-asesinato-de-ricardo-zuniga-pide-a-la-fge-esclarecer-las-amenazas-previas\\\/\"},\"wordCount\":897,\"image\":{\"@id\":\"https:\\\/\\\/pueblaenlinea.com\\\/2025\\\/nota-roja\\\/alcalde-de-tehuitzingo-se-deslinda-del-asesinato-de-ricardo-zuniga-pide-a-la-fge-esclarecer-las-amenazas-previas\\\/#primaryimage\"},\"thumbnailUrl\":\"https:\\\/\\\/pueblaenlinea.com\\\/2025\\\/wp-content\\\/uploads\\\/2026\\\/09\\\/edil.jpg\",\"keywords\":[\"asesinato puebla\"],\"articleSection\":[\"Nota Roja\"],\"inLanguage\":\"es\"},{\"@type\":\"WebPage\",\"@id\":\"https:\\\/\\\/pueblaenlinea.com\\\/2025\\\/nota-roja\\\/alcalde-de-tehuitzingo-se-deslinda-del-asesinato-de-ricardo-zuniga-pide-a-la-fge-esclarecer-las-amenazas-previas\\\/\",\"url\":\"https:\\\/\\\/pueblaenlinea.com\\\/2025\\\/nota-roja\\\/alcalde-de-tehuitzingo-se-deslinda-del-asesinato-de-ricardo-zuniga-pide-a-la-fge-esclarecer-las-amenazas-previas\\\/\",\"name\":\"Alcalde de Tehuitzingo se deslinda del asesinato de Ricardo Z\u00fa\u00f1iga; pide a la FGE esclarecer las amenazas previas - Puebla En Linea\",\"isPartOf\":{\"@id\":\"https:\\\/\\\/pueblaenlinea.com\\\/2025\\\/#website\"},\"primaryImageOfPage\":{\"@id\":\"https:\\\/\\\/pueblaenlinea.com\\\/2025\\\/nota-roja\\\/alcalde-de-tehuitzingo-se-deslinda-del-asesinato-de-ricardo-zuniga-pide-a-la-fge-esclarecer-las-amenazas-previas\\\/#primaryimage\"},\"image\":{\"@id\":\"https:\\\/\\\/pueblaenlinea.com\\\/2025\\\/nota-roja\\\/alcalde-de-tehuitzingo-se-deslinda-del-asesinato-de-ricardo-zuniga-pide-a-la-fge-esclarecer-las-amenazas-previas\\\/#primaryimage\"},\"thumbnailUrl\":\"https:\\\/\\\/pueblaenlinea.com\\\/2025\\\/wp-content\\\/uploads\\\/2026\\\/09\\\/edil.jpg\",\"datePublished\":\"2026-09-03T13:33:06+00:00\",\"author\":{\"@id\":\"https:\\\/\\\/pueblaenlinea.com\\\/2025\\\/#\\\/schema\\\/person\\\/21ecc830e083be84dbddd9a05208834f\"},\"description\":\"Alcalde de Tehuitzingo se deslinda del asesinato de Ricardo Z\u00fa\u00f1iga; pide a la FGE esclarecer las amenazas previas Nota Roja\",\"breadcrumb\":{\"@id\":\"https:\\\/\\\/pueblaenlinea.com\\\/2025\\\/nota-roja\\\/alcalde-de-tehuitzingo-se-deslinda-del-asesinato-de-ricardo-zuniga-pide-a-la-fge-esclarecer-las-amenazas-previas\\\/#breadcrumb\"},\"inLanguage\":\"es\",\"potentialAction\":[{\"@type\":\"ReadAction\",\"target\":[\"https:\\\/\\\/pueblaenlinea.com\\\/2025\\\/nota-roja\\\/alcalde-de-tehuitzingo-se-deslinda-del-asesinato-de-ricardo-zuniga-pide-a-la-fge-esclarecer-las-amenazas-previas\\\/\"]}]},{\"@type\":\"ImageObject\",\"inLanguage\":\"es\",\"@id\":\"https:\\\/\\\/pueblaenlinea.com\\\/2025\\\/nota-roja\\\/alcalde-de-tehuitzingo-se-deslinda-del-asesinato-de-ricardo-zuniga-pide-a-la-fge-esclarecer-las-amenazas-previas\\\/#primaryimage\",\"url\":\"https:\\\/\\\/pueblaenlinea.com\\\/2025\\\/wp-content\\\/uploads\\\/2026\\\/09\\\/edil.jpg\",\"contentUrl\":\"https:\\\/\\\/pueblaenlinea.com\\\/2025\\\/wp-content\\\/uploads\\\/2026\\\/09\\\/edil.jpg\",\"width\":1200,\"height\":674},{\"@type\":\"BreadcrumbList\",\"@id\":\"https:\\\/\\\/pueblaenlinea.com\\\/2025\\\/nota-roja\\\/alcalde-de-tehuitzingo-se-deslinda-del-asesinato-de-ricardo-zuniga-pide-a-la-fge-esclarecer-las-amenazas-previas\\\/#breadcrumb\",\"itemListElement\":[{\"@type\":\"ListItem\",\"position\":1,\"name\":\"Inicio\",\"item\":\"https:\\\/\\\/pueblaenlinea.com\\\/2025\\\/\"},{\"@type\":\"ListItem\",\"position\":2,\"name\":\"Alcalde de Tehuitzingo se deslinda del asesinato de Ricardo Z\u00fa\u00f1iga; pide a la FGE esclarecer las amenazas previas\"}]},{\"@type\":\"WebSite\",\"@id\":\"https:\\\/\\\/pueblaenlinea.com\\\/2025\\\/#website\",\"url\":\"https:\\\/\\\/pueblaenlinea.com\\\/2025\\\/\",\"name\":\"Puebla En Linea\",\"description\":\"noticias de puebla, periodismo serio y comprometido.\",\"potentialAction\":[{\"@type\":\"SearchAction\",\"target\":{\"@type\":\"EntryPoint\",\"urlTemplate\":\"https:\\\/\\\/pueblaenlinea.com\\\/2025\\\/?s={search_term_string}\"},\"query-input\":{\"@type\":\"PropertyValueSpecification\",\"valueRequired\":true,\"valueName\":\"search_term_string\"}}],\"inLanguage\":\"es\"},{\"@type\":\"Person\",\"@id\":\"https:\\\/\\\/pueblaenlinea.com\\\/2025\\\/#\\\/schema\\\/person\\\/21ecc830e083be84dbddd9a05208834f\",\"name\":\"Jazmin Cardenas\",\"image\":{\"@type\":\"ImageObject\",\"inLanguage\":\"es\",\"@id\":\"https:\\\/\\\/pueblaenlinea.com\\\/2025\\\/wp-content\\\/litespeed\\\/avatar\\\/9d7ab062f41a13d0af53522b39daf76f.jpg?ver=1788194722\",\"url\":\"https:\\\/\\\/pueblaenlinea.com\\\/2025\\\/wp-content\\\/litespeed\\\/avatar\\\/9d7ab062f41a13d0af53522b39daf76f.jpg?ver=1788194722\",\"contentUrl\":\"https:\\\/\\\/pueblaenlinea.com\\\/2025\\\/wp-content\\\/litespeed\\\/avatar\\\/9d7ab062f41a13d0af53522b39daf76f.jpg?ver=1788194722\",\"caption\":\"Jazmin Cardenas\"},\"url\":\"https:\\\/\\\/pueblaenlinea.com\\\/2025\\\/author\\\/jaz-pel\\\/\"}]}<\/script>\n<!-- \/ Yoast SEO plugin. -->","yoast_head_json":{"title":"Alcalde de Tehuitzingo se deslinda del asesinato de Ricardo Z\u00fa\u00f1iga; pide a la FGE esclarecer las amenazas previas - Puebla En Linea","description":"Alcalde de Tehuitzingo se deslinda del asesinato de Ricardo Z\u00fa\u00f1iga; pide a la FGE esclarecer las amenazas previas Nota Roja","robots":{"index":"index","follow":"follow","max-snippet":"max-snippet:-1","max-image-preview":"max-image-preview:large","max-video-preview":"max-video-preview:-1"},"canonical":"https:\/\/pueblaenlinea.com\/2025\/nota-roja\/alcalde-de-tehuitzingo-se-deslinda-del-asesinato-de-ricardo-zuniga-pide-a-la-fge-esclarecer-las-amenazas-previas\/","og_locale":"es_MX","og_type":"article","og_title":"Alcalde de Tehuitzingo se deslinda del asesinato de Ricardo Z\u00fa\u00f1iga; pide a la FGE esclarecer las amenazas previas - Puebla En Linea","og_description":"Alcalde de Tehuitzingo se deslinda del asesinato de Ricardo Z\u00fa\u00f1iga; pide a la FGE esclarecer las amenazas previas Nota Roja","og_url":"https:\/\/pueblaenlinea.com\/2025\/nota-roja\/alcalde-de-tehuitzingo-se-deslinda-del-asesinato-de-ricardo-zuniga-pide-a-la-fge-esclarecer-las-amenazas-previas\/","og_site_name":"Puebla En Linea","article_publisher":"https:\/\/www.facebook.com\/pueblaenlineacom","article_published_time":"2026-09-03T13:33:06+00:00","og_image":[{"width":1200,"height":674,"url":"https:\/\/pueblaenlinea.com\/2025\/wp-content\/uploads\/2026\/09\/edil.jpg","type":"image\/jpeg"}],"author":"Jazmin Cardenas","twitter_card":"summary_large_image","twitter_misc":{"Escrito por":"Jazmin Cardenas","Tiempo de lectura":"4 minutos"},"schema":{"@context":"https:\/\/schema.org","@graph":[{"@type":"Article","@id":"https:\/\/pueblaenlinea.com\/2025\/nota-roja\/alcalde-de-tehuitzingo-se-deslinda-del-asesinato-de-ricardo-zuniga-pide-a-la-fge-esclarecer-las-amenazas-previas\/#article","isPartOf":{"@id":"https:\/\/pueblaenlinea.com\/2025\/nota-roja\/alcalde-de-tehuitzingo-se-deslinda-del-asesinato-de-ricardo-zuniga-pide-a-la-fge-esclarecer-las-amenazas-previas\/"},"author":{"name":"Jazmin Cardenas","@id":"https:\/\/pueblaenlinea.com\/2025\/#\/schema\/person\/21ecc830e083be84dbddd9a05208834f"},"headline":"Alcalde de Tehuitzingo se deslinda del asesinato de Ricardo Z\u00fa\u00f1iga; pide a la FGE esclarecer las amenazas previas","datePublished":"2026-09-03T13:33:06+00:00","mainEntityOfPage":{"@id":"https:\/\/pueblaenlinea.com\/2025\/nota-roja\/alcalde-de-tehuitzingo-se-deslinda-del-asesinato-de-ricardo-zuniga-pide-a-la-fge-esclarecer-las-amenazas-previas\/"},"wordCount":897,"image":{"@id":"https:\/\/pueblaenlinea.com\/2025\/nota-roja\/alcalde-de-tehuitzingo-se-deslinda-del-asesinato-de-ricardo-zuniga-pide-a-la-fge-esclarecer-las-amenazas-previas\/#primaryimage"},"thumbnailUrl":"https:\/\/pueblaenlinea.com\/2025\/wp-content\/uploads\/2026\/09\/edil.jpg","keywords":["asesinato puebla"],"articleSection":["Nota Roja"],"inLanguage":"es"},{"@type":"WebPage","@id":"https:\/\/pueblaenlinea.com\/2025\/nota-roja\/alcalde-de-tehuitzingo-se-deslinda-del-asesinato-de-ricardo-zuniga-pide-a-la-fge-esclarecer-las-amenazas-previas\/","url":"https:\/\/pueblaenlinea.com\/2025\/nota-roja\/alcalde-de-tehuitzingo-se-deslinda-del-asesinato-de-ricardo-zuniga-pide-a-la-fge-esclarecer-las-amenazas-previas\/","name":"Alcalde de Tehuitzingo se deslinda del asesinato de Ricardo Z\u00fa\u00f1iga; pide a la FGE esclarecer las amenazas previas - Puebla En Linea","isPartOf":{"@id":"https:\/\/pueblaenlinea.com\/2025\/#website"},"primaryImageOfPage":{"@id":"https:\/\/pueblaenlinea.com\/2025\/nota-roja\/alcalde-de-tehuitzingo-se-deslinda-del-asesinato-de-ricardo-zuniga-pide-a-la-fge-esclarecer-las-amenazas-previas\/#primaryimage"},"image":{"@id":"https:\/\/pueblaenlinea.com\/2025\/nota-roja\/alcalde-de-tehuitzingo-se-deslinda-del-asesinato-de-ricardo-zuniga-pide-a-la-fge-esclarecer-las-amenazas-previas\/#primaryimage"},"thumbnailUrl":"https:\/\/pueblaenlinea.com\/2025\/wp-content\/uploads\/2026\/09\/edil.jpg","datePublished":"2026-09-03T13:33:06+00:00","author":{"@id":"https:\/\/pueblaenlinea.com\/2025\/#\/schema\/person\/21ecc830e083be84dbddd9a05208834f"},"description":"Alcalde de Tehuitzingo se deslinda del asesinato de Ricardo Z\u00fa\u00f1iga; pide a la FGE esclarecer las amenazas previas Nota Roja","breadcrumb":{"@id":"https:\/\/pueblaenlinea.com\/2025\/nota-roja\/alcalde-de-tehuitzingo-se-deslinda-del-asesinato-de-ricardo-zuniga-pide-a-la-fge-esclarecer-las-amenazas-previas\/#breadcrumb"},"inLanguage":"es","potentialAction":[{"@type":"ReadAction","target":["https:\/\/pueblaenlinea.com\/2025\/nota-roja\/alcalde-de-tehuitzingo-se-deslinda-del-asesinato-de-ricardo-zuniga-pide-a-la-fge-esclarecer-las-amenazas-previas\/"]}]},{"@type":"ImageObject","inLanguage":"es","@id":"https:\/\/pueblaenlinea.com\/2025\/nota-roja\/alcalde-de-tehuitzingo-se-deslinda-del-asesinato-de-ricardo-zuniga-pide-a-la-fge-esclarecer-las-amenazas-previas\/#primaryimage","url":"https:\/\/pueblaenlinea.com\/2025\/wp-content\/uploads\/2026\/09\/edil.jpg","contentUrl":"https:\/\/pueblaenlinea.com\/2025\/wp-content\/uploads\/2026\/09\/edil.jpg","width":1200,"height":674},{"@type":"BreadcrumbList","@id":"https:\/\/pueblaenlinea.com\/2025\/nota-roja\/alcalde-de-tehuitzingo-se-deslinda-del-asesinato-de-ricardo-zuniga-pide-a-la-fge-esclarecer-las-amenazas-previas\/#breadcrumb","itemListElement":[{"@type":"ListItem","position":1,"name":"Inicio","item":"https:\/\/pueblaenlinea.com\/2025\/"},{"@type":"ListItem","position":2,"name":"Alcalde de Tehuitzingo se deslinda del asesinato de Ricardo Z\u00fa\u00f1iga; pide a la FGE esclarecer las amenazas previas"}]},{"@type":"WebSite","@id":"https:\/\/pueblaenlinea.com\/2025\/#website","url":"https:\/\/pueblaenlinea.com\/2025\/","name":"Puebla En Linea","description":"noticias de puebla, periodismo serio y comprometido.","potentialAction":[{"@type":"SearchAction","target":{"@type":"EntryPoint","urlTemplate":"https:\/\/pueblaenlinea.com\/2025\/?s={search_term_string}"},"query-input":{"@type":"PropertyValueSpecification","valueRequired":true,"valueName":"search_term_string"}}],"inLanguage":"es"},{"@type":"Person","@id":"https:\/\/pueblaenlinea.com\/2025\/#\/schema\/person\/21ecc830e083be84dbddd9a05208834f","name":"Jazmin Cardenas","image":{"@type":"ImageObject","inLanguage":"es","@id":"https:\/\/pueblaenlinea.com\/2025\/wp-content\/litespeed\/avatar\/9d7ab062f41a13d0af53522b39daf76f.jpg?ver=1788194722","url":"https:\/\/pueblaenlinea.com\/2025\/wp-content\/litespeed\/avatar\/9d7ab062f41a13d0af53522b39daf76f.jpg?ver=1788194722","contentUrl":"https:\/\/pueblaenlinea.com\/2025\/wp-content\/litespeed\/avatar\/9d7ab062f41a13d0af53522b39daf76f.jpg?ver=1788194722","caption":"Jazmin Cardenas"},"url":"https:\/\/pueblaenlinea.com\/2025\/author\/jaz-pel\/"}]}},"_links":{"self":[{"href":"https:\/\/pueblaenlinea.com\/2025\/wp-json\/wp\/v2\/posts\/134808","targetHints":{"allow":["GET"]}}],"collection":[{"href":"https:\/\/pueblaenlinea.com\/2025\/wp-json\/wp\/v2\/posts"}],"about":[{"href":"https:\/\/pueblaenlinea.com\/2025\/wp-json\/wp\/v2\/types\/post"}],"author":[{"embeddable":true,"href":"https:\/\/pueblaenlinea.com\/2025\/wp-json\/wp\/v2\/users\/10"}],"replies":[{"embeddable":true,"href":"https:\/\/pueblaenlinea.com\/2025\/wp-json\/wp\/v2\/comments?post=134808"}],"version-history":[{"count":0,"href":"https:\/\/pueblaenlinea.com\/2025\/wp-json\/wp\/v2\/posts\/134808\/revisions"}],"wp:featuredmedia":[{"embeddable":true,"href":"https:\/\/pueblaenlinea.com\/2025\/wp-json\/wp\/v2\/media\/134809"}],"wp:attachment":[{"href":"https:\/\/pueblaenlinea.com\/2025\/wp-json\/wp\/v2\/media?parent=134808"}],"wp:term":[{"taxonomy":"category","embeddable":true,"href":"https:\/\/pueblaenlinea.com\/2025\/wp-json\/wp\/v2\/categories?post=134808"},{"taxonomy":"post_tag","embeddable":true,"href":"https:\/\/pueblaenlinea.com\/2025\/wp-json\/wp\/v2\/tags?post=134808"}],"curies":[{"name":"wp","href":"https:\/\/api.w.org\/{rel}","templated":true}]}}