{"id":134804,"date":"2026-09-03T07:02:37","date_gmt":"2026-09-03T13:02:37","guid":{"rendered":"https:\/\/pueblaenlinea.com\/2025\/?p=134804"},"modified":"2026-09-03T09:48:18","modified_gmt":"2026-09-03T15:48:18","slug":"atacan-a-balazos-a-dos-hombres-cerca-del-mercado-zapata-en-puebla-uno-murio","status":"publish","type":"post","link":"https:\/\/pueblaenlinea.com\/2025\/nota-roja\/atacan-a-balazos-a-dos-hombres-cerca-del-mercado-zapata-en-puebla-uno-murio\/","title":{"rendered":"Atacan a balazos a dos hombres cerca del Mercado Zapata en Puebla; uno muri\u00f3"},"content":{"rendered":"\n<p class=\"wp-block-paragraph\"><strong>La madrugada de este jueves, dos hombres fueron atacados a balazos en inmediaciones del Mercado Zapata, al sur de la ciudad de Puebla. Uno muri\u00f3 en el lugar y el segundo logr\u00f3 escapar y posteriormente fue trasladado a un hospital.<\/strong><\/p>\n\n\n\n<p class=\"wp-block-paragraph\">Los hechos ocurrieron alrededor de la madrugada del <strong>3 de septiembre<\/strong>, en el cruce de la <strong>calle 16 de Septiembre y avenida Constituci\u00f3n<\/strong>, cerca de un establecimiento OXXO.<\/p>\n\n\n\n<p class=\"wp-block-paragraph\">De acuerdo con los primeros reportes, ambos hombres se encontraban en la zona cuando fueron atacados con armas de fuego. Uno de ellos qued\u00f3 tendido sobre la banqueta y perdi\u00f3 la vida debido a las heridas.<\/p>\n\n\n\n<p class=\"wp-block-paragraph\">La segunda v\u00edctima result\u00f3 lesionada y consigui\u00f3 alejarse del sitio. Posteriormente recibi\u00f3 atenci\u00f3n m\u00e9dica por las heridas provocadas por los impactos de bala.<\/p>\n\n\n\n<h3 class=\"wp-block-heading\">Fiscal\u00eda mantiene acordonada la zona<\/h3>\n\n\n\n<p class=\"wp-block-paragraph\">Elementos de seguridad acudieron al lugar y establecieron un per\u00edmetro para preservar la escena, mientras se esperaba la intervenci\u00f3n de la <strong>Fiscal\u00eda General del Estado de Puebla<\/strong>.<\/p>\n\n\n\n<p class=\"wp-block-paragraph\">Informaci\u00f3n extraoficial se\u00f1ala que en el sitio fueron localizados <strong>al menos ocho casquillos percutidos<\/strong>, aunque este dato deber\u00e1 ser confirmado mediante las diligencias ministeriales.<\/p>\n\n\n\n<p class=\"wp-block-paragraph\"><strong>Los datos preliminares del caso:<\/strong><\/p>\n\n\n\n<ul class=\"wp-block-list\">\n<li>\ud83d\udccd <strong>Lugar:<\/strong> inmediaciones del Mercado Zapata, Puebla.<\/li>\n\n\n\n<li>\ud83d\udd50 <strong>Hechos:<\/strong> madrugada del 3 de septiembre de 2026.<\/li>\n\n\n\n<li>\ud83d\udccc <strong>Ubicaci\u00f3n:<\/strong> calle 16 de Septiembre y avenida Constituci\u00f3n.<\/li>\n\n\n\n<li>\ud83d\udc64 <strong>V\u00edctimas:<\/strong> dos hombres.<\/li>\n\n\n\n<li>\u26ab <strong>Saldo:<\/strong> un hombre muerto y otro lesionado.<\/li>\n\n\n\n<li>\ud83d\udd0e <strong>Investigaci\u00f3n:<\/strong> Fiscal\u00eda General del Estado.<\/li>\n<\/ul>\n\n\n\n<p class=\"wp-block-paragraph\">Hasta el momento no se ha informado oficialmente la identidad del hombre que muri\u00f3, ni se ha establecido el motivo del ataque.<\/p>\n\n\n\n<p class=\"wp-block-paragraph\">Tampoco se ha dado a conocer si existen personas detenidas relacionadas con estos hechos.<\/p>\n\n\n\n<h3 class=\"wp-block-heading\">Investigan qu\u00e9 ocurri\u00f3 en las inmediaciones del Mercado Zapata<\/h3>\n\n\n\n<p class=\"wp-block-paragraph\">Personal de la Fiscal\u00eda realizar\u00e1 el levantamiento del cuerpo y las diligencias correspondientes para integrar la carpeta de investigaci\u00f3n.<\/p>\n\n\n\n<p class=\"wp-block-paragraph\">Los peritos deber\u00e1n establecer, entre otros aspectos, la mec\u00e1nica de la agresi\u00f3n, el n\u00famero de disparos y la trayectoria de los proyectiles, adem\u00e1s de determinar la identidad de la v\u00edctima.<\/p>\n\n\n\n<blockquote class=\"twitter-tweet\" data-media-max-width=\"560\"><p lang=\"es\" dir=\"ltr\">La violencia vuelve a golpear las calles del sur de <a href=\"https:\/\/x.com\/hashtag\/Puebla?src=hash&amp;ref_src=twsrc%5Etfw\">#Puebla<\/a>: \ud83d\uded1 Un ataque a balazos afuera de un Oxxo, cerca del Mercado Zapata, dej\u00f3 un saldo de un muerto tendido en la banqueta y un herido grave de emergencia. <a href=\"https:\/\/t.co\/aWbGBLzkcA\">pic.twitter.com\/aWbGBLzkcA<\/a><\/p>&mdash; Puebla (@PueblaenLinea) <a href=\"https:\/\/x.com\/PueblaenLinea\/status\/2095532883226083584?ref_src=twsrc%5Etfw\">September 3, 2026<\/a><\/blockquote> <script async src=\"https:\/\/platform.x.com\/widgets.js\" charset=\"utf-8\"><\/script>\n\n\n\n<p class=\"wp-block-paragraph\">La zona permanece bajo resguardo de las autoridades mientras contin\u00faan las investigaciones.<\/p>\n\n\n\n<p class=\"wp-block-paragraph\"><a href=\"https:\/\/whatsapp.com\/channel\/0029Va5CSyuEQIalZaJWpX1h?utm_source=chatgpt.com\">Canal de WhatsApp de Puebla En L\u00ednea<\/a><\/p>\n\n\n\n<p class=\"wp-block-paragraph\">La madrugada volvi\u00f3 a romper el silencio en el sur de Puebla. Dos hombres quedaron en medio de una agresi\u00f3n cuyo origen todav\u00eda no est\u00e1 claro; uno no sobrevivi\u00f3 y el otro busca recuperarse en un hospital. Ahora corresponde a la Fiscal\u00eda reconstruir lo ocurrido y determinar qui\u00e9n estuvo detr\u00e1s de los disparos.<\/p>\n\n\n\n<p class=\"wp-block-paragraph\"><strong>Escrito por Redacci\u00f3n Puebla En L\u00ednea<\/strong><\/p>\n\n\n\n<ol class=\"wp-block-list\">\n<li><strong>Balacera cerca del Mercado Zapata deja un muerto y un hombre herido en Puebla<\/strong><\/li>\n\n\n\n<li><strong>Ataque a balazos cerca del Mercado Zapata: un hombre muri\u00f3 y otro result\u00f3 herido<\/strong><\/li>\n\n\n\n<li><strong>Madrugada violenta en Puebla: atacan a dos hombres cerca del Mercado Zapata<\/strong><\/li>\n\n\n\n<li><strong>Balean a dos hombres al sur de Puebla; uno muri\u00f3 cerca del Mercado Zapata<\/strong><\/li>\n\n\n\n<li><strong>Ocho casquillos y un muerto: investigan ataque a balazos cerca del Mercado Zapata<\/strong><\/li>\n<\/ol>\n","protected":false},"excerpt":{"rendered":"<p>La madrugada de este jueves, dos hombres fueron atacados a balazos en inmediaciones del Mercado Zapata, al sur de la ciudad de Puebla. Uno muri\u00f3 en el lugar y el segundo logr\u00f3 escapar y posteriormente fue trasladado a un hospital. Los hechos ocurrieron alrededor de la madrugada del 3 de septiembre, en el cruce de&#8230;<\/p>\n","protected":false},"author":10,"featured_media":134805,"comment_status":"closed","ping_status":"closed","sticky":false,"template":"","format":"standard","meta":{"footnotes":""},"categories":[24],"tags":[1401],"class_list":["post-134804","post","type-post","status-publish","format-standard","has-post-thumbnail","hentry","category-nota-roja","tag-asesinato-puebla"],"yoast_head":"<!-- This site is optimized with the Yoast SEO plugin v28.4 - https:\/\/yoast.com\/product\/yoast-seo-wordpress\/ -->\n<title>Atacan a balazos a dos hombres cerca del Mercado Zapata en Puebla; uno muri\u00f3 - Puebla En Linea<\/title>\n<meta name=\"description\" content=\"Atacan a balazos a dos hombres cerca del Mercado Zapata en Puebla; uno muri\u00f3 Nota Roja\" \/>\n<meta name=\"robots\" content=\"index, follow, max-snippet:-1, max-image-preview:large, max-video-preview:-1\" \/>\n<link rel=\"canonical\" href=\"https:\/\/pueblaenlinea.com\/2025\/nota-roja\/atacan-a-balazos-a-dos-hombres-cerca-del-mercado-zapata-en-puebla-uno-murio\/\" \/>\n<meta property=\"og:locale\" content=\"es_MX\" \/>\n<meta property=\"og:type\" content=\"article\" \/>\n<meta property=\"og:title\" content=\"Atacan a balazos a dos hombres cerca del Mercado Zapata en Puebla; uno muri\u00f3 - Puebla En Linea\" \/>\n<meta property=\"og:description\" content=\"Atacan a balazos a dos hombres cerca del Mercado Zapata en Puebla; uno muri\u00f3 Nota Roja\" \/>\n<meta property=\"og:url\" content=\"https:\/\/pueblaenlinea.com\/2025\/nota-roja\/atacan-a-balazos-a-dos-hombres-cerca-del-mercado-zapata-en-puebla-uno-murio\/\" \/>\n<meta property=\"og:site_name\" content=\"Puebla En Linea\" \/>\n<meta property=\"article:publisher\" content=\"https:\/\/www.facebook.com\/pueblaenlineacom\" \/>\n<meta property=\"article:published_time\" content=\"2026-09-03T13:02:37+00:00\" \/>\n<meta property=\"article:modified_time\" content=\"2026-09-03T15:48:18+00:00\" \/>\n<meta property=\"og:image\" content=\"https:\/\/pueblaenlinea.com\/2025\/wp-content\/uploads\/2026\/09\/hombremuerto.jpg\" \/>\n\t<meta property=\"og:image:width\" content=\"1200\" \/>\n\t<meta property=\"og:image:height\" content=\"674\" \/>\n\t<meta property=\"og:image:type\" content=\"image\/jpeg\" \/>\n<meta name=\"author\" content=\"Jazmin Cardenas\" \/>\n<meta name=\"twitter:card\" content=\"summary_large_image\" \/>\n<meta name=\"twitter:label1\" content=\"Escrito por\" \/>\n\t<meta name=\"twitter:data1\" content=\"Jazmin Cardenas\" \/>\n\t<meta name=\"twitter:label2\" content=\"Tiempo de lectura\" \/>\n\t<meta name=\"twitter:data2\" content=\"3 minutos\" \/>\n<script type=\"application\/ld+json\" class=\"yoast-schema-graph\">{\"@context\":\"https:\\\/\\\/schema.org\",\"@graph\":[{\"@type\":\"Article\",\"@id\":\"https:\\\/\\\/pueblaenlinea.com\\\/2025\\\/nota-roja\\\/atacan-a-balazos-a-dos-hombres-cerca-del-mercado-zapata-en-puebla-uno-murio\\\/#article\",\"isPartOf\":{\"@id\":\"https:\\\/\\\/pueblaenlinea.com\\\/2025\\\/nota-roja\\\/atacan-a-balazos-a-dos-hombres-cerca-del-mercado-zapata-en-puebla-uno-murio\\\/\"},\"author\":{\"name\":\"Jazmin Cardenas\",\"@id\":\"https:\\\/\\\/pueblaenlinea.com\\\/2025\\\/#\\\/schema\\\/person\\\/21ecc830e083be84dbddd9a05208834f\"},\"headline\":\"Atacan a balazos a dos hombres cerca del Mercado Zapata en Puebla; uno muri\u00f3\",\"datePublished\":\"2026-09-03T13:02:37+00:00\",\"dateModified\":\"2026-09-03T15:48:18+00:00\",\"mainEntityOfPage\":{\"@id\":\"https:\\\/\\\/pueblaenlinea.com\\\/2025\\\/nota-roja\\\/atacan-a-balazos-a-dos-hombres-cerca-del-mercado-zapata-en-puebla-uno-murio\\\/\"},\"wordCount\":552,\"image\":{\"@id\":\"https:\\\/\\\/pueblaenlinea.com\\\/2025\\\/nota-roja\\\/atacan-a-balazos-a-dos-hombres-cerca-del-mercado-zapata-en-puebla-uno-murio\\\/#primaryimage\"},\"thumbnailUrl\":\"https:\\\/\\\/pueblaenlinea.com\\\/2025\\\/wp-content\\\/uploads\\\/2026\\\/09\\\/hombremuerto.jpg\",\"keywords\":[\"asesinato puebla\"],\"articleSection\":[\"Nota Roja\"],\"inLanguage\":\"es\"},{\"@type\":\"WebPage\",\"@id\":\"https:\\\/\\\/pueblaenlinea.com\\\/2025\\\/nota-roja\\\/atacan-a-balazos-a-dos-hombres-cerca-del-mercado-zapata-en-puebla-uno-murio\\\/\",\"url\":\"https:\\\/\\\/pueblaenlinea.com\\\/2025\\\/nota-roja\\\/atacan-a-balazos-a-dos-hombres-cerca-del-mercado-zapata-en-puebla-uno-murio\\\/\",\"name\":\"Atacan a balazos a dos hombres cerca del Mercado Zapata en Puebla; uno muri\u00f3 - Puebla En Linea\",\"isPartOf\":{\"@id\":\"https:\\\/\\\/pueblaenlinea.com\\\/2025\\\/#website\"},\"primaryImageOfPage\":{\"@id\":\"https:\\\/\\\/pueblaenlinea.com\\\/2025\\\/nota-roja\\\/atacan-a-balazos-a-dos-hombres-cerca-del-mercado-zapata-en-puebla-uno-murio\\\/#primaryimage\"},\"image\":{\"@id\":\"https:\\\/\\\/pueblaenlinea.com\\\/2025\\\/nota-roja\\\/atacan-a-balazos-a-dos-hombres-cerca-del-mercado-zapata-en-puebla-uno-murio\\\/#primaryimage\"},\"thumbnailUrl\":\"https:\\\/\\\/pueblaenlinea.com\\\/2025\\\/wp-content\\\/uploads\\\/2026\\\/09\\\/hombremuerto.jpg\",\"datePublished\":\"2026-09-03T13:02:37+00:00\",\"dateModified\":\"2026-09-03T15:48:18+00:00\",\"author\":{\"@id\":\"https:\\\/\\\/pueblaenlinea.com\\\/2025\\\/#\\\/schema\\\/person\\\/21ecc830e083be84dbddd9a05208834f\"},\"description\":\"Atacan a balazos a dos hombres cerca del Mercado Zapata en Puebla; uno muri\u00f3 Nota Roja\",\"breadcrumb\":{\"@id\":\"https:\\\/\\\/pueblaenlinea.com\\\/2025\\\/nota-roja\\\/atacan-a-balazos-a-dos-hombres-cerca-del-mercado-zapata-en-puebla-uno-murio\\\/#breadcrumb\"},\"inLanguage\":\"es\",\"potentialAction\":[{\"@type\":\"ReadAction\",\"target\":[\"https:\\\/\\\/pueblaenlinea.com\\\/2025\\\/nota-roja\\\/atacan-a-balazos-a-dos-hombres-cerca-del-mercado-zapata-en-puebla-uno-murio\\\/\"]}]},{\"@type\":\"ImageObject\",\"inLanguage\":\"es\",\"@id\":\"https:\\\/\\\/pueblaenlinea.com\\\/2025\\\/nota-roja\\\/atacan-a-balazos-a-dos-hombres-cerca-del-mercado-zapata-en-puebla-uno-murio\\\/#primaryimage\",\"url\":\"https:\\\/\\\/pueblaenlinea.com\\\/2025\\\/wp-content\\\/uploads\\\/2026\\\/09\\\/hombremuerto.jpg\",\"contentUrl\":\"https:\\\/\\\/pueblaenlinea.com\\\/2025\\\/wp-content\\\/uploads\\\/2026\\\/09\\\/hombremuerto.jpg\",\"width\":1200,\"height\":674},{\"@type\":\"BreadcrumbList\",\"@id\":\"https:\\\/\\\/pueblaenlinea.com\\\/2025\\\/nota-roja\\\/atacan-a-balazos-a-dos-hombres-cerca-del-mercado-zapata-en-puebla-uno-murio\\\/#breadcrumb\",\"itemListElement\":[{\"@type\":\"ListItem\",\"position\":1,\"name\":\"Inicio\",\"item\":\"https:\\\/\\\/pueblaenlinea.com\\\/2025\\\/\"},{\"@type\":\"ListItem\",\"position\":2,\"name\":\"Atacan a balazos a dos hombres cerca del Mercado Zapata en Puebla; uno muri\u00f3\"}]},{\"@type\":\"WebSite\",\"@id\":\"https:\\\/\\\/pueblaenlinea.com\\\/2025\\\/#website\",\"url\":\"https:\\\/\\\/pueblaenlinea.com\\\/2025\\\/\",\"name\":\"Puebla En Linea\",\"description\":\"noticias de puebla, periodismo serio y comprometido.\",\"potentialAction\":[{\"@type\":\"SearchAction\",\"target\":{\"@type\":\"EntryPoint\",\"urlTemplate\":\"https:\\\/\\\/pueblaenlinea.com\\\/2025\\\/?s={search_term_string}\"},\"query-input\":{\"@type\":\"PropertyValueSpecification\",\"valueRequired\":true,\"valueName\":\"search_term_string\"}}],\"inLanguage\":\"es\"},{\"@type\":\"Person\",\"@id\":\"https:\\\/\\\/pueblaenlinea.com\\\/2025\\\/#\\\/schema\\\/person\\\/21ecc830e083be84dbddd9a05208834f\",\"name\":\"Jazmin Cardenas\",\"image\":{\"@type\":\"ImageObject\",\"inLanguage\":\"es\",\"@id\":\"https:\\\/\\\/pueblaenlinea.com\\\/2025\\\/wp-content\\\/litespeed\\\/avatar\\\/9d7ab062f41a13d0af53522b39daf76f.jpg?ver=1788194722\",\"url\":\"https:\\\/\\\/pueblaenlinea.com\\\/2025\\\/wp-content\\\/litespeed\\\/avatar\\\/9d7ab062f41a13d0af53522b39daf76f.jpg?ver=1788194722\",\"contentUrl\":\"https:\\\/\\\/pueblaenlinea.com\\\/2025\\\/wp-content\\\/litespeed\\\/avatar\\\/9d7ab062f41a13d0af53522b39daf76f.jpg?ver=1788194722\",\"caption\":\"Jazmin Cardenas\"},\"url\":\"https:\\\/\\\/pueblaenlinea.com\\\/2025\\\/author\\\/jaz-pel\\\/\"}]}<\/script>\n<!-- \/ Yoast SEO plugin. -->","yoast_head_json":{"title":"Atacan a balazos a dos hombres cerca del Mercado Zapata en Puebla; uno muri\u00f3 - Puebla En Linea","description":"Atacan a balazos a dos hombres cerca del Mercado Zapata en Puebla; uno muri\u00f3 Nota Roja","robots":{"index":"index","follow":"follow","max-snippet":"max-snippet:-1","max-image-preview":"max-image-preview:large","max-video-preview":"max-video-preview:-1"},"canonical":"https:\/\/pueblaenlinea.com\/2025\/nota-roja\/atacan-a-balazos-a-dos-hombres-cerca-del-mercado-zapata-en-puebla-uno-murio\/","og_locale":"es_MX","og_type":"article","og_title":"Atacan a balazos a dos hombres cerca del Mercado Zapata en Puebla; uno muri\u00f3 - Puebla En Linea","og_description":"Atacan a balazos a dos hombres cerca del Mercado Zapata en Puebla; uno muri\u00f3 Nota Roja","og_url":"https:\/\/pueblaenlinea.com\/2025\/nota-roja\/atacan-a-balazos-a-dos-hombres-cerca-del-mercado-zapata-en-puebla-uno-murio\/","og_site_name":"Puebla En Linea","article_publisher":"https:\/\/www.facebook.com\/pueblaenlineacom","article_published_time":"2026-09-03T13:02:37+00:00","article_modified_time":"2026-09-03T15:48:18+00:00","og_image":[{"width":1200,"height":674,"url":"https:\/\/pueblaenlinea.com\/2025\/wp-content\/uploads\/2026\/09\/hombremuerto.jpg","type":"image\/jpeg"}],"author":"Jazmin Cardenas","twitter_card":"summary_large_image","twitter_misc":{"Escrito por":"Jazmin Cardenas","Tiempo de lectura":"3 minutos"},"schema":{"@context":"https:\/\/schema.org","@graph":[{"@type":"Article","@id":"https:\/\/pueblaenlinea.com\/2025\/nota-roja\/atacan-a-balazos-a-dos-hombres-cerca-del-mercado-zapata-en-puebla-uno-murio\/#article","isPartOf":{"@id":"https:\/\/pueblaenlinea.com\/2025\/nota-roja\/atacan-a-balazos-a-dos-hombres-cerca-del-mercado-zapata-en-puebla-uno-murio\/"},"author":{"name":"Jazmin Cardenas","@id":"https:\/\/pueblaenlinea.com\/2025\/#\/schema\/person\/21ecc830e083be84dbddd9a05208834f"},"headline":"Atacan a balazos a dos hombres cerca del Mercado Zapata en Puebla; uno muri\u00f3","datePublished":"2026-09-03T13:02:37+00:00","dateModified":"2026-09-03T15:48:18+00:00","mainEntityOfPage":{"@id":"https:\/\/pueblaenlinea.com\/2025\/nota-roja\/atacan-a-balazos-a-dos-hombres-cerca-del-mercado-zapata-en-puebla-uno-murio\/"},"wordCount":552,"image":{"@id":"https:\/\/pueblaenlinea.com\/2025\/nota-roja\/atacan-a-balazos-a-dos-hombres-cerca-del-mercado-zapata-en-puebla-uno-murio\/#primaryimage"},"thumbnailUrl":"https:\/\/pueblaenlinea.com\/2025\/wp-content\/uploads\/2026\/09\/hombremuerto.jpg","keywords":["asesinato puebla"],"articleSection":["Nota Roja"],"inLanguage":"es"},{"@type":"WebPage","@id":"https:\/\/pueblaenlinea.com\/2025\/nota-roja\/atacan-a-balazos-a-dos-hombres-cerca-del-mercado-zapata-en-puebla-uno-murio\/","url":"https:\/\/pueblaenlinea.com\/2025\/nota-roja\/atacan-a-balazos-a-dos-hombres-cerca-del-mercado-zapata-en-puebla-uno-murio\/","name":"Atacan a balazos a dos hombres cerca del Mercado Zapata en Puebla; uno muri\u00f3 - Puebla En Linea","isPartOf":{"@id":"https:\/\/pueblaenlinea.com\/2025\/#website"},"primaryImageOfPage":{"@id":"https:\/\/pueblaenlinea.com\/2025\/nota-roja\/atacan-a-balazos-a-dos-hombres-cerca-del-mercado-zapata-en-puebla-uno-murio\/#primaryimage"},"image":{"@id":"https:\/\/pueblaenlinea.com\/2025\/nota-roja\/atacan-a-balazos-a-dos-hombres-cerca-del-mercado-zapata-en-puebla-uno-murio\/#primaryimage"},"thumbnailUrl":"https:\/\/pueblaenlinea.com\/2025\/wp-content\/uploads\/2026\/09\/hombremuerto.jpg","datePublished":"2026-09-03T13:02:37+00:00","dateModified":"2026-09-03T15:48:18+00:00","author":{"@id":"https:\/\/pueblaenlinea.com\/2025\/#\/schema\/person\/21ecc830e083be84dbddd9a05208834f"},"description":"Atacan a balazos a dos hombres cerca del Mercado Zapata en Puebla; uno muri\u00f3 Nota Roja","breadcrumb":{"@id":"https:\/\/pueblaenlinea.com\/2025\/nota-roja\/atacan-a-balazos-a-dos-hombres-cerca-del-mercado-zapata-en-puebla-uno-murio\/#breadcrumb"},"inLanguage":"es","potentialAction":[{"@type":"ReadAction","target":["https:\/\/pueblaenlinea.com\/2025\/nota-roja\/atacan-a-balazos-a-dos-hombres-cerca-del-mercado-zapata-en-puebla-uno-murio\/"]}]},{"@type":"ImageObject","inLanguage":"es","@id":"https:\/\/pueblaenlinea.com\/2025\/nota-roja\/atacan-a-balazos-a-dos-hombres-cerca-del-mercado-zapata-en-puebla-uno-murio\/#primaryimage","url":"https:\/\/pueblaenlinea.com\/2025\/wp-content\/uploads\/2026\/09\/hombremuerto.jpg","contentUrl":"https:\/\/pueblaenlinea.com\/2025\/wp-content\/uploads\/2026\/09\/hombremuerto.jpg","width":1200,"height":674},{"@type":"BreadcrumbList","@id":"https:\/\/pueblaenlinea.com\/2025\/nota-roja\/atacan-a-balazos-a-dos-hombres-cerca-del-mercado-zapata-en-puebla-uno-murio\/#breadcrumb","itemListElement":[{"@type":"ListItem","position":1,"name":"Inicio","item":"https:\/\/pueblaenlinea.com\/2025\/"},{"@type":"ListItem","position":2,"name":"Atacan a balazos a dos hombres cerca del Mercado Zapata en Puebla; uno muri\u00f3"}]},{"@type":"WebSite","@id":"https:\/\/pueblaenlinea.com\/2025\/#website","url":"https:\/\/pueblaenlinea.com\/2025\/","name":"Puebla En Linea","description":"noticias de puebla, periodismo serio y comprometido.","potentialAction":[{"@type":"SearchAction","target":{"@type":"EntryPoint","urlTemplate":"https:\/\/pueblaenlinea.com\/2025\/?s={search_term_string}"},"query-input":{"@type":"PropertyValueSpecification","valueRequired":true,"valueName":"search_term_string"}}],"inLanguage":"es"},{"@type":"Person","@id":"https:\/\/pueblaenlinea.com\/2025\/#\/schema\/person\/21ecc830e083be84dbddd9a05208834f","name":"Jazmin Cardenas","image":{"@type":"ImageObject","inLanguage":"es","@id":"https:\/\/pueblaenlinea.com\/2025\/wp-content\/litespeed\/avatar\/9d7ab062f41a13d0af53522b39daf76f.jpg?ver=1788194722","url":"https:\/\/pueblaenlinea.com\/2025\/wp-content\/litespeed\/avatar\/9d7ab062f41a13d0af53522b39daf76f.jpg?ver=1788194722","contentUrl":"https:\/\/pueblaenlinea.com\/2025\/wp-content\/litespeed\/avatar\/9d7ab062f41a13d0af53522b39daf76f.jpg?ver=1788194722","caption":"Jazmin Cardenas"},"url":"https:\/\/pueblaenlinea.com\/2025\/author\/jaz-pel\/"}]}},"_links":{"self":[{"href":"https:\/\/pueblaenlinea.com\/2025\/wp-json\/wp\/v2\/posts\/134804","targetHints":{"allow":["GET"]}}],"collection":[{"href":"https:\/\/pueblaenlinea.com\/2025\/wp-json\/wp\/v2\/posts"}],"about":[{"href":"https:\/\/pueblaenlinea.com\/2025\/wp-json\/wp\/v2\/types\/post"}],"author":[{"embeddable":true,"href":"https:\/\/pueblaenlinea.com\/2025\/wp-json\/wp\/v2\/users\/10"}],"replies":[{"embeddable":true,"href":"https:\/\/pueblaenlinea.com\/2025\/wp-json\/wp\/v2\/comments?post=134804"}],"version-history":[{"count":0,"href":"https:\/\/pueblaenlinea.com\/2025\/wp-json\/wp\/v2\/posts\/134804\/revisions"}],"wp:featuredmedia":[{"embeddable":true,"href":"https:\/\/pueblaenlinea.com\/2025\/wp-json\/wp\/v2\/media\/134805"}],"wp:attachment":[{"href":"https:\/\/pueblaenlinea.com\/2025\/wp-json\/wp\/v2\/media?parent=134804"}],"wp:term":[{"taxonomy":"category","embeddable":true,"href":"https:\/\/pueblaenlinea.com\/2025\/wp-json\/wp\/v2\/categories?post=134804"},{"taxonomy":"post_tag","embeddable":true,"href":"https:\/\/pueblaenlinea.com\/2025\/wp-json\/wp\/v2\/tags?post=134804"}],"curies":[{"name":"wp","href":"https:\/\/api.w.org\/{rel}","templated":true}]}}