{"id":134798,"date":"2026-09-02T19:54:56","date_gmt":"2026-09-03T01:54:56","guid":{"rendered":"https:\/\/pueblaenlinea.com\/2025\/?p=134798"},"modified":"2026-09-02T19:54:57","modified_gmt":"2026-09-03T01:54:57","slug":"bebe-de-un-ano-muere-ahogado-tras-caer-a-una-tina-con-agua-en-tehuacan-puebla","status":"publish","type":"post","link":"https:\/\/pueblaenlinea.com\/2025\/nota-roja\/bebe-de-un-ano-muere-ahogado-tras-caer-a-una-tina-con-agua-en-tehuacan-puebla\/","title":{"rendered":"Beb\u00e9 de un a\u00f1o muere ahogado tras caer a una tina con agua en Tehuac\u00e1n, Puebla"},"content":{"rendered":"\n<p class=\"wp-block-paragraph\">Lo que comenz\u00f3 como una tarde cualquiera termin\u00f3 en tragedia en un domicilio de la colonia Vista Hermosa, en Tehuac\u00e1n. Un ni\u00f1o de apenas un a\u00f1o de edad muri\u00f3 ahogado despu\u00e9s de caer accidentalmente a una tina con agua mientras se encontraba jugando en el patio de su vivienda.<\/p>\n\n\n\n<p class=\"wp-block-paragraph\">El accidente ocurri\u00f3 durante la tarde de este mi\u00e9rcoles 2 de septiembre de 2026, en un inmueble ubicado en la calle L\u00e1zaro C\u00e1rdenas, esquina con Juan de la Barrera.<\/p>\n\n\n\n<p class=\"wp-block-paragraph\">De acuerdo con los primeros reportes, el menor estaba bajo el cuidado de una de sus t\u00edas. En un momento dej\u00f3 de verlo y comenz\u00f3 a buscarlo por el domicilio.<\/p>\n\n\n\n<p class=\"wp-block-paragraph\">Fue entonces cuando lo encontr\u00f3 inconsciente dentro de una tina met\u00e1lica.<\/p>\n\n\n\n<h3 class=\"wp-block-heading\"><strong>El llamado de emergencia<\/strong><\/h3>\n\n\n\n<p class=\"wp-block-paragraph\">Ante la situaci\u00f3n, familiares solicitaron ayuda al n\u00famero 911. Minutos despu\u00e9s llegaron param\u00e9dicos de la Cruz Roja, delegaci\u00f3n Tehuac\u00e1n, quienes realizaron las maniobras de valoraci\u00f3n y atenci\u00f3n correspondientes.<\/p>\n\n\n\n<p class=\"wp-block-paragraph\">Sin embargo, el esfuerzo de los socorristas no pudo cambiar el desenlace.<\/p>\n\n\n\n<p class=\"wp-block-paragraph\"><strong>Los param\u00e9dicos confirmaron que el peque\u00f1o ya no contaba con signos vitales.<\/strong><\/p>\n\n\n\n<p class=\"wp-block-paragraph\"><strong>\ud83d\udccd Lugar:<\/strong> colonia Vista Hermosa, Tehuac\u00e1n, Puebla.<br><strong>\ud83d\udcc5 Fecha:<\/strong> mi\u00e9rcoles 2 de septiembre de 2026.<br><strong>\ud83d\udc76 Edad:<\/strong> un a\u00f1o.<br><strong>\ud83d\udea8 Emergencia:<\/strong> el menor fue localizado inconsciente dentro de una tina con agua.<\/p>\n\n\n\n<p class=\"wp-block-paragraph\">Tras confirmarse el fallecimiento, elementos de la Polic\u00eda Municipal acudieron al domicilio y acordonaron el \u00e1rea para preservar el lugar.<\/p>\n\n\n\n<p class=\"wp-block-paragraph\">La escena qued\u00f3 entonces bajo resguardo mientras se esperaba la llegada del personal de la Fiscal\u00eda General del Estado de Puebla, encargado de realizar las diligencias correspondientes.<\/p>\n\n\n\n<p class=\"wp-block-paragraph\">Si quieres seguir esta y otras notas de inter\u00e9s en tiempo real, \u00fanete a nuestro canal de WhatsApp.<\/p>\n\n\n\n<h3 class=\"wp-block-heading\"><strong>La Fiscal\u00eda determinar\u00e1 las causas<\/strong><\/h3>\n\n\n\n<p class=\"wp-block-paragraph\">Posteriormente, agentes ministeriales realizaron el levantamiento del cuerpo, que fue trasladado al anfiteatro de Tehuac\u00e1n.<\/p>\n\n\n\n<p class=\"wp-block-paragraph\">Ah\u00ed se practicar\u00e1 la necropsia de ley, procedimiento que permitir\u00e1 establecer oficialmente las causas del fallecimiento.<\/p>\n\n\n\n<p class=\"wp-block-paragraph\">Por ahora, la informaci\u00f3n disponible apunta a un accidente ocurrido dentro del domicilio. Ser\u00e1n las diligencias ministeriales y los estudios forenses los que determinen con precisi\u00f3n c\u00f3mo ocurri\u00f3 la tragedia.<\/p>\n\n\n\n<h3 class=\"wp-block-heading\"><strong>Una tragedia que vuelve a poner la mirada en los accidentes infantiles<\/strong><\/h3>\n\n\n\n<p class=\"wp-block-paragraph\">En cuesti\u00f3n de minutos, un recipiente que parec\u00eda formar parte de la rutina cotidiana se convirti\u00f3 en el escenario de una tragedia familiar.<\/p>\n\n\n\n<p class=\"wp-block-paragraph\">Los accidentes dom\u00e9sticos pueden ocurrir en espacios que parecen seguros y, particularmente durante la infancia, peque\u00f1os descuidos pueden tener consecuencias irreversibles. Por ello, la supervisi\u00f3n constante y la prevenci\u00f3n adquieren un valor que muchas veces solo se dimensiona cuando ya es demasiado tarde.<\/p>\n\n\n\n<p class=\"wp-block-paragraph\"><strong>La familia enfrenta ahora una p\u00e9rdida irreparable, mientras las autoridades contin\u00faan con las diligencias para esclarecer las circunstancias del fallecimiento.<\/strong><\/p>\n\n\n\n<p class=\"wp-block-paragraph\"><strong>Reflexi\u00f3n:<\/strong> En una casa cualquiera, una tarde cualquiera, la vida puede cambiar en segundos. Detr\u00e1s de cada reporte hay una familia y una ausencia que ya no podr\u00e1 llenarse.<\/p>\n\n\n\n<p class=\"wp-block-paragraph\"><strong>Escrito por Redacci\u00f3n Puebla En L\u00ednea<\/strong><\/p>\n\n\n\n<h3 class=\"wp-block-heading\"><\/h3>\n\n\n\n<ol start=\"1\" class=\"wp-block-list\">\n<li><strong>Tragedia en Tehuac\u00e1n: beb\u00e9 de un a\u00f1o muere tras caer a una tina con agua<\/strong><\/li>\n\n\n\n<li><strong>Una tarde termin\u00f3 en tragedia: ni\u00f1o de un a\u00f1o muere ahogado en Tehuac\u00e1n<\/strong><\/li>\n\n\n\n<li><strong>Tehuac\u00e1n: encuentran inconsciente a un beb\u00e9 dentro de una tina; param\u00e9dicos confirman su muerte<\/strong><\/li>\n\n\n\n<li><strong>\u00bfQu\u00e9 pas\u00f3 en Vista Hermosa? Beb\u00e9 de un a\u00f1o pierde la vida tras accidente en casa<\/strong><\/li>\n\n\n\n<li><strong>Alerta por accidentes dom\u00e9sticos: beb\u00e9 muere ahogado en domicilio de Tehuac\u00e1n<\/strong><\/li>\n<\/ol>\n","protected":false},"excerpt":{"rendered":"<p>Lo que comenz\u00f3 como una tarde cualquiera termin\u00f3 en tragedia en un domicilio de la colonia Vista Hermosa, en Tehuac\u00e1n. Un ni\u00f1o de apenas un a\u00f1o de edad muri\u00f3 ahogado despu\u00e9s de caer accidentalmente a una tina con agua mientras se encontraba jugando en el patio de su vivienda. El accidente ocurri\u00f3 durante la tarde&#8230;<\/p>\n","protected":false},"author":9,"featured_media":134799,"comment_status":"closed","ping_status":"closed","sticky":false,"template":"","format":"standard","meta":{"footnotes":""},"categories":[24],"tags":[1401],"class_list":["post-134798","post","type-post","status-publish","format-standard","has-post-thumbnail","hentry","category-nota-roja","tag-asesinato-puebla"],"yoast_head":"<!-- This site is optimized with the Yoast SEO plugin v28.4 - https:\/\/yoast.com\/product\/yoast-seo-wordpress\/ -->\n<title>Beb\u00e9 de un a\u00f1o muere ahogado tras caer a una tina con agua en Tehuac\u00e1n, Puebla - Puebla En Linea<\/title>\n<meta name=\"description\" content=\"Beb\u00e9 de un a\u00f1o muere ahogado tras caer a una tina con agua en Tehuac\u00e1n, Puebla Nota Roja\" \/>\n<meta name=\"robots\" content=\"index, follow, max-snippet:-1, max-image-preview:large, max-video-preview:-1\" \/>\n<link rel=\"canonical\" href=\"https:\/\/pueblaenlinea.com\/2025\/nota-roja\/bebe-de-un-ano-muere-ahogado-tras-caer-a-una-tina-con-agua-en-tehuacan-puebla\/\" \/>\n<meta property=\"og:locale\" content=\"es_MX\" \/>\n<meta property=\"og:type\" content=\"article\" \/>\n<meta property=\"og:title\" content=\"Beb\u00e9 de un a\u00f1o muere ahogado tras caer a una tina con agua en Tehuac\u00e1n, Puebla - Puebla En Linea\" \/>\n<meta property=\"og:description\" content=\"Beb\u00e9 de un a\u00f1o muere ahogado tras caer a una tina con agua en Tehuac\u00e1n, Puebla Nota Roja\" \/>\n<meta property=\"og:url\" content=\"https:\/\/pueblaenlinea.com\/2025\/nota-roja\/bebe-de-un-ano-muere-ahogado-tras-caer-a-una-tina-con-agua-en-tehuacan-puebla\/\" \/>\n<meta property=\"og:site_name\" content=\"Puebla En Linea\" \/>\n<meta property=\"article:publisher\" content=\"https:\/\/www.facebook.com\/pueblaenlineacom\" \/>\n<meta property=\"article:published_time\" content=\"2026-09-03T01:54:56+00:00\" \/>\n<meta property=\"article:modified_time\" content=\"2026-09-03T01:54:57+00:00\" \/>\n<meta property=\"og:image\" content=\"https:\/\/pueblaenlinea.com\/2025\/wp-content\/uploads\/2026\/09\/ninotehuacan.jpg\" \/>\n\t<meta property=\"og:image:width\" content=\"1200\" \/>\n\t<meta property=\"og:image:height\" content=\"674\" \/>\n\t<meta property=\"og:image:type\" content=\"image\/jpeg\" \/>\n<meta name=\"author\" content=\"lupita Puebla en linea\" \/>\n<meta name=\"twitter:card\" content=\"summary_large_image\" \/>\n<meta name=\"twitter:label1\" content=\"Escrito por\" \/>\n\t<meta name=\"twitter:data1\" content=\"lupita Puebla en linea\" \/>\n\t<meta name=\"twitter:label2\" content=\"Tiempo de lectura\" \/>\n\t<meta name=\"twitter:data2\" content=\"3 minutos\" \/>\n<script type=\"application\/ld+json\" class=\"yoast-schema-graph\">{\"@context\":\"https:\\\/\\\/schema.org\",\"@graph\":[{\"@type\":\"Article\",\"@id\":\"https:\\\/\\\/pueblaenlinea.com\\\/2025\\\/nota-roja\\\/bebe-de-un-ano-muere-ahogado-tras-caer-a-una-tina-con-agua-en-tehuacan-puebla\\\/#article\",\"isPartOf\":{\"@id\":\"https:\\\/\\\/pueblaenlinea.com\\\/2025\\\/nota-roja\\\/bebe-de-un-ano-muere-ahogado-tras-caer-a-una-tina-con-agua-en-tehuacan-puebla\\\/\"},\"author\":{\"name\":\"lupita Puebla en linea\",\"@id\":\"https:\\\/\\\/pueblaenlinea.com\\\/2025\\\/#\\\/schema\\\/person\\\/2baf91de3092c7d50fb754a48f084d7f\"},\"headline\":\"Beb\u00e9 de un a\u00f1o muere ahogado tras caer a una tina con agua en Tehuac\u00e1n, Puebla\",\"datePublished\":\"2026-09-03T01:54:56+00:00\",\"dateModified\":\"2026-09-03T01:54:57+00:00\",\"mainEntityOfPage\":{\"@id\":\"https:\\\/\\\/pueblaenlinea.com\\\/2025\\\/nota-roja\\\/bebe-de-un-ano-muere-ahogado-tras-caer-a-una-tina-con-agua-en-tehuacan-puebla\\\/\"},\"wordCount\":602,\"image\":{\"@id\":\"https:\\\/\\\/pueblaenlinea.com\\\/2025\\\/nota-roja\\\/bebe-de-un-ano-muere-ahogado-tras-caer-a-una-tina-con-agua-en-tehuacan-puebla\\\/#primaryimage\"},\"thumbnailUrl\":\"https:\\\/\\\/pueblaenlinea.com\\\/2025\\\/wp-content\\\/uploads\\\/2026\\\/09\\\/ninotehuacan.jpg\",\"keywords\":[\"asesinato puebla\"],\"articleSection\":[\"Nota Roja\"],\"inLanguage\":\"es\"},{\"@type\":\"WebPage\",\"@id\":\"https:\\\/\\\/pueblaenlinea.com\\\/2025\\\/nota-roja\\\/bebe-de-un-ano-muere-ahogado-tras-caer-a-una-tina-con-agua-en-tehuacan-puebla\\\/\",\"url\":\"https:\\\/\\\/pueblaenlinea.com\\\/2025\\\/nota-roja\\\/bebe-de-un-ano-muere-ahogado-tras-caer-a-una-tina-con-agua-en-tehuacan-puebla\\\/\",\"name\":\"Beb\u00e9 de un a\u00f1o muere ahogado tras caer a una tina con agua en Tehuac\u00e1n, Puebla - Puebla En Linea\",\"isPartOf\":{\"@id\":\"https:\\\/\\\/pueblaenlinea.com\\\/2025\\\/#website\"},\"primaryImageOfPage\":{\"@id\":\"https:\\\/\\\/pueblaenlinea.com\\\/2025\\\/nota-roja\\\/bebe-de-un-ano-muere-ahogado-tras-caer-a-una-tina-con-agua-en-tehuacan-puebla\\\/#primaryimage\"},\"image\":{\"@id\":\"https:\\\/\\\/pueblaenlinea.com\\\/2025\\\/nota-roja\\\/bebe-de-un-ano-muere-ahogado-tras-caer-a-una-tina-con-agua-en-tehuacan-puebla\\\/#primaryimage\"},\"thumbnailUrl\":\"https:\\\/\\\/pueblaenlinea.com\\\/2025\\\/wp-content\\\/uploads\\\/2026\\\/09\\\/ninotehuacan.jpg\",\"datePublished\":\"2026-09-03T01:54:56+00:00\",\"dateModified\":\"2026-09-03T01:54:57+00:00\",\"author\":{\"@id\":\"https:\\\/\\\/pueblaenlinea.com\\\/2025\\\/#\\\/schema\\\/person\\\/2baf91de3092c7d50fb754a48f084d7f\"},\"description\":\"Beb\u00e9 de un a\u00f1o muere ahogado tras caer a una tina con agua en Tehuac\u00e1n, Puebla Nota Roja\",\"breadcrumb\":{\"@id\":\"https:\\\/\\\/pueblaenlinea.com\\\/2025\\\/nota-roja\\\/bebe-de-un-ano-muere-ahogado-tras-caer-a-una-tina-con-agua-en-tehuacan-puebla\\\/#breadcrumb\"},\"inLanguage\":\"es\",\"potentialAction\":[{\"@type\":\"ReadAction\",\"target\":[\"https:\\\/\\\/pueblaenlinea.com\\\/2025\\\/nota-roja\\\/bebe-de-un-ano-muere-ahogado-tras-caer-a-una-tina-con-agua-en-tehuacan-puebla\\\/\"]}]},{\"@type\":\"ImageObject\",\"inLanguage\":\"es\",\"@id\":\"https:\\\/\\\/pueblaenlinea.com\\\/2025\\\/nota-roja\\\/bebe-de-un-ano-muere-ahogado-tras-caer-a-una-tina-con-agua-en-tehuacan-puebla\\\/#primaryimage\",\"url\":\"https:\\\/\\\/pueblaenlinea.com\\\/2025\\\/wp-content\\\/uploads\\\/2026\\\/09\\\/ninotehuacan.jpg\",\"contentUrl\":\"https:\\\/\\\/pueblaenlinea.com\\\/2025\\\/wp-content\\\/uploads\\\/2026\\\/09\\\/ninotehuacan.jpg\",\"width\":1200,\"height\":674},{\"@type\":\"BreadcrumbList\",\"@id\":\"https:\\\/\\\/pueblaenlinea.com\\\/2025\\\/nota-roja\\\/bebe-de-un-ano-muere-ahogado-tras-caer-a-una-tina-con-agua-en-tehuacan-puebla\\\/#breadcrumb\",\"itemListElement\":[{\"@type\":\"ListItem\",\"position\":1,\"name\":\"Inicio\",\"item\":\"https:\\\/\\\/pueblaenlinea.com\\\/2025\\\/\"},{\"@type\":\"ListItem\",\"position\":2,\"name\":\"Beb\u00e9 de un a\u00f1o muere ahogado tras caer a una tina con agua en Tehuac\u00e1n, Puebla\"}]},{\"@type\":\"WebSite\",\"@id\":\"https:\\\/\\\/pueblaenlinea.com\\\/2025\\\/#website\",\"url\":\"https:\\\/\\\/pueblaenlinea.com\\\/2025\\\/\",\"name\":\"Puebla En Linea\",\"description\":\"noticias de puebla, periodismo serio y comprometido.\",\"potentialAction\":[{\"@type\":\"SearchAction\",\"target\":{\"@type\":\"EntryPoint\",\"urlTemplate\":\"https:\\\/\\\/pueblaenlinea.com\\\/2025\\\/?s={search_term_string}\"},\"query-input\":{\"@type\":\"PropertyValueSpecification\",\"valueRequired\":true,\"valueName\":\"search_term_string\"}}],\"inLanguage\":\"es\"},{\"@type\":\"Person\",\"@id\":\"https:\\\/\\\/pueblaenlinea.com\\\/2025\\\/#\\\/schema\\\/person\\\/2baf91de3092c7d50fb754a48f084d7f\",\"name\":\"lupita Puebla en linea\",\"image\":{\"@type\":\"ImageObject\",\"inLanguage\":\"es\",\"@id\":\"https:\\\/\\\/pueblaenlinea.com\\\/2025\\\/wp-content\\\/litespeed\\\/avatar\\\/c3bdb4b8e42693060df9dbf8c3f9c41d.jpg?ver=1788290860\",\"url\":\"https:\\\/\\\/pueblaenlinea.com\\\/2025\\\/wp-content\\\/litespeed\\\/avatar\\\/c3bdb4b8e42693060df9dbf8c3f9c41d.jpg?ver=1788290860\",\"contentUrl\":\"https:\\\/\\\/pueblaenlinea.com\\\/2025\\\/wp-content\\\/litespeed\\\/avatar\\\/c3bdb4b8e42693060df9dbf8c3f9c41d.jpg?ver=1788290860\",\"caption\":\"lupita Puebla en linea\"},\"url\":\"https:\\\/\\\/pueblaenlinea.com\\\/2025\\\/author\\\/lupita\\\/\"}]}<\/script>\n<!-- \/ Yoast SEO plugin. -->","yoast_head_json":{"title":"Beb\u00e9 de un a\u00f1o muere ahogado tras caer a una tina con agua en Tehuac\u00e1n, Puebla - Puebla En Linea","description":"Beb\u00e9 de un a\u00f1o muere ahogado tras caer a una tina con agua en Tehuac\u00e1n, Puebla Nota Roja","robots":{"index":"index","follow":"follow","max-snippet":"max-snippet:-1","max-image-preview":"max-image-preview:large","max-video-preview":"max-video-preview:-1"},"canonical":"https:\/\/pueblaenlinea.com\/2025\/nota-roja\/bebe-de-un-ano-muere-ahogado-tras-caer-a-una-tina-con-agua-en-tehuacan-puebla\/","og_locale":"es_MX","og_type":"article","og_title":"Beb\u00e9 de un a\u00f1o muere ahogado tras caer a una tina con agua en Tehuac\u00e1n, Puebla - Puebla En Linea","og_description":"Beb\u00e9 de un a\u00f1o muere ahogado tras caer a una tina con agua en Tehuac\u00e1n, Puebla Nota Roja","og_url":"https:\/\/pueblaenlinea.com\/2025\/nota-roja\/bebe-de-un-ano-muere-ahogado-tras-caer-a-una-tina-con-agua-en-tehuacan-puebla\/","og_site_name":"Puebla En Linea","article_publisher":"https:\/\/www.facebook.com\/pueblaenlineacom","article_published_time":"2026-09-03T01:54:56+00:00","article_modified_time":"2026-09-03T01:54:57+00:00","og_image":[{"width":1200,"height":674,"url":"https:\/\/pueblaenlinea.com\/2025\/wp-content\/uploads\/2026\/09\/ninotehuacan.jpg","type":"image\/jpeg"}],"author":"lupita Puebla en linea","twitter_card":"summary_large_image","twitter_misc":{"Escrito por":"lupita Puebla en linea","Tiempo de lectura":"3 minutos"},"schema":{"@context":"https:\/\/schema.org","@graph":[{"@type":"Article","@id":"https:\/\/pueblaenlinea.com\/2025\/nota-roja\/bebe-de-un-ano-muere-ahogado-tras-caer-a-una-tina-con-agua-en-tehuacan-puebla\/#article","isPartOf":{"@id":"https:\/\/pueblaenlinea.com\/2025\/nota-roja\/bebe-de-un-ano-muere-ahogado-tras-caer-a-una-tina-con-agua-en-tehuacan-puebla\/"},"author":{"name":"lupita Puebla en linea","@id":"https:\/\/pueblaenlinea.com\/2025\/#\/schema\/person\/2baf91de3092c7d50fb754a48f084d7f"},"headline":"Beb\u00e9 de un a\u00f1o muere ahogado tras caer a una tina con agua en Tehuac\u00e1n, Puebla","datePublished":"2026-09-03T01:54:56+00:00","dateModified":"2026-09-03T01:54:57+00:00","mainEntityOfPage":{"@id":"https:\/\/pueblaenlinea.com\/2025\/nota-roja\/bebe-de-un-ano-muere-ahogado-tras-caer-a-una-tina-con-agua-en-tehuacan-puebla\/"},"wordCount":602,"image":{"@id":"https:\/\/pueblaenlinea.com\/2025\/nota-roja\/bebe-de-un-ano-muere-ahogado-tras-caer-a-una-tina-con-agua-en-tehuacan-puebla\/#primaryimage"},"thumbnailUrl":"https:\/\/pueblaenlinea.com\/2025\/wp-content\/uploads\/2026\/09\/ninotehuacan.jpg","keywords":["asesinato puebla"],"articleSection":["Nota Roja"],"inLanguage":"es"},{"@type":"WebPage","@id":"https:\/\/pueblaenlinea.com\/2025\/nota-roja\/bebe-de-un-ano-muere-ahogado-tras-caer-a-una-tina-con-agua-en-tehuacan-puebla\/","url":"https:\/\/pueblaenlinea.com\/2025\/nota-roja\/bebe-de-un-ano-muere-ahogado-tras-caer-a-una-tina-con-agua-en-tehuacan-puebla\/","name":"Beb\u00e9 de un a\u00f1o muere ahogado tras caer a una tina con agua en Tehuac\u00e1n, Puebla - Puebla En Linea","isPartOf":{"@id":"https:\/\/pueblaenlinea.com\/2025\/#website"},"primaryImageOfPage":{"@id":"https:\/\/pueblaenlinea.com\/2025\/nota-roja\/bebe-de-un-ano-muere-ahogado-tras-caer-a-una-tina-con-agua-en-tehuacan-puebla\/#primaryimage"},"image":{"@id":"https:\/\/pueblaenlinea.com\/2025\/nota-roja\/bebe-de-un-ano-muere-ahogado-tras-caer-a-una-tina-con-agua-en-tehuacan-puebla\/#primaryimage"},"thumbnailUrl":"https:\/\/pueblaenlinea.com\/2025\/wp-content\/uploads\/2026\/09\/ninotehuacan.jpg","datePublished":"2026-09-03T01:54:56+00:00","dateModified":"2026-09-03T01:54:57+00:00","author":{"@id":"https:\/\/pueblaenlinea.com\/2025\/#\/schema\/person\/2baf91de3092c7d50fb754a48f084d7f"},"description":"Beb\u00e9 de un a\u00f1o muere ahogado tras caer a una tina con agua en Tehuac\u00e1n, Puebla Nota Roja","breadcrumb":{"@id":"https:\/\/pueblaenlinea.com\/2025\/nota-roja\/bebe-de-un-ano-muere-ahogado-tras-caer-a-una-tina-con-agua-en-tehuacan-puebla\/#breadcrumb"},"inLanguage":"es","potentialAction":[{"@type":"ReadAction","target":["https:\/\/pueblaenlinea.com\/2025\/nota-roja\/bebe-de-un-ano-muere-ahogado-tras-caer-a-una-tina-con-agua-en-tehuacan-puebla\/"]}]},{"@type":"ImageObject","inLanguage":"es","@id":"https:\/\/pueblaenlinea.com\/2025\/nota-roja\/bebe-de-un-ano-muere-ahogado-tras-caer-a-una-tina-con-agua-en-tehuacan-puebla\/#primaryimage","url":"https:\/\/pueblaenlinea.com\/2025\/wp-content\/uploads\/2026\/09\/ninotehuacan.jpg","contentUrl":"https:\/\/pueblaenlinea.com\/2025\/wp-content\/uploads\/2026\/09\/ninotehuacan.jpg","width":1200,"height":674},{"@type":"BreadcrumbList","@id":"https:\/\/pueblaenlinea.com\/2025\/nota-roja\/bebe-de-un-ano-muere-ahogado-tras-caer-a-una-tina-con-agua-en-tehuacan-puebla\/#breadcrumb","itemListElement":[{"@type":"ListItem","position":1,"name":"Inicio","item":"https:\/\/pueblaenlinea.com\/2025\/"},{"@type":"ListItem","position":2,"name":"Beb\u00e9 de un a\u00f1o muere ahogado tras caer a una tina con agua en Tehuac\u00e1n, Puebla"}]},{"@type":"WebSite","@id":"https:\/\/pueblaenlinea.com\/2025\/#website","url":"https:\/\/pueblaenlinea.com\/2025\/","name":"Puebla En Linea","description":"noticias de puebla, periodismo serio y comprometido.","potentialAction":[{"@type":"SearchAction","target":{"@type":"EntryPoint","urlTemplate":"https:\/\/pueblaenlinea.com\/2025\/?s={search_term_string}"},"query-input":{"@type":"PropertyValueSpecification","valueRequired":true,"valueName":"search_term_string"}}],"inLanguage":"es"},{"@type":"Person","@id":"https:\/\/pueblaenlinea.com\/2025\/#\/schema\/person\/2baf91de3092c7d50fb754a48f084d7f","name":"lupita Puebla en linea","image":{"@type":"ImageObject","inLanguage":"es","@id":"https:\/\/pueblaenlinea.com\/2025\/wp-content\/litespeed\/avatar\/c3bdb4b8e42693060df9dbf8c3f9c41d.jpg?ver=1788290860","url":"https:\/\/pueblaenlinea.com\/2025\/wp-content\/litespeed\/avatar\/c3bdb4b8e42693060df9dbf8c3f9c41d.jpg?ver=1788290860","contentUrl":"https:\/\/pueblaenlinea.com\/2025\/wp-content\/litespeed\/avatar\/c3bdb4b8e42693060df9dbf8c3f9c41d.jpg?ver=1788290860","caption":"lupita Puebla en linea"},"url":"https:\/\/pueblaenlinea.com\/2025\/author\/lupita\/"}]}},"_links":{"self":[{"href":"https:\/\/pueblaenlinea.com\/2025\/wp-json\/wp\/v2\/posts\/134798","targetHints":{"allow":["GET"]}}],"collection":[{"href":"https:\/\/pueblaenlinea.com\/2025\/wp-json\/wp\/v2\/posts"}],"about":[{"href":"https:\/\/pueblaenlinea.com\/2025\/wp-json\/wp\/v2\/types\/post"}],"author":[{"embeddable":true,"href":"https:\/\/pueblaenlinea.com\/2025\/wp-json\/wp\/v2\/users\/9"}],"replies":[{"embeddable":true,"href":"https:\/\/pueblaenlinea.com\/2025\/wp-json\/wp\/v2\/comments?post=134798"}],"version-history":[{"count":0,"href":"https:\/\/pueblaenlinea.com\/2025\/wp-json\/wp\/v2\/posts\/134798\/revisions"}],"wp:featuredmedia":[{"embeddable":true,"href":"https:\/\/pueblaenlinea.com\/2025\/wp-json\/wp\/v2\/media\/134799"}],"wp:attachment":[{"href":"https:\/\/pueblaenlinea.com\/2025\/wp-json\/wp\/v2\/media?parent=134798"}],"wp:term":[{"taxonomy":"category","embeddable":true,"href":"https:\/\/pueblaenlinea.com\/2025\/wp-json\/wp\/v2\/categories?post=134798"},{"taxonomy":"post_tag","embeddable":true,"href":"https:\/\/pueblaenlinea.com\/2025\/wp-json\/wp\/v2\/tags?post=134798"}],"curies":[{"name":"wp","href":"https:\/\/api.w.org\/{rel}","templated":true}]}}