{"id":134793,"date":"2026-09-02T19:01:55","date_gmt":"2026-09-03T01:01:55","guid":{"rendered":"https:\/\/pueblaenlinea.com\/2025\/?p=134793"},"modified":"2026-09-02T19:01:56","modified_gmt":"2026-09-03T01:01:56","slug":"puebla-proyecta-dos-nuevos-edificios-junto-al-museo-barroco-para-crear-la-universidad-de-las-artes","status":"publish","type":"post","link":"https:\/\/pueblaenlinea.com\/2025\/puebla\/puebla-proyecta-dos-nuevos-edificios-junto-al-museo-barroco-para-crear-la-universidad-de-las-artes\/","title":{"rendered":"Puebla proyecta dos nuevos edificios junto al Museo Barroco para crear la Universidad de las Artes"},"content":{"rendered":"\n<p class=\"wp-block-paragraph\"><strong>PUEBLA, Pue.\u2014<\/strong> El entorno del Museo Internacional del Barroco cambiar\u00e1 de rostro. El gobernador <strong>Alejandro Armenta<\/strong> anunci\u00f3 el proyecto para construir <strong>dos edificios completamente sincronizados a los costados del recinto<\/strong>, que albergar\u00e1n CREARTE, la <strong>Universidad de la Creaci\u00f3n de las Artes<\/strong>.<\/p>\n\n\n\n<p class=\"wp-block-paragraph\">La propuesta busca convertir este punto de Puebla en un espacio dedicado no solo a la formaci\u00f3n art\u00edstica, sino tambi\u00e9n a la conservaci\u00f3n del patrimonio hist\u00f3rico.<\/p>\n\n\n\n<h3 class=\"wp-block-heading\">\ud83c\udfa8 Una universidad enfocada en arte y patrimonio<\/h3>\n\n\n\n<p class=\"wp-block-paragraph\">De acuerdo con lo informado por el gobernador, <strong>CREARTE<\/strong> ofrecer\u00e1 disciplinas relacionadas con las artes y con la <strong>restauraci\u00f3n de monumentos hist\u00f3ricos y arte sacro<\/strong>.<\/p>\n\n\n\n<p class=\"wp-block-paragraph\"><strong>Los puntos clave del proyecto:<\/strong><\/p>\n\n\n\n<ul class=\"wp-block-list\">\n<li>\ud83c\udfdb\ufe0f <strong>Dos edificios nuevos<\/strong> ser\u00e1n construidos a los costados del Museo Internacional Barroco.<\/li>\n\n\n\n<li>\ud83c\udfa8 Albergar\u00e1n <strong>CREARTE, Universidad de la Creaci\u00f3n de las Artes<\/strong>.<\/li>\n\n\n\n<li>\ud83d\udd8c\ufe0f La formaci\u00f3n estar\u00e1 enfocada en <strong>disciplinas art\u00edsticas<\/strong>.<\/li>\n\n\n\n<li>\u26ea Tambi\u00e9n contempla especialidades vinculadas con la <strong>restauraci\u00f3n de monumentos hist\u00f3ricos y arte sacro<\/strong>.<\/li>\n\n\n\n<li>\ud83d\udd17 Los edificios estar\u00e1n <strong>completamente sincronizados<\/strong> con el complejo del museo.<\/li>\n<\/ul>\n\n\n\n<p class=\"wp-block-paragraph\">La iniciativa plantea ampliar la funci\u00f3n del Museo Internacional del Barroco y vincular el espacio cultural con la preparaci\u00f3n de nuevas generaciones de artistas y especialistas en conservaci\u00f3n.<\/p>\n\n\n\n<p class=\"wp-block-paragraph\">M\u00e1s que levantar dos edificios, el proyecto apunta a crear un corredor donde creaci\u00f3n y preservaci\u00f3n compartan espacio. Una apuesta que resulta particularmente relevante para Puebla, una ciudad cuyo patrimonio hist\u00f3rico es tambi\u00e9n uno de sus principales activos culturales y tur\u00edsticos.<\/p>\n\n\n\n<p class=\"wp-block-paragraph\">Si quieres seguir esta y otras notas de inter\u00e9s en tiempo real, \u00fanete a nuestro canal de WhatsApp: <a href=\"https:\/\/whatsapp.com\/channel\/0029Va5CSyuEQIalZaJWpX1h\">https:\/\/whatsapp.com\/channel\/0029Va5CSyuEQIalZaJWpX1h<\/a><\/p>\n\n\n\n<p class=\"wp-block-paragraph\">Por ahora, el anuncio corresponde al proyecto presentado por el gobernador Alejandro Armenta. Quedan por conocerse detalles como <strong>el monto de inversi\u00f3n, calendario de construcci\u00f3n, capacidad acad\u00e9mica y fecha prevista para el inicio de operaciones de CREARTE<\/strong>.<\/p>\n\n\n\n<p class=\"wp-block-paragraph\">La apuesta pone sobre la mesa una idea que Puebla conoce bien: preservar el pasado no significa dejarlo quieto. Tambi\u00e9n implica formar a quienes tendr\u00e1n que cuidarlo cuando el presente ya sea historia.<\/p>\n\n\n\n<p class=\"wp-block-paragraph\"><strong>Escrito por Redacci\u00f3n Puebla En L\u00ednea<\/strong><\/p>\n\n\n\n<h3 class=\"wp-block-heading\"><\/h3>\n\n\n\n<ol start=\"1\" class=\"wp-block-list\">\n<li><strong>Puebla prepara una nueva Universidad de las Artes junto al Museo Internacional Barroco<\/strong><\/li>\n\n\n\n<li><strong>Dos edificios cambiar\u00e1n el entorno del Museo Barroco: as\u00ed ser\u00e1 CREARTE en Puebla<\/strong><\/li>\n\n\n\n<li><strong>Arte y restauraci\u00f3n tendr\u00e1n nueva casa en Puebla; anuncian CREARTE junto al Museo Barroco<\/strong><\/li>\n\n\n\n<li><strong>\u00bfQu\u00e9 habr\u00e1 junto al Museo Barroco? Alejandro Armenta anuncia dos edificios para CREARTE<\/strong><\/li>\n\n\n\n<li><strong>Puebla apuesta por formar artistas y restauradores con nueva universidad junto al Museo Barroco<\/strong><\/li>\n<\/ol>\n","protected":false},"excerpt":{"rendered":"<p>PUEBLA, Pue.\u2014 El entorno del Museo Internacional del Barroco cambiar\u00e1 de rostro. El gobernador Alejandro Armenta anunci\u00f3 el proyecto para construir dos edificios completamente sincronizados a los costados del recinto, que albergar\u00e1n CREARTE, la Universidad de la Creaci\u00f3n de las Artes. La propuesta busca convertir este punto de Puebla en un espacio dedicado no solo&#8230;<\/p>\n","protected":false},"author":9,"featured_media":134795,"comment_status":"closed","ping_status":"closed","sticky":false,"template":"","format":"standard","meta":{"footnotes":""},"categories":[2],"tags":[1386],"class_list":["post-134793","post","type-post","status-publish","format-standard","has-post-thumbnail","hentry","category-puebla","tag-puebla"],"yoast_head":"<!-- This site is optimized with the Yoast SEO plugin v28.4 - https:\/\/yoast.com\/product\/yoast-seo-wordpress\/ -->\n<title>Puebla proyecta dos nuevos edificios junto al Museo Barroco para crear la Universidad de las Artes - Puebla En Linea<\/title>\n<meta name=\"description\" content=\"Puebla proyecta dos nuevos edificios junto al Museo Barroco para crear la Universidad de las Artes Puebla\" \/>\n<meta name=\"robots\" content=\"index, follow, max-snippet:-1, max-image-preview:large, max-video-preview:-1\" \/>\n<link rel=\"canonical\" href=\"https:\/\/pueblaenlinea.com\/2025\/puebla\/puebla-proyecta-dos-nuevos-edificios-junto-al-museo-barroco-para-crear-la-universidad-de-las-artes\/\" \/>\n<meta property=\"og:locale\" content=\"es_MX\" \/>\n<meta property=\"og:type\" content=\"article\" \/>\n<meta property=\"og:title\" content=\"Puebla proyecta dos nuevos edificios junto al Museo Barroco para crear la Universidad de las Artes - Puebla En Linea\" \/>\n<meta property=\"og:description\" content=\"Puebla proyecta dos nuevos edificios junto al Museo Barroco para crear la Universidad de las Artes Puebla\" \/>\n<meta property=\"og:url\" content=\"https:\/\/pueblaenlinea.com\/2025\/puebla\/puebla-proyecta-dos-nuevos-edificios-junto-al-museo-barroco-para-crear-la-universidad-de-las-artes\/\" \/>\n<meta property=\"og:site_name\" content=\"Puebla En Linea\" \/>\n<meta property=\"article:publisher\" content=\"https:\/\/www.facebook.com\/pueblaenlineacom\" \/>\n<meta property=\"article:published_time\" content=\"2026-09-03T01:01:55+00:00\" \/>\n<meta property=\"article:modified_time\" content=\"2026-09-03T01:01:56+00:00\" \/>\n<meta property=\"og:image\" content=\"https:\/\/pueblaenlinea.com\/2025\/wp-content\/uploads\/2026\/09\/museobarroco.jpg\" \/>\n\t<meta property=\"og:image:width\" content=\"1200\" \/>\n\t<meta property=\"og:image:height\" content=\"674\" \/>\n\t<meta property=\"og:image:type\" content=\"image\/jpeg\" \/>\n<meta name=\"author\" content=\"lupita Puebla en linea\" \/>\n<meta name=\"twitter:card\" content=\"summary_large_image\" \/>\n<meta name=\"twitter:label1\" content=\"Escrito por\" \/>\n\t<meta name=\"twitter:data1\" content=\"lupita Puebla en linea\" \/>\n\t<meta name=\"twitter:label2\" content=\"Tiempo de lectura\" \/>\n\t<meta name=\"twitter:data2\" content=\"2 minutos\" \/>\n<script type=\"application\/ld+json\" class=\"yoast-schema-graph\">{\"@context\":\"https:\\\/\\\/schema.org\",\"@graph\":[{\"@type\":\"Article\",\"@id\":\"https:\\\/\\\/pueblaenlinea.com\\\/2025\\\/puebla\\\/puebla-proyecta-dos-nuevos-edificios-junto-al-museo-barroco-para-crear-la-universidad-de-las-artes\\\/#article\",\"isPartOf\":{\"@id\":\"https:\\\/\\\/pueblaenlinea.com\\\/2025\\\/puebla\\\/puebla-proyecta-dos-nuevos-edificios-junto-al-museo-barroco-para-crear-la-universidad-de-las-artes\\\/\"},\"author\":{\"name\":\"lupita Puebla en linea\",\"@id\":\"https:\\\/\\\/pueblaenlinea.com\\\/2025\\\/#\\\/schema\\\/person\\\/2baf91de3092c7d50fb754a48f084d7f\"},\"headline\":\"Puebla proyecta dos nuevos edificios junto al Museo Barroco para crear la Universidad de las Artes\",\"datePublished\":\"2026-09-03T01:01:55+00:00\",\"dateModified\":\"2026-09-03T01:01:56+00:00\",\"mainEntityOfPage\":{\"@id\":\"https:\\\/\\\/pueblaenlinea.com\\\/2025\\\/puebla\\\/puebla-proyecta-dos-nuevos-edificios-junto-al-museo-barroco-para-crear-la-universidad-de-las-artes\\\/\"},\"wordCount\":446,\"image\":{\"@id\":\"https:\\\/\\\/pueblaenlinea.com\\\/2025\\\/puebla\\\/puebla-proyecta-dos-nuevos-edificios-junto-al-museo-barroco-para-crear-la-universidad-de-las-artes\\\/#primaryimage\"},\"thumbnailUrl\":\"https:\\\/\\\/pueblaenlinea.com\\\/2025\\\/wp-content\\\/uploads\\\/2026\\\/09\\\/museobarroco.jpg\",\"keywords\":[\"Puebla\"],\"articleSection\":[\"Puebla\"],\"inLanguage\":\"es\"},{\"@type\":\"WebPage\",\"@id\":\"https:\\\/\\\/pueblaenlinea.com\\\/2025\\\/puebla\\\/puebla-proyecta-dos-nuevos-edificios-junto-al-museo-barroco-para-crear-la-universidad-de-las-artes\\\/\",\"url\":\"https:\\\/\\\/pueblaenlinea.com\\\/2025\\\/puebla\\\/puebla-proyecta-dos-nuevos-edificios-junto-al-museo-barroco-para-crear-la-universidad-de-las-artes\\\/\",\"name\":\"Puebla proyecta dos nuevos edificios junto al Museo Barroco para crear la Universidad de las Artes - Puebla En Linea\",\"isPartOf\":{\"@id\":\"https:\\\/\\\/pueblaenlinea.com\\\/2025\\\/#website\"},\"primaryImageOfPage\":{\"@id\":\"https:\\\/\\\/pueblaenlinea.com\\\/2025\\\/puebla\\\/puebla-proyecta-dos-nuevos-edificios-junto-al-museo-barroco-para-crear-la-universidad-de-las-artes\\\/#primaryimage\"},\"image\":{\"@id\":\"https:\\\/\\\/pueblaenlinea.com\\\/2025\\\/puebla\\\/puebla-proyecta-dos-nuevos-edificios-junto-al-museo-barroco-para-crear-la-universidad-de-las-artes\\\/#primaryimage\"},\"thumbnailUrl\":\"https:\\\/\\\/pueblaenlinea.com\\\/2025\\\/wp-content\\\/uploads\\\/2026\\\/09\\\/museobarroco.jpg\",\"datePublished\":\"2026-09-03T01:01:55+00:00\",\"dateModified\":\"2026-09-03T01:01:56+00:00\",\"author\":{\"@id\":\"https:\\\/\\\/pueblaenlinea.com\\\/2025\\\/#\\\/schema\\\/person\\\/2baf91de3092c7d50fb754a48f084d7f\"},\"description\":\"Puebla proyecta dos nuevos edificios junto al Museo Barroco para crear la Universidad de las Artes Puebla\",\"breadcrumb\":{\"@id\":\"https:\\\/\\\/pueblaenlinea.com\\\/2025\\\/puebla\\\/puebla-proyecta-dos-nuevos-edificios-junto-al-museo-barroco-para-crear-la-universidad-de-las-artes\\\/#breadcrumb\"},\"inLanguage\":\"es\",\"potentialAction\":[{\"@type\":\"ReadAction\",\"target\":[\"https:\\\/\\\/pueblaenlinea.com\\\/2025\\\/puebla\\\/puebla-proyecta-dos-nuevos-edificios-junto-al-museo-barroco-para-crear-la-universidad-de-las-artes\\\/\"]}]},{\"@type\":\"ImageObject\",\"inLanguage\":\"es\",\"@id\":\"https:\\\/\\\/pueblaenlinea.com\\\/2025\\\/puebla\\\/puebla-proyecta-dos-nuevos-edificios-junto-al-museo-barroco-para-crear-la-universidad-de-las-artes\\\/#primaryimage\",\"url\":\"https:\\\/\\\/pueblaenlinea.com\\\/2025\\\/wp-content\\\/uploads\\\/2026\\\/09\\\/museobarroco.jpg\",\"contentUrl\":\"https:\\\/\\\/pueblaenlinea.com\\\/2025\\\/wp-content\\\/uploads\\\/2026\\\/09\\\/museobarroco.jpg\",\"width\":1200,\"height\":674},{\"@type\":\"BreadcrumbList\",\"@id\":\"https:\\\/\\\/pueblaenlinea.com\\\/2025\\\/puebla\\\/puebla-proyecta-dos-nuevos-edificios-junto-al-museo-barroco-para-crear-la-universidad-de-las-artes\\\/#breadcrumb\",\"itemListElement\":[{\"@type\":\"ListItem\",\"position\":1,\"name\":\"Inicio\",\"item\":\"https:\\\/\\\/pueblaenlinea.com\\\/2025\\\/\"},{\"@type\":\"ListItem\",\"position\":2,\"name\":\"Puebla proyecta dos nuevos edificios junto al Museo Barroco para crear la Universidad de las Artes\"}]},{\"@type\":\"WebSite\",\"@id\":\"https:\\\/\\\/pueblaenlinea.com\\\/2025\\\/#website\",\"url\":\"https:\\\/\\\/pueblaenlinea.com\\\/2025\\\/\",\"name\":\"Puebla En Linea\",\"description\":\"noticias de puebla, periodismo serio y comprometido.\",\"potentialAction\":[{\"@type\":\"SearchAction\",\"target\":{\"@type\":\"EntryPoint\",\"urlTemplate\":\"https:\\\/\\\/pueblaenlinea.com\\\/2025\\\/?s={search_term_string}\"},\"query-input\":{\"@type\":\"PropertyValueSpecification\",\"valueRequired\":true,\"valueName\":\"search_term_string\"}}],\"inLanguage\":\"es\"},{\"@type\":\"Person\",\"@id\":\"https:\\\/\\\/pueblaenlinea.com\\\/2025\\\/#\\\/schema\\\/person\\\/2baf91de3092c7d50fb754a48f084d7f\",\"name\":\"lupita Puebla en linea\",\"image\":{\"@type\":\"ImageObject\",\"inLanguage\":\"es\",\"@id\":\"https:\\\/\\\/pueblaenlinea.com\\\/2025\\\/wp-content\\\/litespeed\\\/avatar\\\/c3bdb4b8e42693060df9dbf8c3f9c41d.jpg?ver=1788290860\",\"url\":\"https:\\\/\\\/pueblaenlinea.com\\\/2025\\\/wp-content\\\/litespeed\\\/avatar\\\/c3bdb4b8e42693060df9dbf8c3f9c41d.jpg?ver=1788290860\",\"contentUrl\":\"https:\\\/\\\/pueblaenlinea.com\\\/2025\\\/wp-content\\\/litespeed\\\/avatar\\\/c3bdb4b8e42693060df9dbf8c3f9c41d.jpg?ver=1788290860\",\"caption\":\"lupita Puebla en linea\"},\"url\":\"https:\\\/\\\/pueblaenlinea.com\\\/2025\\\/author\\\/lupita\\\/\"}]}<\/script>\n<!-- \/ Yoast SEO plugin. -->","yoast_head_json":{"title":"Puebla proyecta dos nuevos edificios junto al Museo Barroco para crear la Universidad de las Artes - Puebla En Linea","description":"Puebla proyecta dos nuevos edificios junto al Museo Barroco para crear la Universidad de las Artes Puebla","robots":{"index":"index","follow":"follow","max-snippet":"max-snippet:-1","max-image-preview":"max-image-preview:large","max-video-preview":"max-video-preview:-1"},"canonical":"https:\/\/pueblaenlinea.com\/2025\/puebla\/puebla-proyecta-dos-nuevos-edificios-junto-al-museo-barroco-para-crear-la-universidad-de-las-artes\/","og_locale":"es_MX","og_type":"article","og_title":"Puebla proyecta dos nuevos edificios junto al Museo Barroco para crear la Universidad de las Artes - Puebla En Linea","og_description":"Puebla proyecta dos nuevos edificios junto al Museo Barroco para crear la Universidad de las Artes Puebla","og_url":"https:\/\/pueblaenlinea.com\/2025\/puebla\/puebla-proyecta-dos-nuevos-edificios-junto-al-museo-barroco-para-crear-la-universidad-de-las-artes\/","og_site_name":"Puebla En Linea","article_publisher":"https:\/\/www.facebook.com\/pueblaenlineacom","article_published_time":"2026-09-03T01:01:55+00:00","article_modified_time":"2026-09-03T01:01:56+00:00","og_image":[{"width":1200,"height":674,"url":"https:\/\/pueblaenlinea.com\/2025\/wp-content\/uploads\/2026\/09\/museobarroco.jpg","type":"image\/jpeg"}],"author":"lupita Puebla en linea","twitter_card":"summary_large_image","twitter_misc":{"Escrito por":"lupita Puebla en linea","Tiempo de lectura":"2 minutos"},"schema":{"@context":"https:\/\/schema.org","@graph":[{"@type":"Article","@id":"https:\/\/pueblaenlinea.com\/2025\/puebla\/puebla-proyecta-dos-nuevos-edificios-junto-al-museo-barroco-para-crear-la-universidad-de-las-artes\/#article","isPartOf":{"@id":"https:\/\/pueblaenlinea.com\/2025\/puebla\/puebla-proyecta-dos-nuevos-edificios-junto-al-museo-barroco-para-crear-la-universidad-de-las-artes\/"},"author":{"name":"lupita Puebla en linea","@id":"https:\/\/pueblaenlinea.com\/2025\/#\/schema\/person\/2baf91de3092c7d50fb754a48f084d7f"},"headline":"Puebla proyecta dos nuevos edificios junto al Museo Barroco para crear la Universidad de las Artes","datePublished":"2026-09-03T01:01:55+00:00","dateModified":"2026-09-03T01:01:56+00:00","mainEntityOfPage":{"@id":"https:\/\/pueblaenlinea.com\/2025\/puebla\/puebla-proyecta-dos-nuevos-edificios-junto-al-museo-barroco-para-crear-la-universidad-de-las-artes\/"},"wordCount":446,"image":{"@id":"https:\/\/pueblaenlinea.com\/2025\/puebla\/puebla-proyecta-dos-nuevos-edificios-junto-al-museo-barroco-para-crear-la-universidad-de-las-artes\/#primaryimage"},"thumbnailUrl":"https:\/\/pueblaenlinea.com\/2025\/wp-content\/uploads\/2026\/09\/museobarroco.jpg","keywords":["Puebla"],"articleSection":["Puebla"],"inLanguage":"es"},{"@type":"WebPage","@id":"https:\/\/pueblaenlinea.com\/2025\/puebla\/puebla-proyecta-dos-nuevos-edificios-junto-al-museo-barroco-para-crear-la-universidad-de-las-artes\/","url":"https:\/\/pueblaenlinea.com\/2025\/puebla\/puebla-proyecta-dos-nuevos-edificios-junto-al-museo-barroco-para-crear-la-universidad-de-las-artes\/","name":"Puebla proyecta dos nuevos edificios junto al Museo Barroco para crear la Universidad de las Artes - Puebla En Linea","isPartOf":{"@id":"https:\/\/pueblaenlinea.com\/2025\/#website"},"primaryImageOfPage":{"@id":"https:\/\/pueblaenlinea.com\/2025\/puebla\/puebla-proyecta-dos-nuevos-edificios-junto-al-museo-barroco-para-crear-la-universidad-de-las-artes\/#primaryimage"},"image":{"@id":"https:\/\/pueblaenlinea.com\/2025\/puebla\/puebla-proyecta-dos-nuevos-edificios-junto-al-museo-barroco-para-crear-la-universidad-de-las-artes\/#primaryimage"},"thumbnailUrl":"https:\/\/pueblaenlinea.com\/2025\/wp-content\/uploads\/2026\/09\/museobarroco.jpg","datePublished":"2026-09-03T01:01:55+00:00","dateModified":"2026-09-03T01:01:56+00:00","author":{"@id":"https:\/\/pueblaenlinea.com\/2025\/#\/schema\/person\/2baf91de3092c7d50fb754a48f084d7f"},"description":"Puebla proyecta dos nuevos edificios junto al Museo Barroco para crear la Universidad de las Artes Puebla","breadcrumb":{"@id":"https:\/\/pueblaenlinea.com\/2025\/puebla\/puebla-proyecta-dos-nuevos-edificios-junto-al-museo-barroco-para-crear-la-universidad-de-las-artes\/#breadcrumb"},"inLanguage":"es","potentialAction":[{"@type":"ReadAction","target":["https:\/\/pueblaenlinea.com\/2025\/puebla\/puebla-proyecta-dos-nuevos-edificios-junto-al-museo-barroco-para-crear-la-universidad-de-las-artes\/"]}]},{"@type":"ImageObject","inLanguage":"es","@id":"https:\/\/pueblaenlinea.com\/2025\/puebla\/puebla-proyecta-dos-nuevos-edificios-junto-al-museo-barroco-para-crear-la-universidad-de-las-artes\/#primaryimage","url":"https:\/\/pueblaenlinea.com\/2025\/wp-content\/uploads\/2026\/09\/museobarroco.jpg","contentUrl":"https:\/\/pueblaenlinea.com\/2025\/wp-content\/uploads\/2026\/09\/museobarroco.jpg","width":1200,"height":674},{"@type":"BreadcrumbList","@id":"https:\/\/pueblaenlinea.com\/2025\/puebla\/puebla-proyecta-dos-nuevos-edificios-junto-al-museo-barroco-para-crear-la-universidad-de-las-artes\/#breadcrumb","itemListElement":[{"@type":"ListItem","position":1,"name":"Inicio","item":"https:\/\/pueblaenlinea.com\/2025\/"},{"@type":"ListItem","position":2,"name":"Puebla proyecta dos nuevos edificios junto al Museo Barroco para crear la Universidad de las Artes"}]},{"@type":"WebSite","@id":"https:\/\/pueblaenlinea.com\/2025\/#website","url":"https:\/\/pueblaenlinea.com\/2025\/","name":"Puebla En Linea","description":"noticias de puebla, periodismo serio y comprometido.","potentialAction":[{"@type":"SearchAction","target":{"@type":"EntryPoint","urlTemplate":"https:\/\/pueblaenlinea.com\/2025\/?s={search_term_string}"},"query-input":{"@type":"PropertyValueSpecification","valueRequired":true,"valueName":"search_term_string"}}],"inLanguage":"es"},{"@type":"Person","@id":"https:\/\/pueblaenlinea.com\/2025\/#\/schema\/person\/2baf91de3092c7d50fb754a48f084d7f","name":"lupita Puebla en linea","image":{"@type":"ImageObject","inLanguage":"es","@id":"https:\/\/pueblaenlinea.com\/2025\/wp-content\/litespeed\/avatar\/c3bdb4b8e42693060df9dbf8c3f9c41d.jpg?ver=1788290860","url":"https:\/\/pueblaenlinea.com\/2025\/wp-content\/litespeed\/avatar\/c3bdb4b8e42693060df9dbf8c3f9c41d.jpg?ver=1788290860","contentUrl":"https:\/\/pueblaenlinea.com\/2025\/wp-content\/litespeed\/avatar\/c3bdb4b8e42693060df9dbf8c3f9c41d.jpg?ver=1788290860","caption":"lupita Puebla en linea"},"url":"https:\/\/pueblaenlinea.com\/2025\/author\/lupita\/"}]}},"_links":{"self":[{"href":"https:\/\/pueblaenlinea.com\/2025\/wp-json\/wp\/v2\/posts\/134793","targetHints":{"allow":["GET"]}}],"collection":[{"href":"https:\/\/pueblaenlinea.com\/2025\/wp-json\/wp\/v2\/posts"}],"about":[{"href":"https:\/\/pueblaenlinea.com\/2025\/wp-json\/wp\/v2\/types\/post"}],"author":[{"embeddable":true,"href":"https:\/\/pueblaenlinea.com\/2025\/wp-json\/wp\/v2\/users\/9"}],"replies":[{"embeddable":true,"href":"https:\/\/pueblaenlinea.com\/2025\/wp-json\/wp\/v2\/comments?post=134793"}],"version-history":[{"count":0,"href":"https:\/\/pueblaenlinea.com\/2025\/wp-json\/wp\/v2\/posts\/134793\/revisions"}],"wp:featuredmedia":[{"embeddable":true,"href":"https:\/\/pueblaenlinea.com\/2025\/wp-json\/wp\/v2\/media\/134795"}],"wp:attachment":[{"href":"https:\/\/pueblaenlinea.com\/2025\/wp-json\/wp\/v2\/media?parent=134793"}],"wp:term":[{"taxonomy":"category","embeddable":true,"href":"https:\/\/pueblaenlinea.com\/2025\/wp-json\/wp\/v2\/categories?post=134793"},{"taxonomy":"post_tag","embeddable":true,"href":"https:\/\/pueblaenlinea.com\/2025\/wp-json\/wp\/v2\/tags?post=134793"}],"curies":[{"name":"wp","href":"https:\/\/api.w.org\/{rel}","templated":true}]}}