{"id":134787,"date":"2026-09-02T16:48:07","date_gmt":"2026-09-02T22:48:07","guid":{"rendered":"https:\/\/pueblaenlinea.com\/2025\/?p=134787"},"modified":"2026-09-02T16:48:07","modified_gmt":"2026-09-02T22:48:07","slug":"puebla-convierte-un-puente-en-lienzo-gobierno-de-pepe-chedraui-apuesta-por-el-arte-para-recuperar-espacios-publicos","status":"publish","type":"post","link":"https:\/\/pueblaenlinea.com\/2025\/capital\/puebla-convierte-un-puente-en-lienzo-gobierno-de-pepe-chedraui-apuesta-por-el-arte-para-recuperar-espacios-publicos\/","title":{"rendered":"Puebla convierte un puente en lienzo: Gobierno de Pepe Chedraui apuesta por el arte para recuperar espacios p\u00fablicos"},"content":{"rendered":"\n<p class=\"wp-block-paragraph\">Un puente vehicular puede ser apenas concreto, tr\u00e1fico y ruido. En Puebla, la apuesta es convertirlo tambi\u00e9n en una historia que se mire desde el camino.<\/p>\n\n\n\n<p class=\"wp-block-paragraph\">El Gobierno de la Ciudad, encabezado por el alcalde <strong>Pepe Chedraui<\/strong>, y la <strong>BUAP<\/strong> impulsan la recuperaci\u00f3n de espacios p\u00fablicos mediante el arte urbano, con la intervenci\u00f3n de un mural de gran formato a cargo del artista mexicano <strong>Teddy Kelly<\/strong>.<\/p>\n\n\n\n<p class=\"wp-block-paragraph\">La obra se realiza en el puente ubicado en la intersecci\u00f3n de <strong>14 Sur y Bulevar Capit\u00e1n Carlos Camacho Esp\u00edritu<\/strong>, un punto estrat\u00e9gico de conexi\u00f3n para miles de personas y de especial cercan\u00eda con la comunidad universitaria.<\/p>\n\n\n\n<h3 class=\"wp-block-heading\">\ud83d\udd8c\ufe0f Un puente que busca dejar de ser invisible<\/h3>\n\n\n\n<p class=\"wp-block-paragraph\">La intervenci\u00f3n forma parte de <strong>Efecto Reparo<\/strong>, proyecto que busca embellecer el entorno, recuperar espacios p\u00fablicos y generar una reflexi\u00f3n sobre la manera en que peque\u00f1as acciones pueden contribuir a reconstruir el tejido social.<\/p>\n\n\n\n<p class=\"wp-block-paragraph\">El muralista Teddy Kelly particip\u00f3 adem\u00e1s en el <strong>Foro Efecto Reparo<\/strong>, realizado dentro de las actividades de <strong>Con\u00e9ctate Emprendedor<\/strong>, iniciativa que re\u00fane a especialistas para compartir conocimientos, experiencias e ideas con emprendedores y talento poblano.<\/p>\n\n\n\n<p class=\"wp-block-paragraph\"><strong>Los datos clave:<\/strong><\/p>\n\n\n\n<ul class=\"wp-block-list\">\n<li>\ud83d\udccd <strong>Lugar:<\/strong> 14 Sur y Bulevar Capit\u00e1n Carlos Camacho Esp\u00edritu, Puebla.<\/li>\n\n\n\n<li>\ud83c\udfa8 <strong>Artista:<\/strong> muralista mexicano Teddy Kelly.<\/li>\n\n\n\n<li>\ud83c\udfdb\ufe0f <strong>Participan:<\/strong> Gobierno de la Ciudad, BUAP, Consejo de Creadores M\u00e9xico e iniciativa privada.<\/li>\n\n\n\n<li>\ud83d\udcc5 <strong>Fecha:<\/strong> 2 de septiembre de 2026.<\/li>\n\n\n\n<li>\ud83e\udd1d <strong>Objetivo:<\/strong> recuperar y embellecer el espacio p\u00fablico y fortalecer el tejido social.<\/li>\n<\/ul>\n\n\n\n<p class=\"wp-block-paragraph\">Jaime Oropeza Casas, secretario de Econom\u00eda y Turismo, destac\u00f3 que la intervenci\u00f3n es resultado del trabajo conjunto entre gobierno, universidad e iniciativa privada.<\/p>\n\n\n\n<p class=\"wp-block-paragraph\">Tambi\u00e9n se\u00f1al\u00f3 que, por instrucci\u00f3n de Pepe Chedraui, <strong>Con\u00e9ctate Emprendedor ha realizado 14 foros<\/strong>, con la participaci\u00f3n de expertas y expertos enfocados en compartir herramientas, motivaci\u00f3n y nuevas ideas para impulsar los emprendimientos.<\/p>\n\n\n\n<h3 class=\"wp-block-heading\">\ud83e\udd1d Arte, universidad y gobierno: una alianza que busca trascender<\/h3>\n\n\n\n<p class=\"wp-block-paragraph\">Luis Enrique Mena Campos, presidente del Consejo de Creadores M\u00e9xico, calific\u00f3 el proyecto como una iniciativa integral y resultado de una colaboraci\u00f3n entre distintas instituciones para contribuir a la generaci\u00f3n de espacios seguros.<\/p>\n\n\n\n<p class=\"wp-block-paragraph\">Desde la BUAP, Omar Aguirre Ibarra, Defensor de los Derechos Universitarios, se\u00f1al\u00f3 que el mural representa algo m\u00e1s que una pieza art\u00edstica: plantea la posibilidad de que <strong>la visi\u00f3n art\u00edstica, el compromiso social y las instituciones trabajen sobre un mismo territorio<\/strong>.<\/p>\n\n\n\n<p class=\"wp-block-paragraph\">La intervenci\u00f3n tiene como antecedente una <strong>carta compromiso firmada el 13 de noviembre<\/strong> entre Teddy Kelly, la BUAP y el Gobierno de la Ciudad, en el marco de Con\u00e9ctate Emprendedor y Creadores M\u00e9xico 2025.<\/p>\n\n\n\n<p class=\"wp-block-paragraph\">Si quieres seguir esta y otras notas de inter\u00e9s en tiempo real, \u00fanete a nuestro canal de WhatsApp: <a target=\"_blank\" rel=\"noopener\">https:\/\/whatsapp.com\/channel\/0029Va5CSyuEQIalZaJWpX1h<\/a><\/p>\n\n\n\n<h3 class=\"wp-block-heading\">\ud83c\udf06 \u00bfQu\u00e9 busca cambiar el mural?<\/h3>\n\n\n\n<p class=\"wp-block-paragraph\">M\u00e1s all\u00e1 del color, la iniciativa plantea una pregunta sencilla: <strong>\u00bfpuede el arte ayudar a recuperar un espacio que durante a\u00f1os fue visto \u00fanicamente como parte de la infraestructura urbana?<\/strong><\/p>\n\n\n\n<p class=\"wp-block-paragraph\">La respuesta del proyecto es afirmativa. El Gobierno de la Ciudad sostiene que estas alianzas con la comunidad universitaria y el sector privado pueden convertirse en herramientas para recuperar espacios y generar entornos que tengan una relaci\u00f3n distinta con quienes los transitan.<\/p>\n\n\n\n<p class=\"wp-block-paragraph\">Porque una ciudad tambi\u00e9n se construye con aquello que decide mirar. Y a veces, un muro que antes era solamente concreto puede convertirse en una conversaci\u00f3n abierta entre quienes pasan frente a \u00e9l.<\/p>\n\n\n\n<p class=\"wp-block-paragraph\"><strong>Escrito por Redacci\u00f3n Puebla En L\u00ednea<\/strong><\/p>\n\n\n\n<h3 class=\"wp-block-heading\"><\/h3>\n\n\n\n<ol class=\"wp-block-list\">\n<li><strong>\u00bfY si un puente tambi\u00e9n pudiera contar una historia? Puebla apuesta por el arte urbano con Teddy Kelly<\/strong><\/li>\n\n\n\n<li><strong>De concreto a lienzo: as\u00ed busca Pepe Chedraui recuperar un espacio p\u00fablico de Puebla<\/strong><\/li>\n\n\n\n<li><strong>Puebla pinta su ciudad: Teddy Kelly interviene un puente en 14 Sur y Camacho Esp\u00edritu<\/strong><\/li>\n\n\n\n<li><strong>Arte para recuperar espacios: Gobierno de Puebla y BUAP impulsan el proyecto Efecto Reparo<\/strong><\/li>\n\n\n\n<li><strong>Un mural, una universidad y el gobierno: la alianza que busca cambiar la imagen de un puente en Puebla<\/strong><\/li>\n<\/ol>\n","protected":false},"excerpt":{"rendered":"<p>Un puente vehicular puede ser apenas concreto, tr\u00e1fico y ruido. En Puebla, la apuesta es convertirlo tambi\u00e9n en una historia que se mire desde el camino. El Gobierno de la Ciudad, encabezado por el alcalde Pepe Chedraui, y la BUAP impulsan la recuperaci\u00f3n de espacios p\u00fablicos mediante el arte urbano, con la intervenci\u00f3n de un&#8230;<\/p>\n","protected":false},"author":9,"featured_media":134788,"comment_status":"closed","ping_status":"closed","sticky":false,"template":"","format":"standard","meta":{"footnotes":""},"categories":[3],"tags":[1386],"class_list":["post-134787","post","type-post","status-publish","format-standard","has-post-thumbnail","hentry","category-capital","tag-puebla"],"yoast_head":"<!-- This site is optimized with the Yoast SEO plugin v28.4 - https:\/\/yoast.com\/product\/yoast-seo-wordpress\/ -->\n<title>Puebla convierte un puente en lienzo: Gobierno de Pepe Chedraui apuesta por el arte para recuperar espacios p\u00fablicos - Puebla En Linea<\/title>\n<meta name=\"description\" content=\"Puebla convierte un puente en lienzo: Gobierno de Pepe Chedraui apuesta por el arte para recuperar espacios p\u00fablicos Capital\" \/>\n<meta name=\"robots\" content=\"index, follow, max-snippet:-1, max-image-preview:large, max-video-preview:-1\" \/>\n<link rel=\"canonical\" href=\"https:\/\/pueblaenlinea.com\/2025\/capital\/puebla-convierte-un-puente-en-lienzo-gobierno-de-pepe-chedraui-apuesta-por-el-arte-para-recuperar-espacios-publicos\/\" \/>\n<meta property=\"og:locale\" content=\"es_MX\" \/>\n<meta property=\"og:type\" content=\"article\" \/>\n<meta property=\"og:title\" content=\"Puebla convierte un puente en lienzo: Gobierno de Pepe Chedraui apuesta por el arte para recuperar espacios p\u00fablicos - Puebla En Linea\" \/>\n<meta property=\"og:description\" content=\"Puebla convierte un puente en lienzo: Gobierno de Pepe Chedraui apuesta por el arte para recuperar espacios p\u00fablicos Capital\" \/>\n<meta property=\"og:url\" content=\"https:\/\/pueblaenlinea.com\/2025\/capital\/puebla-convierte-un-puente-en-lienzo-gobierno-de-pepe-chedraui-apuesta-por-el-arte-para-recuperar-espacios-publicos\/\" \/>\n<meta property=\"og:site_name\" content=\"Puebla En Linea\" \/>\n<meta property=\"article:publisher\" content=\"https:\/\/www.facebook.com\/pueblaenlineacom\" \/>\n<meta property=\"article:published_time\" content=\"2026-09-02T22:48:07+00:00\" \/>\n<meta property=\"og:image\" content=\"https:\/\/pueblaenlinea.com\/2025\/wp-content\/uploads\/2026\/09\/muralvalsequillo.jpg\" \/>\n\t<meta property=\"og:image:width\" content=\"1200\" \/>\n\t<meta property=\"og:image:height\" content=\"674\" \/>\n\t<meta property=\"og:image:type\" content=\"image\/jpeg\" \/>\n<meta name=\"author\" content=\"lupita Puebla en linea\" \/>\n<meta name=\"twitter:card\" content=\"summary_large_image\" \/>\n<meta name=\"twitter:label1\" content=\"Escrito por\" \/>\n\t<meta name=\"twitter:data1\" content=\"lupita Puebla en linea\" \/>\n\t<meta name=\"twitter:label2\" content=\"Tiempo de lectura\" \/>\n\t<meta name=\"twitter:data2\" content=\"3 minutos\" \/>\n<script type=\"application\/ld+json\" class=\"yoast-schema-graph\">{\"@context\":\"https:\\\/\\\/schema.org\",\"@graph\":[{\"@type\":\"Article\",\"@id\":\"https:\\\/\\\/pueblaenlinea.com\\\/2025\\\/capital\\\/puebla-convierte-un-puente-en-lienzo-gobierno-de-pepe-chedraui-apuesta-por-el-arte-para-recuperar-espacios-publicos\\\/#article\",\"isPartOf\":{\"@id\":\"https:\\\/\\\/pueblaenlinea.com\\\/2025\\\/capital\\\/puebla-convierte-un-puente-en-lienzo-gobierno-de-pepe-chedraui-apuesta-por-el-arte-para-recuperar-espacios-publicos\\\/\"},\"author\":{\"name\":\"lupita Puebla en linea\",\"@id\":\"https:\\\/\\\/pueblaenlinea.com\\\/2025\\\/#\\\/schema\\\/person\\\/2baf91de3092c7d50fb754a48f084d7f\"},\"headline\":\"Puebla convierte un puente en lienzo: Gobierno de Pepe Chedraui apuesta por el arte para recuperar espacios p\u00fablicos\",\"datePublished\":\"2026-09-02T22:48:07+00:00\",\"mainEntityOfPage\":{\"@id\":\"https:\\\/\\\/pueblaenlinea.com\\\/2025\\\/capital\\\/puebla-convierte-un-puente-en-lienzo-gobierno-de-pepe-chedraui-apuesta-por-el-arte-para-recuperar-espacios-publicos\\\/\"},\"wordCount\":686,\"image\":{\"@id\":\"https:\\\/\\\/pueblaenlinea.com\\\/2025\\\/capital\\\/puebla-convierte-un-puente-en-lienzo-gobierno-de-pepe-chedraui-apuesta-por-el-arte-para-recuperar-espacios-publicos\\\/#primaryimage\"},\"thumbnailUrl\":\"https:\\\/\\\/pueblaenlinea.com\\\/2025\\\/wp-content\\\/uploads\\\/2026\\\/09\\\/muralvalsequillo.jpg\",\"keywords\":[\"Puebla\"],\"articleSection\":[\"Capital\"],\"inLanguage\":\"es\"},{\"@type\":\"WebPage\",\"@id\":\"https:\\\/\\\/pueblaenlinea.com\\\/2025\\\/capital\\\/puebla-convierte-un-puente-en-lienzo-gobierno-de-pepe-chedraui-apuesta-por-el-arte-para-recuperar-espacios-publicos\\\/\",\"url\":\"https:\\\/\\\/pueblaenlinea.com\\\/2025\\\/capital\\\/puebla-convierte-un-puente-en-lienzo-gobierno-de-pepe-chedraui-apuesta-por-el-arte-para-recuperar-espacios-publicos\\\/\",\"name\":\"Puebla convierte un puente en lienzo: Gobierno de Pepe Chedraui apuesta por el arte para recuperar espacios p\u00fablicos - Puebla En Linea\",\"isPartOf\":{\"@id\":\"https:\\\/\\\/pueblaenlinea.com\\\/2025\\\/#website\"},\"primaryImageOfPage\":{\"@id\":\"https:\\\/\\\/pueblaenlinea.com\\\/2025\\\/capital\\\/puebla-convierte-un-puente-en-lienzo-gobierno-de-pepe-chedraui-apuesta-por-el-arte-para-recuperar-espacios-publicos\\\/#primaryimage\"},\"image\":{\"@id\":\"https:\\\/\\\/pueblaenlinea.com\\\/2025\\\/capital\\\/puebla-convierte-un-puente-en-lienzo-gobierno-de-pepe-chedraui-apuesta-por-el-arte-para-recuperar-espacios-publicos\\\/#primaryimage\"},\"thumbnailUrl\":\"https:\\\/\\\/pueblaenlinea.com\\\/2025\\\/wp-content\\\/uploads\\\/2026\\\/09\\\/muralvalsequillo.jpg\",\"datePublished\":\"2026-09-02T22:48:07+00:00\",\"author\":{\"@id\":\"https:\\\/\\\/pueblaenlinea.com\\\/2025\\\/#\\\/schema\\\/person\\\/2baf91de3092c7d50fb754a48f084d7f\"},\"description\":\"Puebla convierte un puente en lienzo: Gobierno de Pepe Chedraui apuesta por el arte para recuperar espacios p\u00fablicos Capital\",\"breadcrumb\":{\"@id\":\"https:\\\/\\\/pueblaenlinea.com\\\/2025\\\/capital\\\/puebla-convierte-un-puente-en-lienzo-gobierno-de-pepe-chedraui-apuesta-por-el-arte-para-recuperar-espacios-publicos\\\/#breadcrumb\"},\"inLanguage\":\"es\",\"potentialAction\":[{\"@type\":\"ReadAction\",\"target\":[\"https:\\\/\\\/pueblaenlinea.com\\\/2025\\\/capital\\\/puebla-convierte-un-puente-en-lienzo-gobierno-de-pepe-chedraui-apuesta-por-el-arte-para-recuperar-espacios-publicos\\\/\"]}]},{\"@type\":\"ImageObject\",\"inLanguage\":\"es\",\"@id\":\"https:\\\/\\\/pueblaenlinea.com\\\/2025\\\/capital\\\/puebla-convierte-un-puente-en-lienzo-gobierno-de-pepe-chedraui-apuesta-por-el-arte-para-recuperar-espacios-publicos\\\/#primaryimage\",\"url\":\"https:\\\/\\\/pueblaenlinea.com\\\/2025\\\/wp-content\\\/uploads\\\/2026\\\/09\\\/muralvalsequillo.jpg\",\"contentUrl\":\"https:\\\/\\\/pueblaenlinea.com\\\/2025\\\/wp-content\\\/uploads\\\/2026\\\/09\\\/muralvalsequillo.jpg\",\"width\":1200,\"height\":674},{\"@type\":\"BreadcrumbList\",\"@id\":\"https:\\\/\\\/pueblaenlinea.com\\\/2025\\\/capital\\\/puebla-convierte-un-puente-en-lienzo-gobierno-de-pepe-chedraui-apuesta-por-el-arte-para-recuperar-espacios-publicos\\\/#breadcrumb\",\"itemListElement\":[{\"@type\":\"ListItem\",\"position\":1,\"name\":\"Inicio\",\"item\":\"https:\\\/\\\/pueblaenlinea.com\\\/2025\\\/\"},{\"@type\":\"ListItem\",\"position\":2,\"name\":\"Puebla convierte un puente en lienzo: Gobierno de Pepe Chedraui apuesta por el arte para recuperar espacios p\u00fablicos\"}]},{\"@type\":\"WebSite\",\"@id\":\"https:\\\/\\\/pueblaenlinea.com\\\/2025\\\/#website\",\"url\":\"https:\\\/\\\/pueblaenlinea.com\\\/2025\\\/\",\"name\":\"Puebla En Linea\",\"description\":\"noticias de puebla, periodismo serio y comprometido.\",\"potentialAction\":[{\"@type\":\"SearchAction\",\"target\":{\"@type\":\"EntryPoint\",\"urlTemplate\":\"https:\\\/\\\/pueblaenlinea.com\\\/2025\\\/?s={search_term_string}\"},\"query-input\":{\"@type\":\"PropertyValueSpecification\",\"valueRequired\":true,\"valueName\":\"search_term_string\"}}],\"inLanguage\":\"es\"},{\"@type\":\"Person\",\"@id\":\"https:\\\/\\\/pueblaenlinea.com\\\/2025\\\/#\\\/schema\\\/person\\\/2baf91de3092c7d50fb754a48f084d7f\",\"name\":\"lupita Puebla en linea\",\"image\":{\"@type\":\"ImageObject\",\"inLanguage\":\"es\",\"@id\":\"https:\\\/\\\/pueblaenlinea.com\\\/2025\\\/wp-content\\\/litespeed\\\/avatar\\\/c3bdb4b8e42693060df9dbf8c3f9c41d.jpg?ver=1788290860\",\"url\":\"https:\\\/\\\/pueblaenlinea.com\\\/2025\\\/wp-content\\\/litespeed\\\/avatar\\\/c3bdb4b8e42693060df9dbf8c3f9c41d.jpg?ver=1788290860\",\"contentUrl\":\"https:\\\/\\\/pueblaenlinea.com\\\/2025\\\/wp-content\\\/litespeed\\\/avatar\\\/c3bdb4b8e42693060df9dbf8c3f9c41d.jpg?ver=1788290860\",\"caption\":\"lupita Puebla en linea\"},\"url\":\"https:\\\/\\\/pueblaenlinea.com\\\/2025\\\/author\\\/lupita\\\/\"}]}<\/script>\n<!-- \/ Yoast SEO plugin. -->","yoast_head_json":{"title":"Puebla convierte un puente en lienzo: Gobierno de Pepe Chedraui apuesta por el arte para recuperar espacios p\u00fablicos - Puebla En Linea","description":"Puebla convierte un puente en lienzo: Gobierno de Pepe Chedraui apuesta por el arte para recuperar espacios p\u00fablicos Capital","robots":{"index":"index","follow":"follow","max-snippet":"max-snippet:-1","max-image-preview":"max-image-preview:large","max-video-preview":"max-video-preview:-1"},"canonical":"https:\/\/pueblaenlinea.com\/2025\/capital\/puebla-convierte-un-puente-en-lienzo-gobierno-de-pepe-chedraui-apuesta-por-el-arte-para-recuperar-espacios-publicos\/","og_locale":"es_MX","og_type":"article","og_title":"Puebla convierte un puente en lienzo: Gobierno de Pepe Chedraui apuesta por el arte para recuperar espacios p\u00fablicos - Puebla En Linea","og_description":"Puebla convierte un puente en lienzo: Gobierno de Pepe Chedraui apuesta por el arte para recuperar espacios p\u00fablicos Capital","og_url":"https:\/\/pueblaenlinea.com\/2025\/capital\/puebla-convierte-un-puente-en-lienzo-gobierno-de-pepe-chedraui-apuesta-por-el-arte-para-recuperar-espacios-publicos\/","og_site_name":"Puebla En Linea","article_publisher":"https:\/\/www.facebook.com\/pueblaenlineacom","article_published_time":"2026-09-02T22:48:07+00:00","og_image":[{"width":1200,"height":674,"url":"https:\/\/pueblaenlinea.com\/2025\/wp-content\/uploads\/2026\/09\/muralvalsequillo.jpg","type":"image\/jpeg"}],"author":"lupita Puebla en linea","twitter_card":"summary_large_image","twitter_misc":{"Escrito por":"lupita Puebla en linea","Tiempo de lectura":"3 minutos"},"schema":{"@context":"https:\/\/schema.org","@graph":[{"@type":"Article","@id":"https:\/\/pueblaenlinea.com\/2025\/capital\/puebla-convierte-un-puente-en-lienzo-gobierno-de-pepe-chedraui-apuesta-por-el-arte-para-recuperar-espacios-publicos\/#article","isPartOf":{"@id":"https:\/\/pueblaenlinea.com\/2025\/capital\/puebla-convierte-un-puente-en-lienzo-gobierno-de-pepe-chedraui-apuesta-por-el-arte-para-recuperar-espacios-publicos\/"},"author":{"name":"lupita Puebla en linea","@id":"https:\/\/pueblaenlinea.com\/2025\/#\/schema\/person\/2baf91de3092c7d50fb754a48f084d7f"},"headline":"Puebla convierte un puente en lienzo: Gobierno de Pepe Chedraui apuesta por el arte para recuperar espacios p\u00fablicos","datePublished":"2026-09-02T22:48:07+00:00","mainEntityOfPage":{"@id":"https:\/\/pueblaenlinea.com\/2025\/capital\/puebla-convierte-un-puente-en-lienzo-gobierno-de-pepe-chedraui-apuesta-por-el-arte-para-recuperar-espacios-publicos\/"},"wordCount":686,"image":{"@id":"https:\/\/pueblaenlinea.com\/2025\/capital\/puebla-convierte-un-puente-en-lienzo-gobierno-de-pepe-chedraui-apuesta-por-el-arte-para-recuperar-espacios-publicos\/#primaryimage"},"thumbnailUrl":"https:\/\/pueblaenlinea.com\/2025\/wp-content\/uploads\/2026\/09\/muralvalsequillo.jpg","keywords":["Puebla"],"articleSection":["Capital"],"inLanguage":"es"},{"@type":"WebPage","@id":"https:\/\/pueblaenlinea.com\/2025\/capital\/puebla-convierte-un-puente-en-lienzo-gobierno-de-pepe-chedraui-apuesta-por-el-arte-para-recuperar-espacios-publicos\/","url":"https:\/\/pueblaenlinea.com\/2025\/capital\/puebla-convierte-un-puente-en-lienzo-gobierno-de-pepe-chedraui-apuesta-por-el-arte-para-recuperar-espacios-publicos\/","name":"Puebla convierte un puente en lienzo: Gobierno de Pepe Chedraui apuesta por el arte para recuperar espacios p\u00fablicos - Puebla En Linea","isPartOf":{"@id":"https:\/\/pueblaenlinea.com\/2025\/#website"},"primaryImageOfPage":{"@id":"https:\/\/pueblaenlinea.com\/2025\/capital\/puebla-convierte-un-puente-en-lienzo-gobierno-de-pepe-chedraui-apuesta-por-el-arte-para-recuperar-espacios-publicos\/#primaryimage"},"image":{"@id":"https:\/\/pueblaenlinea.com\/2025\/capital\/puebla-convierte-un-puente-en-lienzo-gobierno-de-pepe-chedraui-apuesta-por-el-arte-para-recuperar-espacios-publicos\/#primaryimage"},"thumbnailUrl":"https:\/\/pueblaenlinea.com\/2025\/wp-content\/uploads\/2026\/09\/muralvalsequillo.jpg","datePublished":"2026-09-02T22:48:07+00:00","author":{"@id":"https:\/\/pueblaenlinea.com\/2025\/#\/schema\/person\/2baf91de3092c7d50fb754a48f084d7f"},"description":"Puebla convierte un puente en lienzo: Gobierno de Pepe Chedraui apuesta por el arte para recuperar espacios p\u00fablicos Capital","breadcrumb":{"@id":"https:\/\/pueblaenlinea.com\/2025\/capital\/puebla-convierte-un-puente-en-lienzo-gobierno-de-pepe-chedraui-apuesta-por-el-arte-para-recuperar-espacios-publicos\/#breadcrumb"},"inLanguage":"es","potentialAction":[{"@type":"ReadAction","target":["https:\/\/pueblaenlinea.com\/2025\/capital\/puebla-convierte-un-puente-en-lienzo-gobierno-de-pepe-chedraui-apuesta-por-el-arte-para-recuperar-espacios-publicos\/"]}]},{"@type":"ImageObject","inLanguage":"es","@id":"https:\/\/pueblaenlinea.com\/2025\/capital\/puebla-convierte-un-puente-en-lienzo-gobierno-de-pepe-chedraui-apuesta-por-el-arte-para-recuperar-espacios-publicos\/#primaryimage","url":"https:\/\/pueblaenlinea.com\/2025\/wp-content\/uploads\/2026\/09\/muralvalsequillo.jpg","contentUrl":"https:\/\/pueblaenlinea.com\/2025\/wp-content\/uploads\/2026\/09\/muralvalsequillo.jpg","width":1200,"height":674},{"@type":"BreadcrumbList","@id":"https:\/\/pueblaenlinea.com\/2025\/capital\/puebla-convierte-un-puente-en-lienzo-gobierno-de-pepe-chedraui-apuesta-por-el-arte-para-recuperar-espacios-publicos\/#breadcrumb","itemListElement":[{"@type":"ListItem","position":1,"name":"Inicio","item":"https:\/\/pueblaenlinea.com\/2025\/"},{"@type":"ListItem","position":2,"name":"Puebla convierte un puente en lienzo: Gobierno de Pepe Chedraui apuesta por el arte para recuperar espacios p\u00fablicos"}]},{"@type":"WebSite","@id":"https:\/\/pueblaenlinea.com\/2025\/#website","url":"https:\/\/pueblaenlinea.com\/2025\/","name":"Puebla En Linea","description":"noticias de puebla, periodismo serio y comprometido.","potentialAction":[{"@type":"SearchAction","target":{"@type":"EntryPoint","urlTemplate":"https:\/\/pueblaenlinea.com\/2025\/?s={search_term_string}"},"query-input":{"@type":"PropertyValueSpecification","valueRequired":true,"valueName":"search_term_string"}}],"inLanguage":"es"},{"@type":"Person","@id":"https:\/\/pueblaenlinea.com\/2025\/#\/schema\/person\/2baf91de3092c7d50fb754a48f084d7f","name":"lupita Puebla en linea","image":{"@type":"ImageObject","inLanguage":"es","@id":"https:\/\/pueblaenlinea.com\/2025\/wp-content\/litespeed\/avatar\/c3bdb4b8e42693060df9dbf8c3f9c41d.jpg?ver=1788290860","url":"https:\/\/pueblaenlinea.com\/2025\/wp-content\/litespeed\/avatar\/c3bdb4b8e42693060df9dbf8c3f9c41d.jpg?ver=1788290860","contentUrl":"https:\/\/pueblaenlinea.com\/2025\/wp-content\/litespeed\/avatar\/c3bdb4b8e42693060df9dbf8c3f9c41d.jpg?ver=1788290860","caption":"lupita Puebla en linea"},"url":"https:\/\/pueblaenlinea.com\/2025\/author\/lupita\/"}]}},"_links":{"self":[{"href":"https:\/\/pueblaenlinea.com\/2025\/wp-json\/wp\/v2\/posts\/134787","targetHints":{"allow":["GET"]}}],"collection":[{"href":"https:\/\/pueblaenlinea.com\/2025\/wp-json\/wp\/v2\/posts"}],"about":[{"href":"https:\/\/pueblaenlinea.com\/2025\/wp-json\/wp\/v2\/types\/post"}],"author":[{"embeddable":true,"href":"https:\/\/pueblaenlinea.com\/2025\/wp-json\/wp\/v2\/users\/9"}],"replies":[{"embeddable":true,"href":"https:\/\/pueblaenlinea.com\/2025\/wp-json\/wp\/v2\/comments?post=134787"}],"version-history":[{"count":0,"href":"https:\/\/pueblaenlinea.com\/2025\/wp-json\/wp\/v2\/posts\/134787\/revisions"}],"wp:featuredmedia":[{"embeddable":true,"href":"https:\/\/pueblaenlinea.com\/2025\/wp-json\/wp\/v2\/media\/134788"}],"wp:attachment":[{"href":"https:\/\/pueblaenlinea.com\/2025\/wp-json\/wp\/v2\/media?parent=134787"}],"wp:term":[{"taxonomy":"category","embeddable":true,"href":"https:\/\/pueblaenlinea.com\/2025\/wp-json\/wp\/v2\/categories?post=134787"},{"taxonomy":"post_tag","embeddable":true,"href":"https:\/\/pueblaenlinea.com\/2025\/wp-json\/wp\/v2\/tags?post=134787"}],"curies":[{"name":"wp","href":"https:\/\/api.w.org\/{rel}","templated":true}]}}