{"id":134780,"date":"2026-09-02T14:33:06","date_gmt":"2026-09-02T20:33:06","guid":{"rendered":"https:\/\/pueblaenlinea.com\/2025\/?p=134780"},"modified":"2026-09-02T14:33:07","modified_gmt":"2026-09-02T20:33:07","slug":"asesinan-a-fundador-de-camilo-septimo-su-esposa-embarazada-y-su-hija-en-atizapan-hay-dos-detenidos","status":"publish","type":"post","link":"https:\/\/pueblaenlinea.com\/2025\/nacionales\/asesinan-a-fundador-de-camilo-septimo-su-esposa-embarazada-y-su-hija-en-atizapan-hay-dos-detenidos\/","title":{"rendered":"Asesinan a fundador de Camilo S\u00e9ptimo, su esposa embarazada y su hija en Atizap\u00e1n; hay dos detenidos"},"content":{"rendered":"\n<p class=\"wp-block-paragraph\">La tarde comenz\u00f3 con una reuni\u00f3n que Jonathan Mel\u00e9ndez Ochoa hab\u00eda previsto con un hombre de su confianza. Horas despu\u00e9s, el m\u00fasico, su esposa embarazada, su hija de tres a\u00f1os y una joven trabajadora fueron encontrados sin vida en su departamento de Atizap\u00e1n de Zaragoza, Estado de M\u00e9xico.<\/p>\n\n\n\n<p class=\"wp-block-paragraph\">El fundador y tecladista de la banda mexicana <strong>Camilo S\u00e9ptimo<\/strong> hab\u00eda advertido a un amigo que ten\u00eda problemas con su \u201csocio\u201d. Antes de reunirse con \u00e9l, le pidi\u00f3 que, si dejaba de responder llamadas y mensajes, solicitara ayuda a las autoridades.<\/p>\n\n\n\n<p class=\"wp-block-paragraph\">Esa precauci\u00f3n termin\u00f3 siendo una de las claves para descubrir el crimen.<\/p>\n\n\n\n<h3 class=\"wp-block-heading\">Los hechos ocurrieron en Grand Viure<\/h3>\n\n\n\n<p class=\"wp-block-paragraph\">El multihomicidio ocurri\u00f3 el <strong>martes 1 de septiembre<\/strong>, dentro de un departamento del fraccionamiento <strong>Grand Viure, en Bosque Esmeralda<\/strong>, una de las zonas de mayor plusval\u00eda de Atizap\u00e1n de Zaragoza.<\/p>\n\n\n\n<p class=\"wp-block-paragraph\">De acuerdo con la Fiscal\u00eda General de Justicia del Estado de M\u00e9xico (FGJEM), los hechos habr\u00edan ocurrido aproximadamente entre las <strong>17:30 y las 19:40 horas<\/strong>.<\/p>\n\n\n\n<p class=\"wp-block-paragraph\">Posteriormente, un amigo del m\u00fasico acudi\u00f3 al domicilio ante la falta de comunicaci\u00f3n y descubri\u00f3 que algo hab\u00eda ocurrido.<\/p>\n\n\n\n<p class=\"wp-block-paragraph\"><strong>Los cuerpos localizados correspond\u00edan a cuatro personas:<\/strong> Jonathan Mel\u00e9ndez Ochoa, su esposa Ana Paola, de 35 a\u00f1os y con cuatro meses de embarazo, su hija de tres a\u00f1os y Alexis, una trabajadora dom\u00e9stica de 21 a\u00f1os.<\/p>\n\n\n\n<h3 class=\"wp-block-heading\">Un ni\u00f1o de seis a\u00f1os sobrevivi\u00f3<\/h3>\n\n\n\n<p class=\"wp-block-paragraph\">En medio de la tragedia hab\u00eda un sobreviviente.<\/p>\n\n\n\n<p class=\"wp-block-paragraph\">Los cuerpos policiales escucharon el llanto de un menor y encontraron en una de las habitaciones al hijo de seis a\u00f1os de la pareja, quien aparentemente hab\u00eda logrado esconderse.<\/p>\n\n\n\n<p class=\"wp-block-paragraph\">El ni\u00f1o fue resguardado por las autoridades y, de acuerdo con los reportes iniciales, no presentaba lesiones.<\/p>\n\n\n\n<h3 class=\"wp-block-heading\">La Fiscal\u00eda se\u00f1ala a dos presuntos responsables<\/h3>\n\n\n\n<p class=\"wp-block-paragraph\">Las investigaciones apuntan a que dos hombres habr\u00edan ingresado al inmueble aprovechando la relaci\u00f3n de confianza que uno de ellos manten\u00eda con las v\u00edctimas.<\/p>\n\n\n\n<p class=\"wp-block-paragraph\">La FGJEM inform\u00f3 la detenci\u00f3n de <strong>Diego Sebasti\u00e1n \u201cN\u201d<\/strong>, identificado como socio del m\u00fasico, y <strong>Gerardo \u201cN\u201d<\/strong>, ambos investigados por su probable participaci\u00f3n en el multihomicidio.<\/p>\n\n\n\n<p class=\"wp-block-paragraph\">La hip\u00f3tesis de las autoridades sostiene que la relaci\u00f3n previa entre uno de los sospechosos y el m\u00fasico habr\u00eda facilitado el acceso al departamento.<\/p>\n\n\n\n<p class=\"wp-block-paragraph\"><strong>Dos detenidos en menos de 12 horas.<\/strong> El secretario de Seguridad y Protecci\u00f3n Ciudadana, <strong>Omar Garc\u00eda Harfuch<\/strong>, inform\u00f3 en X que la coordinaci\u00f3n entre instituciones permiti\u00f3 ubicar y detener a ambos hombres.<\/p>\n\n\n\n<blockquote class=\"wp-block-quote is-layout-flow wp-block-quote-is-layout-flow\">\n<p class=\"wp-block-paragraph\">\u201cLas instituciones actuaron de manera inmediata y coordinada\u201d, se\u00f1al\u00f3 el funcionario al confirmar que los dos probables responsables ser\u00edan puestos a disposici\u00f3n de la justicia.<\/p>\n<\/blockquote>\n\n\n\n<h3 class=\"wp-block-heading\">La investigaci\u00f3n apenas comienza<\/h3>\n\n\n\n<p class=\"wp-block-paragraph\">La Fiscal\u00eda contin\u00faa con las diligencias correspondientes para establecer con precisi\u00f3n c\u00f3mo ocurrieron los hechos y determinar la responsabilidad penal de los detenidos.<\/p>\n\n\n\n<p class=\"wp-block-paragraph\">El caso ha generado impacto no solo por la muerte del m\u00fasico, sino porque la violencia alcanz\u00f3 a su familia dentro del que hab\u00eda convertido en su hogar.<\/p>\n\n\n\n<p class=\"wp-block-paragraph\">Si quieres seguir esta y otras notas de inter\u00e9s en tiempo real, \u00fanete a nuestro canal de WhatsApp: <a href=\"https:\/\/whatsapp.com\/channel\/0029Va5CSyuEQIalZaJWpX1h\">https:\/\/whatsapp.com\/channel\/0029Va5CSyuEQIalZaJWpX1h<\/a><\/p>\n\n\n\n<p class=\"wp-block-paragraph\">En una historia as\u00ed, las cifras pierden pronto su frialdad: cuatro personas fueron asesinadas y un ni\u00f1o qued\u00f3 frente a una ausencia que ninguna investigaci\u00f3n puede reparar. La justicia deber\u00e1 establecer responsabilidades; para la familia, mientras tanto, comienza otra batalla mucho m\u00e1s \u00edntima: aprender a vivir con lo que sucedi\u00f3.<\/p>\n\n\n\n<p class=\"wp-block-paragraph\"><strong>Escrito por Redacci\u00f3n Puebla En L\u00ednea<\/strong><\/p>\n\n\n\n<h3 class=\"wp-block-heading\"><\/h3>\n\n\n\n<ol start=\"1\" class=\"wp-block-list\">\n<li><strong>Jonathan Mel\u00e9ndez, fundador de Camilo S\u00e9ptimo, fue asesinado junto con su familia en Atizap\u00e1n<\/strong><\/li>\n\n\n\n<li><strong>Tragedia para Camilo S\u00e9ptimo: asesinan a Jonathan Mel\u00e9ndez, su esposa embarazada y su hija<\/strong><\/li>\n\n\n\n<li><strong>El \u00faltimo encuentro de Jonathan Mel\u00e9ndez termin\u00f3 en tragedia; dos presuntos responsables fueron detenidos<\/strong><\/li>\n\n\n\n<li><strong>Camilo S\u00e9ptimo de luto: investigan asesinato de Jonathan Mel\u00e9ndez y su familia en Edomex<\/strong><\/li>\n\n\n\n<li><strong>Dos detenidos tras el multihomicidio del m\u00fasico Jonathan Mel\u00e9ndez y su familia en Atizap\u00e1n<\/strong><\/li>\n<\/ol>\n","protected":false},"excerpt":{"rendered":"<p>La tarde comenz\u00f3 con una reuni\u00f3n que Jonathan Mel\u00e9ndez Ochoa hab\u00eda previsto con un hombre de su confianza. Horas despu\u00e9s, el m\u00fasico, su esposa embarazada, su hija de tres a\u00f1os y una joven trabajadora fueron encontrados sin vida en su departamento de Atizap\u00e1n de Zaragoza, Estado de M\u00e9xico. El fundador y tecladista de la banda&#8230;<\/p>\n","protected":false},"author":9,"featured_media":134781,"comment_status":"closed","ping_status":"closed","sticky":false,"template":"","format":"standard","meta":{"footnotes":""},"categories":[23],"tags":[1407],"class_list":["post-134780","post","type-post","status-publish","format-standard","has-post-thumbnail","hentry","category-nacionales","tag-asesinato"],"yoast_head":"<!-- This site is optimized with the Yoast SEO plugin v28.4 - https:\/\/yoast.com\/product\/yoast-seo-wordpress\/ -->\n<title>Asesinan a fundador de Camilo S\u00e9ptimo, su esposa embarazada y su hija en Atizap\u00e1n; hay dos detenidos - Puebla En Linea<\/title>\n<meta name=\"description\" content=\"Asesinan a fundador de Camilo S\u00e9ptimo, su esposa embarazada y su hija en Atizap\u00e1n; hay dos detenidos Nacionales\" \/>\n<meta name=\"robots\" content=\"index, follow, max-snippet:-1, max-image-preview:large, max-video-preview:-1\" \/>\n<link rel=\"canonical\" href=\"https:\/\/pueblaenlinea.com\/2025\/nacionales\/asesinan-a-fundador-de-camilo-septimo-su-esposa-embarazada-y-su-hija-en-atizapan-hay-dos-detenidos\/\" \/>\n<meta property=\"og:locale\" content=\"es_MX\" \/>\n<meta property=\"og:type\" content=\"article\" \/>\n<meta property=\"og:title\" content=\"Asesinan a fundador de Camilo S\u00e9ptimo, su esposa embarazada y su hija en Atizap\u00e1n; hay dos detenidos - Puebla En Linea\" \/>\n<meta property=\"og:description\" content=\"Asesinan a fundador de Camilo S\u00e9ptimo, su esposa embarazada y su hija en Atizap\u00e1n; hay dos detenidos Nacionales\" \/>\n<meta property=\"og:url\" content=\"https:\/\/pueblaenlinea.com\/2025\/nacionales\/asesinan-a-fundador-de-camilo-septimo-su-esposa-embarazada-y-su-hija-en-atizapan-hay-dos-detenidos\/\" \/>\n<meta property=\"og:site_name\" content=\"Puebla En Linea\" \/>\n<meta property=\"article:publisher\" content=\"https:\/\/www.facebook.com\/pueblaenlineacom\" \/>\n<meta property=\"article:published_time\" content=\"2026-09-02T20:33:06+00:00\" \/>\n<meta property=\"article:modified_time\" content=\"2026-09-02T20:33:07+00:00\" \/>\n<meta property=\"og:image\" content=\"https:\/\/pueblaenlinea.com\/2025\/wp-content\/uploads\/2026\/09\/camiloseptimo.jpg\" \/>\n\t<meta property=\"og:image:width\" content=\"1200\" \/>\n\t<meta property=\"og:image:height\" content=\"674\" \/>\n\t<meta property=\"og:image:type\" content=\"image\/jpeg\" \/>\n<meta name=\"author\" content=\"lupita Puebla en linea\" \/>\n<meta name=\"twitter:card\" content=\"summary_large_image\" \/>\n<meta name=\"twitter:label1\" content=\"Escrito por\" \/>\n\t<meta name=\"twitter:data1\" content=\"lupita Puebla en linea\" \/>\n\t<meta name=\"twitter:label2\" content=\"Tiempo de lectura\" \/>\n\t<meta name=\"twitter:data2\" content=\"3 minutos\" \/>\n<script type=\"application\/ld+json\" class=\"yoast-schema-graph\">{\"@context\":\"https:\\\/\\\/schema.org\",\"@graph\":[{\"@type\":\"Article\",\"@id\":\"https:\\\/\\\/pueblaenlinea.com\\\/2025\\\/nacionales\\\/asesinan-a-fundador-de-camilo-septimo-su-esposa-embarazada-y-su-hija-en-atizapan-hay-dos-detenidos\\\/#article\",\"isPartOf\":{\"@id\":\"https:\\\/\\\/pueblaenlinea.com\\\/2025\\\/nacionales\\\/asesinan-a-fundador-de-camilo-septimo-su-esposa-embarazada-y-su-hija-en-atizapan-hay-dos-detenidos\\\/\"},\"author\":{\"name\":\"lupita Puebla en linea\",\"@id\":\"https:\\\/\\\/pueblaenlinea.com\\\/2025\\\/#\\\/schema\\\/person\\\/2baf91de3092c7d50fb754a48f084d7f\"},\"headline\":\"Asesinan a fundador de Camilo S\u00e9ptimo, su esposa embarazada y su hija en Atizap\u00e1n; hay dos detenidos\",\"datePublished\":\"2026-09-02T20:33:06+00:00\",\"dateModified\":\"2026-09-02T20:33:07+00:00\",\"mainEntityOfPage\":{\"@id\":\"https:\\\/\\\/pueblaenlinea.com\\\/2025\\\/nacionales\\\/asesinan-a-fundador-de-camilo-septimo-su-esposa-embarazada-y-su-hija-en-atizapan-hay-dos-detenidos\\\/\"},\"wordCount\":710,\"image\":{\"@id\":\"https:\\\/\\\/pueblaenlinea.com\\\/2025\\\/nacionales\\\/asesinan-a-fundador-de-camilo-septimo-su-esposa-embarazada-y-su-hija-en-atizapan-hay-dos-detenidos\\\/#primaryimage\"},\"thumbnailUrl\":\"https:\\\/\\\/pueblaenlinea.com\\\/2025\\\/wp-content\\\/uploads\\\/2026\\\/09\\\/camiloseptimo.jpg\",\"keywords\":[\"asesinato\"],\"articleSection\":[\"Nacionales\"],\"inLanguage\":\"es\"},{\"@type\":\"WebPage\",\"@id\":\"https:\\\/\\\/pueblaenlinea.com\\\/2025\\\/nacionales\\\/asesinan-a-fundador-de-camilo-septimo-su-esposa-embarazada-y-su-hija-en-atizapan-hay-dos-detenidos\\\/\",\"url\":\"https:\\\/\\\/pueblaenlinea.com\\\/2025\\\/nacionales\\\/asesinan-a-fundador-de-camilo-septimo-su-esposa-embarazada-y-su-hija-en-atizapan-hay-dos-detenidos\\\/\",\"name\":\"Asesinan a fundador de Camilo S\u00e9ptimo, su esposa embarazada y su hija en Atizap\u00e1n; hay dos detenidos - Puebla En Linea\",\"isPartOf\":{\"@id\":\"https:\\\/\\\/pueblaenlinea.com\\\/2025\\\/#website\"},\"primaryImageOfPage\":{\"@id\":\"https:\\\/\\\/pueblaenlinea.com\\\/2025\\\/nacionales\\\/asesinan-a-fundador-de-camilo-septimo-su-esposa-embarazada-y-su-hija-en-atizapan-hay-dos-detenidos\\\/#primaryimage\"},\"image\":{\"@id\":\"https:\\\/\\\/pueblaenlinea.com\\\/2025\\\/nacionales\\\/asesinan-a-fundador-de-camilo-septimo-su-esposa-embarazada-y-su-hija-en-atizapan-hay-dos-detenidos\\\/#primaryimage\"},\"thumbnailUrl\":\"https:\\\/\\\/pueblaenlinea.com\\\/2025\\\/wp-content\\\/uploads\\\/2026\\\/09\\\/camiloseptimo.jpg\",\"datePublished\":\"2026-09-02T20:33:06+00:00\",\"dateModified\":\"2026-09-02T20:33:07+00:00\",\"author\":{\"@id\":\"https:\\\/\\\/pueblaenlinea.com\\\/2025\\\/#\\\/schema\\\/person\\\/2baf91de3092c7d50fb754a48f084d7f\"},\"description\":\"Asesinan a fundador de Camilo S\u00e9ptimo, su esposa embarazada y su hija en Atizap\u00e1n; hay dos detenidos Nacionales\",\"breadcrumb\":{\"@id\":\"https:\\\/\\\/pueblaenlinea.com\\\/2025\\\/nacionales\\\/asesinan-a-fundador-de-camilo-septimo-su-esposa-embarazada-y-su-hija-en-atizapan-hay-dos-detenidos\\\/#breadcrumb\"},\"inLanguage\":\"es\",\"potentialAction\":[{\"@type\":\"ReadAction\",\"target\":[\"https:\\\/\\\/pueblaenlinea.com\\\/2025\\\/nacionales\\\/asesinan-a-fundador-de-camilo-septimo-su-esposa-embarazada-y-su-hija-en-atizapan-hay-dos-detenidos\\\/\"]}]},{\"@type\":\"ImageObject\",\"inLanguage\":\"es\",\"@id\":\"https:\\\/\\\/pueblaenlinea.com\\\/2025\\\/nacionales\\\/asesinan-a-fundador-de-camilo-septimo-su-esposa-embarazada-y-su-hija-en-atizapan-hay-dos-detenidos\\\/#primaryimage\",\"url\":\"https:\\\/\\\/pueblaenlinea.com\\\/2025\\\/wp-content\\\/uploads\\\/2026\\\/09\\\/camiloseptimo.jpg\",\"contentUrl\":\"https:\\\/\\\/pueblaenlinea.com\\\/2025\\\/wp-content\\\/uploads\\\/2026\\\/09\\\/camiloseptimo.jpg\",\"width\":1200,\"height\":674},{\"@type\":\"BreadcrumbList\",\"@id\":\"https:\\\/\\\/pueblaenlinea.com\\\/2025\\\/nacionales\\\/asesinan-a-fundador-de-camilo-septimo-su-esposa-embarazada-y-su-hija-en-atizapan-hay-dos-detenidos\\\/#breadcrumb\",\"itemListElement\":[{\"@type\":\"ListItem\",\"position\":1,\"name\":\"Inicio\",\"item\":\"https:\\\/\\\/pueblaenlinea.com\\\/2025\\\/\"},{\"@type\":\"ListItem\",\"position\":2,\"name\":\"Asesinan a fundador de Camilo S\u00e9ptimo, su esposa embarazada y su hija en Atizap\u00e1n; hay dos detenidos\"}]},{\"@type\":\"WebSite\",\"@id\":\"https:\\\/\\\/pueblaenlinea.com\\\/2025\\\/#website\",\"url\":\"https:\\\/\\\/pueblaenlinea.com\\\/2025\\\/\",\"name\":\"Puebla En Linea\",\"description\":\"noticias de puebla, periodismo serio y comprometido.\",\"potentialAction\":[{\"@type\":\"SearchAction\",\"target\":{\"@type\":\"EntryPoint\",\"urlTemplate\":\"https:\\\/\\\/pueblaenlinea.com\\\/2025\\\/?s={search_term_string}\"},\"query-input\":{\"@type\":\"PropertyValueSpecification\",\"valueRequired\":true,\"valueName\":\"search_term_string\"}}],\"inLanguage\":\"es\"},{\"@type\":\"Person\",\"@id\":\"https:\\\/\\\/pueblaenlinea.com\\\/2025\\\/#\\\/schema\\\/person\\\/2baf91de3092c7d50fb754a48f084d7f\",\"name\":\"lupita Puebla en linea\",\"image\":{\"@type\":\"ImageObject\",\"inLanguage\":\"es\",\"@id\":\"https:\\\/\\\/pueblaenlinea.com\\\/2025\\\/wp-content\\\/litespeed\\\/avatar\\\/c3bdb4b8e42693060df9dbf8c3f9c41d.jpg?ver=1788290860\",\"url\":\"https:\\\/\\\/pueblaenlinea.com\\\/2025\\\/wp-content\\\/litespeed\\\/avatar\\\/c3bdb4b8e42693060df9dbf8c3f9c41d.jpg?ver=1788290860\",\"contentUrl\":\"https:\\\/\\\/pueblaenlinea.com\\\/2025\\\/wp-content\\\/litespeed\\\/avatar\\\/c3bdb4b8e42693060df9dbf8c3f9c41d.jpg?ver=1788290860\",\"caption\":\"lupita Puebla en linea\"},\"url\":\"https:\\\/\\\/pueblaenlinea.com\\\/2025\\\/author\\\/lupita\\\/\"}]}<\/script>\n<!-- \/ Yoast SEO plugin. -->","yoast_head_json":{"title":"Asesinan a fundador de Camilo S\u00e9ptimo, su esposa embarazada y su hija en Atizap\u00e1n; hay dos detenidos - Puebla En Linea","description":"Asesinan a fundador de Camilo S\u00e9ptimo, su esposa embarazada y su hija en Atizap\u00e1n; hay dos detenidos Nacionales","robots":{"index":"index","follow":"follow","max-snippet":"max-snippet:-1","max-image-preview":"max-image-preview:large","max-video-preview":"max-video-preview:-1"},"canonical":"https:\/\/pueblaenlinea.com\/2025\/nacionales\/asesinan-a-fundador-de-camilo-septimo-su-esposa-embarazada-y-su-hija-en-atizapan-hay-dos-detenidos\/","og_locale":"es_MX","og_type":"article","og_title":"Asesinan a fundador de Camilo S\u00e9ptimo, su esposa embarazada y su hija en Atizap\u00e1n; hay dos detenidos - Puebla En Linea","og_description":"Asesinan a fundador de Camilo S\u00e9ptimo, su esposa embarazada y su hija en Atizap\u00e1n; hay dos detenidos Nacionales","og_url":"https:\/\/pueblaenlinea.com\/2025\/nacionales\/asesinan-a-fundador-de-camilo-septimo-su-esposa-embarazada-y-su-hija-en-atizapan-hay-dos-detenidos\/","og_site_name":"Puebla En Linea","article_publisher":"https:\/\/www.facebook.com\/pueblaenlineacom","article_published_time":"2026-09-02T20:33:06+00:00","article_modified_time":"2026-09-02T20:33:07+00:00","og_image":[{"width":1200,"height":674,"url":"https:\/\/pueblaenlinea.com\/2025\/wp-content\/uploads\/2026\/09\/camiloseptimo.jpg","type":"image\/jpeg"}],"author":"lupita Puebla en linea","twitter_card":"summary_large_image","twitter_misc":{"Escrito por":"lupita Puebla en linea","Tiempo de lectura":"3 minutos"},"schema":{"@context":"https:\/\/schema.org","@graph":[{"@type":"Article","@id":"https:\/\/pueblaenlinea.com\/2025\/nacionales\/asesinan-a-fundador-de-camilo-septimo-su-esposa-embarazada-y-su-hija-en-atizapan-hay-dos-detenidos\/#article","isPartOf":{"@id":"https:\/\/pueblaenlinea.com\/2025\/nacionales\/asesinan-a-fundador-de-camilo-septimo-su-esposa-embarazada-y-su-hija-en-atizapan-hay-dos-detenidos\/"},"author":{"name":"lupita Puebla en linea","@id":"https:\/\/pueblaenlinea.com\/2025\/#\/schema\/person\/2baf91de3092c7d50fb754a48f084d7f"},"headline":"Asesinan a fundador de Camilo S\u00e9ptimo, su esposa embarazada y su hija en Atizap\u00e1n; hay dos detenidos","datePublished":"2026-09-02T20:33:06+00:00","dateModified":"2026-09-02T20:33:07+00:00","mainEntityOfPage":{"@id":"https:\/\/pueblaenlinea.com\/2025\/nacionales\/asesinan-a-fundador-de-camilo-septimo-su-esposa-embarazada-y-su-hija-en-atizapan-hay-dos-detenidos\/"},"wordCount":710,"image":{"@id":"https:\/\/pueblaenlinea.com\/2025\/nacionales\/asesinan-a-fundador-de-camilo-septimo-su-esposa-embarazada-y-su-hija-en-atizapan-hay-dos-detenidos\/#primaryimage"},"thumbnailUrl":"https:\/\/pueblaenlinea.com\/2025\/wp-content\/uploads\/2026\/09\/camiloseptimo.jpg","keywords":["asesinato"],"articleSection":["Nacionales"],"inLanguage":"es"},{"@type":"WebPage","@id":"https:\/\/pueblaenlinea.com\/2025\/nacionales\/asesinan-a-fundador-de-camilo-septimo-su-esposa-embarazada-y-su-hija-en-atizapan-hay-dos-detenidos\/","url":"https:\/\/pueblaenlinea.com\/2025\/nacionales\/asesinan-a-fundador-de-camilo-septimo-su-esposa-embarazada-y-su-hija-en-atizapan-hay-dos-detenidos\/","name":"Asesinan a fundador de Camilo S\u00e9ptimo, su esposa embarazada y su hija en Atizap\u00e1n; hay dos detenidos - Puebla En Linea","isPartOf":{"@id":"https:\/\/pueblaenlinea.com\/2025\/#website"},"primaryImageOfPage":{"@id":"https:\/\/pueblaenlinea.com\/2025\/nacionales\/asesinan-a-fundador-de-camilo-septimo-su-esposa-embarazada-y-su-hija-en-atizapan-hay-dos-detenidos\/#primaryimage"},"image":{"@id":"https:\/\/pueblaenlinea.com\/2025\/nacionales\/asesinan-a-fundador-de-camilo-septimo-su-esposa-embarazada-y-su-hija-en-atizapan-hay-dos-detenidos\/#primaryimage"},"thumbnailUrl":"https:\/\/pueblaenlinea.com\/2025\/wp-content\/uploads\/2026\/09\/camiloseptimo.jpg","datePublished":"2026-09-02T20:33:06+00:00","dateModified":"2026-09-02T20:33:07+00:00","author":{"@id":"https:\/\/pueblaenlinea.com\/2025\/#\/schema\/person\/2baf91de3092c7d50fb754a48f084d7f"},"description":"Asesinan a fundador de Camilo S\u00e9ptimo, su esposa embarazada y su hija en Atizap\u00e1n; hay dos detenidos Nacionales","breadcrumb":{"@id":"https:\/\/pueblaenlinea.com\/2025\/nacionales\/asesinan-a-fundador-de-camilo-septimo-su-esposa-embarazada-y-su-hija-en-atizapan-hay-dos-detenidos\/#breadcrumb"},"inLanguage":"es","potentialAction":[{"@type":"ReadAction","target":["https:\/\/pueblaenlinea.com\/2025\/nacionales\/asesinan-a-fundador-de-camilo-septimo-su-esposa-embarazada-y-su-hija-en-atizapan-hay-dos-detenidos\/"]}]},{"@type":"ImageObject","inLanguage":"es","@id":"https:\/\/pueblaenlinea.com\/2025\/nacionales\/asesinan-a-fundador-de-camilo-septimo-su-esposa-embarazada-y-su-hija-en-atizapan-hay-dos-detenidos\/#primaryimage","url":"https:\/\/pueblaenlinea.com\/2025\/wp-content\/uploads\/2026\/09\/camiloseptimo.jpg","contentUrl":"https:\/\/pueblaenlinea.com\/2025\/wp-content\/uploads\/2026\/09\/camiloseptimo.jpg","width":1200,"height":674},{"@type":"BreadcrumbList","@id":"https:\/\/pueblaenlinea.com\/2025\/nacionales\/asesinan-a-fundador-de-camilo-septimo-su-esposa-embarazada-y-su-hija-en-atizapan-hay-dos-detenidos\/#breadcrumb","itemListElement":[{"@type":"ListItem","position":1,"name":"Inicio","item":"https:\/\/pueblaenlinea.com\/2025\/"},{"@type":"ListItem","position":2,"name":"Asesinan a fundador de Camilo S\u00e9ptimo, su esposa embarazada y su hija en Atizap\u00e1n; hay dos detenidos"}]},{"@type":"WebSite","@id":"https:\/\/pueblaenlinea.com\/2025\/#website","url":"https:\/\/pueblaenlinea.com\/2025\/","name":"Puebla En Linea","description":"noticias de puebla, periodismo serio y comprometido.","potentialAction":[{"@type":"SearchAction","target":{"@type":"EntryPoint","urlTemplate":"https:\/\/pueblaenlinea.com\/2025\/?s={search_term_string}"},"query-input":{"@type":"PropertyValueSpecification","valueRequired":true,"valueName":"search_term_string"}}],"inLanguage":"es"},{"@type":"Person","@id":"https:\/\/pueblaenlinea.com\/2025\/#\/schema\/person\/2baf91de3092c7d50fb754a48f084d7f","name":"lupita Puebla en linea","image":{"@type":"ImageObject","inLanguage":"es","@id":"https:\/\/pueblaenlinea.com\/2025\/wp-content\/litespeed\/avatar\/c3bdb4b8e42693060df9dbf8c3f9c41d.jpg?ver=1788290860","url":"https:\/\/pueblaenlinea.com\/2025\/wp-content\/litespeed\/avatar\/c3bdb4b8e42693060df9dbf8c3f9c41d.jpg?ver=1788290860","contentUrl":"https:\/\/pueblaenlinea.com\/2025\/wp-content\/litespeed\/avatar\/c3bdb4b8e42693060df9dbf8c3f9c41d.jpg?ver=1788290860","caption":"lupita Puebla en linea"},"url":"https:\/\/pueblaenlinea.com\/2025\/author\/lupita\/"}]}},"_links":{"self":[{"href":"https:\/\/pueblaenlinea.com\/2025\/wp-json\/wp\/v2\/posts\/134780","targetHints":{"allow":["GET"]}}],"collection":[{"href":"https:\/\/pueblaenlinea.com\/2025\/wp-json\/wp\/v2\/posts"}],"about":[{"href":"https:\/\/pueblaenlinea.com\/2025\/wp-json\/wp\/v2\/types\/post"}],"author":[{"embeddable":true,"href":"https:\/\/pueblaenlinea.com\/2025\/wp-json\/wp\/v2\/users\/9"}],"replies":[{"embeddable":true,"href":"https:\/\/pueblaenlinea.com\/2025\/wp-json\/wp\/v2\/comments?post=134780"}],"version-history":[{"count":0,"href":"https:\/\/pueblaenlinea.com\/2025\/wp-json\/wp\/v2\/posts\/134780\/revisions"}],"wp:featuredmedia":[{"embeddable":true,"href":"https:\/\/pueblaenlinea.com\/2025\/wp-json\/wp\/v2\/media\/134781"}],"wp:attachment":[{"href":"https:\/\/pueblaenlinea.com\/2025\/wp-json\/wp\/v2\/media?parent=134780"}],"wp:term":[{"taxonomy":"category","embeddable":true,"href":"https:\/\/pueblaenlinea.com\/2025\/wp-json\/wp\/v2\/categories?post=134780"},{"taxonomy":"post_tag","embeddable":true,"href":"https:\/\/pueblaenlinea.com\/2025\/wp-json\/wp\/v2\/tags?post=134780"}],"curies":[{"name":"wp","href":"https:\/\/api.w.org\/{rel}","templated":true}]}}