{"id":134775,"date":"2026-09-02T11:47:51","date_gmt":"2026-09-02T17:47:51","guid":{"rendered":"https:\/\/pueblaenlinea.com\/2025\/?p=134775"},"modified":"2026-09-02T11:50:33","modified_gmt":"2026-09-02T17:50:33","slug":"ignora-el-1-por-1-choca-un-auto-y-se-da-a-la-fuga-en-el-bulevar-carmelitas","status":"publish","type":"post","link":"https:\/\/pueblaenlinea.com\/2025\/puebla\/ignora-el-1-por-1-choca-un-auto-y-se-da-a-la-fuga-en-el-bulevar-carmelitas\/","title":{"rendered":"Ignora el \u201c1 por 1\u201d, choca un auto y se da a la fuga en el Bulevar Carmelitas"},"content":{"rendered":"\n<p class=\"wp-block-paragraph\"><strong>Un conductor de un Toyota Yaris habr\u00eda ignorado el esquema de incorporaci\u00f3n \u201c1 por 1\u201d en el cruce del Bulevar Carmelitas y Perif\u00e9rico Ecol\u00f3gico, choc\u00f3 otro veh\u00edculo y escap\u00f3, seg\u00fan denunci\u00f3 el automovilista afectado.<\/strong><\/p>\n\n\n\n<p class=\"wp-block-paragraph\">La molestia de un conductor termin\u00f3 convertida en una petici\u00f3n de ayuda para localizar a quien, asegura, provoc\u00f3 el accidente y decidi\u00f3 marcharse del lugar.<\/p>\n\n\n\n<p class=\"wp-block-paragraph\">De acuerdo con el testimonio difundido en redes sociales, el automovilista circulaba por la zona de incorporaci\u00f3n cuando comenz\u00f3 a avanzar conforme al esquema de <strong>\u201c1 por 1\u201d<\/strong>, utilizado para ordenar el paso de veh\u00edculos en medio del congestionamiento.<\/p>\n\n\n\n<p class=\"wp-block-paragraph\">El afectado relat\u00f3 que dej\u00f3 pasar a un autom\u00f3vil blanco, pero un segundo veh\u00edculo intent\u00f3 incorporarse de manera distinta, lo rebas\u00f3 y termin\u00f3 golpeando su coche.<\/p>\n\n\n\n<h3 class=\"wp-block-heading\">El choque ocurri\u00f3 frente a una patrulla<\/h3>\n\n\n\n<p class=\"wp-block-paragraph\">Seg\u00fan el denunciante, el conductor del autom\u00f3vil involucrado se detuvo moment\u00e1neamente frente a una patrulla de proximidad vial y posteriormente abandon\u00f3 el sitio.<\/p>\n\n\n\n<p class=\"wp-block-paragraph\">El ciudadano afirm\u00f3 que los oficiales se encontraban en el lugar y que, pese a que presuntamente observaron el incidente, el responsable termin\u00f3 retir\u00e1ndose.<\/p>\n\n\n\n<p class=\"wp-block-paragraph\"><strong>Esto es lo que denuncia el automovilista:<\/strong><\/p>\n\n\n\n<ul class=\"wp-block-list\">\n<li>\ud83d\ude97 Un <strong>Toyota Yaris<\/strong> habr\u00eda provocado el choque.<\/li>\n\n\n\n<li>\ud83d\udd04 El conductor presuntamente ignor\u00f3 el esquema de incorporaci\u00f3n <strong>\u201c1 por 1\u201d<\/strong>.<\/li>\n\n\n\n<li>\ud83d\udca5 El veh\u00edculo afectado result\u00f3 con da\u00f1os tras el impacto.<\/li>\n\n\n\n<li>\ud83d\ude94 Una patrulla de proximidad vial se encontraba en la zona.<\/li>\n\n\n\n<li>\ud83c\udfc3 El conductor se\u00f1alado <strong>se retir\u00f3 del lugar<\/strong>.<\/li>\n\n\n\n<li>\ud83c\udfa5 El afectado busca que las c\u00e1maras de la zona ayuden a identificarlo.<\/li>\n<\/ul>\n\n\n\n<p class=\"wp-block-paragraph\">El ciudadano tambi\u00e9n se\u00f1al\u00f3 que hubo personas que presuntamente observaron la maniobra y pidi\u00f3 a las autoridades revisar las c\u00e1maras de videovigilancia para localizar el autom\u00f3vil.<\/p>\n\n\n\n<h3 class=\"wp-block-heading\">Piden revisar c\u00e1maras para identificar al responsable<\/h3>\n\n\n\n<p class=\"wp-block-paragraph\">El afectado asegur\u00f3 que recibi\u00f3 atenci\u00f3n de un elemento en el sitio y que se solicitar\u00edan los videos disponibles para intentar establecer c\u00f3mo ocurri\u00f3 el choque y ubicar al veh\u00edculo se\u00f1alado.<\/p>\n\n\n\n<p class=\"wp-block-paragraph\">Hasta el momento, la informaci\u00f3n corresponde a <strong>la denuncia p\u00fablica del automovilista afectado<\/strong> y no se cuenta con la versi\u00f3n del conductor se\u00f1alado ni con un pronunciamiento oficial que establezca responsabilidades.<\/p>\n\n\n\n<blockquote class=\"twitter-tweet\" data-media-max-width=\"560\"><p lang=\"es\" dir=\"ltr\">Conductor choca a otro veh\u00edculo por no respetar el operativo &quot;1 por 1&quot; en la incorporaci\u00f3n del Bulevar Carmelitas y el Perif\u00e9rico Ecol\u00f3gico, y se da a la fuga. <a href=\"https:\/\/t.co\/qqUL6wVHtu\">pic.twitter.com\/qqUL6wVHtu<\/a><\/p>&mdash; Puebla (@PueblaenLinea) <a href=\"https:\/\/x.com\/PueblaenLinea\/status\/2095184506349105575?ref_src=twsrc%5Etfw\">September 2, 2026<\/a><\/blockquote> <script async src=\"https:\/\/platform.x.com\/widgets.js\" charset=\"utf-8\"><\/script>\n\n\n\n<p class=\"wp-block-paragraph\">La incorporaci\u00f3n en ese punto del <strong>Bulevar Carmelitas y Perif\u00e9rico Ecol\u00f3gico<\/strong> suele convertirse en un cuello de botella para los automovilistas. Precisamente por eso, el llamado \u201c1 por 1\u201d busca ordenar el paso; cuando alguien decide saltarse la fila, basta una maniobra para convertir el tr\u00e1fico cotidiano en un problema mayor.<\/p>\n\n\n\n<p class=\"wp-block-paragraph\"><strong>Si quieres seguir esta y otras notas de inter\u00e9s en tiempo real, \u00fanete a nuestro canal de WhatsApp: <a href=\"https:\/\/whatsapp.com\/channel\/0029Va5CSyuEQIalZaJWpX1h?utm_source=chatgpt.com\">Canal de WhatsApp de Puebla En L\u00ednea<\/a><\/strong><\/p>\n\n\n\n<p class=\"wp-block-paragraph\">Ahora queda por saber si las c\u00e1maras captaron el momento del impacto y, sobre todo, si permitir\u00e1n identificar al conductor que presuntamente se retir\u00f3 del lugar. En una vialidad saturada, respetar el turno puede parecer una cortes\u00eda m\u00ednima; despu\u00e9s de un choque, se convierte en una cuesti\u00f3n de responsabilidad.<\/p>\n\n\n\n<p class=\"wp-block-paragraph\"><strong>Escrito por Redacci\u00f3n Puebla En L\u00ednea<\/strong><\/p>\n\n\n\n<ol class=\"wp-block-list\">\n<li><strong>Se brinca el \u201c1 por 1\u201d, choca un auto y escapa en Carmelitas; buscan al conductor<\/strong><\/li>\n\n\n\n<li><strong>Choca y se va: conductor ignora el \u201c1 por 1\u201d y golpea un auto en Carmelitas<\/strong><\/li>\n\n\n\n<li><strong>\u00bfQui\u00e9n es el conductor del Yaris? Choc\u00f3 un auto y presuntamente huy\u00f3 en Carmelitas<\/strong><\/li>\n\n\n\n<li><strong>Le peg\u00f3 a un auto y se fue: denuncian a conductor por ignorar el \u201c1 por 1\u201d<\/strong><\/li>\n\n\n\n<li><strong>Frente a una patrulla, choca un auto y se retira; piden revisar c\u00e1maras en Carmelitas<\/strong><\/li>\n<\/ol>\n","protected":false},"excerpt":{"rendered":"<p>Un conductor de un Toyota Yaris habr\u00eda ignorado el esquema de incorporaci\u00f3n \u201c1 por 1\u201d en el cruce del Bulevar Carmelitas y Perif\u00e9rico Ecol\u00f3gico, choc\u00f3 otro veh\u00edculo y escap\u00f3, seg\u00fan denunci\u00f3 el automovilista afectado. La molestia de un conductor termin\u00f3 convertida en una petici\u00f3n de ayuda para localizar a quien, asegura, provoc\u00f3 el accidente y&#8230;<\/p>\n","protected":false},"author":10,"featured_media":134776,"comment_status":"closed","ping_status":"closed","sticky":false,"template":"","format":"standard","meta":{"footnotes":""},"categories":[2],"tags":[1396],"class_list":["post-134775","post","type-post","status-publish","format-standard","has-post-thumbnail","hentry","category-puebla","tag-virales"],"yoast_head":"<!-- This site is optimized with the Yoast SEO plugin v28.4 - https:\/\/yoast.com\/product\/yoast-seo-wordpress\/ -->\n<title>Ignora el \u201c1 por 1\u201d, choca un auto y se da a la fuga en el Bulevar Carmelitas - Puebla En Linea<\/title>\n<meta name=\"description\" content=\"Ignora el \u201c1 por 1\u201d, choca un auto y se da a la fuga en el Bulevar Carmelitas Puebla\" \/>\n<meta name=\"robots\" content=\"index, follow, max-snippet:-1, max-image-preview:large, max-video-preview:-1\" \/>\n<link rel=\"canonical\" href=\"https:\/\/pueblaenlinea.com\/2025\/puebla\/ignora-el-1-por-1-choca-un-auto-y-se-da-a-la-fuga-en-el-bulevar-carmelitas\/\" \/>\n<meta property=\"og:locale\" content=\"es_MX\" \/>\n<meta property=\"og:type\" content=\"article\" \/>\n<meta property=\"og:title\" content=\"Ignora el \u201c1 por 1\u201d, choca un auto y se da a la fuga en el Bulevar Carmelitas - Puebla En Linea\" \/>\n<meta property=\"og:description\" content=\"Ignora el \u201c1 por 1\u201d, choca un auto y se da a la fuga en el Bulevar Carmelitas Puebla\" \/>\n<meta property=\"og:url\" content=\"https:\/\/pueblaenlinea.com\/2025\/puebla\/ignora-el-1-por-1-choca-un-auto-y-se-da-a-la-fuga-en-el-bulevar-carmelitas\/\" \/>\n<meta property=\"og:site_name\" content=\"Puebla En Linea\" \/>\n<meta property=\"article:publisher\" content=\"https:\/\/www.facebook.com\/pueblaenlineacom\" \/>\n<meta property=\"article:published_time\" content=\"2026-09-02T17:47:51+00:00\" \/>\n<meta property=\"article:modified_time\" content=\"2026-09-02T17:50:33+00:00\" \/>\n<meta property=\"og:image\" content=\"https:\/\/pueblaenlinea.com\/2025\/wp-content\/uploads\/2026\/09\/choque1x1.jpg\" \/>\n\t<meta property=\"og:image:width\" content=\"1200\" \/>\n\t<meta property=\"og:image:height\" content=\"674\" \/>\n\t<meta property=\"og:image:type\" content=\"image\/jpeg\" \/>\n<meta name=\"author\" content=\"Jazmin Cardenas\" \/>\n<meta name=\"twitter:card\" content=\"summary_large_image\" \/>\n<meta name=\"twitter:label1\" content=\"Escrito por\" \/>\n\t<meta name=\"twitter:data1\" content=\"Jazmin Cardenas\" \/>\n\t<meta name=\"twitter:label2\" content=\"Tiempo de lectura\" \/>\n\t<meta name=\"twitter:data2\" content=\"3 minutos\" \/>\n<script type=\"application\/ld+json\" class=\"yoast-schema-graph\">{\"@context\":\"https:\\\/\\\/schema.org\",\"@graph\":[{\"@type\":\"Article\",\"@id\":\"https:\\\/\\\/pueblaenlinea.com\\\/2025\\\/puebla\\\/ignora-el-1-por-1-choca-un-auto-y-se-da-a-la-fuga-en-el-bulevar-carmelitas\\\/#article\",\"isPartOf\":{\"@id\":\"https:\\\/\\\/pueblaenlinea.com\\\/2025\\\/puebla\\\/ignora-el-1-por-1-choca-un-auto-y-se-da-a-la-fuga-en-el-bulevar-carmelitas\\\/\"},\"author\":{\"name\":\"Jazmin Cardenas\",\"@id\":\"https:\\\/\\\/pueblaenlinea.com\\\/2025\\\/#\\\/schema\\\/person\\\/21ecc830e083be84dbddd9a05208834f\"},\"headline\":\"Ignora el \u201c1 por 1\u201d, choca un auto y se da a la fuga en el Bulevar Carmelitas\",\"datePublished\":\"2026-09-02T17:47:51+00:00\",\"dateModified\":\"2026-09-02T17:50:33+00:00\",\"mainEntityOfPage\":{\"@id\":\"https:\\\/\\\/pueblaenlinea.com\\\/2025\\\/puebla\\\/ignora-el-1-por-1-choca-un-auto-y-se-da-a-la-fuga-en-el-bulevar-carmelitas\\\/\"},\"wordCount\":640,\"image\":{\"@id\":\"https:\\\/\\\/pueblaenlinea.com\\\/2025\\\/puebla\\\/ignora-el-1-por-1-choca-un-auto-y-se-da-a-la-fuga-en-el-bulevar-carmelitas\\\/#primaryimage\"},\"thumbnailUrl\":\"https:\\\/\\\/pueblaenlinea.com\\\/2025\\\/wp-content\\\/uploads\\\/2026\\\/09\\\/choque1x1.jpg\",\"keywords\":[\"virales\"],\"articleSection\":[\"Puebla\"],\"inLanguage\":\"es\"},{\"@type\":\"WebPage\",\"@id\":\"https:\\\/\\\/pueblaenlinea.com\\\/2025\\\/puebla\\\/ignora-el-1-por-1-choca-un-auto-y-se-da-a-la-fuga-en-el-bulevar-carmelitas\\\/\",\"url\":\"https:\\\/\\\/pueblaenlinea.com\\\/2025\\\/puebla\\\/ignora-el-1-por-1-choca-un-auto-y-se-da-a-la-fuga-en-el-bulevar-carmelitas\\\/\",\"name\":\"Ignora el \u201c1 por 1\u201d, choca un auto y se da a la fuga en el Bulevar Carmelitas - Puebla En Linea\",\"isPartOf\":{\"@id\":\"https:\\\/\\\/pueblaenlinea.com\\\/2025\\\/#website\"},\"primaryImageOfPage\":{\"@id\":\"https:\\\/\\\/pueblaenlinea.com\\\/2025\\\/puebla\\\/ignora-el-1-por-1-choca-un-auto-y-se-da-a-la-fuga-en-el-bulevar-carmelitas\\\/#primaryimage\"},\"image\":{\"@id\":\"https:\\\/\\\/pueblaenlinea.com\\\/2025\\\/puebla\\\/ignora-el-1-por-1-choca-un-auto-y-se-da-a-la-fuga-en-el-bulevar-carmelitas\\\/#primaryimage\"},\"thumbnailUrl\":\"https:\\\/\\\/pueblaenlinea.com\\\/2025\\\/wp-content\\\/uploads\\\/2026\\\/09\\\/choque1x1.jpg\",\"datePublished\":\"2026-09-02T17:47:51+00:00\",\"dateModified\":\"2026-09-02T17:50:33+00:00\",\"author\":{\"@id\":\"https:\\\/\\\/pueblaenlinea.com\\\/2025\\\/#\\\/schema\\\/person\\\/21ecc830e083be84dbddd9a05208834f\"},\"description\":\"Ignora el \u201c1 por 1\u201d, choca un auto y se da a la fuga en el Bulevar Carmelitas Puebla\",\"breadcrumb\":{\"@id\":\"https:\\\/\\\/pueblaenlinea.com\\\/2025\\\/puebla\\\/ignora-el-1-por-1-choca-un-auto-y-se-da-a-la-fuga-en-el-bulevar-carmelitas\\\/#breadcrumb\"},\"inLanguage\":\"es\",\"potentialAction\":[{\"@type\":\"ReadAction\",\"target\":[\"https:\\\/\\\/pueblaenlinea.com\\\/2025\\\/puebla\\\/ignora-el-1-por-1-choca-un-auto-y-se-da-a-la-fuga-en-el-bulevar-carmelitas\\\/\"]}]},{\"@type\":\"ImageObject\",\"inLanguage\":\"es\",\"@id\":\"https:\\\/\\\/pueblaenlinea.com\\\/2025\\\/puebla\\\/ignora-el-1-por-1-choca-un-auto-y-se-da-a-la-fuga-en-el-bulevar-carmelitas\\\/#primaryimage\",\"url\":\"https:\\\/\\\/pueblaenlinea.com\\\/2025\\\/wp-content\\\/uploads\\\/2026\\\/09\\\/choque1x1.jpg\",\"contentUrl\":\"https:\\\/\\\/pueblaenlinea.com\\\/2025\\\/wp-content\\\/uploads\\\/2026\\\/09\\\/choque1x1.jpg\",\"width\":1200,\"height\":674},{\"@type\":\"BreadcrumbList\",\"@id\":\"https:\\\/\\\/pueblaenlinea.com\\\/2025\\\/puebla\\\/ignora-el-1-por-1-choca-un-auto-y-se-da-a-la-fuga-en-el-bulevar-carmelitas\\\/#breadcrumb\",\"itemListElement\":[{\"@type\":\"ListItem\",\"position\":1,\"name\":\"Inicio\",\"item\":\"https:\\\/\\\/pueblaenlinea.com\\\/2025\\\/\"},{\"@type\":\"ListItem\",\"position\":2,\"name\":\"Ignora el \u201c1 por 1\u201d, choca un auto y se da a la fuga en el Bulevar Carmelitas\"}]},{\"@type\":\"WebSite\",\"@id\":\"https:\\\/\\\/pueblaenlinea.com\\\/2025\\\/#website\",\"url\":\"https:\\\/\\\/pueblaenlinea.com\\\/2025\\\/\",\"name\":\"Puebla En Linea\",\"description\":\"noticias de puebla, periodismo serio y comprometido.\",\"potentialAction\":[{\"@type\":\"SearchAction\",\"target\":{\"@type\":\"EntryPoint\",\"urlTemplate\":\"https:\\\/\\\/pueblaenlinea.com\\\/2025\\\/?s={search_term_string}\"},\"query-input\":{\"@type\":\"PropertyValueSpecification\",\"valueRequired\":true,\"valueName\":\"search_term_string\"}}],\"inLanguage\":\"es\"},{\"@type\":\"Person\",\"@id\":\"https:\\\/\\\/pueblaenlinea.com\\\/2025\\\/#\\\/schema\\\/person\\\/21ecc830e083be84dbddd9a05208834f\",\"name\":\"Jazmin Cardenas\",\"image\":{\"@type\":\"ImageObject\",\"inLanguage\":\"es\",\"@id\":\"https:\\\/\\\/pueblaenlinea.com\\\/2025\\\/wp-content\\\/litespeed\\\/avatar\\\/9d7ab062f41a13d0af53522b39daf76f.jpg?ver=1788194722\",\"url\":\"https:\\\/\\\/pueblaenlinea.com\\\/2025\\\/wp-content\\\/litespeed\\\/avatar\\\/9d7ab062f41a13d0af53522b39daf76f.jpg?ver=1788194722\",\"contentUrl\":\"https:\\\/\\\/pueblaenlinea.com\\\/2025\\\/wp-content\\\/litespeed\\\/avatar\\\/9d7ab062f41a13d0af53522b39daf76f.jpg?ver=1788194722\",\"caption\":\"Jazmin Cardenas\"},\"url\":\"https:\\\/\\\/pueblaenlinea.com\\\/2025\\\/author\\\/jaz-pel\\\/\"}]}<\/script>\n<!-- \/ Yoast SEO plugin. -->","yoast_head_json":{"title":"Ignora el \u201c1 por 1\u201d, choca un auto y se da a la fuga en el Bulevar Carmelitas - Puebla En Linea","description":"Ignora el \u201c1 por 1\u201d, choca un auto y se da a la fuga en el Bulevar Carmelitas Puebla","robots":{"index":"index","follow":"follow","max-snippet":"max-snippet:-1","max-image-preview":"max-image-preview:large","max-video-preview":"max-video-preview:-1"},"canonical":"https:\/\/pueblaenlinea.com\/2025\/puebla\/ignora-el-1-por-1-choca-un-auto-y-se-da-a-la-fuga-en-el-bulevar-carmelitas\/","og_locale":"es_MX","og_type":"article","og_title":"Ignora el \u201c1 por 1\u201d, choca un auto y se da a la fuga en el Bulevar Carmelitas - Puebla En Linea","og_description":"Ignora el \u201c1 por 1\u201d, choca un auto y se da a la fuga en el Bulevar Carmelitas Puebla","og_url":"https:\/\/pueblaenlinea.com\/2025\/puebla\/ignora-el-1-por-1-choca-un-auto-y-se-da-a-la-fuga-en-el-bulevar-carmelitas\/","og_site_name":"Puebla En Linea","article_publisher":"https:\/\/www.facebook.com\/pueblaenlineacom","article_published_time":"2026-09-02T17:47:51+00:00","article_modified_time":"2026-09-02T17:50:33+00:00","og_image":[{"width":1200,"height":674,"url":"https:\/\/pueblaenlinea.com\/2025\/wp-content\/uploads\/2026\/09\/choque1x1.jpg","type":"image\/jpeg"}],"author":"Jazmin Cardenas","twitter_card":"summary_large_image","twitter_misc":{"Escrito por":"Jazmin Cardenas","Tiempo de lectura":"3 minutos"},"schema":{"@context":"https:\/\/schema.org","@graph":[{"@type":"Article","@id":"https:\/\/pueblaenlinea.com\/2025\/puebla\/ignora-el-1-por-1-choca-un-auto-y-se-da-a-la-fuga-en-el-bulevar-carmelitas\/#article","isPartOf":{"@id":"https:\/\/pueblaenlinea.com\/2025\/puebla\/ignora-el-1-por-1-choca-un-auto-y-se-da-a-la-fuga-en-el-bulevar-carmelitas\/"},"author":{"name":"Jazmin Cardenas","@id":"https:\/\/pueblaenlinea.com\/2025\/#\/schema\/person\/21ecc830e083be84dbddd9a05208834f"},"headline":"Ignora el \u201c1 por 1\u201d, choca un auto y se da a la fuga en el Bulevar Carmelitas","datePublished":"2026-09-02T17:47:51+00:00","dateModified":"2026-09-02T17:50:33+00:00","mainEntityOfPage":{"@id":"https:\/\/pueblaenlinea.com\/2025\/puebla\/ignora-el-1-por-1-choca-un-auto-y-se-da-a-la-fuga-en-el-bulevar-carmelitas\/"},"wordCount":640,"image":{"@id":"https:\/\/pueblaenlinea.com\/2025\/puebla\/ignora-el-1-por-1-choca-un-auto-y-se-da-a-la-fuga-en-el-bulevar-carmelitas\/#primaryimage"},"thumbnailUrl":"https:\/\/pueblaenlinea.com\/2025\/wp-content\/uploads\/2026\/09\/choque1x1.jpg","keywords":["virales"],"articleSection":["Puebla"],"inLanguage":"es"},{"@type":"WebPage","@id":"https:\/\/pueblaenlinea.com\/2025\/puebla\/ignora-el-1-por-1-choca-un-auto-y-se-da-a-la-fuga-en-el-bulevar-carmelitas\/","url":"https:\/\/pueblaenlinea.com\/2025\/puebla\/ignora-el-1-por-1-choca-un-auto-y-se-da-a-la-fuga-en-el-bulevar-carmelitas\/","name":"Ignora el \u201c1 por 1\u201d, choca un auto y se da a la fuga en el Bulevar Carmelitas - Puebla En Linea","isPartOf":{"@id":"https:\/\/pueblaenlinea.com\/2025\/#website"},"primaryImageOfPage":{"@id":"https:\/\/pueblaenlinea.com\/2025\/puebla\/ignora-el-1-por-1-choca-un-auto-y-se-da-a-la-fuga-en-el-bulevar-carmelitas\/#primaryimage"},"image":{"@id":"https:\/\/pueblaenlinea.com\/2025\/puebla\/ignora-el-1-por-1-choca-un-auto-y-se-da-a-la-fuga-en-el-bulevar-carmelitas\/#primaryimage"},"thumbnailUrl":"https:\/\/pueblaenlinea.com\/2025\/wp-content\/uploads\/2026\/09\/choque1x1.jpg","datePublished":"2026-09-02T17:47:51+00:00","dateModified":"2026-09-02T17:50:33+00:00","author":{"@id":"https:\/\/pueblaenlinea.com\/2025\/#\/schema\/person\/21ecc830e083be84dbddd9a05208834f"},"description":"Ignora el \u201c1 por 1\u201d, choca un auto y se da a la fuga en el Bulevar Carmelitas Puebla","breadcrumb":{"@id":"https:\/\/pueblaenlinea.com\/2025\/puebla\/ignora-el-1-por-1-choca-un-auto-y-se-da-a-la-fuga-en-el-bulevar-carmelitas\/#breadcrumb"},"inLanguage":"es","potentialAction":[{"@type":"ReadAction","target":["https:\/\/pueblaenlinea.com\/2025\/puebla\/ignora-el-1-por-1-choca-un-auto-y-se-da-a-la-fuga-en-el-bulevar-carmelitas\/"]}]},{"@type":"ImageObject","inLanguage":"es","@id":"https:\/\/pueblaenlinea.com\/2025\/puebla\/ignora-el-1-por-1-choca-un-auto-y-se-da-a-la-fuga-en-el-bulevar-carmelitas\/#primaryimage","url":"https:\/\/pueblaenlinea.com\/2025\/wp-content\/uploads\/2026\/09\/choque1x1.jpg","contentUrl":"https:\/\/pueblaenlinea.com\/2025\/wp-content\/uploads\/2026\/09\/choque1x1.jpg","width":1200,"height":674},{"@type":"BreadcrumbList","@id":"https:\/\/pueblaenlinea.com\/2025\/puebla\/ignora-el-1-por-1-choca-un-auto-y-se-da-a-la-fuga-en-el-bulevar-carmelitas\/#breadcrumb","itemListElement":[{"@type":"ListItem","position":1,"name":"Inicio","item":"https:\/\/pueblaenlinea.com\/2025\/"},{"@type":"ListItem","position":2,"name":"Ignora el \u201c1 por 1\u201d, choca un auto y se da a la fuga en el Bulevar Carmelitas"}]},{"@type":"WebSite","@id":"https:\/\/pueblaenlinea.com\/2025\/#website","url":"https:\/\/pueblaenlinea.com\/2025\/","name":"Puebla En Linea","description":"noticias de puebla, periodismo serio y comprometido.","potentialAction":[{"@type":"SearchAction","target":{"@type":"EntryPoint","urlTemplate":"https:\/\/pueblaenlinea.com\/2025\/?s={search_term_string}"},"query-input":{"@type":"PropertyValueSpecification","valueRequired":true,"valueName":"search_term_string"}}],"inLanguage":"es"},{"@type":"Person","@id":"https:\/\/pueblaenlinea.com\/2025\/#\/schema\/person\/21ecc830e083be84dbddd9a05208834f","name":"Jazmin Cardenas","image":{"@type":"ImageObject","inLanguage":"es","@id":"https:\/\/pueblaenlinea.com\/2025\/wp-content\/litespeed\/avatar\/9d7ab062f41a13d0af53522b39daf76f.jpg?ver=1788194722","url":"https:\/\/pueblaenlinea.com\/2025\/wp-content\/litespeed\/avatar\/9d7ab062f41a13d0af53522b39daf76f.jpg?ver=1788194722","contentUrl":"https:\/\/pueblaenlinea.com\/2025\/wp-content\/litespeed\/avatar\/9d7ab062f41a13d0af53522b39daf76f.jpg?ver=1788194722","caption":"Jazmin Cardenas"},"url":"https:\/\/pueblaenlinea.com\/2025\/author\/jaz-pel\/"}]}},"_links":{"self":[{"href":"https:\/\/pueblaenlinea.com\/2025\/wp-json\/wp\/v2\/posts\/134775","targetHints":{"allow":["GET"]}}],"collection":[{"href":"https:\/\/pueblaenlinea.com\/2025\/wp-json\/wp\/v2\/posts"}],"about":[{"href":"https:\/\/pueblaenlinea.com\/2025\/wp-json\/wp\/v2\/types\/post"}],"author":[{"embeddable":true,"href":"https:\/\/pueblaenlinea.com\/2025\/wp-json\/wp\/v2\/users\/10"}],"replies":[{"embeddable":true,"href":"https:\/\/pueblaenlinea.com\/2025\/wp-json\/wp\/v2\/comments?post=134775"}],"version-history":[{"count":0,"href":"https:\/\/pueblaenlinea.com\/2025\/wp-json\/wp\/v2\/posts\/134775\/revisions"}],"wp:featuredmedia":[{"embeddable":true,"href":"https:\/\/pueblaenlinea.com\/2025\/wp-json\/wp\/v2\/media\/134776"}],"wp:attachment":[{"href":"https:\/\/pueblaenlinea.com\/2025\/wp-json\/wp\/v2\/media?parent=134775"}],"wp:term":[{"taxonomy":"category","embeddable":true,"href":"https:\/\/pueblaenlinea.com\/2025\/wp-json\/wp\/v2\/categories?post=134775"},{"taxonomy":"post_tag","embeddable":true,"href":"https:\/\/pueblaenlinea.com\/2025\/wp-json\/wp\/v2\/tags?post=134775"}],"curies":[{"name":"wp","href":"https:\/\/api.w.org\/{rel}","templated":true}]}}