{"id":134769,"date":"2026-09-02T10:09:11","date_gmt":"2026-09-02T16:09:11","guid":{"rendered":"https:\/\/pueblaenlinea.com\/2025\/?p=134769"},"modified":"2026-09-02T10:09:13","modified_gmt":"2026-09-02T16:09:13","slug":"joven-resulta-fracturada-tras-caer-de-una-ruta-3-en-movimiento-en-calles-de-puebla","status":"publish","type":"post","link":"https:\/\/pueblaenlinea.com\/2025\/nota-roja\/joven-resulta-fracturada-tras-caer-de-una-ruta-3-en-movimiento-en-calles-de-puebla\/","title":{"rendered":"Joven resulta fracturada tras caer de una Ruta 3 en movimiento en calles de Puebla"},"content":{"rendered":"\n<p class=\"wp-block-paragraph\"><strong>Lo que comenz\u00f3 como un supuesto atropellamiento termin\u00f3 siendo un accidente dentro del transporte p\u00fablico: una joven de aproximadamente 20 a\u00f1os cay\u00f3 de una unidad de la Ruta 3 cuando circulaba por calles del Centro de Puebla y termin\u00f3 tendida sobre el pavimento.<\/strong><\/p>\n\n\n\n<p class=\"wp-block-paragraph\">El accidente ocurri\u00f3 sobre la <strong>13 Poniente y 15 Sur<\/strong>, donde la joven permaneci\u00f3 varios minutos sobre la carpeta asf\u00e1ltica mientras recib\u00eda atenci\u00f3n de los cuerpos de emergencia.<\/p>\n\n\n\n<p class=\"wp-block-paragraph\">En un primer momento se manej\u00f3 la posibilidad de que la mujer hubiera sido atropellada por la propia unidad 18 de la Ruta 3. Sin embargo, esa versi\u00f3n fue descartada posteriormente y se estableci\u00f3 que la afectada <strong>habr\u00eda ca\u00eddo del microb\u00fas mientras \u00e9ste se encontraba en movimiento<\/strong>.<\/p>\n\n\n\n<p class=\"wp-block-paragraph\">De acuerdo con la informaci\u00f3n disponible, una de las posibles causas habr\u00eda sido que la unidad circulaba con la puerta abierta, aunque este punto deber\u00e1 ser determinado por las autoridades correspondientes.<\/p>\n\n\n\n<h3 class=\"wp-block-heading\">La joven sufri\u00f3 algunas fracturas<\/h3>\n\n\n\n<p class=\"wp-block-paragraph\">Param\u00e9dicos acudieron al lugar para valorar a la afectada, quien present\u00f3 algunas fracturas como consecuencia de la ca\u00edda.<\/p>\n\n\n\n<p class=\"wp-block-paragraph\">Aunque el golpe provoc\u00f3 lesiones, los cuerpos de emergencia reportaron que la joven se encontraba estable y que, en principio, <strong>sus heridas no eran consideradas de gravedad<\/strong>.<\/p>\n\n\n\n<p class=\"wp-block-paragraph\"><strong>Los datos principales:<\/strong><\/p>\n\n\n\n<ul class=\"wp-block-list\">\n<li>\ud83d\udccd <strong>Lugar:<\/strong> 13 Poniente y 15 Sur, Puebla.<\/li>\n\n\n\n<li>\ud83d\ude8c <strong>Unidad involucrada:<\/strong> microb\u00fas de la Unidad 18 de la Ruta 3.<\/li>\n\n\n\n<li>\ud83d\udc69 <strong>Afectada:<\/strong> joven de aproximadamente 20 a\u00f1os.<\/li>\n\n\n\n<li>\ud83e\uddb4 <strong>Lesiones:<\/strong> algunas fracturas derivadas de la ca\u00edda.<\/li>\n\n\n\n<li>\ud83d\udeaa <strong>Posible causa:<\/strong> presuntamente la unidad circulaba con la puerta abierta.<\/li>\n\n\n\n<li>\ud83d\ude94 <strong>Situaci\u00f3n:<\/strong> el conductor permaneci\u00f3 en el sitio para deslindar responsabilidades.<\/li>\n<\/ul>\n\n\n\n<h3 class=\"wp-block-heading\">Cierran la calle y aseguran el microb\u00fas<\/h3>\n\n\n\n<p class=\"wp-block-paragraph\">El incidente oblig\u00f3 a realizar un <strong>cierre total de la vialidad<\/strong> mientras la joven permanec\u00eda sobre el pavimento y se desarrollaban las labores de atenci\u00f3n.<\/p>\n\n\n\n<p class=\"wp-block-paragraph\">El conductor de la unidad permaneci\u00f3 en el lugar para responder ante las autoridades y deslindar las responsabilidades correspondientes.<\/p>\n\n\n\n<p class=\"wp-block-paragraph\">El microb\u00fas qued\u00f3 detenido de manera moment\u00e1nea, mientras que los dem\u00e1s pasajeros tuvieron que bajar y abordar otra unidad para continuar con su recorrido.<\/p>\n\n\n\n<p class=\"wp-block-paragraph\"><strong>Si quieres seguir esta y otras notas de inter\u00e9s en tiempo real, \u00fanete a nuestro canal de WhatsApp: <a href=\"https:\/\/whatsapp.com\/channel\/0029Va5CSyuEQIalZaJWpX1h?utm_source=chatgpt.com\">Canal de WhatsApp de Puebla En L\u00ednea<\/a><\/strong><\/p>\n\n\n\n<p class=\"wp-block-paragraph\">Una puerta abierta puede parecer un detalle menor hasta que una persona termina sobre el pavimento. El accidente vuelve a poner atenci\u00f3n sobre las condiciones en que operan algunas unidades del transporte p\u00fablico y sobre la responsabilidad que corresponde a quienes las conducen.<\/p>\n\n\n\n<p class=\"wp-block-paragraph\">Por ahora, ser\u00e1 la investigaci\u00f3n la que determine exactamente c\u00f3mo ocurri\u00f3 la ca\u00edda y si existi\u00f3 alguna omisi\u00f3n que haya contribuido al accidente.<\/p>\n\n\n\n<p class=\"wp-block-paragraph\"><strong>Escrito por Redacci\u00f3n Puebla En L\u00ednea<\/strong><\/p>\n\n\n\n<ol class=\"wp-block-list\">\n<li><strong>Joven cae de una Ruta 3 en movimiento y termina con fracturas en calles de Puebla<\/strong><\/li>\n\n\n\n<li><strong>\u00bfLa puerta iba abierta? Joven cae de una Ruta 3 y resulta lesionada<\/strong><\/li>\n\n\n\n<li><strong>Descartan atropellamiento: joven cay\u00f3 de una Ruta 3 en calles de Puebla<\/strong><\/li>\n\n\n\n<li><strong>Accidente en la Ruta 3 deja a joven con fracturas; investigan c\u00f3mo ocurri\u00f3 la ca\u00edda<\/strong><\/li>\n\n\n\n<li><strong>Joven termina sobre el pavimento tras caer de una Ruta 3 en movimiento<\/strong><\/li>\n<\/ol>\n","protected":false},"excerpt":{"rendered":"<p>Lo que comenz\u00f3 como un supuesto atropellamiento termin\u00f3 siendo un accidente dentro del transporte p\u00fablico: una joven de aproximadamente 20 a\u00f1os cay\u00f3 de una unidad de la Ruta 3 cuando circulaba por calles del Centro de Puebla y termin\u00f3 tendida sobre el pavimento. El accidente ocurri\u00f3 sobre la 13 Poniente y 15 Sur, donde la&#8230;<\/p>\n","protected":false},"author":10,"featured_media":134770,"comment_status":"closed","ping_status":"closed","sticky":false,"template":"","format":"standard","meta":{"footnotes":""},"categories":[24],"tags":[1399],"class_list":["post-134769","post","type-post","status-publish","format-standard","has-post-thumbnail","hentry","category-nota-roja","tag-accidente-puebla"],"yoast_head":"<!-- This site is optimized with the Yoast SEO plugin v28.4 - https:\/\/yoast.com\/product\/yoast-seo-wordpress\/ -->\n<title>Joven resulta fracturada tras caer de una Ruta 3 en movimiento en calles de Puebla - Puebla En Linea<\/title>\n<meta name=\"description\" content=\"Joven resulta fracturada tras caer de una Ruta 3 en movimiento en calles de Puebla Nota Roja\" \/>\n<meta name=\"robots\" content=\"index, follow, max-snippet:-1, max-image-preview:large, max-video-preview:-1\" \/>\n<link rel=\"canonical\" href=\"https:\/\/pueblaenlinea.com\/2025\/nota-roja\/joven-resulta-fracturada-tras-caer-de-una-ruta-3-en-movimiento-en-calles-de-puebla\/\" \/>\n<meta property=\"og:locale\" content=\"es_MX\" \/>\n<meta property=\"og:type\" content=\"article\" \/>\n<meta property=\"og:title\" content=\"Joven resulta fracturada tras caer de una Ruta 3 en movimiento en calles de Puebla - Puebla En Linea\" \/>\n<meta property=\"og:description\" content=\"Joven resulta fracturada tras caer de una Ruta 3 en movimiento en calles de Puebla Nota Roja\" \/>\n<meta property=\"og:url\" content=\"https:\/\/pueblaenlinea.com\/2025\/nota-roja\/joven-resulta-fracturada-tras-caer-de-una-ruta-3-en-movimiento-en-calles-de-puebla\/\" \/>\n<meta property=\"og:site_name\" content=\"Puebla En Linea\" \/>\n<meta property=\"article:publisher\" content=\"https:\/\/www.facebook.com\/pueblaenlineacom\" \/>\n<meta property=\"article:published_time\" content=\"2026-09-02T16:09:11+00:00\" \/>\n<meta property=\"article:modified_time\" content=\"2026-09-02T16:09:13+00:00\" \/>\n<meta property=\"og:image\" content=\"https:\/\/pueblaenlinea.com\/2025\/wp-content\/uploads\/2026\/09\/ruta-3.jpg\" \/>\n\t<meta property=\"og:image:width\" content=\"1200\" \/>\n\t<meta property=\"og:image:height\" content=\"674\" \/>\n\t<meta property=\"og:image:type\" content=\"image\/jpeg\" \/>\n<meta name=\"author\" content=\"Jazmin Cardenas\" \/>\n<meta name=\"twitter:card\" content=\"summary_large_image\" \/>\n<meta name=\"twitter:label1\" content=\"Escrito por\" \/>\n\t<meta name=\"twitter:data1\" content=\"Jazmin Cardenas\" \/>\n\t<meta name=\"twitter:label2\" content=\"Tiempo de lectura\" \/>\n\t<meta name=\"twitter:data2\" content=\"3 minutos\" \/>\n<script type=\"application\/ld+json\" class=\"yoast-schema-graph\">{\"@context\":\"https:\\\/\\\/schema.org\",\"@graph\":[{\"@type\":\"Article\",\"@id\":\"https:\\\/\\\/pueblaenlinea.com\\\/2025\\\/nota-roja\\\/joven-resulta-fracturada-tras-caer-de-una-ruta-3-en-movimiento-en-calles-de-puebla\\\/#article\",\"isPartOf\":{\"@id\":\"https:\\\/\\\/pueblaenlinea.com\\\/2025\\\/nota-roja\\\/joven-resulta-fracturada-tras-caer-de-una-ruta-3-en-movimiento-en-calles-de-puebla\\\/\"},\"author\":{\"name\":\"Jazmin Cardenas\",\"@id\":\"https:\\\/\\\/pueblaenlinea.com\\\/2025\\\/#\\\/schema\\\/person\\\/21ecc830e083be84dbddd9a05208834f\"},\"headline\":\"Joven resulta fracturada tras caer de una Ruta 3 en movimiento en calles de Puebla\",\"datePublished\":\"2026-09-02T16:09:11+00:00\",\"dateModified\":\"2026-09-02T16:09:13+00:00\",\"mainEntityOfPage\":{\"@id\":\"https:\\\/\\\/pueblaenlinea.com\\\/2025\\\/nota-roja\\\/joven-resulta-fracturada-tras-caer-de-una-ruta-3-en-movimiento-en-calles-de-puebla\\\/\"},\"wordCount\":527,\"image\":{\"@id\":\"https:\\\/\\\/pueblaenlinea.com\\\/2025\\\/nota-roja\\\/joven-resulta-fracturada-tras-caer-de-una-ruta-3-en-movimiento-en-calles-de-puebla\\\/#primaryimage\"},\"thumbnailUrl\":\"https:\\\/\\\/pueblaenlinea.com\\\/2025\\\/wp-content\\\/uploads\\\/2026\\\/09\\\/ruta-3.jpg\",\"keywords\":[\"accidente puebla\"],\"articleSection\":[\"Nota Roja\"],\"inLanguage\":\"es\"},{\"@type\":\"WebPage\",\"@id\":\"https:\\\/\\\/pueblaenlinea.com\\\/2025\\\/nota-roja\\\/joven-resulta-fracturada-tras-caer-de-una-ruta-3-en-movimiento-en-calles-de-puebla\\\/\",\"url\":\"https:\\\/\\\/pueblaenlinea.com\\\/2025\\\/nota-roja\\\/joven-resulta-fracturada-tras-caer-de-una-ruta-3-en-movimiento-en-calles-de-puebla\\\/\",\"name\":\"Joven resulta fracturada tras caer de una Ruta 3 en movimiento en calles de Puebla - Puebla En Linea\",\"isPartOf\":{\"@id\":\"https:\\\/\\\/pueblaenlinea.com\\\/2025\\\/#website\"},\"primaryImageOfPage\":{\"@id\":\"https:\\\/\\\/pueblaenlinea.com\\\/2025\\\/nota-roja\\\/joven-resulta-fracturada-tras-caer-de-una-ruta-3-en-movimiento-en-calles-de-puebla\\\/#primaryimage\"},\"image\":{\"@id\":\"https:\\\/\\\/pueblaenlinea.com\\\/2025\\\/nota-roja\\\/joven-resulta-fracturada-tras-caer-de-una-ruta-3-en-movimiento-en-calles-de-puebla\\\/#primaryimage\"},\"thumbnailUrl\":\"https:\\\/\\\/pueblaenlinea.com\\\/2025\\\/wp-content\\\/uploads\\\/2026\\\/09\\\/ruta-3.jpg\",\"datePublished\":\"2026-09-02T16:09:11+00:00\",\"dateModified\":\"2026-09-02T16:09:13+00:00\",\"author\":{\"@id\":\"https:\\\/\\\/pueblaenlinea.com\\\/2025\\\/#\\\/schema\\\/person\\\/21ecc830e083be84dbddd9a05208834f\"},\"description\":\"Joven resulta fracturada tras caer de una Ruta 3 en movimiento en calles de Puebla Nota Roja\",\"breadcrumb\":{\"@id\":\"https:\\\/\\\/pueblaenlinea.com\\\/2025\\\/nota-roja\\\/joven-resulta-fracturada-tras-caer-de-una-ruta-3-en-movimiento-en-calles-de-puebla\\\/#breadcrumb\"},\"inLanguage\":\"es\",\"potentialAction\":[{\"@type\":\"ReadAction\",\"target\":[\"https:\\\/\\\/pueblaenlinea.com\\\/2025\\\/nota-roja\\\/joven-resulta-fracturada-tras-caer-de-una-ruta-3-en-movimiento-en-calles-de-puebla\\\/\"]}]},{\"@type\":\"ImageObject\",\"inLanguage\":\"es\",\"@id\":\"https:\\\/\\\/pueblaenlinea.com\\\/2025\\\/nota-roja\\\/joven-resulta-fracturada-tras-caer-de-una-ruta-3-en-movimiento-en-calles-de-puebla\\\/#primaryimage\",\"url\":\"https:\\\/\\\/pueblaenlinea.com\\\/2025\\\/wp-content\\\/uploads\\\/2026\\\/09\\\/ruta-3.jpg\",\"contentUrl\":\"https:\\\/\\\/pueblaenlinea.com\\\/2025\\\/wp-content\\\/uploads\\\/2026\\\/09\\\/ruta-3.jpg\",\"width\":1200,\"height\":674},{\"@type\":\"BreadcrumbList\",\"@id\":\"https:\\\/\\\/pueblaenlinea.com\\\/2025\\\/nota-roja\\\/joven-resulta-fracturada-tras-caer-de-una-ruta-3-en-movimiento-en-calles-de-puebla\\\/#breadcrumb\",\"itemListElement\":[{\"@type\":\"ListItem\",\"position\":1,\"name\":\"Inicio\",\"item\":\"https:\\\/\\\/pueblaenlinea.com\\\/2025\\\/\"},{\"@type\":\"ListItem\",\"position\":2,\"name\":\"Joven resulta fracturada tras caer de una Ruta 3 en movimiento en calles de Puebla\"}]},{\"@type\":\"WebSite\",\"@id\":\"https:\\\/\\\/pueblaenlinea.com\\\/2025\\\/#website\",\"url\":\"https:\\\/\\\/pueblaenlinea.com\\\/2025\\\/\",\"name\":\"Puebla En Linea\",\"description\":\"noticias de puebla, periodismo serio y comprometido.\",\"potentialAction\":[{\"@type\":\"SearchAction\",\"target\":{\"@type\":\"EntryPoint\",\"urlTemplate\":\"https:\\\/\\\/pueblaenlinea.com\\\/2025\\\/?s={search_term_string}\"},\"query-input\":{\"@type\":\"PropertyValueSpecification\",\"valueRequired\":true,\"valueName\":\"search_term_string\"}}],\"inLanguage\":\"es\"},{\"@type\":\"Person\",\"@id\":\"https:\\\/\\\/pueblaenlinea.com\\\/2025\\\/#\\\/schema\\\/person\\\/21ecc830e083be84dbddd9a05208834f\",\"name\":\"Jazmin Cardenas\",\"image\":{\"@type\":\"ImageObject\",\"inLanguage\":\"es\",\"@id\":\"https:\\\/\\\/pueblaenlinea.com\\\/2025\\\/wp-content\\\/litespeed\\\/avatar\\\/9d7ab062f41a13d0af53522b39daf76f.jpg?ver=1788194722\",\"url\":\"https:\\\/\\\/pueblaenlinea.com\\\/2025\\\/wp-content\\\/litespeed\\\/avatar\\\/9d7ab062f41a13d0af53522b39daf76f.jpg?ver=1788194722\",\"contentUrl\":\"https:\\\/\\\/pueblaenlinea.com\\\/2025\\\/wp-content\\\/litespeed\\\/avatar\\\/9d7ab062f41a13d0af53522b39daf76f.jpg?ver=1788194722\",\"caption\":\"Jazmin Cardenas\"},\"url\":\"https:\\\/\\\/pueblaenlinea.com\\\/2025\\\/author\\\/jaz-pel\\\/\"}]}<\/script>\n<!-- \/ Yoast SEO plugin. -->","yoast_head_json":{"title":"Joven resulta fracturada tras caer de una Ruta 3 en movimiento en calles de Puebla - Puebla En Linea","description":"Joven resulta fracturada tras caer de una Ruta 3 en movimiento en calles de Puebla Nota Roja","robots":{"index":"index","follow":"follow","max-snippet":"max-snippet:-1","max-image-preview":"max-image-preview:large","max-video-preview":"max-video-preview:-1"},"canonical":"https:\/\/pueblaenlinea.com\/2025\/nota-roja\/joven-resulta-fracturada-tras-caer-de-una-ruta-3-en-movimiento-en-calles-de-puebla\/","og_locale":"es_MX","og_type":"article","og_title":"Joven resulta fracturada tras caer de una Ruta 3 en movimiento en calles de Puebla - Puebla En Linea","og_description":"Joven resulta fracturada tras caer de una Ruta 3 en movimiento en calles de Puebla Nota Roja","og_url":"https:\/\/pueblaenlinea.com\/2025\/nota-roja\/joven-resulta-fracturada-tras-caer-de-una-ruta-3-en-movimiento-en-calles-de-puebla\/","og_site_name":"Puebla En Linea","article_publisher":"https:\/\/www.facebook.com\/pueblaenlineacom","article_published_time":"2026-09-02T16:09:11+00:00","article_modified_time":"2026-09-02T16:09:13+00:00","og_image":[{"width":1200,"height":674,"url":"https:\/\/pueblaenlinea.com\/2025\/wp-content\/uploads\/2026\/09\/ruta-3.jpg","type":"image\/jpeg"}],"author":"Jazmin Cardenas","twitter_card":"summary_large_image","twitter_misc":{"Escrito por":"Jazmin Cardenas","Tiempo de lectura":"3 minutos"},"schema":{"@context":"https:\/\/schema.org","@graph":[{"@type":"Article","@id":"https:\/\/pueblaenlinea.com\/2025\/nota-roja\/joven-resulta-fracturada-tras-caer-de-una-ruta-3-en-movimiento-en-calles-de-puebla\/#article","isPartOf":{"@id":"https:\/\/pueblaenlinea.com\/2025\/nota-roja\/joven-resulta-fracturada-tras-caer-de-una-ruta-3-en-movimiento-en-calles-de-puebla\/"},"author":{"name":"Jazmin Cardenas","@id":"https:\/\/pueblaenlinea.com\/2025\/#\/schema\/person\/21ecc830e083be84dbddd9a05208834f"},"headline":"Joven resulta fracturada tras caer de una Ruta 3 en movimiento en calles de Puebla","datePublished":"2026-09-02T16:09:11+00:00","dateModified":"2026-09-02T16:09:13+00:00","mainEntityOfPage":{"@id":"https:\/\/pueblaenlinea.com\/2025\/nota-roja\/joven-resulta-fracturada-tras-caer-de-una-ruta-3-en-movimiento-en-calles-de-puebla\/"},"wordCount":527,"image":{"@id":"https:\/\/pueblaenlinea.com\/2025\/nota-roja\/joven-resulta-fracturada-tras-caer-de-una-ruta-3-en-movimiento-en-calles-de-puebla\/#primaryimage"},"thumbnailUrl":"https:\/\/pueblaenlinea.com\/2025\/wp-content\/uploads\/2026\/09\/ruta-3.jpg","keywords":["accidente puebla"],"articleSection":["Nota Roja"],"inLanguage":"es"},{"@type":"WebPage","@id":"https:\/\/pueblaenlinea.com\/2025\/nota-roja\/joven-resulta-fracturada-tras-caer-de-una-ruta-3-en-movimiento-en-calles-de-puebla\/","url":"https:\/\/pueblaenlinea.com\/2025\/nota-roja\/joven-resulta-fracturada-tras-caer-de-una-ruta-3-en-movimiento-en-calles-de-puebla\/","name":"Joven resulta fracturada tras caer de una Ruta 3 en movimiento en calles de Puebla - Puebla En Linea","isPartOf":{"@id":"https:\/\/pueblaenlinea.com\/2025\/#website"},"primaryImageOfPage":{"@id":"https:\/\/pueblaenlinea.com\/2025\/nota-roja\/joven-resulta-fracturada-tras-caer-de-una-ruta-3-en-movimiento-en-calles-de-puebla\/#primaryimage"},"image":{"@id":"https:\/\/pueblaenlinea.com\/2025\/nota-roja\/joven-resulta-fracturada-tras-caer-de-una-ruta-3-en-movimiento-en-calles-de-puebla\/#primaryimage"},"thumbnailUrl":"https:\/\/pueblaenlinea.com\/2025\/wp-content\/uploads\/2026\/09\/ruta-3.jpg","datePublished":"2026-09-02T16:09:11+00:00","dateModified":"2026-09-02T16:09:13+00:00","author":{"@id":"https:\/\/pueblaenlinea.com\/2025\/#\/schema\/person\/21ecc830e083be84dbddd9a05208834f"},"description":"Joven resulta fracturada tras caer de una Ruta 3 en movimiento en calles de Puebla Nota Roja","breadcrumb":{"@id":"https:\/\/pueblaenlinea.com\/2025\/nota-roja\/joven-resulta-fracturada-tras-caer-de-una-ruta-3-en-movimiento-en-calles-de-puebla\/#breadcrumb"},"inLanguage":"es","potentialAction":[{"@type":"ReadAction","target":["https:\/\/pueblaenlinea.com\/2025\/nota-roja\/joven-resulta-fracturada-tras-caer-de-una-ruta-3-en-movimiento-en-calles-de-puebla\/"]}]},{"@type":"ImageObject","inLanguage":"es","@id":"https:\/\/pueblaenlinea.com\/2025\/nota-roja\/joven-resulta-fracturada-tras-caer-de-una-ruta-3-en-movimiento-en-calles-de-puebla\/#primaryimage","url":"https:\/\/pueblaenlinea.com\/2025\/wp-content\/uploads\/2026\/09\/ruta-3.jpg","contentUrl":"https:\/\/pueblaenlinea.com\/2025\/wp-content\/uploads\/2026\/09\/ruta-3.jpg","width":1200,"height":674},{"@type":"BreadcrumbList","@id":"https:\/\/pueblaenlinea.com\/2025\/nota-roja\/joven-resulta-fracturada-tras-caer-de-una-ruta-3-en-movimiento-en-calles-de-puebla\/#breadcrumb","itemListElement":[{"@type":"ListItem","position":1,"name":"Inicio","item":"https:\/\/pueblaenlinea.com\/2025\/"},{"@type":"ListItem","position":2,"name":"Joven resulta fracturada tras caer de una Ruta 3 en movimiento en calles de Puebla"}]},{"@type":"WebSite","@id":"https:\/\/pueblaenlinea.com\/2025\/#website","url":"https:\/\/pueblaenlinea.com\/2025\/","name":"Puebla En Linea","description":"noticias de puebla, periodismo serio y comprometido.","potentialAction":[{"@type":"SearchAction","target":{"@type":"EntryPoint","urlTemplate":"https:\/\/pueblaenlinea.com\/2025\/?s={search_term_string}"},"query-input":{"@type":"PropertyValueSpecification","valueRequired":true,"valueName":"search_term_string"}}],"inLanguage":"es"},{"@type":"Person","@id":"https:\/\/pueblaenlinea.com\/2025\/#\/schema\/person\/21ecc830e083be84dbddd9a05208834f","name":"Jazmin Cardenas","image":{"@type":"ImageObject","inLanguage":"es","@id":"https:\/\/pueblaenlinea.com\/2025\/wp-content\/litespeed\/avatar\/9d7ab062f41a13d0af53522b39daf76f.jpg?ver=1788194722","url":"https:\/\/pueblaenlinea.com\/2025\/wp-content\/litespeed\/avatar\/9d7ab062f41a13d0af53522b39daf76f.jpg?ver=1788194722","contentUrl":"https:\/\/pueblaenlinea.com\/2025\/wp-content\/litespeed\/avatar\/9d7ab062f41a13d0af53522b39daf76f.jpg?ver=1788194722","caption":"Jazmin Cardenas"},"url":"https:\/\/pueblaenlinea.com\/2025\/author\/jaz-pel\/"}]}},"_links":{"self":[{"href":"https:\/\/pueblaenlinea.com\/2025\/wp-json\/wp\/v2\/posts\/134769","targetHints":{"allow":["GET"]}}],"collection":[{"href":"https:\/\/pueblaenlinea.com\/2025\/wp-json\/wp\/v2\/posts"}],"about":[{"href":"https:\/\/pueblaenlinea.com\/2025\/wp-json\/wp\/v2\/types\/post"}],"author":[{"embeddable":true,"href":"https:\/\/pueblaenlinea.com\/2025\/wp-json\/wp\/v2\/users\/10"}],"replies":[{"embeddable":true,"href":"https:\/\/pueblaenlinea.com\/2025\/wp-json\/wp\/v2\/comments?post=134769"}],"version-history":[{"count":0,"href":"https:\/\/pueblaenlinea.com\/2025\/wp-json\/wp\/v2\/posts\/134769\/revisions"}],"wp:featuredmedia":[{"embeddable":true,"href":"https:\/\/pueblaenlinea.com\/2025\/wp-json\/wp\/v2\/media\/134770"}],"wp:attachment":[{"href":"https:\/\/pueblaenlinea.com\/2025\/wp-json\/wp\/v2\/media?parent=134769"}],"wp:term":[{"taxonomy":"category","embeddable":true,"href":"https:\/\/pueblaenlinea.com\/2025\/wp-json\/wp\/v2\/categories?post=134769"},{"taxonomy":"post_tag","embeddable":true,"href":"https:\/\/pueblaenlinea.com\/2025\/wp-json\/wp\/v2\/tags?post=134769"}],"curies":[{"name":"wp","href":"https:\/\/api.w.org\/{rel}","templated":true}]}}