{"id":134767,"date":"2026-09-02T09:43:02","date_gmt":"2026-09-02T15:43:02","guid":{"rendered":"https:\/\/pueblaenlinea.com\/2025\/?p=134767"},"modified":"2026-09-02T09:43:02","modified_gmt":"2026-09-02T15:43:02","slug":"restringiran-venta-de-alcohol-en-tiendas-de-conveniencia-del-centro-de-puebla-durante-el-15-de-septiembre","status":"publish","type":"post","link":"https:\/\/pueblaenlinea.com\/2025\/puebla\/restringiran-venta-de-alcohol-en-tiendas-de-conveniencia-del-centro-de-puebla-durante-el-15-de-septiembre\/","title":{"rendered":"Restringir\u00e1n venta de alcohol en tiendas de conveniencia del Centro de Puebla durante el 15 de septiembre"},"content":{"rendered":"\n<p class=\"wp-block-paragraph\"><strong>La venta de bebidas alcoh\u00f3licas ser\u00e1 suspendida en tiendas de conveniencia ubicadas en el primer cuadro de Puebla durante el 15 de septiembre, fecha en que se realizar\u00e1 la verbena popular por las fiestas patrias.<\/strong><\/p>\n\n\n\n<p class=\"wp-block-paragraph\">La medida fue precisada por la <strong>Secretar\u00eda General de Gobierno<\/strong>, que se\u00f1al\u00f3 que la suspensi\u00f3n de la comercializaci\u00f3n aplicar\u00e1 \u00fanicamente a los establecimientos situados en la zona donde se concentrar\u00e1n las actividades del festejo.<\/p>\n\n\n\n<p class=\"wp-block-paragraph\">El objetivo, de acuerdo con la dependencia, es contribuir a mantener la seguridad y una convivencia familiar durante la celebraci\u00f3n de la noche mexicana.<\/p>\n\n\n\n<p class=\"wp-block-paragraph\">No se trata, por lo informado hasta ahora, de una prohibici\u00f3n general para toda la ciudad. La disposici\u00f3n est\u00e1 dirigida espec\u00edficamente a <strong>tiendas de conveniencia ubicadas en el primer cuadro de Puebla<\/strong>.<\/p>\n\n\n\n<h3 class=\"wp-block-heading\">La medida se concentrar\u00e1 en el Centro<\/h3>\n\n\n\n<p class=\"wp-block-paragraph\">La decisi\u00f3n cobra relevancia porque el Centro Hist\u00f3rico ser\u00e1 uno de los principales puntos de concentraci\u00f3n de personas durante el 15 de septiembre, con la verbena popular y las actividades relacionadas con el Grito de Independencia.<\/p>\n\n\n\n<p class=\"wp-block-paragraph\"><strong>Lo que se sabe hasta ahora:<\/strong><\/p>\n\n\n\n<ul class=\"wp-block-list\">\n<li>\ud83c\uddf2\ud83c\uddfd <strong>Fecha:<\/strong> 15 de septiembre.<\/li>\n\n\n\n<li>\ud83d\udccd <strong>Zona:<\/strong> primer cuadro de la ciudad de Puebla.<\/li>\n\n\n\n<li>\ud83c\udfea <strong>Establecimientos:<\/strong> tiendas de conveniencia ubicadas en esa zona.<\/li>\n\n\n\n<li>\ud83c\udf7a <strong>Medida:<\/strong> suspensi\u00f3n de la venta de bebidas alcoh\u00f3licas.<\/li>\n\n\n\n<li>\ud83d\udc68\u200d\ud83d\udc69\u200d\ud83d\udc67\u200d\ud83d\udc66 <strong>Objetivo se\u00f1alado:<\/strong> seguridad y sana convivencia durante las fiestas patrias.<\/li>\n<\/ul>\n\n\n\n<p class=\"wp-block-paragraph\">La Secretar\u00eda General de Gobierno tambi\u00e9n inform\u00f3 que mantiene comunicaci\u00f3n con <strong>hoteleros, restauranteros y representantes de la iniciativa privada<\/strong>, en coordinaci\u00f3n con el <strong>Gobierno de la Ciudad de Puebla<\/strong>, encabezado por el alcalde <strong>Pepe Chedraui<\/strong>.<\/p>\n\n\n\n<p class=\"wp-block-paragraph\">La intenci\u00f3n, seg\u00fan el comunicado, es construir acuerdos y establecer medidas consensuadas para el desarrollo de las celebraciones.<\/p>\n\n\n\n<h3 class=\"wp-block-heading\">\u00bfQu\u00e9 pasar\u00e1 con restaurantes y hoteles?<\/h3>\n\n\n\n<p class=\"wp-block-paragraph\">El comunicado no se\u00f1ala una suspensi\u00f3n general de la venta de alcohol para hoteles, restaurantes o establecimientos de toda la ciudad. Por ello, cualquier medida adicional para estos sectores tendr\u00eda que ser comunicada de manera espec\u00edfica por las autoridades.<\/p>\n\n\n\n<p class=\"wp-block-paragraph\">El punto central, por ahora, est\u00e1 en las tiendas de conveniencia del primer cuadro, donde la venta de bebidas alcoh\u00f3licas ser\u00e1 suspendida durante el 15 de septiembre.<\/p>\n\n\n\n<p class=\"wp-block-paragraph\"><strong>Si quieres seguir esta y otras notas de inter\u00e9s en tiempo real, \u00fanete a nuestro canal de WhatsApp: <a href=\"https:\/\/whatsapp.com\/channel\/0029Va5CSyuEQIalZaJWpX1h?utm_source=chatgpt.com\">Canal de WhatsApp de Puebla En L\u00ednea<\/a><\/strong><\/p>\n\n\n\n<p class=\"wp-block-paragraph\">La noche del 15 de septiembre suele convertir al Centro de Puebla en un enorme punto de encuentro. Entre m\u00fasica, comida y celebraci\u00f3n, el reto para las autoridades ser\u00e1 que la fiesta conserve precisamente eso: su car\u00e1cter de celebraci\u00f3n, sin que el exceso termine escribiendo otra historia.<\/p>\n\n\n\n<p class=\"wp-block-paragraph\"><strong>Escrito por Redacci\u00f3n Puebla En L\u00ednea<\/strong><\/p>\n\n\n\n<ol class=\"wp-block-list\">\n<li><strong>\u00bfSin alcohol en el Centro de Puebla este 15 de septiembre? Esto es lo que realmente anunci\u00f3 el Gobierno<\/strong><\/li>\n\n\n\n<li><strong>Puebla prepara medida especial para el 15 de septiembre: estas tiendas no podr\u00e1n vender alcohol<\/strong><\/li>\n\n\n\n<li><strong>Fiestas Patrias en Puebla: restringir\u00e1n venta de alcohol en tiendas del primer cuadro<\/strong><\/li>\n\n\n\n<li><strong>Ojo si vas al Centro el 15 de septiembre: habr\u00e1 suspensi\u00f3n de venta de alcohol en estas tiendas<\/strong><\/li>\n\n\n\n<li><strong>No ser\u00e1 en toda Puebla: as\u00ed aplicar\u00e1 la restricci\u00f3n de alcohol durante el 15 de septiembre<\/strong><\/li>\n<\/ol>\n","protected":false},"excerpt":{"rendered":"<p>La venta de bebidas alcoh\u00f3licas ser\u00e1 suspendida en tiendas de conveniencia ubicadas en el primer cuadro de Puebla durante el 15 de septiembre, fecha en que se realizar\u00e1 la verbena popular por las fiestas patrias. La medida fue precisada por la Secretar\u00eda General de Gobierno, que se\u00f1al\u00f3 que la suspensi\u00f3n de la comercializaci\u00f3n aplicar\u00e1 \u00fanicamente&#8230;<\/p>\n","protected":false},"author":10,"featured_media":134768,"comment_status":"closed","ping_status":"closed","sticky":false,"template":"","format":"standard","meta":{"footnotes":""},"categories":[2],"tags":[1386],"class_list":["post-134767","post","type-post","status-publish","format-standard","has-post-thumbnail","hentry","category-puebla","tag-puebla"],"yoast_head":"<!-- This site is optimized with the Yoast SEO plugin v28.4 - https:\/\/yoast.com\/product\/yoast-seo-wordpress\/ -->\n<title>Restringir\u00e1n venta de alcohol en tiendas de conveniencia del Centro de Puebla durante el 15 de septiembre - Puebla En Linea<\/title>\n<meta name=\"description\" content=\"Restringir\u00e1n venta de alcohol en tiendas de conveniencia del Centro de Puebla durante el 15 de septiembre Puebla\" \/>\n<meta name=\"robots\" content=\"index, follow, max-snippet:-1, max-image-preview:large, max-video-preview:-1\" \/>\n<link rel=\"canonical\" href=\"https:\/\/pueblaenlinea.com\/2025\/puebla\/restringiran-venta-de-alcohol-en-tiendas-de-conveniencia-del-centro-de-puebla-durante-el-15-de-septiembre\/\" \/>\n<meta property=\"og:locale\" content=\"es_MX\" \/>\n<meta property=\"og:type\" content=\"article\" \/>\n<meta property=\"og:title\" content=\"Restringir\u00e1n venta de alcohol en tiendas de conveniencia del Centro de Puebla durante el 15 de septiembre - Puebla En Linea\" \/>\n<meta property=\"og:description\" content=\"Restringir\u00e1n venta de alcohol en tiendas de conveniencia del Centro de Puebla durante el 15 de septiembre Puebla\" \/>\n<meta property=\"og:url\" content=\"https:\/\/pueblaenlinea.com\/2025\/puebla\/restringiran-venta-de-alcohol-en-tiendas-de-conveniencia-del-centro-de-puebla-durante-el-15-de-septiembre\/\" \/>\n<meta property=\"og:site_name\" content=\"Puebla En Linea\" \/>\n<meta property=\"article:publisher\" content=\"https:\/\/www.facebook.com\/pueblaenlineacom\" \/>\n<meta property=\"article:published_time\" content=\"2026-09-02T15:43:02+00:00\" \/>\n<meta property=\"og:image\" content=\"https:\/\/pueblaenlinea.com\/2025\/wp-content\/uploads\/2026\/09\/festejosseptiembre.jpg\" \/>\n\t<meta property=\"og:image:width\" content=\"1200\" \/>\n\t<meta property=\"og:image:height\" content=\"674\" \/>\n\t<meta property=\"og:image:type\" content=\"image\/jpeg\" \/>\n<meta name=\"author\" content=\"Jazmin Cardenas\" \/>\n<meta name=\"twitter:card\" content=\"summary_large_image\" \/>\n<meta name=\"twitter:label1\" content=\"Escrito por\" \/>\n\t<meta name=\"twitter:data1\" content=\"Jazmin Cardenas\" \/>\n\t<meta name=\"twitter:label2\" content=\"Tiempo de lectura\" \/>\n\t<meta name=\"twitter:data2\" content=\"3 minutos\" \/>\n<script type=\"application\/ld+json\" class=\"yoast-schema-graph\">{\"@context\":\"https:\\\/\\\/schema.org\",\"@graph\":[{\"@type\":\"Article\",\"@id\":\"https:\\\/\\\/pueblaenlinea.com\\\/2025\\\/puebla\\\/restringiran-venta-de-alcohol-en-tiendas-de-conveniencia-del-centro-de-puebla-durante-el-15-de-septiembre\\\/#article\",\"isPartOf\":{\"@id\":\"https:\\\/\\\/pueblaenlinea.com\\\/2025\\\/puebla\\\/restringiran-venta-de-alcohol-en-tiendas-de-conveniencia-del-centro-de-puebla-durante-el-15-de-septiembre\\\/\"},\"author\":{\"name\":\"Jazmin Cardenas\",\"@id\":\"https:\\\/\\\/pueblaenlinea.com\\\/2025\\\/#\\\/schema\\\/person\\\/21ecc830e083be84dbddd9a05208834f\"},\"headline\":\"Restringir\u00e1n venta de alcohol en tiendas de conveniencia del Centro de Puebla durante el 15 de septiembre\",\"datePublished\":\"2026-09-02T15:43:02+00:00\",\"mainEntityOfPage\":{\"@id\":\"https:\\\/\\\/pueblaenlinea.com\\\/2025\\\/puebla\\\/restringiran-venta-de-alcohol-en-tiendas-de-conveniencia-del-centro-de-puebla-durante-el-15-de-septiembre\\\/\"},\"wordCount\":543,\"image\":{\"@id\":\"https:\\\/\\\/pueblaenlinea.com\\\/2025\\\/puebla\\\/restringiran-venta-de-alcohol-en-tiendas-de-conveniencia-del-centro-de-puebla-durante-el-15-de-septiembre\\\/#primaryimage\"},\"thumbnailUrl\":\"https:\\\/\\\/pueblaenlinea.com\\\/2025\\\/wp-content\\\/uploads\\\/2026\\\/09\\\/festejosseptiembre.jpg\",\"keywords\":[\"Puebla\"],\"articleSection\":[\"Puebla\"],\"inLanguage\":\"es\"},{\"@type\":\"WebPage\",\"@id\":\"https:\\\/\\\/pueblaenlinea.com\\\/2025\\\/puebla\\\/restringiran-venta-de-alcohol-en-tiendas-de-conveniencia-del-centro-de-puebla-durante-el-15-de-septiembre\\\/\",\"url\":\"https:\\\/\\\/pueblaenlinea.com\\\/2025\\\/puebla\\\/restringiran-venta-de-alcohol-en-tiendas-de-conveniencia-del-centro-de-puebla-durante-el-15-de-septiembre\\\/\",\"name\":\"Restringir\u00e1n venta de alcohol en tiendas de conveniencia del Centro de Puebla durante el 15 de septiembre - Puebla En Linea\",\"isPartOf\":{\"@id\":\"https:\\\/\\\/pueblaenlinea.com\\\/2025\\\/#website\"},\"primaryImageOfPage\":{\"@id\":\"https:\\\/\\\/pueblaenlinea.com\\\/2025\\\/puebla\\\/restringiran-venta-de-alcohol-en-tiendas-de-conveniencia-del-centro-de-puebla-durante-el-15-de-septiembre\\\/#primaryimage\"},\"image\":{\"@id\":\"https:\\\/\\\/pueblaenlinea.com\\\/2025\\\/puebla\\\/restringiran-venta-de-alcohol-en-tiendas-de-conveniencia-del-centro-de-puebla-durante-el-15-de-septiembre\\\/#primaryimage\"},\"thumbnailUrl\":\"https:\\\/\\\/pueblaenlinea.com\\\/2025\\\/wp-content\\\/uploads\\\/2026\\\/09\\\/festejosseptiembre.jpg\",\"datePublished\":\"2026-09-02T15:43:02+00:00\",\"author\":{\"@id\":\"https:\\\/\\\/pueblaenlinea.com\\\/2025\\\/#\\\/schema\\\/person\\\/21ecc830e083be84dbddd9a05208834f\"},\"description\":\"Restringir\u00e1n venta de alcohol en tiendas de conveniencia del Centro de Puebla durante el 15 de septiembre Puebla\",\"breadcrumb\":{\"@id\":\"https:\\\/\\\/pueblaenlinea.com\\\/2025\\\/puebla\\\/restringiran-venta-de-alcohol-en-tiendas-de-conveniencia-del-centro-de-puebla-durante-el-15-de-septiembre\\\/#breadcrumb\"},\"inLanguage\":\"es\",\"potentialAction\":[{\"@type\":\"ReadAction\",\"target\":[\"https:\\\/\\\/pueblaenlinea.com\\\/2025\\\/puebla\\\/restringiran-venta-de-alcohol-en-tiendas-de-conveniencia-del-centro-de-puebla-durante-el-15-de-septiembre\\\/\"]}]},{\"@type\":\"ImageObject\",\"inLanguage\":\"es\",\"@id\":\"https:\\\/\\\/pueblaenlinea.com\\\/2025\\\/puebla\\\/restringiran-venta-de-alcohol-en-tiendas-de-conveniencia-del-centro-de-puebla-durante-el-15-de-septiembre\\\/#primaryimage\",\"url\":\"https:\\\/\\\/pueblaenlinea.com\\\/2025\\\/wp-content\\\/uploads\\\/2026\\\/09\\\/festejosseptiembre.jpg\",\"contentUrl\":\"https:\\\/\\\/pueblaenlinea.com\\\/2025\\\/wp-content\\\/uploads\\\/2026\\\/09\\\/festejosseptiembre.jpg\",\"width\":1200,\"height\":674},{\"@type\":\"BreadcrumbList\",\"@id\":\"https:\\\/\\\/pueblaenlinea.com\\\/2025\\\/puebla\\\/restringiran-venta-de-alcohol-en-tiendas-de-conveniencia-del-centro-de-puebla-durante-el-15-de-septiembre\\\/#breadcrumb\",\"itemListElement\":[{\"@type\":\"ListItem\",\"position\":1,\"name\":\"Inicio\",\"item\":\"https:\\\/\\\/pueblaenlinea.com\\\/2025\\\/\"},{\"@type\":\"ListItem\",\"position\":2,\"name\":\"Restringir\u00e1n venta de alcohol en tiendas de conveniencia del Centro de Puebla durante el 15 de septiembre\"}]},{\"@type\":\"WebSite\",\"@id\":\"https:\\\/\\\/pueblaenlinea.com\\\/2025\\\/#website\",\"url\":\"https:\\\/\\\/pueblaenlinea.com\\\/2025\\\/\",\"name\":\"Puebla En Linea\",\"description\":\"noticias de puebla, periodismo serio y comprometido.\",\"potentialAction\":[{\"@type\":\"SearchAction\",\"target\":{\"@type\":\"EntryPoint\",\"urlTemplate\":\"https:\\\/\\\/pueblaenlinea.com\\\/2025\\\/?s={search_term_string}\"},\"query-input\":{\"@type\":\"PropertyValueSpecification\",\"valueRequired\":true,\"valueName\":\"search_term_string\"}}],\"inLanguage\":\"es\"},{\"@type\":\"Person\",\"@id\":\"https:\\\/\\\/pueblaenlinea.com\\\/2025\\\/#\\\/schema\\\/person\\\/21ecc830e083be84dbddd9a05208834f\",\"name\":\"Jazmin Cardenas\",\"image\":{\"@type\":\"ImageObject\",\"inLanguage\":\"es\",\"@id\":\"https:\\\/\\\/pueblaenlinea.com\\\/2025\\\/wp-content\\\/litespeed\\\/avatar\\\/9d7ab062f41a13d0af53522b39daf76f.jpg?ver=1788194722\",\"url\":\"https:\\\/\\\/pueblaenlinea.com\\\/2025\\\/wp-content\\\/litespeed\\\/avatar\\\/9d7ab062f41a13d0af53522b39daf76f.jpg?ver=1788194722\",\"contentUrl\":\"https:\\\/\\\/pueblaenlinea.com\\\/2025\\\/wp-content\\\/litespeed\\\/avatar\\\/9d7ab062f41a13d0af53522b39daf76f.jpg?ver=1788194722\",\"caption\":\"Jazmin Cardenas\"},\"url\":\"https:\\\/\\\/pueblaenlinea.com\\\/2025\\\/author\\\/jaz-pel\\\/\"}]}<\/script>\n<!-- \/ Yoast SEO plugin. -->","yoast_head_json":{"title":"Restringir\u00e1n venta de alcohol en tiendas de conveniencia del Centro de Puebla durante el 15 de septiembre - Puebla En Linea","description":"Restringir\u00e1n venta de alcohol en tiendas de conveniencia del Centro de Puebla durante el 15 de septiembre Puebla","robots":{"index":"index","follow":"follow","max-snippet":"max-snippet:-1","max-image-preview":"max-image-preview:large","max-video-preview":"max-video-preview:-1"},"canonical":"https:\/\/pueblaenlinea.com\/2025\/puebla\/restringiran-venta-de-alcohol-en-tiendas-de-conveniencia-del-centro-de-puebla-durante-el-15-de-septiembre\/","og_locale":"es_MX","og_type":"article","og_title":"Restringir\u00e1n venta de alcohol en tiendas de conveniencia del Centro de Puebla durante el 15 de septiembre - Puebla En Linea","og_description":"Restringir\u00e1n venta de alcohol en tiendas de conveniencia del Centro de Puebla durante el 15 de septiembre Puebla","og_url":"https:\/\/pueblaenlinea.com\/2025\/puebla\/restringiran-venta-de-alcohol-en-tiendas-de-conveniencia-del-centro-de-puebla-durante-el-15-de-septiembre\/","og_site_name":"Puebla En Linea","article_publisher":"https:\/\/www.facebook.com\/pueblaenlineacom","article_published_time":"2026-09-02T15:43:02+00:00","og_image":[{"width":1200,"height":674,"url":"https:\/\/pueblaenlinea.com\/2025\/wp-content\/uploads\/2026\/09\/festejosseptiembre.jpg","type":"image\/jpeg"}],"author":"Jazmin Cardenas","twitter_card":"summary_large_image","twitter_misc":{"Escrito por":"Jazmin Cardenas","Tiempo de lectura":"3 minutos"},"schema":{"@context":"https:\/\/schema.org","@graph":[{"@type":"Article","@id":"https:\/\/pueblaenlinea.com\/2025\/puebla\/restringiran-venta-de-alcohol-en-tiendas-de-conveniencia-del-centro-de-puebla-durante-el-15-de-septiembre\/#article","isPartOf":{"@id":"https:\/\/pueblaenlinea.com\/2025\/puebla\/restringiran-venta-de-alcohol-en-tiendas-de-conveniencia-del-centro-de-puebla-durante-el-15-de-septiembre\/"},"author":{"name":"Jazmin Cardenas","@id":"https:\/\/pueblaenlinea.com\/2025\/#\/schema\/person\/21ecc830e083be84dbddd9a05208834f"},"headline":"Restringir\u00e1n venta de alcohol en tiendas de conveniencia del Centro de Puebla durante el 15 de septiembre","datePublished":"2026-09-02T15:43:02+00:00","mainEntityOfPage":{"@id":"https:\/\/pueblaenlinea.com\/2025\/puebla\/restringiran-venta-de-alcohol-en-tiendas-de-conveniencia-del-centro-de-puebla-durante-el-15-de-septiembre\/"},"wordCount":543,"image":{"@id":"https:\/\/pueblaenlinea.com\/2025\/puebla\/restringiran-venta-de-alcohol-en-tiendas-de-conveniencia-del-centro-de-puebla-durante-el-15-de-septiembre\/#primaryimage"},"thumbnailUrl":"https:\/\/pueblaenlinea.com\/2025\/wp-content\/uploads\/2026\/09\/festejosseptiembre.jpg","keywords":["Puebla"],"articleSection":["Puebla"],"inLanguage":"es"},{"@type":"WebPage","@id":"https:\/\/pueblaenlinea.com\/2025\/puebla\/restringiran-venta-de-alcohol-en-tiendas-de-conveniencia-del-centro-de-puebla-durante-el-15-de-septiembre\/","url":"https:\/\/pueblaenlinea.com\/2025\/puebla\/restringiran-venta-de-alcohol-en-tiendas-de-conveniencia-del-centro-de-puebla-durante-el-15-de-septiembre\/","name":"Restringir\u00e1n venta de alcohol en tiendas de conveniencia del Centro de Puebla durante el 15 de septiembre - Puebla En Linea","isPartOf":{"@id":"https:\/\/pueblaenlinea.com\/2025\/#website"},"primaryImageOfPage":{"@id":"https:\/\/pueblaenlinea.com\/2025\/puebla\/restringiran-venta-de-alcohol-en-tiendas-de-conveniencia-del-centro-de-puebla-durante-el-15-de-septiembre\/#primaryimage"},"image":{"@id":"https:\/\/pueblaenlinea.com\/2025\/puebla\/restringiran-venta-de-alcohol-en-tiendas-de-conveniencia-del-centro-de-puebla-durante-el-15-de-septiembre\/#primaryimage"},"thumbnailUrl":"https:\/\/pueblaenlinea.com\/2025\/wp-content\/uploads\/2026\/09\/festejosseptiembre.jpg","datePublished":"2026-09-02T15:43:02+00:00","author":{"@id":"https:\/\/pueblaenlinea.com\/2025\/#\/schema\/person\/21ecc830e083be84dbddd9a05208834f"},"description":"Restringir\u00e1n venta de alcohol en tiendas de conveniencia del Centro de Puebla durante el 15 de septiembre Puebla","breadcrumb":{"@id":"https:\/\/pueblaenlinea.com\/2025\/puebla\/restringiran-venta-de-alcohol-en-tiendas-de-conveniencia-del-centro-de-puebla-durante-el-15-de-septiembre\/#breadcrumb"},"inLanguage":"es","potentialAction":[{"@type":"ReadAction","target":["https:\/\/pueblaenlinea.com\/2025\/puebla\/restringiran-venta-de-alcohol-en-tiendas-de-conveniencia-del-centro-de-puebla-durante-el-15-de-septiembre\/"]}]},{"@type":"ImageObject","inLanguage":"es","@id":"https:\/\/pueblaenlinea.com\/2025\/puebla\/restringiran-venta-de-alcohol-en-tiendas-de-conveniencia-del-centro-de-puebla-durante-el-15-de-septiembre\/#primaryimage","url":"https:\/\/pueblaenlinea.com\/2025\/wp-content\/uploads\/2026\/09\/festejosseptiembre.jpg","contentUrl":"https:\/\/pueblaenlinea.com\/2025\/wp-content\/uploads\/2026\/09\/festejosseptiembre.jpg","width":1200,"height":674},{"@type":"BreadcrumbList","@id":"https:\/\/pueblaenlinea.com\/2025\/puebla\/restringiran-venta-de-alcohol-en-tiendas-de-conveniencia-del-centro-de-puebla-durante-el-15-de-septiembre\/#breadcrumb","itemListElement":[{"@type":"ListItem","position":1,"name":"Inicio","item":"https:\/\/pueblaenlinea.com\/2025\/"},{"@type":"ListItem","position":2,"name":"Restringir\u00e1n venta de alcohol en tiendas de conveniencia del Centro de Puebla durante el 15 de septiembre"}]},{"@type":"WebSite","@id":"https:\/\/pueblaenlinea.com\/2025\/#website","url":"https:\/\/pueblaenlinea.com\/2025\/","name":"Puebla En Linea","description":"noticias de puebla, periodismo serio y comprometido.","potentialAction":[{"@type":"SearchAction","target":{"@type":"EntryPoint","urlTemplate":"https:\/\/pueblaenlinea.com\/2025\/?s={search_term_string}"},"query-input":{"@type":"PropertyValueSpecification","valueRequired":true,"valueName":"search_term_string"}}],"inLanguage":"es"},{"@type":"Person","@id":"https:\/\/pueblaenlinea.com\/2025\/#\/schema\/person\/21ecc830e083be84dbddd9a05208834f","name":"Jazmin Cardenas","image":{"@type":"ImageObject","inLanguage":"es","@id":"https:\/\/pueblaenlinea.com\/2025\/wp-content\/litespeed\/avatar\/9d7ab062f41a13d0af53522b39daf76f.jpg?ver=1788194722","url":"https:\/\/pueblaenlinea.com\/2025\/wp-content\/litespeed\/avatar\/9d7ab062f41a13d0af53522b39daf76f.jpg?ver=1788194722","contentUrl":"https:\/\/pueblaenlinea.com\/2025\/wp-content\/litespeed\/avatar\/9d7ab062f41a13d0af53522b39daf76f.jpg?ver=1788194722","caption":"Jazmin Cardenas"},"url":"https:\/\/pueblaenlinea.com\/2025\/author\/jaz-pel\/"}]}},"_links":{"self":[{"href":"https:\/\/pueblaenlinea.com\/2025\/wp-json\/wp\/v2\/posts\/134767","targetHints":{"allow":["GET"]}}],"collection":[{"href":"https:\/\/pueblaenlinea.com\/2025\/wp-json\/wp\/v2\/posts"}],"about":[{"href":"https:\/\/pueblaenlinea.com\/2025\/wp-json\/wp\/v2\/types\/post"}],"author":[{"embeddable":true,"href":"https:\/\/pueblaenlinea.com\/2025\/wp-json\/wp\/v2\/users\/10"}],"replies":[{"embeddable":true,"href":"https:\/\/pueblaenlinea.com\/2025\/wp-json\/wp\/v2\/comments?post=134767"}],"version-history":[{"count":0,"href":"https:\/\/pueblaenlinea.com\/2025\/wp-json\/wp\/v2\/posts\/134767\/revisions"}],"wp:featuredmedia":[{"embeddable":true,"href":"https:\/\/pueblaenlinea.com\/2025\/wp-json\/wp\/v2\/media\/134768"}],"wp:attachment":[{"href":"https:\/\/pueblaenlinea.com\/2025\/wp-json\/wp\/v2\/media?parent=134767"}],"wp:term":[{"taxonomy":"category","embeddable":true,"href":"https:\/\/pueblaenlinea.com\/2025\/wp-json\/wp\/v2\/categories?post=134767"},{"taxonomy":"post_tag","embeddable":true,"href":"https:\/\/pueblaenlinea.com\/2025\/wp-json\/wp\/v2\/tags?post=134767"}],"curies":[{"name":"wp","href":"https:\/\/api.w.org\/{rel}","templated":true}]}}