{"id":134763,"date":"2026-09-02T07:32:11","date_gmt":"2026-09-02T13:32:11","guid":{"rendered":"https:\/\/pueblaenlinea.com\/2025\/?p=134763"},"modified":"2026-09-02T08:04:38","modified_gmt":"2026-09-02T14:04:38","slug":"tragedia-en-carretera-choque-entre-dos-motocicletas-deja-dos-menores-muertos-en-ciudad-serdan","status":"publish","type":"post","link":"https:\/\/pueblaenlinea.com\/2025\/nota-roja\/tragedia-en-carretera-choque-entre-dos-motocicletas-deja-dos-menores-muertos-en-ciudad-serdan\/","title":{"rendered":"Tragedia en carretera: choque entre dos motocicletas deja dos menores muertos en Ciudad Serd\u00e1n"},"content":{"rendered":"\n<p class=\"wp-block-paragraph\"><strong>Un accidente entre dos motocicletas sobre la carretera estatal Ciudad Serd\u00e1n-\u00c1lvaro Obreg\u00f3n dej\u00f3 dos menores de edad sin vida y una persona m\u00e1s lesionada. Uno de los j\u00f3venes muri\u00f3 en el lugar y otro falleci\u00f3 horas despu\u00e9s en el hospital.<\/strong><\/p>\n\n\n\n<p class=\"wp-block-paragraph\">La carretera se convirti\u00f3 en escenario de una tragedia. El choque ocurri\u00f3 a la altura del tramo conocido como <strong>Los Ricardos<\/strong>, donde dos motocicletas colisionaron por causas que todav\u00eda no han sido establecidas por las autoridades.<\/p>\n\n\n\n<p class=\"wp-block-paragraph\">Tras recibir el reporte de emergencia, al sitio acudieron param\u00e9dicos del <strong>Sistema de Urgencias M\u00e9dicas Avanzadas (SUMA)<\/strong> y elementos de <strong>Bomberos de Ciudad Serd\u00e1n<\/strong>, quienes brindaron atenci\u00f3n a los involucrados.<\/p>\n\n\n\n<p class=\"wp-block-paragraph\">Uno de los menores perdi\u00f3 la vida en el lugar debido a la gravedad de las lesiones. Mientras tanto, otras dos personas fueron auxiliadas y trasladadas al <strong>Hospital General de Ciudad Serd\u00e1n<\/strong> para recibir atenci\u00f3n m\u00e9dica.<\/p>\n\n\n\n<h3 class=\"wp-block-heading\">La segunda v\u00edctima muri\u00f3 en el hospital<\/h3>\n\n\n\n<p class=\"wp-block-paragraph\">Horas despu\u00e9s del accidente se confirm\u00f3 el fallecimiento de un segundo menor, identificado como un ni\u00f1o de <strong>12 a\u00f1os<\/strong>, quien no logr\u00f3 sobrevivir a las lesiones que sufri\u00f3 durante el percance.<\/p>\n\n\n\n<p class=\"wp-block-paragraph\">Con ello, el saldo preliminar de este accidente fue de <strong>dos menores fallecidos y una persona lesionada<\/strong>.<\/p>\n\n\n\n<p class=\"wp-block-paragraph\"><strong>Datos clave:<\/strong><\/p>\n\n\n\n<ul class=\"wp-block-list\">\n<li>\ud83d\udccd <strong>Lugar:<\/strong> carretera estatal Ciudad Serd\u00e1n-\u00c1lvaro Obreg\u00f3n, tramo Los Ricardos.<\/li>\n\n\n\n<li>\ud83c\udfcd\ufe0f <strong>Veh\u00edculos involucrados:<\/strong> dos motocicletas.<\/li>\n\n\n\n<li>\u26ab <strong>V\u00edctimas mortales:<\/strong> dos menores de edad.<\/li>\n\n\n\n<li>\ud83d\ude91 <strong>Persona lesionada:<\/strong> una, trasladada al Hospital General de Ciudad Serd\u00e1n.<\/li>\n\n\n\n<li>\ud83d\ude92 <strong>Atenci\u00f3n:<\/strong> SUMA y Bomberos de Ciudad Serd\u00e1n.<\/li>\n\n\n\n<li>\ud83d\udd0e <strong>Causa del accidente:<\/strong> bajo investigaci\u00f3n.<\/li>\n<\/ul>\n\n\n\n<p class=\"wp-block-paragraph\">Las autoridades correspondientes realizaron las diligencias necesarias y mantienen abierta la investigaci\u00f3n para establecer c\u00f3mo ocurri\u00f3 el choque y determinar las responsabilidades que correspondan.<\/p>\n\n\n\n<p class=\"wp-block-paragraph\">Si quieres seguir esta y otras notas de inter\u00e9s en tiempo real, \u00fanete a nuestro canal de WhatsApp: <a href=\"https:\/\/whatsapp.com\/channel\/0029Va5CSyuEQIalZaJWpX1h\">https:\/\/whatsapp.com\/channel\/0029Va5CSyuEQIalZaJWpX1h<\/a><\/p>\n\n\n\n<p class=\"wp-block-paragraph\">En una carretera donde un trayecto cualquiera termin\u00f3 en p\u00e9rdida de vidas, quedan nuevamente sobre la mesa los riesgos que enfrentan quienes circulan en motocicleta. La investigaci\u00f3n deber\u00e1 esclarecer los hechos, pero para las familias afectadas la tragedia ya dej\u00f3 una consecuencia irreversible.<\/p>\n\n\n\n<p class=\"wp-block-paragraph\"><strong>Escrito por Redacci\u00f3n Puebla En L\u00ednea<\/strong><\/p>\n\n\n\n<ol class=\"wp-block-list\">\n<li><strong>Tragedia en Ciudad Serd\u00e1n: choque de dos motos deja dos menores muertos<\/strong><\/li>\n\n\n\n<li><strong>Dos menores pierden la vida tras choque de motocicletas en Ciudad Serd\u00e1n<\/strong><\/li>\n\n\n\n<li><strong>Accidente en carretera a \u00c1lvaro Obreg\u00f3n cobra la vida de dos menores<\/strong><\/li>\n\n\n\n<li><strong>Tragedia en Los Ricardos: dos menores mueren tras accidente de moto<\/strong><\/li>\n\n\n\n<li><strong>Choque entre dos motocicletas termina en tragedia; mueren dos menores<\/strong><\/li>\n<\/ol>\n","protected":false},"excerpt":{"rendered":"<p>Un accidente entre dos motocicletas sobre la carretera estatal Ciudad Serd\u00e1n-\u00c1lvaro Obreg\u00f3n dej\u00f3 dos menores de edad sin vida y una persona m\u00e1s lesionada. Uno de los j\u00f3venes muri\u00f3 en el lugar y otro falleci\u00f3 horas despu\u00e9s en el hospital. La carretera se convirti\u00f3 en escenario de una tragedia. El choque ocurri\u00f3 a la altura&#8230;<\/p>\n","protected":false},"author":10,"featured_media":134764,"comment_status":"closed","ping_status":"closed","sticky":false,"template":"","format":"standard","meta":{"footnotes":""},"categories":[24],"tags":[1399],"class_list":["post-134763","post","type-post","status-publish","format-standard","has-post-thumbnail","hentry","category-nota-roja","tag-accidente-puebla"],"yoast_head":"<!-- This site is optimized with the Yoast SEO plugin v28.4 - https:\/\/yoast.com\/product\/yoast-seo-wordpress\/ -->\n<title>Tragedia en carretera: choque entre dos motocicletas deja dos menores muertos en Ciudad Serd\u00e1n - Puebla En Linea<\/title>\n<meta name=\"description\" content=\"Tragedia en carretera: choque entre dos motocicletas deja dos menores muertos en Ciudad Serd\u00e1n Nota Roja\" \/>\n<meta name=\"robots\" content=\"index, follow, max-snippet:-1, max-image-preview:large, max-video-preview:-1\" \/>\n<link rel=\"canonical\" href=\"https:\/\/pueblaenlinea.com\/2025\/nota-roja\/tragedia-en-carretera-choque-entre-dos-motocicletas-deja-dos-menores-muertos-en-ciudad-serdan\/\" \/>\n<meta property=\"og:locale\" content=\"es_MX\" \/>\n<meta property=\"og:type\" content=\"article\" \/>\n<meta property=\"og:title\" content=\"Tragedia en carretera: choque entre dos motocicletas deja dos menores muertos en Ciudad Serd\u00e1n - Puebla En Linea\" \/>\n<meta property=\"og:description\" content=\"Tragedia en carretera: choque entre dos motocicletas deja dos menores muertos en Ciudad Serd\u00e1n Nota Roja\" \/>\n<meta property=\"og:url\" content=\"https:\/\/pueblaenlinea.com\/2025\/nota-roja\/tragedia-en-carretera-choque-entre-dos-motocicletas-deja-dos-menores-muertos-en-ciudad-serdan\/\" \/>\n<meta property=\"og:site_name\" content=\"Puebla En Linea\" \/>\n<meta property=\"article:publisher\" content=\"https:\/\/www.facebook.com\/pueblaenlineacom\" \/>\n<meta property=\"article:published_time\" content=\"2026-09-02T13:32:11+00:00\" \/>\n<meta property=\"article:modified_time\" content=\"2026-09-02T14:04:38+00:00\" \/>\n<meta property=\"og:image\" content=\"https:\/\/pueblaenlinea.com\/2025\/wp-content\/uploads\/2026\/09\/patrullaenvialidad.jpg\" \/>\n\t<meta property=\"og:image:width\" content=\"1200\" \/>\n\t<meta property=\"og:image:height\" content=\"674\" \/>\n\t<meta property=\"og:image:type\" content=\"image\/jpeg\" \/>\n<meta name=\"author\" content=\"Jazmin Cardenas\" \/>\n<meta name=\"twitter:card\" content=\"summary_large_image\" \/>\n<meta name=\"twitter:label1\" content=\"Escrito por\" \/>\n\t<meta name=\"twitter:data1\" content=\"Jazmin Cardenas\" \/>\n\t<meta name=\"twitter:label2\" content=\"Tiempo de lectura\" \/>\n\t<meta name=\"twitter:data2\" content=\"3 minutos\" \/>\n<script type=\"application\/ld+json\" class=\"yoast-schema-graph\">{\"@context\":\"https:\\\/\\\/schema.org\",\"@graph\":[{\"@type\":\"Article\",\"@id\":\"https:\\\/\\\/pueblaenlinea.com\\\/2025\\\/nota-roja\\\/tragedia-en-carretera-choque-entre-dos-motocicletas-deja-dos-menores-muertos-en-ciudad-serdan\\\/#article\",\"isPartOf\":{\"@id\":\"https:\\\/\\\/pueblaenlinea.com\\\/2025\\\/nota-roja\\\/tragedia-en-carretera-choque-entre-dos-motocicletas-deja-dos-menores-muertos-en-ciudad-serdan\\\/\"},\"author\":{\"name\":\"Jazmin Cardenas\",\"@id\":\"https:\\\/\\\/pueblaenlinea.com\\\/2025\\\/#\\\/schema\\\/person\\\/21ecc830e083be84dbddd9a05208834f\"},\"headline\":\"Tragedia en carretera: choque entre dos motocicletas deja dos menores muertos en Ciudad Serd\u00e1n\",\"datePublished\":\"2026-09-02T13:32:11+00:00\",\"dateModified\":\"2026-09-02T14:04:38+00:00\",\"mainEntityOfPage\":{\"@id\":\"https:\\\/\\\/pueblaenlinea.com\\\/2025\\\/nota-roja\\\/tragedia-en-carretera-choque-entre-dos-motocicletas-deja-dos-menores-muertos-en-ciudad-serdan\\\/\"},\"wordCount\":446,\"image\":{\"@id\":\"https:\\\/\\\/pueblaenlinea.com\\\/2025\\\/nota-roja\\\/tragedia-en-carretera-choque-entre-dos-motocicletas-deja-dos-menores-muertos-en-ciudad-serdan\\\/#primaryimage\"},\"thumbnailUrl\":\"https:\\\/\\\/pueblaenlinea.com\\\/2025\\\/wp-content\\\/uploads\\\/2026\\\/09\\\/patrullaenvialidad.jpg\",\"keywords\":[\"accidente puebla\"],\"articleSection\":[\"Nota Roja\"],\"inLanguage\":\"es\"},{\"@type\":\"WebPage\",\"@id\":\"https:\\\/\\\/pueblaenlinea.com\\\/2025\\\/nota-roja\\\/tragedia-en-carretera-choque-entre-dos-motocicletas-deja-dos-menores-muertos-en-ciudad-serdan\\\/\",\"url\":\"https:\\\/\\\/pueblaenlinea.com\\\/2025\\\/nota-roja\\\/tragedia-en-carretera-choque-entre-dos-motocicletas-deja-dos-menores-muertos-en-ciudad-serdan\\\/\",\"name\":\"Tragedia en carretera: choque entre dos motocicletas deja dos menores muertos en Ciudad Serd\u00e1n - Puebla En Linea\",\"isPartOf\":{\"@id\":\"https:\\\/\\\/pueblaenlinea.com\\\/2025\\\/#website\"},\"primaryImageOfPage\":{\"@id\":\"https:\\\/\\\/pueblaenlinea.com\\\/2025\\\/nota-roja\\\/tragedia-en-carretera-choque-entre-dos-motocicletas-deja-dos-menores-muertos-en-ciudad-serdan\\\/#primaryimage\"},\"image\":{\"@id\":\"https:\\\/\\\/pueblaenlinea.com\\\/2025\\\/nota-roja\\\/tragedia-en-carretera-choque-entre-dos-motocicletas-deja-dos-menores-muertos-en-ciudad-serdan\\\/#primaryimage\"},\"thumbnailUrl\":\"https:\\\/\\\/pueblaenlinea.com\\\/2025\\\/wp-content\\\/uploads\\\/2026\\\/09\\\/patrullaenvialidad.jpg\",\"datePublished\":\"2026-09-02T13:32:11+00:00\",\"dateModified\":\"2026-09-02T14:04:38+00:00\",\"author\":{\"@id\":\"https:\\\/\\\/pueblaenlinea.com\\\/2025\\\/#\\\/schema\\\/person\\\/21ecc830e083be84dbddd9a05208834f\"},\"description\":\"Tragedia en carretera: choque entre dos motocicletas deja dos menores muertos en Ciudad Serd\u00e1n Nota Roja\",\"breadcrumb\":{\"@id\":\"https:\\\/\\\/pueblaenlinea.com\\\/2025\\\/nota-roja\\\/tragedia-en-carretera-choque-entre-dos-motocicletas-deja-dos-menores-muertos-en-ciudad-serdan\\\/#breadcrumb\"},\"inLanguage\":\"es\",\"potentialAction\":[{\"@type\":\"ReadAction\",\"target\":[\"https:\\\/\\\/pueblaenlinea.com\\\/2025\\\/nota-roja\\\/tragedia-en-carretera-choque-entre-dos-motocicletas-deja-dos-menores-muertos-en-ciudad-serdan\\\/\"]}]},{\"@type\":\"ImageObject\",\"inLanguage\":\"es\",\"@id\":\"https:\\\/\\\/pueblaenlinea.com\\\/2025\\\/nota-roja\\\/tragedia-en-carretera-choque-entre-dos-motocicletas-deja-dos-menores-muertos-en-ciudad-serdan\\\/#primaryimage\",\"url\":\"https:\\\/\\\/pueblaenlinea.com\\\/2025\\\/wp-content\\\/uploads\\\/2026\\\/09\\\/patrullaenvialidad.jpg\",\"contentUrl\":\"https:\\\/\\\/pueblaenlinea.com\\\/2025\\\/wp-content\\\/uploads\\\/2026\\\/09\\\/patrullaenvialidad.jpg\",\"width\":1200,\"height\":674},{\"@type\":\"BreadcrumbList\",\"@id\":\"https:\\\/\\\/pueblaenlinea.com\\\/2025\\\/nota-roja\\\/tragedia-en-carretera-choque-entre-dos-motocicletas-deja-dos-menores-muertos-en-ciudad-serdan\\\/#breadcrumb\",\"itemListElement\":[{\"@type\":\"ListItem\",\"position\":1,\"name\":\"Inicio\",\"item\":\"https:\\\/\\\/pueblaenlinea.com\\\/2025\\\/\"},{\"@type\":\"ListItem\",\"position\":2,\"name\":\"Tragedia en carretera: choque entre dos motocicletas deja dos menores muertos en Ciudad Serd\u00e1n\"}]},{\"@type\":\"WebSite\",\"@id\":\"https:\\\/\\\/pueblaenlinea.com\\\/2025\\\/#website\",\"url\":\"https:\\\/\\\/pueblaenlinea.com\\\/2025\\\/\",\"name\":\"Puebla En Linea\",\"description\":\"noticias de puebla, periodismo serio y comprometido.\",\"potentialAction\":[{\"@type\":\"SearchAction\",\"target\":{\"@type\":\"EntryPoint\",\"urlTemplate\":\"https:\\\/\\\/pueblaenlinea.com\\\/2025\\\/?s={search_term_string}\"},\"query-input\":{\"@type\":\"PropertyValueSpecification\",\"valueRequired\":true,\"valueName\":\"search_term_string\"}}],\"inLanguage\":\"es\"},{\"@type\":\"Person\",\"@id\":\"https:\\\/\\\/pueblaenlinea.com\\\/2025\\\/#\\\/schema\\\/person\\\/21ecc830e083be84dbddd9a05208834f\",\"name\":\"Jazmin Cardenas\",\"image\":{\"@type\":\"ImageObject\",\"inLanguage\":\"es\",\"@id\":\"https:\\\/\\\/pueblaenlinea.com\\\/2025\\\/wp-content\\\/litespeed\\\/avatar\\\/9d7ab062f41a13d0af53522b39daf76f.jpg?ver=1788194722\",\"url\":\"https:\\\/\\\/pueblaenlinea.com\\\/2025\\\/wp-content\\\/litespeed\\\/avatar\\\/9d7ab062f41a13d0af53522b39daf76f.jpg?ver=1788194722\",\"contentUrl\":\"https:\\\/\\\/pueblaenlinea.com\\\/2025\\\/wp-content\\\/litespeed\\\/avatar\\\/9d7ab062f41a13d0af53522b39daf76f.jpg?ver=1788194722\",\"caption\":\"Jazmin Cardenas\"},\"url\":\"https:\\\/\\\/pueblaenlinea.com\\\/2025\\\/author\\\/jaz-pel\\\/\"}]}<\/script>\n<!-- \/ Yoast SEO plugin. -->","yoast_head_json":{"title":"Tragedia en carretera: choque entre dos motocicletas deja dos menores muertos en Ciudad Serd\u00e1n - Puebla En Linea","description":"Tragedia en carretera: choque entre dos motocicletas deja dos menores muertos en Ciudad Serd\u00e1n Nota Roja","robots":{"index":"index","follow":"follow","max-snippet":"max-snippet:-1","max-image-preview":"max-image-preview:large","max-video-preview":"max-video-preview:-1"},"canonical":"https:\/\/pueblaenlinea.com\/2025\/nota-roja\/tragedia-en-carretera-choque-entre-dos-motocicletas-deja-dos-menores-muertos-en-ciudad-serdan\/","og_locale":"es_MX","og_type":"article","og_title":"Tragedia en carretera: choque entre dos motocicletas deja dos menores muertos en Ciudad Serd\u00e1n - Puebla En Linea","og_description":"Tragedia en carretera: choque entre dos motocicletas deja dos menores muertos en Ciudad Serd\u00e1n Nota Roja","og_url":"https:\/\/pueblaenlinea.com\/2025\/nota-roja\/tragedia-en-carretera-choque-entre-dos-motocicletas-deja-dos-menores-muertos-en-ciudad-serdan\/","og_site_name":"Puebla En Linea","article_publisher":"https:\/\/www.facebook.com\/pueblaenlineacom","article_published_time":"2026-09-02T13:32:11+00:00","article_modified_time":"2026-09-02T14:04:38+00:00","og_image":[{"width":1200,"height":674,"url":"https:\/\/pueblaenlinea.com\/2025\/wp-content\/uploads\/2026\/09\/patrullaenvialidad.jpg","type":"image\/jpeg"}],"author":"Jazmin Cardenas","twitter_card":"summary_large_image","twitter_misc":{"Escrito por":"Jazmin Cardenas","Tiempo de lectura":"3 minutos"},"schema":{"@context":"https:\/\/schema.org","@graph":[{"@type":"Article","@id":"https:\/\/pueblaenlinea.com\/2025\/nota-roja\/tragedia-en-carretera-choque-entre-dos-motocicletas-deja-dos-menores-muertos-en-ciudad-serdan\/#article","isPartOf":{"@id":"https:\/\/pueblaenlinea.com\/2025\/nota-roja\/tragedia-en-carretera-choque-entre-dos-motocicletas-deja-dos-menores-muertos-en-ciudad-serdan\/"},"author":{"name":"Jazmin Cardenas","@id":"https:\/\/pueblaenlinea.com\/2025\/#\/schema\/person\/21ecc830e083be84dbddd9a05208834f"},"headline":"Tragedia en carretera: choque entre dos motocicletas deja dos menores muertos en Ciudad Serd\u00e1n","datePublished":"2026-09-02T13:32:11+00:00","dateModified":"2026-09-02T14:04:38+00:00","mainEntityOfPage":{"@id":"https:\/\/pueblaenlinea.com\/2025\/nota-roja\/tragedia-en-carretera-choque-entre-dos-motocicletas-deja-dos-menores-muertos-en-ciudad-serdan\/"},"wordCount":446,"image":{"@id":"https:\/\/pueblaenlinea.com\/2025\/nota-roja\/tragedia-en-carretera-choque-entre-dos-motocicletas-deja-dos-menores-muertos-en-ciudad-serdan\/#primaryimage"},"thumbnailUrl":"https:\/\/pueblaenlinea.com\/2025\/wp-content\/uploads\/2026\/09\/patrullaenvialidad.jpg","keywords":["accidente puebla"],"articleSection":["Nota Roja"],"inLanguage":"es"},{"@type":"WebPage","@id":"https:\/\/pueblaenlinea.com\/2025\/nota-roja\/tragedia-en-carretera-choque-entre-dos-motocicletas-deja-dos-menores-muertos-en-ciudad-serdan\/","url":"https:\/\/pueblaenlinea.com\/2025\/nota-roja\/tragedia-en-carretera-choque-entre-dos-motocicletas-deja-dos-menores-muertos-en-ciudad-serdan\/","name":"Tragedia en carretera: choque entre dos motocicletas deja dos menores muertos en Ciudad Serd\u00e1n - Puebla En Linea","isPartOf":{"@id":"https:\/\/pueblaenlinea.com\/2025\/#website"},"primaryImageOfPage":{"@id":"https:\/\/pueblaenlinea.com\/2025\/nota-roja\/tragedia-en-carretera-choque-entre-dos-motocicletas-deja-dos-menores-muertos-en-ciudad-serdan\/#primaryimage"},"image":{"@id":"https:\/\/pueblaenlinea.com\/2025\/nota-roja\/tragedia-en-carretera-choque-entre-dos-motocicletas-deja-dos-menores-muertos-en-ciudad-serdan\/#primaryimage"},"thumbnailUrl":"https:\/\/pueblaenlinea.com\/2025\/wp-content\/uploads\/2026\/09\/patrullaenvialidad.jpg","datePublished":"2026-09-02T13:32:11+00:00","dateModified":"2026-09-02T14:04:38+00:00","author":{"@id":"https:\/\/pueblaenlinea.com\/2025\/#\/schema\/person\/21ecc830e083be84dbddd9a05208834f"},"description":"Tragedia en carretera: choque entre dos motocicletas deja dos menores muertos en Ciudad Serd\u00e1n Nota Roja","breadcrumb":{"@id":"https:\/\/pueblaenlinea.com\/2025\/nota-roja\/tragedia-en-carretera-choque-entre-dos-motocicletas-deja-dos-menores-muertos-en-ciudad-serdan\/#breadcrumb"},"inLanguage":"es","potentialAction":[{"@type":"ReadAction","target":["https:\/\/pueblaenlinea.com\/2025\/nota-roja\/tragedia-en-carretera-choque-entre-dos-motocicletas-deja-dos-menores-muertos-en-ciudad-serdan\/"]}]},{"@type":"ImageObject","inLanguage":"es","@id":"https:\/\/pueblaenlinea.com\/2025\/nota-roja\/tragedia-en-carretera-choque-entre-dos-motocicletas-deja-dos-menores-muertos-en-ciudad-serdan\/#primaryimage","url":"https:\/\/pueblaenlinea.com\/2025\/wp-content\/uploads\/2026\/09\/patrullaenvialidad.jpg","contentUrl":"https:\/\/pueblaenlinea.com\/2025\/wp-content\/uploads\/2026\/09\/patrullaenvialidad.jpg","width":1200,"height":674},{"@type":"BreadcrumbList","@id":"https:\/\/pueblaenlinea.com\/2025\/nota-roja\/tragedia-en-carretera-choque-entre-dos-motocicletas-deja-dos-menores-muertos-en-ciudad-serdan\/#breadcrumb","itemListElement":[{"@type":"ListItem","position":1,"name":"Inicio","item":"https:\/\/pueblaenlinea.com\/2025\/"},{"@type":"ListItem","position":2,"name":"Tragedia en carretera: choque entre dos motocicletas deja dos menores muertos en Ciudad Serd\u00e1n"}]},{"@type":"WebSite","@id":"https:\/\/pueblaenlinea.com\/2025\/#website","url":"https:\/\/pueblaenlinea.com\/2025\/","name":"Puebla En Linea","description":"noticias de puebla, periodismo serio y comprometido.","potentialAction":[{"@type":"SearchAction","target":{"@type":"EntryPoint","urlTemplate":"https:\/\/pueblaenlinea.com\/2025\/?s={search_term_string}"},"query-input":{"@type":"PropertyValueSpecification","valueRequired":true,"valueName":"search_term_string"}}],"inLanguage":"es"},{"@type":"Person","@id":"https:\/\/pueblaenlinea.com\/2025\/#\/schema\/person\/21ecc830e083be84dbddd9a05208834f","name":"Jazmin Cardenas","image":{"@type":"ImageObject","inLanguage":"es","@id":"https:\/\/pueblaenlinea.com\/2025\/wp-content\/litespeed\/avatar\/9d7ab062f41a13d0af53522b39daf76f.jpg?ver=1788194722","url":"https:\/\/pueblaenlinea.com\/2025\/wp-content\/litespeed\/avatar\/9d7ab062f41a13d0af53522b39daf76f.jpg?ver=1788194722","contentUrl":"https:\/\/pueblaenlinea.com\/2025\/wp-content\/litespeed\/avatar\/9d7ab062f41a13d0af53522b39daf76f.jpg?ver=1788194722","caption":"Jazmin Cardenas"},"url":"https:\/\/pueblaenlinea.com\/2025\/author\/jaz-pel\/"}]}},"_links":{"self":[{"href":"https:\/\/pueblaenlinea.com\/2025\/wp-json\/wp\/v2\/posts\/134763","targetHints":{"allow":["GET"]}}],"collection":[{"href":"https:\/\/pueblaenlinea.com\/2025\/wp-json\/wp\/v2\/posts"}],"about":[{"href":"https:\/\/pueblaenlinea.com\/2025\/wp-json\/wp\/v2\/types\/post"}],"author":[{"embeddable":true,"href":"https:\/\/pueblaenlinea.com\/2025\/wp-json\/wp\/v2\/users\/10"}],"replies":[{"embeddable":true,"href":"https:\/\/pueblaenlinea.com\/2025\/wp-json\/wp\/v2\/comments?post=134763"}],"version-history":[{"count":0,"href":"https:\/\/pueblaenlinea.com\/2025\/wp-json\/wp\/v2\/posts\/134763\/revisions"}],"wp:featuredmedia":[{"embeddable":true,"href":"https:\/\/pueblaenlinea.com\/2025\/wp-json\/wp\/v2\/media\/134764"}],"wp:attachment":[{"href":"https:\/\/pueblaenlinea.com\/2025\/wp-json\/wp\/v2\/media?parent=134763"}],"wp:term":[{"taxonomy":"category","embeddable":true,"href":"https:\/\/pueblaenlinea.com\/2025\/wp-json\/wp\/v2\/categories?post=134763"},{"taxonomy":"post_tag","embeddable":true,"href":"https:\/\/pueblaenlinea.com\/2025\/wp-json\/wp\/v2\/tags?post=134763"}],"curies":[{"name":"wp","href":"https:\/\/api.w.org\/{rel}","templated":true}]}}