{"id":134746,"date":"2026-09-01T17:38:58","date_gmt":"2026-09-01T23:38:58","guid":{"rendered":"https:\/\/pueblaenlinea.com\/2025\/?p=134746"},"modified":"2026-09-01T17:38:58","modified_gmt":"2026-09-01T23:38:58","slug":"capturan-a-8-por-desaparicion-de-trabajadores-de-la-cfe-en-huauchinango-llevan-dos-meses-sin-ser-localizados","status":"publish","type":"post","link":"https:\/\/pueblaenlinea.com\/2025\/nota-roja\/capturan-a-8-por-desaparicion-de-trabajadores-de-la-cfe-en-huauchinango-llevan-dos-meses-sin-ser-localizados\/","title":{"rendered":"Capturan a 8 por desaparici\u00f3n de trabajadores de la CFE en Huauchinango; llevan dos meses sin ser localizados"},"content":{"rendered":"\n<p class=\"wp-block-paragraph\"><strong>La investigaci\u00f3n por la desaparici\u00f3n de dos trabajadores de la CFE en Huauchinango dio un giro: ocho personas fueron detenidas y vinculadas a proceso por secuestro agravado. Pero mientras los presuntos responsables ya est\u00e1n ante un juez, Adolfo L\u00f3pez Salda\u00f1a y Marco Antonio Sarmiento Garc\u00eda siguen sin aparecer.<\/strong><\/p>\n\n\n\n<p class=\"wp-block-paragraph\">Dos hombres salieron de Huauchinango rumbo a Hidalgo para cumplir con su trabajo. Era la ma\u00f1ana del 26 de junio y viajaban en un veh\u00edculo oficial de la Comisi\u00f3n Federal de Electricidad (CFE).<\/p>\n\n\n\n<p class=\"wp-block-paragraph\">Horas despu\u00e9s, el contacto se perdi\u00f3.<\/p>\n\n\n\n<p class=\"wp-block-paragraph\">Ahora, dos meses m\u00e1s tarde, la Fiscal\u00eda General de la Rep\u00fablica (FGR) inform\u00f3 la captura de <strong>ocho personas presuntamente relacionadas con la desaparici\u00f3n de los trabajadores<\/strong>, aunque el paradero de ambos contin\u00faa siendo desconocido.<\/p>\n\n\n\n<p class=\"wp-block-paragraph\">La autoridad inform\u00f3 que los detenidos fueron vinculados a proceso por el delito de <strong>secuestro agravado<\/strong>.<\/p>\n\n\n\n<h3 class=\"wp-block-heading\"><strong>Los ocho detenidos<\/strong><\/h3>\n\n\n\n<p class=\"wp-block-paragraph\">La FGR identific\u00f3 a los presuntos integrantes de la banda como:<\/p>\n\n\n\n<p class=\"wp-block-paragraph\"><strong>Anaid \u201cN\u201d, X\u00f3chitl \u201cN\u201d, Luis \u201cN\u201d, Carlos \u201cN\u201d, Mois\u00e9s \u201cN\u201d, Jes\u00fas \u201cN\u201d, Valeria \u201cN\u201d y Litzi \u201cN\u201d.<\/strong><\/p>\n\n\n\n<p class=\"wp-block-paragraph\">La captura fue posible despu\u00e9s de que autoridades realizaron <strong>cateos en cinco inmuebles<\/strong>, aunque la FGR no precis\u00f3 p\u00fablicamente en qu\u00e9 lugares fueron ejecutadas estas diligencias.<\/p>\n\n\n\n<p class=\"wp-block-paragraph\">De acuerdo con la investigaci\u00f3n, los ocho detenidos estar\u00edan relacionados con la privaci\u00f3n de la libertad de los dos empleados de la CFE.<\/p>\n\n\n\n<h3 class=\"wp-block-heading\"><strong>La ma\u00f1ana en que desaparecieron<\/strong><\/h3>\n\n\n\n<p class=\"wp-block-paragraph\">Adolfo L\u00f3pez Salda\u00f1a y Marco Antonio Sarmiento Garc\u00eda salieron de <strong>Huauchinango<\/strong> el 26 de junio a bordo de una unidad oficial de la CFE, identificada con el n\u00famero econ\u00f3mico <strong>24260377<\/strong> y placas <strong>MXB688A<\/strong>.<\/p>\n\n\n\n<p class=\"wp-block-paragraph\">Su destino era el estado de Hidalgo.<\/p>\n\n\n\n<p class=\"wp-block-paragraph\">Pero alrededor de las <strong>6:30 de la ma\u00f1ana se perdi\u00f3 contacto con ellos<\/strong>.<\/p>\n\n\n\n<p class=\"wp-block-paragraph\">La \u00faltima ubicaci\u00f3n conocida del veh\u00edculo apareci\u00f3 horas despu\u00e9s, poco despu\u00e9s de las <strong>2 de la tarde<\/strong>, sobre la carretera federal <strong>M\u00e9xico 132D<\/strong>, conocida como la <strong>M\u00e9xico-Tuxpan<\/strong>, a la altura del municipio de <strong>Acaxochitl\u00e1n, Hidalgo<\/strong>.<\/p>\n\n\n\n<p class=\"wp-block-paragraph\">El rastro del veh\u00edculo termin\u00f3 ah\u00ed.<\/p>\n\n\n\n<p class=\"wp-block-paragraph\">El de sus ocupantes tambi\u00e9n.<\/p>\n\n\n\n<h3 class=\"wp-block-heading\"><strong>Lo que se sabe del caso<\/strong><\/h3>\n\n\n\n<ul class=\"wp-block-list\">\n<li><strong>Desaparecidos:<\/strong> Adolfo L\u00f3pez Salda\u00f1a y Marco Antonio Sarmiento Garc\u00eda.<\/li>\n\n\n\n<li><strong>Fecha:<\/strong> 26 de junio.<\/li>\n\n\n\n<li><strong>Zona:<\/strong> Huauchinango, Puebla\u2013Acaxochitl\u00e1n, Hidalgo.<\/li>\n\n\n\n<li><strong>Veh\u00edculo:<\/strong> unidad oficial CFE 24260377.<\/li>\n\n\n\n<li><strong>Detenidos:<\/strong> ocho personas.<\/li>\n\n\n\n<li><strong>Delito:<\/strong> secuestro agravado.<\/li>\n\n\n\n<li><strong>Situaci\u00f3n:<\/strong> los trabajadores contin\u00faan sin ser localizados.<\/li>\n<\/ul>\n\n\n\n<p class=\"wp-block-paragraph\">La FGR inform\u00f3 que los ocho detenidos ya fueron <strong>vinculados a proceso<\/strong>, lo que significa que un juez consider\u00f3 que existen elementos suficientes para que enfrenten el proceso penal por los hechos que se les atribuyen.<\/p>\n\n\n\n<p class=\"wp-block-paragraph\">Pero la detenci\u00f3n no resuelve la pregunta m\u00e1s urgente para las familias: <strong>\u00bfd\u00f3nde est\u00e1n los dos trabajadores de la CFE?<\/strong><\/p>\n\n\n\n<p class=\"wp-block-paragraph\">La investigaci\u00f3n judicial tendr\u00e1 que avanzar por dos caminos. Por un lado, determinar la responsabilidad de los detenidos. Por otro, establecer qu\u00e9 ocurri\u00f3 con Adolfo y Marco Antonio y lograr su localizaci\u00f3n.<\/p>\n\n\n\n<p class=\"wp-block-paragraph\">Si quieres seguir esta y otras notas de inter\u00e9s en tiempo real, \u00fanete a nuestro canal de WhatsApp: <a href=\"https:\/\/whatsapp.com\/channel\/0029Va5CSyuEQIalZaJWpX1h\">https:\/\/whatsapp.com\/channel\/0029Va5CSyuEQIalZaJWpX1h<\/a><\/p>\n\n\n\n<h3 class=\"wp-block-heading\"><strong>Dos meses de incertidumbre<\/strong><\/h3>\n\n\n\n<p class=\"wp-block-paragraph\">La captura de ocho presuntos integrantes de una banda relacionada con el caso representa un avance en la investigaci\u00f3n, pero no significa que el caso est\u00e9 cerrado.<\/p>\n\n\n\n<p class=\"wp-block-paragraph\">Para las familias, el calendario tiene otra medida: <strong>dos meses sin noticias de sus seres queridos<\/strong>.<\/p>\n\n\n\n<p class=\"wp-block-paragraph\">Mientras los acusados enfrentan el proceso por secuestro agravado, la prioridad sigue siendo localizar a los trabajadores de la CFE y esclarecer qu\u00e9 ocurri\u00f3 desde aquella ma\u00f1ana en que salieron de Huauchinango.<\/p>\n\n\n\n<p class=\"wp-block-paragraph\">Porque en una desaparici\u00f3n, una detenci\u00f3n puede ser un avance judicial, pero nunca equivale a una respuesta completa. La justicia necesita nombres, pruebas y sentencias; las familias necesitan algo todav\u00eda m\u00e1s elemental: saber d\u00f3nde est\u00e1n los suyos.<\/p>\n\n\n\n<p class=\"wp-block-paragraph\"><strong>Escrito por Redacci\u00f3n Puebla En L\u00ednea<\/strong><\/p>\n\n\n\n<h3 class=\"wp-block-heading\"><\/h3>\n\n\n\n<ol start=\"1\" class=\"wp-block-list\">\n<li><strong>8 detenidos por desaparici\u00f3n de trabajadores de la CFE en Huauchinango; ellos siguen sin aparecer<\/strong><\/li>\n\n\n\n<li><strong>\u00bfD\u00f3nde est\u00e1n Adolfo y Marco Antonio? Capturan a 8 por su presunto secuestro en Huauchinango<\/strong><\/li>\n\n\n\n<li><strong>Dos meses sin noticias: vinculan a 8 por la desaparici\u00f3n de dos trabajadores de la CFE<\/strong><\/li>\n\n\n\n<li><strong>Salieron de Huauchinango rumbo a Hidalgo y desaparecieron: ya hay 8 detenidos<\/strong><\/li>\n\n\n\n<li><strong>La investigaci\u00f3n da un giro: 8 vinculados por secuestro de trabajadores de la CFE que siguen desaparecidos<\/strong><\/li>\n<\/ol>\n","protected":false},"excerpt":{"rendered":"<p>La investigaci\u00f3n por la desaparici\u00f3n de dos trabajadores de la CFE en Huauchinango dio un giro: ocho personas fueron detenidas y vinculadas a proceso por secuestro agravado. Pero mientras los presuntos responsables ya est\u00e1n ante un juez, Adolfo L\u00f3pez Salda\u00f1a y Marco Antonio Sarmiento Garc\u00eda siguen sin aparecer. Dos hombres salieron de Huauchinango rumbo a&#8230;<\/p>\n","protected":false},"author":9,"featured_media":134747,"comment_status":"closed","ping_status":"closed","sticky":false,"template":"","format":"standard","meta":{"footnotes":""},"categories":[24],"tags":[1401],"class_list":["post-134746","post","type-post","status-publish","format-standard","has-post-thumbnail","hentry","category-nota-roja","tag-asesinato-puebla"],"yoast_head":"<!-- This site is optimized with the Yoast SEO plugin v28.0 - https:\/\/yoast.com\/product\/yoast-seo-wordpress\/ -->\n<title>Capturan a 8 por desaparici\u00f3n de trabajadores de la CFE en Huauchinango; llevan dos meses sin ser localizados - Puebla En Linea<\/title>\n<meta name=\"description\" content=\"Capturan a 8 por desaparici\u00f3n de trabajadores de la CFE en Huauchinango; llevan dos meses sin ser localizados Nota Roja\" \/>\n<meta name=\"robots\" content=\"index, follow, max-snippet:-1, max-image-preview:large, max-video-preview:-1\" \/>\n<link rel=\"canonical\" href=\"https:\/\/pueblaenlinea.com\/2025\/nota-roja\/capturan-a-8-por-desaparicion-de-trabajadores-de-la-cfe-en-huauchinango-llevan-dos-meses-sin-ser-localizados\/\" \/>\n<meta property=\"og:locale\" content=\"es_MX\" \/>\n<meta property=\"og:type\" content=\"article\" \/>\n<meta property=\"og:title\" content=\"Capturan a 8 por desaparici\u00f3n de trabajadores de la CFE en Huauchinango; llevan dos meses sin ser localizados - Puebla En Linea\" \/>\n<meta property=\"og:description\" content=\"Capturan a 8 por desaparici\u00f3n de trabajadores de la CFE en Huauchinango; llevan dos meses sin ser localizados Nota Roja\" \/>\n<meta property=\"og:url\" content=\"https:\/\/pueblaenlinea.com\/2025\/nota-roja\/capturan-a-8-por-desaparicion-de-trabajadores-de-la-cfe-en-huauchinango-llevan-dos-meses-sin-ser-localizados\/\" \/>\n<meta property=\"og:site_name\" content=\"Puebla En Linea\" \/>\n<meta property=\"article:publisher\" content=\"https:\/\/www.facebook.com\/pueblaenlineacom\" \/>\n<meta property=\"article:published_time\" content=\"2026-09-01T23:38:58+00:00\" \/>\n<meta property=\"og:image\" content=\"https:\/\/pueblaenlinea.com\/2025\/wp-content\/uploads\/2026\/09\/trabajadorescfehuauchi.jpg\" \/>\n\t<meta property=\"og:image:width\" content=\"1200\" \/>\n\t<meta property=\"og:image:height\" content=\"674\" \/>\n\t<meta property=\"og:image:type\" content=\"image\/jpeg\" \/>\n<meta name=\"author\" content=\"lupita Puebla en linea\" \/>\n<meta name=\"twitter:card\" content=\"summary_large_image\" \/>\n<meta name=\"twitter:label1\" content=\"Escrito por\" \/>\n\t<meta name=\"twitter:data1\" content=\"lupita Puebla en linea\" \/>\n\t<meta name=\"twitter:label2\" content=\"Tiempo de lectura\" \/>\n\t<meta name=\"twitter:data2\" content=\"4 minutos\" \/>\n<script type=\"application\/ld+json\" class=\"yoast-schema-graph\">{\"@context\":\"https:\\\/\\\/schema.org\",\"@graph\":[{\"@type\":\"Article\",\"@id\":\"https:\\\/\\\/pueblaenlinea.com\\\/2025\\\/nota-roja\\\/capturan-a-8-por-desaparicion-de-trabajadores-de-la-cfe-en-huauchinango-llevan-dos-meses-sin-ser-localizados\\\/#article\",\"isPartOf\":{\"@id\":\"https:\\\/\\\/pueblaenlinea.com\\\/2025\\\/nota-roja\\\/capturan-a-8-por-desaparicion-de-trabajadores-de-la-cfe-en-huauchinango-llevan-dos-meses-sin-ser-localizados\\\/\"},\"author\":{\"name\":\"lupita Puebla en linea\",\"@id\":\"https:\\\/\\\/pueblaenlinea.com\\\/2025\\\/#\\\/schema\\\/person\\\/2baf91de3092c7d50fb754a48f084d7f\"},\"headline\":\"Capturan a 8 por desaparici\u00f3n de trabajadores de la CFE en Huauchinango; llevan dos meses sin ser localizados\",\"datePublished\":\"2026-09-01T23:38:58+00:00\",\"mainEntityOfPage\":{\"@id\":\"https:\\\/\\\/pueblaenlinea.com\\\/2025\\\/nota-roja\\\/capturan-a-8-por-desaparicion-de-trabajadores-de-la-cfe-en-huauchinango-llevan-dos-meses-sin-ser-localizados\\\/\"},\"wordCount\":748,\"image\":{\"@id\":\"https:\\\/\\\/pueblaenlinea.com\\\/2025\\\/nota-roja\\\/capturan-a-8-por-desaparicion-de-trabajadores-de-la-cfe-en-huauchinango-llevan-dos-meses-sin-ser-localizados\\\/#primaryimage\"},\"thumbnailUrl\":\"https:\\\/\\\/pueblaenlinea.com\\\/2025\\\/wp-content\\\/uploads\\\/2026\\\/09\\\/trabajadorescfehuauchi.jpg\",\"keywords\":[\"asesinato puebla\"],\"articleSection\":[\"Nota Roja\"],\"inLanguage\":\"es\"},{\"@type\":\"WebPage\",\"@id\":\"https:\\\/\\\/pueblaenlinea.com\\\/2025\\\/nota-roja\\\/capturan-a-8-por-desaparicion-de-trabajadores-de-la-cfe-en-huauchinango-llevan-dos-meses-sin-ser-localizados\\\/\",\"url\":\"https:\\\/\\\/pueblaenlinea.com\\\/2025\\\/nota-roja\\\/capturan-a-8-por-desaparicion-de-trabajadores-de-la-cfe-en-huauchinango-llevan-dos-meses-sin-ser-localizados\\\/\",\"name\":\"Capturan a 8 por desaparici\u00f3n de trabajadores de la CFE en Huauchinango; llevan dos meses sin ser localizados - Puebla En Linea\",\"isPartOf\":{\"@id\":\"https:\\\/\\\/pueblaenlinea.com\\\/2025\\\/#website\"},\"primaryImageOfPage\":{\"@id\":\"https:\\\/\\\/pueblaenlinea.com\\\/2025\\\/nota-roja\\\/capturan-a-8-por-desaparicion-de-trabajadores-de-la-cfe-en-huauchinango-llevan-dos-meses-sin-ser-localizados\\\/#primaryimage\"},\"image\":{\"@id\":\"https:\\\/\\\/pueblaenlinea.com\\\/2025\\\/nota-roja\\\/capturan-a-8-por-desaparicion-de-trabajadores-de-la-cfe-en-huauchinango-llevan-dos-meses-sin-ser-localizados\\\/#primaryimage\"},\"thumbnailUrl\":\"https:\\\/\\\/pueblaenlinea.com\\\/2025\\\/wp-content\\\/uploads\\\/2026\\\/09\\\/trabajadorescfehuauchi.jpg\",\"datePublished\":\"2026-09-01T23:38:58+00:00\",\"author\":{\"@id\":\"https:\\\/\\\/pueblaenlinea.com\\\/2025\\\/#\\\/schema\\\/person\\\/2baf91de3092c7d50fb754a48f084d7f\"},\"description\":\"Capturan a 8 por desaparici\u00f3n de trabajadores de la CFE en Huauchinango; llevan dos meses sin ser localizados Nota Roja\",\"breadcrumb\":{\"@id\":\"https:\\\/\\\/pueblaenlinea.com\\\/2025\\\/nota-roja\\\/capturan-a-8-por-desaparicion-de-trabajadores-de-la-cfe-en-huauchinango-llevan-dos-meses-sin-ser-localizados\\\/#breadcrumb\"},\"inLanguage\":\"es\",\"potentialAction\":[{\"@type\":\"ReadAction\",\"target\":[\"https:\\\/\\\/pueblaenlinea.com\\\/2025\\\/nota-roja\\\/capturan-a-8-por-desaparicion-de-trabajadores-de-la-cfe-en-huauchinango-llevan-dos-meses-sin-ser-localizados\\\/\"]}]},{\"@type\":\"ImageObject\",\"inLanguage\":\"es\",\"@id\":\"https:\\\/\\\/pueblaenlinea.com\\\/2025\\\/nota-roja\\\/capturan-a-8-por-desaparicion-de-trabajadores-de-la-cfe-en-huauchinango-llevan-dos-meses-sin-ser-localizados\\\/#primaryimage\",\"url\":\"https:\\\/\\\/pueblaenlinea.com\\\/2025\\\/wp-content\\\/uploads\\\/2026\\\/09\\\/trabajadorescfehuauchi.jpg\",\"contentUrl\":\"https:\\\/\\\/pueblaenlinea.com\\\/2025\\\/wp-content\\\/uploads\\\/2026\\\/09\\\/trabajadorescfehuauchi.jpg\",\"width\":1200,\"height\":674},{\"@type\":\"BreadcrumbList\",\"@id\":\"https:\\\/\\\/pueblaenlinea.com\\\/2025\\\/nota-roja\\\/capturan-a-8-por-desaparicion-de-trabajadores-de-la-cfe-en-huauchinango-llevan-dos-meses-sin-ser-localizados\\\/#breadcrumb\",\"itemListElement\":[{\"@type\":\"ListItem\",\"position\":1,\"name\":\"Inicio\",\"item\":\"https:\\\/\\\/pueblaenlinea.com\\\/2025\\\/\"},{\"@type\":\"ListItem\",\"position\":2,\"name\":\"Capturan a 8 por desaparici\u00f3n de trabajadores de la CFE en Huauchinango; llevan dos meses sin ser localizados\"}]},{\"@type\":\"WebSite\",\"@id\":\"https:\\\/\\\/pueblaenlinea.com\\\/2025\\\/#website\",\"url\":\"https:\\\/\\\/pueblaenlinea.com\\\/2025\\\/\",\"name\":\"Puebla En Linea\",\"description\":\"noticias de puebla, periodismo serio y comprometido.\",\"potentialAction\":[{\"@type\":\"SearchAction\",\"target\":{\"@type\":\"EntryPoint\",\"urlTemplate\":\"https:\\\/\\\/pueblaenlinea.com\\\/2025\\\/?s={search_term_string}\"},\"query-input\":{\"@type\":\"PropertyValueSpecification\",\"valueRequired\":true,\"valueName\":\"search_term_string\"}}],\"inLanguage\":\"es\"},{\"@type\":\"Person\",\"@id\":\"https:\\\/\\\/pueblaenlinea.com\\\/2025\\\/#\\\/schema\\\/person\\\/2baf91de3092c7d50fb754a48f084d7f\",\"name\":\"lupita Puebla en linea\",\"image\":{\"@type\":\"ImageObject\",\"inLanguage\":\"es\",\"@id\":\"https:\\\/\\\/pueblaenlinea.com\\\/2025\\\/wp-content\\\/litespeed\\\/avatar\\\/c3bdb4b8e42693060df9dbf8c3f9c41d.jpg?ver=1788290860\",\"url\":\"https:\\\/\\\/pueblaenlinea.com\\\/2025\\\/wp-content\\\/litespeed\\\/avatar\\\/c3bdb4b8e42693060df9dbf8c3f9c41d.jpg?ver=1788290860\",\"contentUrl\":\"https:\\\/\\\/pueblaenlinea.com\\\/2025\\\/wp-content\\\/litespeed\\\/avatar\\\/c3bdb4b8e42693060df9dbf8c3f9c41d.jpg?ver=1788290860\",\"caption\":\"lupita Puebla en linea\"},\"url\":\"https:\\\/\\\/pueblaenlinea.com\\\/2025\\\/author\\\/lupita\\\/\"}]}<\/script>\n<!-- \/ Yoast SEO plugin. -->","yoast_head_json":{"title":"Capturan a 8 por desaparici\u00f3n de trabajadores de la CFE en Huauchinango; llevan dos meses sin ser localizados - Puebla En Linea","description":"Capturan a 8 por desaparici\u00f3n de trabajadores de la CFE en Huauchinango; llevan dos meses sin ser localizados Nota Roja","robots":{"index":"index","follow":"follow","max-snippet":"max-snippet:-1","max-image-preview":"max-image-preview:large","max-video-preview":"max-video-preview:-1"},"canonical":"https:\/\/pueblaenlinea.com\/2025\/nota-roja\/capturan-a-8-por-desaparicion-de-trabajadores-de-la-cfe-en-huauchinango-llevan-dos-meses-sin-ser-localizados\/","og_locale":"es_MX","og_type":"article","og_title":"Capturan a 8 por desaparici\u00f3n de trabajadores de la CFE en Huauchinango; llevan dos meses sin ser localizados - Puebla En Linea","og_description":"Capturan a 8 por desaparici\u00f3n de trabajadores de la CFE en Huauchinango; llevan dos meses sin ser localizados Nota Roja","og_url":"https:\/\/pueblaenlinea.com\/2025\/nota-roja\/capturan-a-8-por-desaparicion-de-trabajadores-de-la-cfe-en-huauchinango-llevan-dos-meses-sin-ser-localizados\/","og_site_name":"Puebla En Linea","article_publisher":"https:\/\/www.facebook.com\/pueblaenlineacom","article_published_time":"2026-09-01T23:38:58+00:00","og_image":[{"width":1200,"height":674,"url":"https:\/\/pueblaenlinea.com\/2025\/wp-content\/uploads\/2026\/09\/trabajadorescfehuauchi.jpg","type":"image\/jpeg"}],"author":"lupita Puebla en linea","twitter_card":"summary_large_image","twitter_misc":{"Escrito por":"lupita Puebla en linea","Tiempo de lectura":"4 minutos"},"schema":{"@context":"https:\/\/schema.org","@graph":[{"@type":"Article","@id":"https:\/\/pueblaenlinea.com\/2025\/nota-roja\/capturan-a-8-por-desaparicion-de-trabajadores-de-la-cfe-en-huauchinango-llevan-dos-meses-sin-ser-localizados\/#article","isPartOf":{"@id":"https:\/\/pueblaenlinea.com\/2025\/nota-roja\/capturan-a-8-por-desaparicion-de-trabajadores-de-la-cfe-en-huauchinango-llevan-dos-meses-sin-ser-localizados\/"},"author":{"name":"lupita Puebla en linea","@id":"https:\/\/pueblaenlinea.com\/2025\/#\/schema\/person\/2baf91de3092c7d50fb754a48f084d7f"},"headline":"Capturan a 8 por desaparici\u00f3n de trabajadores de la CFE en Huauchinango; llevan dos meses sin ser localizados","datePublished":"2026-09-01T23:38:58+00:00","mainEntityOfPage":{"@id":"https:\/\/pueblaenlinea.com\/2025\/nota-roja\/capturan-a-8-por-desaparicion-de-trabajadores-de-la-cfe-en-huauchinango-llevan-dos-meses-sin-ser-localizados\/"},"wordCount":748,"image":{"@id":"https:\/\/pueblaenlinea.com\/2025\/nota-roja\/capturan-a-8-por-desaparicion-de-trabajadores-de-la-cfe-en-huauchinango-llevan-dos-meses-sin-ser-localizados\/#primaryimage"},"thumbnailUrl":"https:\/\/pueblaenlinea.com\/2025\/wp-content\/uploads\/2026\/09\/trabajadorescfehuauchi.jpg","keywords":["asesinato puebla"],"articleSection":["Nota Roja"],"inLanguage":"es"},{"@type":"WebPage","@id":"https:\/\/pueblaenlinea.com\/2025\/nota-roja\/capturan-a-8-por-desaparicion-de-trabajadores-de-la-cfe-en-huauchinango-llevan-dos-meses-sin-ser-localizados\/","url":"https:\/\/pueblaenlinea.com\/2025\/nota-roja\/capturan-a-8-por-desaparicion-de-trabajadores-de-la-cfe-en-huauchinango-llevan-dos-meses-sin-ser-localizados\/","name":"Capturan a 8 por desaparici\u00f3n de trabajadores de la CFE en Huauchinango; llevan dos meses sin ser localizados - Puebla En Linea","isPartOf":{"@id":"https:\/\/pueblaenlinea.com\/2025\/#website"},"primaryImageOfPage":{"@id":"https:\/\/pueblaenlinea.com\/2025\/nota-roja\/capturan-a-8-por-desaparicion-de-trabajadores-de-la-cfe-en-huauchinango-llevan-dos-meses-sin-ser-localizados\/#primaryimage"},"image":{"@id":"https:\/\/pueblaenlinea.com\/2025\/nota-roja\/capturan-a-8-por-desaparicion-de-trabajadores-de-la-cfe-en-huauchinango-llevan-dos-meses-sin-ser-localizados\/#primaryimage"},"thumbnailUrl":"https:\/\/pueblaenlinea.com\/2025\/wp-content\/uploads\/2026\/09\/trabajadorescfehuauchi.jpg","datePublished":"2026-09-01T23:38:58+00:00","author":{"@id":"https:\/\/pueblaenlinea.com\/2025\/#\/schema\/person\/2baf91de3092c7d50fb754a48f084d7f"},"description":"Capturan a 8 por desaparici\u00f3n de trabajadores de la CFE en Huauchinango; llevan dos meses sin ser localizados Nota Roja","breadcrumb":{"@id":"https:\/\/pueblaenlinea.com\/2025\/nota-roja\/capturan-a-8-por-desaparicion-de-trabajadores-de-la-cfe-en-huauchinango-llevan-dos-meses-sin-ser-localizados\/#breadcrumb"},"inLanguage":"es","potentialAction":[{"@type":"ReadAction","target":["https:\/\/pueblaenlinea.com\/2025\/nota-roja\/capturan-a-8-por-desaparicion-de-trabajadores-de-la-cfe-en-huauchinango-llevan-dos-meses-sin-ser-localizados\/"]}]},{"@type":"ImageObject","inLanguage":"es","@id":"https:\/\/pueblaenlinea.com\/2025\/nota-roja\/capturan-a-8-por-desaparicion-de-trabajadores-de-la-cfe-en-huauchinango-llevan-dos-meses-sin-ser-localizados\/#primaryimage","url":"https:\/\/pueblaenlinea.com\/2025\/wp-content\/uploads\/2026\/09\/trabajadorescfehuauchi.jpg","contentUrl":"https:\/\/pueblaenlinea.com\/2025\/wp-content\/uploads\/2026\/09\/trabajadorescfehuauchi.jpg","width":1200,"height":674},{"@type":"BreadcrumbList","@id":"https:\/\/pueblaenlinea.com\/2025\/nota-roja\/capturan-a-8-por-desaparicion-de-trabajadores-de-la-cfe-en-huauchinango-llevan-dos-meses-sin-ser-localizados\/#breadcrumb","itemListElement":[{"@type":"ListItem","position":1,"name":"Inicio","item":"https:\/\/pueblaenlinea.com\/2025\/"},{"@type":"ListItem","position":2,"name":"Capturan a 8 por desaparici\u00f3n de trabajadores de la CFE en Huauchinango; llevan dos meses sin ser localizados"}]},{"@type":"WebSite","@id":"https:\/\/pueblaenlinea.com\/2025\/#website","url":"https:\/\/pueblaenlinea.com\/2025\/","name":"Puebla En Linea","description":"noticias de puebla, periodismo serio y comprometido.","potentialAction":[{"@type":"SearchAction","target":{"@type":"EntryPoint","urlTemplate":"https:\/\/pueblaenlinea.com\/2025\/?s={search_term_string}"},"query-input":{"@type":"PropertyValueSpecification","valueRequired":true,"valueName":"search_term_string"}}],"inLanguage":"es"},{"@type":"Person","@id":"https:\/\/pueblaenlinea.com\/2025\/#\/schema\/person\/2baf91de3092c7d50fb754a48f084d7f","name":"lupita Puebla en linea","image":{"@type":"ImageObject","inLanguage":"es","@id":"https:\/\/pueblaenlinea.com\/2025\/wp-content\/litespeed\/avatar\/c3bdb4b8e42693060df9dbf8c3f9c41d.jpg?ver=1788290860","url":"https:\/\/pueblaenlinea.com\/2025\/wp-content\/litespeed\/avatar\/c3bdb4b8e42693060df9dbf8c3f9c41d.jpg?ver=1788290860","contentUrl":"https:\/\/pueblaenlinea.com\/2025\/wp-content\/litespeed\/avatar\/c3bdb4b8e42693060df9dbf8c3f9c41d.jpg?ver=1788290860","caption":"lupita Puebla en linea"},"url":"https:\/\/pueblaenlinea.com\/2025\/author\/lupita\/"}]}},"_links":{"self":[{"href":"https:\/\/pueblaenlinea.com\/2025\/wp-json\/wp\/v2\/posts\/134746","targetHints":{"allow":["GET"]}}],"collection":[{"href":"https:\/\/pueblaenlinea.com\/2025\/wp-json\/wp\/v2\/posts"}],"about":[{"href":"https:\/\/pueblaenlinea.com\/2025\/wp-json\/wp\/v2\/types\/post"}],"author":[{"embeddable":true,"href":"https:\/\/pueblaenlinea.com\/2025\/wp-json\/wp\/v2\/users\/9"}],"replies":[{"embeddable":true,"href":"https:\/\/pueblaenlinea.com\/2025\/wp-json\/wp\/v2\/comments?post=134746"}],"version-history":[{"count":0,"href":"https:\/\/pueblaenlinea.com\/2025\/wp-json\/wp\/v2\/posts\/134746\/revisions"}],"wp:featuredmedia":[{"embeddable":true,"href":"https:\/\/pueblaenlinea.com\/2025\/wp-json\/wp\/v2\/media\/134747"}],"wp:attachment":[{"href":"https:\/\/pueblaenlinea.com\/2025\/wp-json\/wp\/v2\/media?parent=134746"}],"wp:term":[{"taxonomy":"category","embeddable":true,"href":"https:\/\/pueblaenlinea.com\/2025\/wp-json\/wp\/v2\/categories?post=134746"},{"taxonomy":"post_tag","embeddable":true,"href":"https:\/\/pueblaenlinea.com\/2025\/wp-json\/wp\/v2\/tags?post=134746"}],"curies":[{"name":"wp","href":"https:\/\/api.w.org\/{rel}","templated":true}]}}