{"id":134741,"date":"2026-09-01T17:29:27","date_gmt":"2026-09-01T23:29:27","guid":{"rendered":"https:\/\/pueblaenlinea.com\/2025\/?p=134741"},"modified":"2026-09-01T17:29:27","modified_gmt":"2026-09-01T23:29:27","slug":"ricardo-zuniga-fue-ejecutado-en-tehuitzingo-con-rafagas-de-alto-calibre","status":"publish","type":"post","link":"https:\/\/pueblaenlinea.com\/2025\/nota-roja\/ricardo-zuniga-fue-ejecutado-en-tehuitzingo-con-rafagas-de-alto-calibre\/","title":{"rendered":"Ricardo Z\u00fa\u00f1iga fue ejecutado en Tehuitzingo con r\u00e1fagas de alto calibre"},"content":{"rendered":"\n<p class=\"wp-block-paragraph\"><strong>Ricardo Z\u00fa\u00f1iga Rosas fue asesinado con armas de alto poder dentro de su negocio en Tehuitzingo. La Fiscal\u00eda de Puebla ya analiza sus publicaciones en redes sociales para determinar si las cr\u00edticas que hac\u00eda sobre obras p\u00fablicas y asuntos del ayuntamiento tienen alguna relaci\u00f3n con el ataque.<\/strong><\/p>\n\n\n\n<p class=\"wp-block-paragraph\">La escena dej\u00f3 una pregunta que todav\u00eda no tiene respuesta: <strong>\u00bfpor qu\u00e9 mataron a Ricardo Z\u00fa\u00f1iga Rosas?<\/strong><\/p>\n\n\n\n<p class=\"wp-block-paragraph\">El creador de contenido fue asesinado dentro de su propio negocio, en el municipio de <strong>Tehuitzingo<\/strong>, en un hecho que ahora es investigado por la Fiscal\u00eda General del Estado de Puebla (FGE).<\/p>\n\n\n\n<p class=\"wp-block-paragraph\">La fiscal general, <strong>Idamis Pastor Betancourt<\/strong>, confirm\u00f3 que en el lugar fueron localizados <strong>casquillos de armas de alto calibre<\/strong>, indicios que ya forman parte de la carpeta de investigaci\u00f3n.<\/p>\n\n\n\n<p class=\"wp-block-paragraph\">Pero conforme avanzaron las primeras diligencias apareci\u00f3 un elemento que modific\u00f3 el rumbo de las preguntas.<\/p>\n\n\n\n<h3 class=\"wp-block-heading\"><strong>Las redes sociales entraron a la investigaci\u00f3n<\/strong><\/h3>\n\n\n\n<p class=\"wp-block-paragraph\">Durante la primera entrevista, familiares de Ricardo Z\u00fa\u00f1iga se\u00f1alaron ante las autoridades que \u00e9l se dedicaba principalmente a tomar <strong>fotograf\u00edas y videos de eventos sociales<\/strong>.<\/p>\n\n\n\n<p class=\"wp-block-paragraph\">Sin embargo, al revisar sus perfiles en redes sociales como parte de las investigaciones, los agentes encontraron publicaciones en las que el creador de contenido realizaba <strong>cr\u00edticas relacionadas con obras p\u00fablicas y asuntos del ayuntamiento de Tehuitzingo<\/strong>.<\/p>\n\n\n\n<p class=\"wp-block-paragraph\">No significa, por ahora, que exista una relaci\u00f3n comprobada entre esas publicaciones y el homicidio.<\/p>\n\n\n\n<p class=\"wp-block-paragraph\">La propia Fiscal\u00eda analiza esa posibilidad como una de las l\u00edneas de investigaci\u00f3n para establecer qu\u00e9 pudo haber ocurrido y, sobre todo, <strong>si alguno de los temas que Ricardo cuestionaba p\u00fablicamente pudo convertirse en un motivo para el ataque<\/strong>.<\/p>\n\n\n\n<h3 class=\"wp-block-heading\"><strong>Lo que hasta ahora investiga la Fiscal\u00eda<\/strong><\/h3>\n\n\n\n<ul class=\"wp-block-list\">\n<li><strong>V\u00edctima:<\/strong> Ricardo Z\u00fa\u00f1iga Rosas, creador de contenido.<\/li>\n\n\n\n<li><strong>Lugar:<\/strong> Tehuitzingo, Puebla.<\/li>\n\n\n\n<li><strong>Escenario:<\/strong> su propio negocio.<\/li>\n\n\n\n<li><strong>Indicios:<\/strong> casquillos de armas de alto calibre.<\/li>\n\n\n\n<li><strong>L\u00ednea bajo an\u00e1lisis:<\/strong> sus publicaciones y cr\u00edticas sobre obras p\u00fablicas y asuntos del ayuntamiento.<\/li>\n\n\n\n<li><strong>Situaci\u00f3n:<\/strong> la investigaci\u00f3n contin\u00faa y no existe, hasta ahora, una causa del homicidio confirmada p\u00fablicamente.<\/li>\n<\/ul>\n\n\n\n<p class=\"wp-block-paragraph\">El caso tiene ahora dos escenarios que avanzan en paralelo: el f\u00edsico, donde los investigadores analizan los indicios bal\u00edsticos y dem\u00e1s evidencias, y el digital, donde revisan publicaciones que podr\u00edan aportar contexto sobre las actividades p\u00fablicas de la v\u00edctima.<\/p>\n\n\n\n<p class=\"wp-block-paragraph\">Si quieres seguir esta y otras notas de inter\u00e9s en tiempo real, \u00fanete a nuestro canal de WhatsApp: <a href=\"https:\/\/whatsapp.com\/channel\/0029Va5CSyuEQIalZaJWpX1h\">https:\/\/whatsapp.com\/channel\/0029Va5CSyuEQIalZaJWpX1h<\/a><\/p>\n\n\n\n<h3 class=\"wp-block-heading\"><strong>Agentes permanecen en Tehuitzingo<\/strong><\/h3>\n\n\n\n<p class=\"wp-block-paragraph\">La FGE inform\u00f3 que mantiene un grupo de <strong>agentes ministeriales en el municipio<\/strong> para continuar con las diligencias.<\/p>\n\n\n\n<p class=\"wp-block-paragraph\">El objetivo ser\u00e1 reconstruir las circunstancias del asesinato, identificar a los responsables y determinar el m\u00f3vil.<\/p>\n\n\n\n<p class=\"wp-block-paragraph\">Por ahora, cualquier conclusi\u00f3n ser\u00eda prematura. Las publicaciones de Ricardo forman parte de los elementos que la autoridad est\u00e1 revisando, pero <strong>la investigaci\u00f3n tendr\u00e1 que establecer con pruebas si existe una conexi\u00f3n real entre su actividad en redes sociales y el homicidio<\/strong>.<\/p>\n\n\n\n<p class=\"wp-block-paragraph\">En un pa\u00eds donde una publicaci\u00f3n puede recorrer miles de pantallas en cuesti\u00f3n de minutos, tambi\u00e9n puede convertirse en una pieza m\u00e1s de un expediente judicial. La diferencia est\u00e1 en saber qu\u00e9 fue una coincidencia, qu\u00e9 fue una amenaza y qu\u00e9 puede demostrarse ante un juez.<\/p>\n\n\n\n<p class=\"wp-block-paragraph\"><strong>El asesinato de Ricardo Z\u00fa\u00f1iga vuelve a colocar una pregunta inc\u00f3moda sobre la mesa: qu\u00e9 tan seguro resulta cuestionar p\u00fablicamente lo que ocurre en una comunidad cuando las palabras dejan de quedarse en una pantalla. La respuesta, sin embargo, deber\u00e1 surgir de la investigaci\u00f3n y no de la especulaci\u00f3n.<\/strong><\/p>\n\n\n\n<p class=\"wp-block-paragraph\"><strong>Escrito por Redacci\u00f3n Puebla En L\u00ednea<\/strong><\/p>\n\n\n\n<h3 class=\"wp-block-heading\"><\/h3>\n\n\n\n<ol start=\"1\" class=\"wp-block-list\">\n<li><strong>\u00bfSus cr\u00edticas tuvieron algo que ver? FGE investiga el asesinato de creador de contenido en Tehuitzingo<\/strong><\/li>\n\n\n\n<li><strong>Ricardo Z\u00fa\u00f1iga fue asesinado en su negocio: Fiscal\u00eda revisa sus publicaciones sobre el ayuntamiento<\/strong><\/li>\n\n\n\n<li><strong>Armas de alto poder y una investigaci\u00f3n abierta: qu\u00e9 se sabe del asesinato de Ricardo Z\u00fa\u00f1iga<\/strong><\/li>\n\n\n\n<li><strong>Lo que Ricardo publicaba en redes ahora forma parte de la investigaci\u00f3n por su asesinato en Tehuitzingo<\/strong><\/li>\n\n\n\n<li><strong>Asesinan a creador de contenido en Tehuitzingo; FGE busca saber si sus publicaciones fueron relevantes<\/strong><\/li>\n<\/ol>\n","protected":false},"excerpt":{"rendered":"<p>Ricardo Z\u00fa\u00f1iga Rosas fue asesinado con armas de alto poder dentro de su negocio en Tehuitzingo. La Fiscal\u00eda de Puebla ya analiza sus publicaciones en redes sociales para determinar si las cr\u00edticas que hac\u00eda sobre obras p\u00fablicas y asuntos del ayuntamiento tienen alguna relaci\u00f3n con el ataque. La escena dej\u00f3 una pregunta que todav\u00eda no&#8230;<\/p>\n","protected":false},"author":9,"featured_media":134743,"comment_status":"closed","ping_status":"closed","sticky":false,"template":"","format":"standard","meta":{"footnotes":""},"categories":[24],"tags":[1401],"class_list":["post-134741","post","type-post","status-publish","format-standard","has-post-thumbnail","hentry","category-nota-roja","tag-asesinato-puebla"],"yoast_head":"<!-- This site is optimized with the Yoast SEO plugin v28.0 - https:\/\/yoast.com\/product\/yoast-seo-wordpress\/ -->\n<title>Ricardo Z\u00fa\u00f1iga fue ejecutado en Tehuitzingo con r\u00e1fagas de alto calibre - Puebla En Linea<\/title>\n<meta name=\"description\" content=\"Ricardo Z\u00fa\u00f1iga fue ejecutado en Tehuitzingo con r\u00e1fagas de alto calibre Nota Roja\" \/>\n<meta name=\"robots\" content=\"index, follow, max-snippet:-1, max-image-preview:large, max-video-preview:-1\" \/>\n<link rel=\"canonical\" href=\"https:\/\/pueblaenlinea.com\/2025\/nota-roja\/ricardo-zuniga-fue-ejecutado-en-tehuitzingo-con-rafagas-de-alto-calibre\/\" \/>\n<meta property=\"og:locale\" content=\"es_MX\" \/>\n<meta property=\"og:type\" content=\"article\" \/>\n<meta property=\"og:title\" content=\"Ricardo Z\u00fa\u00f1iga fue ejecutado en Tehuitzingo con r\u00e1fagas de alto calibre - Puebla En Linea\" \/>\n<meta property=\"og:description\" content=\"Ricardo Z\u00fa\u00f1iga fue ejecutado en Tehuitzingo con r\u00e1fagas de alto calibre Nota Roja\" \/>\n<meta property=\"og:url\" content=\"https:\/\/pueblaenlinea.com\/2025\/nota-roja\/ricardo-zuniga-fue-ejecutado-en-tehuitzingo-con-rafagas-de-alto-calibre\/\" \/>\n<meta property=\"og:site_name\" content=\"Puebla En Linea\" \/>\n<meta property=\"article:publisher\" content=\"https:\/\/www.facebook.com\/pueblaenlineacom\" \/>\n<meta property=\"article:published_time\" content=\"2026-09-01T23:29:27+00:00\" \/>\n<meta property=\"og:image\" content=\"https:\/\/pueblaenlinea.com\/2025\/wp-content\/uploads\/2026\/09\/ricardozuniga.jpg\" \/>\n\t<meta property=\"og:image:width\" content=\"1200\" \/>\n\t<meta property=\"og:image:height\" content=\"674\" \/>\n\t<meta property=\"og:image:type\" content=\"image\/jpeg\" \/>\n<meta name=\"author\" content=\"lupita Puebla en linea\" \/>\n<meta name=\"twitter:card\" content=\"summary_large_image\" \/>\n<meta name=\"twitter:label1\" content=\"Escrito por\" \/>\n\t<meta name=\"twitter:data1\" content=\"lupita Puebla en linea\" \/>\n\t<meta name=\"twitter:label2\" content=\"Tiempo de lectura\" \/>\n\t<meta name=\"twitter:data2\" content=\"4 minutos\" \/>\n<script type=\"application\/ld+json\" class=\"yoast-schema-graph\">{\"@context\":\"https:\\\/\\\/schema.org\",\"@graph\":[{\"@type\":\"Article\",\"@id\":\"https:\\\/\\\/pueblaenlinea.com\\\/2025\\\/nota-roja\\\/ricardo-zuniga-fue-ejecutado-en-tehuitzingo-con-rafagas-de-alto-calibre\\\/#article\",\"isPartOf\":{\"@id\":\"https:\\\/\\\/pueblaenlinea.com\\\/2025\\\/nota-roja\\\/ricardo-zuniga-fue-ejecutado-en-tehuitzingo-con-rafagas-de-alto-calibre\\\/\"},\"author\":{\"name\":\"lupita Puebla en linea\",\"@id\":\"https:\\\/\\\/pueblaenlinea.com\\\/2025\\\/#\\\/schema\\\/person\\\/2baf91de3092c7d50fb754a48f084d7f\"},\"headline\":\"Ricardo Z\u00fa\u00f1iga fue ejecutado en Tehuitzingo con r\u00e1fagas de alto calibre\",\"datePublished\":\"2026-09-01T23:29:27+00:00\",\"mainEntityOfPage\":{\"@id\":\"https:\\\/\\\/pueblaenlinea.com\\\/2025\\\/nota-roja\\\/ricardo-zuniga-fue-ejecutado-en-tehuitzingo-con-rafagas-de-alto-calibre\\\/\"},\"wordCount\":719,\"image\":{\"@id\":\"https:\\\/\\\/pueblaenlinea.com\\\/2025\\\/nota-roja\\\/ricardo-zuniga-fue-ejecutado-en-tehuitzingo-con-rafagas-de-alto-calibre\\\/#primaryimage\"},\"thumbnailUrl\":\"https:\\\/\\\/pueblaenlinea.com\\\/2025\\\/wp-content\\\/uploads\\\/2026\\\/09\\\/ricardozuniga.jpg\",\"keywords\":[\"asesinato puebla\"],\"articleSection\":[\"Nota Roja\"],\"inLanguage\":\"es\"},{\"@type\":\"WebPage\",\"@id\":\"https:\\\/\\\/pueblaenlinea.com\\\/2025\\\/nota-roja\\\/ricardo-zuniga-fue-ejecutado-en-tehuitzingo-con-rafagas-de-alto-calibre\\\/\",\"url\":\"https:\\\/\\\/pueblaenlinea.com\\\/2025\\\/nota-roja\\\/ricardo-zuniga-fue-ejecutado-en-tehuitzingo-con-rafagas-de-alto-calibre\\\/\",\"name\":\"Ricardo Z\u00fa\u00f1iga fue ejecutado en Tehuitzingo con r\u00e1fagas de alto calibre - Puebla En Linea\",\"isPartOf\":{\"@id\":\"https:\\\/\\\/pueblaenlinea.com\\\/2025\\\/#website\"},\"primaryImageOfPage\":{\"@id\":\"https:\\\/\\\/pueblaenlinea.com\\\/2025\\\/nota-roja\\\/ricardo-zuniga-fue-ejecutado-en-tehuitzingo-con-rafagas-de-alto-calibre\\\/#primaryimage\"},\"image\":{\"@id\":\"https:\\\/\\\/pueblaenlinea.com\\\/2025\\\/nota-roja\\\/ricardo-zuniga-fue-ejecutado-en-tehuitzingo-con-rafagas-de-alto-calibre\\\/#primaryimage\"},\"thumbnailUrl\":\"https:\\\/\\\/pueblaenlinea.com\\\/2025\\\/wp-content\\\/uploads\\\/2026\\\/09\\\/ricardozuniga.jpg\",\"datePublished\":\"2026-09-01T23:29:27+00:00\",\"author\":{\"@id\":\"https:\\\/\\\/pueblaenlinea.com\\\/2025\\\/#\\\/schema\\\/person\\\/2baf91de3092c7d50fb754a48f084d7f\"},\"description\":\"Ricardo Z\u00fa\u00f1iga fue ejecutado en Tehuitzingo con r\u00e1fagas de alto calibre Nota Roja\",\"breadcrumb\":{\"@id\":\"https:\\\/\\\/pueblaenlinea.com\\\/2025\\\/nota-roja\\\/ricardo-zuniga-fue-ejecutado-en-tehuitzingo-con-rafagas-de-alto-calibre\\\/#breadcrumb\"},\"inLanguage\":\"es\",\"potentialAction\":[{\"@type\":\"ReadAction\",\"target\":[\"https:\\\/\\\/pueblaenlinea.com\\\/2025\\\/nota-roja\\\/ricardo-zuniga-fue-ejecutado-en-tehuitzingo-con-rafagas-de-alto-calibre\\\/\"]}]},{\"@type\":\"ImageObject\",\"inLanguage\":\"es\",\"@id\":\"https:\\\/\\\/pueblaenlinea.com\\\/2025\\\/nota-roja\\\/ricardo-zuniga-fue-ejecutado-en-tehuitzingo-con-rafagas-de-alto-calibre\\\/#primaryimage\",\"url\":\"https:\\\/\\\/pueblaenlinea.com\\\/2025\\\/wp-content\\\/uploads\\\/2026\\\/09\\\/ricardozuniga.jpg\",\"contentUrl\":\"https:\\\/\\\/pueblaenlinea.com\\\/2025\\\/wp-content\\\/uploads\\\/2026\\\/09\\\/ricardozuniga.jpg\",\"width\":1200,\"height\":674},{\"@type\":\"BreadcrumbList\",\"@id\":\"https:\\\/\\\/pueblaenlinea.com\\\/2025\\\/nota-roja\\\/ricardo-zuniga-fue-ejecutado-en-tehuitzingo-con-rafagas-de-alto-calibre\\\/#breadcrumb\",\"itemListElement\":[{\"@type\":\"ListItem\",\"position\":1,\"name\":\"Inicio\",\"item\":\"https:\\\/\\\/pueblaenlinea.com\\\/2025\\\/\"},{\"@type\":\"ListItem\",\"position\":2,\"name\":\"Ricardo Z\u00fa\u00f1iga fue ejecutado en Tehuitzingo con r\u00e1fagas de alto calibre\"}]},{\"@type\":\"WebSite\",\"@id\":\"https:\\\/\\\/pueblaenlinea.com\\\/2025\\\/#website\",\"url\":\"https:\\\/\\\/pueblaenlinea.com\\\/2025\\\/\",\"name\":\"Puebla En Linea\",\"description\":\"noticias de puebla, periodismo serio y comprometido.\",\"potentialAction\":[{\"@type\":\"SearchAction\",\"target\":{\"@type\":\"EntryPoint\",\"urlTemplate\":\"https:\\\/\\\/pueblaenlinea.com\\\/2025\\\/?s={search_term_string}\"},\"query-input\":{\"@type\":\"PropertyValueSpecification\",\"valueRequired\":true,\"valueName\":\"search_term_string\"}}],\"inLanguage\":\"es\"},{\"@type\":\"Person\",\"@id\":\"https:\\\/\\\/pueblaenlinea.com\\\/2025\\\/#\\\/schema\\\/person\\\/2baf91de3092c7d50fb754a48f084d7f\",\"name\":\"lupita Puebla en linea\",\"image\":{\"@type\":\"ImageObject\",\"inLanguage\":\"es\",\"@id\":\"https:\\\/\\\/pueblaenlinea.com\\\/2025\\\/wp-content\\\/litespeed\\\/avatar\\\/c3bdb4b8e42693060df9dbf8c3f9c41d.jpg?ver=1788290860\",\"url\":\"https:\\\/\\\/pueblaenlinea.com\\\/2025\\\/wp-content\\\/litespeed\\\/avatar\\\/c3bdb4b8e42693060df9dbf8c3f9c41d.jpg?ver=1788290860\",\"contentUrl\":\"https:\\\/\\\/pueblaenlinea.com\\\/2025\\\/wp-content\\\/litespeed\\\/avatar\\\/c3bdb4b8e42693060df9dbf8c3f9c41d.jpg?ver=1788290860\",\"caption\":\"lupita Puebla en linea\"},\"url\":\"https:\\\/\\\/pueblaenlinea.com\\\/2025\\\/author\\\/lupita\\\/\"}]}<\/script>\n<!-- \/ Yoast SEO plugin. -->","yoast_head_json":{"title":"Ricardo Z\u00fa\u00f1iga fue ejecutado en Tehuitzingo con r\u00e1fagas de alto calibre - Puebla En Linea","description":"Ricardo Z\u00fa\u00f1iga fue ejecutado en Tehuitzingo con r\u00e1fagas de alto calibre Nota Roja","robots":{"index":"index","follow":"follow","max-snippet":"max-snippet:-1","max-image-preview":"max-image-preview:large","max-video-preview":"max-video-preview:-1"},"canonical":"https:\/\/pueblaenlinea.com\/2025\/nota-roja\/ricardo-zuniga-fue-ejecutado-en-tehuitzingo-con-rafagas-de-alto-calibre\/","og_locale":"es_MX","og_type":"article","og_title":"Ricardo Z\u00fa\u00f1iga fue ejecutado en Tehuitzingo con r\u00e1fagas de alto calibre - Puebla En Linea","og_description":"Ricardo Z\u00fa\u00f1iga fue ejecutado en Tehuitzingo con r\u00e1fagas de alto calibre Nota Roja","og_url":"https:\/\/pueblaenlinea.com\/2025\/nota-roja\/ricardo-zuniga-fue-ejecutado-en-tehuitzingo-con-rafagas-de-alto-calibre\/","og_site_name":"Puebla En Linea","article_publisher":"https:\/\/www.facebook.com\/pueblaenlineacom","article_published_time":"2026-09-01T23:29:27+00:00","og_image":[{"width":1200,"height":674,"url":"https:\/\/pueblaenlinea.com\/2025\/wp-content\/uploads\/2026\/09\/ricardozuniga.jpg","type":"image\/jpeg"}],"author":"lupita Puebla en linea","twitter_card":"summary_large_image","twitter_misc":{"Escrito por":"lupita Puebla en linea","Tiempo de lectura":"4 minutos"},"schema":{"@context":"https:\/\/schema.org","@graph":[{"@type":"Article","@id":"https:\/\/pueblaenlinea.com\/2025\/nota-roja\/ricardo-zuniga-fue-ejecutado-en-tehuitzingo-con-rafagas-de-alto-calibre\/#article","isPartOf":{"@id":"https:\/\/pueblaenlinea.com\/2025\/nota-roja\/ricardo-zuniga-fue-ejecutado-en-tehuitzingo-con-rafagas-de-alto-calibre\/"},"author":{"name":"lupita Puebla en linea","@id":"https:\/\/pueblaenlinea.com\/2025\/#\/schema\/person\/2baf91de3092c7d50fb754a48f084d7f"},"headline":"Ricardo Z\u00fa\u00f1iga fue ejecutado en Tehuitzingo con r\u00e1fagas de alto calibre","datePublished":"2026-09-01T23:29:27+00:00","mainEntityOfPage":{"@id":"https:\/\/pueblaenlinea.com\/2025\/nota-roja\/ricardo-zuniga-fue-ejecutado-en-tehuitzingo-con-rafagas-de-alto-calibre\/"},"wordCount":719,"image":{"@id":"https:\/\/pueblaenlinea.com\/2025\/nota-roja\/ricardo-zuniga-fue-ejecutado-en-tehuitzingo-con-rafagas-de-alto-calibre\/#primaryimage"},"thumbnailUrl":"https:\/\/pueblaenlinea.com\/2025\/wp-content\/uploads\/2026\/09\/ricardozuniga.jpg","keywords":["asesinato puebla"],"articleSection":["Nota Roja"],"inLanguage":"es"},{"@type":"WebPage","@id":"https:\/\/pueblaenlinea.com\/2025\/nota-roja\/ricardo-zuniga-fue-ejecutado-en-tehuitzingo-con-rafagas-de-alto-calibre\/","url":"https:\/\/pueblaenlinea.com\/2025\/nota-roja\/ricardo-zuniga-fue-ejecutado-en-tehuitzingo-con-rafagas-de-alto-calibre\/","name":"Ricardo Z\u00fa\u00f1iga fue ejecutado en Tehuitzingo con r\u00e1fagas de alto calibre - Puebla En Linea","isPartOf":{"@id":"https:\/\/pueblaenlinea.com\/2025\/#website"},"primaryImageOfPage":{"@id":"https:\/\/pueblaenlinea.com\/2025\/nota-roja\/ricardo-zuniga-fue-ejecutado-en-tehuitzingo-con-rafagas-de-alto-calibre\/#primaryimage"},"image":{"@id":"https:\/\/pueblaenlinea.com\/2025\/nota-roja\/ricardo-zuniga-fue-ejecutado-en-tehuitzingo-con-rafagas-de-alto-calibre\/#primaryimage"},"thumbnailUrl":"https:\/\/pueblaenlinea.com\/2025\/wp-content\/uploads\/2026\/09\/ricardozuniga.jpg","datePublished":"2026-09-01T23:29:27+00:00","author":{"@id":"https:\/\/pueblaenlinea.com\/2025\/#\/schema\/person\/2baf91de3092c7d50fb754a48f084d7f"},"description":"Ricardo Z\u00fa\u00f1iga fue ejecutado en Tehuitzingo con r\u00e1fagas de alto calibre Nota Roja","breadcrumb":{"@id":"https:\/\/pueblaenlinea.com\/2025\/nota-roja\/ricardo-zuniga-fue-ejecutado-en-tehuitzingo-con-rafagas-de-alto-calibre\/#breadcrumb"},"inLanguage":"es","potentialAction":[{"@type":"ReadAction","target":["https:\/\/pueblaenlinea.com\/2025\/nota-roja\/ricardo-zuniga-fue-ejecutado-en-tehuitzingo-con-rafagas-de-alto-calibre\/"]}]},{"@type":"ImageObject","inLanguage":"es","@id":"https:\/\/pueblaenlinea.com\/2025\/nota-roja\/ricardo-zuniga-fue-ejecutado-en-tehuitzingo-con-rafagas-de-alto-calibre\/#primaryimage","url":"https:\/\/pueblaenlinea.com\/2025\/wp-content\/uploads\/2026\/09\/ricardozuniga.jpg","contentUrl":"https:\/\/pueblaenlinea.com\/2025\/wp-content\/uploads\/2026\/09\/ricardozuniga.jpg","width":1200,"height":674},{"@type":"BreadcrumbList","@id":"https:\/\/pueblaenlinea.com\/2025\/nota-roja\/ricardo-zuniga-fue-ejecutado-en-tehuitzingo-con-rafagas-de-alto-calibre\/#breadcrumb","itemListElement":[{"@type":"ListItem","position":1,"name":"Inicio","item":"https:\/\/pueblaenlinea.com\/2025\/"},{"@type":"ListItem","position":2,"name":"Ricardo Z\u00fa\u00f1iga fue ejecutado en Tehuitzingo con r\u00e1fagas de alto calibre"}]},{"@type":"WebSite","@id":"https:\/\/pueblaenlinea.com\/2025\/#website","url":"https:\/\/pueblaenlinea.com\/2025\/","name":"Puebla En Linea","description":"noticias de puebla, periodismo serio y comprometido.","potentialAction":[{"@type":"SearchAction","target":{"@type":"EntryPoint","urlTemplate":"https:\/\/pueblaenlinea.com\/2025\/?s={search_term_string}"},"query-input":{"@type":"PropertyValueSpecification","valueRequired":true,"valueName":"search_term_string"}}],"inLanguage":"es"},{"@type":"Person","@id":"https:\/\/pueblaenlinea.com\/2025\/#\/schema\/person\/2baf91de3092c7d50fb754a48f084d7f","name":"lupita Puebla en linea","image":{"@type":"ImageObject","inLanguage":"es","@id":"https:\/\/pueblaenlinea.com\/2025\/wp-content\/litespeed\/avatar\/c3bdb4b8e42693060df9dbf8c3f9c41d.jpg?ver=1788290860","url":"https:\/\/pueblaenlinea.com\/2025\/wp-content\/litespeed\/avatar\/c3bdb4b8e42693060df9dbf8c3f9c41d.jpg?ver=1788290860","contentUrl":"https:\/\/pueblaenlinea.com\/2025\/wp-content\/litespeed\/avatar\/c3bdb4b8e42693060df9dbf8c3f9c41d.jpg?ver=1788290860","caption":"lupita Puebla en linea"},"url":"https:\/\/pueblaenlinea.com\/2025\/author\/lupita\/"}]}},"_links":{"self":[{"href":"https:\/\/pueblaenlinea.com\/2025\/wp-json\/wp\/v2\/posts\/134741","targetHints":{"allow":["GET"]}}],"collection":[{"href":"https:\/\/pueblaenlinea.com\/2025\/wp-json\/wp\/v2\/posts"}],"about":[{"href":"https:\/\/pueblaenlinea.com\/2025\/wp-json\/wp\/v2\/types\/post"}],"author":[{"embeddable":true,"href":"https:\/\/pueblaenlinea.com\/2025\/wp-json\/wp\/v2\/users\/9"}],"replies":[{"embeddable":true,"href":"https:\/\/pueblaenlinea.com\/2025\/wp-json\/wp\/v2\/comments?post=134741"}],"version-history":[{"count":0,"href":"https:\/\/pueblaenlinea.com\/2025\/wp-json\/wp\/v2\/posts\/134741\/revisions"}],"wp:featuredmedia":[{"embeddable":true,"href":"https:\/\/pueblaenlinea.com\/2025\/wp-json\/wp\/v2\/media\/134743"}],"wp:attachment":[{"href":"https:\/\/pueblaenlinea.com\/2025\/wp-json\/wp\/v2\/media?parent=134741"}],"wp:term":[{"taxonomy":"category","embeddable":true,"href":"https:\/\/pueblaenlinea.com\/2025\/wp-json\/wp\/v2\/categories?post=134741"},{"taxonomy":"post_tag","embeddable":true,"href":"https:\/\/pueblaenlinea.com\/2025\/wp-json\/wp\/v2\/tags?post=134741"}],"curies":[{"name":"wp","href":"https:\/\/api.w.org\/{rel}","templated":true}]}}